{"id":293,"date":"2016-03-30T07:44:13","date_gmt":"2016-03-30T07:44:13","guid":{"rendered":"http:\/\/www.shqiperia.com\/blog\/?p=293"},"modified":"2016-03-30T07:44:13","modified_gmt":"2016-03-30T07:44:13","slug":"betonieret-ne-parkun-artificial-te-tiranes","status":"publish","type":"post","link":"https:\/\/www.shqiperia.com\/blog\/betonieret-ne-parkun-artificial-te-tiranes\/","title":{"rendered":"Betonieret ne Parkun Artificial te Tiranes"},"content":{"rendered":"<p>Plot 37 betoniere jane shkarkuar brenda pak ditesh ne park sipas xhirimeve te aktivisteve.<\/p>\n<p>Epo ndaj do behej e gjitha kjo ne menyre tinzare, te pershpejtuar, jo transparente, e pa konsultime paraprake.. se cili qytetar me mendje te shendetshme do e pranonte kete masaker ne te vetmin gjelberim te ngelur (?!)<\/p>\n<p>Tani qe ka material boll per te hapur syte e pare qarte, shpresohet mos te jete vone -sa pa u shfrytezuar politikisht- qe qindra qytetare te lene menjane per disa mbasdite<span class=\"text_exposed_show\"> kafenete dhe servilizmin, e te protestojne aty<br \/>\nkunder genjeshtrave e manipulimit sistematik, kunder te paligjshmes, kunder betonizimit me dhune e arrogance te tejskajshme.<\/span><\/p>\n<p><img data-recalc-dims=\"1\" loading=\"lazy\" decoding=\"async\" data-attachment-id=\"294\" data-permalink=\"https:\/\/www.shqiperia.com\/blog\/betonieret-ne-parkun-artificial-te-tiranes\/betoniere-parku\/\" data-orig-file=\"https:\/\/i0.wp.com\/www.shqiperia.com\/blog\/wp-content\/uploads\/2016\/03\/betoniere-parku.jpg?fit=960%2C720&amp;ssl=1\" data-orig-size=\"960,720\" data-comments-opened=\"1\" data-image-meta=\"{&quot;aperture&quot;:&quot;0&quot;,&quot;credit&quot;:&quot;&quot;,&quot;camera&quot;:&quot;&quot;,&quot;caption&quot;:&quot;&quot;,&quot;created_timestamp&quot;:&quot;0&quot;,&quot;copyright&quot;:&quot;&quot;,&quot;focal_length&quot;:&quot;0&quot;,&quot;iso&quot;:&quot;0&quot;,&quot;shutter_speed&quot;:&quot;0&quot;,&quot;title&quot;:&quot;&quot;,&quot;orientation&quot;:&quot;0&quot;}\" data-image-title=\"betoniere-parku\" data-image-description=\"\" data-image-caption=\"\" data-medium-file=\"https:\/\/i0.wp.com\/www.shqiperia.com\/blog\/wp-content\/uploads\/2016\/03\/betoniere-parku.jpg?fit=300%2C225&amp;ssl=1\" data-large-file=\"https:\/\/i0.wp.com\/www.shqiperia.com\/blog\/wp-content\/uploads\/2016\/03\/betoniere-parku.jpg?fit=960%2C720&amp;ssl=1\" class=\"alignnone size-full wp-image-294\" alt=\"betoniere-parku\" src=\"https:\/\/i0.wp.com\/www.shqiperia.com\/blog\/wp-content\/uploads\/2016\/03\/betoniere-parku.jpg?resize=960%2C720\" width=\"960\" height=\"720\" srcset=\"https:\/\/i0.wp.com\/www.shqiperia.com\/blog\/wp-content\/uploads\/2016\/03\/betoniere-parku.jpg?w=960&amp;ssl=1 960w, https:\/\/i0.wp.com\/www.shqiperia.com\/blog\/wp-content\/uploads\/2016\/03\/betoniere-parku.jpg?resize=300%2C225&amp;ssl=1 300w, https:\/\/i0.wp.com\/www.shqiperia.com\/blog\/wp-content\/uploads\/2016\/03\/betoniere-parku.jpg?resize=768%2C576&amp;ssl=1 768w\" sizes=\"auto, (max-width: 960px) 100vw, 960px\" \/><\/p>\n","protected":false},"excerpt":{"rendered":"<p>Plot 37 betoniere jane shkarkuar brenda pak ditesh ne park sipas xhirimeve te aktivisteve. Epo ndaj do behej e gjitha kjo ne menyre tinzare, te pershpejtuar, jo transparente, e pa konsultime paraprake.. se cili qytetar me mendje te shendetshme do e pranonte kete masaker ne te vetmin gjelberim te ngelur (?!) Tani qe ka material [&hellip;]<\/p>\n","protected":false},"author":1,"featured_media":294,"comment_status":"open","ping_status":"open","sticky":false,"template":"","format":"standard","meta":{"jetpack_post_was_ever_published":false,"_jetpack_newsletter_access":"","_jetpack_dont_email_post_to_subs":false,"_jetpack_newsletter_tier_id":0,"_jetpack_memberships_contains_paywalled_content":false,"_jetpack_memberships_contains_paid_content":false,"footnotes":"","jetpack_publicize_message":"","jetpack_publicize_feature_enabled":true,"jetpack_social_post_already_shared":true,"jetpack_social_options":{"image_generator_settings":{"template":"highway","default_image_id":0,"font":"","enabled":false},"version":2}},"categories":[27,2],"tags":[],"class_list":["post-293","post","type-post","status-publish","format-standard","has-post-thumbnail","hentry","category-blogu-i-udhetarit","category-politika"],"jetpack_publicize_connections":[],"jetpack_featured_media_url":"https:\/\/i0.wp.com\/www.shqiperia.com\/blog\/wp-content\/uploads\/2016\/03\/betoniere-parku.jpg?fit=960%2C720&ssl=1","jetpack_sharing_enabled":true,"jetpack_shortlink":"https:\/\/wp.me\/p5Z6wp-4J","jetpack-related-posts":[{"id":101551,"url":"https:\/\/www.shqiperia.com\/blog\/protestat-e-te-rinjve-po-bejne-nervoz-ramen-the-economist-revolta-e-brezit-te-ri-ne-tirane-kunder-nje-elite-qe-mburret-me-pasurine\/","url_meta":{"origin":293,"position":0},"title":"\u201cProtestat e t\u00eb rinjve po b\u00ebjn\u00eb nervoz Ram\u00ebn\u201d, The Economist: Revolta e brezit t\u00eb ri n\u00eb Tiran\u00eb, kund\u00ebr nj\u00eb elite q\u00eb mburret me pasurin\u00eb","author":"Kurt Farka","date":"June 17, 2026","format":false,"excerpt":"Revista prestigjioze britanike \u201cThe Economist\u201d i ka kushtuar nj\u00eb analiz\u00eb protestave t\u00eb fundit n\u00eb Shqip\u00ebri, q\u00eb prej 17 dit\u00ebsh k\u00ebrkojn\u00eb dor\u00ebheqjen e kryeministrit Edi Rama. \u201cThe Economist\u201d i p\u00ebrshkruan protestat si nj\u00eb l\u00ebvizje qytetare t\u00eb nxitur nga kund\u00ebrshtimi i nj\u00eb projekti luksoz turistik n\u00eb zon\u00ebn e Zv\u00ebrnecit n\u00eb Vlor\u00eb, por\u2026","rel":"","context":"In &quot;Blogu i Udh\u00ebtarit&quot;","block_context":{"text":"Blogu i Udh\u00ebtarit","link":"https:\/\/www.shqiperia.com\/blog\/category\/blogu-i-udhetarit\/"},"img":{"alt_text":"","src":"https:\/\/i0.wp.com\/www.shqiperia.com\/blog\/wp-content\/uploads\/2026\/06\/644a7925-f2ca-4755-9300-6ec3792a4d57-675x450-2.jpeg?fit=675%2C450&ssl=1&resize=350%2C200","width":350,"height":200,"srcset":"https:\/\/i0.wp.com\/www.shqiperia.com\/blog\/wp-content\/uploads\/2026\/06\/644a7925-f2ca-4755-9300-6ec3792a4d57-675x450-2.jpeg?fit=675%2C450&ssl=1&resize=350%2C200 1x, https:\/\/i0.wp.com\/www.shqiperia.com\/blog\/wp-content\/uploads\/2026\/06\/644a7925-f2ca-4755-9300-6ec3792a4d57-675x450-2.jpeg?fit=675%2C450&ssl=1&resize=525%2C300 1.5x"},"classes":[]},{"id":104631,"url":"https:\/\/www.shqiperia.com\/blog\/krijohet-komisioni-balla-viktima-e-pare-do-jete-niko-peleshi-ska-bere-statuse-kunder-protestave\/","url_meta":{"origin":293,"position":1},"title":"Krijohet komisioni \u201cBalla\u201d, \u2018viktima\u2019 e par\u00eb do jet\u00eb Niko Peleshi! &#8211; S\u2019ka b\u00ebr\u00eb statuse kund\u00ebr protestave","author":"Kurt Farka","date":"August 17, 2026","format":false,"excerpt":"17 Gusht 2026 N\u00eb konference me gazetar\u00ebt, Berisha tha se \u00ebsht\u00eb krijuar nj\u00eb struktur\u00eb q\u00eb ai e cil\u00ebsoi me ironi si \u201cKomisioni Balla\u201d. Sipas tij, ky komision po kontrollon statuset n\u00eb rrjetet sociale t\u00eb p\u00ebrfaq\u00ebsuesve t\u00eb qeveris\u00ebse, me synimin p\u00ebr t\u00eb identifikuar personat q\u00eb nuk kan\u00eb b\u00ebr\u00eb postime kund\u00ebr l\u00ebvizjes\u2026","rel":"","context":"In &quot;Blogu i Udh\u00ebtarit&quot;","block_context":{"text":"Blogu i Udh\u00ebtarit","link":"https:\/\/www.shqiperia.com\/blog\/category\/blogu-i-udhetarit\/"},"img":{"alt_text":"","src":"https:\/\/i0.wp.com\/www.shqiperia.com\/blog\/wp-content\/uploads\/2026\/08\/OIP.webp?fit=474%2C316&ssl=1&resize=350%2C200","width":350,"height":200},"classes":[]},{"id":103577,"url":"https:\/\/www.shqiperia.com\/blog\/vale-protestash-kunder-reformes-territoriale-qytetaret-dalin-edhe-ne-memaliaj-dimal-e-klos\/","url_meta":{"origin":293,"position":2},"title":"Val\u00eb protestash kund\u00ebr Reform\u00ebs Territoriale, qytetar\u00ebt dalin edhe n\u00eb Memaliaj, Dimal e Klos","author":"Kurt Farka","date":"August 1, 2026","format":false,"excerpt":"1 gusht 2026 Kund\u00ebrshtimet ndaj Reform\u00ebs s\u00eb re Territoriale t\u00eb propozuar nga Partia Socialiste po marrin p\u00ebrmasa m\u00eb t\u00eb gjera. K\u00ebt\u00eb t\u00eb premte, banor\u00ebt e Memaliajt, Dimalit dhe Klosit dol\u00ebn n\u00eb protest\u00eb kund\u00ebr ndryshimeve t\u00eb parashikuara n\u00eb hart\u00ebn e re administrativo-territoriale, nd\u00ebrsa reagime u sh\u00ebnuan edhe n\u00eb P\u00ebrrenjas, Maliq dhe\u2026","rel":"","context":"In &quot;Blogu i Udh\u00ebtarit&quot;","block_context":{"text":"Blogu i Udh\u00ebtarit","link":"https:\/\/www.shqiperia.com\/blog\/category\/blogu-i-udhetarit\/"},"img":{"alt_text":"","src":"https:\/\/i0.wp.com\/www.shqiperia.com\/blog\/wp-content\/uploads\/2026\/08\/640-0-1785518964-proteste-1785520656.jpg?fit=640%2C362&ssl=1&resize=350%2C200","width":350,"height":200,"srcset":"https:\/\/i0.wp.com\/www.shqiperia.com\/blog\/wp-content\/uploads\/2026\/08\/640-0-1785518964-proteste-1785520656.jpg?fit=640%2C362&ssl=1&resize=350%2C200 1x, https:\/\/i0.wp.com\/www.shqiperia.com\/blog\/wp-content\/uploads\/2026\/08\/640-0-1785518964-proteste-1785520656.jpg?fit=640%2C362&ssl=1&resize=525%2C300 1.5x"},"classes":[]},{"id":102845,"url":"https:\/\/www.shqiperia.com\/blog\/protesta-kunder-qeverise-qytetaret-ne-shengjin-marshojne-ne-mbeshtetje-te-tubimeve-ne-tirane\/","url_meta":{"origin":293,"position":3},"title":"Protesta kund\u00ebr qeveris\u00eb, qytetar\u00ebt n\u00eb Sh\u00ebngjin marshojn\u00eb n\u00eb mb\u00ebshtetje t\u00eb tubimeve n\u00eb Tiran\u00eb","author":"Kurt Farka","date":"July 18, 2026","format":false,"excerpt":"18 Korrik 2026 Edhe n\u00eb Sh\u00ebngjin jan\u00eb zhvilluar thirrje n\u00eb mb\u00ebshtetje t\u00eb protestave q\u00eb prej m\u00eb shum\u00eb se nj\u00eb muaji po mbahen n\u00eb kryeqytet kund\u00ebr qeveris\u00eb. Qytetar\u00eb t\u00eb mbledhur p\u00ebrgjat\u00eb sh\u00ebtitores s\u00eb qytetit kan\u00eb zhvilluar nj\u00eb marshim paq\u00ebsor, duke ftuar banor\u00ebt dhe pushuesit t\u2019u bashkohen tubimeve t\u00eb p\u00ebrditshme n\u00eb Tiran\u00eb.\u2026","rel":"","context":"In &quot;Blogu i Udh\u00ebtarit&quot;","block_context":{"text":"Blogu i Udh\u00ebtarit","link":"https:\/\/www.shqiperia.com\/blog\/category\/blogu-i-udhetarit\/"},"img":{"alt_text":"","src":"https:\/\/i0.wp.com\/www.shqiperia.com\/blog\/wp-content\/uploads\/2026\/07\/Screenshot-2026-07-17-211403.jpg?fit=829%2C452&ssl=1&resize=350%2C200","width":350,"height":200,"srcset":"https:\/\/i0.wp.com\/www.shqiperia.com\/blog\/wp-content\/uploads\/2026\/07\/Screenshot-2026-07-17-211403.jpg?fit=829%2C452&ssl=1&resize=350%2C200 1x, https:\/\/i0.wp.com\/www.shqiperia.com\/blog\/wp-content\/uploads\/2026\/07\/Screenshot-2026-07-17-211403.jpg?fit=829%2C452&ssl=1&resize=525%2C300 1.5x, https:\/\/i0.wp.com\/www.shqiperia.com\/blog\/wp-content\/uploads\/2026\/07\/Screenshot-2026-07-17-211403.jpg?fit=829%2C452&ssl=1&resize=700%2C400 2x"},"classes":[]},{"id":105084,"url":"https:\/\/www.shqiperia.com\/blog\/mediat-evropiane-rinia-shqiptare-ngrihet-kunder-regjimit-autokratik-te-rames\/","url_meta":{"origin":293,"position":4},"title":"Mediat evropiane: Rinia shqiptare ngrihet kund\u00ebr regjimit autokratik t\u00eb Ram\u00ebs","author":"Kurt Farka","date":"August 24, 2026","format":false,"excerpt":"24 Gusht 2026 Mediat n\u00eb Shqip\u00ebri e kan\u00eb kufizuar ndjesh\u00ebm raportimin p\u00ebr protestat q\u00eb po zhvillohen rregullisht prej thuajse tre muajsh p\u00ebrpara kryeministris\u00eb. Por mediat nd\u00ebrkomb\u00ebtare vazhdojn\u00eb ta ken\u00eb l\u00ebvizjen rinore qytetare n\u00eb qend\u00ebr t\u00eb v\u00ebmendjes. Gazeta franceze \u2018L\u2019Humanite\u2019 shkruan\u00a0se nga Serbia n\u00eb Shqip\u00ebri, rinia e Ballkanit po ngrihet kund\u00ebr\u2026","rel":"","context":"In &quot;Blogu i Udh\u00ebtarit&quot;","block_context":{"text":"Blogu i Udh\u00ebtarit","link":"https:\/\/www.shqiperia.com\/blog\/category\/blogu-i-udhetarit\/"},"img":{"alt_text":"","src":"https:\/\/i0.wp.com\/www.shqiperia.com\/blog\/wp-content\/uploads\/2026\/08\/770985824_3285727254921661_236673638084350325_n-3.jpg?fit=1200%2C800&ssl=1&resize=350%2C200","width":350,"height":200,"srcset":"https:\/\/i0.wp.com\/www.shqiperia.com\/blog\/wp-content\/uploads\/2026\/08\/770985824_3285727254921661_236673638084350325_n-3.jpg?fit=1200%2C800&ssl=1&resize=350%2C200 1x, https:\/\/i0.wp.com\/www.shqiperia.com\/blog\/wp-content\/uploads\/2026\/08\/770985824_3285727254921661_236673638084350325_n-3.jpg?fit=1200%2C800&ssl=1&resize=525%2C300 1.5x, https:\/\/i0.wp.com\/www.shqiperia.com\/blog\/wp-content\/uploads\/2026\/08\/770985824_3285727254921661_236673638084350325_n-3.jpg?fit=1200%2C800&ssl=1&resize=700%2C400 2x, https:\/\/i0.wp.com\/www.shqiperia.com\/blog\/wp-content\/uploads\/2026\/08\/770985824_3285727254921661_236673638084350325_n-3.jpg?fit=1200%2C800&ssl=1&resize=1050%2C600 3x"},"classes":[]},{"id":102887,"url":"https:\/\/www.shqiperia.com\/blog\/o-sot-ose-kurre-thirrja-e-te-moshuarit-ndaj-qytetareve-dilni-ne-proteste-rama-ka-punuar-kunder-popullit-te-vet\/","url_meta":{"origin":293,"position":5},"title":"\u201cO sot, ose kurr\u00eb\u201d \u2013 Thirrja e t\u00eb moshuarit ndaj qytetar\u00ebve: &#8211; Dilni n\u00eb protest\u00eb! &#8211; Rama ka punuar kund\u00ebr popullit t\u00eb vet","author":"Kurt Farka","date":"July 18, 2026","format":false,"excerpt":"18 Korrik 2026 Nj\u00eb i moshuar, q\u00eb po merr pjes\u00eb n\u00eb protest\u00ebn kund\u00ebr qeveris\u00eb, iu b\u00ebri thirrje shqiptar\u00ebve kudo q\u00eb jan\u00eb q\u00eb t\u00eb dalin n\u00eb protest\u00eb dhe t\u00eb largojn\u00eb nj\u00ebher\u00eb e mir\u00eb kryeministrin Edi Rama dhe t\u00eb gjith\u00eb klas\u00ebn politike. \u201cThirrje shqiptar\u00ebve hajdeni dilni n\u00eb protest\u00eb. Ta heqim k\u00ebt\u00eb klas\u00eb\u2026","rel":"","context":"In &quot;Blogu i Udh\u00ebtarit&quot;","block_context":{"text":"Blogu i Udh\u00ebtarit","link":"https:\/\/www.shqiperia.com\/blog\/category\/blogu-i-udhetarit\/"},"img":{"alt_text":"","src":"https:\/\/i0.wp.com\/www.shqiperia.com\/blog\/wp-content\/uploads\/2026\/07\/qytetari5-433x300-1.jpg?fit=433%2C300&ssl=1&resize=350%2C200","width":350,"height":200},"classes":[]}],"_links":{"self":[{"href":"https:\/\/www.shqiperia.com\/blog\/wp-json\/wp\/v2\/posts\/293","targetHints":{"allow":["GET"]}}],"collection":[{"href":"https:\/\/www.shqiperia.com\/blog\/wp-json\/wp\/v2\/posts"}],"about":[{"href":"https:\/\/www.shqiperia.com\/blog\/wp-json\/wp\/v2\/types\/post"}],"author":[{"embeddable":true,"href":"https:\/\/www.shqiperia.com\/blog\/wp-json\/wp\/v2\/users\/1"}],"replies":[{"embeddable":true,"href":"https:\/\/www.shqiperia.com\/blog\/wp-json\/wp\/v2\/comments?post=293"}],"version-history":[{"count":2,"href":"https:\/\/www.shqiperia.com\/blog\/wp-json\/wp\/v2\/posts\/293\/revisions"}],"predecessor-version":[{"id":296,"href":"https:\/\/www.shqiperia.com\/blog\/wp-json\/wp\/v2\/posts\/293\/revisions\/296"}],"wp:featuredmedia":[{"embeddable":true,"href":"https:\/\/www.shqiperia.com\/blog\/wp-json\/wp\/v2\/media\/294"}],"wp:attachment":[{"href":"https:\/\/www.shqiperia.com\/blog\/wp-json\/wp\/v2\/media?parent=293"}],"wp:term":[{"taxonomy":"category","embeddable":true,"href":"https:\/\/www.shqiperia.com\/blog\/wp-json\/wp\/v2\/categories?post=293"},{"taxonomy":"post_tag","embeddable":true,"href":"https:\/\/www.shqiperia.com\/blog\/wp-json\/wp\/v2\/tags?post=293"}],"curies":[{"name":"wp","href":"https:\/\/api.w.org\/{rel}","templated":true}]}}