{"id":29154,"date":"2019-12-10T22:36:08","date_gmt":"2019-12-10T22:36:08","guid":{"rendered":"https:\/\/www.shqiperia.com\/blog\/?p=29154"},"modified":"2019-12-10T22:36:08","modified_gmt":"2019-12-10T22:36:08","slug":"kengetarja-e-roxette-marie-fredriksson-vdes-ne-moshen-61-vjecare","status":"publish","type":"post","link":"https:\/\/www.shqiperia.com\/blog\/kengetarja-e-roxette-marie-fredriksson-vdes-ne-moshen-61-vjecare\/","title":{"rendered":"K\u00ebng\u00ebtarja e Roxette, Marie Fredriksson vdes n\u00eb mosh\u00ebn 61 vje\u00e7are"},"content":{"rendered":"<p>Marie Fredriksson, e njohur si k\u00ebng\u00ebtarja e Roxette ishte nj\u00eb nga z\u00ebrat m\u00eb t\u00eb njohur n\u00eb vitet 1980 dhe 90-t\u00eb. Ajo vdiq n\u00eb mosh\u00ebn 61 vje\u00e7 pas nj\u00eb s\u00ebmundjeje t\u00eb gjat\u00eb.<\/p>\n<p>Familja e saj tha n\u00eb nj\u00eb prononcim p\u00ebr Expressen, nj\u00eb gazet\u00eb n\u00eb Suedi (vendi i saj i lindjes): &#8220;Me shum\u00eb trishtim ne njoftojm\u00eb se nj\u00eb nga artist\u00ebt tan\u00eb m\u00eb t\u00eb m\u00ebdhenj dhe m\u00eb t\u00eb dashur \u00ebsht\u00eb shuar.&#8221;<\/p>\n<p>N\u00eb Shtator 2002, Fredriksson pati nj\u00eb bllokim n\u00eb banj\u00ebn e saj dhe p\u00ebsoi nj\u00eb plasaritje kafke. Nj\u00eb skanim pasues i MRI zbuloi q\u00eb ajo kishte nj\u00eb tumor n\u00eb tru, m nj\u00eb shans 25% p\u00ebr t\u00eb mbijetuar. Ajo mbijetoi, por kishte probleme sh\u00ebndet\u00ebsore si rezultat i terapis\u00eb rrezatuese. Fredriksson kendoi deri n\u00eb vitin 2016, kur ajo njoftoi pensionin e saj p\u00ebr shkak t\u00eb efekteve t\u00eb s\u00ebmundjes.<\/p>\n<p>Partneri i saj tek grupi Roxette, Per Gessle, shprehu dashurin\u00eb e tij p\u00ebr Fredriksson dhe familjen e saj dhe deklaroi: &#8220;Gj\u00ebrat nuk do t\u00eb jen\u00eb kurr\u00eb t\u00eb nj\u00ebjta.&#8221;<\/p>\n<p>Cifti, i cili u takua p\u00ebr her\u00eb t\u00eb par\u00eb n\u00eb fund t\u00eb viteve 1970, u formua n\u00eb 1986 me sugjerimin e nj\u00eb ekzekutivi t\u00eb Suedis\u00eb. Fredriksson kishte pasur nj\u00eb karrier\u00eb t\u00eb moderuar solo, nd\u00ebrsa Gessle kishte gjetur sukses me grupin e tij Gyllene Tider, i cili ishte prishur pasi e riem\u00ebruan veten Roxette.<\/p>\n","protected":false},"excerpt":{"rendered":"<p>Marie Fredriksson, e njohur si k\u00ebng\u00ebtarja e Roxette ishte nj\u00eb nga z\u00ebrat m\u00eb t\u00eb njohur n\u00eb vitet 1980 dhe 90-t\u00eb. Ajo vdiq n\u00eb mosh\u00ebn 61 vje\u00e7 pas nj\u00eb s\u00ebmundjeje t\u00eb gjat\u00eb. Familja e saj tha n\u00eb nj\u00eb prononcim p\u00ebr Expressen, nj\u00eb gazet\u00eb n\u00eb Suedi (vendi i saj i lindjes): &#8220;Me shum\u00eb trishtim ne njoftojm\u00eb se [&hellip;]<\/p>\n","protected":false},"author":1,"featured_media":29159,"comment_status":"open","ping_status":"open","sticky":false,"template":"","format":"standard","meta":{"jetpack_post_was_ever_published":false,"_jetpack_newsletter_access":"","_jetpack_dont_email_post_to_subs":false,"_jetpack_newsletter_tier_id":0,"_jetpack_memberships_contains_paywalled_content":false,"_jetpack_memberships_contains_paid_content":false,"footnotes":"","jetpack_publicize_message":"","jetpack_publicize_feature_enabled":true,"jetpack_social_post_already_shared":true,"jetpack_social_options":{"image_generator_settings":{"template":"highway","default_image_id":0,"font":"","enabled":false},"version":2}},"categories":[103],"tags":[],"class_list":["post-29154","post","type-post","status-publish","format-standard","has-post-thumbnail","hentry","category-muzika"],"jetpack_publicize_connections":[],"jetpack_featured_media_url":"https:\/\/i0.wp.com\/www.shqiperia.com\/blog\/wp-content\/uploads\/2019\/12\/Roxette_Concerto01.jpg?fit=1177%2C786&ssl=1","jetpack_sharing_enabled":true,"jetpack_shortlink":"https:\/\/wp.me\/p5Z6wp-7Ae","jetpack-related-posts":[{"id":100521,"url":"https:\/\/www.shqiperia.com\/blog\/nese-mendoni-se-nuk-po-ia-dilni-ne-jete-duhet-te-lexoni-historine-virale-te-kesaj-80-vjecareje\/","url_meta":{"origin":29154,"position":0},"title":"N\u00ebse mendoni se nuk po ia dilni n\u00eb jet\u00eb, duhet t\u00eb lexoni historin\u00eb virale t\u00eb k\u00ebsaj 80-vje\u00e7areje","author":"Kurt Farka","date":"May 21, 2026","format":false,"excerpt":"21 Maji 2026 ... Pak para se t\u00eb mbushte 80 vje\u00e7, Anna nisi t\u00eb pikturonte Nj\u00eb video e vjet\u00ebr nga Forumi i Forbes p\u00ebr Grat\u00eb n\u00eb vitin 2017 po b\u00ebhet s\u00ebrish virale n\u00eb rrjetet sociale, sidomos mes grave, p\u00ebr mesazhin e saj frym\u00ebzues mbi suksesin dhe fillimet e reja n\u00eb\u2026","rel":"","context":"In &quot;Arte&quot;","block_context":{"text":"Arte","link":"https:\/\/www.shqiperia.com\/blog\/category\/arte\/"},"img":{"alt_text":"","src":"https:\/\/i0.wp.com\/www.shqiperia.com\/blog\/wp-content\/uploads\/2026\/05\/Grandma-Moses-4-1-300x196.jpg?resize=350%2C200&ssl=1","width":350,"height":200,"srcset":"https:\/\/i0.wp.com\/www.shqiperia.com\/blog\/wp-content\/uploads\/2026\/05\/Grandma-Moses-4-1-300x196.jpg?resize=350%2C200&ssl=1 1x, https:\/\/i0.wp.com\/www.shqiperia.com\/blog\/wp-content\/uploads\/2026\/05\/Grandma-Moses-4-1-300x196.jpg?resize=525%2C300&ssl=1 1.5x, https:\/\/i0.wp.com\/www.shqiperia.com\/blog\/wp-content\/uploads\/2026\/05\/Grandma-Moses-4-1-300x196.jpg?resize=700%2C400&ssl=1 2x"},"classes":[]},{"id":103443,"url":"https:\/\/www.shqiperia.com\/blog\/nena-e-te-miturit-me-paralize-ne-bashki-me-thane-pse-ke-dale-ne-proteste-femija-nuk-te-behet-me-njeri\/","url_meta":{"origin":29154,"position":1},"title":"N\u00ebna e t\u00eb miturit me paraliz\u00eb: &#8211; N\u00eb bashki m\u00eb than\u00eb, pse ke dal\u00eb n\u00eb protest\u00eb, f\u00ebmija nuk t\u00eb b\u00ebhet m\u00eb njeri","author":"Kurt Farka","date":"July 30, 2026","format":false,"excerpt":"30 Korrik 2026 Nj\u00eb tjet\u00ebr d\u00ebshmi trondit\u00ebse e d\u00ebshtimit t\u00eb institucioneve p\u00ebr t\u2019u ardhur n\u00eb ndihm\u00eb familjeve n\u00eb nevoj\u00eb \u00ebsht\u00eb b\u00ebr\u00eb publike gjat\u00eb protest\u00ebs, ku nj\u00eb n\u00ebn\u00eb nga Rrogozhina ka rr\u00ebfyer p\u00ebrball\u00eb gazetarit Osman Stafa, dram\u00ebn e saj 10-vje\u00e7are p\u00ebr t\u00eb siguruar kujdesin minimal p\u00ebr djalin e saj me paraliz\u00eb\u2026","rel":"","context":"In &quot;Kultura&quot;","block_context":{"text":"Kultura","link":"https:\/\/www.shqiperia.com\/blog\/category\/kultura\/"},"img":{"alt_text":"","src":"https:\/\/i0.wp.com\/www.shqiperia.com\/blog\/wp-content\/uploads\/2026\/07\/auto_watermarked_file_6a6a5e7ea9a652.825111281785356069.jpeg?fit=900%2C506&ssl=1&resize=350%2C200","width":350,"height":200,"srcset":"https:\/\/i0.wp.com\/www.shqiperia.com\/blog\/wp-content\/uploads\/2026\/07\/auto_watermarked_file_6a6a5e7ea9a652.825111281785356069.jpeg?fit=900%2C506&ssl=1&resize=350%2C200 1x, https:\/\/i0.wp.com\/www.shqiperia.com\/blog\/wp-content\/uploads\/2026\/07\/auto_watermarked_file_6a6a5e7ea9a652.825111281785356069.jpeg?fit=900%2C506&ssl=1&resize=525%2C300 1.5x, https:\/\/i0.wp.com\/www.shqiperia.com\/blog\/wp-content\/uploads\/2026\/07\/auto_watermarked_file_6a6a5e7ea9a652.825111281785356069.jpeg?fit=900%2C506&ssl=1&resize=700%2C400 2x"},"classes":[]},{"id":104824,"url":"https:\/\/www.shqiperia.com\/blog\/5-figura-te-njohura-historike-qe-nuk-kane-ekzistuar\/","url_meta":{"origin":29154,"position":2},"title":"5 figura t\u00eb njohura historike q\u00eb nuk kan\u00eb ekzistuar","author":"Kurt Farka","date":"August 20, 2026","format":false,"excerpt":"20 Gusht 2026 Historia \u00ebsht\u00eb plot me figura t\u00eb famshme, fjal\u00ebt dhe veprat e t\u00eb cilave kan\u00eb jehuar nd\u00ebr shekuj. Por her\u00eb pas here, nj\u00eb personazh imagjinar futet aq thell\u00eb n\u00eb nd\u00ebrgjegjen e publikut, saq\u00eb nis t\u00eb besohet si nj\u00eb figur\u00eb reale. Ka edhe raste t\u00eb debatueshme, si mbreti Artur,\u2026","rel":"","context":"In &quot;Blogu i Udh\u00ebtarit&quot;","block_context":{"text":"Blogu i Udh\u00ebtarit","link":"https:\/\/www.shqiperia.com\/blog\/category\/blogu-i-udhetarit\/"},"img":{"alt_text":"","src":"https:\/\/i0.wp.com\/www.shqiperia.com\/blog\/wp-content\/uploads\/2026\/08\/auto_images_GettyImages_mmsport_mentalfloss_01kx0yvv60r4shtjneg81787216504.webp?fit=720%2C405&ssl=1&resize=350%2C200","width":350,"height":200,"srcset":"https:\/\/i0.wp.com\/www.shqiperia.com\/blog\/wp-content\/uploads\/2026\/08\/auto_images_GettyImages_mmsport_mentalfloss_01kx0yvv60r4shtjneg81787216504.webp?fit=720%2C405&ssl=1&resize=350%2C200 1x, https:\/\/i0.wp.com\/www.shqiperia.com\/blog\/wp-content\/uploads\/2026\/08\/auto_images_GettyImages_mmsport_mentalfloss_01kx0yvv60r4shtjneg81787216504.webp?fit=720%2C405&ssl=1&resize=525%2C300 1.5x, https:\/\/i0.wp.com\/www.shqiperia.com\/blog\/wp-content\/uploads\/2026\/08\/auto_images_GettyImages_mmsport_mentalfloss_01kx0yvv60r4shtjneg81787216504.webp?fit=720%2C405&ssl=1&resize=700%2C400 2x"},"classes":[]},{"id":103375,"url":"https:\/\/www.shqiperia.com\/blog\/nje-shekull-ne-arrati-si-u-rikthye-ne-itali-koka-e-aleksandrit-te-madh\/","url_meta":{"origin":29154,"position":3},"title":"Nj\u00eb shekull n\u00eb \u201carrati\u201d, si u rikthye n\u00eb Itali koka e Aleksandrit t\u00eb Madh","author":"Kurt Farka","date":"July 29, 2026","format":false,"excerpt":"29 Korrik 2026 Arkeologu q\u00eb e nxori nga toka, hajdut\u00ebt dhe kontrabandist\u00ebt q\u00eb e larguan fshehurazi, nj\u00eb tregtar armen arti, nj\u00eb profesor grek i arkeologjis\u00eb dhe nx\u00ebn\u00ebsi i tij, nj\u00eb sheik nga Katari dhe nj\u00eb galerist n\u00eb Manhattan. Jan\u00eb t\u00eb shumta duart q\u00eb p\u00ebrgjat\u00eb m\u00eb shum\u00eb se nj\u00eb shekulli, mbajt\u00ebn\u2026","rel":"","context":"In &quot;Blogu i Udh\u00ebtarit&quot;","block_context":{"text":"Blogu i Udh\u00ebtarit","link":"https:\/\/www.shqiperia.com\/blog\/category\/blogu-i-udhetarit\/"},"img":{"alt_text":"","src":"https:\/\/i0.wp.com\/www.shqiperia.com\/blog\/wp-content\/uploads\/2026\/07\/Aleksandri-i-Madh.jpg?fit=1024%2C577&ssl=1&resize=350%2C200","width":350,"height":200,"srcset":"https:\/\/i0.wp.com\/www.shqiperia.com\/blog\/wp-content\/uploads\/2026\/07\/Aleksandri-i-Madh.jpg?fit=1024%2C577&ssl=1&resize=350%2C200 1x, https:\/\/i0.wp.com\/www.shqiperia.com\/blog\/wp-content\/uploads\/2026\/07\/Aleksandri-i-Madh.jpg?fit=1024%2C577&ssl=1&resize=525%2C300 1.5x, https:\/\/i0.wp.com\/www.shqiperia.com\/blog\/wp-content\/uploads\/2026\/07\/Aleksandri-i-Madh.jpg?fit=1024%2C577&ssl=1&resize=700%2C400 2x"},"classes":[]},{"id":100192,"url":"https:\/\/www.shqiperia.com\/blog\/ganimete-cuka-bukuroshja-e-tiranes-qe-diktatura-e-coi-ne-vetevarje-letra-qe-la-varja-ne-litar-me-nenen-me-1967\/","url_meta":{"origin":29154,"position":4},"title":"Ganimete Cuka, bukuroshja e Tiran\u00ebs q\u00eb diktatura e \u00e7oi n\u00eb vet\u00ebvarje, letra q\u00eb la! &#8211; Varja n\u00eb litar me n\u00ebn\u00ebn m\u00eb 1967","author":"Kurt Farka","date":"May 13, 2026","format":false,"excerpt":"13 Maji 2026 Ka histori q\u00eb nuk mbeten vet\u00ebm kujtime t\u00eb err\u00ebta t\u00eb komunizmit shqiptar, por kthehen n\u00eb plag\u00eb kolektive t\u00eb nj\u00eb shoq\u00ebrie q\u00eb ende nuk ka arritur t\u00eb p\u00ebrballet plot\u00ebsisht me t\u00eb shkuar\u00ebn e saj. Historia e Ganimete Cuk\u00ebs \u00ebsht\u00eb nj\u00eb prej tyre. Nj\u00eb histori e dhimbshme, trondit\u00ebse, ku\u2026","rel":"","context":"In &quot;Blogu i Udh\u00ebtarit&quot;","block_context":{"text":"Blogu i Udh\u00ebtarit","link":"https:\/\/www.shqiperia.com\/blog\/category\/blogu-i-udhetarit\/"},"img":{"alt_text":"","src":"https:\/\/i0.wp.com\/www.shqiperia.com\/blog\/wp-content\/uploads\/2026\/05\/Ganimete-Cuka.jpg?fit=809%2C539&ssl=1&resize=350%2C200","width":350,"height":200,"srcset":"https:\/\/i0.wp.com\/www.shqiperia.com\/blog\/wp-content\/uploads\/2026\/05\/Ganimete-Cuka.jpg?fit=809%2C539&ssl=1&resize=350%2C200 1x, https:\/\/i0.wp.com\/www.shqiperia.com\/blog\/wp-content\/uploads\/2026\/05\/Ganimete-Cuka.jpg?fit=809%2C539&ssl=1&resize=525%2C300 1.5x, https:\/\/i0.wp.com\/www.shqiperia.com\/blog\/wp-content\/uploads\/2026\/05\/Ganimete-Cuka.jpg?fit=809%2C539&ssl=1&resize=700%2C400 2x"},"classes":[]},{"id":105313,"url":"https:\/\/www.shqiperia.com\/blog\/zbulohet-nje-dragua-i-vertete-ne-tajlande-merr-emrin-e-syrax-nga-house-of-the-dragon\/","url_meta":{"origin":29154,"position":5},"title":"Zbulohet nj\u00eb &#8216;dragua&#8217; i v\u00ebrtet\u00eb n\u00eb Tajland\u00eb, merr emrin e Syrax nga &#8216;House of the Dragon&#8217;","author":"Kurt Farka","date":"August 27, 2026","format":false,"excerpt":"27 Gusht 2026 Shkenc\u00ebtar\u00ebt kan\u00eb identifikuar nj\u00eb specie t\u00eb re hardhuce q\u00eb jeton n\u00eb pyjet malore t\u00eb larta t\u00eb Tajland\u00ebs per\u00ebndimore. Lloji, Acanthosaura syrax, e ka marr\u00eb emrin nga Syrax, dragoi i kal\u00ebruar nga Mbret\u00ebresha Rhaenyra Targaryen n\u00eb House of the Dragon. Acanthosaura syrax i p\u00ebrket nj\u00eb grupi hardhucash agamid\u00ebsh\u2026","rel":"","context":"In &quot;Blogu i Udh\u00ebtarit&quot;","block_context":{"text":"Blogu i Udh\u00ebtarit","link":"https:\/\/www.shqiperia.com\/blog\/category\/blogu-i-udhetarit\/"},"img":{"alt_text":"","src":"https:\/\/i0.wp.com\/www.shqiperia.com\/blog\/wp-content\/uploads\/2026\/08\/auto_acanthosaura-syrax1787588624-1.webp?fit=1200%2C675&ssl=1&resize=350%2C200","width":350,"height":200,"srcset":"https:\/\/i0.wp.com\/www.shqiperia.com\/blog\/wp-content\/uploads\/2026\/08\/auto_acanthosaura-syrax1787588624-1.webp?fit=1200%2C675&ssl=1&resize=350%2C200 1x, https:\/\/i0.wp.com\/www.shqiperia.com\/blog\/wp-content\/uploads\/2026\/08\/auto_acanthosaura-syrax1787588624-1.webp?fit=1200%2C675&ssl=1&resize=525%2C300 1.5x, https:\/\/i0.wp.com\/www.shqiperia.com\/blog\/wp-content\/uploads\/2026\/08\/auto_acanthosaura-syrax1787588624-1.webp?fit=1200%2C675&ssl=1&resize=700%2C400 2x, https:\/\/i0.wp.com\/www.shqiperia.com\/blog\/wp-content\/uploads\/2026\/08\/auto_acanthosaura-syrax1787588624-1.webp?fit=1200%2C675&ssl=1&resize=1050%2C600 3x"},"classes":[]}],"_links":{"self":[{"href":"https:\/\/www.shqiperia.com\/blog\/wp-json\/wp\/v2\/posts\/29154","targetHints":{"allow":["GET"]}}],"collection":[{"href":"https:\/\/www.shqiperia.com\/blog\/wp-json\/wp\/v2\/posts"}],"about":[{"href":"https:\/\/www.shqiperia.com\/blog\/wp-json\/wp\/v2\/types\/post"}],"author":[{"embeddable":true,"href":"https:\/\/www.shqiperia.com\/blog\/wp-json\/wp\/v2\/users\/1"}],"replies":[{"embeddable":true,"href":"https:\/\/www.shqiperia.com\/blog\/wp-json\/wp\/v2\/comments?post=29154"}],"version-history":[{"count":1,"href":"https:\/\/www.shqiperia.com\/blog\/wp-json\/wp\/v2\/posts\/29154\/revisions"}],"predecessor-version":[{"id":29160,"href":"https:\/\/www.shqiperia.com\/blog\/wp-json\/wp\/v2\/posts\/29154\/revisions\/29160"}],"wp:featuredmedia":[{"embeddable":true,"href":"https:\/\/www.shqiperia.com\/blog\/wp-json\/wp\/v2\/media\/29159"}],"wp:attachment":[{"href":"https:\/\/www.shqiperia.com\/blog\/wp-json\/wp\/v2\/media?parent=29154"}],"wp:term":[{"taxonomy":"category","embeddable":true,"href":"https:\/\/www.shqiperia.com\/blog\/wp-json\/wp\/v2\/categories?post=29154"},{"taxonomy":"post_tag","embeddable":true,"href":"https:\/\/www.shqiperia.com\/blog\/wp-json\/wp\/v2\/tags?post=29154"}],"curies":[{"name":"wp","href":"https:\/\/api.w.org\/{rel}","templated":true}]}}