{"id":29153,"date":"2019-12-10T22:31:41","date_gmt":"2019-12-10T22:31:41","guid":{"rendered":"https:\/\/www.shqiperia.com\/blog\/?p=29153"},"modified":"2019-12-10T22:31:41","modified_gmt":"2019-12-10T22:31:41","slug":"rhea-bullo-fitoi-tre-medalje-ari-ne-gara-vrapimi-ne-filipine-por-ajo-nuk-ka-kepucet-e-duhura-per-vrapim","status":"publish","type":"post","link":"https:\/\/www.shqiperia.com\/blog\/rhea-bullo-fitoi-tre-medalje-ari-ne-gara-vrapimi-ne-filipine-por-ajo-nuk-ka-kepucet-e-duhura-per-vrapim\/","title":{"rendered":"Rhea Bullo fitoi tre medalje ari ne gara vrapimi ne Filipine, por ajo nuk ka kepucet e duhura per vrapim."},"content":{"rendered":"<p><img data-recalc-dims=\"1\" loading=\"lazy\" decoding=\"async\" data-attachment-id=\"29155\" data-permalink=\"https:\/\/www.shqiperia.com\/blog\/rhea-bullo-fitoi-tre-medalje-ari-ne-gara-vrapimi-ne-filipine-por-ajo-nuk-ka-kepucet-e-duhura-per-vrapim\/79154863_10157993368672664_8743321789834199040_o\/\" data-orig-file=\"https:\/\/i0.wp.com\/www.shqiperia.com\/blog\/wp-content\/uploads\/2019\/12\/79154863_10157993368672664_8743321789834199040_o.jpg?fit=628%2C394&amp;ssl=1\" data-orig-size=\"628,394\" data-comments-opened=\"1\" data-image-meta=\"{&quot;aperture&quot;:&quot;0&quot;,&quot;credit&quot;:&quot;&quot;,&quot;camera&quot;:&quot;&quot;,&quot;caption&quot;:&quot;&quot;,&quot;created_timestamp&quot;:&quot;0&quot;,&quot;copyright&quot;:&quot;&quot;,&quot;focal_length&quot;:&quot;0&quot;,&quot;iso&quot;:&quot;0&quot;,&quot;shutter_speed&quot;:&quot;0&quot;,&quot;title&quot;:&quot;&quot;,&quot;orientation&quot;:&quot;0&quot;}\" data-image-title=\"79154863_10157993368672664_8743321789834199040_o\" data-image-description=\"\" data-image-caption=\"\" data-medium-file=\"https:\/\/i0.wp.com\/www.shqiperia.com\/blog\/wp-content\/uploads\/2019\/12\/79154863_10157993368672664_8743321789834199040_o.jpg?fit=300%2C188&amp;ssl=1\" data-large-file=\"https:\/\/i0.wp.com\/www.shqiperia.com\/blog\/wp-content\/uploads\/2019\/12\/79154863_10157993368672664_8743321789834199040_o.jpg?fit=628%2C394&amp;ssl=1\" class=\"alignnone  wp-image-29155\" alt=\"\" src=\"https:\/\/i0.wp.com\/www.shqiperia.com\/blog\/wp-content\/uploads\/2019\/12\/79154863_10157993368672664_8743321789834199040_o.jpg?resize=605%2C379&#038;ssl=1\" width=\"605\" height=\"379\" srcset=\"https:\/\/i0.wp.com\/www.shqiperia.com\/blog\/wp-content\/uploads\/2019\/12\/79154863_10157993368672664_8743321789834199040_o.jpg?resize=300%2C188&amp;ssl=1 300w, https:\/\/i0.wp.com\/www.shqiperia.com\/blog\/wp-content\/uploads\/2019\/12\/79154863_10157993368672664_8743321789834199040_o.jpg?resize=450%2C282&amp;ssl=1 450w, https:\/\/i0.wp.com\/www.shqiperia.com\/blog\/wp-content\/uploads\/2019\/12\/79154863_10157993368672664_8743321789834199040_o.jpg?resize=600%2C376&amp;ssl=1 600w, https:\/\/i0.wp.com\/www.shqiperia.com\/blog\/wp-content\/uploads\/2019\/12\/79154863_10157993368672664_8743321789834199040_o.jpg?resize=400%2C251&amp;ssl=1 400w, https:\/\/i0.wp.com\/www.shqiperia.com\/blog\/wp-content\/uploads\/2019\/12\/79154863_10157993368672664_8743321789834199040_o.jpg?w=628&amp;ssl=1 628w\" sizes=\"auto, (max-width: 605px) 100vw, 605px\" \/><\/p>\n<p>Rhea Bullo fitoi tre medalje ari ne gara vrapimi ne Filipine, por ajo nuk ka kepucet e duhura per vrapim.<\/p>\n<p>Nj\u00eb p\u00ebrdorues n\u00eb Facebook i quajtur Predirick B. Valenzuela ka ndar\u00eb fotot e nj\u00eb atlete t\u00eb re t\u00eb quajtur Rhea Bullos e cila fitoi tre medalje ari ne gara vrapi ne Filipine. E vecante eshte qe vajza fitoi megjith\u00ebse nuk ka k\u00ebpuc\u00eb t\u00eb duhura p\u00ebr vrapim.<\/p>\n<p><img data-recalc-dims=\"1\" loading=\"lazy\" decoding=\"async\" data-attachment-id=\"29156\" data-permalink=\"https:\/\/www.shqiperia.com\/blog\/rhea-bullo-fitoi-tre-medalje-ari-ne-gara-vrapimi-ne-filipine-por-ajo-nuk-ka-kepucet-e-duhura-per-vrapim\/79878788_10157993368657664_1881826812502212608_o\/\" data-orig-file=\"https:\/\/i0.wp.com\/www.shqiperia.com\/blog\/wp-content\/uploads\/2019\/12\/79878788_10157993368657664_1881826812502212608_o.jpg?fit=453%2C960&amp;ssl=1\" data-orig-size=\"453,960\" data-comments-opened=\"1\" data-image-meta=\"{&quot;aperture&quot;:&quot;0&quot;,&quot;credit&quot;:&quot;&quot;,&quot;camera&quot;:&quot;&quot;,&quot;caption&quot;:&quot;&quot;,&quot;created_timestamp&quot;:&quot;0&quot;,&quot;copyright&quot;:&quot;&quot;,&quot;focal_length&quot;:&quot;0&quot;,&quot;iso&quot;:&quot;0&quot;,&quot;shutter_speed&quot;:&quot;0&quot;,&quot;title&quot;:&quot;&quot;,&quot;orientation&quot;:&quot;0&quot;}\" data-image-title=\"79878788_10157993368657664_1881826812502212608_o\" data-image-description=\"\" data-image-caption=\"\" data-medium-file=\"https:\/\/i0.wp.com\/www.shqiperia.com\/blog\/wp-content\/uploads\/2019\/12\/79878788_10157993368657664_1881826812502212608_o.jpg?fit=142%2C300&amp;ssl=1\" data-large-file=\"https:\/\/i0.wp.com\/www.shqiperia.com\/blog\/wp-content\/uploads\/2019\/12\/79878788_10157993368657664_1881826812502212608_o.jpg?fit=453%2C960&amp;ssl=1\" class=\"alignnone  wp-image-29156\" alt=\"\" src=\"https:\/\/i0.wp.com\/www.shqiperia.com\/blog\/wp-content\/uploads\/2019\/12\/79878788_10157993368657664_1881826812502212608_o.jpg?resize=335%2C708&#038;ssl=1\" width=\"335\" height=\"708\" \/><\/p>\n<p>N\u00eb foto, shihet se Bullos ka veshur k\u00ebpuc\u00eb t\u00eb &#8216;reklamuara&#8217; si \u2018NIKE\u2019 p\u00ebr nj\u00eb gare vrapimi. Atletja fitoi tre medalje ari n\u00eb 400m ELE Girls, 800 metra vrapime Elem Girls dhe 1500m Elem Girls.<\/p>\n<p><img data-recalc-dims=\"1\" loading=\"lazy\" decoding=\"async\" data-attachment-id=\"29157\" data-permalink=\"https:\/\/www.shqiperia.com\/blog\/rhea-bullo-fitoi-tre-medalje-ari-ne-gara-vrapimi-ne-filipine-por-ajo-nuk-ka-kepucet-e-duhura-per-vrapim\/79154863_10157993368672664_8743321789834199040_o-1\/\" data-orig-file=\"https:\/\/i0.wp.com\/www.shqiperia.com\/blog\/wp-content\/uploads\/2019\/12\/79154863_10157993368672664_8743321789834199040_o-1.jpg?fit=628%2C960&amp;ssl=1\" data-orig-size=\"628,960\" data-comments-opened=\"1\" data-image-meta=\"{&quot;aperture&quot;:&quot;0&quot;,&quot;credit&quot;:&quot;&quot;,&quot;camera&quot;:&quot;&quot;,&quot;caption&quot;:&quot;&quot;,&quot;created_timestamp&quot;:&quot;0&quot;,&quot;copyright&quot;:&quot;&quot;,&quot;focal_length&quot;:&quot;0&quot;,&quot;iso&quot;:&quot;0&quot;,&quot;shutter_speed&quot;:&quot;0&quot;,&quot;title&quot;:&quot;&quot;,&quot;orientation&quot;:&quot;0&quot;}\" data-image-title=\"79154863_10157993368672664_8743321789834199040_o (1)\" data-image-description=\"\" data-image-caption=\"\" data-medium-file=\"https:\/\/i0.wp.com\/www.shqiperia.com\/blog\/wp-content\/uploads\/2019\/12\/79154863_10157993368672664_8743321789834199040_o-1.jpg?fit=196%2C300&amp;ssl=1\" data-large-file=\"https:\/\/i0.wp.com\/www.shqiperia.com\/blog\/wp-content\/uploads\/2019\/12\/79154863_10157993368672664_8743321789834199040_o-1.jpg?fit=628%2C960&amp;ssl=1\" class=\"alignnone  wp-image-29157\" alt=\"\" src=\"https:\/\/i0.wp.com\/www.shqiperia.com\/blog\/wp-content\/uploads\/2019\/12\/79154863_10157993368672664_8743321789834199040_o-1.jpg?resize=531%2C813&#038;ssl=1\" width=\"531\" height=\"813\" srcset=\"https:\/\/i0.wp.com\/www.shqiperia.com\/blog\/wp-content\/uploads\/2019\/12\/79154863_10157993368672664_8743321789834199040_o-1.jpg?resize=196%2C300&amp;ssl=1 196w, https:\/\/i0.wp.com\/www.shqiperia.com\/blog\/wp-content\/uploads\/2019\/12\/79154863_10157993368672664_8743321789834199040_o-1.jpg?resize=450%2C688&amp;ssl=1 450w, https:\/\/i0.wp.com\/www.shqiperia.com\/blog\/wp-content\/uploads\/2019\/12\/79154863_10157993368672664_8743321789834199040_o-1.jpg?resize=600%2C917&amp;ssl=1 600w, https:\/\/i0.wp.com\/www.shqiperia.com\/blog\/wp-content\/uploads\/2019\/12\/79154863_10157993368672664_8743321789834199040_o-1.jpg?resize=400%2C611&amp;ssl=1 400w, https:\/\/i0.wp.com\/www.shqiperia.com\/blog\/wp-content\/uploads\/2019\/12\/79154863_10157993368672664_8743321789834199040_o-1.jpg?w=628&amp;ssl=1 628w\" sizes=\"auto, (max-width: 531px) 100vw, 531px\" \/><\/p>\n","protected":false},"excerpt":{"rendered":"<p>Rhea Bullo fitoi tre medalje ari ne gara vrapimi ne Filipine, por ajo nuk ka kepucet e duhura per vrapim. Nj\u00eb p\u00ebrdorues n\u00eb Facebook i quajtur Predirick B. Valenzuela ka ndar\u00eb fotot e nj\u00eb atlete t\u00eb re t\u00eb quajtur Rhea Bullos e cila fitoi tre medalje ari ne gara vrapi ne Filipine. E vecante eshte [&hellip;]<\/p>\n","protected":false},"author":9,"featured_media":29155,"comment_status":"open","ping_status":"open","sticky":false,"template":"","format":"standard","meta":{"jetpack_post_was_ever_published":false,"_jetpack_newsletter_access":"","_jetpack_dont_email_post_to_subs":false,"_jetpack_newsletter_tier_id":0,"_jetpack_memberships_contains_paywalled_content":false,"_jetpack_memberships_contains_paid_content":false,"footnotes":"","jetpack_publicize_message":"","jetpack_publicize_feature_enabled":true,"jetpack_social_post_already_shared":true,"jetpack_social_options":{"image_generator_settings":{"template":"highway","default_image_id":0,"font":"","enabled":false},"version":2}},"categories":[27,14,35],"tags":[],"class_list":["post-29153","post","type-post","status-publish","format-standard","has-post-thumbnail","hentry","category-blogu-i-udhetarit","category-press-releases","category-shoqerore"],"jetpack_publicize_connections":[],"jetpack_featured_media_url":"https:\/\/i0.wp.com\/www.shqiperia.com\/blog\/wp-content\/uploads\/2019\/12\/79154863_10157993368672664_8743321789834199040_o.jpg?fit=628%2C394&ssl=1","jetpack_sharing_enabled":true,"jetpack_shortlink":"https:\/\/wp.me\/p5Z6wp-7Ad","jetpack-related-posts":[{"id":102915,"url":"https:\/\/www.shqiperia.com\/blog\/eksperti-u-abuzua-me-cmimet-koncerti-i-kanye-west-nje-autogol-per-turizmin\/","url_meta":{"origin":29153,"position":0},"title":"Eksperti: U abuzua me \u00e7mimet, koncerti i Kanye West nj\u00eb autogol p\u00ebr turizmin","author":"Kurt Farka","date":"July 19, 2026","format":false,"excerpt":"19 Korrik 2026 Eksperti i turizmit Isa Krasniqi i ftuar ne nje studio televizive teksa foli p\u00ebr koncertin e Kanye West deklaroi se organizimi dhe akomodimi ishin nj\u00eb autogol p\u00ebr turizmin n\u00eb Shqip\u00ebri pasi hotelet n\u00eb Tiran\u00eb abuzuan me \u00e7mimet dhe qeveria nuk mbrojti konsumator\u00ebt. \u201cFestivale t\u00eb tilla i duhen\u2026","rel":"","context":"In &quot;Blogu i Udh\u00ebtarit&quot;","block_context":{"text":"Blogu i Udh\u00ebtarit","link":"https:\/\/www.shqiperia.com\/blog\/category\/blogu-i-udhetarit\/"},"img":{"alt_text":"","src":"https:\/\/i0.wp.com\/www.shqiperia.com\/blog\/wp-content\/uploads\/2026\/07\/ksamil.jpg?fit=850%2C569&ssl=1&resize=350%2C200","width":350,"height":200,"srcset":"https:\/\/i0.wp.com\/www.shqiperia.com\/blog\/wp-content\/uploads\/2026\/07\/ksamil.jpg?fit=850%2C569&ssl=1&resize=350%2C200 1x, https:\/\/i0.wp.com\/www.shqiperia.com\/blog\/wp-content\/uploads\/2026\/07\/ksamil.jpg?fit=850%2C569&ssl=1&resize=525%2C300 1.5x, https:\/\/i0.wp.com\/www.shqiperia.com\/blog\/wp-content\/uploads\/2026\/07\/ksamil.jpg?fit=850%2C569&ssl=1&resize=700%2C400 2x"},"classes":[]},{"id":102752,"url":"https:\/\/www.shqiperia.com\/blog\/afera-120-mln-euro-gazeta-holandeze-skandali-i-inceneratoreve-ve-ne-pozite-te-veshtire-qeverine-e-rames\/","url_meta":{"origin":29153,"position":1},"title":"Afera 120 mln euro\/ Gazeta holandeze: Skandali i incenerator\u00ebve v\u00eb n\u00eb pozit\u00eb t\u00eb v\u00ebshtir\u00eb qeverin\u00eb e Ram\u00ebs","author":"Kurt Farka","date":"July 16, 2026","format":false,"excerpt":"16 Korrik 2026 Struktura shqiptare kund\u00ebr korrupsionit (SPAK) dyshon se dy administrator\u00eb (nj\u00ebri aktual dhe nj\u00eb ish-administrator) t\u00eb kompanis\u00eb Geogenix me seli n\u00eb Eindhoven, e njohur m\u00eb par\u00eb si Integrated Energy, kan\u00eb kryer pastrim parash dhe kan\u00eb qen\u00eb pjes\u00eb e nj\u00eb organizate kriminale. Nj\u00eb kompani bij\u00eb e k\u00ebsaj nd\u00ebrmarrjeje holandeze\u2026","rel":"","context":"In &quot;Blogu i Udh\u00ebtarit&quot;","block_context":{"text":"Blogu i Udh\u00ebtarit","link":"https:\/\/www.shqiperia.com\/blog\/category\/blogu-i-udhetarit\/"},"img":{"alt_text":"","src":"https:\/\/i0.wp.com\/www.shqiperia.com\/blog\/wp-content\/uploads\/2026\/07\/auto_mbetjet1784190294.png?fit=900%2C533&ssl=1&resize=350%2C200","width":350,"height":200,"srcset":"https:\/\/i0.wp.com\/www.shqiperia.com\/blog\/wp-content\/uploads\/2026\/07\/auto_mbetjet1784190294.png?fit=900%2C533&ssl=1&resize=350%2C200 1x, https:\/\/i0.wp.com\/www.shqiperia.com\/blog\/wp-content\/uploads\/2026\/07\/auto_mbetjet1784190294.png?fit=900%2C533&ssl=1&resize=525%2C300 1.5x, https:\/\/i0.wp.com\/www.shqiperia.com\/blog\/wp-content\/uploads\/2026\/07\/auto_mbetjet1784190294.png?fit=900%2C533&ssl=1&resize=700%2C400 2x"},"classes":[]},{"id":102382,"url":"https:\/\/www.shqiperia.com\/blog\/shqiptaret-po-mbrojne-te-drejtat-e-tyre-the-guardian-protestat-masive-po-vene-ne-pikepyetje-drejtimin-e-vendit\/","url_meta":{"origin":29153,"position":2},"title":"\u201cShqiptar\u00ebt po mbrojn\u00eb t\u00eb drejtat e tyre\u201d\/ The Guardian: &#8211; Protestat masive po v\u00ebn\u00eb n\u00eb pik\u00ebpyetje drejtimin e vendit","author":"Kurt Farka","date":"July 9, 2026","format":false,"excerpt":"9 Korrik 2026 Prestigjozja britanike The Guardian i ka kushtuar nj\u00eb artikull zhvillimeve t\u00eb fundit n\u00eb vend, t\u00eb cilat lidhen me protestat masive p\u00ebrmes s\u00eb cilave \u00ebsht\u00eb k\u00ebrkuar dor\u00ebheqja e panegociueshme e kryeministrit Edi Rama. N\u00eb shkrimin e saj theksohet se shqiptar\u00ebt jan\u00eb t\u00eb zem\u00ebruar, pasi zhvillimet luksoze multimiliarda dollar\u00ebshe\u2026","rel":"","context":"In &quot;Blogu i Udh\u00ebtarit&quot;","block_context":{"text":"Blogu i Udh\u00ebtarit","link":"https:\/\/www.shqiperia.com\/blog\/category\/blogu-i-udhetarit\/"},"img":{"alt_text":"","src":"https:\/\/i0.wp.com\/www.shqiperia.com\/blog\/wp-content\/uploads\/2026\/07\/IMG_0182.jpg.png?fit=640%2C359&ssl=1&resize=350%2C200","width":350,"height":200,"srcset":"https:\/\/i0.wp.com\/www.shqiperia.com\/blog\/wp-content\/uploads\/2026\/07\/IMG_0182.jpg.png?fit=640%2C359&ssl=1&resize=350%2C200 1x, https:\/\/i0.wp.com\/www.shqiperia.com\/blog\/wp-content\/uploads\/2026\/07\/IMG_0182.jpg.png?fit=640%2C359&ssl=1&resize=525%2C300 1.5x"},"classes":[]},{"id":100084,"url":"https:\/\/www.shqiperia.com\/blog\/negociatat-ne-2028-rama-terhiqet-nga-premtimi-kryesor-i-mandatit-te-katert\/","url_meta":{"origin":29153,"position":3},"title":"&#8216;Negociatat n\u00eb 2028&#8217;\/ Rama t\u00ebrhiqet nga premtimi kryesor i mandatit t\u00eb kat\u00ebrt","author":"Kurt Farka","date":"May 10, 2026","format":false,"excerpt":"10 Maji 2026 Pasi e p\u00ebrdori integrimin europian si premtimin kryesor t\u00eb mandatit t\u00eb kat\u00ebrt, Edi Rama u detyrua t\u00eb pranoj\u00eb shtyrjen e afateve p\u00ebr mbylljen e negociatave, nd\u00ebrsa m\u00eb par\u00eb kishte p\u00ebrg\u00ebnjeshtruar kund\u00ebrshtar\u00ebt e tij politik\u00eb. N\u00eb procesin e mundimsh\u00ebm t\u00eb negociatave me Bashkimin Europian, ka nj\u00eb moment kur\u2026","rel":"","context":"In &quot;Blogu i Udh\u00ebtarit&quot;","block_context":{"text":"Blogu i Udh\u00ebtarit","link":"https:\/\/www.shqiperia.com\/blog\/category\/blogu-i-udhetarit\/"},"img":{"alt_text":"","src":"https:\/\/i0.wp.com\/www.shqiperia.com\/blog\/wp-content\/uploads\/2026\/05\/Edi-Rama.jpg?fit=900%2C448&ssl=1&resize=350%2C200","width":350,"height":200,"srcset":"https:\/\/i0.wp.com\/www.shqiperia.com\/blog\/wp-content\/uploads\/2026\/05\/Edi-Rama.jpg?fit=900%2C448&ssl=1&resize=350%2C200 1x, https:\/\/i0.wp.com\/www.shqiperia.com\/blog\/wp-content\/uploads\/2026\/05\/Edi-Rama.jpg?fit=900%2C448&ssl=1&resize=525%2C300 1.5x, https:\/\/i0.wp.com\/www.shqiperia.com\/blog\/wp-content\/uploads\/2026\/05\/Edi-Rama.jpg?fit=900%2C448&ssl=1&resize=700%2C400 2x"},"classes":[]},{"id":103745,"url":"https:\/\/www.shqiperia.com\/blog\/histori-suksesi-sipas-edi-rames-aksh-i-eshte-nje-histori-suksesi-dhe-nje-model-qe-duhet-ndjekur-nga-europa\/","url_meta":{"origin":29153,"position":4},"title":"\u2018Histori suksesi\u2019. &#8211; Sipas Edi Ram\u00ebs, AKSH-i \u00ebsht\u00eb nj\u00eb histori suksesi dhe nj\u00eb model q\u00eb duhet ndjekur nga Europa.","author":"Kurt Farka","date":"August 4, 2026","format":false,"excerpt":"4 Gusht 2026 Nga Grigels Mu\u00e7ollari Diferenca mes propagand\u00ebs dhe realitetit \u00ebsht\u00eb b\u00ebr\u00eb nj\u00eb tipar i qeverisjes 13-vje\u00e7are t\u00eb Edi Ram\u00ebs. Premtimet dhe deklaratat e tij jan\u00eb rr\u00ebzuar vazhdimisht nga faktet. Rasti i fundit lidhet me t\u00eb shum\u00ebk\u00ebrkuarin Ermal Beqiri, nj\u00eb em\u00ebr q\u00eb sipas hetimeve t\u00eb SPAK-ut del n\u00eb qend\u00ebr\u2026","rel":"","context":"In &quot;Blogu i Udh\u00ebtarit&quot;","block_context":{"text":"Blogu i Udh\u00ebtarit","link":"https:\/\/www.shqiperia.com\/blog\/category\/blogu-i-udhetarit\/"},"img":{"alt_text":"","src":"https:\/\/i0.wp.com\/www.shqiperia.com\/blog\/wp-content\/uploads\/2026\/08\/auto_grrr1785780086.jpg?fit=900%2C635&ssl=1&resize=350%2C200","width":350,"height":200,"srcset":"https:\/\/i0.wp.com\/www.shqiperia.com\/blog\/wp-content\/uploads\/2026\/08\/auto_grrr1785780086.jpg?fit=900%2C635&ssl=1&resize=350%2C200 1x, https:\/\/i0.wp.com\/www.shqiperia.com\/blog\/wp-content\/uploads\/2026\/08\/auto_grrr1785780086.jpg?fit=900%2C635&ssl=1&resize=525%2C300 1.5x, https:\/\/i0.wp.com\/www.shqiperia.com\/blog\/wp-content\/uploads\/2026\/08\/auto_grrr1785780086.jpg?fit=900%2C635&ssl=1&resize=700%2C400 2x"},"classes":[]},{"id":103400,"url":"https:\/\/www.shqiperia.com\/blog\/ps-ka-lufte-te-brendshme-brace-ben-deklaraten-e-forte-duan-te-me-eliminojne-politikisht\/","url_meta":{"origin":29153,"position":5},"title":"\u2018PS ka luft\u00eb t\u00eb brendshme\u2019, Bra\u00e7e b\u00ebn deklarat\u00ebn e fort\u00eb: &#8211; Duan t\u00eb m\u00eb eliminojn\u00eb politikisht","author":"Kurt Farka","date":"July 29, 2026","format":false,"excerpt":"29 Korrik 2026 Erion Bra\u00e7e ka folur k\u00ebt\u00eb t\u00eb m\u00ebrkur\u00eb n\u00eb nj\u00eb emision televiziv, lidhur me debatet e brendshme n\u00eb Partin\u00eb Socialiste. Bra\u00e7e ka pranuar se n\u00eb PS ka nj\u00eb luft\u00eb t\u00eb brendshme, duke th\u00ebn\u00eb se ka persona q\u00eb duan ta eliminojn\u00eb politikisht. Bra\u00e7e: I nxjerrin mesazhet sepse kan\u00eb q\u00ebllim\u2026","rel":"","context":"In &quot;Blogu i Udh\u00ebtarit&quot;","block_context":{"text":"Blogu i Udh\u00ebtarit","link":"https:\/\/www.shqiperia.com\/blog\/category\/blogu-i-udhetarit\/"},"img":{"alt_text":"","src":"https:\/\/i0.wp.com\/www.shqiperia.com\/blog\/wp-content\/uploads\/2026\/07\/640-0-640-0-erion-brace-792-1742042302.jpg?fit=640%2C494&ssl=1&resize=350%2C200","width":350,"height":200,"srcset":"https:\/\/i0.wp.com\/www.shqiperia.com\/blog\/wp-content\/uploads\/2026\/07\/640-0-640-0-erion-brace-792-1742042302.jpg?fit=640%2C494&ssl=1&resize=350%2C200 1x, https:\/\/i0.wp.com\/www.shqiperia.com\/blog\/wp-content\/uploads\/2026\/07\/640-0-640-0-erion-brace-792-1742042302.jpg?fit=640%2C494&ssl=1&resize=525%2C300 1.5x"},"classes":[]}],"_links":{"self":[{"href":"https:\/\/www.shqiperia.com\/blog\/wp-json\/wp\/v2\/posts\/29153","targetHints":{"allow":["GET"]}}],"collection":[{"href":"https:\/\/www.shqiperia.com\/blog\/wp-json\/wp\/v2\/posts"}],"about":[{"href":"https:\/\/www.shqiperia.com\/blog\/wp-json\/wp\/v2\/types\/post"}],"author":[{"embeddable":true,"href":"https:\/\/www.shqiperia.com\/blog\/wp-json\/wp\/v2\/users\/9"}],"replies":[{"embeddable":true,"href":"https:\/\/www.shqiperia.com\/blog\/wp-json\/wp\/v2\/comments?post=29153"}],"version-history":[{"count":1,"href":"https:\/\/www.shqiperia.com\/blog\/wp-json\/wp\/v2\/posts\/29153\/revisions"}],"predecessor-version":[{"id":29158,"href":"https:\/\/www.shqiperia.com\/blog\/wp-json\/wp\/v2\/posts\/29153\/revisions\/29158"}],"wp:featuredmedia":[{"embeddable":true,"href":"https:\/\/www.shqiperia.com\/blog\/wp-json\/wp\/v2\/media\/29155"}],"wp:attachment":[{"href":"https:\/\/www.shqiperia.com\/blog\/wp-json\/wp\/v2\/media?parent=29153"}],"wp:term":[{"taxonomy":"category","embeddable":true,"href":"https:\/\/www.shqiperia.com\/blog\/wp-json\/wp\/v2\/categories?post=29153"},{"taxonomy":"post_tag","embeddable":true,"href":"https:\/\/www.shqiperia.com\/blog\/wp-json\/wp\/v2\/tags?post=29153"}],"curies":[{"name":"wp","href":"https:\/\/api.w.org\/{rel}","templated":true}]}}