{"id":29135,"date":"2019-12-10T04:31:14","date_gmt":"2019-12-10T04:31:14","guid":{"rendered":"https:\/\/www.shqiperia.com\/blog\/?p=29135"},"modified":"2019-12-10T04:31:14","modified_gmt":"2019-12-10T04:31:14","slug":"princi-charles-drejt-fronit-mbreteresha-elizabeth-drejt-pensionit","status":"publish","type":"post","link":"https:\/\/www.shqiperia.com\/blog\/princi-charles-drejt-fronit-mbreteresha-elizabeth-drejt-pensionit\/","title":{"rendered":"Princi Charles drejt fronit, mbret\u00ebresha Elizabeth drejt \u201cpensionit\u201d. &#8211;"},"content":{"rendered":"<p><img data-recalc-dims=\"1\" loading=\"lazy\" decoding=\"async\" data-attachment-id=\"29136\" data-permalink=\"https:\/\/www.shqiperia.com\/blog\/princi-charles-drejt-fronit-mbreteresha-elizabeth-drejt-pensionit\/queen-elizabeth-prince-charles-1-750x375-905x450\/\" data-orig-file=\"https:\/\/i0.wp.com\/www.shqiperia.com\/blog\/wp-content\/uploads\/2019\/12\/Queen-Elizabeth-Prince-Charles-1-750x375-905x450.jpg?fit=905%2C450&amp;ssl=1\" data-orig-size=\"905,450\" data-comments-opened=\"1\" data-image-meta=\"{&quot;aperture&quot;:&quot;0&quot;,&quot;credit&quot;:&quot;&quot;,&quot;camera&quot;:&quot;&quot;,&quot;caption&quot;:&quot;&quot;,&quot;created_timestamp&quot;:&quot;0&quot;,&quot;copyright&quot;:&quot;&quot;,&quot;focal_length&quot;:&quot;0&quot;,&quot;iso&quot;:&quot;0&quot;,&quot;shutter_speed&quot;:&quot;0&quot;,&quot;title&quot;:&quot;&quot;,&quot;orientation&quot;:&quot;0&quot;}\" data-image-title=\"Queen-Elizabeth-Prince-Charles-1-750&#215;375-905&#215;450\" data-image-description=\"\" data-image-caption=\"\" data-medium-file=\"https:\/\/i0.wp.com\/www.shqiperia.com\/blog\/wp-content\/uploads\/2019\/12\/Queen-Elizabeth-Prince-Charles-1-750x375-905x450.jpg?fit=300%2C149&amp;ssl=1\" data-large-file=\"https:\/\/i0.wp.com\/www.shqiperia.com\/blog\/wp-content\/uploads\/2019\/12\/Queen-Elizabeth-Prince-Charles-1-750x375-905x450.jpg?fit=905%2C450&amp;ssl=1\" class=\"alignnone  wp-image-29136\" alt=\"\" src=\"https:\/\/i0.wp.com\/www.shqiperia.com\/blog\/wp-content\/uploads\/2019\/12\/Queen-Elizabeth-Prince-Charles-1-750x375-905x450.jpg?resize=612%2C304&#038;ssl=1\" width=\"612\" height=\"304\" srcset=\"https:\/\/i0.wp.com\/www.shqiperia.com\/blog\/wp-content\/uploads\/2019\/12\/Queen-Elizabeth-Prince-Charles-1-750x375-905x450.jpg?resize=300%2C149&amp;ssl=1 300w, https:\/\/i0.wp.com\/www.shqiperia.com\/blog\/wp-content\/uploads\/2019\/12\/Queen-Elizabeth-Prince-Charles-1-750x375-905x450.jpg?resize=768%2C382&amp;ssl=1 768w, https:\/\/i0.wp.com\/www.shqiperia.com\/blog\/wp-content\/uploads\/2019\/12\/Queen-Elizabeth-Prince-Charles-1-750x375-905x450.jpg?resize=450%2C224&amp;ssl=1 450w, https:\/\/i0.wp.com\/www.shqiperia.com\/blog\/wp-content\/uploads\/2019\/12\/Queen-Elizabeth-Prince-Charles-1-750x375-905x450.jpg?resize=600%2C298&amp;ssl=1 600w, https:\/\/i0.wp.com\/www.shqiperia.com\/blog\/wp-content\/uploads\/2019\/12\/Queen-Elizabeth-Prince-Charles-1-750x375-905x450.jpg?resize=400%2C199&amp;ssl=1 400w, https:\/\/i0.wp.com\/www.shqiperia.com\/blog\/wp-content\/uploads\/2019\/12\/Queen-Elizabeth-Prince-Charles-1-750x375-905x450.jpg?resize=905%2C450&amp;ssl=1 905w\" sizes=\"auto, (max-width: 612px) 100vw, 612px\" \/><\/p>\n<p><strong>Princi Charles drejt fronit, mbret\u00ebresha Elizabeth drejt \u201cpensionit\u201d<\/strong><\/p>\n<p>7, dhjetor 2019<\/p>\n<p>Princi Charles i Anglis\u00eb mendon q\u00eb t\u00eb reduktoj\u00eb n\u00eb m\u00ebnyr\u00eb drastike numrin e an\u00ebtar\u00ebve t\u00eb familjes mbret\u00ebrore, aktiv n\u00eb jet\u00ebn publike, n\u00eb momentin q\u00eb do t\u00eb b\u00ebhet mbret.<\/p>\n<p>Mediat angleze shkruaj\u00eb se trash\u00ebgimtari i kuror\u00ebs mendon q\u00eb n\u00eb jet\u00ebn publike t\u00eb p\u00ebrfshihen vet\u00ebm dy djemt\u00eb e tij Wiliam dhe Harry, bashk\u00eb me bashk\u00ebshortet dhe f\u00ebmij\u00ebt tyre.<\/p>\n<p>71-vje\u00e7ari, do q\u00eb t\u00eb reduktoj\u00eb numrin e pjes\u00ebtar\u00ebve t\u00eb familjes mbret\u00ebrore n\u00eb jet\u00ebn publike, pas skandalit t\u00eb v\u00ebllait t\u00eb tij princit Andrew i cili akuzohet p\u00ebr abuzim seksual.<\/p>\n<p>Po sipas mediave, princi Charles ka zhvilluar nj\u00eb takim n\u00eb rezidenc\u00ebn e Sandringham me t\u00eb atin Philip jav\u00ebn e kaluar, gjat\u00eb s\u00eb cilit \u00ebsht\u00eb folur p\u00ebr \u201cdaljen n\u00eb pension\u201d t\u00eb mbret\u00ebresh\u00ebs gjat\u00eb 18 muajve n\u00eb vijim, kur t\u00eb ket\u00eb arritur mosh\u00ebn 95-vje\u00e7are.<\/p>\n<p>K\u00ebshtu kur Charles t\u00eb marr\u00eb fronin, do t\u00eb menaxhoj\u00eb \u00e7\u00ebshtjet familjare dhe ato zyrtare me t\u00eb cilat aktualisht merret n\u00ebna e tij, e cila pritet t\u00eb t\u00ebrhiqet nga froni.<\/p>\n<p>l.h\/ dita<\/p>\n","protected":false},"excerpt":{"rendered":"<p>Princi Charles drejt fronit, mbret\u00ebresha Elizabeth drejt \u201cpensionit\u201d 7, dhjetor 2019 Princi Charles i Anglis\u00eb mendon q\u00eb t\u00eb reduktoj\u00eb n\u00eb m\u00ebnyr\u00eb drastike numrin e an\u00ebtar\u00ebve t\u00eb familjes mbret\u00ebrore, aktiv n\u00eb jet\u00ebn publike, n\u00eb momentin q\u00eb do t\u00eb b\u00ebhet mbret. Mediat angleze shkruaj\u00eb se trash\u00ebgimtari i kuror\u00ebs mendon q\u00eb n\u00eb jet\u00ebn publike t\u00eb p\u00ebrfshihen vet\u00ebm dy [&hellip;]<\/p>\n","protected":false},"author":9,"featured_media":29136,"comment_status":"open","ping_status":"open","sticky":false,"template":"","format":"standard","meta":{"jetpack_post_was_ever_published":false,"_jetpack_newsletter_access":"","_jetpack_dont_email_post_to_subs":false,"_jetpack_newsletter_tier_id":0,"_jetpack_memberships_contains_paywalled_content":false,"_jetpack_memberships_contains_paid_content":false,"footnotes":"","jetpack_publicize_message":"","jetpack_publicize_feature_enabled":true,"jetpack_social_post_already_shared":true,"jetpack_social_options":{"image_generator_settings":{"template":"highway","default_image_id":0,"font":"","enabled":false},"version":2}},"categories":[27,35],"tags":[],"class_list":["post-29135","post","type-post","status-publish","format-standard","has-post-thumbnail","hentry","category-blogu-i-udhetarit","category-shoqerore"],"jetpack_publicize_connections":[],"jetpack_featured_media_url":"https:\/\/i0.wp.com\/www.shqiperia.com\/blog\/wp-content\/uploads\/2019\/12\/Queen-Elizabeth-Prince-Charles-1-750x375-905x450.jpg?fit=905%2C450&ssl=1","jetpack_sharing_enabled":true,"jetpack_shortlink":"https:\/\/wp.me\/p5Z6wp-7zV","jetpack-related-posts":[{"id":100145,"url":"https:\/\/www.shqiperia.com\/blog\/sekreti-i-erret-i-familjes-holandeze-zbulohet-pas-80-vitesh-piktura-e-grabitur-nga-nazistet-e-koleksionistit-hebre\/","url_meta":{"origin":29135,"position":0},"title":"Sekreti i err\u00ebt i familjes holandeze, zbulohet pas 80 vitesh piktura e grabitur nga nazist\u00ebt e koleksionistit hebre","author":"Kurt Farka","date":"May 12, 2026","format":false,"excerpt":"12 Maji 2026 Nj\u00eb piktur\u00eb e vjedhur nga nazist\u00ebt gjat\u00eb Luft\u00ebs s\u00eb Dyt\u00eb Bot\u00ebrore \u00ebsht\u00eb zbuluar n\u00eb sht\u00ebpin\u00eb e pasardh\u00ebsve t\u00eb nj\u00eb bashk\u00ebpun\u00ebtori t\u00eb njohur holandez t\u00eb regjimit nazist, duke rikthyer n\u00eb v\u00ebmendje plag\u00ebt e grabitjes s\u00eb veprave t\u00eb artit gjat\u00eb luft\u00ebs. B\u00ebhet fjal\u00eb p\u00ebr vepr\u00ebn \u201cPortreti i nj\u00eb Vajze\u2026","rel":"","context":"In &quot;Arte&quot;","block_context":{"text":"Arte","link":"https:\/\/www.shqiperia.com\/blog\/category\/arte\/"},"img":{"alt_text":"","src":"https:\/\/i0.wp.com\/www.shqiperia.com\/blog\/wp-content\/uploads\/2026\/05\/portreti.webp?fit=1024%2C576&ssl=1&resize=350%2C200","width":350,"height":200,"srcset":"https:\/\/i0.wp.com\/www.shqiperia.com\/blog\/wp-content\/uploads\/2026\/05\/portreti.webp?fit=1024%2C576&ssl=1&resize=350%2C200 1x, https:\/\/i0.wp.com\/www.shqiperia.com\/blog\/wp-content\/uploads\/2026\/05\/portreti.webp?fit=1024%2C576&ssl=1&resize=525%2C300 1.5x, https:\/\/i0.wp.com\/www.shqiperia.com\/blog\/wp-content\/uploads\/2026\/05\/portreti.webp?fit=1024%2C576&ssl=1&resize=700%2C400 2x"},"classes":[]},{"id":104977,"url":"https:\/\/www.shqiperia.com\/blog\/ditmir-bushati-hapesirat-publike-jane-privatizuar-nga-nje-grusht-njerezish\/","url_meta":{"origin":29135,"position":1},"title":"Ditmir Bushati: &#8211; Hap\u00ebsirat publike jan\u00eb \u201cprivatizuar\u201d nga nj\u00eb grusht njer\u00ebzish!","author":"Kurt Farka","date":"August 22, 2026","format":false,"excerpt":"22 Gusht 2026 Ish-ministri i Jasht\u00ebm, Ditmir Bushati ka komentuar protestat q\u00eb prej 84 dit\u00ebsh k\u00ebrkojn\u00eb dor\u00ebheqjen e Edi Ram\u00ebs, duke i cil\u00ebsuar ato si nd\u00ebr l\u00ebvizjet m\u00eb masive q\u00eb jan\u00eb par\u00eb n\u00eb vend q\u00eb prej r\u00ebnies s\u00eb komunizmit. Bushati argumentoi p\u00ebr TheNewsAgents se pas protestave q\u00ebndron nj\u00eb pak\u00ebnaq\u00ebsi shum\u00eb\u2026","rel":"","context":"In &quot;Blogu i Udh\u00ebtarit&quot;","block_context":{"text":"Blogu i Udh\u00ebtarit","link":"https:\/\/www.shqiperia.com\/blog\/category\/blogu-i-udhetarit\/"},"img":{"alt_text":"","src":"https:\/\/i0.wp.com\/www.shqiperia.com\/blog\/wp-content\/uploads\/2026\/08\/bushati.jpg?fit=799%2C498&ssl=1&resize=350%2C200","width":350,"height":200,"srcset":"https:\/\/i0.wp.com\/www.shqiperia.com\/blog\/wp-content\/uploads\/2026\/08\/bushati.jpg?fit=799%2C498&ssl=1&resize=350%2C200 1x, https:\/\/i0.wp.com\/www.shqiperia.com\/blog\/wp-content\/uploads\/2026\/08\/bushati.jpg?fit=799%2C498&ssl=1&resize=525%2C300 1.5x, https:\/\/i0.wp.com\/www.shqiperia.com\/blog\/wp-content\/uploads\/2026\/08\/bushati.jpg?fit=799%2C498&ssl=1&resize=700%2C400 2x"},"classes":[]},{"id":100582,"url":"https:\/\/www.shqiperia.com\/blog\/a-do-te-vazhdojne-te-rriten-qirate-ne-vend-eksperti-po-shkojme-drejt-nje-brezi-qe-sdo-te-bleje-kurre-nje-shtepi\/","url_meta":{"origin":29135,"position":2},"title":"A do t\u00eb vazhdojn\u00eb t\u00eb rriten qirat\u00eb n\u00eb vend? Eksperti: &#8211; Po shkojm\u00eb drejt nj\u00eb brezi q\u00eb s\u2019do t\u00eb blej\u00eb kurr\u00eb nj\u00eb sht\u00ebpi","author":"Kurt Farka","date":"May 22, 2026","format":false,"excerpt":"22 Maji 2026 Ekspoerti i ekonomis\u00eb, Ergis Sefa, i ftuar n\u00eb nje interviste televizive, ka ngritur alarmin p\u00ebr rritjen e vazhdueshme t\u00eb qirave dhe kostos s\u00eb jetes\u00ebs n\u00eb Tiran\u00eb, duke paralajm\u00ebruar se situata pritet t\u00eb r\u00ebndohet edhe m\u00eb shum\u00eb gjat\u00eb muajve t\u00eb ardhsh\u00ebm. Sipas tij, qirat\u00eb do t\u00eb vazhdojn\u00eb t\u00eb\u2026","rel":"","context":"In &quot;Blogu i Udh\u00ebtarit&quot;","block_context":{"text":"Blogu i Udh\u00ebtarit","link":"https:\/\/www.shqiperia.com\/blog\/category\/blogu-i-udhetarit\/"},"img":{"alt_text":"","src":"https:\/\/i0.wp.com\/www.shqiperia.com\/blog\/wp-content\/uploads\/2026\/05\/ergis-sefa.jpg?fit=900%2C570&ssl=1&resize=350%2C200","width":350,"height":200,"srcset":"https:\/\/i0.wp.com\/www.shqiperia.com\/blog\/wp-content\/uploads\/2026\/05\/ergis-sefa.jpg?fit=900%2C570&ssl=1&resize=350%2C200 1x, https:\/\/i0.wp.com\/www.shqiperia.com\/blog\/wp-content\/uploads\/2026\/05\/ergis-sefa.jpg?fit=900%2C570&ssl=1&resize=525%2C300 1.5x, https:\/\/i0.wp.com\/www.shqiperia.com\/blog\/wp-content\/uploads\/2026\/05\/ergis-sefa.jpg?fit=900%2C570&ssl=1&resize=700%2C400 2x"},"classes":[]},{"id":103281,"url":"https:\/\/www.shqiperia.com\/blog\/rruga-rrezikon-shtepine-rreshqitja-e-tokes-ka-alarmuar-te-moshuaren-qe-jeton-e-vetme-ne-gjirokaster\/","url_meta":{"origin":29135,"position":3},"title":"Rruga rrezikon sht\u00ebpin\u00eb, rr\u00ebshqitja e tok\u00ebs ka alarmuar t\u00eb moshuar\u00ebn q\u00eb jeton e vetme n\u00eb Gjirokast\u00ebr","author":"Kurt Farka","date":"July 27, 2026","format":false,"excerpt":"27 Korrik 2026 Posht\u00eb Kalas\u00eb s\u00eb Argjiros, n\u00eb zem\u00ebr t\u00eb qytetit muze t\u00eb Gjirokastr\u00ebs, Robert dhe Vasilika Arseni, n\u00ebn\u00eb e bir, jetojn\u00eb \u00e7do dit\u00eb me frik\u00ebn se sht\u00ebpia e tyre mund t\u00eb rrezikohet nga shembja e murit mbajt\u00ebs t\u00eb rrug\u00ebs. B\u00ebhet fjal\u00eb p\u00ebr rrug\u00ebn e njohur nga banor\u00ebt si \u201cRruga\u2026","rel":"","context":"In &quot;Blogu i Udh\u00ebtarit&quot;","block_context":{"text":"Blogu i Udh\u00ebtarit","link":"https:\/\/www.shqiperia.com\/blog\/category\/blogu-i-udhetarit\/"},"img":{"alt_text":"","src":"https:\/\/i0.wp.com\/www.shqiperia.com\/blog\/wp-content\/uploads\/2026\/07\/rruga_sd-800x450-1.webp?fit=800%2C450&ssl=1&resize=350%2C200","width":350,"height":200,"srcset":"https:\/\/i0.wp.com\/www.shqiperia.com\/blog\/wp-content\/uploads\/2026\/07\/rruga_sd-800x450-1.webp?fit=800%2C450&ssl=1&resize=350%2C200 1x, https:\/\/i0.wp.com\/www.shqiperia.com\/blog\/wp-content\/uploads\/2026\/07\/rruga_sd-800x450-1.webp?fit=800%2C450&ssl=1&resize=525%2C300 1.5x, https:\/\/i0.wp.com\/www.shqiperia.com\/blog\/wp-content\/uploads\/2026\/07\/rruga_sd-800x450-1.webp?fit=800%2C450&ssl=1&resize=700%2C400 2x"},"classes":[]},{"id":105250,"url":"https:\/\/www.shqiperia.com\/blog\/mbreteresha-nubiane-qe-i-beri-balle-ushtrise-se-cezarit\/","url_meta":{"origin":29135,"position":4},"title":"Mbret\u00ebresha nubiane q\u00eb i b\u00ebri ball\u00eb ushtris\u00eb s\u00eb Cezarit","author":"Kurt Farka","date":"August 26, 2026","format":false,"excerpt":"26 Gusht 2026 Nga viti 25 deri n\u00eb vitin 21 para Krishtit, Amanirenas, mbret\u00ebresha ose Kandake e Mbret\u00ebris\u00eb s\u00eb Kushit, arriti t\u00eb b\u00ebnte at\u00eb q\u00eb shum\u00eb udh\u00ebheq\u00ebs meshkuj t\u00eb koh\u00ebs s\u00eb saj nuk mund\u00ebn ta b\u00ebnin: t\u00eb zmbrapste nj\u00eb pushtim romak. N\u00ebn komand\u00ebn e mbret\u00ebresh\u00ebs Amanirenas, rreth 30,000 ushtar\u00eb t\u00eb\u2026","rel":"","context":"In &quot;Blogu i Udh\u00ebtarit&quot;","block_context":{"text":"Blogu i Udh\u00ebtarit","link":"https:\/\/www.shqiperia.com\/blog\/category\/blogu-i-udhetarit\/"},"img":{"alt_text":"","src":"https:\/\/i0.wp.com\/www.shqiperia.com\/blog\/wp-content\/uploads\/2026\/08\/lion-temples-1024x768-1.jpg?fit=1023%2C664&ssl=1&resize=350%2C200","width":350,"height":200,"srcset":"https:\/\/i0.wp.com\/www.shqiperia.com\/blog\/wp-content\/uploads\/2026\/08\/lion-temples-1024x768-1.jpg?fit=1023%2C664&ssl=1&resize=350%2C200 1x, https:\/\/i0.wp.com\/www.shqiperia.com\/blog\/wp-content\/uploads\/2026\/08\/lion-temples-1024x768-1.jpg?fit=1023%2C664&ssl=1&resize=525%2C300 1.5x, https:\/\/i0.wp.com\/www.shqiperia.com\/blog\/wp-content\/uploads\/2026\/08\/lion-temples-1024x768-1.jpg?fit=1023%2C664&ssl=1&resize=700%2C400 2x"},"classes":[]},{"id":100104,"url":"https:\/\/www.shqiperia.com\/blog\/arbereshet-e-sicilise-kerkojne-linja-te-drejtperdrejta-ajrore-me-tiranen-dhe-prishtinen\/","url_meta":{"origin":29135,"position":5},"title":"Arb\u00ebresh\u00ebt e Si\u00e7ilis\u00eb k\u00ebrkojn\u00eb linja t\u00eb drejtp\u00ebrdrejta ajrore me Tiran\u00ebn dhe Prishtin\u00ebn","author":"Kurt Farka","date":"May 11, 2026","format":false,"excerpt":"11 Maji 2026 Nga G\u00ebzim Kabashi Arb\u00ebresh\u00ebt e Si\u00e7ilis\u00eb synojn\u00eb turizmin shqiptar me festa dhe tradita shekullore. N\u00eb p\u00ebrpjekje p\u00ebr t\u00eb t\u00ebrhequr m\u00eb shum\u00eb vizitor\u00eb nga Shqip\u00ebria dhe Kosova, qytezat arb\u00ebreshe pran\u00eb Palermos po investojn\u00eb n\u00eb aktivitete kulturore gjat\u00eb gjith\u00eb vitit dhe po k\u00ebrkojn\u00eb linja t\u00eb drejtp\u00ebrdrejta ajrore me Tiran\u00ebn\u2026","rel":"","context":"In &quot;Blogu i Udh\u00ebtarit&quot;","block_context":{"text":"Blogu i Udh\u00ebtarit","link":"https:\/\/www.shqiperia.com\/blog\/category\/blogu-i-udhetarit\/"},"img":{"alt_text":"","src":"https:\/\/i0.wp.com\/www.shqiperia.com\/blog\/wp-content\/uploads\/2026\/05\/PHOTO-2026-05-09-09-52-55-1140x858-1.jpg?fit=1140%2C858&ssl=1&resize=350%2C200","width":350,"height":200,"srcset":"https:\/\/i0.wp.com\/www.shqiperia.com\/blog\/wp-content\/uploads\/2026\/05\/PHOTO-2026-05-09-09-52-55-1140x858-1.jpg?fit=1140%2C858&ssl=1&resize=350%2C200 1x, https:\/\/i0.wp.com\/www.shqiperia.com\/blog\/wp-content\/uploads\/2026\/05\/PHOTO-2026-05-09-09-52-55-1140x858-1.jpg?fit=1140%2C858&ssl=1&resize=525%2C300 1.5x, https:\/\/i0.wp.com\/www.shqiperia.com\/blog\/wp-content\/uploads\/2026\/05\/PHOTO-2026-05-09-09-52-55-1140x858-1.jpg?fit=1140%2C858&ssl=1&resize=700%2C400 2x, https:\/\/i0.wp.com\/www.shqiperia.com\/blog\/wp-content\/uploads\/2026\/05\/PHOTO-2026-05-09-09-52-55-1140x858-1.jpg?fit=1140%2C858&ssl=1&resize=1050%2C600 3x"},"classes":[]}],"_links":{"self":[{"href":"https:\/\/www.shqiperia.com\/blog\/wp-json\/wp\/v2\/posts\/29135","targetHints":{"allow":["GET"]}}],"collection":[{"href":"https:\/\/www.shqiperia.com\/blog\/wp-json\/wp\/v2\/posts"}],"about":[{"href":"https:\/\/www.shqiperia.com\/blog\/wp-json\/wp\/v2\/types\/post"}],"author":[{"embeddable":true,"href":"https:\/\/www.shqiperia.com\/blog\/wp-json\/wp\/v2\/users\/9"}],"replies":[{"embeddable":true,"href":"https:\/\/www.shqiperia.com\/blog\/wp-json\/wp\/v2\/comments?post=29135"}],"version-history":[{"count":1,"href":"https:\/\/www.shqiperia.com\/blog\/wp-json\/wp\/v2\/posts\/29135\/revisions"}],"predecessor-version":[{"id":29137,"href":"https:\/\/www.shqiperia.com\/blog\/wp-json\/wp\/v2\/posts\/29135\/revisions\/29137"}],"wp:featuredmedia":[{"embeddable":true,"href":"https:\/\/www.shqiperia.com\/blog\/wp-json\/wp\/v2\/media\/29136"}],"wp:attachment":[{"href":"https:\/\/www.shqiperia.com\/blog\/wp-json\/wp\/v2\/media?parent=29135"}],"wp:term":[{"taxonomy":"category","embeddable":true,"href":"https:\/\/www.shqiperia.com\/blog\/wp-json\/wp\/v2\/categories?post=29135"},{"taxonomy":"post_tag","embeddable":true,"href":"https:\/\/www.shqiperia.com\/blog\/wp-json\/wp\/v2\/tags?post=29135"}],"curies":[{"name":"wp","href":"https:\/\/api.w.org\/{rel}","templated":true}]}}