{"id":29121,"date":"2019-12-10T00:59:02","date_gmt":"2019-12-10T00:59:02","guid":{"rendered":"https:\/\/www.shqiperia.com\/blog\/?p=29121"},"modified":"2019-12-10T00:59:02","modified_gmt":"2019-12-10T00:59:02","slug":"rilindja-te-ben-per-te-qeshur-edhe-kur-te-le-te-vdesesh","status":"publish","type":"post","link":"https:\/\/www.shqiperia.com\/blog\/rilindja-te-ben-per-te-qeshur-edhe-kur-te-le-te-vdesesh\/","title":{"rendered":"Rilindja t\u00eb b\u00ebn p\u00ebr t\u00eb qeshur edhe kur t\u00eb l\u00eb t\u00eb vdes\u00ebsh"},"content":{"rendered":"<p><img data-recalc-dims=\"1\" loading=\"lazy\" decoding=\"async\" data-attachment-id=\"29122\" data-permalink=\"https:\/\/www.shqiperia.com\/blog\/rilindja-te-ben-per-te-qeshur-edhe-kur-te-le-te-vdesesh\/auto_auto_78032551_10215550774190289_2670930944659030016_n_115750632801575474287\/\" data-orig-file=\"https:\/\/i0.wp.com\/www.shqiperia.com\/blog\/wp-content\/uploads\/2019\/12\/auto_auto_78032551_10215550774190289_2670930944659030016_n_115750632801575474287.jpg?fit=900%2C464&amp;ssl=1\" data-orig-size=\"900,464\" data-comments-opened=\"1\" data-image-meta=\"{&quot;aperture&quot;:&quot;0&quot;,&quot;credit&quot;:&quot;&quot;,&quot;camera&quot;:&quot;&quot;,&quot;caption&quot;:&quot;&quot;,&quot;created_timestamp&quot;:&quot;0&quot;,&quot;copyright&quot;:&quot;&quot;,&quot;focal_length&quot;:&quot;0&quot;,&quot;iso&quot;:&quot;0&quot;,&quot;shutter_speed&quot;:&quot;0&quot;,&quot;title&quot;:&quot;&quot;,&quot;orientation&quot;:&quot;0&quot;}\" data-image-title=\"auto_auto_78032551_10215550774190289_2670930944659030016_n_115750632801575474287\" data-image-description=\"\" data-image-caption=\"\" data-medium-file=\"https:\/\/i0.wp.com\/www.shqiperia.com\/blog\/wp-content\/uploads\/2019\/12\/auto_auto_78032551_10215550774190289_2670930944659030016_n_115750632801575474287.jpg?fit=300%2C155&amp;ssl=1\" data-large-file=\"https:\/\/i0.wp.com\/www.shqiperia.com\/blog\/wp-content\/uploads\/2019\/12\/auto_auto_78032551_10215550774190289_2670930944659030016_n_115750632801575474287.jpg?fit=900%2C464&amp;ssl=1\" class=\"alignnone  wp-image-29122\" alt=\"\" src=\"https:\/\/i0.wp.com\/www.shqiperia.com\/blog\/wp-content\/uploads\/2019\/12\/auto_auto_78032551_10215550774190289_2670930944659030016_n_115750632801575474287.jpg?resize=439%2C227&#038;ssl=1\" width=\"439\" height=\"227\" srcset=\"https:\/\/i0.wp.com\/www.shqiperia.com\/blog\/wp-content\/uploads\/2019\/12\/auto_auto_78032551_10215550774190289_2670930944659030016_n_115750632801575474287.jpg?resize=300%2C155&amp;ssl=1 300w, https:\/\/i0.wp.com\/www.shqiperia.com\/blog\/wp-content\/uploads\/2019\/12\/auto_auto_78032551_10215550774190289_2670930944659030016_n_115750632801575474287.jpg?resize=768%2C396&amp;ssl=1 768w, https:\/\/i0.wp.com\/www.shqiperia.com\/blog\/wp-content\/uploads\/2019\/12\/auto_auto_78032551_10215550774190289_2670930944659030016_n_115750632801575474287.jpg?resize=450%2C232&amp;ssl=1 450w, https:\/\/i0.wp.com\/www.shqiperia.com\/blog\/wp-content\/uploads\/2019\/12\/auto_auto_78032551_10215550774190289_2670930944659030016_n_115750632801575474287.jpg?resize=600%2C309&amp;ssl=1 600w, https:\/\/i0.wp.com\/www.shqiperia.com\/blog\/wp-content\/uploads\/2019\/12\/auto_auto_78032551_10215550774190289_2670930944659030016_n_115750632801575474287.jpg?resize=400%2C206&amp;ssl=1 400w, https:\/\/i0.wp.com\/www.shqiperia.com\/blog\/wp-content\/uploads\/2019\/12\/auto_auto_78032551_10215550774190289_2670930944659030016_n_115750632801575474287.jpg?w=900&amp;ssl=1 900w\" sizes=\"auto, (max-width: 439px) 100vw, 439px\" \/><\/p>\n<p><strong>Rilindja t\u00eb b\u00ebn p\u00ebr t\u00eb qeshur edhe kur t\u00eb l\u00eb t\u00eb vdes\u00ebsh<\/strong><\/p>\n<p><strong>Nga Andi Bushati<\/strong><\/p>\n<p>T\u00ebrmeti i 26 n\u00ebntorit nuk ishte nj\u00eb test p\u00ebr sh\u00ebndetin mendor t\u00eb Ilir Met\u00ebs ashtu sikurse na u paraqit p\u00ebr muaj me radh\u00eb, por prova se rilindja e shtetit, jo vet\u00ebm ka d\u00ebshtuar, por gjith\u00e7ka \u00ebsht\u00eb n\u00eb pik\u00ebn m\u00eb t\u00eb err\u00ebt. Si prov\u00eb p\u00ebr k\u00ebt\u00eb mund t\u00eb merret paralajm\u00ebrimi q\u00eb kreu i shtetit i b\u00ebri kryeministit dhe institucioneve t\u00eb tjera, p\u00ebr t\u00eb par\u00eb gadishm\u00ebrin\u00eb e vendit p\u00ebr t\u00eb p\u00ebrballuar fatkeq\u00ebsit\u00eb nayrore.<\/p>\n<p><img data-recalc-dims=\"1\" loading=\"lazy\" decoding=\"async\" data-attachment-id=\"29123\" data-permalink=\"https:\/\/www.shqiperia.com\/blog\/rilindja-te-ben-per-te-qeshur-edhe-kur-te-le-te-vdesesh\/auto_mea-termet-21575474268-copy\/\" data-orig-file=\"https:\/\/i0.wp.com\/www.shqiperia.com\/blog\/wp-content\/uploads\/2019\/12\/auto_mea-termet-21575474268-Copy.jpg?fit=900%2C786&amp;ssl=1\" data-orig-size=\"900,786\" data-comments-opened=\"1\" data-image-meta=\"{&quot;aperture&quot;:&quot;0&quot;,&quot;credit&quot;:&quot;&quot;,&quot;camera&quot;:&quot;&quot;,&quot;caption&quot;:&quot;&quot;,&quot;created_timestamp&quot;:&quot;0&quot;,&quot;copyright&quot;:&quot;&quot;,&quot;focal_length&quot;:&quot;0&quot;,&quot;iso&quot;:&quot;0&quot;,&quot;shutter_speed&quot;:&quot;0&quot;,&quot;title&quot;:&quot;&quot;,&quot;orientation&quot;:&quot;0&quot;}\" data-image-title=\"auto_mea-termet-21575474268 &#8211; Copy\" data-image-description=\"\" data-image-caption=\"\" data-medium-file=\"https:\/\/i0.wp.com\/www.shqiperia.com\/blog\/wp-content\/uploads\/2019\/12\/auto_mea-termet-21575474268-Copy.jpg?fit=300%2C262&amp;ssl=1\" data-large-file=\"https:\/\/i0.wp.com\/www.shqiperia.com\/blog\/wp-content\/uploads\/2019\/12\/auto_mea-termet-21575474268-Copy.jpg?fit=900%2C786&amp;ssl=1\" class=\"alignnone  wp-image-29123\" alt=\"\" src=\"https:\/\/i0.wp.com\/www.shqiperia.com\/blog\/wp-content\/uploads\/2019\/12\/auto_mea-termet-21575474268-Copy.jpg?resize=595%2C520&#038;ssl=1\" width=\"595\" height=\"520\" srcset=\"https:\/\/i0.wp.com\/www.shqiperia.com\/blog\/wp-content\/uploads\/2019\/12\/auto_mea-termet-21575474268-Copy.jpg?resize=300%2C262&amp;ssl=1 300w, https:\/\/i0.wp.com\/www.shqiperia.com\/blog\/wp-content\/uploads\/2019\/12\/auto_mea-termet-21575474268-Copy.jpg?resize=768%2C671&amp;ssl=1 768w, https:\/\/i0.wp.com\/www.shqiperia.com\/blog\/wp-content\/uploads\/2019\/12\/auto_mea-termet-21575474268-Copy.jpg?resize=450%2C393&amp;ssl=1 450w, https:\/\/i0.wp.com\/www.shqiperia.com\/blog\/wp-content\/uploads\/2019\/12\/auto_mea-termet-21575474268-Copy.jpg?resize=600%2C524&amp;ssl=1 600w, https:\/\/i0.wp.com\/www.shqiperia.com\/blog\/wp-content\/uploads\/2019\/12\/auto_mea-termet-21575474268-Copy.jpg?resize=400%2C349&amp;ssl=1 400w, https:\/\/i0.wp.com\/www.shqiperia.com\/blog\/wp-content\/uploads\/2019\/12\/auto_mea-termet-21575474268-Copy.jpg?w=900&amp;ssl=1 900w\" sizes=\"auto, (max-width: 595px) 100vw, 595px\" \/><\/p>\n<p>Por \u00e7far\u00eb ndodhi me ngritjen e k\u00ebtij shqet\u00ebsimi? Ashtu si \u00e7do problem t\u00eb madh, Rama e pa me syrin e nj\u00eb kllouni. Meq\u00eb ishe koha e sherrit p\u00ebr dekretimin e zgjedhjeve t\u00eb 30 qershorit ai tha n\u00eb nj\u00eb intervist\u00eb: \u201cMeta e ka kollaj, nxjerr nj\u00eb dekret dhe e anullon t\u00ebrmetin\u201d.<\/p>\n<p><img data-recalc-dims=\"1\" loading=\"lazy\" decoding=\"async\" data-attachment-id=\"29124\" data-permalink=\"https:\/\/www.shqiperia.com\/blog\/rilindja-te-ben-per-te-qeshur-edhe-kur-te-le-te-vdesesh\/auto_auto_78032551_10215550774190289_2670930944659030016_n_115750632801575474287-copy\/\" data-orig-file=\"https:\/\/i0.wp.com\/www.shqiperia.com\/blog\/wp-content\/uploads\/2019\/12\/auto_auto_78032551_10215550774190289_2670930944659030016_n_115750632801575474287-Copy.jpg?fit=900%2C638&amp;ssl=1\" data-orig-size=\"900,638\" data-comments-opened=\"1\" data-image-meta=\"{&quot;aperture&quot;:&quot;0&quot;,&quot;credit&quot;:&quot;&quot;,&quot;camera&quot;:&quot;&quot;,&quot;caption&quot;:&quot;&quot;,&quot;created_timestamp&quot;:&quot;0&quot;,&quot;copyright&quot;:&quot;&quot;,&quot;focal_length&quot;:&quot;0&quot;,&quot;iso&quot;:&quot;0&quot;,&quot;shutter_speed&quot;:&quot;0&quot;,&quot;title&quot;:&quot;&quot;,&quot;orientation&quot;:&quot;0&quot;}\" data-image-title=\"auto_auto_78032551_10215550774190289_2670930944659030016_n_115750632801575474287 &#8211; Copy\" data-image-description=\"\" data-image-caption=\"\" data-medium-file=\"https:\/\/i0.wp.com\/www.shqiperia.com\/blog\/wp-content\/uploads\/2019\/12\/auto_auto_78032551_10215550774190289_2670930944659030016_n_115750632801575474287-Copy.jpg?fit=300%2C213&amp;ssl=1\" data-large-file=\"https:\/\/i0.wp.com\/www.shqiperia.com\/blog\/wp-content\/uploads\/2019\/12\/auto_auto_78032551_10215550774190289_2670930944659030016_n_115750632801575474287-Copy.jpg?fit=900%2C638&amp;ssl=1\" class=\"alignnone  wp-image-29124\" alt=\"\" src=\"https:\/\/i0.wp.com\/www.shqiperia.com\/blog\/wp-content\/uploads\/2019\/12\/auto_auto_78032551_10215550774190289_2670930944659030016_n_115750632801575474287-Copy.jpg?resize=694%2C493&#038;ssl=1\" width=\"694\" height=\"493\" srcset=\"https:\/\/i0.wp.com\/www.shqiperia.com\/blog\/wp-content\/uploads\/2019\/12\/auto_auto_78032551_10215550774190289_2670930944659030016_n_115750632801575474287-Copy.jpg?resize=300%2C213&amp;ssl=1 300w, https:\/\/i0.wp.com\/www.shqiperia.com\/blog\/wp-content\/uploads\/2019\/12\/auto_auto_78032551_10215550774190289_2670930944659030016_n_115750632801575474287-Copy.jpg?resize=768%2C544&amp;ssl=1 768w, https:\/\/i0.wp.com\/www.shqiperia.com\/blog\/wp-content\/uploads\/2019\/12\/auto_auto_78032551_10215550774190289_2670930944659030016_n_115750632801575474287-Copy.jpg?resize=450%2C319&amp;ssl=1 450w, https:\/\/i0.wp.com\/www.shqiperia.com\/blog\/wp-content\/uploads\/2019\/12\/auto_auto_78032551_10215550774190289_2670930944659030016_n_115750632801575474287-Copy.jpg?resize=600%2C425&amp;ssl=1 600w, https:\/\/i0.wp.com\/www.shqiperia.com\/blog\/wp-content\/uploads\/2019\/12\/auto_auto_78032551_10215550774190289_2670930944659030016_n_115750632801575474287-Copy.jpg?resize=400%2C284&amp;ssl=1 400w, https:\/\/i0.wp.com\/www.shqiperia.com\/blog\/wp-content\/uploads\/2019\/12\/auto_auto_78032551_10215550774190289_2670930944659030016_n_115750632801575474287-Copy.jpg?w=900&amp;ssl=1 900w\" sizes=\"auto, (max-width: 694px) 100vw, 694px\" \/><\/p>\n<p>N\u00eb disa fjalime me radh\u00eb ai e trajtoi presidentin si nj\u00eb t\u00eb luajtur mendsh, ashtu sikurse ia donte politika e dit\u00ebs. Edhe me larg shkoi si gjithmon\u00eb Elisa Spiropali. Qesharake n\u00eb kopjimet pa fantazi, sikurse di t\u00eb jet\u00eb vet\u00ebm ajo, edhe Mamica e Sk\u00ebnderbeut iu lut baba Xhikes ta shtynte t\u00ebrmetin me dekret.<\/p>\n<p><img data-recalc-dims=\"1\" loading=\"lazy\" decoding=\"async\" data-attachment-id=\"29125\" data-permalink=\"https:\/\/www.shqiperia.com\/blog\/rilindja-te-ben-per-te-qeshur-edhe-kur-te-le-te-vdesesh\/bushati-dhe-rama-3\/\" data-orig-file=\"https:\/\/i0.wp.com\/www.shqiperia.com\/blog\/wp-content\/uploads\/2019\/12\/bushati-dhe-rama-.jpg?fit=621%2C334&amp;ssl=1\" data-orig-size=\"621,334\" data-comments-opened=\"1\" data-image-meta=\"{&quot;aperture&quot;:&quot;0&quot;,&quot;credit&quot;:&quot;&quot;,&quot;camera&quot;:&quot;&quot;,&quot;caption&quot;:&quot;&quot;,&quot;created_timestamp&quot;:&quot;0&quot;,&quot;copyright&quot;:&quot;&quot;,&quot;focal_length&quot;:&quot;0&quot;,&quot;iso&quot;:&quot;0&quot;,&quot;shutter_speed&quot;:&quot;0&quot;,&quot;title&quot;:&quot;&quot;,&quot;orientation&quot;:&quot;0&quot;}\" data-image-title=\"bushati-dhe-rama-\" data-image-description=\"\" data-image-caption=\"\" data-medium-file=\"https:\/\/i0.wp.com\/www.shqiperia.com\/blog\/wp-content\/uploads\/2019\/12\/bushati-dhe-rama-.jpg?fit=300%2C161&amp;ssl=1\" data-large-file=\"https:\/\/i0.wp.com\/www.shqiperia.com\/blog\/wp-content\/uploads\/2019\/12\/bushati-dhe-rama-.jpg?fit=621%2C334&amp;ssl=1\" class=\"alignnone  wp-image-29125\" alt=\"\" src=\"https:\/\/i0.wp.com\/www.shqiperia.com\/blog\/wp-content\/uploads\/2019\/12\/bushati-dhe-rama-.jpg?resize=743%2C399&#038;ssl=1\" width=\"743\" height=\"399\" srcset=\"https:\/\/i0.wp.com\/www.shqiperia.com\/blog\/wp-content\/uploads\/2019\/12\/bushati-dhe-rama-.jpg?resize=300%2C161&amp;ssl=1 300w, https:\/\/i0.wp.com\/www.shqiperia.com\/blog\/wp-content\/uploads\/2019\/12\/bushati-dhe-rama-.jpg?resize=450%2C242&amp;ssl=1 450w, https:\/\/i0.wp.com\/www.shqiperia.com\/blog\/wp-content\/uploads\/2019\/12\/bushati-dhe-rama-.jpg?resize=600%2C323&amp;ssl=1 600w, https:\/\/i0.wp.com\/www.shqiperia.com\/blog\/wp-content\/uploads\/2019\/12\/bushati-dhe-rama-.jpg?resize=400%2C215&amp;ssl=1 400w, https:\/\/i0.wp.com\/www.shqiperia.com\/blog\/wp-content\/uploads\/2019\/12\/bushati-dhe-rama-.jpg?w=621&amp;ssl=1 621w\" sizes=\"auto, (max-width: 743px) 100vw, 743px\" \/><\/p>\n","protected":false},"excerpt":{"rendered":"<p>Rilindja t\u00eb b\u00ebn p\u00ebr t\u00eb qeshur edhe kur t\u00eb l\u00eb t\u00eb vdes\u00ebsh Nga Andi Bushati T\u00ebrmeti i 26 n\u00ebntorit nuk ishte nj\u00eb test p\u00ebr sh\u00ebndetin mendor t\u00eb Ilir Met\u00ebs ashtu sikurse na u paraqit p\u00ebr muaj me radh\u00eb, por prova se rilindja e shtetit, jo vet\u00ebm ka d\u00ebshtuar, por gjith\u00e7ka \u00ebsht\u00eb n\u00eb pik\u00ebn m\u00eb t\u00eb [&hellip;]<\/p>\n","protected":false},"author":9,"featured_media":29122,"comment_status":"open","ping_status":"open","sticky":false,"template":"","format":"standard","meta":{"jetpack_post_was_ever_published":false,"_jetpack_newsletter_access":"","_jetpack_dont_email_post_to_subs":false,"_jetpack_newsletter_tier_id":0,"_jetpack_memberships_contains_paywalled_content":false,"_jetpack_memberships_contains_paid_content":false,"footnotes":"","jetpack_publicize_message":"","jetpack_publicize_feature_enabled":true,"jetpack_social_post_already_shared":true,"jetpack_social_options":{"image_generator_settings":{"template":"highway","default_image_id":0,"font":"","enabled":false},"version":2}},"categories":[14,35],"tags":[],"class_list":["post-29121","post","type-post","status-publish","format-standard","has-post-thumbnail","hentry","category-press-releases","category-shoqerore"],"jetpack_publicize_connections":[],"jetpack_featured_media_url":"https:\/\/i0.wp.com\/www.shqiperia.com\/blog\/wp-content\/uploads\/2019\/12\/auto_auto_78032551_10215550774190289_2670930944659030016_n_115750632801575474287.jpg?fit=900%2C464&ssl=1","jetpack_sharing_enabled":true,"jetpack_shortlink":"https:\/\/wp.me\/p5Z6wp-7zH","jetpack-related-posts":[{"id":102488,"url":"https:\/\/www.shqiperia.com\/blog\/rilindja-urbane-2-0-shoqata-e-bashkive-dhe-e-te-zgjedhurve-vendore-kunder-rames-nuk-duam-fasada-kerkojme-decentralizim-real\/","url_meta":{"origin":29121,"position":0},"title":"\u2018Rilindja Urbane 2.0\u2019\/ Shoqata e Bashkive dhe e t\u00eb Zgjedhurve Vendor\u00eb kund\u00ebr Ram\u00ebs: &#8211; Nuk duam fasada, k\u00ebrkojm\u00eb decentralizim real","author":"Kurt Farka","date":"July 10, 2026","format":false,"excerpt":"10 Korrik 2026 Shoqata e Bashkive dhe e t\u00eb Zgjedhurve Vendor\u00eb ka dal\u00eb kund\u00ebr programit t\u00eb prezantuar nga kryeministri Edi Rama, \u2018Rilindja Urbane 2.0\u2019, duke e cil\u00ebsuar si nj\u00eb tjet\u00ebr p\u00ebrpjekje p\u00ebr centralizimin e pushtetit vendor dhe dob\u00ebsimin e autonomis\u00eb s\u00eb bashkive. N\u00eb nj\u00eb deklarat\u00eb publike, shoqata, e drejtuar nga\u2026","rel":"","context":"In &quot;Blogu i Udh\u00ebtarit&quot;","block_context":{"text":"Blogu i Udh\u00ebtarit","link":"https:\/\/www.shqiperia.com\/blog\/category\/blogu-i-udhetarit\/"},"img":{"alt_text":"","src":"https:\/\/i0.wp.com\/www.shqiperia.com\/blog\/wp-content\/uploads\/2026\/07\/auto_467701108_122095890464653154_239931253014940458_n1783707031.jpg?fit=900%2C675&ssl=1&resize=350%2C200","width":350,"height":200,"srcset":"https:\/\/i0.wp.com\/www.shqiperia.com\/blog\/wp-content\/uploads\/2026\/07\/auto_467701108_122095890464653154_239931253014940458_n1783707031.jpg?fit=900%2C675&ssl=1&resize=350%2C200 1x, https:\/\/i0.wp.com\/www.shqiperia.com\/blog\/wp-content\/uploads\/2026\/07\/auto_467701108_122095890464653154_239931253014940458_n1783707031.jpg?fit=900%2C675&ssl=1&resize=525%2C300 1.5x, https:\/\/i0.wp.com\/www.shqiperia.com\/blog\/wp-content\/uploads\/2026\/07\/auto_467701108_122095890464653154_239931253014940458_n1783707031.jpg?fit=900%2C675&ssl=1&resize=700%2C400 2x"},"classes":[]},{"id":100625,"url":"https:\/\/www.shqiperia.com\/blog\/5-pyetje-per-bujar-kapexhiun\/","url_meta":{"origin":29121,"position":1},"title":"5 PYETJE P\u00cbR BUJAR KAPEXHIUN","author":"Kurt Farka","date":"May 25, 2026","format":false,"excerpt":"25 Maji 2026 Nga Agim Xhafka 1-Berisha u rizgjodh kryetar i PD, por nuk pati rival\u00eb. Pse? -Arsyen ta sqaroj un\u00eb, por qysh n\u00eb fillim them nuk do ta besoni. Nga q\u00eb \u00ebsht\u00eb kaq e ve\u00e7ant\u00eb sa nuk ka ndodhur n\u00eb asnj\u00eb vend t\u00eb bot\u00ebs n\u00eb partit\u00eb simotra,siv\u00ebllez\u00ebr apo sikunata.\u2026","rel":"","context":"In &quot;Blogu i Udh\u00ebtarit&quot;","block_context":{"text":"Blogu i Udh\u00ebtarit","link":"https:\/\/www.shqiperia.com\/blog\/category\/blogu-i-udhetarit\/"},"img":{"alt_text":"","src":"https:\/\/i0.wp.com\/www.shqiperia.com\/blog\/wp-content\/uploads\/2026\/05\/auto_bujar-kapexhiu_541740588311-Copy.jpg?fit=900%2C618&ssl=1&resize=350%2C200","width":350,"height":200,"srcset":"https:\/\/i0.wp.com\/www.shqiperia.com\/blog\/wp-content\/uploads\/2026\/05\/auto_bujar-kapexhiu_541740588311-Copy.jpg?fit=900%2C618&ssl=1&resize=350%2C200 1x, https:\/\/i0.wp.com\/www.shqiperia.com\/blog\/wp-content\/uploads\/2026\/05\/auto_bujar-kapexhiu_541740588311-Copy.jpg?fit=900%2C618&ssl=1&resize=525%2C300 1.5x, https:\/\/i0.wp.com\/www.shqiperia.com\/blog\/wp-content\/uploads\/2026\/05\/auto_bujar-kapexhiu_541740588311-Copy.jpg?fit=900%2C618&ssl=1&resize=700%2C400 2x"},"classes":[]},{"id":105240,"url":"https:\/\/www.shqiperia.com\/blog\/pasuria-e-fshehur-e-burrit-te-ish-ministres-ogerta-manastirliu-nga-propagandist-i-sali-berishes-te-kapja-e-posteve-te-rilindjes\/","url_meta":{"origin":29121,"position":2},"title":"Pasuria e fshehur e burrit t\u00eb ish-ministres Ogerta Manastirliu, nga propagandist i Sali Berish\u00ebs te kapja e posteve t\u00eb Rilindjes.","author":"Kurt Farka","date":"August 26, 2026","format":false,"excerpt":"26 Gusht 2026 Ermal Gjinaj, bashk\u00ebshorti i ish-ministres s\u00eb Sh\u00ebndet\u00ebsis\u00eb, Ogerta Manastirliu, dikur punonj\u00ebs pran\u00eb gazet\u00ebs Rilindja Demokratike, ka deklaruar rreth 200 mij\u00eb euro t\u00eb ardhura gjat\u00eb periudh\u00ebs 2021-2025, koh\u00eb q\u00eb p\u00ebrkon me largimin e tij si drejtor i qeverisjes s\u00eb OSHEE kur n\u00eb krye ishte Adrian \u00c7ela, i lakuar\u2026","rel":"","context":"In &quot;Blogu i Udh\u00ebtarit&quot;","block_context":{"text":"Blogu i Udh\u00ebtarit","link":"https:\/\/www.shqiperia.com\/blog\/category\/blogu-i-udhetarit\/"},"img":{"alt_text":"","src":"https:\/\/i0.wp.com\/www.shqiperia.com\/blog\/wp-content\/uploads\/2026\/08\/ajdss-6a8ea84e2f7cd-300x297.png?resize=350%2C200&ssl=1","width":350,"height":200},"classes":[]},{"id":105282,"url":"https:\/\/www.shqiperia.com\/blog\/agasi-levizte-mes-elbasanit-dhe-durresit-gazetarja-jep-detajet-per-arrestimin-e-biznesmenit-e-konsideronte-veten-te-paprekshem-shoqerohej-nga\/","url_meta":{"origin":29121,"position":3},"title":"\u201cAgasi l\u00ebvizte mes Elbasanit dhe Durr\u00ebsit&#8221;\/ Gazetarja jep detajet p\u00ebr arrestimin e biznesmenit: &#8211; E konsideronte veten t\u00eb papreksh\u00ebm, shoq\u00ebrohej nga&#8230;","author":"Kurt Farka","date":"August 27, 2026","format":false,"excerpt":"27 Gusht 2026 Gazetarja Klodiana Lala ka zbardhur detaje t\u00eb reja lidhur me operacionin p\u00ebr arrestimin e Ergys Agasit, i cili u vu n\u00eb pranga m\u00eb 26 gusht n\u00eb Durr\u00ebs, pas disa muajsh n\u00eb k\u00ebrkim. Sipas Lal\u00ebs, Agasi kishte kryer l\u00ebvizje t\u00eb shpeshta mes Elbasanit dhe Durr\u00ebsit, nd\u00ebrsa agjent\u00ebt e\u2026","rel":"","context":"In &quot;Blogu i Udh\u00ebtarit&quot;","block_context":{"text":"Blogu i Udh\u00ebtarit","link":"https:\/\/www.shqiperia.com\/blog\/category\/blogu-i-udhetarit\/"},"img":{"alt_text":"","src":"https:\/\/i0.wp.com\/www.shqiperia.com\/blog\/wp-content\/uploads\/2026\/08\/remove-wmk1787827738294-6a9016224dbb3.png?fit=720%2C407&ssl=1&resize=350%2C200","width":350,"height":200,"srcset":"https:\/\/i0.wp.com\/www.shqiperia.com\/blog\/wp-content\/uploads\/2026\/08\/remove-wmk1787827738294-6a9016224dbb3.png?fit=720%2C407&ssl=1&resize=350%2C200 1x, https:\/\/i0.wp.com\/www.shqiperia.com\/blog\/wp-content\/uploads\/2026\/08\/remove-wmk1787827738294-6a9016224dbb3.png?fit=720%2C407&ssl=1&resize=525%2C300 1.5x, https:\/\/i0.wp.com\/www.shqiperia.com\/blog\/wp-content\/uploads\/2026\/08\/remove-wmk1787827738294-6a9016224dbb3.png?fit=720%2C407&ssl=1&resize=700%2C400 2x"},"classes":[]},{"id":100829,"url":"https:\/\/www.shqiperia.com\/blog\/nga-partia-socialiste-te-partia-e-resorteve\/","url_meta":{"origin":29121,"position":4},"title":"Nga Partia Socialiste te Partia e Resorteve","author":"Kurt Farka","date":"June 1, 2026","format":false,"excerpt":"1 Qershor 2026 Nga Adrian Thano \u200bA ka ndonj\u00eb qasje socialiste n\u00eb vendimet, ligjet, lejet e nd\u00ebrtimit q\u00eb po jepen p\u00ebr Zv\u00ebrnecin, Vlor\u00ebn dhe mbar\u00eb bregdetin? P\u00ebrgjigja shkurt \u00ebsht\u00eb JO. Shtylla e par\u00eb e socializmit \u00ebsht\u00eb mbrojtja e pasuris\u00eb publike dhe garantimi q\u00eb burimet natyrore t\u2019i sh\u00ebrbejn\u00eb t\u00eb gjith\u00eb shoq\u00ebris\u00eb.\u2026","rel":"","context":"In &quot;Blogu i Udh\u00ebtarit&quot;","block_context":{"text":"Blogu i Udh\u00ebtarit","link":"https:\/\/www.shqiperia.com\/blog\/category\/blogu-i-udhetarit\/"},"img":{"alt_text":"","src":"https:\/\/i0.wp.com\/www.shqiperia.com\/blog\/wp-content\/uploads\/2026\/06\/640-0-1709129359xedi-rama-625.jpg?fit=640%2C486&ssl=1&resize=350%2C200","width":350,"height":200,"srcset":"https:\/\/i0.wp.com\/www.shqiperia.com\/blog\/wp-content\/uploads\/2026\/06\/640-0-1709129359xedi-rama-625.jpg?fit=640%2C486&ssl=1&resize=350%2C200 1x, https:\/\/i0.wp.com\/www.shqiperia.com\/blog\/wp-content\/uploads\/2026\/06\/640-0-1709129359xedi-rama-625.jpg?fit=640%2C486&ssl=1&resize=525%2C300 1.5x"},"classes":[]},{"id":100361,"url":"https:\/\/www.shqiperia.com\/blog\/arrestohet-senatori-meksikan-i-lidhur-me-sinaloan-urdhri-14157-i-trump-rrezikon-edi-ramen\/","url_meta":{"origin":29121,"position":5},"title":"Arrestohet senatori meksikan i lidhur me Sinaloan, urdhri 14157 i Trump rrezikon Edi Ram\u00ebn","author":"Kurt Farka","date":"May 17, 2026","format":false,"excerpt":"17 Maji 2026 Numri i urdhrit ekzekutiv t\u00eb Donald Trump q\u00eb i konsideron kartelet e drog\u00ebs si organizata terroriste \u00ebsht\u00eb Executive Order 14157, i n\u00ebnshkruar m\u00eb 20 janar 2025. Ky urdh\u00ebr krijoi nj\u00eb mekaniz\u00ebm ligjor p\u00ebr t\u2019i trajtuar kartelet si k\u00ebrc\u00ebnim t\u00eb siguris\u00eb komb\u00ebtare dhe p\u00ebr t\u2019i p\u00ebrfshir\u00eb n\u00eb list\u00ebn\u2026","rel":"","context":"In &quot;Blogu i Udh\u00ebtarit&quot;","block_context":{"text":"Blogu i Udh\u00ebtarit","link":"https:\/\/www.shqiperia.com\/blog\/category\/blogu-i-udhetarit\/"},"img":{"alt_text":"","src":"https:\/\/i0.wp.com\/www.shqiperia.com\/blog\/wp-content\/uploads\/2026\/05\/new-1100x570-1.png?fit=1100%2C570&ssl=1&resize=350%2C200","width":350,"height":200,"srcset":"https:\/\/i0.wp.com\/www.shqiperia.com\/blog\/wp-content\/uploads\/2026\/05\/new-1100x570-1.png?fit=1100%2C570&ssl=1&resize=350%2C200 1x, https:\/\/i0.wp.com\/www.shqiperia.com\/blog\/wp-content\/uploads\/2026\/05\/new-1100x570-1.png?fit=1100%2C570&ssl=1&resize=525%2C300 1.5x, https:\/\/i0.wp.com\/www.shqiperia.com\/blog\/wp-content\/uploads\/2026\/05\/new-1100x570-1.png?fit=1100%2C570&ssl=1&resize=700%2C400 2x, https:\/\/i0.wp.com\/www.shqiperia.com\/blog\/wp-content\/uploads\/2026\/05\/new-1100x570-1.png?fit=1100%2C570&ssl=1&resize=1050%2C600 3x"},"classes":[]}],"_links":{"self":[{"href":"https:\/\/www.shqiperia.com\/blog\/wp-json\/wp\/v2\/posts\/29121","targetHints":{"allow":["GET"]}}],"collection":[{"href":"https:\/\/www.shqiperia.com\/blog\/wp-json\/wp\/v2\/posts"}],"about":[{"href":"https:\/\/www.shqiperia.com\/blog\/wp-json\/wp\/v2\/types\/post"}],"author":[{"embeddable":true,"href":"https:\/\/www.shqiperia.com\/blog\/wp-json\/wp\/v2\/users\/9"}],"replies":[{"embeddable":true,"href":"https:\/\/www.shqiperia.com\/blog\/wp-json\/wp\/v2\/comments?post=29121"}],"version-history":[{"count":1,"href":"https:\/\/www.shqiperia.com\/blog\/wp-json\/wp\/v2\/posts\/29121\/revisions"}],"predecessor-version":[{"id":29126,"href":"https:\/\/www.shqiperia.com\/blog\/wp-json\/wp\/v2\/posts\/29121\/revisions\/29126"}],"wp:featuredmedia":[{"embeddable":true,"href":"https:\/\/www.shqiperia.com\/blog\/wp-json\/wp\/v2\/media\/29122"}],"wp:attachment":[{"href":"https:\/\/www.shqiperia.com\/blog\/wp-json\/wp\/v2\/media?parent=29121"}],"wp:term":[{"taxonomy":"category","embeddable":true,"href":"https:\/\/www.shqiperia.com\/blog\/wp-json\/wp\/v2\/categories?post=29121"},{"taxonomy":"post_tag","embeddable":true,"href":"https:\/\/www.shqiperia.com\/blog\/wp-json\/wp\/v2\/tags?post=29121"}],"curies":[{"name":"wp","href":"https:\/\/api.w.org\/{rel}","templated":true}]}}