{"id":29116,"date":"2019-12-09T22:03:21","date_gmt":"2019-12-09T22:03:21","guid":{"rendered":"https:\/\/www.shqiperia.com\/blog\/?p=29116"},"modified":"2019-12-09T22:03:21","modified_gmt":"2019-12-09T22:03:21","slug":"nese-flisni-shqip-ne-kete-restorant-ne-finlande-paguani-gjysmen-e-fatures","status":"publish","type":"post","link":"https:\/\/www.shqiperia.com\/blog\/nese-flisni-shqip-ne-kete-restorant-ne-finlande-paguani-gjysmen-e-fatures\/","title":{"rendered":"N\u00ebse flisni shqip n\u00eb k\u00ebt\u00eb restorant n\u00eb Finland\u00eb, paguani gjysm\u00ebn e fatur\u00ebs. &#8211;"},"content":{"rendered":"<p><img data-recalc-dims=\"1\" loading=\"lazy\" decoding=\"async\" data-attachment-id=\"29117\" data-permalink=\"https:\/\/www.shqiperia.com\/blog\/nese-flisni-shqip-ne-kete-restorant-ne-finlande-paguani-gjysmen-e-fatures\/presto_carousel_01\/\" data-orig-file=\"https:\/\/i0.wp.com\/www.shqiperia.com\/blog\/wp-content\/uploads\/2019\/12\/presto_carousel_01.jpg?fit=750%2C442&amp;ssl=1\" data-orig-size=\"750,442\" data-comments-opened=\"1\" data-image-meta=\"{&quot;aperture&quot;:&quot;0&quot;,&quot;credit&quot;:&quot;&quot;,&quot;camera&quot;:&quot;&quot;,&quot;caption&quot;:&quot;&quot;,&quot;created_timestamp&quot;:&quot;0&quot;,&quot;copyright&quot;:&quot;&quot;,&quot;focal_length&quot;:&quot;0&quot;,&quot;iso&quot;:&quot;0&quot;,&quot;shutter_speed&quot;:&quot;0&quot;,&quot;title&quot;:&quot;&quot;,&quot;orientation&quot;:&quot;0&quot;}\" data-image-title=\"presto_carousel_01\" data-image-description=\"\" data-image-caption=\"\" data-medium-file=\"https:\/\/i0.wp.com\/www.shqiperia.com\/blog\/wp-content\/uploads\/2019\/12\/presto_carousel_01.jpg?fit=300%2C177&amp;ssl=1\" data-large-file=\"https:\/\/i0.wp.com\/www.shqiperia.com\/blog\/wp-content\/uploads\/2019\/12\/presto_carousel_01.jpg?fit=750%2C442&amp;ssl=1\" class=\"alignnone  wp-image-29117\" alt=\"\" src=\"https:\/\/i0.wp.com\/www.shqiperia.com\/blog\/wp-content\/uploads\/2019\/12\/presto_carousel_01.jpg?resize=547%2C323&#038;ssl=1\" width=\"547\" height=\"323\" srcset=\"https:\/\/i0.wp.com\/www.shqiperia.com\/blog\/wp-content\/uploads\/2019\/12\/presto_carousel_01.jpg?resize=300%2C177&amp;ssl=1 300w, https:\/\/i0.wp.com\/www.shqiperia.com\/blog\/wp-content\/uploads\/2019\/12\/presto_carousel_01.jpg?resize=450%2C265&amp;ssl=1 450w, https:\/\/i0.wp.com\/www.shqiperia.com\/blog\/wp-content\/uploads\/2019\/12\/presto_carousel_01.jpg?resize=600%2C354&amp;ssl=1 600w, https:\/\/i0.wp.com\/www.shqiperia.com\/blog\/wp-content\/uploads\/2019\/12\/presto_carousel_01.jpg?resize=400%2C236&amp;ssl=1 400w, https:\/\/i0.wp.com\/www.shqiperia.com\/blog\/wp-content\/uploads\/2019\/12\/presto_carousel_01.jpg?w=750&amp;ssl=1 750w\" sizes=\"auto, (max-width: 547px) 100vw, 547px\" \/><\/p>\n<p><strong>N\u00ebse flisni shqip n\u00eb k\u00ebt\u00eb restorant n\u00eb Finland\u00eb, paguani gjysm\u00ebn e fatur\u00ebs. &#8211;<\/strong><\/p>\n<p>Shqiptar\u00ebt ja kan\u00eb dal\u00eb t\u00eb korrin sukses kudo n\u00eb bot\u00eb.<\/p>\n<p>I till\u00eb \u00ebsht\u00eb edhe rasti disa shqiptar\u00ebve, q\u00eb kan\u00eb hapur nj\u00eb restorant n\u00eb Helsinki.<\/p>\n<p><img data-recalc-dims=\"1\" loading=\"lazy\" decoding=\"async\" data-attachment-id=\"29118\" data-permalink=\"https:\/\/www.shqiperia.com\/blog\/nese-flisni-shqip-ne-kete-restorant-ne-finlande-paguani-gjysmen-e-fatures\/photo0jpg\/\" data-orig-file=\"https:\/\/i0.wp.com\/www.shqiperia.com\/blog\/wp-content\/uploads\/2019\/12\/photo0jpg.jpg?fit=550%2C413&amp;ssl=1\" data-orig-size=\"550,413\" data-comments-opened=\"1\" data-image-meta=\"{&quot;aperture&quot;:&quot;0&quot;,&quot;credit&quot;:&quot;&quot;,&quot;camera&quot;:&quot;&quot;,&quot;caption&quot;:&quot;&quot;,&quot;created_timestamp&quot;:&quot;0&quot;,&quot;copyright&quot;:&quot;&quot;,&quot;focal_length&quot;:&quot;0&quot;,&quot;iso&quot;:&quot;0&quot;,&quot;shutter_speed&quot;:&quot;0&quot;,&quot;title&quot;:&quot;&quot;,&quot;orientation&quot;:&quot;0&quot;}\" data-image-title=\"photo0jpg\" data-image-description=\"\" data-image-caption=\"\" data-medium-file=\"https:\/\/i0.wp.com\/www.shqiperia.com\/blog\/wp-content\/uploads\/2019\/12\/photo0jpg.jpg?fit=300%2C225&amp;ssl=1\" data-large-file=\"https:\/\/i0.wp.com\/www.shqiperia.com\/blog\/wp-content\/uploads\/2019\/12\/photo0jpg.jpg?fit=550%2C413&amp;ssl=1\" class=\"alignnone  wp-image-29118\" alt=\"\" src=\"https:\/\/i0.wp.com\/www.shqiperia.com\/blog\/wp-content\/uploads\/2019\/12\/photo0jpg.jpg?resize=763%2C572&#038;ssl=1\" width=\"763\" height=\"572\" srcset=\"https:\/\/i0.wp.com\/www.shqiperia.com\/blog\/wp-content\/uploads\/2019\/12\/photo0jpg.jpg?resize=300%2C225&amp;ssl=1 300w, https:\/\/i0.wp.com\/www.shqiperia.com\/blog\/wp-content\/uploads\/2019\/12\/photo0jpg.jpg?resize=450%2C338&amp;ssl=1 450w, https:\/\/i0.wp.com\/www.shqiperia.com\/blog\/wp-content\/uploads\/2019\/12\/photo0jpg.jpg?resize=400%2C300&amp;ssl=1 400w, https:\/\/i0.wp.com\/www.shqiperia.com\/blog\/wp-content\/uploads\/2019\/12\/photo0jpg.jpg?w=550&amp;ssl=1 550w\" sizes=\"auto, (max-width: 763px) 100vw, 763px\" \/><\/p>\n<p>Emri i restorantit \u00ebsht\u00eb \u201cPresto Trattoria\u201d dhe n\u00ebse i flisni shqip personelit t\u00eb k\u00ebtij restorani do t\u00eb paguani gjysm\u00ebn e fatur\u00ebs.<\/p>\n<p>Kjo gj\u00eb \u00ebsht\u00eb b\u00ebr\u00eb n\u00eb shenj\u00eb respekti t\u00eb gjuh\u00ebs shqipe dhe shqiptar\u00ebve.<\/p>\n<p>Restoranti n\u00eb fjal\u00eb \u00ebsht\u00eb n\u00eb pron\u00ebsi t\u00eb pes\u00eb shqiptar\u00ebve t\u00eb Kosov\u00ebs, t\u00eb cil\u00ebt jo vet\u00ebm nuk e kan\u00eb harruar se nga jan\u00eb por po e nderojn\u00eb gjuh\u00ebn shqipe.<\/p>\n<p>Ata promovojn\u00eb kultur\u00ebn dhe kulinarin\u00eb shqiptare n\u00eb Finland\u00ebn e larg\u00ebt.<\/p>\n<p><em>\u201cUshqimi tradicional shqiptar p\u00eblqehet shum\u00eb nga finlandez\u00ebt\u201d,<\/em>\u00a0shprehen ata.<\/p>\n<div id=\"attachment_29119\" style=\"width: 755px\" class=\"wp-caption alignnone\"><img data-recalc-dims=\"1\" loading=\"lazy\" decoding=\"async\" aria-describedby=\"caption-attachment-29119\" data-attachment-id=\"29119\" data-permalink=\"https:\/\/www.shqiperia.com\/blog\/nese-flisni-shqip-ne-kete-restorant-ne-finlande-paguani-gjysmen-e-fatures\/nese-flisni-shqip-ne-kete-restorant-ne-finlande-paguani-gjysmen-e-fatures\/\" data-orig-file=\"https:\/\/i0.wp.com\/www.shqiperia.com\/blog\/wp-content\/uploads\/2019\/12\/N%C3%ABse-flisni-shqip-n%C3%AB-k%C3%ABt%C3%AB-restorant-n%C3%AB-Finland%C3%AB-paguani-gjysm%C3%ABn-e-fatur%C3%ABs.-.jpg?fit=550%2C352&amp;ssl=1\" data-orig-size=\"550,352\" data-comments-opened=\"1\" data-image-meta=\"{&quot;aperture&quot;:&quot;0&quot;,&quot;credit&quot;:&quot;&quot;,&quot;camera&quot;:&quot;&quot;,&quot;caption&quot;:&quot;&quot;,&quot;created_timestamp&quot;:&quot;0&quot;,&quot;copyright&quot;:&quot;&quot;,&quot;focal_length&quot;:&quot;0&quot;,&quot;iso&quot;:&quot;0&quot;,&quot;shutter_speed&quot;:&quot;0&quot;,&quot;title&quot;:&quot;&quot;,&quot;orientation&quot;:&quot;0&quot;}\" data-image-title=\"N\u00ebse flisni shqip n\u00eb k\u00ebt\u00eb restorant n\u00eb Finland\u00eb, paguani gjysm\u00ebn e fatur\u00ebs. &#8211;\" data-image-description=\"\" data-image-caption=\"&lt;p&gt;N\u00ebse flisni shqip n\u00eb k\u00ebt\u00eb restorant n\u00eb Finland\u00eb, paguani gjysm\u00ebn e fatur\u00ebs. &#8211;&lt;\/p&gt;\n\" data-medium-file=\"https:\/\/i0.wp.com\/www.shqiperia.com\/blog\/wp-content\/uploads\/2019\/12\/N%C3%ABse-flisni-shqip-n%C3%AB-k%C3%ABt%C3%AB-restorant-n%C3%AB-Finland%C3%AB-paguani-gjysm%C3%ABn-e-fatur%C3%ABs.-.jpg?fit=300%2C192&amp;ssl=1\" data-large-file=\"https:\/\/i0.wp.com\/www.shqiperia.com\/blog\/wp-content\/uploads\/2019\/12\/N%C3%ABse-flisni-shqip-n%C3%AB-k%C3%ABt%C3%AB-restorant-n%C3%AB-Finland%C3%AB-paguani-gjysm%C3%ABn-e-fatur%C3%ABs.-.jpg?fit=550%2C352&amp;ssl=1\" class=\" wp-image-29119\" alt=\"\" src=\"https:\/\/i0.wp.com\/www.shqiperia.com\/blog\/wp-content\/uploads\/2019\/12\/N%C3%ABse-flisni-shqip-n%C3%AB-k%C3%ABt%C3%AB-restorant-n%C3%AB-Finland%C3%AB-paguani-gjysm%C3%ABn-e-fatur%C3%ABs.-.jpg?resize=745%2C477&#038;ssl=1\" width=\"745\" height=\"477\" srcset=\"https:\/\/i0.wp.com\/www.shqiperia.com\/blog\/wp-content\/uploads\/2019\/12\/N%C3%ABse-flisni-shqip-n%C3%AB-k%C3%ABt%C3%AB-restorant-n%C3%AB-Finland%C3%AB-paguani-gjysm%C3%ABn-e-fatur%C3%ABs.-.jpg?resize=300%2C192&amp;ssl=1 300w, https:\/\/i0.wp.com\/www.shqiperia.com\/blog\/wp-content\/uploads\/2019\/12\/N%C3%ABse-flisni-shqip-n%C3%AB-k%C3%ABt%C3%AB-restorant-n%C3%AB-Finland%C3%AB-paguani-gjysm%C3%ABn-e-fatur%C3%ABs.-.jpg?resize=450%2C288&amp;ssl=1 450w, https:\/\/i0.wp.com\/www.shqiperia.com\/blog\/wp-content\/uploads\/2019\/12\/N%C3%ABse-flisni-shqip-n%C3%AB-k%C3%ABt%C3%AB-restorant-n%C3%AB-Finland%C3%AB-paguani-gjysm%C3%ABn-e-fatur%C3%ABs.-.jpg?resize=400%2C256&amp;ssl=1 400w, https:\/\/i0.wp.com\/www.shqiperia.com\/blog\/wp-content\/uploads\/2019\/12\/N%C3%ABse-flisni-shqip-n%C3%AB-k%C3%ABt%C3%AB-restorant-n%C3%AB-Finland%C3%AB-paguani-gjysm%C3%ABn-e-fatur%C3%ABs.-.jpg?w=550&amp;ssl=1 550w\" sizes=\"auto, (max-width: 745px) 100vw, 745px\" \/><p id=\"caption-attachment-29119\" class=\"wp-caption-text\">N\u00ebse flisni shqip n\u00eb k\u00ebt\u00eb restorant n\u00eb Finland\u00eb, paguani gjysm\u00ebn e fatur\u00ebs. &#8211;<\/p><\/div>\n<p>Gazeta Dita<\/p>\n","protected":false},"excerpt":{"rendered":"<p>N\u00ebse flisni shqip n\u00eb k\u00ebt\u00eb restorant n\u00eb Finland\u00eb, paguani gjysm\u00ebn e fatur\u00ebs. &#8211; Shqiptar\u00ebt ja kan\u00eb dal\u00eb t\u00eb korrin sukses kudo n\u00eb bot\u00eb. I till\u00eb \u00ebsht\u00eb edhe rasti disa shqiptar\u00ebve, q\u00eb kan\u00eb hapur nj\u00eb restorant n\u00eb Helsinki. Emri i restorantit \u00ebsht\u00eb \u201cPresto Trattoria\u201d dhe n\u00ebse i flisni shqip personelit t\u00eb k\u00ebtij restorani do t\u00eb paguani [&hellip;]<\/p>\n","protected":false},"author":9,"featured_media":29117,"comment_status":"open","ping_status":"open","sticky":false,"template":"","format":"standard","meta":{"jetpack_post_was_ever_published":false,"_jetpack_newsletter_access":"","_jetpack_dont_email_post_to_subs":false,"_jetpack_newsletter_tier_id":0,"_jetpack_memberships_contains_paywalled_content":false,"_jetpack_memberships_contains_paid_content":false,"footnotes":"","jetpack_publicize_message":"","jetpack_publicize_feature_enabled":true,"jetpack_social_post_already_shared":true,"jetpack_social_options":{"image_generator_settings":{"template":"highway","default_image_id":0,"font":"","enabled":false},"version":2}},"categories":[27,85,35],"tags":[],"class_list":["post-29116","post","type-post","status-publish","format-standard","has-post-thumbnail","hentry","category-blogu-i-udhetarit","category-histori","category-shoqerore"],"jetpack_publicize_connections":[],"jetpack_featured_media_url":"https:\/\/i0.wp.com\/www.shqiperia.com\/blog\/wp-content\/uploads\/2019\/12\/presto_carousel_01.jpg?fit=750%2C442&ssl=1","jetpack_sharing_enabled":true,"jetpack_shortlink":"https:\/\/wp.me\/p5Z6wp-7zC","jetpack-related-posts":[{"id":100514,"url":"https:\/\/www.shqiperia.com\/blog\/na-duan-te-vdekur-kim-mehmeti-ngre-tonet-ne-top-story-nese-ambasadori-i-shqiperise-meidani-largohet-i-jepet-zemer-grupeve-anti-shqiptare-ne-rmv\/","url_meta":{"origin":29116,"position":0},"title":"\u201cNa duan t\u00eb vdekur\u201d, Kim Mehmeti ngre tonet n\u00eb \u2018Top Story\u2019: &#8211; N\u00ebse ambasadori i Shqiperise Meidani largohet, i jepet zem\u00ebr grupeve anti-shqiptare n\u00eb RMV","author":"Kurt Farka","date":"May 21, 2026","format":false,"excerpt":"21 Maji 2026 Analisti shqiptar nga Maqedonia e Veriut, Kim Mehmeti i ftuar mbr\u00ebmjen e sotme n\u00eb \u2018Top Story\u2019 nga Grida Duma foli p\u00ebr l\u00ebvizjen studentore t\u00eb student\u00ebve shqiptar\u00eb n\u00eb Shkup p\u00ebr gjuh\u00ebn shqipe. Mehmeti shprehu se t\u00ebrheqja e ambasadorit t\u00eb Shqip\u00ebris\u00eb n\u00eb Shkup, Denion Meidani do t\u00eb ishte turp\u2026","rel":"","context":"In &quot;Blogu i Udh\u00ebtarit&quot;","block_context":{"text":"Blogu i Udh\u00ebtarit","link":"https:\/\/www.shqiperia.com\/blog\/category\/blogu-i-udhetarit\/"},"img":{"alt_text":"","src":"https:\/\/i0.wp.com\/www.shqiperia.com\/blog\/wp-content\/uploads\/2026\/05\/auto_protesta_shkup1779032739.jpg?fit=900%2C589&ssl=1&resize=350%2C200","width":350,"height":200,"srcset":"https:\/\/i0.wp.com\/www.shqiperia.com\/blog\/wp-content\/uploads\/2026\/05\/auto_protesta_shkup1779032739.jpg?fit=900%2C589&ssl=1&resize=350%2C200 1x, https:\/\/i0.wp.com\/www.shqiperia.com\/blog\/wp-content\/uploads\/2026\/05\/auto_protesta_shkup1779032739.jpg?fit=900%2C589&ssl=1&resize=525%2C300 1.5x, https:\/\/i0.wp.com\/www.shqiperia.com\/blog\/wp-content\/uploads\/2026\/05\/auto_protesta_shkup1779032739.jpg?fit=900%2C589&ssl=1&resize=700%2C400 2x"},"classes":[]},{"id":103966,"url":"https:\/\/www.shqiperia.com\/blog\/shqiptari-nga-gjermania-ia-numeron-rames-na-ka-vjedhur-kjo-eshte-mundesia-e-fundit-per-ndryshim\/","url_meta":{"origin":29116,"position":1},"title":"Shqiptari nga Gjermania ia num\u00ebron Ram\u00ebs: = Na ka vjedhur! Kjo \u00ebsht\u00eb mund\u00ebsia e fundit p\u00ebr ndryshim","author":"Kurt Farka","date":"August 7, 2026","format":false,"excerpt":"7 Gusht 2026 \u201cPo mos t\u00eb ishte News24, protesta do t\u00eb ishte shuar\u201d. Nj\u00eb qytetar shqiptar q\u00eb jeton n\u00eb Gjermani i \u00ebsht\u00eb bashkuar protest\u00ebs s\u00eb zhvilluar n\u00eb Sheshin Sk\u00ebnderbej, duke e cil\u00ebsuar at\u00eb si nj\u00eb nga momentet m\u00eb t\u00eb r\u00ebnd\u00ebsishme p\u00ebr vendin gjat\u00eb dekadave t\u00eb fundit. Ai tha se protesta\u2026","rel":"","context":"In &quot;Blogu i Udh\u00ebtarit&quot;","block_context":{"text":"Blogu i Udh\u00ebtarit","link":"https:\/\/www.shqiperia.com\/blog\/category\/blogu-i-udhetarit\/"},"img":{"alt_text":"","src":"https:\/\/i0.wp.com\/www.shqiperia.com\/blog\/wp-content\/uploads\/2026\/08\/diaspora-1.jpg?fit=1200%2C549&ssl=1&resize=350%2C200","width":350,"height":200,"srcset":"https:\/\/i0.wp.com\/www.shqiperia.com\/blog\/wp-content\/uploads\/2026\/08\/diaspora-1.jpg?fit=1200%2C549&ssl=1&resize=350%2C200 1x, https:\/\/i0.wp.com\/www.shqiperia.com\/blog\/wp-content\/uploads\/2026\/08\/diaspora-1.jpg?fit=1200%2C549&ssl=1&resize=525%2C300 1.5x, https:\/\/i0.wp.com\/www.shqiperia.com\/blog\/wp-content\/uploads\/2026\/08\/diaspora-1.jpg?fit=1200%2C549&ssl=1&resize=700%2C400 2x, https:\/\/i0.wp.com\/www.shqiperia.com\/blog\/wp-content\/uploads\/2026\/08\/diaspora-1.jpg?fit=1200%2C549&ssl=1&resize=1050%2C600 3x"},"classes":[]},{"id":100371,"url":"https:\/\/www.shqiperia.com\/blog\/gjuha-shqipe-eshte-e-ketij-trualli-se-ndalin-as-kralat-e-as-sulltane-haradinaj-ne-mbeshtetje-te-protestes-se-studenteve-shqiptare-ne-rmv\/","url_meta":{"origin":29116,"position":2},"title":"Gjuha shqipe \u00ebsht\u00eb e k\u00ebtij trualli. &#8211; S\u2019e ndalin as kralat e as sulltan\u00eb. Haradinaj n\u00eb mb\u00ebshtetje t\u00eb protest\u00ebs s\u00eb student\u00ebve shqiptar\u00eb n\u00eb RMV","author":"Kurt Farka","date":"May 17, 2026","format":false,"excerpt":"17 Maji 2026 Ramush Haradinaj ka dal\u00eb n\u00eb mb\u00ebshtetje t\u00eb plot\u00eb t\u00eb protest\u00ebs s\u00eb student\u00ebve shqiptar\u00eb n\u00eb Maqedonin\u00eb e Veriut, aty ku e radh\u00ebs \u00ebsht\u00eb njoftuar dit\u00ebn e nes\u00ebrme. N\u00eb nj\u00eb reagim n\u00eb rrjetet sociale, Haradinaj shkruan se gjuha shqipe n\u00eb RMV nuk \u00ebsht\u00eb opsionale, por \u00ebsht\u00eb gjuh\u00eb autoktone. \u201cGjuha\u2026","rel":"","context":"In &quot;Blogu i Udh\u00ebtarit&quot;","block_context":{"text":"Blogu i Udh\u00ebtarit","link":"https:\/\/www.shqiperia.com\/blog\/category\/blogu-i-udhetarit\/"},"img":{"alt_text":"","src":"https:\/\/i0.wp.com\/www.shqiperia.com\/blog\/wp-content\/uploads\/2026\/05\/Ramush-Haredinaj.webp?fit=1026%2C566&ssl=1&resize=350%2C200","width":350,"height":200,"srcset":"https:\/\/i0.wp.com\/www.shqiperia.com\/blog\/wp-content\/uploads\/2026\/05\/Ramush-Haredinaj.webp?fit=1026%2C566&ssl=1&resize=350%2C200 1x, https:\/\/i0.wp.com\/www.shqiperia.com\/blog\/wp-content\/uploads\/2026\/05\/Ramush-Haredinaj.webp?fit=1026%2C566&ssl=1&resize=525%2C300 1.5x, https:\/\/i0.wp.com\/www.shqiperia.com\/blog\/wp-content\/uploads\/2026\/05\/Ramush-Haredinaj.webp?fit=1026%2C566&ssl=1&resize=700%2C400 2x"},"classes":[]},{"id":100671,"url":"https:\/\/www.shqiperia.com\/blog\/delegacioni-i-kongresisteve-amerikane-ne-presheve-ka-probleme-reale-mes-shqiptareve-dhe-serbise\/","url_meta":{"origin":29116,"position":3},"title":"Delegacioni i kongresist\u00ebve amerikan\u00eb n\u00eb Preshev\u00eb: Ka probleme reale mes shqiptar\u00ebve dhe Serbis\u00eb","author":"Kurt Farka","date":"May 26, 2026","format":false,"excerpt":"26 Maji 2026 Delegacioni i kongresist\u00ebve amerikan\u00eb, q\u00eb vizitoi Lugin\u00ebn e Preshev\u00ebs t\u00eb mart\u00ebn, theksoi r\u00ebnd\u00ebsin\u00eb e stabilitetit dhe t\u00eb prosperitetit n\u00eb trajtimin e \u00e7\u00ebshtjeve mes shqiptar\u00ebve dhe serb\u00ebve. Keith Self nga radh\u00ebt e republikan\u00ebve dhe Suhas Subramanyam nga radh\u00ebt e demokrat\u00ebve u takuan me zyrtar\u00eb t\u00eb ndrysh\u00ebm, p\u00ebrfshir\u00eb deputetin\u2026","rel":"","context":"In &quot;Njoftime Shtypi&quot;","block_context":{"text":"Njoftime Shtypi","link":"https:\/\/www.shqiperia.com\/blog\/category\/njoftime-shtypi\/"},"img":{"alt_text":"","src":"https:\/\/i0.wp.com\/www.shqiperia.com\/blog\/wp-content\/uploads\/2026\/05\/1779800710_shaipkamberi.jpg?fit=780%2C440&ssl=1&resize=350%2C200","width":350,"height":200,"srcset":"https:\/\/i0.wp.com\/www.shqiperia.com\/blog\/wp-content\/uploads\/2026\/05\/1779800710_shaipkamberi.jpg?fit=780%2C440&ssl=1&resize=350%2C200 1x, https:\/\/i0.wp.com\/www.shqiperia.com\/blog\/wp-content\/uploads\/2026\/05\/1779800710_shaipkamberi.jpg?fit=780%2C440&ssl=1&resize=525%2C300 1.5x, https:\/\/i0.wp.com\/www.shqiperia.com\/blog\/wp-content\/uploads\/2026\/05\/1779800710_shaipkamberi.jpg?fit=780%2C440&ssl=1&resize=700%2C400 2x"},"classes":[]},{"id":103027,"url":"https:\/\/www.shqiperia.com\/blog\/rama-ata-qe-bertasin-per-shqiperine-e-shqiptareve-jane-e-keqja-me-e-madhe-qe-mund-ti-ndodhe-ketij-vendi\/","url_meta":{"origin":29116,"position":4},"title":"Rama: &#8211; Ata q\u00eb b\u00ebrtasin p\u00ebr \u201cShqip\u00ebrin\u00eb e shqiptar\u00ebve\u201d jan\u00eb e keqja m\u00eb e madhe q\u00eb mund t\u2019i ndodh\u00eb k\u00ebtij vendi","author":"Kurt Farka","date":"July 21, 2026","format":false,"excerpt":"21 Korrik 2026 Kryeministri Edi Rama refuzon k\u00ebrkes\u00ebn e protestuesve p\u00ebr t\u00eb anuluar Paket\u00ebn e Maleve. N\u00eb nj\u00eb video live n\u00eb Facebook,\u00a0kryeministri deklaroi se\u00a0Paketa e Maleve po shitet si nj\u00eb \u201cakt tradhtie\u201d nga ana e tij, nd\u00ebrsa e mbrojti ligjin duke th\u00ebn\u00eb se \u00ebsht\u00eb nj\u00eb mund\u00ebsi p\u00ebr emigrant\u00ebt q\u00eb duan\u2026","rel":"","context":"In &quot;Blogu i Udh\u00ebtarit&quot;","block_context":{"text":"Blogu i Udh\u00ebtarit","link":"https:\/\/www.shqiperia.com\/blog\/category\/blogu-i-udhetarit\/"},"img":{"alt_text":"","src":"https:\/\/i0.wp.com\/www.shqiperia.com\/blog\/wp-content\/uploads\/2026\/07\/Edi-Rama-3-1.jpg?fit=640%2C487&ssl=1&resize=350%2C200","width":350,"height":200,"srcset":"https:\/\/i0.wp.com\/www.shqiperia.com\/blog\/wp-content\/uploads\/2026\/07\/Edi-Rama-3-1.jpg?fit=640%2C487&ssl=1&resize=350%2C200 1x, https:\/\/i0.wp.com\/www.shqiperia.com\/blog\/wp-content\/uploads\/2026\/07\/Edi-Rama-3-1.jpg?fit=640%2C487&ssl=1&resize=525%2C300 1.5x"},"classes":[]},{"id":104134,"url":"https:\/\/www.shqiperia.com\/blog\/nga-skandali-i-ministrit-te-jashtem-qe-i-humbi-laptopi-me-te-dhenat-sekrete-te-nato-s-ne-shba-shtatzenia-e-belinda\/","url_meta":{"origin":29116,"position":5},"title":"Nga skandali i ministrit t\u00eb Jasht\u00ebm q\u00eb i humbi laptopi me t\u00eb dh\u00ebnat sekrete t\u00eb NATO-s n\u00eb SHBA, shtatz\u00ebnia e Belinda\u2026","author":"Kurt Farka","date":"August 10, 2026","format":false,"excerpt":"10 Gusht 2026 Grid Rroji tregon se \u00e7far\u00eb po p\u00ebrgatitet n\u00eb prapasken\u00eb Grid\u00a0Rroji,\u00a0analist dhe\u00a0pedagog i shkencave politike n\u00eb universitetin\u00a0\u201cCUNY-New\u00a0York\u201d\u00a0n\u00eb Shtetet e Bashkuara t\u00eb Amerik\u00ebs, ka dh\u00ebn\u00eb nj\u00eb intervist\u00eb t\u00eb fort\u00eb p\u00ebr \u201cVip\u00a0Magazine\u201d mbi zhvillimet e fundit politike n\u00eb Shqip\u00ebri. I pyetur mbi aludimet p\u00ebr shtatz\u00ebnin\u00eb e Belinda Ballukut pasi u\u2026","rel":"","context":"In &quot;Blogu i Udh\u00ebtarit&quot;","block_context":{"text":"Blogu i Udh\u00ebtarit","link":"https:\/\/www.shqiperia.com\/blog\/category\/blogu-i-udhetarit\/"},"img":{"alt_text":"","src":"https:\/\/i0.wp.com\/www.shqiperia.com\/blog\/wp-content\/uploads\/2026\/08\/IMG_2264-1140x570-1.jpeg?fit=1140%2C570&ssl=1&resize=350%2C200","width":350,"height":200,"srcset":"https:\/\/i0.wp.com\/www.shqiperia.com\/blog\/wp-content\/uploads\/2026\/08\/IMG_2264-1140x570-1.jpeg?fit=1140%2C570&ssl=1&resize=350%2C200 1x, https:\/\/i0.wp.com\/www.shqiperia.com\/blog\/wp-content\/uploads\/2026\/08\/IMG_2264-1140x570-1.jpeg?fit=1140%2C570&ssl=1&resize=525%2C300 1.5x, https:\/\/i0.wp.com\/www.shqiperia.com\/blog\/wp-content\/uploads\/2026\/08\/IMG_2264-1140x570-1.jpeg?fit=1140%2C570&ssl=1&resize=700%2C400 2x, https:\/\/i0.wp.com\/www.shqiperia.com\/blog\/wp-content\/uploads\/2026\/08\/IMG_2264-1140x570-1.jpeg?fit=1140%2C570&ssl=1&resize=1050%2C600 3x"},"classes":[]}],"_links":{"self":[{"href":"https:\/\/www.shqiperia.com\/blog\/wp-json\/wp\/v2\/posts\/29116","targetHints":{"allow":["GET"]}}],"collection":[{"href":"https:\/\/www.shqiperia.com\/blog\/wp-json\/wp\/v2\/posts"}],"about":[{"href":"https:\/\/www.shqiperia.com\/blog\/wp-json\/wp\/v2\/types\/post"}],"author":[{"embeddable":true,"href":"https:\/\/www.shqiperia.com\/blog\/wp-json\/wp\/v2\/users\/9"}],"replies":[{"embeddable":true,"href":"https:\/\/www.shqiperia.com\/blog\/wp-json\/wp\/v2\/comments?post=29116"}],"version-history":[{"count":1,"href":"https:\/\/www.shqiperia.com\/blog\/wp-json\/wp\/v2\/posts\/29116\/revisions"}],"predecessor-version":[{"id":29120,"href":"https:\/\/www.shqiperia.com\/blog\/wp-json\/wp\/v2\/posts\/29116\/revisions\/29120"}],"wp:featuredmedia":[{"embeddable":true,"href":"https:\/\/www.shqiperia.com\/blog\/wp-json\/wp\/v2\/media\/29117"}],"wp:attachment":[{"href":"https:\/\/www.shqiperia.com\/blog\/wp-json\/wp\/v2\/media?parent=29116"}],"wp:term":[{"taxonomy":"category","embeddable":true,"href":"https:\/\/www.shqiperia.com\/blog\/wp-json\/wp\/v2\/categories?post=29116"},{"taxonomy":"post_tag","embeddable":true,"href":"https:\/\/www.shqiperia.com\/blog\/wp-json\/wp\/v2\/tags?post=29116"}],"curies":[{"name":"wp","href":"https:\/\/api.w.org\/{rel}","templated":true}]}}