{"id":29111,"date":"2019-12-09T16:16:02","date_gmt":"2019-12-09T16:16:02","guid":{"rendered":"https:\/\/www.shqiperia.com\/blog\/?p=29111"},"modified":"2019-12-09T16:16:02","modified_gmt":"2019-12-09T16:16:02","slug":"shqiperia-do-te-preket-nga-i-ftohti-arktik-ja-parashikimi-i-motit-per-kete-jave","status":"publish","type":"post","link":"https:\/\/www.shqiperia.com\/blog\/shqiperia-do-te-preket-nga-i-ftohti-arktik-ja-parashikimi-i-motit-per-kete-jave\/","title":{"rendered":"Shqip\u00ebria do t\u00eb preket nga i ftohti arktik, ja parashikimi i motit p\u00ebr k\u00ebt\u00eb jav\u00eb. &#8211;"},"content":{"rendered":"<p><img data-recalc-dims=\"1\" loading=\"lazy\" decoding=\"async\" data-attachment-id=\"29112\" data-permalink=\"https:\/\/www.shqiperia.com\/blog\/shqiperia-do-te-preket-nga-i-ftohti-arktik-ja-parashikimi-i-motit-per-kete-jave\/78591232_802387220200619_4961168452195713024_n\/\" data-orig-file=\"https:\/\/i0.wp.com\/www.shqiperia.com\/blog\/wp-content\/uploads\/2019\/12\/78591232_802387220200619_4961168452195713024_n.jpg?fit=960%2C601&amp;ssl=1\" data-orig-size=\"960,601\" data-comments-opened=\"1\" data-image-meta=\"{&quot;aperture&quot;:&quot;0&quot;,&quot;credit&quot;:&quot;&quot;,&quot;camera&quot;:&quot;&quot;,&quot;caption&quot;:&quot;&quot;,&quot;created_timestamp&quot;:&quot;0&quot;,&quot;copyright&quot;:&quot;&quot;,&quot;focal_length&quot;:&quot;0&quot;,&quot;iso&quot;:&quot;0&quot;,&quot;shutter_speed&quot;:&quot;0&quot;,&quot;title&quot;:&quot;&quot;,&quot;orientation&quot;:&quot;0&quot;}\" data-image-title=\"78591232_802387220200619_4961168452195713024_n\" data-image-description=\"\" data-image-caption=\"\" data-medium-file=\"https:\/\/i0.wp.com\/www.shqiperia.com\/blog\/wp-content\/uploads\/2019\/12\/78591232_802387220200619_4961168452195713024_n.jpg?fit=300%2C188&amp;ssl=1\" data-large-file=\"https:\/\/i0.wp.com\/www.shqiperia.com\/blog\/wp-content\/uploads\/2019\/12\/78591232_802387220200619_4961168452195713024_n.jpg?fit=960%2C601&amp;ssl=1\" class=\"alignnone  wp-image-29112\" alt=\"\" src=\"https:\/\/i0.wp.com\/www.shqiperia.com\/blog\/wp-content\/uploads\/2019\/12\/78591232_802387220200619_4961168452195713024_n.jpg?resize=578%2C362&#038;ssl=1\" width=\"578\" height=\"362\" srcset=\"https:\/\/i0.wp.com\/www.shqiperia.com\/blog\/wp-content\/uploads\/2019\/12\/78591232_802387220200619_4961168452195713024_n.jpg?resize=300%2C188&amp;ssl=1 300w, https:\/\/i0.wp.com\/www.shqiperia.com\/blog\/wp-content\/uploads\/2019\/12\/78591232_802387220200619_4961168452195713024_n.jpg?resize=768%2C481&amp;ssl=1 768w, https:\/\/i0.wp.com\/www.shqiperia.com\/blog\/wp-content\/uploads\/2019\/12\/78591232_802387220200619_4961168452195713024_n.jpg?resize=450%2C282&amp;ssl=1 450w, https:\/\/i0.wp.com\/www.shqiperia.com\/blog\/wp-content\/uploads\/2019\/12\/78591232_802387220200619_4961168452195713024_n.jpg?resize=600%2C376&amp;ssl=1 600w, https:\/\/i0.wp.com\/www.shqiperia.com\/blog\/wp-content\/uploads\/2019\/12\/78591232_802387220200619_4961168452195713024_n.jpg?resize=400%2C250&amp;ssl=1 400w, https:\/\/i0.wp.com\/www.shqiperia.com\/blog\/wp-content\/uploads\/2019\/12\/78591232_802387220200619_4961168452195713024_n.jpg?w=960&amp;ssl=1 960w\" sizes=\"auto, (max-width: 578px) 100vw, 578px\" \/><\/p>\n<p>Shqip\u00ebria do t\u00eb preket nga i ftohti arktik, ja parashikimi i motit p\u00ebr k\u00ebt\u00eb jav\u00eb<\/p>\n<p><em>9,dhjetor 2019<\/em><\/p>\n<p><strong>Nga fillimi i k\u00ebsaj jave rikthehet paq\u00ebndrueshm\u00ebria e kushteve atmosferike. Mesdita e t\u00eb h\u00ebn\u00ebs risjell reshje shiu n\u00eb Ultesir\u00ebn Per\u00ebndimore.\u00a0<\/strong><\/p>\n<p>\u201cDit\u00ebn e mart\u00eb, i gjith\u00eb vendi do t\u00eb p\u00ebrfshihet nga reshje shiu por edhe d\u00ebbore n\u00eb zonat malore p\u00ebr shkak t\u00eb masave ajrore m\u00eb t\u00eb ftohta me origjin\u00eb nga pjesa e Evrop\u00ebs Veriore.<\/p>\n<p>Shqip\u00ebria do t\u00eb preket nga i ftohti arktik dhe temperaturat do t\u00eb p\u00ebsojn\u00eb r\u00ebnie n\u00eb t\u00eb gjitha qytetet\u201d, tha meteorologia e RTSH, Rezarta Xhakollari.<\/p>\n<p>Sakaq, sipas SHMU, \u201cN\u00eb lart\u00ebsit\u00eb mbi 1600 met\u00ebr, reshjet do t\u00eb kthehen n\u00eb d\u00ebbor\u00eb me intensitet t\u00eb ul\u00ebt. P\u00ebrmir\u00ebsimi i motit do t\u00eb vij\u00eb dit\u00ebn e m\u00ebrkur\u00eb deri t\u00eb enjten n\u00eb mesdit\u00eb, koh\u00eb n\u00eb t\u00eb cil\u00ebn do t\u00eb p\u00ebrkeqsohet s\u00ebrish.<\/p>\n<p><img data-recalc-dims=\"1\" loading=\"lazy\" decoding=\"async\" data-attachment-id=\"29113\" data-permalink=\"https:\/\/www.shqiperia.com\/blog\/shqiperia-do-te-preket-nga-i-ftohti-arktik-ja-parashikimi-i-motit-per-kete-jave\/moti3\/\" data-orig-file=\"https:\/\/i0.wp.com\/www.shqiperia.com\/blog\/wp-content\/uploads\/2019\/12\/moti3.jpg?fit=635%2C388&amp;ssl=1\" data-orig-size=\"635,388\" data-comments-opened=\"1\" data-image-meta=\"{&quot;aperture&quot;:&quot;0&quot;,&quot;credit&quot;:&quot;Online2&quot;,&quot;camera&quot;:&quot;&quot;,&quot;caption&quot;:&quot;&quot;,&quot;created_timestamp&quot;:&quot;1575675122&quot;,&quot;copyright&quot;:&quot;&quot;,&quot;focal_length&quot;:&quot;0&quot;,&quot;iso&quot;:&quot;0&quot;,&quot;shutter_speed&quot;:&quot;0&quot;,&quot;title&quot;:&quot;&quot;,&quot;orientation&quot;:&quot;0&quot;}\" data-image-title=\"moti3\" data-image-description=\"\" data-image-caption=\"\" data-medium-file=\"https:\/\/i0.wp.com\/www.shqiperia.com\/blog\/wp-content\/uploads\/2019\/12\/moti3.jpg?fit=300%2C183&amp;ssl=1\" data-large-file=\"https:\/\/i0.wp.com\/www.shqiperia.com\/blog\/wp-content\/uploads\/2019\/12\/moti3.jpg?fit=635%2C388&amp;ssl=1\" class=\"alignnone  wp-image-29113\" alt=\"\" src=\"https:\/\/i0.wp.com\/www.shqiperia.com\/blog\/wp-content\/uploads\/2019\/12\/moti3.jpg?resize=661%2C403&#038;ssl=1\" width=\"661\" height=\"403\" srcset=\"https:\/\/i0.wp.com\/www.shqiperia.com\/blog\/wp-content\/uploads\/2019\/12\/moti3.jpg?resize=300%2C183&amp;ssl=1 300w, https:\/\/i0.wp.com\/www.shqiperia.com\/blog\/wp-content\/uploads\/2019\/12\/moti3.jpg?resize=450%2C275&amp;ssl=1 450w, https:\/\/i0.wp.com\/www.shqiperia.com\/blog\/wp-content\/uploads\/2019\/12\/moti3.jpg?resize=600%2C367&amp;ssl=1 600w, https:\/\/i0.wp.com\/www.shqiperia.com\/blog\/wp-content\/uploads\/2019\/12\/moti3.jpg?resize=400%2C244&amp;ssl=1 400w, https:\/\/i0.wp.com\/www.shqiperia.com\/blog\/wp-content\/uploads\/2019\/12\/moti3.jpg?w=635&amp;ssl=1 635w\" sizes=\"auto, (max-width: 661px) 100vw, 661px\" \/><\/p>\n<p>Era m\u00eb e vrullshme, parashikohet dit\u00ebn e m\u00ebrkur\u00eb nga verilindja, e m\u00eb tej pritet r\u00ebnia e temperaturave n\u00ebn 0 \u00baC si n\u00eb tabel\u00eb\u201d.<\/p>\n<p>Gazeta Panorama<\/p>\n","protected":false},"excerpt":{"rendered":"<p>Shqip\u00ebria do t\u00eb preket nga i ftohti arktik, ja parashikimi i motit p\u00ebr k\u00ebt\u00eb jav\u00eb 9,dhjetor 2019 Nga fillimi i k\u00ebsaj jave rikthehet paq\u00ebndrueshm\u00ebria e kushteve atmosferike. Mesdita e t\u00eb h\u00ebn\u00ebs risjell reshje shiu n\u00eb Ultesir\u00ebn Per\u00ebndimore.\u00a0 \u201cDit\u00ebn e mart\u00eb, i gjith\u00eb vendi do t\u00eb p\u00ebrfshihet nga reshje shiu por edhe d\u00ebbore n\u00eb zonat malore [&hellip;]<\/p>\n","protected":false},"author":9,"featured_media":29112,"comment_status":"open","ping_status":"open","sticky":false,"template":"","format":"standard","meta":{"jetpack_post_was_ever_published":false,"_jetpack_newsletter_access":"","_jetpack_dont_email_post_to_subs":false,"_jetpack_newsletter_tier_id":0,"_jetpack_memberships_contains_paywalled_content":false,"_jetpack_memberships_contains_paid_content":false,"footnotes":"","jetpack_publicize_message":"","jetpack_publicize_feature_enabled":true,"jetpack_social_post_already_shared":true,"jetpack_social_options":{"image_generator_settings":{"template":"highway","default_image_id":0,"font":"","enabled":false},"version":2}},"categories":[27,35],"tags":[],"class_list":["post-29111","post","type-post","status-publish","format-standard","has-post-thumbnail","hentry","category-blogu-i-udhetarit","category-shoqerore"],"jetpack_publicize_connections":[],"jetpack_featured_media_url":"https:\/\/i0.wp.com\/www.shqiperia.com\/blog\/wp-content\/uploads\/2019\/12\/78591232_802387220200619_4961168452195713024_n.jpg?fit=960%2C601&ssl=1","jetpack_sharing_enabled":true,"jetpack_shortlink":"https:\/\/wp.me\/p5Z6wp-7zx","jetpack-related-posts":[{"id":102085,"url":"https:\/\/www.shqiperia.com\/blog\/ne-oret-e-pasdites-priten-reshje-shiu-ja-parashikimi-i-motit-per-sot\/","url_meta":{"origin":29111,"position":0},"title":"N\u00eb or\u00ebt e pasdites priten reshje shiu, ja parashikimi i motit p\u00ebr sot","author":"Kurt Farka","date":"July 1, 2026","format":false,"excerpt":"1 Korrik 2026 Sipas Sh\u00ebrbimit Meteorologjik Ushtarak moti parashikohet me kthjellime dhe alternime vran\u00ebsirash mesatare e hera-her\u00ebs deri t\u00eb dendura p\u00ebrgjat\u00eb relieveve malore n\u00eb lindje e juglindje t\u00eb territorit, pas or\u00ebve t\u00eb pasdites pritet shp\u00ebrb\u00ebrje e vran\u00ebsirave. Pas or\u00ebve t\u00eb pasdites mot i kthjell\u00ebt n\u00eb pjes\u00ebn m\u00eb t\u00eb madhe t\u00eb\u2026","rel":"","context":"In &quot;Njoftime Shtypi&quot;","block_context":{"text":"Njoftime Shtypi","link":"https:\/\/www.shqiperia.com\/blog\/category\/njoftime-shtypi\/"},"img":{"alt_text":"","src":"https:\/\/i0.wp.com\/www.shqiperia.com\/blog\/wp-content\/uploads\/2026\/07\/mot-me-shi.jpg?fit=1200%2C707&ssl=1&resize=350%2C200","width":350,"height":200,"srcset":"https:\/\/i0.wp.com\/www.shqiperia.com\/blog\/wp-content\/uploads\/2026\/07\/mot-me-shi.jpg?fit=1200%2C707&ssl=1&resize=350%2C200 1x, https:\/\/i0.wp.com\/www.shqiperia.com\/blog\/wp-content\/uploads\/2026\/07\/mot-me-shi.jpg?fit=1200%2C707&ssl=1&resize=525%2C300 1.5x, https:\/\/i0.wp.com\/www.shqiperia.com\/blog\/wp-content\/uploads\/2026\/07\/mot-me-shi.jpg?fit=1200%2C707&ssl=1&resize=700%2C400 2x, https:\/\/i0.wp.com\/www.shqiperia.com\/blog\/wp-content\/uploads\/2026\/07\/mot-me-shi.jpg?fit=1200%2C707&ssl=1&resize=1050%2C600 3x"},"classes":[]},{"id":15552,"url":"https:\/\/www.shqiperia.com\/blog\/europa-po-dridhet-nga-i-ftohti-zbuloni-sa-ka-shkuar-temperatura-ne-shumicen-e-vendeve\/","url_meta":{"origin":29111,"position":1},"title":"Europa po dridhet nga i ftohti, zbuloni sa ka shkuar temperatura n\u00eb shumic\u00ebn e vendeve. &#8211;","author":"Kurt Farka","date":"January 4, 2019","format":false,"excerpt":"Europa po dridhet nga i ftohti, zbuloni sa ka shkuar temperatura n\u00eb shumic\u00ebn e vendeve. - 04\/01\/2019 Europa \u00ebsht\u00eb goditur nga i ftohti Arktik, dhe ky paralajm\u00ebrim vjen nga BBC Weather q\u00eb raporton se do ket\u00eb reshje t\u00eb m\u00ebdha d\u00ebbore n\u00eb zona t\u00eb Gjermanis\u00eb dhe Austris\u00eb, t\u00eb parashikuara p\u00ebr nes\u00ebr,\u2026","rel":"","context":"In &quot;Blogu i Udh\u00ebtarit&quot;","block_context":{"text":"Blogu i Udh\u00ebtarit","link":"https:\/\/www.shqiperia.com\/blog\/category\/blogu-i-udhetarit\/"},"img":{"alt_text":"","src":"https:\/\/i0.wp.com\/www.shqiperia.com\/blog\/wp-content\/uploads\/2019\/01\/arktik_0-300x176.jpg?resize=350%2C200","width":350,"height":200},"classes":[]},{"id":100468,"url":"https:\/\/www.shqiperia.com\/blog\/dite-me-diell-parashikimi-i-motit-per-sot\/","url_meta":{"origin":29111,"position":2},"title":"Dit\u00eb me diell parashikimi i motit p\u00ebr sot!","author":"Kurt Farka","date":"May 20, 2026","format":false,"excerpt":"20 Maji 2026 Sipas parashikimeve meteorologjike, kushtet atmosferike do t\u00eb dominohen nga kthjellime dhe vran\u00ebsira t\u00eb pakta kalimtare, nd\u00ebrsa temperaturat do t\u00eb mbeten t\u00eb favorshme gjat\u00eb gjith\u00eb dit\u00ebs. Temperaturat minimale dhe maksimale t\u00eb ajrit pritet t\u00eb arrijn\u00eb: N\u00eb zonat bregdetare: nga 14 deri n\u00eb 23\u00b0C N\u00eb vendet e ul\u00ebta: nga\u2026","rel":"","context":"In &quot;Blogu i Udh\u00ebtarit&quot;","block_context":{"text":"Blogu i Udh\u00ebtarit","link":"https:\/\/www.shqiperia.com\/blog\/category\/blogu-i-udhetarit\/"},"img":{"alt_text":"","src":"https:\/\/i0.wp.com\/www.shqiperia.com\/blog\/wp-content\/uploads\/2026\/05\/moti-me-diell-pranvere.jpg?fit=750%2C450&ssl=1&resize=350%2C200","width":350,"height":200,"srcset":"https:\/\/i0.wp.com\/www.shqiperia.com\/blog\/wp-content\/uploads\/2026\/05\/moti-me-diell-pranvere.jpg?fit=750%2C450&ssl=1&resize=350%2C200 1x, https:\/\/i0.wp.com\/www.shqiperia.com\/blog\/wp-content\/uploads\/2026\/05\/moti-me-diell-pranvere.jpg?fit=750%2C450&ssl=1&resize=525%2C300 1.5x, https:\/\/i0.wp.com\/www.shqiperia.com\/blog\/wp-content\/uploads\/2026\/05\/moti-me-diell-pranvere.jpg?fit=750%2C450&ssl=1&resize=700%2C400 2x"},"classes":[]},{"id":102976,"url":"https:\/\/www.shqiperia.com\/blog\/sinoptikania-freskimi-nis-te-merkuren-rrebeshe-ne-te-gjithe-territorin\/","url_meta":{"origin":29111,"position":3},"title":"Sinoptikania: &#8211; Freskimi nis t\u00eb m\u00ebrkur\u00ebn, rrebeshe n\u00eb t\u00eb gjith\u00eb territorin","author":"Kurt Farka","date":"July 20, 2026","format":false,"excerpt":"20 Korrik 2026 Shqip\u00ebria po p\u00ebrjeton dit\u00ebt e fundit t\u00eb val\u00ebs s\u00eb t\u00eb nxehtit afrikan, me temperatura q\u00eb kan\u00eb arritur deri n\u00eb 42 grad\u00eb Celsius n\u00eb disa zona. Por situata pritet t\u00eb ndryshoj\u00eb ndjesh\u00ebm gjat\u00eb k\u00ebsaj jave, pasi nj\u00eb mas\u00eb ajrore e fresk\u00ebt nga veriu i Evrop\u00ebs do t\u00eb sjell\u00eb\u2026","rel":"","context":"In &quot;Blogu i Udh\u00ebtarit&quot;","block_context":{"text":"Blogu i Udh\u00ebtarit","link":"https:\/\/www.shqiperia.com\/blog\/category\/blogu-i-udhetarit\/"},"img":{"alt_text":"","src":"https:\/\/i0.wp.com\/www.shqiperia.com\/blog\/wp-content\/uploads\/2026\/07\/shiu.jpg?fit=780%2C440&ssl=1&resize=350%2C200","width":350,"height":200,"srcset":"https:\/\/i0.wp.com\/www.shqiperia.com\/blog\/wp-content\/uploads\/2026\/07\/shiu.jpg?fit=780%2C440&ssl=1&resize=350%2C200 1x, https:\/\/i0.wp.com\/www.shqiperia.com\/blog\/wp-content\/uploads\/2026\/07\/shiu.jpg?fit=780%2C440&ssl=1&resize=525%2C300 1.5x, https:\/\/i0.wp.com\/www.shqiperia.com\/blog\/wp-content\/uploads\/2026\/07\/shiu.jpg?fit=780%2C440&ssl=1&resize=700%2C400 2x"},"classes":[]},{"id":78835,"url":"https:\/\/www.shqiperia.com\/blog\/reshje-debore-shiu-dhe-ore-me-diell-parashikimi-i-motit-per-javen-duke-filluar-nga-dita-e-merkure-pritet\/","url_meta":{"origin":29111,"position":4},"title":"Reshje d\u00ebbore, shiu dhe or\u00eb me diell, parashikimi i motit p\u00ebr jav\u00ebn: Duke filluar nga dita e m\u00ebrkur\u00eb pritet&#8230;","author":"Kurt Farka","date":"March 4, 2024","format":false,"excerpt":"4 Mars 2024 Vendi yn\u00eb gjat\u00eb k\u00ebsaj jave do t\u00eb dominohet nga kushte atmosferike t\u00eb paq\u00ebndrueshme. Kalimet e her\u00ebpasher\u00ebshme t\u00eb disa qendrave me vlera t\u00eb larta presioni me origjin\u00eb atlantike do t\u00eb b\u00ebjn\u00eb q\u00eb kjo jav\u00eb n\u00eb vendin ton\u00eb t\u00eb dominohet nga kushte atmosferike t\u00eb paq\u00ebndrueshme. Dit\u00ebn e H\u00ebn\u00eb, t\u00eb\u2026","rel":"","context":"In &quot;Blogu i Udh\u00ebtarit&quot;","block_context":{"text":"Blogu i Udh\u00ebtarit","link":"https:\/\/www.shqiperia.com\/blog\/category\/blogu-i-udhetarit\/"},"img":{"alt_text":"","src":"https:\/\/i0.wp.com\/www.shqiperia.com\/blog\/wp-content\/uploads\/2024\/03\/800-0-c4852425ad056dddbeaa3f431d263130-1.jpg?fit=800%2C509&ssl=1&resize=350%2C200","width":350,"height":200,"srcset":"https:\/\/i0.wp.com\/www.shqiperia.com\/blog\/wp-content\/uploads\/2024\/03\/800-0-c4852425ad056dddbeaa3f431d263130-1.jpg?fit=800%2C509&ssl=1&resize=350%2C200 1x, https:\/\/i0.wp.com\/www.shqiperia.com\/blog\/wp-content\/uploads\/2024\/03\/800-0-c4852425ad056dddbeaa3f431d263130-1.jpg?fit=800%2C509&ssl=1&resize=525%2C300 1.5x, https:\/\/i0.wp.com\/www.shqiperia.com\/blog\/wp-content\/uploads\/2024\/03\/800-0-c4852425ad056dddbeaa3f431d263130-1.jpg?fit=800%2C509&ssl=1&resize=700%2C400 2x"},"classes":[]},{"id":105498,"url":"https:\/\/www.shqiperia.com\/blog\/sot-do-te-kete-prezence-te-larte-te-grimcave-te-pluhurit-dhe-te-reres-ne-ajer\/","url_meta":{"origin":29111,"position":5},"title":"Sot do t\u00eb ket\u00eb prezenc\u00eb t\u00eb lart\u00eb t\u00eb grimcave t\u00eb pluhurit dhe t\u00eb r\u00ebr\u00ebs n\u00eb aj\u00ebr","author":"Kurt Farka","date":"August 30, 2026","format":false,"excerpt":"30 Gusht 2026 Prezenc\u00eb e lart\u00eb e grimcave t\u00eb pluhurit dhe r\u00ebr\u00ebs n\u00eb aj\u00ebr. P\u00ebr dit\u00ebn e Diel vendi yn\u00eb do t\u00eb ndikohet nga kushte atmosferike kryesisht t\u00eb q\u00ebndrueshme. Moti parashikohet kryesisht i kthjell\u00ebt si dhe alternime vran\u00ebsirash mesatare dhe hera-her\u00ebs deri t\u00eb dendura n\u00eb relievet kodrinore \u2013 malore t\u00eb\u2026","rel":"","context":"In &quot;Blogu i Udh\u00ebtarit&quot;","block_context":{"text":"Blogu i Udh\u00ebtarit","link":"https:\/\/www.shqiperia.com\/blog\/category\/blogu-i-udhetarit\/"},"img":{"alt_text":"","src":"https:\/\/i0.wp.com\/www.shqiperia.com\/blog\/wp-content\/uploads\/2026\/08\/moti-.jpg?fit=600%2C359&ssl=1&resize=350%2C200","width":350,"height":200,"srcset":"https:\/\/i0.wp.com\/www.shqiperia.com\/blog\/wp-content\/uploads\/2026\/08\/moti-.jpg?fit=600%2C359&ssl=1&resize=350%2C200 1x, https:\/\/i0.wp.com\/www.shqiperia.com\/blog\/wp-content\/uploads\/2026\/08\/moti-.jpg?fit=600%2C359&ssl=1&resize=525%2C300 1.5x"},"classes":[]}],"_links":{"self":[{"href":"https:\/\/www.shqiperia.com\/blog\/wp-json\/wp\/v2\/posts\/29111","targetHints":{"allow":["GET"]}}],"collection":[{"href":"https:\/\/www.shqiperia.com\/blog\/wp-json\/wp\/v2\/posts"}],"about":[{"href":"https:\/\/www.shqiperia.com\/blog\/wp-json\/wp\/v2\/types\/post"}],"author":[{"embeddable":true,"href":"https:\/\/www.shqiperia.com\/blog\/wp-json\/wp\/v2\/users\/9"}],"replies":[{"embeddable":true,"href":"https:\/\/www.shqiperia.com\/blog\/wp-json\/wp\/v2\/comments?post=29111"}],"version-history":[{"count":1,"href":"https:\/\/www.shqiperia.com\/blog\/wp-json\/wp\/v2\/posts\/29111\/revisions"}],"predecessor-version":[{"id":29114,"href":"https:\/\/www.shqiperia.com\/blog\/wp-json\/wp\/v2\/posts\/29111\/revisions\/29114"}],"wp:featuredmedia":[{"embeddable":true,"href":"https:\/\/www.shqiperia.com\/blog\/wp-json\/wp\/v2\/media\/29112"}],"wp:attachment":[{"href":"https:\/\/www.shqiperia.com\/blog\/wp-json\/wp\/v2\/media?parent=29111"}],"wp:term":[{"taxonomy":"category","embeddable":true,"href":"https:\/\/www.shqiperia.com\/blog\/wp-json\/wp\/v2\/categories?post=29111"},{"taxonomy":"post_tag","embeddable":true,"href":"https:\/\/www.shqiperia.com\/blog\/wp-json\/wp\/v2\/tags?post=29111"}],"curies":[{"name":"wp","href":"https:\/\/api.w.org\/{rel}","templated":true}]}}