{"id":29099,"date":"2019-12-09T04:51:08","date_gmt":"2019-12-09T04:51:08","guid":{"rendered":"https:\/\/www.shqiperia.com\/blog\/?p=29099"},"modified":"2019-12-09T04:51:08","modified_gmt":"2019-12-09T04:51:08","slug":"spartak-ngjela-flet-me-emra-dhe-ben-paralajmerimin-bombe-zbulon-3-politikanet-qe-do-te-fundosen-se-shpejti-gjendja-eshte-shume-e-rende-nuk-shpetojne-dot-nga-kontrolli","status":"publish","type":"post","link":"https:\/\/www.shqiperia.com\/blog\/spartak-ngjela-flet-me-emra-dhe-ben-paralajmerimin-bombe-zbulon-3-politikanet-qe-do-te-fundosen-se-shpejti-gjendja-eshte-shume-e-rende-nuk-shpetojne-dot-nga-kontrolli\/","title":{"rendered":"Spartak Ngjela flet me emra dhe b\u00ebn paralajm\u00ebrimin \u201cbomb\u00eb\u201d, zbulon 3 politikan\u00ebt q\u00eb do t\u00eb fundosen s\u00eb shpejti: Gjendja \u00ebsht\u00eb shum\u00eb e r\u00ebnd\u00eb! Nuk shp\u00ebtojn\u00eb dot nga kontrolli. &#8211;"},"content":{"rendered":"<p><img data-recalc-dims=\"1\" loading=\"lazy\" decoding=\"async\" data-attachment-id=\"29100\" data-permalink=\"https:\/\/www.shqiperia.com\/blog\/spartak-ngjela-flet-me-emra-dhe-ben-paralajmerimin-bombe-zbulon-3-politikanet-qe-do-te-fundosen-se-shpejti-gjendja-eshte-shume-e-rende-nuk-shpetojne-dot-nga-kontrolli\/maxresdefault-34\/\" data-orig-file=\"https:\/\/i0.wp.com\/www.shqiperia.com\/blog\/wp-content\/uploads\/2019\/12\/maxresdefault.jpg?fit=1280%2C720&amp;ssl=1\" data-orig-size=\"1280,720\" data-comments-opened=\"1\" data-image-meta=\"{&quot;aperture&quot;:&quot;0&quot;,&quot;credit&quot;:&quot;&quot;,&quot;camera&quot;:&quot;&quot;,&quot;caption&quot;:&quot;&quot;,&quot;created_timestamp&quot;:&quot;0&quot;,&quot;copyright&quot;:&quot;&quot;,&quot;focal_length&quot;:&quot;0&quot;,&quot;iso&quot;:&quot;0&quot;,&quot;shutter_speed&quot;:&quot;0&quot;,&quot;title&quot;:&quot;&quot;,&quot;orientation&quot;:&quot;0&quot;}\" data-image-title=\"maxresdefault\" data-image-description=\"\" data-image-caption=\"\" data-medium-file=\"https:\/\/i0.wp.com\/www.shqiperia.com\/blog\/wp-content\/uploads\/2019\/12\/maxresdefault.jpg?fit=300%2C169&amp;ssl=1\" data-large-file=\"https:\/\/i0.wp.com\/www.shqiperia.com\/blog\/wp-content\/uploads\/2019\/12\/maxresdefault.jpg?fit=1024%2C576&amp;ssl=1\" class=\"alignnone  wp-image-29100\" alt=\"\" src=\"https:\/\/i0.wp.com\/www.shqiperia.com\/blog\/wp-content\/uploads\/2019\/12\/maxresdefault.jpg?resize=570%2C321&#038;ssl=1\" width=\"570\" height=\"321\" srcset=\"https:\/\/i0.wp.com\/www.shqiperia.com\/blog\/wp-content\/uploads\/2019\/12\/maxresdefault.jpg?resize=300%2C169&amp;ssl=1 300w, https:\/\/i0.wp.com\/www.shqiperia.com\/blog\/wp-content\/uploads\/2019\/12\/maxresdefault.jpg?resize=768%2C432&amp;ssl=1 768w, https:\/\/i0.wp.com\/www.shqiperia.com\/blog\/wp-content\/uploads\/2019\/12\/maxresdefault.jpg?resize=1024%2C576&amp;ssl=1 1024w, https:\/\/i0.wp.com\/www.shqiperia.com\/blog\/wp-content\/uploads\/2019\/12\/maxresdefault.jpg?resize=450%2C253&amp;ssl=1 450w, https:\/\/i0.wp.com\/www.shqiperia.com\/blog\/wp-content\/uploads\/2019\/12\/maxresdefault.jpg?resize=600%2C338&amp;ssl=1 600w, https:\/\/i0.wp.com\/www.shqiperia.com\/blog\/wp-content\/uploads\/2019\/12\/maxresdefault.jpg?resize=400%2C225&amp;ssl=1 400w, https:\/\/i0.wp.com\/www.shqiperia.com\/blog\/wp-content\/uploads\/2019\/12\/maxresdefault.jpg?w=1280&amp;ssl=1 1280w\" sizes=\"auto, (max-width: 570px) 100vw, 570px\" \/><\/p>\n<p><strong>Spartak Ngjela flet me emra dhe b\u00ebn paralajm\u00ebrimin \u201cbomb\u00eb\u201d, zbulon 3 politikan\u00ebt q\u00eb do t\u00eb fundosen s\u00eb shpejti: Gjendja \u00ebsht\u00eb shum\u00eb e r\u00ebnd\u00eb! Nuk shp\u00ebtojn\u00eb dot nga kontrolli<\/strong><\/p>\n<p><strong>08\/12\/2019 <\/strong><\/p>\n<p>Avokat Spartak Ngjela deklaroi se tre persona jan\u00eb p\u00ebrgjegj\u00ebs p\u00ebr pasojat e t\u00ebrmetit shkat\u00ebrrues q\u00eb goditi vendin ton\u00eb m\u00ebngjesin e 26 n\u00ebntorit.<\/p>\n<p>Ngjela shprehet se \u201cmafia e nd\u00ebrtimit tani u kap. Por, bashk\u00eb me t\u00eb, jan\u00eb kapur dhe tre kryeministra: Rama Berisha, Meta\u201d.<\/p>\n<p>Sipas tij situata pas t\u00ebrmetit t\u00eb 26 n\u00ebntorit \u00ebsht\u00eb e r\u00ebnde pasi qeveria shqiptare as ka para, dhe as nuk po gjen dot para.<\/p>\n<p><strong>Ngjela shkruan:<\/strong><\/p>\n<p>\u201cGjendja e pas &#8211; t\u00ebrmetit t\u00eb 26 n\u00ebntorit \u00ebsht\u00eb e r\u00ebnde. Shum\u00eb e r\u00ebnd\u00eb. Madje, po t\u00eb ecet k\u00ebshtu, ajo do t\u00eb r\u00ebndohet edhe m\u00eb shum\u00eb ekonomikisht p\u00ebr shqiptar\u00ebt.<\/p>\n<p>Qeveria shqiptare as ka para, dhe as nuk po gjen dot para. Por, ajo \u00ebsht\u00eb edhe jasht\u00eb karakterit profesional t\u00eb nj\u00eb qeverie. Kurse Rama po i lutet Turqis\u00eb dhe Erdoganit, q\u00eb t\u00eb shp\u00ebtoj\u00eb nga goditja penale.(!)<\/p>\n<p>Ky kryeminist\u00ebr dhe kjo qeveri duhet t\u00eb largohen se nuk pranohen si individ\u00eb nga Per\u00ebndimi, por edhe mazhoranca duhet t\u00eb nxjerr\u00eb domosdoshm\u00ebrisht nj\u00eb kryeminist\u00ebr t\u00eb pakorruptuar dhe t\u00eb pranuar nga Uashingtoni e Brukseli, por, nj\u00eb qeveri me karakter t\u00eb theksuar profesional. Ky akt tani \u00ebsht\u00eb imperativi i koh\u00ebs p\u00ebr Shqip\u00ebrin\u00eb.<\/p>\n<p>l.<br \/>\nAskush nga shtetet e m\u00ebdha nuk po i jep sot para si ndihm\u00eb Shqip\u00ebris\u00eb.<br \/>\nPse?<br \/>\nSepse qeverin\u00eb Rama e kan\u00eb n\u00eb list\u00eb si t\u00eb korruptuar. Kjo \u00ebsht\u00eb arsyeja. Por ky \u00ebsht\u00eb edhe shkaku. Dhe kan\u00eb t\u00eb drejt\u00eb. Kur gjith\u00eb Per\u00ebndimi t\u00eb akuzon p\u00ebr korrupsion, dhe kur vendi i d\u00ebrmuar nga nj\u00eb periudh\u00eb dymb\u00ebdhjet\u00ebditore t\u00ebrmetesh q\u00eb po zgjat, ka nevoj\u00eb p\u00ebr ndihma n\u00eb para, kryeministri duhet t\u00eb jap\u00eb dor\u00ebheqjen. Kjo duhet t\u00eb ndodh\u00eb sepse, fakti real i mospranimit moral t\u00eb Ram\u00ebs nga Perendimi, e d\u00ebmton r\u00ebnd\u00eb edhe Shqip\u00ebrin\u00eb, edhe shqiptar\u00ebt.<\/p>\n<p>ll.<br \/>\nPse nuk jep dor\u00ebheqjen kryeministri Rama, mos ndoshta ka n\u00eb mendje iden\u00eb e lig\u00eb t\u00eb Luigjit t\u00eb XV-t\u00eb, a pr\u00e8s moi la d\u00e9luge? (mbas meje qameti)<br \/>\nApo ndoshta k\u00ebt\u00eb tjetr\u00ebn e Luigjit t\u00eb XIV &#8211; L&#8217;etat c&#8217;est moi. (Shtetit jam un\u00eb). Sepse po kuptohet q\u00eb mediokriteti i tij, n\u00eb k\u00ebt\u00eb formim e ka nd\u00ebrtuar k\u00ebt\u00eb kryeminist\u00ebr.<\/p>\n<p>N\u00ebse Rama ec\u00ebn k\u00ebshtu, do t\u00eb shkoj\u00eb shum\u00eb thell\u00eb kund\u00ebr vetes, sepse destabilizimin e Shqip\u00ebris\u00eb nuk e lejon Uashingtoni dhe as Berlini.<br \/>\nE vetmja rrug\u00eb p\u00ebr t\u00eb \u00ebsht\u00eb dor\u00ebheqja, q\u00eb t\u00eb lejoj\u00eb frym\u00ebmarrjen e Shqip\u00ebris\u00eb.<\/p>\n<p>Kjo \u00ebsht\u00eb arsyeja politike dhe historike e k\u00ebtij \u00c7asti Historik me rrezik t\u00eb jasht\u00ebzakonsh\u00ebm p\u00ebr Shqip\u00ebrin\u00eb dhe p\u00ebr shqiptar\u00ebt. Por, ky \u00ebsht\u00eb edhe kushti i n\u00ebnkuptuar i politik\u00ebs s\u00eb lart\u00eb per\u00ebndimore.<\/p>\n<p>lll.<br \/>\nMafia e nd\u00ebrtimit tani u kap. Por, bashk\u00eb me t\u00eb, jan\u00eb kapur dhe tre kryeministra: Rama Berisha, Meta.<\/p>\n<p>T\u00eb tre, kot e kan\u00eb q\u00eb bashkohen. Nuk shp\u00ebtojn\u00eb dot nga kontrolli apo nga akuza penale, sepse p\u00ebr t&#8217;u pasuruar familjarisht me mafien shqiptare t\u00eb nd\u00ebrtimit, krijuan krimin m\u00eb t\u00eb sh\u00ebmtuar n\u00eb historin\u00eb e shtetit shqiptar: vran\u00eb shqiptarit e pafajsh\u00ebm, d\u00ebmtuan shqiptar\u00ebt e varf\u00ebr dhe i krijuan Shqip\u00ebris\u00eb disa miliard\u00eb euro d\u00ebm.<br \/>\nHetimi penal \u00ebsht\u00eb domosdoshm\u00ebri, dhe ai duhet t&#8217;i nd\u00ebshkoj\u00eb t\u00eb gjith\u00eb: nd\u00ebrtuesit mafioz\u00eb, dhe pushtetar\u00ebt e korruptuar.<br \/>\nKurse Rama shkon t\u00eb lyp\u00eb n\u00eb Turqi me syret e Kuranit. Kaq i leht\u00eb mend\u00ebrisht \u00ebsht\u00eb ky kryeminist\u00ebr shkat\u00ebrrues vlerash komb\u00ebtare!!!<br \/>\nPo Erdogani, nuk do pyes\u00eb: pse nuk po i afrohet Per\u00ebndimi qeveris\u00eb Rama? Nuk e di Erdogani q\u00eb autor\u00ebt e k\u00ebsaj tragjedie shqiptare jan\u00eb t\u00eb korruptuarit e m\u00ebdhenj t\u00eb Shqip\u00ebris\u00eb?<\/p>\n<p>lV.<br \/>\nK\u00ebta t\u00eb korruptuar krijuan n\u00eb fakt nj\u00eb koh\u00eb t\u00eb lig\u00eb: pasi iu grabit\u00ebn shqiptar\u00ebve t\u00eb varf\u00ebr 10 miliard\u00eb euro me korrupsion, i d\u00ebmtuan tragjikisht edhe me miliarda t\u00eb tjet\u00ebra n\u00eb t\u00ebrmetin e 26 n\u00ebntorit.<br \/>\nDrejt\u00ebsia duhet t\u00eb jet\u00eb me q\u00ebndrim drastik kundrejt tyre.<\/p>\n<p>Politika amerikane duhet t\u00eb ringjall\u00eb n\u00eb k\u00ebto \u00e7aste drejt\u00ebsin\u00eb shqiptare p\u00ebr t\u00eb nd\u00ebshkuar k\u00ebt\u00eb krim kaq mafioz n\u00eb Shqip\u00ebri. Por duhet t\u00eb denoncoj\u00eb edhe miliardat e dollar\u00ebve q\u00eb iu ka gjetur pushtetar\u00ebve shqiptar\u00eb n\u00ebp\u00ebr bankat e zonave ofshore.<\/p>\n<p>Kjo ishte tragjedi komb\u00ebtare, por, po t\u00eb filloj\u00eb k\u00ebtu goditja penale e drejt\u00ebsis\u00eb s\u00eb re, drejtuar nga politika amerikane dhe ajo e Bashkimit Europian, historia e Shqip\u00ebris\u00eb do t\u00eb hyj\u00eb realisht n\u00eb rrjedh\u00ebn e moralitetit shtet\u00ebror dhe prosperitet shoq\u00ebror.<\/p>\n<p>Po Turqia, aty ku po p\u00ebrq\u00ebndrohet tani Rama, \u00e7far\u00eb do t\u00eb b\u00ebj\u00eb me krimin shqiptar?<br \/>\nPresidenti turk Erdogan duhet t&#8217;i kujtoj\u00eb Ram\u00ebs nd\u00ebshkimin penal drastik q\u00eb u b\u00eb n\u00eb Turqi pas t\u00ebrmetit tragjik t\u00eb saj.<\/p>\n<p>Pa nd\u00ebshkimin e krimit t\u00eb nd\u00ebrtimit korruptiv, asgj\u00eb nuk arrihet dot p\u00ebr rim\u00ebk\u00ebmbjen e Shqip\u00ebris\u00eb.<br \/>\nKjo \u00ebsht\u00eb e v\u00ebrteta e k\u00ebsaj kohe tragjike n\u00eb Shqip\u00ebri.\u201d<\/p>\n<p><img data-recalc-dims=\"1\" loading=\"lazy\" decoding=\"async\" data-attachment-id=\"29101\" data-permalink=\"https:\/\/www.shqiperia.com\/blog\/spartak-ngjela-flet-me-emra-dhe-ben-paralajmerimin-bombe-zbulon-3-politikanet-qe-do-te-fundosen-se-shpejti-gjendja-eshte-shume-e-rende-nuk-shpetojne-dot-nga-kontrolli\/ngjela-1024x7362-590x354_7\/\" data-orig-file=\"https:\/\/i0.wp.com\/www.shqiperia.com\/blog\/wp-content\/uploads\/2019\/12\/ngjela-1024x7362-590x354_7.jpg?fit=280%2C160&amp;ssl=1\" data-orig-size=\"280,160\" data-comments-opened=\"1\" data-image-meta=\"{&quot;aperture&quot;:&quot;0&quot;,&quot;credit&quot;:&quot;&quot;,&quot;camera&quot;:&quot;&quot;,&quot;caption&quot;:&quot;&quot;,&quot;created_timestamp&quot;:&quot;0&quot;,&quot;copyright&quot;:&quot;&quot;,&quot;focal_length&quot;:&quot;0&quot;,&quot;iso&quot;:&quot;0&quot;,&quot;shutter_speed&quot;:&quot;0&quot;,&quot;title&quot;:&quot;&quot;,&quot;orientation&quot;:&quot;0&quot;}\" data-image-title=\"ngjela-1024&#215;7362-590x354_7\" data-image-description=\"\" data-image-caption=\"\" data-medium-file=\"https:\/\/i0.wp.com\/www.shqiperia.com\/blog\/wp-content\/uploads\/2019\/12\/ngjela-1024x7362-590x354_7.jpg?fit=280%2C160&amp;ssl=1\" data-large-file=\"https:\/\/i0.wp.com\/www.shqiperia.com\/blog\/wp-content\/uploads\/2019\/12\/ngjela-1024x7362-590x354_7.jpg?fit=280%2C160&amp;ssl=1\" class=\"alignnone  wp-image-29101\" alt=\"\" src=\"https:\/\/i0.wp.com\/www.shqiperia.com\/blog\/wp-content\/uploads\/2019\/12\/ngjela-1024x7362-590x354_7.jpg?resize=707%2C404&#038;ssl=1\" width=\"707\" height=\"404\" \/><\/p>\n<p><strong>\/Agjensia e Lajmeve Sot News\/<\/strong><\/p>\n","protected":false},"excerpt":{"rendered":"<p>Spartak Ngjela flet me emra dhe b\u00ebn paralajm\u00ebrimin \u201cbomb\u00eb\u201d, zbulon 3 politikan\u00ebt q\u00eb do t\u00eb fundosen s\u00eb shpejti: Gjendja \u00ebsht\u00eb shum\u00eb e r\u00ebnd\u00eb! Nuk shp\u00ebtojn\u00eb dot nga kontrolli 08\/12\/2019 Avokat Spartak Ngjela deklaroi se tre persona jan\u00eb p\u00ebrgjegj\u00ebs p\u00ebr pasojat e t\u00ebrmetit shkat\u00ebrrues q\u00eb goditi vendin ton\u00eb m\u00ebngjesin e 26 n\u00ebntorit. Ngjela shprehet se \u201cmafia [&hellip;]<\/p>\n","protected":false},"author":9,"featured_media":29100,"comment_status":"open","ping_status":"open","sticky":false,"template":"","format":"standard","meta":{"jetpack_post_was_ever_published":false,"_jetpack_newsletter_access":"","_jetpack_dont_email_post_to_subs":false,"_jetpack_newsletter_tier_id":0,"_jetpack_memberships_contains_paywalled_content":false,"_jetpack_memberships_contains_paid_content":false,"footnotes":"","jetpack_publicize_message":"","jetpack_publicize_feature_enabled":true,"jetpack_social_post_already_shared":true,"jetpack_social_options":{"image_generator_settings":{"template":"highway","default_image_id":0,"font":"","enabled":false},"version":2}},"categories":[27,2],"tags":[],"class_list":["post-29099","post","type-post","status-publish","format-standard","has-post-thumbnail","hentry","category-blogu-i-udhetarit","category-politika"],"jetpack_publicize_connections":[],"jetpack_featured_media_url":"https:\/\/i0.wp.com\/www.shqiperia.com\/blog\/wp-content\/uploads\/2019\/12\/maxresdefault.jpg?fit=1280%2C720&ssl=1","jetpack_sharing_enabled":true,"jetpack_shortlink":"https:\/\/wp.me\/p5Z6wp-7zl","jetpack-related-posts":[{"id":105244,"url":"https:\/\/www.shqiperia.com\/blog\/spartak-ngjela-shqiperia-ende-nuk-po-drejtohet-nga-patrotizmi-shqiptar-por-nga-ish-renegatet-shqiptare\/","url_meta":{"origin":29099,"position":0},"title":"Spartak Ngjela: &#8211; Shqip\u00ebria ende nuk po drejtohet nga patrotizmi shqiptar, por nga ish renegatet shqiptar\u00eb","author":"Kurt Farka","date":"August 26, 2026","format":false,"excerpt":"26 Gusht 2026 Spartak Ngjela zb\u00ebrthen prapaskenat e forta dhe nxjerr zbuluar loj\u00ebn e Tiran\u00ebs, ja si frika nga SHBA dhe faktorizimi i shqiptar\u00ebve ka trembur Edi Ram\u00ebn Avokat i njohur, Spartak Ngjela ka zb\u00ebrthyer prapaskenat e forta politike, duke nxjerr\u00eb zbuluar loj\u00ebn e Tiran\u00ebs zyrtare dhe frik\u00ebn e saj\u2026","rel":"","context":"In &quot;Kultura&quot;","block_context":{"text":"Kultura","link":"https:\/\/www.shqiperia.com\/blog\/category\/kultura\/"},"img":{"alt_text":"","src":"https:\/\/i0.wp.com\/www.shqiperia.com\/blog\/wp-content\/uploads\/2026\/08\/ajdss-6a8ea84e2f7cd-1.png?fit=622%2C386&ssl=1&resize=350%2C200","width":350,"height":200,"srcset":"https:\/\/i0.wp.com\/www.shqiperia.com\/blog\/wp-content\/uploads\/2026\/08\/ajdss-6a8ea84e2f7cd-1.png?fit=622%2C386&ssl=1&resize=350%2C200 1x, https:\/\/i0.wp.com\/www.shqiperia.com\/blog\/wp-content\/uploads\/2026\/08\/ajdss-6a8ea84e2f7cd-1.png?fit=622%2C386&ssl=1&resize=525%2C300 1.5x"},"classes":[]},{"id":101893,"url":"https:\/\/www.shqiperia.com\/blog\/spartak-ngjela-paralajmeron-fundin-e-edi-rames-ja-levizja-e-gabuar-qe-do-ta-coje-kryeministrin-para-spak-ut\/","url_meta":{"origin":29099,"position":1},"title":"Spartak Ngjela paralajm\u00ebron fundin e Edi Ram\u00ebs, ja l\u00ebvizja e gabuar q\u00eb do ta \u00e7oj\u00eb kryeministrin para SPAK-ut","author":"Kurt Farka","date":"June 27, 2026","format":false,"excerpt":"28 Qershor 2026 Avokati i njohur, Spartak Ngjela, ka reaguar dje ashp\u00ebr n\u00eb rrjetet sociale, duke l\u00ebshuar paralajm\u00ebrime t\u00eb r\u00ebnda p\u00ebr telashe t\u00eb m\u00ebdha politike dhe juridike ndaj kryeministrit Edi Rama. P\u00ebrmes nj\u00eb analize t\u00eb prer\u00eb, z. Ngjela ka theksuar se Gjiri i Vlor\u00ebs dhe Ishulli i Sazanit p\u00ebrb\u00ebjn\u00eb territore\u2026","rel":"","context":"In &quot;Blogu i Udh\u00ebtarit&quot;","block_context":{"text":"Blogu i Udh\u00ebtarit","link":"https:\/\/www.shqiperia.com\/blog\/category\/blogu-i-udhetarit\/"},"img":{"alt_text":"","src":"https:\/\/i0.wp.com\/www.shqiperia.com\/blog\/wp-content\/uploads\/2026\/06\/ngjela-rama-1-1.jpg?fit=863%2C432&ssl=1&resize=350%2C200","width":350,"height":200,"srcset":"https:\/\/i0.wp.com\/www.shqiperia.com\/blog\/wp-content\/uploads\/2026\/06\/ngjela-rama-1-1.jpg?fit=863%2C432&ssl=1&resize=350%2C200 1x, https:\/\/i0.wp.com\/www.shqiperia.com\/blog\/wp-content\/uploads\/2026\/06\/ngjela-rama-1-1.jpg?fit=863%2C432&ssl=1&resize=525%2C300 1.5x, https:\/\/i0.wp.com\/www.shqiperia.com\/blog\/wp-content\/uploads\/2026\/06\/ngjela-rama-1-1.jpg?fit=863%2C432&ssl=1&resize=700%2C400 2x"},"classes":[]},{"id":103628,"url":"https:\/\/www.shqiperia.com\/blog\/rama-ne-fund-te-ciklit-politik-spartak-ngjela-paralajmeron-zhvillime-te-forta-ja-roli-i-amerikaneve-dhe\/","url_meta":{"origin":29099,"position":2},"title":"Rama n\u00eb fund t\u00eb ciklit politik, Spartak Ngjela paralajm\u00ebron zhvillime t\u00eb forta, ja roli i amerikan\u00ebve dhe\u2026","author":"Kurt Farka","date":"August 1, 2026","format":false,"excerpt":"1 Gusht 2026 Rigels Seliman Avokati i njohur, Spartak Ngjela, ka hedhur akuza t\u00eb forta ndaj kryeministrit Edi Rama, nd\u00ebrsa shpreh bindjen se ai \u00ebsht\u00eb n\u00eb fund t\u00eb ciklit t\u00eb tij politik. P\u00ebrmes nj\u00eb reagimi n\u00eb rrjetet sociale, Ngjela analizon se pushteti i kryeministrit \u00ebsht\u00eb nd\u00ebrtuar mbi komplekse dhe frik\u00eb\u2026","rel":"","context":"In &quot;Blogu i Udh\u00ebtarit&quot;","block_context":{"text":"Blogu i Udh\u00ebtarit","link":"https:\/\/www.shqiperia.com\/blog\/category\/blogu-i-udhetarit\/"},"img":{"alt_text":"","src":"https:\/\/i0.wp.com\/www.shqiperia.com\/blog\/wp-content\/uploads\/2026\/08\/foto-2.jpg-1-1140x570-1.jpeg?fit=1140%2C570&ssl=1&resize=350%2C200","width":350,"height":200,"srcset":"https:\/\/i0.wp.com\/www.shqiperia.com\/blog\/wp-content\/uploads\/2026\/08\/foto-2.jpg-1-1140x570-1.jpeg?fit=1140%2C570&ssl=1&resize=350%2C200 1x, https:\/\/i0.wp.com\/www.shqiperia.com\/blog\/wp-content\/uploads\/2026\/08\/foto-2.jpg-1-1140x570-1.jpeg?fit=1140%2C570&ssl=1&resize=525%2C300 1.5x, https:\/\/i0.wp.com\/www.shqiperia.com\/blog\/wp-content\/uploads\/2026\/08\/foto-2.jpg-1-1140x570-1.jpeg?fit=1140%2C570&ssl=1&resize=700%2C400 2x, https:\/\/i0.wp.com\/www.shqiperia.com\/blog\/wp-content\/uploads\/2026\/08\/foto-2.jpg-1-1140x570-1.jpeg?fit=1140%2C570&ssl=1&resize=1050%2C600 3x"},"classes":[]},{"id":101785,"url":"https:\/\/www.shqiperia.com\/blog\/ngjela-rama-ben-sikur-nuk-e-kupton-se-e-ka-opinionin-publik-kunder-te-jape-doreheqjen-po-demton-shqiperine\/","url_meta":{"origin":29099,"position":3},"title":"Ngjela: &#8211; Rama b\u00ebn sikur nuk e kupton se e ka opinionin publik kund\u00ebr\u201d. &#8211; T\u00eb jap\u00eb dor\u00ebheqjen, po d\u00ebmton Shqip\u00ebrin\u00eb","author":"Kurt Farka","date":"June 25, 2026","format":false,"excerpt":"25 Qershor 2025 Prej m\u00eb shum\u00eb se tre jav\u00ebsh protestuesit kan\u00eb dal\u00eb masivisht n\u00eb sheshe p\u00ebr t\u00eb k\u00ebrkuar dor\u00ebheqjen e qeveris\u00eb dhe nj\u00eb qeveri t\u00eb re tranzitore, apolitike. P\u00ebrmes nj\u00eb postimi n\u00eb rrjetet sociale avokati Spartak Ngjela ka deklaruar se Rama nuk di kufirin mes partis\u00eb dhe tij dhe po\u2026","rel":"","context":"In &quot;Blogu i Udh\u00ebtarit&quot;","block_context":{"text":"Blogu i Udh\u00ebtarit","link":"https:\/\/www.shqiperia.com\/blog\/category\/blogu-i-udhetarit\/"},"img":{"alt_text":"","src":"https:\/\/i0.wp.com\/www.shqiperia.com\/blog\/wp-content\/uploads\/2026\/06\/ngjela-rama-.jpg?fit=863%2C432&ssl=1&resize=350%2C200","width":350,"height":200,"srcset":"https:\/\/i0.wp.com\/www.shqiperia.com\/blog\/wp-content\/uploads\/2026\/06\/ngjela-rama-.jpg?fit=863%2C432&ssl=1&resize=350%2C200 1x, https:\/\/i0.wp.com\/www.shqiperia.com\/blog\/wp-content\/uploads\/2026\/06\/ngjela-rama-.jpg?fit=863%2C432&ssl=1&resize=525%2C300 1.5x, https:\/\/i0.wp.com\/www.shqiperia.com\/blog\/wp-content\/uploads\/2026\/06\/ngjela-rama-.jpg?fit=863%2C432&ssl=1&resize=700%2C400 2x"},"classes":[]},{"id":101851,"url":"https:\/\/www.shqiperia.com\/blog\/avokati-spartak-ngjela-e-krahason-kryeministrin-me-ish-diktatorin-enver-hoxha\/","url_meta":{"origin":29099,"position":4},"title":"Avokati Spartak Ngjela e krahason kryeministrin me ish diktatorin Enver Hoxha","author":"Kurt Farka","date":"June 26, 2026","format":false,"excerpt":"26 Qershor 2026 Vijojn\u00eb prej 27 dit\u00ebsh protestat masive ku qytetar\u00ebt k\u00ebrkojn\u00eb largimin e qeveris\u00eb dhe dor\u00ebheqjen e pa negociueshme t\u00eb kryeministrit Edi Rama. Avokati Spartak Ngjela n\u00eb nj\u00eb postim n\u00eb rrjetet sociale e ka krahasuar kryeministrin me ish diktatorin Enver Hoxha, lidhur me deklaratat q\u00eb protestat jan\u00eb organizuar nga\u2026","rel":"","context":"In &quot;Blogu i Udh\u00ebtarit&quot;","block_context":{"text":"Blogu i Udh\u00ebtarit","link":"https:\/\/www.shqiperia.com\/blog\/category\/blogu-i-udhetarit\/"},"img":{"alt_text":"","src":"https:\/\/i0.wp.com\/www.shqiperia.com\/blog\/wp-content\/uploads\/2026\/06\/maxresdefault-2.jpg?fit=1200%2C675&ssl=1&resize=350%2C200","width":350,"height":200,"srcset":"https:\/\/i0.wp.com\/www.shqiperia.com\/blog\/wp-content\/uploads\/2026\/06\/maxresdefault-2.jpg?fit=1200%2C675&ssl=1&resize=350%2C200 1x, https:\/\/i0.wp.com\/www.shqiperia.com\/blog\/wp-content\/uploads\/2026\/06\/maxresdefault-2.jpg?fit=1200%2C675&ssl=1&resize=525%2C300 1.5x, https:\/\/i0.wp.com\/www.shqiperia.com\/blog\/wp-content\/uploads\/2026\/06\/maxresdefault-2.jpg?fit=1200%2C675&ssl=1&resize=700%2C400 2x, https:\/\/i0.wp.com\/www.shqiperia.com\/blog\/wp-content\/uploads\/2026\/06\/maxresdefault-2.jpg?fit=1200%2C675&ssl=1&resize=1050%2C600 3x"},"classes":[]},{"id":104131,"url":"https:\/\/www.shqiperia.com\/blog\/pse-shba-solli-nje-gjeneral-per-ambasador-ne-tirane-spartak-ngjela-zberthen-levizjen-strategjike-te-uashingtonit\/","url_meta":{"origin":29099,"position":5},"title":"Pse SHBA solli nj\u00eb gjeneral p\u00ebr ambasador n\u00eb Tiran\u00eb, Spartak Ngjela zb\u00ebrthen l\u00ebvizjen strategjike t\u00eb Uashingtonit\u2026","author":"Kurt Farka","date":"August 10, 2026","format":false,"excerpt":"10 Gusht 2026 Konfirmimi i gjeneral-lejtnantit n\u00eb pension Eric Wendt si ambasadori i ri i Shteteve t\u00eb Bashkuara t\u00eb Amerik\u00ebs (SHBA) n\u00eb Shqip\u00ebri ka ndezur diskutime t\u00eb forta p\u00ebr nj\u00eb ndryshim t\u00eb r\u00ebnd\u00ebsish\u00ebm n\u00eb marr\u00ebdh\u00ebniet Tiran\u00eb\u2013Washington. Avokat i njohur, Spartak Ngjela ka reaguar n\u00eb rrjetet social, nd\u00ebrsa e cil\u00ebson k\u00ebt\u00eb\u2026","rel":"","context":"In &quot;Blogu i Udh\u00ebtarit&quot;","block_context":{"text":"Blogu i Udh\u00ebtarit","link":"https:\/\/www.shqiperia.com\/blog\/category\/blogu-i-udhetarit\/"},"img":{"alt_text":"","src":"https:\/\/i0.wp.com\/www.shqiperia.com\/blog\/wp-content\/uploads\/2026\/08\/1200-630-ngjela-1.jpg?fit=1200%2C630&ssl=1&resize=350%2C200","width":350,"height":200,"srcset":"https:\/\/i0.wp.com\/www.shqiperia.com\/blog\/wp-content\/uploads\/2026\/08\/1200-630-ngjela-1.jpg?fit=1200%2C630&ssl=1&resize=350%2C200 1x, https:\/\/i0.wp.com\/www.shqiperia.com\/blog\/wp-content\/uploads\/2026\/08\/1200-630-ngjela-1.jpg?fit=1200%2C630&ssl=1&resize=525%2C300 1.5x, https:\/\/i0.wp.com\/www.shqiperia.com\/blog\/wp-content\/uploads\/2026\/08\/1200-630-ngjela-1.jpg?fit=1200%2C630&ssl=1&resize=700%2C400 2x, https:\/\/i0.wp.com\/www.shqiperia.com\/blog\/wp-content\/uploads\/2026\/08\/1200-630-ngjela-1.jpg?fit=1200%2C630&ssl=1&resize=1050%2C600 3x"},"classes":[]}],"_links":{"self":[{"href":"https:\/\/www.shqiperia.com\/blog\/wp-json\/wp\/v2\/posts\/29099","targetHints":{"allow":["GET"]}}],"collection":[{"href":"https:\/\/www.shqiperia.com\/blog\/wp-json\/wp\/v2\/posts"}],"about":[{"href":"https:\/\/www.shqiperia.com\/blog\/wp-json\/wp\/v2\/types\/post"}],"author":[{"embeddable":true,"href":"https:\/\/www.shqiperia.com\/blog\/wp-json\/wp\/v2\/users\/9"}],"replies":[{"embeddable":true,"href":"https:\/\/www.shqiperia.com\/blog\/wp-json\/wp\/v2\/comments?post=29099"}],"version-history":[{"count":1,"href":"https:\/\/www.shqiperia.com\/blog\/wp-json\/wp\/v2\/posts\/29099\/revisions"}],"predecessor-version":[{"id":29102,"href":"https:\/\/www.shqiperia.com\/blog\/wp-json\/wp\/v2\/posts\/29099\/revisions\/29102"}],"wp:featuredmedia":[{"embeddable":true,"href":"https:\/\/www.shqiperia.com\/blog\/wp-json\/wp\/v2\/media\/29100"}],"wp:attachment":[{"href":"https:\/\/www.shqiperia.com\/blog\/wp-json\/wp\/v2\/media?parent=29099"}],"wp:term":[{"taxonomy":"category","embeddable":true,"href":"https:\/\/www.shqiperia.com\/blog\/wp-json\/wp\/v2\/categories?post=29099"},{"taxonomy":"post_tag","embeddable":true,"href":"https:\/\/www.shqiperia.com\/blog\/wp-json\/wp\/v2\/tags?post=29099"}],"curies":[{"name":"wp","href":"https:\/\/api.w.org\/{rel}","templated":true}]}}