{"id":29096,"date":"2019-12-09T03:18:49","date_gmt":"2019-12-09T03:18:49","guid":{"rendered":"https:\/\/www.shqiperia.com\/blog\/?p=29096"},"modified":"2019-12-09T03:18:49","modified_gmt":"2019-12-09T03:18:49","slug":"kemi-mungese-totale-te-institucioneve-diplomati-nesho-vetem-presidenti-i-republikes-ka-mbetur-edhe-ai-po-goditet","status":"publish","type":"post","link":"https:\/\/www.shqiperia.com\/blog\/kemi-mungese-totale-te-institucioneve-diplomati-nesho-vetem-presidenti-i-republikes-ka-mbetur-edhe-ai-po-goditet\/","title":{"rendered":"\u201cKemi munges\u00eb totale t\u00eb institucioneve\u201d, diplomati Nesho: Vet\u00ebm Presidenti i Republik\u00ebs ka mbetur, edhe ai po goditet"},"content":{"rendered":"<p><img data-recalc-dims=\"1\" loading=\"lazy\" decoding=\"async\" data-attachment-id=\"29097\" data-permalink=\"https:\/\/www.shqiperia.com\/blog\/kemi-mungese-totale-te-institucioneve-diplomati-nesho-vetem-presidenti-i-republikes-ka-mbetur-edhe-ai-po-goditet\/nesho1\/\" data-orig-file=\"https:\/\/i0.wp.com\/www.shqiperia.com\/blog\/wp-content\/uploads\/2019\/12\/nesho1.jpg?fit=730%2C409&amp;ssl=1\" data-orig-size=\"730,409\" data-comments-opened=\"1\" data-image-meta=\"{&quot;aperture&quot;:&quot;0&quot;,&quot;credit&quot;:&quot;Administrator&quot;,&quot;camera&quot;:&quot;&quot;,&quot;caption&quot;:&quot;&quot;,&quot;created_timestamp&quot;:&quot;1575666917&quot;,&quot;copyright&quot;:&quot;&quot;,&quot;focal_length&quot;:&quot;0&quot;,&quot;iso&quot;:&quot;0&quot;,&quot;shutter_speed&quot;:&quot;0&quot;,&quot;title&quot;:&quot;&quot;,&quot;orientation&quot;:&quot;0&quot;}\" data-image-title=\"nesho1\" data-image-description=\"\" data-image-caption=\"\" data-medium-file=\"https:\/\/i0.wp.com\/www.shqiperia.com\/blog\/wp-content\/uploads\/2019\/12\/nesho1.jpg?fit=300%2C168&amp;ssl=1\" data-large-file=\"https:\/\/i0.wp.com\/www.shqiperia.com\/blog\/wp-content\/uploads\/2019\/12\/nesho1.jpg?fit=730%2C409&amp;ssl=1\" class=\"alignnone  wp-image-29097\" alt=\"\" src=\"https:\/\/i0.wp.com\/www.shqiperia.com\/blog\/wp-content\/uploads\/2019\/12\/nesho1.jpg?resize=480%2C269&#038;ssl=1\" width=\"480\" height=\"269\" srcset=\"https:\/\/i0.wp.com\/www.shqiperia.com\/blog\/wp-content\/uploads\/2019\/12\/nesho1.jpg?resize=300%2C168&amp;ssl=1 300w, https:\/\/i0.wp.com\/www.shqiperia.com\/blog\/wp-content\/uploads\/2019\/12\/nesho1.jpg?resize=450%2C252&amp;ssl=1 450w, https:\/\/i0.wp.com\/www.shqiperia.com\/blog\/wp-content\/uploads\/2019\/12\/nesho1.jpg?resize=600%2C336&amp;ssl=1 600w, https:\/\/i0.wp.com\/www.shqiperia.com\/blog\/wp-content\/uploads\/2019\/12\/nesho1.jpg?resize=400%2C224&amp;ssl=1 400w, https:\/\/i0.wp.com\/www.shqiperia.com\/blog\/wp-content\/uploads\/2019\/12\/nesho1.jpg?w=730&amp;ssl=1 730w\" sizes=\"auto, (max-width: 480px) 100vw, 480px\" \/><\/p>\n<p>\u201cKemi munges\u00eb totale t\u00eb institucioneve\u201d, diplomati Nesho: Vet\u00ebm Presidenti i Republik\u00ebs ka mbetur, edhe ai po goditet<\/p>\n<p><em>6 dhjetor \u00a02019<\/em><\/p>\n<p><strong>Diplomati Agim Nesho, ish-ambasador i Shqip\u00ebris\u00eb n\u00eb Kombet e Bashkuara shprehet i bindur se n\u00eb Shqip\u00ebri ka nj\u00eb devijim t\u00eb demokracis\u00eb dhe munges\u00eb totale t\u00eb institucioneve.<\/strong><\/p>\n<p>N\u00eb nj\u00eb intervist\u00eb p\u00ebr \u201cZ\u00ebrin e Amerik\u00ebs\u201d, Nesho tha se parlamenti n\u00eb vend \u00ebsht\u00eb jofunksional dhe Presidenca si i vetmi institucion i pakapur, po goditet.<\/p>\n<p>\u201cN\u00eb Shqip\u00ebri kemi\u00a0 nj\u00eb devijim t\u00eb demokracis\u00eb. Fenomeni autoritar i lidershipit \u00ebsht\u00eb i shprehur. Kemi nj\u00eb munges\u00eb totale t\u00eb institucioneve. Parlamenti \u00ebsht\u00eb jofunksional. I vetmi institucion q\u00eb ka mbetur edhe ai po goditet dhe \u00ebsht\u00eb ai i Presidentit t\u00eb Republik\u00ebs dhe mund t\u00eb mund\u00ebsonte nj\u00eb balanc\u00eb t\u00eb pushtetit.<\/p>\n<p>T\u00eb gjitha k\u00ebto tregojn\u00eb q\u00eb evidentimet nga ana e kryeministrit jan\u00eb m\u00eb tep\u00ebr nj\u00eb shprehje q\u00eb shoq\u00ebron retorik\u00ebn e tij sesa \u00ebsht\u00eb situata reale n\u00eb vend. Vendi ka nevoj\u00eb p\u00ebr t\u2019iu rikthyer demokracis\u00eb funksionale dhe kjo vjen vet\u00ebm n\u00eb nj\u00eb m\u00ebnyr\u00eb, n\u00ebp\u00ebrmjet zgjedhjeve t\u00eb reja\u201d, deklaroi Nesho.<\/p>\n","protected":false},"excerpt":{"rendered":"<p>\u201cKemi munges\u00eb totale t\u00eb institucioneve\u201d, diplomati Nesho: Vet\u00ebm Presidenti i Republik\u00ebs ka mbetur, edhe ai po goditet 6 dhjetor \u00a02019 Diplomati Agim Nesho, ish-ambasador i Shqip\u00ebris\u00eb n\u00eb Kombet e Bashkuara shprehet i bindur se n\u00eb Shqip\u00ebri ka nj\u00eb devijim t\u00eb demokracis\u00eb dhe munges\u00eb totale t\u00eb institucioneve. N\u00eb nj\u00eb intervist\u00eb p\u00ebr \u201cZ\u00ebrin e Amerik\u00ebs\u201d, Nesho tha [&hellip;]<\/p>\n","protected":false},"author":9,"featured_media":29097,"comment_status":"open","ping_status":"open","sticky":false,"template":"","format":"standard","meta":{"jetpack_post_was_ever_published":false,"_jetpack_newsletter_access":"","_jetpack_dont_email_post_to_subs":false,"_jetpack_newsletter_tier_id":0,"_jetpack_memberships_contains_paywalled_content":false,"_jetpack_memberships_contains_paid_content":false,"footnotes":"","jetpack_publicize_message":"","jetpack_publicize_feature_enabled":true,"jetpack_social_post_already_shared":true,"jetpack_social_options":{"image_generator_settings":{"template":"highway","default_image_id":0,"font":"","enabled":false},"version":2}},"categories":[27,35],"tags":[],"class_list":["post-29096","post","type-post","status-publish","format-standard","has-post-thumbnail","hentry","category-blogu-i-udhetarit","category-shoqerore"],"jetpack_publicize_connections":[],"jetpack_featured_media_url":"https:\/\/i0.wp.com\/www.shqiperia.com\/blog\/wp-content\/uploads\/2019\/12\/nesho1.jpg?fit=730%2C409&ssl=1","jetpack_sharing_enabled":true,"jetpack_shortlink":"https:\/\/wp.me\/p5Z6wp-7zi","jetpack-related-posts":[{"id":102413,"url":"https:\/\/www.shqiperia.com\/blog\/jaho-brahaj-se-pari-muze-te-trashegimise-dhe-artit-kombetar-me-vone-te-qyteterimit-islamik-2\/","url_meta":{"origin":29096,"position":0},"title":"Jaho Brahaj: &#8211; S\u00eb pari muze t\u00eb trash\u00ebgimis\u00eb dhe artit komb\u00ebtar, m\u00eb von\u00eb t\u00eb qytet\u00ebrimit islamik","author":"Kurt Farka","date":"July 9, 2026","format":false,"excerpt":"9 Korrik 2026 ... N\u00eb vitin 2023 me nism\u00ebn e Bashkis\u00eb Tiran\u00eb me parat\u00eb e taksapaguesve t\u00eb qytetar\u00ebve u ble Saraji i Toptan\u00ebve me destinacion Muze Etnografik i Tiran\u00ebs...- Edvin Rama po ja shet nje shoqate per Muze islamik.... Tirana nuk ka nj\u00eb muze etnografik, por mungesa e tij ka\u2026","rel":"","context":"In &quot;Arte&quot;","block_context":{"text":"Arte","link":"https:\/\/www.shqiperia.com\/blog\/category\/arte\/"},"img":{"alt_text":"","src":"https:\/\/i0.wp.com\/www.shqiperia.com\/blog\/wp-content\/uploads\/2026\/07\/Jaho-Brahaj.jpg?fit=610%2C436&ssl=1&resize=350%2C200","width":350,"height":200,"srcset":"https:\/\/i0.wp.com\/www.shqiperia.com\/blog\/wp-content\/uploads\/2026\/07\/Jaho-Brahaj.jpg?fit=610%2C436&ssl=1&resize=350%2C200 1x, https:\/\/i0.wp.com\/www.shqiperia.com\/blog\/wp-content\/uploads\/2026\/07\/Jaho-Brahaj.jpg?fit=610%2C436&ssl=1&resize=525%2C300 1.5x"},"classes":[]},{"id":101878,"url":"https:\/\/www.shqiperia.com\/blog\/dilni-z-president\/","url_meta":{"origin":29096,"position":1},"title":"Dilni, z.President!","author":"Kurt Farka","date":"June 27, 2026","format":false,"excerpt":"27 Qershor 2026 Nga Fatos Tarifa \u00c7far\u00eb dim\u00eb Shqip\u00ebria \u00ebsht\u00eb Republik\u00eb Parlamentare dhe kjo republik\u00eb ju ka Juve Kryetar t\u00eb saj. E keni marr\u00eb k\u00ebt\u00eb post shtet\u00ebror, postin m\u00eb t\u00eb lart\u00eb t\u00eb Republik\u00ebs, jo nga vota e popullit, por nga vota shumic\u00ebs s\u00eb deputet\u00ebve t\u00eb Kuvendit t\u00eb Shqip\u00ebris\u00eb q\u00eb nuk\u2026","rel":"","context":"In &quot;Blogu i Udh\u00ebtarit&quot;","block_context":{"text":"Blogu i Udh\u00ebtarit","link":"https:\/\/www.shqiperia.com\/blog\/category\/blogu-i-udhetarit\/"},"img":{"alt_text":"","src":"https:\/\/i0.wp.com\/www.shqiperia.com\/blog\/wp-content\/uploads\/2026\/06\/Screenshot_20260626_213452_Gallery.jpg?fit=720%2C637&ssl=1&resize=350%2C200","width":350,"height":200,"srcset":"https:\/\/i0.wp.com\/www.shqiperia.com\/blog\/wp-content\/uploads\/2026\/06\/Screenshot_20260626_213452_Gallery.jpg?fit=720%2C637&ssl=1&resize=350%2C200 1x, https:\/\/i0.wp.com\/www.shqiperia.com\/blog\/wp-content\/uploads\/2026\/06\/Screenshot_20260626_213452_Gallery.jpg?fit=720%2C637&ssl=1&resize=525%2C300 1.5x, https:\/\/i0.wp.com\/www.shqiperia.com\/blog\/wp-content\/uploads\/2026\/06\/Screenshot_20260626_213452_Gallery.jpg?fit=720%2C637&ssl=1&resize=700%2C400 2x"},"classes":[]},{"id":104000,"url":"https:\/\/www.shqiperia.com\/blog\/rama-si-putini-lubonja-per-gazeten-franceze-krimi-i-organizuar-eshte-integruar-ne-qeveri-be-mbyll-syte\/","url_meta":{"origin":29096,"position":2},"title":"&#8216;Rama si Putini&#8217;\/ Lubonja p\u00ebr gazet\u00ebn franceze: &#8211; Krimi i organizuar \u00ebsht\u00eb integruar n\u00eb qeveri, BE mbyll syt\u00eb","author":"Kurt Farka","date":"August 8, 2026","format":false,"excerpt":"8 Gusht 2026 \u201cRevolucioni i flamingove\u201d vazhdon n\u00eb Shqip\u00ebri p\u00ebr t\u00eb protestuar kund\u00ebr nj\u00eb projekti imobiliar t\u00eb mb\u00ebshtetur nga Jared Kushner, dh\u00ebndri i Donald Trumpit. Nj\u00eb tjet\u00ebr protest\u00eb \u00ebsht\u00eb parashikuar n\u00eb Tiran\u00eb k\u00ebt\u00eb t\u00eb shtun\u00eb, m\u00eb 8 gusht. Sipas historianit shqiptar Fatos Lubonj\u00ebs, popullsia po shpreh kund\u00ebrshtimin ndaj regjimit kleptokratik\u2026","rel":"","context":"In &quot;Blogu i Udh\u00ebtarit&quot;","block_context":{"text":"Blogu i Udh\u00ebtarit","link":"https:\/\/www.shqiperia.com\/blog\/category\/blogu-i-udhetarit\/"},"img":{"alt_text":"","src":"https:\/\/i0.wp.com\/www.shqiperia.com\/blog\/wp-content\/uploads\/2026\/08\/auto_rama-51786175542.webp?fit=1000%2C600&ssl=1&resize=350%2C200","width":350,"height":200,"srcset":"https:\/\/i0.wp.com\/www.shqiperia.com\/blog\/wp-content\/uploads\/2026\/08\/auto_rama-51786175542.webp?fit=1000%2C600&ssl=1&resize=350%2C200 1x, https:\/\/i0.wp.com\/www.shqiperia.com\/blog\/wp-content\/uploads\/2026\/08\/auto_rama-51786175542.webp?fit=1000%2C600&ssl=1&resize=525%2C300 1.5x, https:\/\/i0.wp.com\/www.shqiperia.com\/blog\/wp-content\/uploads\/2026\/08\/auto_rama-51786175542.webp?fit=1000%2C600&ssl=1&resize=700%2C400 2x"},"classes":[]},{"id":101795,"url":"https:\/\/www.shqiperia.com\/blog\/presidenti-begaj-reagon-per-here-te-pare-pas-25-ditesh-nxis-dialogun-me-kryeministrin\/","url_meta":{"origin":29096,"position":3},"title":"Presidenti Begaj reagon p\u00ebr her\u00eb t\u00eb par\u00eb pas 25 ditesh &#8211; Nxis dialogun me Kryeministrin.","author":"Kurt Farka","date":"June 25, 2026","format":false,"excerpt":"25 Qershor 2026 Presidenti\u00a0Bajram Begaj\u00a0ka reaguar p\u00ebr her\u00eb t\u00eb par\u00eb lidhur me protestat q\u00eb po zhvillohen prej 25 dit\u00ebsh radhazi n\u00eb\u00a0Tiran\u00eb, duke theksuar se e drejta e qytetar\u00ebve p\u00ebr t\u2019u shprehur dhe p\u00ebr t\u00eb marr\u00eb pjes\u00eb n\u00eb jet\u00ebn publike \u00ebsht\u00eb nj\u00eb vler\u00eb e mbrojtur nga Kushtetuta. Gjat\u00eb ceremonis\u00eb s\u00eb 100-vjetorit\u2026","rel":"","context":"In &quot;Blogu i Udh\u00ebtarit&quot;","block_context":{"text":"Blogu i Udh\u00ebtarit","link":"https:\/\/www.shqiperia.com\/blog\/category\/blogu-i-udhetarit\/"},"img":{"alt_text":"","src":"https:\/\/i0.wp.com\/www.shqiperia.com\/blog\/wp-content\/uploads\/2026\/06\/719949970_4596076797282254_8971063577264261369_n.jpg?fit=1200%2C873&ssl=1&resize=350%2C200","width":350,"height":200,"srcset":"https:\/\/i0.wp.com\/www.shqiperia.com\/blog\/wp-content\/uploads\/2026\/06\/719949970_4596076797282254_8971063577264261369_n.jpg?fit=1200%2C873&ssl=1&resize=350%2C200 1x, https:\/\/i0.wp.com\/www.shqiperia.com\/blog\/wp-content\/uploads\/2026\/06\/719949970_4596076797282254_8971063577264261369_n.jpg?fit=1200%2C873&ssl=1&resize=525%2C300 1.5x, https:\/\/i0.wp.com\/www.shqiperia.com\/blog\/wp-content\/uploads\/2026\/06\/719949970_4596076797282254_8971063577264261369_n.jpg?fit=1200%2C873&ssl=1&resize=700%2C400 2x, https:\/\/i0.wp.com\/www.shqiperia.com\/blog\/wp-content\/uploads\/2026\/06\/719949970_4596076797282254_8971063577264261369_n.jpg?fit=1200%2C873&ssl=1&resize=1050%2C600 3x"},"classes":[]},{"id":100588,"url":"https:\/\/www.shqiperia.com\/blog\/jonathan-pano-shpopullimi-nuk-eshte-rastesi-por-nje-axhende-e-qeverise\/","url_meta":{"origin":29096,"position":4},"title":"Jonathan Pano: &#8211; Shpopullimi nuk \u00ebsht\u00eb rast\u00ebsi, por nj\u00eb axhend\u00eb e qeveris\u00eb","author":"Kurt Farka","date":"May 22, 2026","format":false,"excerpt":"22 Maji 2026 I ftuar n\u00eb nj\u00eb studio televizive Jonathan Pano, an\u00ebtar i K\u00ebshillit Bashkiak t\u00eb Tiran\u00ebs nga radh\u00ebt e opozit\u00ebs, ngriti alarmin p\u00ebr ritmet e shpopullimit n\u00eb Shqip\u00ebri, duke iu referuar t\u00eb dh\u00ebnave t\u00eb Eurostat dhe analizave t\u00eb ekspert\u00ebve t\u00eb demografis\u00eb. Sipas Panos, raportimet p\u00ebr rreth 29 mij\u00eb persona\u2026","rel":"","context":"In &quot;Blogu i Udh\u00ebtarit&quot;","block_context":{"text":"Blogu i Udh\u00ebtarit","link":"https:\/\/www.shqiperia.com\/blog\/category\/blogu-i-udhetarit\/"},"img":{"alt_text":"","src":"https:\/\/i0.wp.com\/www.shqiperia.com\/blog\/wp-content\/uploads\/2026\/05\/nfk.jpg?fit=773%2C528&ssl=1&resize=350%2C200","width":350,"height":200,"srcset":"https:\/\/i0.wp.com\/www.shqiperia.com\/blog\/wp-content\/uploads\/2026\/05\/nfk.jpg?fit=773%2C528&ssl=1&resize=350%2C200 1x, https:\/\/i0.wp.com\/www.shqiperia.com\/blog\/wp-content\/uploads\/2026\/05\/nfk.jpg?fit=773%2C528&ssl=1&resize=525%2C300 1.5x, https:\/\/i0.wp.com\/www.shqiperia.com\/blog\/wp-content\/uploads\/2026\/05\/nfk.jpg?fit=773%2C528&ssl=1&resize=700%2C400 2x"},"classes":[]},{"id":101707,"url":"https:\/\/www.shqiperia.com\/blog\/vetmia-e-lartesive-a-po-e-leshon-partia-edin-para-revolucionit-te-flamingove-detajet-e-mbledhjes-ne-pallatin-e-kongreseve\/","url_meta":{"origin":29096,"position":5},"title":"\u200bVetmia e lart\u00ebsive: A po e l\u00ebshon partia Edin para \u201cRevolucionit t\u00eb Flamingove\u201d? Detajet e mbledhjes n\u00eb Pallatin e Kongreseve","author":"Kurt Farka","date":"June 22, 2026","format":false,"excerpt":"... \u201cVet\u00ebm Taulant Balla m\u00eb ka q\u00ebndruar n\u00eb krah duke mbajtur q\u00ebndrime n\u00eb rrjetet sociale,\u201d m\u00ebsohet t\u00eb ket\u00eb th\u00ebn\u00eb kryeministri. Ankesat publike t\u00eb kryeministrit se protestuesit e \u201cRevolucionit t\u00eb Flamingove\u201d nuk e kan\u00eb me korrupsionin dhe arroganc\u00ebn, por kan\u00eb r\u00ebn\u00eb \u201cviktim\u00eb e algoritmeve\u201d, duket se jan\u00eb vet\u00ebm maja e ajsbergut.\u2026","rel":"","context":"In &quot;Blogu i Udh\u00ebtarit&quot;","block_context":{"text":"Blogu i Udh\u00ebtarit","link":"https:\/\/www.shqiperia.com\/blog\/category\/blogu-i-udhetarit\/"},"img":{"alt_text":"","src":"https:\/\/i0.wp.com\/www.shqiperia.com\/blog\/wp-content\/uploads\/2026\/06\/640-0-img-1855-1782078791.jpeg?fit=640%2C360&ssl=1&resize=350%2C200","width":350,"height":200,"srcset":"https:\/\/i0.wp.com\/www.shqiperia.com\/blog\/wp-content\/uploads\/2026\/06\/640-0-img-1855-1782078791.jpeg?fit=640%2C360&ssl=1&resize=350%2C200 1x, https:\/\/i0.wp.com\/www.shqiperia.com\/blog\/wp-content\/uploads\/2026\/06\/640-0-img-1855-1782078791.jpeg?fit=640%2C360&ssl=1&resize=525%2C300 1.5x"},"classes":[]}],"_links":{"self":[{"href":"https:\/\/www.shqiperia.com\/blog\/wp-json\/wp\/v2\/posts\/29096","targetHints":{"allow":["GET"]}}],"collection":[{"href":"https:\/\/www.shqiperia.com\/blog\/wp-json\/wp\/v2\/posts"}],"about":[{"href":"https:\/\/www.shqiperia.com\/blog\/wp-json\/wp\/v2\/types\/post"}],"author":[{"embeddable":true,"href":"https:\/\/www.shqiperia.com\/blog\/wp-json\/wp\/v2\/users\/9"}],"replies":[{"embeddable":true,"href":"https:\/\/www.shqiperia.com\/blog\/wp-json\/wp\/v2\/comments?post=29096"}],"version-history":[{"count":1,"href":"https:\/\/www.shqiperia.com\/blog\/wp-json\/wp\/v2\/posts\/29096\/revisions"}],"predecessor-version":[{"id":29098,"href":"https:\/\/www.shqiperia.com\/blog\/wp-json\/wp\/v2\/posts\/29096\/revisions\/29098"}],"wp:featuredmedia":[{"embeddable":true,"href":"https:\/\/www.shqiperia.com\/blog\/wp-json\/wp\/v2\/media\/29097"}],"wp:attachment":[{"href":"https:\/\/www.shqiperia.com\/blog\/wp-json\/wp\/v2\/media?parent=29096"}],"wp:term":[{"taxonomy":"category","embeddable":true,"href":"https:\/\/www.shqiperia.com\/blog\/wp-json\/wp\/v2\/categories?post=29096"},{"taxonomy":"post_tag","embeddable":true,"href":"https:\/\/www.shqiperia.com\/blog\/wp-json\/wp\/v2\/tags?post=29096"}],"curies":[{"name":"wp","href":"https:\/\/api.w.org\/{rel}","templated":true}]}}