{"id":29087,"date":"2019-12-08T20:39:19","date_gmt":"2019-12-08T20:39:19","guid":{"rendered":"https:\/\/www.shqiperia.com\/blog\/?p=29087"},"modified":"2019-12-08T20:39:19","modified_gmt":"2019-12-08T20:39:19","slug":"te-banueshme-apo-jo-pas-21-shtatorit-denoncimi-qeveria-po-fsheh-te-verteten-e-vdekjeve","status":"publish","type":"post","link":"https:\/\/www.shqiperia.com\/blog\/te-banueshme-apo-jo-pas-21-shtatorit-denoncimi-qeveria-po-fsheh-te-verteten-e-vdekjeve\/","title":{"rendered":"T\u00eb banueshme apo jo pas 21 shtatorit? Denoncimi: Qeveria po fsheh t\u00eb v\u00ebrtet\u00ebn e vdekjeve"},"content":{"rendered":"<p><img data-recalc-dims=\"1\" loading=\"lazy\" decoding=\"async\" data-attachment-id=\"29088\" data-permalink=\"https:\/\/www.shqiperia.com\/blog\/te-banueshme-apo-jo-pas-21-shtatorit-denoncimi-qeveria-po-fsheh-te-verteten-e-vdekjeve\/c99d6013-7092-4455-a5ab-59899644874f-768x518\/\" data-orig-file=\"https:\/\/i0.wp.com\/www.shqiperia.com\/blog\/wp-content\/uploads\/2019\/12\/c99d6013-7092-4455-a5ab-59899644874f-768x518.jpg?fit=768%2C518&amp;ssl=1\" data-orig-size=\"768,518\" data-comments-opened=\"1\" data-image-meta=\"{&quot;aperture&quot;:&quot;0&quot;,&quot;credit&quot;:&quot;&quot;,&quot;camera&quot;:&quot;&quot;,&quot;caption&quot;:&quot;&quot;,&quot;created_timestamp&quot;:&quot;0&quot;,&quot;copyright&quot;:&quot;&quot;,&quot;focal_length&quot;:&quot;0&quot;,&quot;iso&quot;:&quot;0&quot;,&quot;shutter_speed&quot;:&quot;0&quot;,&quot;title&quot;:&quot;&quot;,&quot;orientation&quot;:&quot;0&quot;}\" data-image-title=\"c99d6013-7092-4455-a5ab-59899644874f-768&#215;518\" data-image-description=\"\" data-image-caption=\"\" data-medium-file=\"https:\/\/i0.wp.com\/www.shqiperia.com\/blog\/wp-content\/uploads\/2019\/12\/c99d6013-7092-4455-a5ab-59899644874f-768x518.jpg?fit=300%2C202&amp;ssl=1\" data-large-file=\"https:\/\/i0.wp.com\/www.shqiperia.com\/blog\/wp-content\/uploads\/2019\/12\/c99d6013-7092-4455-a5ab-59899644874f-768x518.jpg?fit=768%2C518&amp;ssl=1\" class=\"alignnone  wp-image-29088\" alt=\"\" src=\"https:\/\/i0.wp.com\/www.shqiperia.com\/blog\/wp-content\/uploads\/2019\/12\/c99d6013-7092-4455-a5ab-59899644874f-768x518.jpg?resize=434%2C292&#038;ssl=1\" width=\"434\" height=\"292\" srcset=\"https:\/\/i0.wp.com\/www.shqiperia.com\/blog\/wp-content\/uploads\/2019\/12\/c99d6013-7092-4455-a5ab-59899644874f-768x518.jpg?resize=300%2C202&amp;ssl=1 300w, https:\/\/i0.wp.com\/www.shqiperia.com\/blog\/wp-content\/uploads\/2019\/12\/c99d6013-7092-4455-a5ab-59899644874f-768x518.jpg?resize=768%2C518&amp;ssl=1 768w, https:\/\/i0.wp.com\/www.shqiperia.com\/blog\/wp-content\/uploads\/2019\/12\/c99d6013-7092-4455-a5ab-59899644874f-768x518.jpg?resize=450%2C304&amp;ssl=1 450w, https:\/\/i0.wp.com\/www.shqiperia.com\/blog\/wp-content\/uploads\/2019\/12\/c99d6013-7092-4455-a5ab-59899644874f-768x518.jpg?resize=600%2C405&amp;ssl=1 600w, https:\/\/i0.wp.com\/www.shqiperia.com\/blog\/wp-content\/uploads\/2019\/12\/c99d6013-7092-4455-a5ab-59899644874f-768x518.jpg?resize=400%2C270&amp;ssl=1 400w\" sizes=\"auto, (max-width: 434px) 100vw, 434px\" \/><\/p>\n<p><strong>T\u00eb banueshme apo jo pas 21 shtatorit? Denoncimi: Qeveria po fsheh t\u00eb v\u00ebrtet\u00ebn e vdekjeve<\/strong><\/p>\n<p><strong>7 Dhjetor 2019 <\/strong><\/p>\n<p>Sot n\u00eb nj\u00eb videomesazh sekretari i P\u00ebrgjithsh\u00ebm i PD-se, Gazment Bardhi b\u00ebri nj\u00eb deklarat\u00eb t\u00eb fort\u00eb, duke th\u00ebn\u00eb se po fshihet e v\u00ebrteta e tragjedis\u00eb s\u00eb Thuman\u00ebs, ku humb\u00ebn jet\u00ebn 24 persona.<\/p>\n<p><em>\u201c2 dit\u00eb pas t\u00ebrmetit, Erion Bra\u00e7e dhe Artur Bushi japin 2 p\u00ebrgjigje t\u00eb ndryshme, n\u00ebse pallatet ishin shpallur apo jo t\u00eb banueshme pas 21 Shtatorit. Kjo do t\u00eb thot\u00eb se ata po fshehin t\u00eb v\u00ebrtet\u00ebn, po p\u00ebrpiqen ta shtremb\u00ebrojn\u00eb p\u00ebr t\u00eb shp\u00ebtuar nga p\u00ebrgjegj\u00ebsia<\/em>\u201d- shkruan ai.<\/p>\n<p><strong>Ja deklarata e plot\u00eb:<\/strong><\/p>\n<p>\u201cKa nj\u00eb p\u00ebrpjekje kriminale t\u00eb Qeveris\u00eb p\u00ebr t\u00eb l\u00ebn\u00eb n\u00eb harres\u00eb viktimat e 26 n\u00ebntorit dhe p\u00ebr t\u2019i mbuluar ato me spektak\u00ebl t\u00eb pashpirt propagandistik. Ka nj\u00eb p\u00ebrpjekje t\u00eb Edi Ram\u00ebs dhe bashk\u00ebpun\u00ebtor\u00ebve t\u00eb tij p\u00ebr t\u00eb fshehur t\u00eb v\u00ebrtet\u00ebn se tragjedia e Thuman\u00ebs ka qen\u00eb e paralajm\u00ebruar! 2 dit\u00eb pas t\u00ebrmetit, Erion Bra\u00e7e dhe Artur Bushi japin 2 p\u00ebrgjigje t\u00eb ndryshme, n\u00ebse pallatet ishin shpallur apo jo t\u00eb banueshme pas 21 Shtatorit. Kjo do t\u00eb thot\u00eb se ata po fshehin t\u00eb v\u00ebrtet\u00ebn, po p\u00ebrpiqen ta shtremb\u00ebrojn\u00eb p\u00ebr t\u00eb shp\u00ebtuar nga p\u00ebrgjegj\u00ebsia.P\u00ebr t\u00eb b\u00ebr\u00eb drejt\u00ebsi p\u00ebr 24 njer\u00ebzit q\u00eb humb\u00ebn jet\u00ebn nga shembja e dy pallateve, Partia Demokratike ka k\u00ebrkuar zyrtarisht p\u00ebrgjigje p\u00ebr masat e marra p\u00ebr sigurin\u00eb e banor\u00ebve nga qeveria dhe Bashkia e Kruj\u00ebs pas t\u00ebrmetit t\u00eb 21 Shtatorit. Deri tani, qeveria ka heshtur dhe \u00ebsht\u00eb fshehur pas spektaklit kriminal t\u00eb kreut t\u00eb saj, i cili nuk kursen as f\u00ebmij\u00ebt e mbijetuar. Ne nuk do t\u00eb heshtim derisa t\u00eb b\u00ebhet #DREJT\u00cbSI p\u00ebr viktimat e 26 N\u00ebntorit!\u201d<\/p>\n<p><strong>\u00a9Copyright Gazeta SHQIP<\/strong><\/p>\n","protected":false},"excerpt":{"rendered":"<p>T\u00eb banueshme apo jo pas 21 shtatorit? Denoncimi: Qeveria po fsheh t\u00eb v\u00ebrtet\u00ebn e vdekjeve 7 Dhjetor 2019 Sot n\u00eb nj\u00eb videomesazh sekretari i P\u00ebrgjithsh\u00ebm i PD-se, Gazment Bardhi b\u00ebri nj\u00eb deklarat\u00eb t\u00eb fort\u00eb, duke th\u00ebn\u00eb se po fshihet e v\u00ebrteta e tragjedis\u00eb s\u00eb Thuman\u00ebs, ku humb\u00ebn jet\u00ebn 24 persona. \u201c2 dit\u00eb pas t\u00ebrmetit, Erion [&hellip;]<\/p>\n","protected":false},"author":9,"featured_media":29088,"comment_status":"open","ping_status":"open","sticky":false,"template":"","format":"standard","meta":{"jetpack_post_was_ever_published":false,"_jetpack_newsletter_access":"","_jetpack_dont_email_post_to_subs":false,"_jetpack_newsletter_tier_id":0,"_jetpack_memberships_contains_paywalled_content":false,"_jetpack_memberships_contains_paid_content":false,"footnotes":"","jetpack_publicize_message":"","jetpack_publicize_feature_enabled":true,"jetpack_social_post_already_shared":true,"jetpack_social_options":{"image_generator_settings":{"template":"highway","default_image_id":0,"font":"","enabled":false},"version":2}},"categories":[27,35],"tags":[],"class_list":["post-29087","post","type-post","status-publish","format-standard","has-post-thumbnail","hentry","category-blogu-i-udhetarit","category-shoqerore"],"jetpack_publicize_connections":[],"jetpack_featured_media_url":"https:\/\/i0.wp.com\/www.shqiperia.com\/blog\/wp-content\/uploads\/2019\/12\/c99d6013-7092-4455-a5ab-59899644874f-768x518.jpg?fit=768%2C518&ssl=1","jetpack_sharing_enabled":true,"jetpack_shortlink":"https:\/\/wp.me\/p5Z6wp-7z9","jetpack-related-posts":[{"id":100329,"url":"https:\/\/www.shqiperia.com\/blog\/erion-brace-ps-eshte-kthyer-ne-mur-ku-vendosen-njoftime\/","url_meta":{"origin":29087,"position":0},"title":"Erion Bra\u00e7e: &#8211; PS \u00ebsht\u00eb kthyer n\u00eb mur ku vendosen njoftime","author":"Kurt Farka","date":"May 15, 2026","format":false,"excerpt":"15 Maji 2026 Deputeti socialist Erion Bra\u00e7e foli n\u00eb Kjo Jav\u00eb mbr\u00ebmjen e sotme p\u00ebr situat\u00ebn e brendshme n\u00eb Partin\u00eb Socialiste. Bra\u00e7e u ndal n\u00eb kritik\u00ebn e tij tek momenti i p\u00ebrzgjedhjes s\u00eb kandidat\u00ebve p\u00ebr zgjedhjet e pjesshme n\u00eb bashkin\u00eb Tiran\u00eb dhe bashkit\u00eb e tjera, duke n\u00ebvizuar se nuk u\u2026","rel":"","context":"In &quot;Blogu i Udh\u00ebtarit&quot;","block_context":{"text":"Blogu i Udh\u00ebtarit","link":"https:\/\/www.shqiperia.com\/blog\/category\/blogu-i-udhetarit\/"},"img":{"alt_text":"","src":"https:\/\/i0.wp.com\/www.shqiperia.com\/blog\/wp-content\/uploads\/2026\/05\/erion-brace.jpg?fit=1098%2C782&ssl=1&resize=350%2C200","width":350,"height":200,"srcset":"https:\/\/i0.wp.com\/www.shqiperia.com\/blog\/wp-content\/uploads\/2026\/05\/erion-brace.jpg?fit=1098%2C782&ssl=1&resize=350%2C200 1x, https:\/\/i0.wp.com\/www.shqiperia.com\/blog\/wp-content\/uploads\/2026\/05\/erion-brace.jpg?fit=1098%2C782&ssl=1&resize=525%2C300 1.5x, https:\/\/i0.wp.com\/www.shqiperia.com\/blog\/wp-content\/uploads\/2026\/05\/erion-brace.jpg?fit=1098%2C782&ssl=1&resize=700%2C400 2x, https:\/\/i0.wp.com\/www.shqiperia.com\/blog\/wp-content\/uploads\/2026\/05\/erion-brace.jpg?fit=1098%2C782&ssl=1&resize=1050%2C600 3x"},"classes":[]},{"id":101050,"url":"https:\/\/www.shqiperia.com\/blog\/rama-perplaset-me-gazetaren-e-cnn-per-projektin-ne-zvernec-po-me-akuzon-per-lajm-te-rreme-do-me-degjosh-apo-jo\/","url_meta":{"origin":29087,"position":1},"title":"Rama p\u00ebrplaset me gazetaren e CNN p\u00ebr projektin n\u00eb Zv\u00ebrnec: &#8211; Po m\u00eb akuzon p\u00ebr lajm t\u00eb rrem\u00eb! &#8211; Do m\u00eb d\u00ebgjosh apo jo\u2026","author":"Kurt Farka","date":"June 3, 2026","format":false,"excerpt":"3 Qershor 2026 Kryeministri Edi Rama foli sot n\u00eb nj\u00eb intervist\u00eb p\u00ebr CNN International, ku u pyet p\u00ebr projektin n\u00eb Zv\u00ebrnec. Gjat\u00eb fjal\u00ebs s\u00eb tij Rama u p\u00ebrplas edhe me gazetaren e cila e pyeste vazhdimisht\u00eb p\u00ebr projektin, nd\u00ebrsa kryeministri thekson se nuk ka asnj\u00eb projekt dhe k\u00ebto jan\u00eb lajme\u2026","rel":"","context":"In &quot;Kultura&quot;","block_context":{"text":"Kultura","link":"https:\/\/www.shqiperia.com\/blog\/category\/kultura\/"},"img":{"alt_text":"","src":"https:\/\/i0.wp.com\/www.shqiperia.com\/blog\/wp-content\/uploads\/2026\/06\/Edi-Rama-2.jpg?fit=780%2C440&ssl=1&resize=350%2C200","width":350,"height":200,"srcset":"https:\/\/i0.wp.com\/www.shqiperia.com\/blog\/wp-content\/uploads\/2026\/06\/Edi-Rama-2.jpg?fit=780%2C440&ssl=1&resize=350%2C200 1x, https:\/\/i0.wp.com\/www.shqiperia.com\/blog\/wp-content\/uploads\/2026\/06\/Edi-Rama-2.jpg?fit=780%2C440&ssl=1&resize=525%2C300 1.5x, https:\/\/i0.wp.com\/www.shqiperia.com\/blog\/wp-content\/uploads\/2026\/06\/Edi-Rama-2.jpg?fit=780%2C440&ssl=1&resize=700%2C400 2x"},"classes":[]},{"id":104510,"url":"https:\/\/www.shqiperia.com\/blog\/denoncimi-i-alimehmetit-skandali-50-milione-euro-i-dializes\/","url_meta":{"origin":29087,"position":2},"title":"Denoncimi i Alimehmetit: &#8211; Skandali 50 milion\u00eb euro i dializ\u00ebs","author":"Kurt Farka","date":"August 15, 2026","format":false,"excerpt":"15 Gusht 2026 Mjeku Ilir Alimehmeti ka ngritur akuza t\u00eb forta p\u00ebr sh\u00ebrbimin e dializ\u00ebs n\u00eb Shqip\u00ebri, duke e cil\u00ebsuar si nj\u00eb skandal me vler\u00eb rreth 50 milion\u00eb euro dhe duke akuzuar qeverin\u00eb se po p\u00ebrgatit tenderin e radh\u00ebs p\u00ebr k\u00ebt\u00eb sh\u00ebrbim. N\u00eb nj\u00eb deklarat\u00eb nga selia blu, Alimehmeti thot\u00eb\u2026","rel":"","context":"In &quot;Blogu i Udh\u00ebtarit&quot;","block_context":{"text":"Blogu i Udh\u00ebtarit","link":"https:\/\/www.shqiperia.com\/blog\/category\/blogu-i-udhetarit\/"},"img":{"alt_text":"","src":"https:\/\/i0.wp.com\/www.shqiperia.com\/blog\/wp-content\/uploads\/2026\/08\/WhatsApp-Image-2026-08-15-at-14.28.15-1536x1025-1.jpeg?fit=1200%2C801&ssl=1&resize=350%2C200","width":350,"height":200,"srcset":"https:\/\/i0.wp.com\/www.shqiperia.com\/blog\/wp-content\/uploads\/2026\/08\/WhatsApp-Image-2026-08-15-at-14.28.15-1536x1025-1.jpeg?fit=1200%2C801&ssl=1&resize=350%2C200 1x, https:\/\/i0.wp.com\/www.shqiperia.com\/blog\/wp-content\/uploads\/2026\/08\/WhatsApp-Image-2026-08-15-at-14.28.15-1536x1025-1.jpeg?fit=1200%2C801&ssl=1&resize=525%2C300 1.5x, https:\/\/i0.wp.com\/www.shqiperia.com\/blog\/wp-content\/uploads\/2026\/08\/WhatsApp-Image-2026-08-15-at-14.28.15-1536x1025-1.jpeg?fit=1200%2C801&ssl=1&resize=700%2C400 2x, https:\/\/i0.wp.com\/www.shqiperia.com\/blog\/wp-content\/uploads\/2026\/08\/WhatsApp-Image-2026-08-15-at-14.28.15-1536x1025-1.jpeg?fit=1200%2C801&ssl=1&resize=1050%2C600 3x"},"classes":[]},{"id":102505,"url":"https:\/\/www.shqiperia.com\/blog\/ministria-e-arsimit-po-ndan-bileta-falas-te-kany-west-per-femijet-e-9-vjecares-por-kenget-e-tij-kane-permbajtje-seksuale\/","url_meta":{"origin":29087,"position":3},"title":"Ministria e Arsimit po ndan bileta falas t\u00eb Kany West p\u00ebr f\u00ebmij\u00ebt e 9-vje\u00e7ares, por k\u00ebng\u00ebt e tij kan\u00eb p\u00ebrmbajtje seksuale!","author":"Kurt Farka","date":"July 11, 2026","format":false,"excerpt":"11 Korrik 2026 Nga Migena Aleksi Nj\u00eb protestuese tha dje n\u00eb tubimin e zhvilluara para godin\u00ebs s\u00eb Kryeministris\u00eb se shp\u00ebrndarja e biletave falas p\u00ebr nx\u00ebn\u00ebsit e shkollave 9-vje\u00e7are, p\u00ebr t\u00eb marr\u00eb pjes\u00eb n\u00eb koncert, ve\u00e7 t\u00eb tjerave \u00ebsht\u00eb skandal p\u00ebr shkak t\u00eb mosh\u00ebs. Lloji i muzik\u00ebs q\u00eb b\u00ebn West nuk\u2026","rel":"","context":"In &quot;Blogu i Udh\u00ebtarit&quot;","block_context":{"text":"Blogu i Udh\u00ebtarit","link":"https:\/\/www.shqiperia.com\/blog\/category\/blogu-i-udhetarit\/"},"img":{"alt_text":"","src":"https:\/\/i0.wp.com\/www.shqiperia.com\/blog\/wp-content\/uploads\/2026\/07\/740733894_1641226944669510_4632890146926298606_n.jpg?fit=1124%2C673&ssl=1&resize=350%2C200","width":350,"height":200,"srcset":"https:\/\/i0.wp.com\/www.shqiperia.com\/blog\/wp-content\/uploads\/2026\/07\/740733894_1641226944669510_4632890146926298606_n.jpg?fit=1124%2C673&ssl=1&resize=350%2C200 1x, https:\/\/i0.wp.com\/www.shqiperia.com\/blog\/wp-content\/uploads\/2026\/07\/740733894_1641226944669510_4632890146926298606_n.jpg?fit=1124%2C673&ssl=1&resize=525%2C300 1.5x, https:\/\/i0.wp.com\/www.shqiperia.com\/blog\/wp-content\/uploads\/2026\/07\/740733894_1641226944669510_4632890146926298606_n.jpg?fit=1124%2C673&ssl=1&resize=700%2C400 2x, https:\/\/i0.wp.com\/www.shqiperia.com\/blog\/wp-content\/uploads\/2026\/07\/740733894_1641226944669510_4632890146926298606_n.jpg?fit=1124%2C673&ssl=1&resize=1050%2C600 3x"},"classes":[]},{"id":102275,"url":"https:\/\/www.shqiperia.com\/blog\/edi-rama-ne-kerkim-te-opsioneve-te-daljes-nga-kriza-nga-ndryshimi-i-qeverise-dhe\/","url_meta":{"origin":29087,"position":4},"title":"Edi Rama n\u00eb k\u00ebrkim t\u00eb opsioneve t\u00eb daljes nga kriza, nga ndryshimi i qeveris\u00eb dhe &#8230;","author":"Kurt Farka","date":"July 6, 2026","format":false,"excerpt":"6 Korrik 2026 K\u00ebto dit\u00eb diskutohet se kryeministri Edi Rama po k\u00ebrkon n\u00eb m\u00ebnyr\u00eb t\u00eb ethshme t\u2019i jap\u00eb zgjidhje problemit, duke negociuar me nd\u00ebrkomb\u00ebtar\u00ebt p\u00ebr t\u00eb dal\u00eb nga kjo situat\u00eb eksplozive, ku qindra mij\u00ebra shqiptar\u00eb k\u00ebrkojn\u00eb kok\u00ebn e tij. Nj\u00eb nga variantet \u00ebsht\u00eb ndryshimi i qeveris\u00eb dhe spastrimi i saj\u2026","rel":"","context":"In &quot;Blogu i Udh\u00ebtarit&quot;","block_context":{"text":"Blogu i Udh\u00ebtarit","link":"https:\/\/www.shqiperia.com\/blog\/category\/blogu-i-udhetarit\/"},"img":{"alt_text":"","src":"https:\/\/i0.wp.com\/www.shqiperia.com\/blog\/wp-content\/uploads\/2026\/07\/auto_ramaballuku1773132979.jpg?fit=770%2C517&ssl=1&resize=350%2C200","width":350,"height":200,"srcset":"https:\/\/i0.wp.com\/www.shqiperia.com\/blog\/wp-content\/uploads\/2026\/07\/auto_ramaballuku1773132979.jpg?fit=770%2C517&ssl=1&resize=350%2C200 1x, https:\/\/i0.wp.com\/www.shqiperia.com\/blog\/wp-content\/uploads\/2026\/07\/auto_ramaballuku1773132979.jpg?fit=770%2C517&ssl=1&resize=525%2C300 1.5x, https:\/\/i0.wp.com\/www.shqiperia.com\/blog\/wp-content\/uploads\/2026\/07\/auto_ramaballuku1773132979.jpg?fit=770%2C517&ssl=1&resize=700%2C400 2x"},"classes":[]},{"id":101616,"url":"https:\/\/www.shqiperia.com\/blog\/leksione-morali-me-aruba-ne-sfond\/","url_meta":{"origin":29087,"position":5},"title":"Leksione morali me Aruba n\u00eb sfond","author":"Kurt Farka","date":"June 18, 2026","format":false,"excerpt":"Nga Migena Aleksi Megalomania e t\u00eb krahasuarit t\u00eb nj\u00eb projekti privat turistik me Pavar\u00ebsin\u00eb e 1912-\u00ebs.\u00a0Nga Saliu te Edi, historia e nj\u00ebjt\u00eb e shantazhit \u2018Ose un\u00eb, ose kaosi\u2019 Kryeministri Edi Rama ka reaguar sot s\u00ebrish me t\u00eb nj\u00ebjt\u00ebn p\u00ebrpjekje p\u00ebr t\u00eb asgj\u00ebsuar moralisht dhe politikisht protest\u00ebn, pa p\u00ebrdorur dhun\u00ebn e\u2026","rel":"","context":"In &quot;Blogu i Udh\u00ebtarit&quot;","block_context":{"text":"Blogu i Udh\u00ebtarit","link":"https:\/\/www.shqiperia.com\/blog\/category\/blogu-i-udhetarit\/"},"img":{"alt_text":"","src":"https:\/\/i0.wp.com\/www.shqiperia.com\/blog\/wp-content\/uploads\/2026\/06\/640-0-screenshot-44-2-1024x575-1781284751-1-4.jpg?fit=640%2C359&ssl=1&resize=350%2C200","width":350,"height":200,"srcset":"https:\/\/i0.wp.com\/www.shqiperia.com\/blog\/wp-content\/uploads\/2026\/06\/640-0-screenshot-44-2-1024x575-1781284751-1-4.jpg?fit=640%2C359&ssl=1&resize=350%2C200 1x, https:\/\/i0.wp.com\/www.shqiperia.com\/blog\/wp-content\/uploads\/2026\/06\/640-0-screenshot-44-2-1024x575-1781284751-1-4.jpg?fit=640%2C359&ssl=1&resize=525%2C300 1.5x"},"classes":[]}],"_links":{"self":[{"href":"https:\/\/www.shqiperia.com\/blog\/wp-json\/wp\/v2\/posts\/29087","targetHints":{"allow":["GET"]}}],"collection":[{"href":"https:\/\/www.shqiperia.com\/blog\/wp-json\/wp\/v2\/posts"}],"about":[{"href":"https:\/\/www.shqiperia.com\/blog\/wp-json\/wp\/v2\/types\/post"}],"author":[{"embeddable":true,"href":"https:\/\/www.shqiperia.com\/blog\/wp-json\/wp\/v2\/users\/9"}],"replies":[{"embeddable":true,"href":"https:\/\/www.shqiperia.com\/blog\/wp-json\/wp\/v2\/comments?post=29087"}],"version-history":[{"count":1,"href":"https:\/\/www.shqiperia.com\/blog\/wp-json\/wp\/v2\/posts\/29087\/revisions"}],"predecessor-version":[{"id":29089,"href":"https:\/\/www.shqiperia.com\/blog\/wp-json\/wp\/v2\/posts\/29087\/revisions\/29089"}],"wp:featuredmedia":[{"embeddable":true,"href":"https:\/\/www.shqiperia.com\/blog\/wp-json\/wp\/v2\/media\/29088"}],"wp:attachment":[{"href":"https:\/\/www.shqiperia.com\/blog\/wp-json\/wp\/v2\/media?parent=29087"}],"wp:term":[{"taxonomy":"category","embeddable":true,"href":"https:\/\/www.shqiperia.com\/blog\/wp-json\/wp\/v2\/categories?post=29087"},{"taxonomy":"post_tag","embeddable":true,"href":"https:\/\/www.shqiperia.com\/blog\/wp-json\/wp\/v2\/tags?post=29087"}],"curies":[{"name":"wp","href":"https:\/\/api.w.org\/{rel}","templated":true}]}}