{"id":29038,"date":"2019-12-07T01:37:18","date_gmt":"2019-12-07T01:37:18","guid":{"rendered":"https:\/\/www.shqiperia.com\/blog\/?p=29038"},"modified":"2019-12-07T01:37:18","modified_gmt":"2019-12-07T01:37:18","slug":"rama-zbulon-mesazhet-e-ndertuesve-jemi-te-falimentuar","status":"publish","type":"post","link":"https:\/\/www.shqiperia.com\/blog\/rama-zbulon-mesazhet-e-ndertuesve-jemi-te-falimentuar\/","title":{"rendered":"Rama zbulon mesazhet e nd\u00ebrtuesve: &#8211; Jemi t\u00eb falimentuar. &#8211;"},"content":{"rendered":"<p><img data-recalc-dims=\"1\" loading=\"lazy\" decoding=\"async\" data-attachment-id=\"29039\" data-permalink=\"https:\/\/www.shqiperia.com\/blog\/rama-zbulon-mesazhet-e-ndertuesve-jemi-te-falimentuar\/1a19a5a9-5c48-462c-9e3c-3308d7303cc0-1\/\" data-orig-file=\"https:\/\/i0.wp.com\/www.shqiperia.com\/blog\/wp-content\/uploads\/2019\/12\/1a19a5a9-5c48-462c-9e3c-3308d7303cc0-1.jpg?fit=1024%2C683&amp;ssl=1\" data-orig-size=\"1024,683\" data-comments-opened=\"1\" data-image-meta=\"{&quot;aperture&quot;:&quot;0&quot;,&quot;credit&quot;:&quot;&quot;,&quot;camera&quot;:&quot;&quot;,&quot;caption&quot;:&quot;&quot;,&quot;created_timestamp&quot;:&quot;0&quot;,&quot;copyright&quot;:&quot;&quot;,&quot;focal_length&quot;:&quot;0&quot;,&quot;iso&quot;:&quot;0&quot;,&quot;shutter_speed&quot;:&quot;0&quot;,&quot;title&quot;:&quot;&quot;,&quot;orientation&quot;:&quot;0&quot;}\" data-image-title=\"1a19a5a9-5c48-462c-9e3c-3308d7303cc0-1\" data-image-description=\"\" data-image-caption=\"\" data-medium-file=\"https:\/\/i0.wp.com\/www.shqiperia.com\/blog\/wp-content\/uploads\/2019\/12\/1a19a5a9-5c48-462c-9e3c-3308d7303cc0-1.jpg?fit=300%2C200&amp;ssl=1\" data-large-file=\"https:\/\/i0.wp.com\/www.shqiperia.com\/blog\/wp-content\/uploads\/2019\/12\/1a19a5a9-5c48-462c-9e3c-3308d7303cc0-1.jpg?fit=1024%2C683&amp;ssl=1\" class=\"alignnone  wp-image-29039\" alt=\"\" src=\"https:\/\/i0.wp.com\/www.shqiperia.com\/blog\/wp-content\/uploads\/2019\/12\/1a19a5a9-5c48-462c-9e3c-3308d7303cc0-1.jpg?resize=528%2C352&#038;ssl=1\" width=\"528\" height=\"352\" srcset=\"https:\/\/i0.wp.com\/www.shqiperia.com\/blog\/wp-content\/uploads\/2019\/12\/1a19a5a9-5c48-462c-9e3c-3308d7303cc0-1.jpg?resize=300%2C200&amp;ssl=1 300w, https:\/\/i0.wp.com\/www.shqiperia.com\/blog\/wp-content\/uploads\/2019\/12\/1a19a5a9-5c48-462c-9e3c-3308d7303cc0-1.jpg?resize=768%2C512&amp;ssl=1 768w, https:\/\/i0.wp.com\/www.shqiperia.com\/blog\/wp-content\/uploads\/2019\/12\/1a19a5a9-5c48-462c-9e3c-3308d7303cc0-1.jpg?w=1024&amp;ssl=1 1024w, https:\/\/i0.wp.com\/www.shqiperia.com\/blog\/wp-content\/uploads\/2019\/12\/1a19a5a9-5c48-462c-9e3c-3308d7303cc0-1.jpg?resize=600%2C400&amp;ssl=1 600w, https:\/\/i0.wp.com\/www.shqiperia.com\/blog\/wp-content\/uploads\/2019\/12\/1a19a5a9-5c48-462c-9e3c-3308d7303cc0-1.jpg?resize=450%2C300&amp;ssl=1 450w, https:\/\/i0.wp.com\/www.shqiperia.com\/blog\/wp-content\/uploads\/2019\/12\/1a19a5a9-5c48-462c-9e3c-3308d7303cc0-1.jpg?resize=400%2C267&amp;ssl=1 400w\" sizes=\"auto, (max-width: 528px) 100vw, 528px\" \/><\/p>\n<p>3 dhjetor 2019.<\/p>\n<p>Kryeministri Rama s\u00ebrish ka paralajm\u00ebruar t\u00eb gjith\u00eb nd\u00ebrtuesit q\u00eb t\u00eb b\u00ebhen pjes\u00eb e projekteve t\u00eb rind\u00ebrtimit t\u00eb banesave dhe t\u00eb mos nxjerrin asnj\u00eb justifikim.<\/p>\n<p>\u201cAsnj\u00eb nga nd\u00ebrtuesit nuk duhet t\u00eb g\u00ebnj\u00ebjn\u00eb veten q\u00eb do ta kalojn\u00eb k\u00ebt\u00eb k\u00ebt\u00eb proces pa u lagur\u201d, n\u00ebnvizoi Rama.<\/p>\n<p>Gjithashtu, kryeministri Rama ka treguar edhe justifikimet e disa prej nd\u00ebrtuesve pas takimit q\u00eb ka zhvilluar dje n\u00eb Durr\u00ebs.<\/p>\n<p>\u201cDisa prej tyre m\u00eb kan\u00eb \u00e7uar mesazhe pas takimit q\u00eb zhvillova mbr\u00ebm\u00eb n\u00eb Durr\u00ebs duke nxjerr\u00eb lloj-lloj bishtash, apo arsyetimesh, por m\u00eb ka b\u00ebr\u00eb p\u00ebrshtypje arsyetimi q\u00eb ne jemi t\u00eb falimentuar t\u00eb shesin sht\u00ebpit\u00eb e tyre t\u00eb shesin pasurit\u00eb e tyre dhe t\u00eb marrin marrin kredi apo \u00e7far\u00eb t\u00eb duan, apo t\u00eb v\u00ebn\u00eb kolateral ca kan\u00eb, sepse besoj q\u00eb fund t\u00eb dit\u00ebs, liria \u00ebsht\u00eb m\u00eb e shtrenjt\u00eb se pasuria. Po qese nuk reagojn\u00eb me humaniz\u00ebm dhe me p\u00ebrgjegjshm\u00ebri do ti humbin t\u00eb dyja\u201d.<\/p>\n<p>Riparimet n\u00ebn mbyk\u00ebqyrjen t\u00eb institutit t\u00eb nd\u00ebrtimit.<\/p>\n<p>Rama n\u00ebnvizoi se t\u00eb gjitha riparimet do t\u00eb kryehen n\u00ebn v\u00ebzhgimin e rrept\u00eb t\u00eb ekspertiz\u00ebs s\u00eb Institutit t\u00eb Nd\u00ebrtimit.<\/p>\n<p>\u201cDje ju kam k\u00ebrkuar nd\u00ebrtuesve t\u00eb k\u00ebtyre godinave, investitor\u00ebve q\u00eb t\u00eb p\u00ebrfshihen menj\u00ebher\u00eb n\u00eb projektet e riparimit. Po ashtu nga na tjet\u00ebr, zoti Shkreli s\u00eb bashku me drejtorin dhe stafin e Institutit t\u00eb nd\u00ebrtimit \u00ebsht\u00eb impenjuar q\u00eb n\u00eb nj\u00eb koh\u00eb rekord t\u00eb p\u00ebrgatisw standarded e riparimit, godin\u00eb p\u00ebr godin\u00eb, kriteret teknike dhe t\u00eb garantoj\u00eb q\u00eb t\u00eb gjitha riparimet t\u00eb zhvillohen n\u00ebn mbyk\u00ebqyrjen e rrept\u00eb t\u00eb ekspertiz\u00ebs s\u00eb institutit t\u00eb nd\u00ebrtimit\u201d.<\/p>\n<p>o.j\/dita<\/p>\n","protected":false},"excerpt":{"rendered":"<p>3 dhjetor 2019. Kryeministri Rama s\u00ebrish ka paralajm\u00ebruar t\u00eb gjith\u00eb nd\u00ebrtuesit q\u00eb t\u00eb b\u00ebhen pjes\u00eb e projekteve t\u00eb rind\u00ebrtimit t\u00eb banesave dhe t\u00eb mos nxjerrin asnj\u00eb justifikim. \u201cAsnj\u00eb nga nd\u00ebrtuesit nuk duhet t\u00eb g\u00ebnj\u00ebjn\u00eb veten q\u00eb do ta kalojn\u00eb k\u00ebt\u00eb k\u00ebt\u00eb proces pa u lagur\u201d, n\u00ebnvizoi Rama. Gjithashtu, kryeministri Rama ka treguar edhe justifikimet e [&hellip;]<\/p>\n","protected":false},"author":9,"featured_media":29039,"comment_status":"open","ping_status":"open","sticky":false,"template":"","format":"standard","meta":{"jetpack_post_was_ever_published":false,"_jetpack_newsletter_access":"","_jetpack_dont_email_post_to_subs":false,"_jetpack_newsletter_tier_id":0,"_jetpack_memberships_contains_paywalled_content":false,"_jetpack_memberships_contains_paid_content":false,"footnotes":"","jetpack_publicize_message":"","jetpack_publicize_feature_enabled":true,"jetpack_social_post_already_shared":true,"jetpack_social_options":{"image_generator_settings":{"template":"highway","default_image_id":0,"font":"","enabled":false},"version":2}},"categories":[27,35],"tags":[],"class_list":["post-29038","post","type-post","status-publish","format-standard","has-post-thumbnail","hentry","category-blogu-i-udhetarit","category-shoqerore"],"jetpack_publicize_connections":[],"jetpack_featured_media_url":"https:\/\/i0.wp.com\/www.shqiperia.com\/blog\/wp-content\/uploads\/2019\/12\/1a19a5a9-5c48-462c-9e3c-3308d7303cc0-1.jpg?fit=1024%2C683&ssl=1","jetpack_sharing_enabled":true,"jetpack_shortlink":"https:\/\/wp.me\/p5Z6wp-7ym","jetpack-related-posts":[{"id":102322,"url":"https:\/\/www.shqiperia.com\/blog\/alimehmeti-rama-eshte-ne-momentin-e-tij-me-te-keq-qeveria-teknike-zgjidhja-e-vetme-per-krizen\/","url_meta":{"origin":29038,"position":0},"title":"Alimehmeti: &#8211; Rama \u00ebsht\u00eb n\u00eb momentin e tij m\u00eb t\u00eb keq, qeveria teknike zgjidhja e vetme p\u00ebr kriz\u00ebn","author":"Kurt Farka","date":"July 6, 2026","format":false,"excerpt":"6 Korrik 2026 Alimehmeti thot\u00eb se kryeministri po p\u00ebrpiqet t\u00eb largoj\u00eb v\u00ebmendjen nga akuzat ndaj tij, nd\u00ebrsa zgjidhja, mbetet largimi i Ram\u00ebs dhe krijimi i nj\u00eb qeverie teknike \u201cRama \u00ebsht\u00eb n\u00eb momentin e tij m\u00eb t\u00eb keq dhe, si \u00e7do bish\u00eb e plagosur, tenton t\u00eb b\u00ebj\u00eb sa m\u00eb shum\u00eb d\u00ebme\u201d,\u00a0u\u2026","rel":"","context":"In &quot;Blogu i Udh\u00ebtarit&quot;","block_context":{"text":"Blogu i Udh\u00ebtarit","link":"https:\/\/www.shqiperia.com\/blog\/category\/blogu-i-udhetarit\/"},"img":{"alt_text":"","src":"https:\/\/i0.wp.com\/www.shqiperia.com\/blog\/wp-content\/uploads\/2026\/07\/Ilir-Alimehmeti.webp?fit=660%2C330&ssl=1&resize=350%2C200","width":350,"height":200,"srcset":"https:\/\/i0.wp.com\/www.shqiperia.com\/blog\/wp-content\/uploads\/2026\/07\/Ilir-Alimehmeti.webp?fit=660%2C330&ssl=1&resize=350%2C200 1x, https:\/\/i0.wp.com\/www.shqiperia.com\/blog\/wp-content\/uploads\/2026\/07\/Ilir-Alimehmeti.webp?fit=660%2C330&ssl=1&resize=525%2C300 1.5x"},"classes":[]},{"id":101483,"url":"https:\/\/www.shqiperia.com\/blog\/rama-sulmon-protestuesit-hajvane-fryme-fashiste-po-demtojne-turizmin\/","url_meta":{"origin":29038,"position":1},"title":"Rama sulmon protestuesit: -Hajvan\u00eb, frym\u00eb fashiste! Po d\u00ebmtojn\u00eb turizmin","author":"Kurt Farka","date":"June 14, 2026","format":false,"excerpt":"Kryeministri Edi Rama ka zgjedhur q\u00eb s\u00ebrish t\u00eb sulmoj\u00eb protestuesit, q\u00eb prej dy jav\u00ebsh dalin \u00e7do dit\u00eb n\u00eb shesh p\u00ebr t\u00eb k\u00ebrkuar largimin e tij nga qeveria. N\u00eb rubrik\u00ebn \u2018sh\u00ebnimet e jav\u00ebs\u2019 n\u00eb potkastin e tij \u201cFlasim\u201d, kreu i qeveris\u00eb i konsideroi protestuesit si \u2018hajvan\u00eb\u2019 me mend\u00ebsi fashiste, q\u00eb si\u00e7\u2026","rel":"","context":"In &quot;Blogu i Udh\u00ebtarit&quot;","block_context":{"text":"Blogu i Udh\u00ebtarit","link":"https:\/\/www.shqiperia.com\/blog\/category\/blogu-i-udhetarit\/"},"img":{"alt_text":"","src":"https:\/\/i0.wp.com\/www.shqiperia.com\/blog\/wp-content\/uploads\/2026\/06\/rama-protestat1-433x300-1.jpg?fit=433%2C300&ssl=1&resize=350%2C200","width":350,"height":200},"classes":[]},{"id":101727,"url":"https:\/\/www.shqiperia.com\/blog\/shperthen-rebelimi-ne-ps-pritet-distancimi-i-8-deputeteve-nga-edi-rama-kerkohet-spastrimi-i-partise-nga-banda\/","url_meta":{"origin":29038,"position":2},"title":"Shp\u00ebrthen rebelimi n\u00eb PS, pritet distancimi i 8 deputet\u00ebve nga Edi Rama, k\u00ebrkohet spastrimi i partis\u00eb nga banda\u2026","author":"Kurt Farka","date":"June 23, 2026","format":false,"excerpt":"23 Qershor 2026 Partia Socialiste duket se \u00ebsht\u00eb mb\u00ebrthyer nga nj\u00eb revolt\u00eb e paprecedent\u00eb dhe nj\u00eb rebelim i brendsh\u00ebm q\u00eb prite t\u00eb trondit\u00eb themelet e mazhoranc\u00ebs. Largimi i papritur i deputetes socialiste, Marjana Ko\u00e7eku, e njohur si \u201cNeomal\u00ebsorja\u201d, nga grupi parlamentar i PS-s\u00eb p\u00ebr t\u2019iu bashkuar hapur protestave qytetare n\u00eb\u2026","rel":"","context":"In &quot;Blogu i Udh\u00ebtarit&quot;","block_context":{"text":"Blogu i Udh\u00ebtarit","link":"https:\/\/www.shqiperia.com\/blog\/category\/blogu-i-udhetarit\/"},"img":{"alt_text":"","src":"https:\/\/i0.wp.com\/www.shqiperia.com\/blog\/wp-content\/uploads\/2026\/06\/djdd-2-972x570-1.jpg?fit=972%2C570&ssl=1&resize=350%2C200","width":350,"height":200,"srcset":"https:\/\/i0.wp.com\/www.shqiperia.com\/blog\/wp-content\/uploads\/2026\/06\/djdd-2-972x570-1.jpg?fit=972%2C570&ssl=1&resize=350%2C200 1x, https:\/\/i0.wp.com\/www.shqiperia.com\/blog\/wp-content\/uploads\/2026\/06\/djdd-2-972x570-1.jpg?fit=972%2C570&ssl=1&resize=525%2C300 1.5x, https:\/\/i0.wp.com\/www.shqiperia.com\/blog\/wp-content\/uploads\/2026\/06\/djdd-2-972x570-1.jpg?fit=972%2C570&ssl=1&resize=700%2C400 2x"},"classes":[]},{"id":105165,"url":"https:\/\/www.shqiperia.com\/blog\/plani-sekret-i-rames-gati-shtetesia-shqiptare-per-100-mije-cifute-kryeministri-kerkon-te-perserise-gazen-ne-shqiperi-thellohet-skenari-per-shkombetarizimin-e-vendit\/","url_meta":{"origin":29038,"position":3},"title":"Plani sekret i Ram\u00ebs, gati shtet\u00ebsia shqiptare p\u00ebr 100 mij\u00eb \u00e7ifut\u00eb, kryeministri k\u00ebrkon t\u00eb p\u00ebrs\u00ebris\u00eb Gaz\u00ebn n\u00eb Shqip\u00ebri, thellohet skenari p\u00ebr shkomb\u00ebtarizimin e vendit","author":"Kurt Farka","date":"August 25, 2026","format":false,"excerpt":"26 Gusht 2026 Nga Gazeta Sot Kryeministri Edi Rama, pasi p\u00ebrzuri rreth 1 milion shqiptar\u00eb qysh kur ka ardhur n\u00eb pushtet n\u00eb vitin 2013 p\u00ebr shkak t\u00eb varf\u00ebris\u00eb, krimit, korrupsionit dhe keqqeverisjes, duket se ka menduar t'i z\u00ebvend\u00ebsoj\u00eb ata me 100 mij\u00eb hebrenj (\u00e7ifut\u00eb).Burimet thon\u00eb se Rama, si nj\u00eb fans\u2026","rel":"","context":"In &quot;Blogu i Udh\u00ebtarit&quot;","block_context":{"text":"Blogu i Udh\u00ebtarit","link":"https:\/\/www.shqiperia.com\/blog\/category\/blogu-i-udhetarit\/"},"img":{"alt_text":"","src":"https:\/\/i0.wp.com\/www.shqiperia.com\/blog\/wp-content\/uploads\/2026\/08\/ijjhhj-6a8c00a349936.jpg?fit=618%2C352&ssl=1&resize=350%2C200","width":350,"height":200,"srcset":"https:\/\/i0.wp.com\/www.shqiperia.com\/blog\/wp-content\/uploads\/2026\/08\/ijjhhj-6a8c00a349936.jpg?fit=618%2C352&ssl=1&resize=350%2C200 1x, https:\/\/i0.wp.com\/www.shqiperia.com\/blog\/wp-content\/uploads\/2026\/08\/ijjhhj-6a8c00a349936.jpg?fit=618%2C352&ssl=1&resize=525%2C300 1.5x"},"classes":[]},{"id":104807,"url":"https:\/\/www.shqiperia.com\/blog\/grid-rroji-ngre-alarmin-kryeministri-i-ka-bere-gati-te-gjitha-letrat-skenari-qe-pritet-te-zbatohet-ne-shtator-dhe-levizjet-ne-qeveri-grid-rroji\/","url_meta":{"origin":29038,"position":4},"title":"Grid Rroji ngre alarmin, kryeministri i ka b\u00ebr\u00eb gati t\u00eb gjitha letrat, skenari q\u00eb pritet t\u00eb zbatohet n\u00eb shtator dhe l\u00ebvizjet n\u00eb qeveri   Grid Rroji,","author":"Kurt Farka","date":"August 20, 2026","format":false,"excerpt":"20 Gusht 2026 Grid Rroji, pedagog i shkencave politike n\u00eb universitetin CUNY-New York ka hedhur akuza t\u00eb forta ndaj kryeministrit Edi Rama, duke u ndalur te takimi i tij s\u00eb fundmi me kryebashkiak\u00ebt n\u00eb Ku\u00e7 t\u00eb Vlor\u00ebs dhe te nj\u00eb deklarat\u00eb e tij p\u00ebr qytetin. Sipas Rrojit, kryeministri e sheh\u2026","rel":"","context":"In &quot;Blogu i Udh\u00ebtarit&quot;","block_context":{"text":"Blogu i Udh\u00ebtarit","link":"https:\/\/www.shqiperia.com\/blog\/category\/blogu-i-udhetarit\/"},"img":{"alt_text":"","src":"https:\/\/i0.wp.com\/www.shqiperia.com\/blog\/wp-content\/uploads\/2026\/08\/screenshot-2026-08-20-110356-6a86c1ee6ac98.jpg?fit=462%2C304&ssl=1&resize=350%2C200","width":350,"height":200},"classes":[]},{"id":100917,"url":"https:\/\/www.shqiperia.com\/blog\/edi-rama-nuk-ka-asnje-shans-qe-investimi-te-ndaloje-sa-kohe-une-jam-ketu-projektin-do-e-publikojme-kur-te\/","url_meta":{"origin":29038,"position":5},"title":"Edi Rama: &#8211; Nuk ka asnj\u00eb shans q\u00eb investimi t\u00eb ndaloj\u00eb sa koh\u00eb un\u00eb jam k\u00ebtu. &#8211;  Projektin do e publikojme kur te &#8230;","author":"Kurt Farka","date":"June 2, 2026","format":false,"excerpt":"2 Qershor 2026 Kryeministri Edi Rama n\u00eb konferenc\u00ebn e mbajtur dit\u00ebn e sotme s\u00eb bashku me presidentin e K\u00ebshillit t\u00eb Europ\u00ebs, u pyet lidhur me ngjarjen n\u00eb Zv\u00ebrnec. \u201cInvestimi nuk ndalon sa koh\u00eb un\u00eb jam k\u00ebtu, por jam i hapur p\u00ebr k\u00ebdo q\u00eb ka pretendime\u201d, k\u00ebshtu \u00ebsht\u00eb p\u00ebrgjigjur kryeministri Edi\u2026","rel":"","context":"In &quot;Blogu i Udh\u00ebtarit&quot;","block_context":{"text":"Blogu i Udh\u00ebtarit","link":"https:\/\/www.shqiperia.com\/blog\/category\/blogu-i-udhetarit\/"},"img":{"alt_text":"","src":"https:\/\/i0.wp.com\/www.shqiperia.com\/blog\/wp-content\/uploads\/2026\/06\/images.webp?fit=678%2C452&ssl=1&resize=350%2C200","width":350,"height":200,"srcset":"https:\/\/i0.wp.com\/www.shqiperia.com\/blog\/wp-content\/uploads\/2026\/06\/images.webp?fit=678%2C452&ssl=1&resize=350%2C200 1x, https:\/\/i0.wp.com\/www.shqiperia.com\/blog\/wp-content\/uploads\/2026\/06\/images.webp?fit=678%2C452&ssl=1&resize=525%2C300 1.5x"},"classes":[]}],"_links":{"self":[{"href":"https:\/\/www.shqiperia.com\/blog\/wp-json\/wp\/v2\/posts\/29038","targetHints":{"allow":["GET"]}}],"collection":[{"href":"https:\/\/www.shqiperia.com\/blog\/wp-json\/wp\/v2\/posts"}],"about":[{"href":"https:\/\/www.shqiperia.com\/blog\/wp-json\/wp\/v2\/types\/post"}],"author":[{"embeddable":true,"href":"https:\/\/www.shqiperia.com\/blog\/wp-json\/wp\/v2\/users\/9"}],"replies":[{"embeddable":true,"href":"https:\/\/www.shqiperia.com\/blog\/wp-json\/wp\/v2\/comments?post=29038"}],"version-history":[{"count":1,"href":"https:\/\/www.shqiperia.com\/blog\/wp-json\/wp\/v2\/posts\/29038\/revisions"}],"predecessor-version":[{"id":29040,"href":"https:\/\/www.shqiperia.com\/blog\/wp-json\/wp\/v2\/posts\/29038\/revisions\/29040"}],"wp:featuredmedia":[{"embeddable":true,"href":"https:\/\/www.shqiperia.com\/blog\/wp-json\/wp\/v2\/media\/29039"}],"wp:attachment":[{"href":"https:\/\/www.shqiperia.com\/blog\/wp-json\/wp\/v2\/media?parent=29038"}],"wp:term":[{"taxonomy":"category","embeddable":true,"href":"https:\/\/www.shqiperia.com\/blog\/wp-json\/wp\/v2\/categories?post=29038"},{"taxonomy":"post_tag","embeddable":true,"href":"https:\/\/www.shqiperia.com\/blog\/wp-json\/wp\/v2\/tags?post=29038"}],"curies":[{"name":"wp","href":"https:\/\/api.w.org\/{rel}","templated":true}]}}