{"id":28980,"date":"2019-12-06T01:15:28","date_gmt":"2019-12-06T01:15:28","guid":{"rendered":"https:\/\/www.shqiperia.com\/blog\/?p=28980"},"modified":"2019-12-06T01:15:28","modified_gmt":"2019-12-06T01:15:28","slug":"qeveria-te-jape-llogari-per-vdekjen-e-24-banoreve-ne-thumane","status":"publish","type":"post","link":"https:\/\/www.shqiperia.com\/blog\/qeveria-te-jape-llogari-per-vdekjen-e-24-banoreve-ne-thumane\/","title":{"rendered":"Qeveria t\u00eb jap\u00eb llogari p\u00ebr vdekjen e 24 banor\u00ebve n\u00eb Thuman\u00eb"},"content":{"rendered":"<p><strong> <img data-recalc-dims=\"1\" loading=\"lazy\" decoding=\"async\" data-attachment-id=\"28981\" data-permalink=\"https:\/\/www.shqiperia.com\/blog\/qeveria-te-jape-llogari-per-vdekjen-e-24-banoreve-ne-thumane\/termeti-ne-durres-dhe-thumane11\/\" data-orig-file=\"https:\/\/i0.wp.com\/www.shqiperia.com\/blog\/wp-content\/uploads\/2019\/12\/Termeti-ne-durres-dhe-thumane11.jpg?fit=940%2C574&amp;ssl=1\" data-orig-size=\"940,574\" data-comments-opened=\"1\" data-image-meta=\"{&quot;aperture&quot;:&quot;0&quot;,&quot;credit&quot;:&quot;&quot;,&quot;camera&quot;:&quot;&quot;,&quot;caption&quot;:&quot;&quot;,&quot;created_timestamp&quot;:&quot;0&quot;,&quot;copyright&quot;:&quot;&quot;,&quot;focal_length&quot;:&quot;0&quot;,&quot;iso&quot;:&quot;0&quot;,&quot;shutter_speed&quot;:&quot;0&quot;,&quot;title&quot;:&quot;&quot;,&quot;orientation&quot;:&quot;0&quot;}\" data-image-title=\"Termeti-ne-durres-dhe-thumane11\" data-image-description=\"\" data-image-caption=\"\" data-medium-file=\"https:\/\/i0.wp.com\/www.shqiperia.com\/blog\/wp-content\/uploads\/2019\/12\/Termeti-ne-durres-dhe-thumane11.jpg?fit=300%2C183&amp;ssl=1\" data-large-file=\"https:\/\/i0.wp.com\/www.shqiperia.com\/blog\/wp-content\/uploads\/2019\/12\/Termeti-ne-durres-dhe-thumane11.jpg?fit=940%2C574&amp;ssl=1\" class=\"alignnone size-medium wp-image-28981\" alt=\"\" src=\"https:\/\/i0.wp.com\/www.shqiperia.com\/blog\/wp-content\/uploads\/2019\/12\/Termeti-ne-durres-dhe-thumane11.jpg?resize=300%2C183&#038;ssl=1\" width=\"300\" height=\"183\" srcset=\"https:\/\/i0.wp.com\/www.shqiperia.com\/blog\/wp-content\/uploads\/2019\/12\/Termeti-ne-durres-dhe-thumane11.jpg?resize=300%2C183&amp;ssl=1 300w, https:\/\/i0.wp.com\/www.shqiperia.com\/blog\/wp-content\/uploads\/2019\/12\/Termeti-ne-durres-dhe-thumane11.jpg?resize=768%2C469&amp;ssl=1 768w, https:\/\/i0.wp.com\/www.shqiperia.com\/blog\/wp-content\/uploads\/2019\/12\/Termeti-ne-durres-dhe-thumane11.jpg?resize=450%2C275&amp;ssl=1 450w, https:\/\/i0.wp.com\/www.shqiperia.com\/blog\/wp-content\/uploads\/2019\/12\/Termeti-ne-durres-dhe-thumane11.jpg?resize=600%2C366&amp;ssl=1 600w, https:\/\/i0.wp.com\/www.shqiperia.com\/blog\/wp-content\/uploads\/2019\/12\/Termeti-ne-durres-dhe-thumane11.jpg?resize=400%2C244&amp;ssl=1 400w, https:\/\/i0.wp.com\/www.shqiperia.com\/blog\/wp-content\/uploads\/2019\/12\/Termeti-ne-durres-dhe-thumane11.jpg?w=940&amp;ssl=1 940w\" sizes=\"auto, (max-width: 300px) 100vw, 300px\" \/><\/strong><\/p>\n<p>&#8211; 05\/12\/19<\/p>\n<p><a href=\"https:\/\/gazetamapo.al\/pd-qeveria-te-jape-llogari-per-vdekjen-e-24-banoreve-ne-thumane\/\"><strong>mapo.al<\/strong><\/a><\/p>\n<p>PD ka nisur mbledhjen e informacioneve lidhur me shembjen e dy pallateve n\u00eb Thuman\u00eb nga t\u00ebrmeti i t\u00eb mart\u00ebs s\u00eb kaluar. N\u00eb nj\u00eb njoftim t\u00eb shp\u00ebrndar\u00eb p\u00ebr mediat PD akuzon Qeverin\u00eb dhe Bashkin\u00eb e Kruj\u00ebs se kan\u00eb heshtur p\u00ebrball\u00eb d\u00ebmtimeve t\u00eb dy pallateve shembja e t\u00eb cilave shkaktoi vdekjen e 24 personave. PD thot\u00eb se kemi t\u00eb b\u00ebjm\u00eb me mosveprim kriminal t\u00eb Qeveris\u00eb dhe Bashkis\u00eb Kruj\u00eb tek dy objektet e d\u00ebmtuara nga t\u00ebrmeti i 21 shtatorit, edhe pse ishin vler\u00ebsuar si t\u00eb rrezikshme.<\/p>\n<p><em>\u201cQeveria dhe Bashkia Kruj\u00eb duhet t\u00eb jap\u00eb llogari p\u00ebr vdekjen e 24 qytetar\u00ebve n\u00eb Thuman\u00eb\u201d,<\/em>\u00a0thuhet n\u00eb deklarat\u00ebn e PD. Pas heshtjes prej m\u00eb shum\u00eb se 10 dit\u00ebsh nga ana e ekzekutivit, Sekretari i P\u00ebrgjithsh\u00ebm i PD Gazment Bardhi, i drejtohet me k\u00ebrkes\u00eb zyrtare p\u00ebr informacion Qeveris\u00eb dhe Bashkis\u00eb Kruj\u00eb, p\u00ebr 5 \u00e7\u00ebshtjet e m\u00ebposhtme:<\/p>\n<ol>\n<li><strong><em> Pas t\u00ebrmetit t\u00eb dat\u00ebs 21 Shtator 2019, a ka k\u00ebrkuar zyrtarisht dhe a ka kryer Bashkia Kruj\u00eb verifikimin e siguris\u00eb dhe gjendjes s\u00eb dy pallateve t\u00eb shkat\u00ebrruara n\u00eb Thuman\u00eb nga t\u00ebrmeti i dat\u00ebs 26 N\u00ebntor 2019? N\u00ebse po, ju lutem na vini n\u00eb dispozicion dokumentin zyrtar q\u00eb e provon k\u00ebt\u00eb. A \u00ebsht\u00eb informuar ose raportuar pran\u00eb Komitetit Nd\u00ebrministror t\u00eb Emergjencave Civile (KNEC) p\u00ebr gjendjen e k\u00ebtyre pallateve?<\/em><\/strong><br \/>\n<strong><em>2. A u verifikuan dy pallatet n\u00eb Thuman\u00eb pas t\u00ebrmetit t\u00eb 21 Shtatorit? N\u00ebse po, kush jan\u00eb ekspert\u00ebt q\u00eb u angazhuan dhe \u00e7far\u00eb vler\u00ebsimi b\u00ebn\u00eb ata? Lutemi nj\u00eb kopje t\u00eb aktit t\u00eb konstatimit\/verifikimit t\u00eb hartuar dhe n\u00ebnshkruar prej tyre.<\/em><\/strong><br \/>\n<strong><em>3. A u lajm\u00ebruan banor\u00ebt p\u00ebr gjetjet e ekspertimit\/verifikimit?<\/em><\/strong><br \/>\n<strong><em>4. N\u00ebse godinat ishin vler\u00ebsuar si t\u00eb rrezikshme, \u00e7far\u00eb masash u mor\u00ebn p\u00ebr strehimin e banor\u00ebve dhe ndalimin e hyrjes n\u00eb ato banesa?<\/em><\/strong><br \/>\n<strong><em>5. Kush lejoi futjen e banor\u00ebve n\u00eb pallatet e shembura n\u00eb 26 N\u00ebntor 2019 dhe mbi \u00e7far\u00eb baz\u00eb u b\u00eb kjo?<\/em><\/strong><\/li>\n<\/ol>\n","protected":false},"excerpt":{"rendered":"<p>&#8211; 05\/12\/19 mapo.al PD ka nisur mbledhjen e informacioneve lidhur me shembjen e dy pallateve n\u00eb Thuman\u00eb nga t\u00ebrmeti i t\u00eb mart\u00ebs s\u00eb kaluar. N\u00eb nj\u00eb njoftim t\u00eb shp\u00ebrndar\u00eb p\u00ebr mediat PD akuzon Qeverin\u00eb dhe Bashkin\u00eb e Kruj\u00ebs se kan\u00eb heshtur p\u00ebrball\u00eb d\u00ebmtimeve t\u00eb dy pallateve shembja e t\u00eb cilave shkaktoi vdekjen e 24 personave. [&hellip;]<\/p>\n","protected":false},"author":9,"featured_media":28981,"comment_status":"open","ping_status":"open","sticky":false,"template":"","format":"standard","meta":{"jetpack_post_was_ever_published":false,"_jetpack_newsletter_access":"","_jetpack_dont_email_post_to_subs":false,"_jetpack_newsletter_tier_id":0,"_jetpack_memberships_contains_paywalled_content":false,"_jetpack_memberships_contains_paid_content":false,"footnotes":"","jetpack_publicize_message":"","jetpack_publicize_feature_enabled":true,"jetpack_social_post_already_shared":true,"jetpack_social_options":{"image_generator_settings":{"template":"highway","default_image_id":0,"font":"","enabled":false},"version":2}},"categories":[10],"tags":[],"class_list":["post-28980","post","type-post","status-publish","format-standard","has-post-thumbnail","hentry","category-kultura"],"jetpack_publicize_connections":[],"jetpack_featured_media_url":"https:\/\/i0.wp.com\/www.shqiperia.com\/blog\/wp-content\/uploads\/2019\/12\/Termeti-ne-durres-dhe-thumane11.jpg?fit=940%2C574&ssl=1","jetpack_sharing_enabled":true,"jetpack_shortlink":"https:\/\/wp.me\/p5Z6wp-7xq","jetpack-related-posts":[{"id":28821,"url":"https:\/\/www.shqiperia.com\/blog\/lajmi-i-fundit-ora-01-41-29-nentor-2019-50-viktima-nga-termeti-nxirren-te-gjithe-trupat-nga-rrenojat-ne-thumane-dhe-ne-durres\/","url_meta":{"origin":28980,"position":0},"title":"Lajmi I Fundit, ora 01.41, 29 N\u00ebntor 2019.  50 viktima nga t\u00ebrmeti! Nxirren t\u00eb gjith\u00eb trupat nga rr\u00ebnojat n\u00eb Thuman\u00eb dhe n\u00eb Durr\u00ebs","author":"Kurt Farka","date":"November 29, 2019","format":false,"excerpt":"Lajmi I Fundit, ora 01.41, 29 N\u00ebntor. 50 viktima nga t\u00ebrmeti! Nxirren t\u00eb gjith\u00eb trupat nga rr\u00ebnojat n\u00eb Thuman\u00eb dhe n\u00eb Durr\u00ebs Nga Gazeta Shqiptarja.com P\u00ebrfundojn\u00eb operacionet e k\u00ebrkim shp\u00ebtimit. Nxirren dy trupat e fundit t\u00eb pajet\u00eb n\u00eb Durr\u00ebs duke e \u00e7uar bilancin e viktimave n\u00eb 50. 24 t\u00eb vdekur\u2026","rel":"","context":"In &quot;Blogu i Udh\u00ebtarit&quot;","block_context":{"text":"Blogu i Udh\u00ebtarit","link":"https:\/\/www.shqiperia.com\/blog\/category\/blogu-i-udhetarit\/"},"img":{"alt_text":"","src":"https:\/\/i0.wp.com\/www.shqiperia.com\/blog\/wp-content\/uploads\/2019\/11\/Pasojat-e-termetit-ne-Durres-Zona-plazhit-1.jpg?fit=1124%2C525&ssl=1&resize=350%2C200","width":350,"height":200,"srcset":"https:\/\/i0.wp.com\/www.shqiperia.com\/blog\/wp-content\/uploads\/2019\/11\/Pasojat-e-termetit-ne-Durres-Zona-plazhit-1.jpg?fit=1124%2C525&ssl=1&resize=350%2C200 1x, https:\/\/i0.wp.com\/www.shqiperia.com\/blog\/wp-content\/uploads\/2019\/11\/Pasojat-e-termetit-ne-Durres-Zona-plazhit-1.jpg?fit=1124%2C525&ssl=1&resize=525%2C300 1.5x, https:\/\/i0.wp.com\/www.shqiperia.com\/blog\/wp-content\/uploads\/2019\/11\/Pasojat-e-termetit-ne-Durres-Zona-plazhit-1.jpg?fit=1124%2C525&ssl=1&resize=700%2C400 2x, https:\/\/i0.wp.com\/www.shqiperia.com\/blog\/wp-content\/uploads\/2019\/11\/Pasojat-e-termetit-ne-Durres-Zona-plazhit-1.jpg?fit=1124%2C525&ssl=1&resize=1050%2C600 3x"},"classes":[]},{"id":28683,"url":"https:\/\/www.shqiperia.com\/blog\/lajmi-i-fundit-7-te-vdekur-nga-termeti-6-4-balle-ne-shqiperi\/","url_meta":{"origin":28980,"position":1},"title":"Lajmi i fundit\/ 7 t\u00eb vdekur nga t\u00ebrmeti 6.4 ball\u00eb n\u00eb Shqip\u00ebri","author":"Kurt Farka","date":"November 26, 2019","format":false,"excerpt":"Lajmi i fundit\/ 7 t\u00eb vdekur nga t\u00ebrmeti 6.4 ball\u00eb n\u00eb Shqip\u00ebri 26 N\u00ebntor 2019 | 08 : 22 Shqip\u00ebria \u00ebsht\u00eb zgjuar m\u00ebngjesin e sot\u00ebm n\u00ebn l\u00ebkundjet e nj\u00eb t\u00ebrmeti me pasoja apokaliptike, q\u00eb ka l\u00ebn\u00eb pas viktima t\u00eb plagosur dhe d\u00ebme t\u00eb pallogaritshme n\u00eb banesa. T\u00ebrmeti m\u00eb i fort\u00eb\u2026","rel":"","context":"In &quot;Blogu i Udh\u00ebtarit&quot;","block_context":{"text":"Blogu i Udh\u00ebtarit","link":"https:\/\/www.shqiperia.com\/blog\/category\/blogu-i-udhetarit\/"},"img":{"alt_text":"","src":"https:\/\/i0.wp.com\/www.shqiperia.com\/blog\/wp-content\/uploads\/2019\/11\/76732953_553781428517978_1894183115585224704_n.png?fit=1147%2C577&ssl=1&resize=350%2C200","width":350,"height":200,"srcset":"https:\/\/i0.wp.com\/www.shqiperia.com\/blog\/wp-content\/uploads\/2019\/11\/76732953_553781428517978_1894183115585224704_n.png?fit=1147%2C577&ssl=1&resize=350%2C200 1x, https:\/\/i0.wp.com\/www.shqiperia.com\/blog\/wp-content\/uploads\/2019\/11\/76732953_553781428517978_1894183115585224704_n.png?fit=1147%2C577&ssl=1&resize=525%2C300 1.5x, https:\/\/i0.wp.com\/www.shqiperia.com\/blog\/wp-content\/uploads\/2019\/11\/76732953_553781428517978_1894183115585224704_n.png?fit=1147%2C577&ssl=1&resize=700%2C400 2x, https:\/\/i0.wp.com\/www.shqiperia.com\/blog\/wp-content\/uploads\/2019\/11\/76732953_553781428517978_1894183115585224704_n.png?fit=1147%2C577&ssl=1&resize=1050%2C600 3x"},"classes":[]},{"id":28928,"url":"https:\/\/www.shqiperia.com\/blog\/u-shkaterrua-nga-termeti-shkolla-ishte-rindertuar-2-muaj-me-pare\/","url_meta":{"origin":28980,"position":2},"title":"U shkat\u00ebrrua nga t\u00ebrmeti, shkolla ishte rind\u00ebrtuar 2 muaj m\u00eb par\u00eb. &#8211;","author":"Kurt Farka","date":"December 4, 2019","format":false,"excerpt":"U shkat\u00ebrrua nga t\u00ebrmeti, shkolla ishte rind\u00ebrtuar 2 muaj m\u00eb par\u00eb 4 dhjetor 2019 U rikonstruktua n\u00eb shtator t\u00eb k\u00ebtij viti me vler\u00eb 580 milion\u00eb lek\u00eb, por u shkat\u00ebrrua nga t\u00ebrmeti i 26 n\u00ebntorit 2019. Kjo \u00ebsht\u00eb historia e pazakont\u00eb dhe abuzive me shkoll\u00ebn 9-vje\u00e7are \u2018Ramazan Jangozi\u2019 n\u00eb Thuman\u00eb, e\u2026","rel":"","context":"In &quot;Blogu i Udh\u00ebtarit&quot;","block_context":{"text":"Blogu i Udh\u00ebtarit","link":"https:\/\/www.shqiperia.com\/blog\/category\/blogu-i-udhetarit\/"},"img":{"alt_text":"","src":"https:\/\/i0.wp.com\/www.shqiperia.com\/blog\/wp-content\/uploads\/2019\/12\/aaaaaaaa-1-905x450.jpg?fit=905%2C450&ssl=1&resize=350%2C200","width":350,"height":200,"srcset":"https:\/\/i0.wp.com\/www.shqiperia.com\/blog\/wp-content\/uploads\/2019\/12\/aaaaaaaa-1-905x450.jpg?fit=905%2C450&ssl=1&resize=350%2C200 1x, https:\/\/i0.wp.com\/www.shqiperia.com\/blog\/wp-content\/uploads\/2019\/12\/aaaaaaaa-1-905x450.jpg?fit=905%2C450&ssl=1&resize=525%2C300 1.5x, https:\/\/i0.wp.com\/www.shqiperia.com\/blog\/wp-content\/uploads\/2019\/12\/aaaaaaaa-1-905x450.jpg?fit=905%2C450&ssl=1&resize=700%2C400 2x"},"classes":[]},{"id":75840,"url":"https:\/\/www.shqiperia.com\/blog\/sot-4-vite-nga-tragjedia-e-26-nentorit-humben-jeten-51-persona-nga-termeti-i-fuqishem-dhjetera-familje-mbeten-ne-qiell-te-hapur\/","url_meta":{"origin":28980,"position":3},"title":"Sot, 4 vite nga tragjedia e 26 n\u00ebntorit! &#8211; Humb\u00ebn jet\u00ebn 51 persona nga t\u00ebrmeti i fuqish\u00ebm, dhjet\u00ebra familje mbet\u00ebn n\u00eb qiell t\u00eb hapur","author":"Kurt Farka","date":"November 26, 2023","format":false,"excerpt":"26 Nentor 2023 Sot b\u00ebhen 4 vjet nga tragjedia e 26 n\u00ebntorit 2019, ku Shqip\u00ebria u trondit nga nj\u00eb termet i fuqish\u00ebm. Ishte ora 03:56, kur nj\u00eb l\u00ebkundje e fuqishme me magnitud\u00eb 6.4 t\u00eb shkall\u00ebs rihter, q\u00eb zgjati p\u00ebr rreth 50 sekonda, goditi Durr\u00ebsin dhe Tiran\u00ebn dhe disa bashki t\u00eb\u2026","rel":"","context":"In &quot;Blogu i Udh\u00ebtarit&quot;","block_context":{"text":"Blogu i Udh\u00ebtarit","link":"https:\/\/www.shqiperia.com\/blog\/category\/blogu-i-udhetarit\/"},"img":{"alt_text":"","src":"https:\/\/i0.wp.com\/www.shqiperia.com\/blog\/wp-content\/uploads\/2023\/11\/1575456365_autotermetithumaneshqiperi11574973592.jpg?fit=780%2C440&ssl=1&resize=350%2C200","width":350,"height":200,"srcset":"https:\/\/i0.wp.com\/www.shqiperia.com\/blog\/wp-content\/uploads\/2023\/11\/1575456365_autotermetithumaneshqiperi11574973592.jpg?fit=780%2C440&ssl=1&resize=350%2C200 1x, https:\/\/i0.wp.com\/www.shqiperia.com\/blog\/wp-content\/uploads\/2023\/11\/1575456365_autotermetithumaneshqiperi11574973592.jpg?fit=780%2C440&ssl=1&resize=525%2C300 1.5x, https:\/\/i0.wp.com\/www.shqiperia.com\/blog\/wp-content\/uploads\/2023\/11\/1575456365_autotermetithumaneshqiperi11574973592.jpg?fit=780%2C440&ssl=1&resize=700%2C400 2x"},"classes":[]},{"id":47127,"url":"https:\/\/www.shqiperia.com\/blog\/dokumentet-pd-denoncon-si-u-blene-votat-e-familjeve-te-prekura-nga-termeti-dy-dite-para-zgjedhjeve-u-shperndane-40-milione-euro\/","url_meta":{"origin":28980,"position":4},"title":"Dokumentet. \u00a0PD denoncon: &#8211; Si u blen\u00eb votat e familjeve t\u00eb prekura nga t\u00ebrmeti, dy dit\u00eb para zgjedhjeve u shp\u00ebrndan\u00eb 40 milion\u00eb euro","author":"Kurt Farka","date":"May 1, 2021","format":false,"excerpt":"Dokumentet. \u00a0PD denoncon: - Si u blen\u00eb votat e familjeve t\u00eb prekura nga t\u00ebrmeti, dy dit\u00eb para zgjedhjeve u shp\u00ebrndan\u00eb 40 milion\u00eb euro 1 maji 2021 Partia Demokratike ka denoncuar sot p\u00ebrmes dokumenteve se n\u00eb 10 bashki t\u00eb vendit, jan\u00eb shp\u00ebrndar\u00eb sipas saj, dy dit\u00eb p\u00ebrpara zgjedhjeve t\u00eb 25 prillit,\u2026","rel":"","context":"In &quot;Blogu i Udh\u00ebtarit&quot;","block_context":{"text":"Blogu i Udh\u00ebtarit","link":"https:\/\/www.shqiperia.com\/blog\/category\/blogu-i-udhetarit\/"},"img":{"alt_text":"","src":"https:\/\/i0.wp.com\/www.shqiperia.com\/blog\/wp-content\/uploads\/2021\/05\/oerd-bylylbashi.jpg?fit=683%2C380&ssl=1&resize=350%2C200","width":350,"height":200,"srcset":"https:\/\/i0.wp.com\/www.shqiperia.com\/blog\/wp-content\/uploads\/2021\/05\/oerd-bylylbashi.jpg?fit=683%2C380&ssl=1&resize=350%2C200 1x, https:\/\/i0.wp.com\/www.shqiperia.com\/blog\/wp-content\/uploads\/2021\/05\/oerd-bylylbashi.jpg?fit=683%2C380&ssl=1&resize=525%2C300 1.5x"},"classes":[]},{"id":29311,"url":"https:\/\/www.shqiperia.com\/blog\/ku-eshte-flete-arresti-i-vangjushit\/","url_meta":{"origin":28980,"position":5},"title":"\u201cKu \u00ebsht\u00eb flet\u00eb-arresti i Vangjushit\u201d! &#8211;","author":"Kurt Farka","date":"December 15, 2019","format":false,"excerpt":"\u201cKu \u00ebsht\u00eb flet\u00eb-arresti i Vangjushit\u201d! 14 Dhjetor 2019 \u201cKu \u00ebsht\u00eb flet\u00eb-arresti i Vangjushit?\u201d, \u2013 me k\u00ebt\u00eb pyetje t\u00eb shkruar n\u00eb pankart\u00ebn q\u00eb mbahet n\u00eb dor\u00eb nga nj\u00eb i ri, Gazment Bardhi, Sekretar i P\u00ebrgjithsh\u00ebm i Partis\u00eb Demokratike, shoq\u00ebron reagimin ku refuzohet edhe nj\u00ebher\u00eb tjet\u00ebr ftesa p\u00ebr bashk\u00ebpunim, e b\u00ebr\u00eb nga\u2026","rel":"","context":"In &quot;Blogu i Udh\u00ebtarit&quot;","block_context":{"text":"Blogu i Udh\u00ebtarit","link":"https:\/\/www.shqiperia.com\/blog\/category\/blogu-i-udhetarit\/"},"img":{"alt_text":"","src":"https:\/\/i0.wp.com\/www.shqiperia.com\/blog\/wp-content\/uploads\/2019\/12\/dakooo-740x375-1.jpg?fit=740%2C375&ssl=1&resize=350%2C200","width":350,"height":200,"srcset":"https:\/\/i0.wp.com\/www.shqiperia.com\/blog\/wp-content\/uploads\/2019\/12\/dakooo-740x375-1.jpg?fit=740%2C375&ssl=1&resize=350%2C200 1x, https:\/\/i0.wp.com\/www.shqiperia.com\/blog\/wp-content\/uploads\/2019\/12\/dakooo-740x375-1.jpg?fit=740%2C375&ssl=1&resize=525%2C300 1.5x, https:\/\/i0.wp.com\/www.shqiperia.com\/blog\/wp-content\/uploads\/2019\/12\/dakooo-740x375-1.jpg?fit=740%2C375&ssl=1&resize=700%2C400 2x"},"classes":[]}],"_links":{"self":[{"href":"https:\/\/www.shqiperia.com\/blog\/wp-json\/wp\/v2\/posts\/28980","targetHints":{"allow":["GET"]}}],"collection":[{"href":"https:\/\/www.shqiperia.com\/blog\/wp-json\/wp\/v2\/posts"}],"about":[{"href":"https:\/\/www.shqiperia.com\/blog\/wp-json\/wp\/v2\/types\/post"}],"author":[{"embeddable":true,"href":"https:\/\/www.shqiperia.com\/blog\/wp-json\/wp\/v2\/users\/9"}],"replies":[{"embeddable":true,"href":"https:\/\/www.shqiperia.com\/blog\/wp-json\/wp\/v2\/comments?post=28980"}],"version-history":[{"count":1,"href":"https:\/\/www.shqiperia.com\/blog\/wp-json\/wp\/v2\/posts\/28980\/revisions"}],"predecessor-version":[{"id":28982,"href":"https:\/\/www.shqiperia.com\/blog\/wp-json\/wp\/v2\/posts\/28980\/revisions\/28982"}],"wp:featuredmedia":[{"embeddable":true,"href":"https:\/\/www.shqiperia.com\/blog\/wp-json\/wp\/v2\/media\/28981"}],"wp:attachment":[{"href":"https:\/\/www.shqiperia.com\/blog\/wp-json\/wp\/v2\/media?parent=28980"}],"wp:term":[{"taxonomy":"category","embeddable":true,"href":"https:\/\/www.shqiperia.com\/blog\/wp-json\/wp\/v2\/categories?post=28980"},{"taxonomy":"post_tag","embeddable":true,"href":"https:\/\/www.shqiperia.com\/blog\/wp-json\/wp\/v2\/tags?post=28980"}],"curies":[{"name":"wp","href":"https:\/\/api.w.org\/{rel}","templated":true}]}}