{"id":28976,"date":"2019-12-06T00:57:33","date_gmt":"2019-12-06T00:57:33","guid":{"rendered":"https:\/\/www.shqiperia.com\/blog\/?p=28976"},"modified":"2019-12-06T00:59:06","modified_gmt":"2019-12-06T00:59:06","slug":"dalin-shifrat-pas-termetit-ja-sa-eshte-kredia-e-marre-per-banesat-ne-durres","status":"publish","type":"post","link":"https:\/\/www.shqiperia.com\/blog\/dalin-shifrat-pas-termetit-ja-sa-eshte-kredia-e-marre-per-banesat-ne-durres\/","title":{"rendered":"Dalin shifrat pas t\u00ebrmetit, ja sa \u00ebsht\u00eb kredia e marr\u00eb p\u00ebr banesat ne Durres. &#8211;"},"content":{"rendered":"<p><img data-recalc-dims=\"1\" loading=\"lazy\" decoding=\"async\" data-attachment-id=\"28977\" data-permalink=\"https:\/\/www.shqiperia.com\/blog\/dalin-shifrat-pas-termetit-ja-sa-eshte-kredia-e-marre-per-banesat-ne-durres\/whatsapp-image-2019-12-04-at-18-13-15-905x395\/\" data-orig-file=\"https:\/\/i0.wp.com\/www.shqiperia.com\/blog\/wp-content\/uploads\/2019\/12\/WhatsApp-Image-2019-12-04-at-18.13.15-905x395.jpeg?fit=905%2C395&amp;ssl=1\" data-orig-size=\"905,395\" data-comments-opened=\"1\" data-image-meta=\"{&quot;aperture&quot;:&quot;0&quot;,&quot;credit&quot;:&quot;&quot;,&quot;camera&quot;:&quot;&quot;,&quot;caption&quot;:&quot;&quot;,&quot;created_timestamp&quot;:&quot;0&quot;,&quot;copyright&quot;:&quot;&quot;,&quot;focal_length&quot;:&quot;0&quot;,&quot;iso&quot;:&quot;0&quot;,&quot;shutter_speed&quot;:&quot;0&quot;,&quot;title&quot;:&quot;&quot;,&quot;orientation&quot;:&quot;0&quot;}\" data-image-title=\"WhatsApp-Image-2019-12-04-at-18.13.15-905&#215;395\" data-image-description=\"\" data-image-caption=\"\" data-medium-file=\"https:\/\/i0.wp.com\/www.shqiperia.com\/blog\/wp-content\/uploads\/2019\/12\/WhatsApp-Image-2019-12-04-at-18.13.15-905x395.jpeg?fit=300%2C131&amp;ssl=1\" data-large-file=\"https:\/\/i0.wp.com\/www.shqiperia.com\/blog\/wp-content\/uploads\/2019\/12\/WhatsApp-Image-2019-12-04-at-18.13.15-905x395.jpeg?fit=905%2C395&amp;ssl=1\" class=\"alignnone wp-image-28977\" alt=\"\" src=\"https:\/\/i0.wp.com\/www.shqiperia.com\/blog\/wp-content\/uploads\/2019\/12\/WhatsApp-Image-2019-12-04-at-18.13.15-905x395.jpeg?resize=536%2C234&#038;ssl=1\" width=\"536\" height=\"234\" srcset=\"https:\/\/i0.wp.com\/www.shqiperia.com\/blog\/wp-content\/uploads\/2019\/12\/WhatsApp-Image-2019-12-04-at-18.13.15-905x395.jpeg?resize=300%2C131&amp;ssl=1 300w, https:\/\/i0.wp.com\/www.shqiperia.com\/blog\/wp-content\/uploads\/2019\/12\/WhatsApp-Image-2019-12-04-at-18.13.15-905x395.jpeg?resize=768%2C335&amp;ssl=1 768w, https:\/\/i0.wp.com\/www.shqiperia.com\/blog\/wp-content\/uploads\/2019\/12\/WhatsApp-Image-2019-12-04-at-18.13.15-905x395.jpeg?resize=450%2C196&amp;ssl=1 450w, https:\/\/i0.wp.com\/www.shqiperia.com\/blog\/wp-content\/uploads\/2019\/12\/WhatsApp-Image-2019-12-04-at-18.13.15-905x395.jpeg?resize=600%2C262&amp;ssl=1 600w, https:\/\/i0.wp.com\/www.shqiperia.com\/blog\/wp-content\/uploads\/2019\/12\/WhatsApp-Image-2019-12-04-at-18.13.15-905x395.jpeg?resize=400%2C175&amp;ssl=1 400w, https:\/\/i0.wp.com\/www.shqiperia.com\/blog\/wp-content\/uploads\/2019\/12\/WhatsApp-Image-2019-12-04-at-18.13.15-905x395.jpeg?resize=905%2C395&amp;ssl=1 905w\" sizes=\"auto, (max-width: 536px) 100vw, 536px\" \/><\/p>\n<p><strong>Dalin shifrat pas t\u00ebrmetit, ja sa \u00ebsht\u00eb kredia e marr\u00eb p\u00ebr banesat ne Durres<\/strong><\/p>\n<p>5 dhjetor \u00a02019<\/p>\n<p>Stoku i kredis\u00eb q\u00eb banor\u00ebt e Durr\u00ebsit kan\u00eb marr\u00eb p\u00ebr blerje banesash n\u00eb fund t\u00eb tremujorit t\u00eb tret\u00eb t\u00eb k\u00ebtij viti ishte 8.8 miliard\u00eb lek\u00eb, ose rreth 72 milion\u00eb euro, sipas statistikave t\u00eb publikuara nga Banka e Shqip\u00ebris\u00eb.<\/p>\n<p>Kjo \u00ebsht\u00eb shuma q\u00eb individ\u00ebt duhet t\u2019i kthejn\u00eb bankave, bazuar n\u00eb afatin e maturimit q\u00eb ata e kan\u00eb marr\u00eb huan\u00eb.<\/p>\n<p>N\u00eb raport me nj\u00eb vit m\u00eb par\u00eb, stoku i huas\u00eb p\u00ebr banesa n\u00eb Durr\u00ebs \u00ebsht\u00eb rritur me 15% n\u00eb fund t\u00eb tremujorit t\u00eb tret\u00eb, duke reflektuar gjall\u00ebrimin e sektorit t\u00eb nd\u00ebrtimit n\u00eb vend, por dhe shtimin e interesit p\u00ebr t\u00eb pasur nj\u00eb sht\u00ebpi n\u00eb plazh, pasi bregdeti i Durr\u00ebsit dy vitet e fundit ishte kthyer nd\u00ebr m\u00eb t\u00eb preferuarit p\u00ebr shkak t\u00eb ardhjes s\u00eb turist\u00ebve t\u00eb huaj.<\/p>\n<p>Nd\u00ebrkoh\u00eb q\u00eb nuk ka ende nj\u00eb vler\u00ebsim t\u00eb sakt\u00eb se sa prej banor\u00ebve t\u00eb pallateve\u00a0 t\u00eb d\u00ebmtuara e kishin bler\u00eb apartamentin e tyre me kredi, teksa nj\u00eb pjes\u00eb e madhe e pallateve ishin relativisht t\u00eb reja.<\/p>\n<p>N\u00eb Tiran\u00eb, stoku i kredis\u00eb p\u00ebr banesa \u00ebsht\u00eb shum\u00eb m\u00eb i lart\u00eb.<\/p>\n<p>Individ\u00ebt q\u00eb kan\u00eb bler\u00eb nj\u00eb apartament me kredi duhet t\u2019u kthejn\u00eb bankave rreth 79 miliard\u00eb lek\u00eb, ose rreth 640 milion\u00eb euro. N\u00eb raport me nj\u00eb viti m\u00eb par\u00eb, stoku i huas\u00eb p\u00ebr banesa \u00ebsht\u00eb rritur me 6.5%, raporton Banka e Shqip\u00ebris\u00eb.<\/p>\n<p>Edhe p\u00ebr Tiran\u00ebn nuk ka ende nj\u00eb vler\u00ebsim se sa banesa t\u00eb d\u00ebmtuara jan\u00eb ende n\u00eb proces t\u00eb shlyerjes s\u00eb kredis\u00eb.<\/p>\n<p>N\u00eb total, stoku i kredis\u00eb dh\u00ebn\u00eb p\u00ebr individ\u00eb q\u00eb kan\u00eb bler\u00eb banesa n\u00eb vend \u00ebsht\u00eb 114 miliard\u00eb lek\u00eb, ose rreth 930 milion\u00eb euro. 69% e k\u00ebsaj shum\u00eb \u00ebsht\u00eb dh\u00ebn\u00eb n\u00eb Tiran\u00eb dhe gati 8% n\u00eb Durr\u00ebs, pjesa tjet\u00ebr \u00ebsht\u00eb e shp\u00ebrndar\u00eb n\u00eb rrethet e tjera.<\/p>\n<p>N\u00eb nj\u00eb takim me drejtuesit e bankave dy dit\u00eb m\u00eb par\u00eb, guvernatori i Bank\u00ebs s\u00eb Shqip\u00ebris\u00eb Gent Sejko u k\u00ebrkoi bankave analizimin sa m\u00eb t\u00eb shpejt\u00eb t\u00eb impaktit n\u00eb cil\u00ebsin\u00eb e portofolave respektiv\u00eb t\u00eb kredive dhe u b\u00ebri thirrje t\u00eb shikojn\u00eb t\u00eb gjitha mund\u00ebsit\u00eb, q\u00eb pasojat e k\u00ebsaj ngjarjeje t\u00eb r\u00ebnd\u00eb t\u00eb mos shkaktojn\u00eb ngadal\u00ebsim n\u00eb ritmin e kreditimit t\u00eb ekonomis\u00eb.<\/p>\n<p>N\u00eb p\u00ebrgjigje t\u00eb k\u00ebrkes\u00ebs s\u00eb Guvernatorit, drejtuesit e bankave sugjeruan hartimin e nj\u00eb plani masash p\u00ebr klient\u00ebt kredimarr\u00ebs t\u00eb prekur nga d\u00ebmet e t\u00ebrmetit, p\u00ebr t\u00eb ristrukturuar kredit\u00eb p\u00ebrkat\u00ebse, n\u00ebse do t\u00eb jet\u00eb e nevojshme, pa aplikuar kosto shtes\u00eb.<\/p>\n<p><strong>Sigurimi, n\u00eb pjes\u00ebn m\u00eb t\u00eb madhe p\u00ebr vler\u00ebn e mbetur t\u00eb kredis\u00eb<\/strong><\/p>\n<p>Burime nga siguruesit thon\u00eb se tendenca e atyre q\u00eb blejn\u00eb nj\u00eb sht\u00ebpi me kredi \u00ebsht\u00eb q\u00eb, paralelisht duke shlyer pjes\u00ebn e kredis\u00eb, t\u00eb ulin vler\u00ebn e primit t\u00eb sigurimit q\u00eb paguajn\u00eb.<\/p>\n<p>Pra n\u00ebse sht\u00ebpia \u00ebsht\u00eb bler\u00eb me nj\u00eb vler\u00eb 50 mij\u00eb euro dhe ajo \u00ebsht\u00eb siguruar me nj\u00eb prim t\u00eb caktuar nga kompanit\u00eb e sigurimit p\u00ebr k\u00ebt\u00eb vler\u00eb, vit pas viti primi q\u00eb paguhet nga qytetar\u00ebt vjen n\u00eb ulje vet\u00ebm p\u00ebr pjes\u00ebn e kredis\u00eb s\u00eb mbetur.<\/p>\n<p>Kjo do t\u00eb thot\u00eb, q\u00eb n\u00ebse dikujt i ka mbetur vet\u00ebm 10 mij\u00eb euro kredi e pashlyer, por vlera totale e sht\u00ebpis\u00eb \u00ebsht\u00eb 50 mij\u00eb euro, tendenca \u00ebsht\u00eb q\u00eb primin ta b\u00ebj\u00eb vet\u00ebm p\u00ebr pjes\u00ebn e kredis\u00eb. Vlera prej 40 mij\u00eb euro e banes\u00ebs nd\u00ebrkoh\u00eb lihet me vet\u00ebdije e pambuluar nga sigurimi e p\u00ebr rrjedhoj\u00eb edhe pa d\u00ebmshp\u00ebrblim nga kompanit\u00eb e sigurimit n\u00eb rast t\u00eb d\u00ebmeve potenciale.<\/p>\n<p>Tendenca e uljes s\u00eb sigurimit nuk vihet re vet\u00ebm tek sigurimi i banes\u00ebs me kredi por edhe tek sigurimi i jet\u00ebs q\u00eb kredimarr\u00ebsi b\u00ebn p\u00ebr veten n\u00eb momentin q\u00eb merr k\u00ebt\u00eb kredi. Tendenca p\u00ebr t\u00eb kursyer nga pjesa e shlyer e kredis\u00eb b\u00ebn q\u00eb primi n\u00eb finale t\u00eb mbuloj\u00eb\u00a0 vet\u00ebm nj\u00eb pjes\u00eb t\u00eb d\u00ebmit pik\u00ebrisht at\u00eb q\u00eb me detyrim duhet ta shlyej\u00eb ndaj bank\u00ebs.<\/p>\n<p>Kompanit\u00eb e sigurimit pohojn\u00eb se p\u00ebrgjith\u00ebsisht bankat ishin t\u00eb prirura q\u00eb t\u00eb b\u00ebnin sigurimin p\u00ebr pjes\u00ebn e mbetur t\u00eb kredis\u00eb, por prej nj\u00eb viti Banka e Shqip\u00ebris\u00eb u k\u00ebrkoi q\u00eb t\u00eb rishikonin procedurat dhe sigurimi t\u00eb b\u00ebhej p\u00ebr vler\u00ebn e plot\u00eb t\u00eb banes\u00ebs, \u00e7ka \u00ebsht\u00eb v\u00ebn\u00eb n\u00eb zbatim nga pjesa m\u00eb e madhe e tyre.<\/p>\n<p>Shoqata e siguruesve b\u00ebri t\u00eb ditur n\u00eb nj\u00eb njoftim p\u00ebr shtyp se me qindra qytetar\u00eb i jan\u00eb drejtuar kompanive t\u00eb sigurimit pas t\u00ebrmetit t\u00eb 26 n\u00ebntorit p\u00ebr shkak t\u00eb pronave t\u00eb d\u00ebmtuara.<\/p>\n<p><em>\u201cP\u00ebr t\u00eb leht\u00ebsuar personat e d\u00ebmtuar, shoq\u00ebrit\u00eb e sigurimeve sqarojn\u00eb p\u00ebr publikun \u00e7do konsumator q\u00eb ka n\u00ebnshkruar nj\u00eb kontrat\u00eb sigurimi p\u00ebr banes\u00ebn nga zjarri, t\u00ebrmeti dhe p\u00ebrmbytja, n\u00eb rast d\u00ebmi p\u00ebrfiton d\u00ebmshp\u00ebrblim n\u00eb var\u00ebsi t\u00eb d\u00ebmit t\u00eb ndodhur pasi ka paraqitur k\u00ebrkes\u00ebn p\u00ebr d\u00ebmshp\u00ebrblim. Siguruesi do t\u00eb d\u00ebmshp\u00ebrblej\u00eb t\u00eb Siguruarin p\u00ebr d\u00ebmin e shkaktuar. Detyrimi i Siguruesit p\u00ebr d\u00ebmshp\u00ebrblim kufizohet deri n\u00eb mas\u00ebn e shum\u00ebs s\u00eb siguruar. Kompanit\u00eb e sigurimeve garantojn\u00eb klient\u00ebt se \u00e7do d\u00ebm nga t\u00ebrmeti do t\u00eb kompensohet sipas kontrat\u00ebs dhe n\u00eb koh\u00ebn m\u00eb t\u00eb shkurt\u00ebr\u201d,<\/em><em>\u00a0njoftoi Shoqata.<\/em><\/p>\n<p><strong>Gazeta Dita<\/strong><\/p>\n","protected":false},"excerpt":{"rendered":"<p>Dalin shifrat pas t\u00ebrmetit, ja sa \u00ebsht\u00eb kredia e marr\u00eb p\u00ebr banesat ne Durres 5 dhjetor \u00a02019 Stoku i kredis\u00eb q\u00eb banor\u00ebt e Durr\u00ebsit kan\u00eb marr\u00eb p\u00ebr blerje banesash n\u00eb fund t\u00eb tremujorit t\u00eb tret\u00eb t\u00eb k\u00ebtij viti ishte 8.8 miliard\u00eb lek\u00eb, ose rreth 72 milion\u00eb euro, sipas statistikave t\u00eb publikuara nga Banka e Shqip\u00ebris\u00eb. [&hellip;]<\/p>\n","protected":false},"author":9,"featured_media":28977,"comment_status":"open","ping_status":"open","sticky":false,"template":"","format":"standard","meta":{"jetpack_post_was_ever_published":false,"_jetpack_newsletter_access":"","_jetpack_dont_email_post_to_subs":false,"_jetpack_newsletter_tier_id":0,"_jetpack_memberships_contains_paywalled_content":false,"_jetpack_memberships_contains_paid_content":false,"footnotes":"","jetpack_publicize_message":"","jetpack_publicize_feature_enabled":true,"jetpack_social_post_already_shared":true,"jetpack_social_options":{"image_generator_settings":{"template":"highway","default_image_id":0,"font":"","enabled":false},"version":2}},"categories":[27,1],"tags":[],"class_list":["post-28976","post","type-post","status-publish","format-standard","has-post-thumbnail","hentry","category-blogu-i-udhetarit","category-njoftime-shtypi"],"jetpack_publicize_connections":[],"jetpack_featured_media_url":"https:\/\/i0.wp.com\/www.shqiperia.com\/blog\/wp-content\/uploads\/2019\/12\/WhatsApp-Image-2019-12-04-at-18.13.15-905x395.jpeg?fit=905%2C395&ssl=1","jetpack_sharing_enabled":true,"jetpack_shortlink":"https:\/\/wp.me\/p5Z6wp-7xm","jetpack-related-posts":[{"id":29063,"url":"https:\/\/www.shqiperia.com\/blog\/ishte-mbreti-i-durresit-ndocaj-dako-eshte-pergjegjes-per-viktimat-e-termetit\/","url_meta":{"origin":28976,"position":0},"title":"\u201cIshte mbreti i Durr\u00ebsit\u201d, Ndocaj: Dako \u00ebsht\u00eb p\u00ebrgjegj\u00ebs p\u00ebr viktimat e t\u00ebrmetit. &#8211;","author":"Kurt Farka","date":"December 8, 2019","format":false,"excerpt":"\u201cIshte mbreti i Durr\u00ebsit\u201d, Ndocaj: Dako \u00ebsht\u00eb p\u00ebrgjegj\u00ebs p\u00ebr viktimat e t\u00ebrmetit 06\/12\/19 Sekretari i P\u00ebrgjithsh\u00ebm i ADK-s\u00eb, Eduard Ndocaj, ka hedhur akuza t\u00eb forta ndaj ish-kryebashkiakut t\u00eb Durr\u00ebsit, Vangjush Dako. I ftuar n\u00eb studion e \u2018Fax News\u2019, Ndocaj e konsideron Dakon si p\u00ebrgjegj\u00ebsin kryesor t\u00eb vdekjeve q\u00eb u sh\u00ebnuan\u2026","rel":"","context":"In &quot;Blogu i Udh\u00ebtarit&quot;","block_context":{"text":"Blogu i Udh\u00ebtarit","link":"https:\/\/www.shqiperia.com\/blog\/category\/blogu-i-udhetarit\/"},"img":{"alt_text":"","src":"https:\/\/i0.wp.com\/www.shqiperia.com\/blog\/wp-content\/uploads\/2019\/12\/edi-6-770x433.jpg?fit=770%2C433&ssl=1&resize=350%2C200","width":350,"height":200,"srcset":"https:\/\/i0.wp.com\/www.shqiperia.com\/blog\/wp-content\/uploads\/2019\/12\/edi-6-770x433.jpg?fit=770%2C433&ssl=1&resize=350%2C200 1x, https:\/\/i0.wp.com\/www.shqiperia.com\/blog\/wp-content\/uploads\/2019\/12\/edi-6-770x433.jpg?fit=770%2C433&ssl=1&resize=525%2C300 1.5x, https:\/\/i0.wp.com\/www.shqiperia.com\/blog\/wp-content\/uploads\/2019\/12\/edi-6-770x433.jpg?fit=770%2C433&ssl=1&resize=700%2C400 2x"},"classes":[]},{"id":89779,"url":"https:\/\/www.shqiperia.com\/blog\/po-na-sorrollasin-birn-banoret-e-prekur-nga-termeti-prej-vitesh-ne-konteinere-me-shpresat-te-fushata-elektorale\/","url_meta":{"origin":28976,"position":1},"title":"\u201cPo na sorrollasin\u201d\/ BIRN: Banor\u00ebt e prekur nga t\u00ebrmeti prej vitesh n\u00eb konteiner\u00eb me shpresat te fushata elektorale","author":"Kurt Farka","date":"February 22, 2025","format":false,"excerpt":"22 Shkurt 2025 Familjet e mbetura pa strehim nga t\u00ebrmeti i vitit 2019 i kan\u00eb varur shpresat te fushata elektorale e k\u00ebtij viti p\u00ebr t\u00eb marr\u00eb nj\u00eb zgjidhje, nd\u00ebrkoh\u00eb q\u00eb opozita n\u00eb Durr\u00ebs akuzon pushtetin se i ka p\u00ebrdorur parat\u00eb publike p\u00ebr t\u00ebrmetin si mjet p\u00ebr t\u00eb siguruar vota. P\u00ebr\u2026","rel":"","context":"In &quot;Blogu i Udh\u00ebtarit&quot;","block_context":{"text":"Blogu i Udh\u00ebtarit","link":"https:\/\/www.shqiperia.com\/blog\/category\/blogu-i-udhetarit\/"},"img":{"alt_text":"","src":"https:\/\/i0.wp.com\/www.shqiperia.com\/blog\/wp-content\/uploads\/2025\/02\/Rama-Sako-rindertimi-1140x760-1-1140x570-1.jpg?fit=1140%2C570&ssl=1&resize=350%2C200","width":350,"height":200,"srcset":"https:\/\/i0.wp.com\/www.shqiperia.com\/blog\/wp-content\/uploads\/2025\/02\/Rama-Sako-rindertimi-1140x760-1-1140x570-1.jpg?fit=1140%2C570&ssl=1&resize=350%2C200 1x, https:\/\/i0.wp.com\/www.shqiperia.com\/blog\/wp-content\/uploads\/2025\/02\/Rama-Sako-rindertimi-1140x760-1-1140x570-1.jpg?fit=1140%2C570&ssl=1&resize=525%2C300 1.5x, https:\/\/i0.wp.com\/www.shqiperia.com\/blog\/wp-content\/uploads\/2025\/02\/Rama-Sako-rindertimi-1140x760-1-1140x570-1.jpg?fit=1140%2C570&ssl=1&resize=700%2C400 2x, https:\/\/i0.wp.com\/www.shqiperia.com\/blog\/wp-content\/uploads\/2025\/02\/Rama-Sako-rindertimi-1140x760-1-1140x570-1.jpg?fit=1140%2C570&ssl=1&resize=1050%2C600 3x"},"classes":[]},{"id":28943,"url":"https:\/\/www.shqiperia.com\/blog\/gruaja-ndertoi-hotelin-qe-u-shkaterrua-nga-termeti-ne-durres-me-dy-kate-shtese-burri-e-kolaudoi-cfare-fshihet-pas-shembjes-se-palmes\/","url_meta":{"origin":28976,"position":2},"title":"Gruaja nd\u00ebrtoi hotelin q\u00eb u shkat\u00ebrrua nga t\u00ebrmeti n\u00eb Durr\u00ebs me dy kate shtes\u00eb, burri e kolaudoi! \u00c7far\u00eb fshihet pas shembjes s\u00eb \u201cPalm\u00ebs\u201d? &#8211;","author":"Kurt Farka","date":"December 5, 2019","format":false,"excerpt":"Gruaja nd\u00ebrtoi hotelin q\u00eb u shkat\u00ebrrua nga t\u00ebrmeti n\u00eb Durr\u00ebs me dy kate shtes\u00eb, burri e kolaudoi! \u00c7far\u00eb fshihet pas shembjes s\u00eb \u201cPalm\u00ebs\u201d? - 3 dhjetor 2019 T\u00ebrmeti shkat\u00ebrrimtar q\u00eb goditi vendin ton\u00eb m\u00ebngjesin e t\u00eb mart\u00ebs p\u00ebrve\u00e7 humbjes s\u00eb jet\u00ebve, la pas edhe shum\u00eb godina t\u00eb shembura dhe objekte\u2026","rel":"","context":"In &quot;Blogu i Udh\u00ebtarit&quot;","block_context":{"text":"Blogu i Udh\u00ebtarit","link":"https:\/\/www.shqiperia.com\/blog\/category\/blogu-i-udhetarit\/"},"img":{"alt_text":"","src":"https:\/\/i0.wp.com\/www.shqiperia.com\/blog\/wp-content\/uploads\/2019\/12\/Still1203_00022.jpg?fit=850%2C478&ssl=1&resize=350%2C200","width":350,"height":200,"srcset":"https:\/\/i0.wp.com\/www.shqiperia.com\/blog\/wp-content\/uploads\/2019\/12\/Still1203_00022.jpg?fit=850%2C478&ssl=1&resize=350%2C200 1x, https:\/\/i0.wp.com\/www.shqiperia.com\/blog\/wp-content\/uploads\/2019\/12\/Still1203_00022.jpg?fit=850%2C478&ssl=1&resize=525%2C300 1.5x, https:\/\/i0.wp.com\/www.shqiperia.com\/blog\/wp-content\/uploads\/2019\/12\/Still1203_00022.jpg?fit=850%2C478&ssl=1&resize=700%2C400 2x"},"classes":[]},{"id":32264,"url":"https:\/\/www.shqiperia.com\/blog\/mjeku-flet-per-rastin-e-rende-ne-durres-te-gjithe-qe-kane-kontaktuar-me-te-do-dalin-pozitiv\/","url_meta":{"origin":28976,"position":3},"title":"Mjeku flet p\u00ebr rastin e r\u00ebnd\u00eb n\u00eb Durr\u00ebs: T\u00eb gjith\u00eb q\u00eb kan\u00eb kontaktuar m\u00eb t\u00eb do dalin pozitiv","author":"Kurt Farka","date":"March 11, 2020","format":false,"excerpt":"Mjeku flet p\u00ebr rastin e r\u00ebnd\u00eb n\u00eb Durr\u00ebs: T\u00eb gjith\u00eb q\u00eb kan\u00eb kontaktuar m\u00eb t\u00eb do dalin pozitiv 10 MARS 2020 Numri i t\u00eb prekurve me koronavirus n\u00eb Shqip\u00ebri ka shkuar n\u00eb 10. Mjeku P\u00ebllumb Pipero tha se gruaja q\u00eb ndodhet e shtruar n\u00eb spitalin e Durr\u00ebsit, me shum\u00eb mund\u00ebsi\u2026","rel":"","context":"In &quot;Blogu i Udh\u00ebtarit&quot;","block_context":{"text":"Blogu i Udh\u00ebtarit","link":"https:\/\/www.shqiperia.com\/blog\/category\/blogu-i-udhetarit\/"},"img":{"alt_text":"","src":"https:\/\/i0.wp.com\/www.shqiperia.com\/blog\/wp-content\/uploads\/2020\/03\/800-0-5e680aaa8b7bb.png?fit=800%2C446&ssl=1&resize=350%2C200","width":350,"height":200,"srcset":"https:\/\/i0.wp.com\/www.shqiperia.com\/blog\/wp-content\/uploads\/2020\/03\/800-0-5e680aaa8b7bb.png?fit=800%2C446&ssl=1&resize=350%2C200 1x, https:\/\/i0.wp.com\/www.shqiperia.com\/blog\/wp-content\/uploads\/2020\/03\/800-0-5e680aaa8b7bb.png?fit=800%2C446&ssl=1&resize=525%2C300 1.5x, https:\/\/i0.wp.com\/www.shqiperia.com\/blog\/wp-content\/uploads\/2020\/03\/800-0-5e680aaa8b7bb.png?fit=800%2C446&ssl=1&resize=700%2C400 2x"},"classes":[]},{"id":98752,"url":"https:\/\/www.shqiperia.com\/blog\/180-mln-euro-per-bujqesine-premtime-per-bujqit-dhe-perfitime-per-turizmin-ku-perfunduan-milionat-e-eurove\/","url_meta":{"origin":28976,"position":4},"title":"180 mln euro p\u00ebr Bujq\u00ebsin\u00eb\/ Premtime p\u00ebr bujqit dhe p\u00ebrfitime p\u00ebr turizmin! &#8211; Ku p\u00ebrfunduan milionat e eurove?","author":"Kurt Farka","date":"March 28, 2026","format":false,"excerpt":"28 Mars 2026 Bujq\u00ebsia ka qen\u00eb historikisht sektori m\u00eb pak i kredituar nga bankat n\u00eb Shqip\u00ebri. Arsyet p\u00ebr munges\u00ebn e financimit n\u00eb k\u00ebt\u00eb fush\u00eb jan\u00eb t\u00eb shumta, q\u00eb nga informaliteti i lart\u00eb, v\u00ebshtir\u00ebsit\u00eb n\u00eb sigurimin e biznesit nga shoq\u00ebrit\u00eb e sigurimit dhe deri te paqart\u00ebsia e titujve t\u00eb pron\u00ebsis\u00eb dhe\u2026","rel":"","context":"In &quot;Njoftime Shtypi&quot;","block_context":{"text":"Njoftime Shtypi","link":"https:\/\/www.shqiperia.com\/blog\/category\/njoftime-shtypi\/"},"img":{"alt_text":"","src":"https:\/\/i0.wp.com\/www.shqiperia.com\/blog\/wp-content\/uploads\/2026\/03\/Ministrat-e-rinj.jpg?fit=1199%2C557&ssl=1&resize=350%2C200","width":350,"height":200,"srcset":"https:\/\/i0.wp.com\/www.shqiperia.com\/blog\/wp-content\/uploads\/2026\/03\/Ministrat-e-rinj.jpg?fit=1199%2C557&ssl=1&resize=350%2C200 1x, https:\/\/i0.wp.com\/www.shqiperia.com\/blog\/wp-content\/uploads\/2026\/03\/Ministrat-e-rinj.jpg?fit=1199%2C557&ssl=1&resize=525%2C300 1.5x, https:\/\/i0.wp.com\/www.shqiperia.com\/blog\/wp-content\/uploads\/2026\/03\/Ministrat-e-rinj.jpg?fit=1199%2C557&ssl=1&resize=700%2C400 2x, https:\/\/i0.wp.com\/www.shqiperia.com\/blog\/wp-content\/uploads\/2026\/03\/Ministrat-e-rinj.jpg?fit=1199%2C557&ssl=1&resize=1050%2C600 3x"},"classes":[]},{"id":28919,"url":"https:\/\/www.shqiperia.com\/blog\/termeti-i-26-nentorit-nuk-u-mat-dot-ne-durres-flet-sizmologu-ja-cfare-ndodhi-aktualisht-ne-nuk-dime\/","url_meta":{"origin":28976,"position":5},"title":"\u201cT\u00ebrmeti i 26 n\u00ebntorit nuk u mat dot n\u00eb Durr\u00ebs\u201d, flet sizmologu: Ja \u00e7far\u00eb ndodhi. Aktualisht ne nuk dim\u00eb \u2026","author":"Kurt Farka","date":"December 4, 2019","format":false,"excerpt":"\u201cT\u00ebrmeti i 26 n\u00ebntorit nuk u mat dot n\u00eb Durr\u00ebs\u201d, flet sizmologu: Ja \u00e7far\u00eb ndodhi. Aktualisht ne nuk dim\u00eb \u2026 4, Dhjetor 2019 Aksilograma e t\u00ebrmetit t\u00eb 26 n\u00ebntorit nuk \u00ebsht\u00eb regjistruar nga stacioni i Durr\u00ebsit.\u00a0 Sizmologu Llambro Duni e konfirmoi k\u00ebt\u00eb pas nj\u00eb pyetje qe iu be dje n\u00eb\u2026","rel":"","context":"In &quot;Blogu i Udh\u00ebtarit&quot;","block_context":{"text":"Blogu i Udh\u00ebtarit","link":"https:\/\/www.shqiperia.com\/blog\/category\/blogu-i-udhetarit\/"},"img":{"alt_text":"","src":"https:\/\/i0.wp.com\/www.shqiperia.com\/blog\/wp-content\/uploads\/2019\/12\/Sizmologu-Llambro-Duni.jpg?fit=770%2C435&ssl=1&resize=350%2C200","width":350,"height":200,"srcset":"https:\/\/i0.wp.com\/www.shqiperia.com\/blog\/wp-content\/uploads\/2019\/12\/Sizmologu-Llambro-Duni.jpg?fit=770%2C435&ssl=1&resize=350%2C200 1x, https:\/\/i0.wp.com\/www.shqiperia.com\/blog\/wp-content\/uploads\/2019\/12\/Sizmologu-Llambro-Duni.jpg?fit=770%2C435&ssl=1&resize=525%2C300 1.5x, https:\/\/i0.wp.com\/www.shqiperia.com\/blog\/wp-content\/uploads\/2019\/12\/Sizmologu-Llambro-Duni.jpg?fit=770%2C435&ssl=1&resize=700%2C400 2x"},"classes":[]}],"_links":{"self":[{"href":"https:\/\/www.shqiperia.com\/blog\/wp-json\/wp\/v2\/posts\/28976","targetHints":{"allow":["GET"]}}],"collection":[{"href":"https:\/\/www.shqiperia.com\/blog\/wp-json\/wp\/v2\/posts"}],"about":[{"href":"https:\/\/www.shqiperia.com\/blog\/wp-json\/wp\/v2\/types\/post"}],"author":[{"embeddable":true,"href":"https:\/\/www.shqiperia.com\/blog\/wp-json\/wp\/v2\/users\/9"}],"replies":[{"embeddable":true,"href":"https:\/\/www.shqiperia.com\/blog\/wp-json\/wp\/v2\/comments?post=28976"}],"version-history":[{"count":2,"href":"https:\/\/www.shqiperia.com\/blog\/wp-json\/wp\/v2\/posts\/28976\/revisions"}],"predecessor-version":[{"id":28979,"href":"https:\/\/www.shqiperia.com\/blog\/wp-json\/wp\/v2\/posts\/28976\/revisions\/28979"}],"wp:featuredmedia":[{"embeddable":true,"href":"https:\/\/www.shqiperia.com\/blog\/wp-json\/wp\/v2\/media\/28977"}],"wp:attachment":[{"href":"https:\/\/www.shqiperia.com\/blog\/wp-json\/wp\/v2\/media?parent=28976"}],"wp:term":[{"taxonomy":"category","embeddable":true,"href":"https:\/\/www.shqiperia.com\/blog\/wp-json\/wp\/v2\/categories?post=28976"},{"taxonomy":"post_tag","embeddable":true,"href":"https:\/\/www.shqiperia.com\/blog\/wp-json\/wp\/v2\/tags?post=28976"}],"curies":[{"name":"wp","href":"https:\/\/api.w.org\/{rel}","templated":true}]}}