{"id":28973,"date":"2019-12-06T00:39:39","date_gmt":"2019-12-06T00:39:39","guid":{"rendered":"https:\/\/www.shqiperia.com\/blog\/?p=28973"},"modified":"2019-12-06T00:39:39","modified_gmt":"2019-12-06T00:39:39","slug":"del-jashte-funksionit-shkolla-u-ndertua-nga-bashkia-tirane-3-vite-me-pare","status":"publish","type":"post","link":"https:\/\/www.shqiperia.com\/blog\/del-jashte-funksionit-shkolla-u-ndertua-nga-bashkia-tirane-3-vite-me-pare\/","title":{"rendered":"Del jasht\u00eb funksionit shkolla, u nd\u00ebrtua nga Bashkia Tiran\u00eb 3 vite m\u00eb par\u00eb"},"content":{"rendered":"<p><img data-recalc-dims=\"1\" loading=\"lazy\" decoding=\"async\" data-attachment-id=\"28974\" data-permalink=\"https:\/\/www.shqiperia.com\/blog\/del-jashte-funksionit-shkolla-u-ndertua-nga-bashkia-tirane-3-vite-me-pare\/1575449794_shkollaeminduraku\/\" data-orig-file=\"https:\/\/i0.wp.com\/www.shqiperia.com\/blog\/wp-content\/uploads\/2019\/12\/1575449794_shkollaEminDuraku.jpg?fit=780%2C440&amp;ssl=1\" data-orig-size=\"780,440\" data-comments-opened=\"1\" data-image-meta=\"{&quot;aperture&quot;:&quot;0&quot;,&quot;credit&quot;:&quot;&quot;,&quot;camera&quot;:&quot;&quot;,&quot;caption&quot;:&quot;&quot;,&quot;created_timestamp&quot;:&quot;0&quot;,&quot;copyright&quot;:&quot;&quot;,&quot;focal_length&quot;:&quot;0&quot;,&quot;iso&quot;:&quot;0&quot;,&quot;shutter_speed&quot;:&quot;0&quot;,&quot;title&quot;:&quot;&quot;,&quot;orientation&quot;:&quot;0&quot;}\" data-image-title=\"1575449794_shkollaEminDuraku\" data-image-description=\"\" data-image-caption=\"\" data-medium-file=\"https:\/\/i0.wp.com\/www.shqiperia.com\/blog\/wp-content\/uploads\/2019\/12\/1575449794_shkollaEminDuraku.jpg?fit=300%2C169&amp;ssl=1\" data-large-file=\"https:\/\/i0.wp.com\/www.shqiperia.com\/blog\/wp-content\/uploads\/2019\/12\/1575449794_shkollaEminDuraku.jpg?fit=780%2C440&amp;ssl=1\" class=\"alignnone  wp-image-28974\" alt=\"\" src=\"https:\/\/i0.wp.com\/www.shqiperia.com\/blog\/wp-content\/uploads\/2019\/12\/1575449794_shkollaEminDuraku.jpg?resize=533%2C300&#038;ssl=1\" width=\"533\" height=\"300\" srcset=\"https:\/\/i0.wp.com\/www.shqiperia.com\/blog\/wp-content\/uploads\/2019\/12\/1575449794_shkollaEminDuraku.jpg?resize=300%2C169&amp;ssl=1 300w, https:\/\/i0.wp.com\/www.shqiperia.com\/blog\/wp-content\/uploads\/2019\/12\/1575449794_shkollaEminDuraku.jpg?resize=768%2C433&amp;ssl=1 768w, https:\/\/i0.wp.com\/www.shqiperia.com\/blog\/wp-content\/uploads\/2019\/12\/1575449794_shkollaEminDuraku.jpg?resize=450%2C254&amp;ssl=1 450w, https:\/\/i0.wp.com\/www.shqiperia.com\/blog\/wp-content\/uploads\/2019\/12\/1575449794_shkollaEminDuraku.jpg?resize=600%2C338&amp;ssl=1 600w, https:\/\/i0.wp.com\/www.shqiperia.com\/blog\/wp-content\/uploads\/2019\/12\/1575449794_shkollaEminDuraku.jpg?resize=400%2C226&amp;ssl=1 400w, https:\/\/i0.wp.com\/www.shqiperia.com\/blog\/wp-content\/uploads\/2019\/12\/1575449794_shkollaEminDuraku.jpg?w=780&amp;ssl=1 780w\" sizes=\"auto, (max-width: 533px) 100vw, 533px\" \/><\/p>\n<p><strong>Del jasht\u00eb funksionit shkolla, u nd\u00ebrtua nga Bashkia Tiran\u00eb 3 vite m\u00eb par\u00eb<\/strong><\/p>\n<p>&#8211; 04\/12\/19<\/p>\n<p><a href=\"https:\/\/gazetamapo.al\/del-jashte-funksionit-shkolla-u-ndertua-nga-bashkia-3-vite-me-pare\/\"><strong>mapo.al<\/strong><\/a><\/p>\n<p>Shkolla 9-vje\u00e7are \u201cEmin Duraku\u201d n\u00eb mes t\u00eb ish-Bllokut ka p\u00ebsuar d\u00ebmtime t\u00eb r\u00ebnda duke e b\u00ebr\u00eb t\u00eb pamundur zhvillimin e m\u00ebsimit n\u00eb t\u00eb pas t\u00ebrmetit t\u00eb 26 n\u00ebntorit. Po ajo q\u00eb e b\u00ebn m\u00eb alarmante k\u00ebt\u00eb gj\u00eb \u00ebsht\u00eb fakti q\u00eb godina \u00ebsht\u00eb rikonstruktuar nga bashkia e Tiran\u00ebs vet\u00ebm 3 vite m\u00eb par\u00eb.<\/p>\n<p>Specialist\u00ebt e Institutit t\u00eb Nd\u00ebrtimit kan\u00eb konstatuar d\u00ebmtime n\u00eb struktur\u00ebn e godin\u00ebs dhe kane rekomanduar nd\u00ebrprerje t\u00eb m\u00ebsimit deri ne realizimin e nderhyrjeve perforcuese. Sipas inxhinier\u00ebve \u00ebsht\u00eb shk\u00ebputur godina shtes\u00eb nga godina e vjeter ekzistuese.<\/p>\n<p>Shkolla, e cila p\u00ebrb\u00ebhet nga dy godina i \u00ebsht\u00eb n\u00ebnshtruar 2 restaurimeve, n\u00eb vitin 2006 dhe n\u00eb vitin 2016. Sipas Institutit t\u00eb Nd\u00ebrtimit godinat jan\u00eb shk\u00ebputur nga nj\u00ebra-tjetra.<\/p>\n<p><span>\u00a0<\/span><\/p>\n<p>\u201cPlasaritje t\u00eb thella 45 grad\u00eb n\u00eb muret ndar\u00ebse. D\u00ebmtim i traut t\u00eb katit t\u00eb tret\u00eb, shtes\u00eb, tek 9- vje\u00e7arja. Plasaritje t\u00eb thella t\u00eb suvas\u00eb, shtes\u00eb tek 9-vje\u00e7arja. D\u00ebmtim i parapetit n\u00eb t\u00eb gjith\u00eb godin\u00ebn. Shk\u00ebputje t\u00eb shtes\u00ebs nga objekti ekzistues, tek cikli i ul\u00ebt\u201d- shkruhet n\u00eb akt- konstatimin q\u00eb mban dat\u00ebn 3 dhjetor 2019 firmosur nga drejtori i P\u00ebrgjithshem i Institutit t\u00eb Nd\u00ebrtimit, Agron Hysenlliu.<\/p>\n<p>D\u00ebmtimi i godinave t\u00eb shkollave k\u00ebrkon nj\u00eb hetim t\u00eb m\u00ebtejsh\u00ebm pasi k\u00ebto godina njihen n\u00eb gjuh\u00ebn teknike si objekte t\u00eb r\u00ebnd\u00ebsis\u00eb s\u00eb ve\u00e7ant\u00eb pasi shkaktojn\u00eb tragjedi t\u00eb p\u00ebrmasave t\u00eb m\u00ebdha n\u00eb raste t\u00ebrmeti.<\/p>\n<p>Prind\u00ebrit q\u00eb kan\u00eb f\u00ebmij\u00ebt n\u00eb k\u00ebt\u00eb shkoll\u00eb kan\u00eb shprehur shqet\u00ebsim dhe kan\u00eb p\u00ebrpiluar disa k\u00ebrkesa p\u00ebr bashkin\u00eb\u2019;<\/p>\n<p>1- Q\u00ebndrueshm\u00ebria e nd\u00ebrtes\u00ebs e konfirmuar nga grup ekspert\u00ebsh t\u00eb huaj ose v\u00ebndas, pas ekspertiz\u00ebs t\u00eb kryer n\u00eb terren e me pro\u00e7esverbal t\u00eb firmosur!<\/p>\n<p>2 \u2013 Q\u00ebndrueshm\u00ebria e nd\u00ebrtesave ngjitur, rrezikshm\u00ebria e tyre lidhet direkt me d\u00ebmin q\u00eb mund ti sjellin nd\u00ebrteses s\u00eb shkoll\u00ebs<\/p>\n<p>3 \u2013 Shkall\u00ebt e evakuimit n\u00eb rast emergjencash<\/p>\n<p>4 \u2013 F\u00ebmij\u00ebt nuk duhet t\u00eb zhvillojn\u00eb m\u00ebsim kategorikisht n\u00eb katet e sip\u00ebrme<\/p>\n<p>5 \u2013 Sistemet kundra zjarrit efektive dhe leht\u00ebsisht t\u00eb arritshme n\u00eb \u00e7do kat ( sipas kushteve teknike t\u00eb mbrojtjes kundra zjarrit)<\/p>\n","protected":false},"excerpt":{"rendered":"<p>Del jasht\u00eb funksionit shkolla, u nd\u00ebrtua nga Bashkia Tiran\u00eb 3 vite m\u00eb par\u00eb &#8211; 04\/12\/19 mapo.al Shkolla 9-vje\u00e7are \u201cEmin Duraku\u201d n\u00eb mes t\u00eb ish-Bllokut ka p\u00ebsuar d\u00ebmtime t\u00eb r\u00ebnda duke e b\u00ebr\u00eb t\u00eb pamundur zhvillimin e m\u00ebsimit n\u00eb t\u00eb pas t\u00ebrmetit t\u00eb 26 n\u00ebntorit. Po ajo q\u00eb e b\u00ebn m\u00eb alarmante k\u00ebt\u00eb gj\u00eb \u00ebsht\u00eb fakti [&hellip;]<\/p>\n","protected":false},"author":9,"featured_media":28974,"comment_status":"open","ping_status":"open","sticky":false,"template":"","format":"standard","meta":{"jetpack_post_was_ever_published":false,"_jetpack_newsletter_access":"","_jetpack_dont_email_post_to_subs":false,"_jetpack_newsletter_tier_id":0,"_jetpack_memberships_contains_paywalled_content":false,"_jetpack_memberships_contains_paid_content":false,"footnotes":"","jetpack_publicize_message":"","jetpack_publicize_feature_enabled":true,"jetpack_social_post_already_shared":true,"jetpack_social_options":{"image_generator_settings":{"template":"highway","default_image_id":0,"font":"","enabled":false},"version":2}},"categories":[27,1],"tags":[],"class_list":["post-28973","post","type-post","status-publish","format-standard","has-post-thumbnail","hentry","category-blogu-i-udhetarit","category-njoftime-shtypi"],"jetpack_publicize_connections":[],"jetpack_featured_media_url":"https:\/\/i0.wp.com\/www.shqiperia.com\/blog\/wp-content\/uploads\/2019\/12\/1575449794_shkollaEminDuraku.jpg?fit=780%2C440&ssl=1","jetpack_sharing_enabled":true,"jetpack_shortlink":"https:\/\/wp.me\/p5Z6wp-7xj","jetpack-related-posts":[{"id":25476,"url":"https:\/\/www.shqiperia.com\/blog\/shkolla-publike-ku-u-investuan-1-3-mln-euro-nga-shteti-i-jepet-fondacionit-te-erdogan\/","url_meta":{"origin":28973,"position":0},"title":"Shkolla publike ku u investuan 1.3 mln euro nga Shteti, i jepet fondacionit t\u00eb Erdogan.","author":"Kurt Farka","date":"September 4, 2019","format":false,"excerpt":"Shkolla publike ku u investuan 1.3 mln euro nga Shteti, i jepet fondacionit t\u00eb Erdogan. Gazeta Panorama. Investimi prej 1.3 milion\u00eb eurosh i qeveris\u00eb shqiptare p\u00ebr nj\u00eb shkoll\u00eb t\u00eb re n\u00eb Bradashesh, pasi u la bosh p\u00ebr disa vite, iu kalua me qira fondacionit shtet\u00ebror turk \u201cMaarif\u201d, nd\u00ebrsa zyrtar\u00eb e\u2026","rel":"","context":"In &quot;Blogu i Udh\u00ebtarit&quot;","block_context":{"text":"Blogu i Udh\u00ebtarit","link":"https:\/\/www.shqiperia.com\/blog\/category\/blogu-i-udhetarit\/"},"img":{"alt_text":"","src":"https:\/\/i0.wp.com\/www.shqiperia.com\/blog\/wp-content\/uploads\/2019\/09\/shkolla-Bradashesh-600x338.jpg?fit=600%2C338&ssl=1&resize=350%2C200","width":350,"height":200,"srcset":"https:\/\/i0.wp.com\/www.shqiperia.com\/blog\/wp-content\/uploads\/2019\/09\/shkolla-Bradashesh-600x338.jpg?fit=600%2C338&ssl=1&resize=350%2C200 1x, https:\/\/i0.wp.com\/www.shqiperia.com\/blog\/wp-content\/uploads\/2019\/09\/shkolla-Bradashesh-600x338.jpg?fit=600%2C338&ssl=1&resize=525%2C300 1.5x"},"classes":[]},{"id":28928,"url":"https:\/\/www.shqiperia.com\/blog\/u-shkaterrua-nga-termeti-shkolla-ishte-rindertuar-2-muaj-me-pare\/","url_meta":{"origin":28973,"position":1},"title":"U shkat\u00ebrrua nga t\u00ebrmeti, shkolla ishte rind\u00ebrtuar 2 muaj m\u00eb par\u00eb. &#8211;","author":"Kurt Farka","date":"December 4, 2019","format":false,"excerpt":"U shkat\u00ebrrua nga t\u00ebrmeti, shkolla ishte rind\u00ebrtuar 2 muaj m\u00eb par\u00eb 4 dhjetor 2019 U rikonstruktua n\u00eb shtator t\u00eb k\u00ebtij viti me vler\u00eb 580 milion\u00eb lek\u00eb, por u shkat\u00ebrrua nga t\u00ebrmeti i 26 n\u00ebntorit 2019. Kjo \u00ebsht\u00eb historia e pazakont\u00eb dhe abuzive me shkoll\u00ebn 9-vje\u00e7are \u2018Ramazan Jangozi\u2019 n\u00eb Thuman\u00eb, e\u2026","rel":"","context":"In &quot;Blogu i Udh\u00ebtarit&quot;","block_context":{"text":"Blogu i Udh\u00ebtarit","link":"https:\/\/www.shqiperia.com\/blog\/category\/blogu-i-udhetarit\/"},"img":{"alt_text":"","src":"https:\/\/i0.wp.com\/www.shqiperia.com\/blog\/wp-content\/uploads\/2019\/12\/aaaaaaaa-1-905x450.jpg?fit=905%2C450&ssl=1&resize=350%2C200","width":350,"height":200,"srcset":"https:\/\/i0.wp.com\/www.shqiperia.com\/blog\/wp-content\/uploads\/2019\/12\/aaaaaaaa-1-905x450.jpg?fit=905%2C450&ssl=1&resize=350%2C200 1x, https:\/\/i0.wp.com\/www.shqiperia.com\/blog\/wp-content\/uploads\/2019\/12\/aaaaaaaa-1-905x450.jpg?fit=905%2C450&ssl=1&resize=525%2C300 1.5x, https:\/\/i0.wp.com\/www.shqiperia.com\/blog\/wp-content\/uploads\/2019\/12\/aaaaaaaa-1-905x450.jpg?fit=905%2C450&ssl=1&resize=700%2C400 2x"},"classes":[]},{"id":39962,"url":"https:\/\/www.shqiperia.com\/blog\/ndertesa-e-bankes-se-pare-kombetare-u-prish-u-zhduk-nga-hiresia-e-tij-rama-dhe-veliaj-dhe-arkitektja-e-ministrise-se-kultures-do-shkaterrohet-dhe-godina-e-pare-e-radios-shqiptare\/","url_meta":{"origin":28973,"position":2},"title":"Ndertesa e Bankes se Pare Kombetare u prish,\u00a0 u zhduk nga Hiresia e Tij Rama dhe Veliaj dhe arkitektja e Ministrise se Kultures. Do shkaterrohet dhe Godina e pare e Radios Shqiptare","author":"Kurt Farka","date":"October 22, 2020","format":false,"excerpt":"Ndertesa e Bankes se Pare Kombetare u prish,\u00a0 u zhduk nga Hiresia e Tij Rama dhe Veliaj dhe arkitektja e Ministrise se Kultures. Do shkaterrohet dhe Godina e pare e Radios Shqiptare Panvaresisht transmetimit per here te pare nga ish godina e Bashkise (Komitetit Egzekutiv) e cila nuk egsiston,kjo ka\u2026","rel":"","context":"In &quot;Histori&quot;","block_context":{"text":"Histori","link":"https:\/\/www.shqiperia.com\/blog\/category\/histori\/"},"img":{"alt_text":"","src":"https:\/\/i0.wp.com\/www.shqiperia.com\/blog\/wp-content\/uploads\/2020\/10\/121329021_10214848885735401_348580299106079642_o.jpg?fit=1200%2C674&ssl=1&resize=350%2C200","width":350,"height":200,"srcset":"https:\/\/i0.wp.com\/www.shqiperia.com\/blog\/wp-content\/uploads\/2020\/10\/121329021_10214848885735401_348580299106079642_o.jpg?fit=1200%2C674&ssl=1&resize=350%2C200 1x, https:\/\/i0.wp.com\/www.shqiperia.com\/blog\/wp-content\/uploads\/2020\/10\/121329021_10214848885735401_348580299106079642_o.jpg?fit=1200%2C674&ssl=1&resize=525%2C300 1.5x, https:\/\/i0.wp.com\/www.shqiperia.com\/blog\/wp-content\/uploads\/2020\/10\/121329021_10214848885735401_348580299106079642_o.jpg?fit=1200%2C674&ssl=1&resize=700%2C400 2x, https:\/\/i0.wp.com\/www.shqiperia.com\/blog\/wp-content\/uploads\/2020\/10\/121329021_10214848885735401_348580299106079642_o.jpg?fit=1200%2C674&ssl=1&resize=1050%2C600 3x"},"classes":[]},{"id":86859,"url":"https:\/\/www.shqiperia.com\/blog\/shkolla-kthehet-ne-shtepi-bari-me-578-bime-kanabisi-arrestohet-vetem-elektricisti-i-zones\/","url_meta":{"origin":28973,"position":3},"title":"Shkolla kthehet n\u00eb \u201csht\u00ebpi bari\u201d me 578 bim\u00eb kanabisi, arrestohet vet\u00ebm elektricisti i zon\u00ebs","author":"Kurt Farka","date":"November 29, 2024","format":false,"excerpt":"29 Nentor 2024 Nj\u00eb \u201csht\u00ebpi bari\u201d \u00ebsht\u00eb zbuluar nga autoritetet policore n\u00eb Vaun e Dej\u00ebs e nd\u00ebrtuar n\u00eb nj\u00eb pron\u00eb publike. M\u00eb konkretisht, b\u00ebhet fjal\u00eb p\u00ebr nj\u00eb godin\u00eb publike t\u00eb braktisur prej vitesh n\u00eb fshatin Dush, e cila ishte p\u00ebrshtatur p\u00ebr kultivim t\u00eb bim\u00ebve narkotike Aty \u00ebsht\u00eb ushtruar kontroll nga\u2026","rel":"","context":"In &quot;Blogu i Udh\u00ebtarit&quot;","block_context":{"text":"Blogu i Udh\u00ebtarit","link":"https:\/\/www.shqiperia.com\/blog\/category\/blogu-i-udhetarit\/"},"img":{"alt_text":"","src":"https:\/\/i0.wp.com\/www.shqiperia.com\/blog\/wp-content\/uploads\/2024\/11\/600-388-hdfhsfhsfhsfh-1732871896.png?fit=600%2C388&ssl=1&resize=350%2C200","width":350,"height":200,"srcset":"https:\/\/i0.wp.com\/www.shqiperia.com\/blog\/wp-content\/uploads\/2024\/11\/600-388-hdfhsfhsfhsfh-1732871896.png?fit=600%2C388&ssl=1&resize=350%2C200 1x, https:\/\/i0.wp.com\/www.shqiperia.com\/blog\/wp-content\/uploads\/2024\/11\/600-388-hdfhsfhsfhsfh-1732871896.png?fit=600%2C388&ssl=1&resize=525%2C300 1.5x"},"classes":[]},{"id":29487,"url":"https:\/\/www.shqiperia.com\/blog\/pervjetori-i-normales-se-elbasanit-shkolla-qe-u-hap-110-vite-me-pare\/","url_meta":{"origin":28973,"position":4},"title":"P\u00ebrvjetori i Normales s\u00eb Elbasanit, shkolla q\u00eb u hap 110 vite m\u00eb par\u00eb","author":"Kurt Farka","date":"December 19, 2019","format":false,"excerpt":"P\u00ebrvjetori i Normales s\u00eb Elbasanit, shkolla q\u00eb u hap 110 vite m\u00eb par\u00eb 12\/12\/2019\u00a0 110 vite m\u00eb par\u00eb, n\u00eb dhjetor t\u00eb vitit 1909 me vendim t\u00eb Kongresit t\u00eb Elbasanit do t\u00eb krijohej normalja e par\u00eb e Elbasanit, si i par\u00eb institucion n\u00eb vend q\u00eb do t\u00eb p\u00ebrgatiste m\u00ebsues e do\u2026","rel":"","context":"In &quot;Blogu i Udh\u00ebtarit&quot;","block_context":{"text":"Blogu i Udh\u00ebtarit","link":"https:\/\/www.shqiperia.com\/blog\/category\/blogu-i-udhetarit\/"},"img":{"alt_text":"","src":"https:\/\/i0.wp.com\/www.shqiperia.com\/blog\/wp-content\/uploads\/2019\/12\/Normalja-E-Elbasanit.jpg?fit=750%2C375&ssl=1&resize=350%2C200","width":350,"height":200,"srcset":"https:\/\/i0.wp.com\/www.shqiperia.com\/blog\/wp-content\/uploads\/2019\/12\/Normalja-E-Elbasanit.jpg?fit=750%2C375&ssl=1&resize=350%2C200 1x, https:\/\/i0.wp.com\/www.shqiperia.com\/blog\/wp-content\/uploads\/2019\/12\/Normalja-E-Elbasanit.jpg?fit=750%2C375&ssl=1&resize=525%2C300 1.5x, https:\/\/i0.wp.com\/www.shqiperia.com\/blog\/wp-content\/uploads\/2019\/12\/Normalja-E-Elbasanit.jpg?fit=750%2C375&ssl=1&resize=700%2C400 2x"},"classes":[]},{"id":38763,"url":"https:\/\/www.shqiperia.com\/blog\/reportazh-vetem-gjate-dy-viteve-te-fundit-149-shkolla-te-mbyllura-ne-zonat-rurale-te-vendit-prinder-mesues-dhe-sociologe-tregojne-cfare-po-ndodh\/","url_meta":{"origin":28973,"position":5},"title":"REPORTAZH: &#8211; Vet\u00ebm gjat\u00eb dy viteve t\u00eb fundit, 149 shkolla t\u00eb mbyllura n\u00eb zonat rurale t\u00eb vendit. Prind\u00ebr, m\u00ebsues dhe sociolog\u00eb tregojn\u00eb \u00e7far\u00eb po ndodh","author":"Kurt Farka","date":"September 22, 2020","format":false,"excerpt":"REPORTAZH: - Vet\u00ebm gjat\u00eb dy viteve t\u00eb fundit, 149 shkolla t\u00eb mbyllura n\u00eb zonat rurale t\u00eb vendit. Prind\u00ebr, m\u00ebsues dhe sociolog\u00eb tregojn\u00eb \u00e7far\u00eb po ndodh 20 shtator 2020 Eldi Vocrri sapo p\u00ebrfundoi klas\u00ebn e n\u00ebnt\u00eb n\u00eb fshatin Zerqan t\u00eb Bulqiz\u00ebs dhe do t\u00eb vazhdoj\u00eb t\u00eb ndjek\u00eb gjimnazin. Por ai mund\u2026","rel":"","context":"In &quot;Blogu i Udh\u00ebtarit&quot;","block_context":{"text":"Blogu i Udh\u00ebtarit","link":"https:\/\/www.shqiperia.com\/blog\/category\/blogu-i-udhetarit\/"},"img":{"alt_text":"","src":"https:\/\/i0.wp.com\/www.shqiperia.com\/blog\/wp-content\/uploads\/2020\/09\/Screenshot_20200920-193625_Chrome-905x450-1.jpg?fit=905%2C450&ssl=1&resize=350%2C200","width":350,"height":200,"srcset":"https:\/\/i0.wp.com\/www.shqiperia.com\/blog\/wp-content\/uploads\/2020\/09\/Screenshot_20200920-193625_Chrome-905x450-1.jpg?fit=905%2C450&ssl=1&resize=350%2C200 1x, https:\/\/i0.wp.com\/www.shqiperia.com\/blog\/wp-content\/uploads\/2020\/09\/Screenshot_20200920-193625_Chrome-905x450-1.jpg?fit=905%2C450&ssl=1&resize=525%2C300 1.5x, https:\/\/i0.wp.com\/www.shqiperia.com\/blog\/wp-content\/uploads\/2020\/09\/Screenshot_20200920-193625_Chrome-905x450-1.jpg?fit=905%2C450&ssl=1&resize=700%2C400 2x"},"classes":[]}],"_links":{"self":[{"href":"https:\/\/www.shqiperia.com\/blog\/wp-json\/wp\/v2\/posts\/28973","targetHints":{"allow":["GET"]}}],"collection":[{"href":"https:\/\/www.shqiperia.com\/blog\/wp-json\/wp\/v2\/posts"}],"about":[{"href":"https:\/\/www.shqiperia.com\/blog\/wp-json\/wp\/v2\/types\/post"}],"author":[{"embeddable":true,"href":"https:\/\/www.shqiperia.com\/blog\/wp-json\/wp\/v2\/users\/9"}],"replies":[{"embeddable":true,"href":"https:\/\/www.shqiperia.com\/blog\/wp-json\/wp\/v2\/comments?post=28973"}],"version-history":[{"count":1,"href":"https:\/\/www.shqiperia.com\/blog\/wp-json\/wp\/v2\/posts\/28973\/revisions"}],"predecessor-version":[{"id":28975,"href":"https:\/\/www.shqiperia.com\/blog\/wp-json\/wp\/v2\/posts\/28973\/revisions\/28975"}],"wp:featuredmedia":[{"embeddable":true,"href":"https:\/\/www.shqiperia.com\/blog\/wp-json\/wp\/v2\/media\/28974"}],"wp:attachment":[{"href":"https:\/\/www.shqiperia.com\/blog\/wp-json\/wp\/v2\/media?parent=28973"}],"wp:term":[{"taxonomy":"category","embeddable":true,"href":"https:\/\/www.shqiperia.com\/blog\/wp-json\/wp\/v2\/categories?post=28973"},{"taxonomy":"post_tag","embeddable":true,"href":"https:\/\/www.shqiperia.com\/blog\/wp-json\/wp\/v2\/tags?post=28973"}],"curies":[{"name":"wp","href":"https:\/\/api.w.org\/{rel}","templated":true}]}}