{"id":28970,"date":"2019-12-06T00:18:50","date_gmt":"2019-12-06T00:18:50","guid":{"rendered":"https:\/\/www.shqiperia.com\/blog\/?p=28970"},"modified":"2019-12-06T00:18:50","modified_gmt":"2019-12-06T00:18:50","slug":"do-bej-une-ndonje-gje-per-ato-letrat-vangjush-dako-qeteson-edi-ramen","status":"publish","type":"post","link":"https:\/\/www.shqiperia.com\/blog\/do-bej-une-ndonje-gje-per-ato-letrat-vangjush-dako-qeteson-edi-ramen\/","title":{"rendered":"\u201cDo b\u00ebj un\u00eb ndonj\u00eb gje p\u00ebr ato letrat\u201d, Vangjush Dako qet\u00ebson Edi Ram\u00ebn"},"content":{"rendered":"<p><img data-recalc-dims=\"1\" loading=\"lazy\" decoding=\"async\" data-attachment-id=\"28971\" data-permalink=\"https:\/\/www.shqiperia.com\/blog\/do-bej-une-ndonje-gje-per-ato-letrat-vangjush-dako-qeteson-edi-ramen\/dakooooo-dhe-rama-e1575574465585-770x433\/\" data-orig-file=\"https:\/\/i0.wp.com\/www.shqiperia.com\/blog\/wp-content\/uploads\/2019\/12\/dakooooo-dhe-rama-e1575574465585-770x433.png?fit=770%2C433&amp;ssl=1\" data-orig-size=\"770,433\" data-comments-opened=\"1\" data-image-meta=\"{&quot;aperture&quot;:&quot;0&quot;,&quot;credit&quot;:&quot;&quot;,&quot;camera&quot;:&quot;&quot;,&quot;caption&quot;:&quot;&quot;,&quot;created_timestamp&quot;:&quot;0&quot;,&quot;copyright&quot;:&quot;&quot;,&quot;focal_length&quot;:&quot;0&quot;,&quot;iso&quot;:&quot;0&quot;,&quot;shutter_speed&quot;:&quot;0&quot;,&quot;title&quot;:&quot;&quot;,&quot;orientation&quot;:&quot;0&quot;}\" data-image-title=\"dakooooo-dhe-rama-e1575574465585-770&#215;433\" data-image-description=\"\" data-image-caption=\"\" data-medium-file=\"https:\/\/i0.wp.com\/www.shqiperia.com\/blog\/wp-content\/uploads\/2019\/12\/dakooooo-dhe-rama-e1575574465585-770x433.png?fit=300%2C169&amp;ssl=1\" data-large-file=\"https:\/\/i0.wp.com\/www.shqiperia.com\/blog\/wp-content\/uploads\/2019\/12\/dakooooo-dhe-rama-e1575574465585-770x433.png?fit=770%2C433&amp;ssl=1\" class=\"alignnone  wp-image-28971\" alt=\"\" src=\"https:\/\/i0.wp.com\/www.shqiperia.com\/blog\/wp-content\/uploads\/2019\/12\/dakooooo-dhe-rama-e1575574465585-770x433.png?resize=504%2C284&#038;ssl=1\" width=\"504\" height=\"284\" srcset=\"https:\/\/i0.wp.com\/www.shqiperia.com\/blog\/wp-content\/uploads\/2019\/12\/dakooooo-dhe-rama-e1575574465585-770x433.png?resize=300%2C169&amp;ssl=1 300w, https:\/\/i0.wp.com\/www.shqiperia.com\/blog\/wp-content\/uploads\/2019\/12\/dakooooo-dhe-rama-e1575574465585-770x433.png?resize=768%2C432&amp;ssl=1 768w, https:\/\/i0.wp.com\/www.shqiperia.com\/blog\/wp-content\/uploads\/2019\/12\/dakooooo-dhe-rama-e1575574465585-770x433.png?resize=450%2C253&amp;ssl=1 450w, https:\/\/i0.wp.com\/www.shqiperia.com\/blog\/wp-content\/uploads\/2019\/12\/dakooooo-dhe-rama-e1575574465585-770x433.png?resize=600%2C337&amp;ssl=1 600w, https:\/\/i0.wp.com\/www.shqiperia.com\/blog\/wp-content\/uploads\/2019\/12\/dakooooo-dhe-rama-e1575574465585-770x433.png?resize=400%2C225&amp;ssl=1 400w, https:\/\/i0.wp.com\/www.shqiperia.com\/blog\/wp-content\/uploads\/2019\/12\/dakooooo-dhe-rama-e1575574465585-770x433.png?resize=770%2C433&amp;ssl=1 770w\" sizes=\"auto, (max-width: 504px) 100vw, 504px\" \/><\/p>\n<p><strong>\u00a0\u201cDo b\u00ebj un\u00eb ndonj\u00eb gje p\u00ebr ato letrat\u201d, Vangjush Dako qet\u00ebson Edi Ram\u00ebn<\/strong><\/p>\n<p>05.12.19<\/p>\n<p><a href=\"http:\/\/www.gsh.al\/2019\/12\/05\/video-bej-une-ndonje-gje-per-ato-letrat-vangjush-dako-qeteson-edi-ramen\/\">Gazeta Shqiptare<\/a><\/p>\n<p>Ish kryebashkiaku i Durr\u00ebsit, Vangjush Dako, \u00ebsht\u00eb shfaqur n\u00eb fund t\u00eb nj\u00eb transmetimi \u2018live\u2019 t\u00eb kryeministrit Edi Rama n\u00eb ERTV. N\u00eb momentin q\u00eb transmetimi do t\u00eb p\u00ebrfundonte dhe Rama po largohej, n\u00eb kamera shfaqet Dako, q\u00eb i thot\u00eb shefit dhe bashk\u00ebpun\u00ebtorit t\u00eb tij t\u00eb af\u00ebrt, \u201cDo b\u00ebj ndonj\u00eb gj\u00eb p\u00ebr ato letrat\u201d.<\/p>\n<p>N\u00eb k\u00ebt\u00eb moment, personi q\u00eb filmon p\u00ebr televizionin e Ram\u00ebs, ERTV, e ka larguar kamer\u00ebn nga Dako, por pak sekonda kan\u00eb mjaftuar p\u00ebr t\u00eb shquar siluet\u00ebn e kryebashkiakut, i cili sot \u00ebsht\u00eb n\u00eb qend\u00ebr t\u00eb v\u00ebmendjes sepse ka dh\u00ebn\u00eb leje nd\u00ebrtimi n\u00eb qytetin e Durr\u00ebsit edhe n\u00eb vende t\u00eb pap\u00ebrshtatshme p\u00ebr t\u00eb nd\u00ebrtuar.<\/p>\n","protected":false},"excerpt":{"rendered":"<p>\u00a0\u201cDo b\u00ebj un\u00eb ndonj\u00eb gje p\u00ebr ato letrat\u201d, Vangjush Dako qet\u00ebson Edi Ram\u00ebn 05.12.19 Gazeta Shqiptare Ish kryebashkiaku i Durr\u00ebsit, Vangjush Dako, \u00ebsht\u00eb shfaqur n\u00eb fund t\u00eb nj\u00eb transmetimi \u2018live\u2019 t\u00eb kryeministrit Edi Rama n\u00eb ERTV. N\u00eb momentin q\u00eb transmetimi do t\u00eb p\u00ebrfundonte dhe Rama po largohej, n\u00eb kamera shfaqet Dako, q\u00eb i thot\u00eb shefit [&hellip;]<\/p>\n","protected":false},"author":9,"featured_media":28971,"comment_status":"open","ping_status":"open","sticky":false,"template":"","format":"standard","meta":{"jetpack_post_was_ever_published":false,"_jetpack_newsletter_access":"","_jetpack_dont_email_post_to_subs":false,"_jetpack_newsletter_tier_id":0,"_jetpack_memberships_contains_paywalled_content":false,"_jetpack_memberships_contains_paid_content":false,"footnotes":"","jetpack_publicize_message":"","jetpack_publicize_feature_enabled":true,"jetpack_social_post_already_shared":true,"jetpack_social_options":{"image_generator_settings":{"template":"highway","default_image_id":0,"font":"","enabled":false},"version":2}},"categories":[27,2],"tags":[],"class_list":["post-28970","post","type-post","status-publish","format-standard","has-post-thumbnail","hentry","category-blogu-i-udhetarit","category-politika"],"jetpack_publicize_connections":[],"jetpack_featured_media_url":"https:\/\/i0.wp.com\/www.shqiperia.com\/blog\/wp-content\/uploads\/2019\/12\/dakooooo-dhe-rama-e1575574465585-770x433.png?fit=770%2C433&ssl=1","jetpack_sharing_enabled":true,"jetpack_shortlink":"https:\/\/wp.me\/p5Z6wp-7xg","jetpack-related-posts":[{"id":21669,"url":"https:\/\/www.shqiperia.com\/blog\/fevziu-ben-per-uje-te-ftohte-vangjush-dakon-ska-bthe-njeri-te-me-thote-mua-mos-bej-kete-gje\/","url_meta":{"origin":28970,"position":0},"title":"Fevziu b\u00ebn p\u00ebr \u201cuj\u00eb t\u00eb ftoht\u00eb\u201d Vangjush Dakon: S\u2019ka b*th\u00eb njeri t\u00eb m\u00eb thot\u00eb mua mos b\u00ebj k\u00ebt\u00eb gj\u00eb\u2026","author":"Kurt Farka","date":"June 6, 2019","format":false,"excerpt":"Fevziu b\u00ebn p\u00ebr \u201cuj\u00eb t\u00eb ftoht\u00eb\u201d Vangjush Dakon: S\u2019ka b*th\u00eb njeri t\u00eb m\u00eb thot\u00eb mua mos b\u00ebj k\u00ebt\u00eb gj\u00eb\u2026 6 qershor 2019 Teksa p\u00ebrpiqej t\u00eb tregonte se gjithkush mund t\u00eb flas\u00eb n\u00eb telefon, kryebashkiaku i Durr\u00ebsit, Vangjush Dako iu kthye drejtuesit t\u00eb Opinion Blendi Fevziu se edhe at\u00eb e merrnin\u2026","rel":"","context":"In &quot;Blogu i Udh\u00ebtarit&quot;","block_context":{"text":"Blogu i Udh\u00ebtarit","link":"https:\/\/www.shqiperia.com\/blog\/category\/blogu-i-udhetarit\/"},"img":{"alt_text":"","src":"https:\/\/i0.wp.com\/www.shqiperia.com\/blog\/wp-content\/uploads\/2019\/06\/d3-1-Copy.png?fit=459%2C255&ssl=1&resize=350%2C200","width":350,"height":200},"classes":[]},{"id":72005,"url":"https:\/\/www.shqiperia.com\/blog\/vangjush-dako-ishte-lidhje-direkte-e-rames-artan-hoxha-zbardh-detaje-te-reja-nga-arrestimi-i-ish-kryebashkiakut-te-durresit-jane-bere-tentativa-qe\/","url_meta":{"origin":28970,"position":1},"title":"\u201cVangjush Dako ishte lidhje direkte e Ram\u00ebs\u201d. &#8211;  Artan Hoxha zbardh detaje t\u00eb reja nga arrestimi i ish-kryebashkiakut t\u00eb Durr\u00ebsit: &#8211; Jan\u00eb b\u00ebr\u00eb tentativa q\u00eb&#8230;","author":"Kurt Farka","date":"June 6, 2023","format":false,"excerpt":"6 Qershor 2023 Artan Hoxha, gazetar i njohur i kronik\u00ebs, \u00ebsht\u00eb shprehur mbr\u00ebmjen e sotme se Vangjush Dako ishte nd\u00ebr njer\u00ebzit m\u00eb t\u00eb r\u00ebnd\u00ebsish\u00ebm n\u00eb Durr\u00ebs. Sipas tij, p\u00ebr momentin n\u00eb t\u00eb cilin ndodhemi, ai \u00ebsht\u00eb personi m\u00eb i r\u00ebnd\u00ebsish\u00ebm, edhe se ministri i Brendsh\u00ebm. \u201cP\u00ebr mua, me k\u00ebt\u00eb akuz\u00eb\u2026","rel":"","context":"In &quot;Blogu i Udh\u00ebtarit&quot;","block_context":{"text":"Blogu i Udh\u00ebtarit","link":"https:\/\/www.shqiperia.com\/blog\/category\/blogu-i-udhetarit\/"},"img":{"alt_text":"","src":"https:\/\/i0.wp.com\/www.shqiperia.com\/blog\/wp-content\/uploads\/2023\/06\/800-0-vangjush-dako-2.jpg?fit=800%2C343&ssl=1&resize=350%2C200","width":350,"height":200,"srcset":"https:\/\/i0.wp.com\/www.shqiperia.com\/blog\/wp-content\/uploads\/2023\/06\/800-0-vangjush-dako-2.jpg?fit=800%2C343&ssl=1&resize=350%2C200 1x, https:\/\/i0.wp.com\/www.shqiperia.com\/blog\/wp-content\/uploads\/2023\/06\/800-0-vangjush-dako-2.jpg?fit=800%2C343&ssl=1&resize=525%2C300 1.5x, https:\/\/i0.wp.com\/www.shqiperia.com\/blog\/wp-content\/uploads\/2023\/06\/800-0-vangjush-dako-2.jpg?fit=800%2C343&ssl=1&resize=700%2C400 2x"},"classes":[]},{"id":16811,"url":"https:\/\/www.shqiperia.com\/blog\/pergjimet-dako-si-rama-sulmon-voa-n-zeri-i-amerikes-ka-degraduar\/","url_meta":{"origin":28970,"position":2},"title":"P\u00ebrgjimet\/ Dako si Rama, sulmon VOA-n: Z\u00ebri i Amerik\u00ebs, ka degraduar\u2026","author":"Kurt Farka","date":"January 31, 2019","format":false,"excerpt":"P\u00ebrgjimet\/ Dako si Rama, sulmon VOA-n: Z\u00ebri i Amerik\u00ebs, ka degraduar\u2026 31 janar 2019 Vangjush Dako ka sulmuar \u201cZ\u00ebrin e Amerik\u00ebs\u201d q\u00eb publikoi p\u00ebrgjimet e prokuroris\u00eb, q\u00eb ngren\u00eb dyshime se kryetari i Bashkis\u00eb s\u00eb Durr\u00ebsit \u00ebsht\u00eb i p\u00ebrfshir\u00eb n\u00eb shit-blerje votash. \u201cKa degradim t\u00eb Z\u00ebrit t\u00eb Amerik\u00ebs, ulje t\u00eb atij\u2026","rel":"","context":"In &quot;Blogu i Udh\u00ebtarit&quot;","block_context":{"text":"Blogu i Udh\u00ebtarit","link":"https:\/\/www.shqiperia.com\/blog\/category\/blogu-i-udhetarit\/"},"img":{"alt_text":"","src":"https:\/\/i0.wp.com\/www.shqiperia.com\/blog\/wp-content\/uploads\/2019\/01\/vangjush-dako.jpeg?fit=800%2C450&ssl=1&resize=350%2C200","width":350,"height":200,"srcset":"https:\/\/i0.wp.com\/www.shqiperia.com\/blog\/wp-content\/uploads\/2019\/01\/vangjush-dako.jpeg?fit=800%2C450&ssl=1&resize=350%2C200 1x, https:\/\/i0.wp.com\/www.shqiperia.com\/blog\/wp-content\/uploads\/2019\/01\/vangjush-dako.jpeg?fit=800%2C450&ssl=1&resize=525%2C300 1.5x, https:\/\/i0.wp.com\/www.shqiperia.com\/blog\/wp-content\/uploads\/2019\/01\/vangjush-dako.jpeg?fit=800%2C450&ssl=1&resize=700%2C400 2x"},"classes":[]},{"id":33814,"url":"https:\/\/www.shqiperia.com\/blog\/corbe-e-rames-qe-perziehet-nga-dako-bylykbashi-komenton-situaten-ne-bashkine-e-durresit\/","url_meta":{"origin":28970,"position":3},"title":"\u201c\u00c7orb\u00eb e Ram\u00ebs q\u00eb p\u00ebrziehet nga Dako\u201d\/ Bylykbashi komenton situat\u00ebn n\u00eb Bashkin\u00eb e Durr\u00ebsit","author":"Kurt Farka","date":"April 27, 2020","format":false,"excerpt":"\u201c\u00c7orb\u00eb e Ram\u00ebs q\u00eb p\u00ebrziehet nga Dako\u201d\/ Bylykbashi komenton situat\u00ebn n\u00eb Bashkin\u00eb e Durr\u00ebsit 23\/04\/20 mapo.al \u201cNj\u00eb \u00e7orb\u00eb t\u00eb gatuar nga Edi Rama, t\u00eb cil\u00ebn e p\u00ebrzien pas perdes Vangjush Dako\u201d. K\u00ebshtu e quan ish-deputeti demokrat n\u00eb Qarkun e Durr\u00ebsit, Oerd Bylykbashi, situat\u00ebn me kryebashkiak\u00ebt e komanduar q\u00eb japin dor\u00ebheqjen\u2026","rel":"","context":"In &quot;Blogu i Udh\u00ebtarit&quot;","block_context":{"text":"Blogu i Udh\u00ebtarit","link":"https:\/\/www.shqiperia.com\/blog\/category\/blogu-i-udhetarit\/"},"img":{"alt_text":"","src":"https:\/\/i0.wp.com\/www.shqiperia.com\/blog\/wp-content\/uploads\/2020\/04\/oerd-bylykbashi.jpg?fit=1110%2C740&ssl=1&resize=350%2C200","width":350,"height":200,"srcset":"https:\/\/i0.wp.com\/www.shqiperia.com\/blog\/wp-content\/uploads\/2020\/04\/oerd-bylykbashi.jpg?fit=1110%2C740&ssl=1&resize=350%2C200 1x, https:\/\/i0.wp.com\/www.shqiperia.com\/blog\/wp-content\/uploads\/2020\/04\/oerd-bylykbashi.jpg?fit=1110%2C740&ssl=1&resize=525%2C300 1.5x, https:\/\/i0.wp.com\/www.shqiperia.com\/blog\/wp-content\/uploads\/2020\/04\/oerd-bylykbashi.jpg?fit=1110%2C740&ssl=1&resize=700%2C400 2x, https:\/\/i0.wp.com\/www.shqiperia.com\/blog\/wp-content\/uploads\/2020\/04\/oerd-bylykbashi.jpg?fit=1110%2C740&ssl=1&resize=1050%2C600 3x"},"classes":[]},{"id":4832,"url":"https:\/\/www.shqiperia.com\/blog\/dita-e-veres-fantazma-dhe-vangjush-dako\/","url_meta":{"origin":28970,"position":4},"title":"Dita e Veres, Fantazma dhe Vangjush Dako. &#8211;","author":"Kurt Farka","date":"March 14, 2018","format":false,"excerpt":"-Neper mugetirat e nates se mbremshme, pak pa zbardhur Dita e Veres neper kalldremet e rrethinave te Durresit eshte pare nje lugat. Nuk dihet a kishte dalur nga kenetat apo ishte shfaqur nga ndonje zgafelle e ndonje boshlleku te rrenojave te qytetit te lashte. Gjithe naten, thone se e kane\u2026","rel":"","context":"In &quot;Blogu i Udh\u00ebtarit&quot;","block_context":{"text":"Blogu i Udh\u00ebtarit","link":"https:\/\/www.shqiperia.com\/blog\/category\/blogu-i-udhetarit\/"},"img":{"alt_text":"","src":"https:\/\/i0.wp.com\/www.shqiperia.com\/blog\/wp-content\/uploads\/2018\/03\/Vangjush-Dako-232x300.jpg?resize=350%2C200","width":350,"height":200},"classes":[]},{"id":93892,"url":"https:\/\/www.shqiperia.com\/blog\/vangjush-dako-rikthehet-ne-burgun-e-durresit\/","url_meta":{"origin":28970,"position":5},"title":"Vangjush Dako rikthehet n\u00eb burgun e Durr\u00ebsit","author":"Kurt Farka","date":"September 22, 2025","format":false,"excerpt":"22 Shtator 2025 Ish-kryetari i Bashkis\u00eb s\u00eb Durr\u00ebsit, Vangjush Dako, pas p\u00ebrmir\u00ebsimit t\u00eb gjendjes s\u00eb tij sh\u00ebndet\u00ebsore, ka l\u00ebn\u00eb sot ambientet e Spitalit t\u00eb Durr\u00ebsit dhe \u00ebsht\u00eb d\u00ebrguar n\u00eb qelin\u00eb e burgut ku i kan\u00eb mbetur p\u00ebr t\u00eb kryer dhe 6 dit\u00eb nga d\u00ebnimi. Dako u kthye n\u00eb qeli pas\u2026","rel":"","context":"In &quot;Blogu i Udh\u00ebtarit&quot;","block_context":{"text":"Blogu i Udh\u00ebtarit","link":"https:\/\/www.shqiperia.com\/blog\/category\/blogu-i-udhetarit\/"},"img":{"alt_text":"","src":"https:\/\/i0.wp.com\/www.shqiperia.com\/blog\/wp-content\/uploads\/2025\/09\/Gjykata-e-Durresit-rrezon-kerkesen-e-Bashkise-per-vazhdimin-e-punimeve-ne-ndertimin-e-Valeria.jpg?fit=520%2C323&ssl=1&resize=350%2C200","width":350,"height":200},"classes":[]}],"_links":{"self":[{"href":"https:\/\/www.shqiperia.com\/blog\/wp-json\/wp\/v2\/posts\/28970","targetHints":{"allow":["GET"]}}],"collection":[{"href":"https:\/\/www.shqiperia.com\/blog\/wp-json\/wp\/v2\/posts"}],"about":[{"href":"https:\/\/www.shqiperia.com\/blog\/wp-json\/wp\/v2\/types\/post"}],"author":[{"embeddable":true,"href":"https:\/\/www.shqiperia.com\/blog\/wp-json\/wp\/v2\/users\/9"}],"replies":[{"embeddable":true,"href":"https:\/\/www.shqiperia.com\/blog\/wp-json\/wp\/v2\/comments?post=28970"}],"version-history":[{"count":1,"href":"https:\/\/www.shqiperia.com\/blog\/wp-json\/wp\/v2\/posts\/28970\/revisions"}],"predecessor-version":[{"id":28972,"href":"https:\/\/www.shqiperia.com\/blog\/wp-json\/wp\/v2\/posts\/28970\/revisions\/28972"}],"wp:featuredmedia":[{"embeddable":true,"href":"https:\/\/www.shqiperia.com\/blog\/wp-json\/wp\/v2\/media\/28971"}],"wp:attachment":[{"href":"https:\/\/www.shqiperia.com\/blog\/wp-json\/wp\/v2\/media?parent=28970"}],"wp:term":[{"taxonomy":"category","embeddable":true,"href":"https:\/\/www.shqiperia.com\/blog\/wp-json\/wp\/v2\/categories?post=28970"},{"taxonomy":"post_tag","embeddable":true,"href":"https:\/\/www.shqiperia.com\/blog\/wp-json\/wp\/v2\/tags?post=28970"}],"curies":[{"name":"wp","href":"https:\/\/api.w.org\/{rel}","templated":true}]}}