{"id":28967,"date":"2019-12-05T23:53:12","date_gmt":"2019-12-05T23:53:12","guid":{"rendered":"https:\/\/www.shqiperia.com\/blog\/?p=28967"},"modified":"2019-12-05T23:53:12","modified_gmt":"2019-12-05T23:53:12","slug":"me-shihni-mua-jo-katrahuren","status":"publish","type":"post","link":"https:\/\/www.shqiperia.com\/blog\/me-shihni-mua-jo-katrahuren\/","title":{"rendered":"M\u00eb shihni mua, jo katrahur\u00ebn.-"},"content":{"rendered":"<p><img data-recalc-dims=\"1\" loading=\"lazy\" decoding=\"async\" data-attachment-id=\"28968\" data-permalink=\"https:\/\/www.shqiperia.com\/blog\/me-shihni-mua-jo-katrahuren\/rame-me-tv\/\" data-orig-file=\"https:\/\/i0.wp.com\/www.shqiperia.com\/blog\/wp-content\/uploads\/2019\/12\/Rame-me-tv.jpg?fit=744%2C387&amp;ssl=1\" data-orig-size=\"744,387\" data-comments-opened=\"1\" data-image-meta=\"{&quot;aperture&quot;:&quot;0&quot;,&quot;credit&quot;:&quot;&quot;,&quot;camera&quot;:&quot;&quot;,&quot;caption&quot;:&quot;&quot;,&quot;created_timestamp&quot;:&quot;0&quot;,&quot;copyright&quot;:&quot;&quot;,&quot;focal_length&quot;:&quot;0&quot;,&quot;iso&quot;:&quot;0&quot;,&quot;shutter_speed&quot;:&quot;0&quot;,&quot;title&quot;:&quot;&quot;,&quot;orientation&quot;:&quot;0&quot;}\" data-image-title=\"Rame-me-tv\" data-image-description=\"\" data-image-caption=\"\" data-medium-file=\"https:\/\/i0.wp.com\/www.shqiperia.com\/blog\/wp-content\/uploads\/2019\/12\/Rame-me-tv.jpg?fit=300%2C156&amp;ssl=1\" data-large-file=\"https:\/\/i0.wp.com\/www.shqiperia.com\/blog\/wp-content\/uploads\/2019\/12\/Rame-me-tv.jpg?fit=744%2C387&amp;ssl=1\" class=\"alignnone  wp-image-28968\" alt=\"\" src=\"https:\/\/i0.wp.com\/www.shqiperia.com\/blog\/wp-content\/uploads\/2019\/12\/Rame-me-tv.jpg?resize=542%2C282&#038;ssl=1\" width=\"542\" height=\"282\" srcset=\"https:\/\/i0.wp.com\/www.shqiperia.com\/blog\/wp-content\/uploads\/2019\/12\/Rame-me-tv.jpg?resize=300%2C156&amp;ssl=1 300w, https:\/\/i0.wp.com\/www.shqiperia.com\/blog\/wp-content\/uploads\/2019\/12\/Rame-me-tv.jpg?resize=450%2C234&amp;ssl=1 450w, https:\/\/i0.wp.com\/www.shqiperia.com\/blog\/wp-content\/uploads\/2019\/12\/Rame-me-tv.jpg?resize=600%2C312&amp;ssl=1 600w, https:\/\/i0.wp.com\/www.shqiperia.com\/blog\/wp-content\/uploads\/2019\/12\/Rame-me-tv.jpg?resize=400%2C208&amp;ssl=1 400w, https:\/\/i0.wp.com\/www.shqiperia.com\/blog\/wp-content\/uploads\/2019\/12\/Rame-me-tv.jpg?w=744&amp;ssl=1 744w\" sizes=\"auto, (max-width: 542px) 100vw, 542px\" \/><\/p>\n<p><strong>M\u00eb shihni mua, jo katrahur\u00ebn<\/strong><\/p>\n<p><a href=\"https:\/\/gazetamapo.al\/me-shihni-mua-jo-katrahuren\/\"><strong>Mapo.al<\/strong><\/a><\/p>\n<p>Edi Rama e tregoi veten se \u00ebsht\u00eb nj\u00eb lojtar i fort\u00eb n\u00eb politik\u00eb, dhe nj\u00eb mjesht\u00ebr i PR, pik\u00ebrisht n\u00eb dit\u00ebt m\u00eb t\u00eb v\u00ebshtira t\u00eb vendit, si k\u00ebto pas r\u00ebnies s\u00eb t\u00ebrmetit.\u00a0Propaganda ishte patjet\u00ebr stili i tij i qeverisjes dhe m\u00ebnyra e t\u00eb q\u00ebnit, kjo dihej. Po nuk kishim par\u00eb ende shkall\u00ebn superiore t\u00eb saj.<\/p>\n<p>Aq sa t\u00eb konkuronte, apo m\u00eb shum\u00eb, t\u00eb linte n\u00eb hije, edhe zhvillime t\u00eb k\u00ebtilla t\u00eb natyr\u00ebs, me forc\u00eb, sovranitet e brutaliz\u00ebm, si ai i or\u00ebs 4 t\u00eb m\u00ebngjesit t\u00eb 26 n\u00ebntorit.<\/p>\n<p>Por vini re.<\/p>\n<p>Njer\u00ebzit jan\u00eb homo videns, si\u00e7 thot\u00eb, Xhovani Sartori. Pamjet e para ishin padyshim t\u00eb rr\u00ebmetit q\u00eb solli trandja apokaliptike, 6.4 rihter. K\u00ebto pamje zgjat\u00ebn 48 or\u00eb.<\/p>\n<p>\u00c7far\u00eb kan\u00eb par\u00eb m\u00eb tej n\u00eb ekran shqiptar\u00ebt.<\/p>\n<p>Kan\u00eb par\u00eb vet\u00ebm Edi Ram\u00ebn. Ai ka nisur prej nje jave tashm\u00eb nj\u00eb prej kurseve me agresive t\u00eb PR, duke dal\u00eb live deri n\u00eb 8 or\u00eb n\u00eb dit\u00eb. Gjithcka e organizuar. Live kudo. Dhe nj\u00eb ekip q\u00eb kujdeset p\u00ebr pamjen e tij edhe n\u00eb ceremonin\u00eb mortore n\u00eb Thuman\u00eb. Arsyeja \u00ebsht\u00eb e thjesht\u00eb. Ai po thot\u00eb, po kerkon, dhe po ja del, me agjend\u00ebn e tij q\u00eb \u00ebsht\u00eb; m\u00eb shihni mua, jo katrahur\u00ebn.<\/p>\n<p>M\u00eb shihni mua, jo nj\u00eb plag\u00eb t\u00eb re t\u00eb madhe q\u00eb ju hap vendit q\u00eb l\u00ebngonte nd\u00ebrkoh\u00eb prej vitesh n\u00ebn qeverisjen e tij.<\/p>\n<p>Jan\u00eb t\u00eb njohura edhe n\u00eb teori, rastet kur drama dhe fatkeq\u00ebsi t\u00eb k\u00ebsaj natyre kthehen n\u00eb favor t\u00eb lider\u00ebve, edhe kur ata jan\u00eb mediok\u00ebr, apo me kredite t\u00eb ul\u00ebta n\u00eb publik. Mir\u00ebpo propaganda e Edi Ram\u00ebs \u00ebsht\u00eb aq agresive, totale dhe dominuese, sa ai ngjan se k\u00ebrkon ta shpall\u00eb veten nj\u00eb lloj Mesie, dhe kjo b\u00ebn t\u00eb mos dalin n\u00eb sken\u00eb detaje apo pyetje si; pse ekipet tona t\u00eb shp\u00ebtimit s\u2019kishin dorashka, as pse banesat q\u00eb zun\u00eb posht\u00eb tyre dhjetra fryme n\u00eb Thuman\u00eb, duhej t\u00eb ishin shpallur t\u00eb pabanuara prej 21 shtatorit. T\u00eb harrohen krejt p\u00ebrgjegj\u00ebsit\u00eb e shtetit e t\u00eb rilindjes q\u00eb ka m\u00eb shum\u00eb se 6 vite q\u00eb mbjell pallate e godina si ato q\u00eb ran\u00eb n\u00eb Durr\u00ebs.<\/p>\n<p>Shum\u00eb e thjesht\u00eb. Harrojini t\u00eb gjitha, m\u00eb shikoni mua. Kush nuk bindet, mund ta p\u00ebrfytyroj\u00eb veten edhe n\u00ebn masa q\u00eb nuk e rrok imagjinata. Sic ishin rastet e mbylljes s\u00eb disa portaleve.<\/p>\n<p>Dhe Edi Rama vazhdon shtegtimin e tij \u201clive\u201d, si demiurg, krijues i nj\u00eb bote t\u00eb re, me nj\u00eb trup\u00eb t\u00eb bollshme transmetimi. Ai po zbulon tani k\u00ebt\u00eb pjes\u00eb, k\u00ebt\u00eb dram\u00eb t\u00eb vendit. Mungon vet\u00ebm lumi Jordan, ku ai vet\u00eb t\u00eb mund t\u00eb pag\u00ebzoj\u00eb njer\u00ebz, apo t\u00eb kryej\u00eb mrekullit\u00eb e rastit.<\/p>\n<p>Dhe kjo e sotmja \u00ebsht\u00eb skena m\u00eb e fort\u00eb politike e vendit, edhe pse me cdo forc\u00eb po mundohet t\u00eb shmanget fjala politike.<\/p>\n<p>Nuk ka n\u00eb fakt, moment m\u00eb politik se ky. I atill\u00eb, ku aktor\u00ebt kan\u00eb vemendjen dhe audienc\u00ebn maksimale, e ku njer\u00ebzit presin zgjidhje. \u00c7far\u00eb \u00ebsht\u00eb m\u00eb politike se kjo?<\/p>\n<p>Nga ana tjet\u00ebr, lideri i opozit\u00ebs, Lulzim Basha po sillet me etik\u00eb, me vet\u00ebp\u00ebrmbajtje, me nj\u00eb stil human. Pra, po b\u00ebn normalin n\u00eb nj\u00eb vend e situat\u00eb t\u00eb cmendur. Dhe nj\u00eb llogjik\u00eb e racionalitet t\u00eb thot\u00eb se po b\u00ebn at\u00eb q\u00eb duhet. Vendit i lypset nj\u00eb alternativ\u00eb si kjo. Nj\u00eb njeri i ndjesh\u00ebm, dhe serioz. Q\u00eb v\u00ebzhgon, q\u00ebndron pran\u00eb njer\u00ebzve, i d\u00ebgjon, dhe propozon zgjidhje.<\/p>\n<p>Edhe pse sken\u00ebn e ka marr\u00eb s\u00ebrish dikush tjet\u00ebr, i cili duket se po korr frytet fillestare t\u00eb k\u00ebsaj situate dhe po kthen n\u00eb favor t\u00eb tij, edhe m\u00eb t\u00eb fort\u00ebn kriz\u00eb e t\u00eb pashpresen situat\u00eb.\/\u00a0<strong><em>Mapo.al<\/em><\/strong><\/p>\n","protected":false},"excerpt":{"rendered":"<p>M\u00eb shihni mua, jo katrahur\u00ebn Mapo.al Edi Rama e tregoi veten se \u00ebsht\u00eb nj\u00eb lojtar i fort\u00eb n\u00eb politik\u00eb, dhe nj\u00eb mjesht\u00ebr i PR, pik\u00ebrisht n\u00eb dit\u00ebt m\u00eb t\u00eb v\u00ebshtira t\u00eb vendit, si k\u00ebto pas r\u00ebnies s\u00eb t\u00ebrmetit.\u00a0Propaganda ishte patjet\u00ebr stili i tij i qeverisjes dhe m\u00ebnyra e t\u00eb q\u00ebnit, kjo dihej. Po nuk kishim [&hellip;]<\/p>\n","protected":false},"author":9,"featured_media":28968,"comment_status":"open","ping_status":"open","sticky":false,"template":"","format":"standard","meta":{"jetpack_post_was_ever_published":false,"_jetpack_newsletter_access":"","_jetpack_dont_email_post_to_subs":false,"_jetpack_newsletter_tier_id":0,"_jetpack_memberships_contains_paywalled_content":false,"_jetpack_memberships_contains_paid_content":false,"footnotes":"","jetpack_publicize_message":"","jetpack_publicize_feature_enabled":true,"jetpack_social_post_already_shared":true,"jetpack_social_options":{"image_generator_settings":{"template":"highway","default_image_id":0,"font":"","enabled":false},"version":2}},"categories":[27,2,35],"tags":[],"class_list":["post-28967","post","type-post","status-publish","format-standard","has-post-thumbnail","hentry","category-blogu-i-udhetarit","category-politika","category-shoqerore"],"jetpack_publicize_connections":[],"jetpack_featured_media_url":"https:\/\/i0.wp.com\/www.shqiperia.com\/blog\/wp-content\/uploads\/2019\/12\/Rame-me-tv.jpg?fit=744%2C387&ssl=1","jetpack_sharing_enabled":true,"jetpack_shortlink":"https:\/\/wp.me\/p5Z6wp-7xd","jetpack-related-posts":[{"id":54385,"url":"https:\/\/www.shqiperia.com\/blog\/rama-une-jam-race-kali-tjeter\/","url_meta":{"origin":28967,"position":0},"title":"Rama: &#8211; \u201cUn\u00eb jam rac\u00eb kali tjet\u00ebr\u201d.","author":"Kurt Farka","date":"February 23, 2022","format":false,"excerpt":"Rama: - \u201cUn\u00eb jam rac\u00eb kali tjet\u00ebr\u201d. 23 Shkurt 2022 Kryeministri Edi Rama ka vijuar diskutimet e tij n\u00eb Komisionin Hetimor p\u00ebr Incenerator\u00ebt, nd\u00ebrsa u kap me pyetjet q\u00eb deputeti Belind K\u00eblli\u00e7i i drejtoi. Ai tha se ishte aq i aft\u00eb sa t\u00eb mbante n\u00eb krah K\u00eblli\u00e7in, t\u00eb b\u00ebnte dhe\u2026","rel":"","context":"In &quot;Blogu i Udh\u00ebtarit&quot;","block_context":{"text":"Blogu i Udh\u00ebtarit","link":"https:\/\/www.shqiperia.com\/blog\/category\/blogu-i-udhetarit\/"},"img":{"alt_text":"","src":"https:\/\/i0.wp.com\/www.shqiperia.com\/blog\/wp-content\/uploads\/2022\/02\/edi-rama-13.jpg?fit=742%2C424&ssl=1&resize=350%2C200","width":350,"height":200,"srcset":"https:\/\/i0.wp.com\/www.shqiperia.com\/blog\/wp-content\/uploads\/2022\/02\/edi-rama-13.jpg?fit=742%2C424&ssl=1&resize=350%2C200 1x, https:\/\/i0.wp.com\/www.shqiperia.com\/blog\/wp-content\/uploads\/2022\/02\/edi-rama-13.jpg?fit=742%2C424&ssl=1&resize=525%2C300 1.5x, https:\/\/i0.wp.com\/www.shqiperia.com\/blog\/wp-content\/uploads\/2022\/02\/edi-rama-13.jpg?fit=742%2C424&ssl=1&resize=700%2C400 2x"},"classes":[]},{"id":91862,"url":"https:\/\/www.shqiperia.com\/blog\/eurodeputeti-spanjoll-ne-mitingun-e-pd-kam-ardhur-per-ti-thene-lamtumire-edi-rames\/","url_meta":{"origin":28967,"position":1},"title":"Eurodeputeti spanjoll n\u00eb mitingun e PD: &#8211; Kam ardhur p\u00ebr t\u2019i th\u00ebn\u00eb lamtumir\u00eb Edi Ram\u00ebs!","author":"Kurt Farka","date":"April 26, 2025","format":false,"excerpt":"26 Prill 2025 N\u00eb mitingun q\u00eb Partia Demokratike ka mbajtur mbr\u00ebmjen e k\u00ebsaj t\u00eb premteje n\u00eb Kavaj\u00eb, kan\u00eb marr\u00eb pjes\u00eb edhe disa zyrtar\u00eb nga vende t\u00eb ndryshme t\u00eb bot\u00eb. Nj\u00eb prej tyre \u00ebsht\u00eb edhe eurodeputeti spanjoll Antonio Lopez- Isturiz White, i cili n\u00eb nisje t\u00eb fjalimit t\u00eb tij tha se\u2026","rel":"","context":"In &quot;Blogu i Udh\u00ebtarit&quot;","block_context":{"text":"Blogu i Udh\u00ebtarit","link":"https:\/\/www.shqiperia.com\/blog\/category\/blogu-i-udhetarit\/"},"img":{"alt_text":"","src":"https:\/\/i0.wp.com\/www.shqiperia.com\/blog\/wp-content\/uploads\/2025\/04\/600-388-c46ab5b32347e56454aa8b989fe9bfbe-1.jpg?fit=600%2C388&ssl=1&resize=350%2C200","width":350,"height":200,"srcset":"https:\/\/i0.wp.com\/www.shqiperia.com\/blog\/wp-content\/uploads\/2025\/04\/600-388-c46ab5b32347e56454aa8b989fe9bfbe-1.jpg?fit=600%2C388&ssl=1&resize=350%2C200 1x, https:\/\/i0.wp.com\/www.shqiperia.com\/blog\/wp-content\/uploads\/2025\/04\/600-388-c46ab5b32347e56454aa8b989fe9bfbe-1.jpg?fit=600%2C388&ssl=1&resize=525%2C300 1.5x"},"classes":[]},{"id":5051,"url":"https:\/\/www.shqiperia.com\/blog\/andi-bushati-televizionet-ne-duart-e-tre-familjeve-te-medha\/","url_meta":{"origin":28967,"position":2},"title":"Andi Bushati: Televizionet n\u00eb duart e tre familjeve t\u00eb m\u00ebdha. &#8211;","author":"Kurt Farka","date":"March 17, 2018","format":false,"excerpt":"-\u201cDoli raporti q\u00eb tre familje kan\u00eb 80 p\u00ebrqind t\u00eb audienc\u00ebs. Frangaj, Hoxha, Dulaku.- Analisti Andi Bushati, i ftuar n\u00eb emisionin \u201cT\u00eb Paekspozuarit\u201d, ka folur p\u00ebr gjendjen e medias n\u00eb shqip\u00ebri dhe p\u00ebrq\u00ebndrimin e televizioneve n\u00eb duart e tre familjeve. Sipas Bushatit, k\u00ebto tre familje i p\u00ebrdorin televizionet jo n\u00eb interes\u2026","rel":"","context":"In &quot;Politika&quot;","block_context":{"text":"Politika","link":"https:\/\/www.shqiperia.com\/blog\/category\/politika\/"},"img":{"alt_text":"","src":"https:\/\/i0.wp.com\/www.shqiperia.com\/blog\/wp-content\/uploads\/2018\/03\/andi-bushati-.png?fit=696%2C463&ssl=1&resize=350%2C200","width":350,"height":200,"srcset":"https:\/\/i0.wp.com\/www.shqiperia.com\/blog\/wp-content\/uploads\/2018\/03\/andi-bushati-.png?fit=696%2C463&ssl=1&resize=350%2C200 1x, https:\/\/i0.wp.com\/www.shqiperia.com\/blog\/wp-content\/uploads\/2018\/03\/andi-bushati-.png?fit=696%2C463&ssl=1&resize=525%2C300 1.5x"},"classes":[]},{"id":32840,"url":"https:\/\/www.shqiperia.com\/blog\/rama-pa-mua-ju-kishte-marre-lumi-te-gjitheve\/","url_meta":{"origin":28967,"position":3},"title":"Rama: &#8211; Pa mua ju kishte marre lumi te gjitheve.","author":"Kurt Farka","date":"March 28, 2020","format":false,"excerpt":"Rama: - Pa mua ju kishte marre lumi te gjitheve. Rama \u2018sherr\u2019 n\u00eb Fb me qytetar\u00ebt: Po t\u00eb ishte Enveri gjall\u00eb, ty do t\u00eb t\u00eb kishin mbyllur n\u00eb banjo 27 mars 2020 Prej t\u00eb h\u00ebn\u00ebs masat shtr\u00ebnguese t\u00eb qeveris\u00eb do t\u00eb ashp\u00ebrsohen. Kryeministri Edi Rama tha se p\u00ebr familje do\u2026","rel":"","context":"In &quot;Kultura&quot;","block_context":{"text":"Kultura","link":"https:\/\/www.shqiperia.com\/blog\/category\/kultura\/"},"img":{"alt_text":"","src":"https:\/\/i0.wp.com\/www.shqiperia.com\/blog\/wp-content\/uploads\/2020\/03\/WhatsApp-Image-2020-03-27-at-16.34.02-1.jpeg?fit=601%2C273&ssl=1&resize=350%2C200","width":350,"height":200,"srcset":"https:\/\/i0.wp.com\/www.shqiperia.com\/blog\/wp-content\/uploads\/2020\/03\/WhatsApp-Image-2020-03-27-at-16.34.02-1.jpeg?fit=601%2C273&ssl=1&resize=350%2C200 1x, https:\/\/i0.wp.com\/www.shqiperia.com\/blog\/wp-content\/uploads\/2020\/03\/WhatsApp-Image-2020-03-27-at-16.34.02-1.jpeg?fit=601%2C273&ssl=1&resize=525%2C300 1.5x"},"classes":[]},{"id":41093,"url":"https:\/\/www.shqiperia.com\/blog\/u-mbars-mali-e-polli-nje-draft\/","url_meta":{"origin":28967,"position":4},"title":"U mbars mali e polli nj\u00eb draft","author":"Kurt Farka","date":"November 22, 2020","format":false,"excerpt":"U mbars mali e polli nj\u00eb draft - 22\/11\/20 P\u00ebrpjekja p\u00ebr t\u2019i b\u00ebr\u00eb nj\u00eb analiz\u00eb teksti, mesazhit t\u00eb Edi Ram\u00ebs dje, \u00ebsht\u00eb n\u00eb vetvete nj\u00eb koh\u00eb e \u00e7uar d\u00ebm. Jo vet\u00ebm se nuk ka m\u00eb t\u00eb reja n\u00eb retorik\u00ebn e tij, edhe pse mori 48 or\u00eb or\u00eb koh\u00eb, po edhe\u2026","rel":"","context":"In &quot;Blogu i Udh\u00ebtarit&quot;","block_context":{"text":"Blogu i Udh\u00ebtarit","link":"https:\/\/www.shqiperia.com\/blog\/category\/blogu-i-udhetarit\/"},"img":{"alt_text":"","src":"https:\/\/i0.wp.com\/www.shqiperia.com\/blog\/wp-content\/uploads\/2020\/11\/U-mbars-mali-e-polli-nje-draft-Karikature.png?fit=687%2C434&ssl=1&resize=350%2C200","width":350,"height":200,"srcset":"https:\/\/i0.wp.com\/www.shqiperia.com\/blog\/wp-content\/uploads\/2020\/11\/U-mbars-mali-e-polli-nje-draft-Karikature.png?fit=687%2C434&ssl=1&resize=350%2C200 1x, https:\/\/i0.wp.com\/www.shqiperia.com\/blog\/wp-content\/uploads\/2020\/11\/U-mbars-mali-e-polli-nje-draft-Karikature.png?fit=687%2C434&ssl=1&resize=525%2C300 1.5x"},"classes":[]},{"id":31717,"url":"https:\/\/www.shqiperia.com\/blog\/maks-velo-i-ashper-ndaj-edi-hiles-genjeu-nuk-ka-bere-burg-politik\/","url_meta":{"origin":28967,"position":5},"title":"Maks Velo i ashp\u00ebr ndaj Edi Hil\u00ebs: &#8211; G\u00ebnjeu, nuk ka b\u00ebr\u00eb burg politik","author":"Kurt Farka","date":"February 23, 2020","format":false,"excerpt":"Maks Velo i ashp\u00ebr ndaj Edi Hil\u00ebs: - G\u00ebnjeu, nuk ka b\u00ebr\u00eb burg politik 06.09. 2019 Piktori dhe arkitekti i njohur Maks Velo ishte i ftuari i par\u00eb i k\u00ebtij sezoni t\u00eb ri t\u00eb emisionit \u201cProvokacija\u201d. Velo u ndal t\u00eb fliste p\u00ebr disident\u00ebt shqiptar\u00eb, t\u00eb cil\u00ebt njihen si t\u00eb till\u00eb\u2026","rel":"","context":"In &quot;Blogu i Udh\u00ebtarit&quot;","block_context":{"text":"Blogu i Udh\u00ebtarit","link":"https:\/\/www.shqiperia.com\/blog\/category\/blogu-i-udhetarit\/"},"img":{"alt_text":"","src":"https:\/\/i0.wp.com\/www.shqiperia.com\/blog\/wp-content\/uploads\/2020\/02\/1v1_1567794977.jpg?fit=600%2C300&ssl=1&resize=350%2C200","width":350,"height":200,"srcset":"https:\/\/i0.wp.com\/www.shqiperia.com\/blog\/wp-content\/uploads\/2020\/02\/1v1_1567794977.jpg?fit=600%2C300&ssl=1&resize=350%2C200 1x, https:\/\/i0.wp.com\/www.shqiperia.com\/blog\/wp-content\/uploads\/2020\/02\/1v1_1567794977.jpg?fit=600%2C300&ssl=1&resize=525%2C300 1.5x"},"classes":[]}],"_links":{"self":[{"href":"https:\/\/www.shqiperia.com\/blog\/wp-json\/wp\/v2\/posts\/28967","targetHints":{"allow":["GET"]}}],"collection":[{"href":"https:\/\/www.shqiperia.com\/blog\/wp-json\/wp\/v2\/posts"}],"about":[{"href":"https:\/\/www.shqiperia.com\/blog\/wp-json\/wp\/v2\/types\/post"}],"author":[{"embeddable":true,"href":"https:\/\/www.shqiperia.com\/blog\/wp-json\/wp\/v2\/users\/9"}],"replies":[{"embeddable":true,"href":"https:\/\/www.shqiperia.com\/blog\/wp-json\/wp\/v2\/comments?post=28967"}],"version-history":[{"count":1,"href":"https:\/\/www.shqiperia.com\/blog\/wp-json\/wp\/v2\/posts\/28967\/revisions"}],"predecessor-version":[{"id":28969,"href":"https:\/\/www.shqiperia.com\/blog\/wp-json\/wp\/v2\/posts\/28967\/revisions\/28969"}],"wp:featuredmedia":[{"embeddable":true,"href":"https:\/\/www.shqiperia.com\/blog\/wp-json\/wp\/v2\/media\/28968"}],"wp:attachment":[{"href":"https:\/\/www.shqiperia.com\/blog\/wp-json\/wp\/v2\/media?parent=28967"}],"wp:term":[{"taxonomy":"category","embeddable":true,"href":"https:\/\/www.shqiperia.com\/blog\/wp-json\/wp\/v2\/categories?post=28967"},{"taxonomy":"post_tag","embeddable":true,"href":"https:\/\/www.shqiperia.com\/blog\/wp-json\/wp\/v2\/tags?post=28967"}],"curies":[{"name":"wp","href":"https:\/\/api.w.org\/{rel}","templated":true}]}}