{"id":28963,"date":"2019-12-05T21:24:15","date_gmt":"2019-12-05T21:24:15","guid":{"rendered":"https:\/\/www.shqiperia.com\/blog\/?p=28963"},"modified":"2019-12-05T21:24:15","modified_gmt":"2019-12-05T21:24:15","slug":"ju-ra-mbajeni-rama-i-pervishet-deputeteve-te-opozites-se-re-nuk-dini-te-flisni-jeni-pasoja-e-termetit-te-opozites-ju-jeni-germadhat-e","status":"publish","type":"post","link":"https:\/\/www.shqiperia.com\/blog\/ju-ra-mbajeni-rama-i-pervishet-deputeteve-te-opozites-se-re-nuk-dini-te-flisni-jeni-pasoja-e-termetit-te-opozites-ju-jeni-germadhat-e\/","title":{"rendered":"\u201cJu ra, mbajeni\u2026\u201d- Rama i \u201cp\u00ebrvishet\u201d deputet\u00ebve t\u00eb opozit\u00ebs s\u00eb re: Nuk dini t\u00eb flisni, jeni pasoja e t\u00ebrmetit t\u00eb opozit\u00ebs. Ju jeni g\u00ebrmadhat e\u2026"},"content":{"rendered":"<p><img data-recalc-dims=\"1\" loading=\"lazy\" decoding=\"async\" data-attachment-id=\"28964\" data-permalink=\"https:\/\/www.shqiperia.com\/blog\/ju-ra-mbajeni-rama-i-pervishet-deputeteve-te-opozites-se-re-nuk-dini-te-flisni-jeni-pasoja-e-termetit-te-opozites-ju-jeni-germadhat-e\/75196280_2671461856248637_6872372987031453696_n\/\" data-orig-file=\"https:\/\/i0.wp.com\/www.shqiperia.com\/blog\/wp-content\/uploads\/2019\/12\/75196280_2671461856248637_6872372987031453696_n.jpg?fit=480%2C262&amp;ssl=1\" data-orig-size=\"480,262\" data-comments-opened=\"1\" data-image-meta=\"{&quot;aperture&quot;:&quot;0&quot;,&quot;credit&quot;:&quot;&quot;,&quot;camera&quot;:&quot;&quot;,&quot;caption&quot;:&quot;&quot;,&quot;created_timestamp&quot;:&quot;0&quot;,&quot;copyright&quot;:&quot;&quot;,&quot;focal_length&quot;:&quot;0&quot;,&quot;iso&quot;:&quot;0&quot;,&quot;shutter_speed&quot;:&quot;0&quot;,&quot;title&quot;:&quot;&quot;,&quot;orientation&quot;:&quot;0&quot;}\" data-image-title=\"75196280_2671461856248637_6872372987031453696_n\" data-image-description=\"\" data-image-caption=\"\" data-medium-file=\"https:\/\/i0.wp.com\/www.shqiperia.com\/blog\/wp-content\/uploads\/2019\/12\/75196280_2671461856248637_6872372987031453696_n.jpg?fit=300%2C164&amp;ssl=1\" data-large-file=\"https:\/\/i0.wp.com\/www.shqiperia.com\/blog\/wp-content\/uploads\/2019\/12\/75196280_2671461856248637_6872372987031453696_n.jpg?fit=480%2C262&amp;ssl=1\" class=\"alignnone  wp-image-28964\" alt=\"\" src=\"https:\/\/i0.wp.com\/www.shqiperia.com\/blog\/wp-content\/uploads\/2019\/12\/75196280_2671461856248637_6872372987031453696_n.jpg?resize=503%2C275&#038;ssl=1\" width=\"503\" height=\"275\" srcset=\"https:\/\/i0.wp.com\/www.shqiperia.com\/blog\/wp-content\/uploads\/2019\/12\/75196280_2671461856248637_6872372987031453696_n.jpg?resize=300%2C164&amp;ssl=1 300w, https:\/\/i0.wp.com\/www.shqiperia.com\/blog\/wp-content\/uploads\/2019\/12\/75196280_2671461856248637_6872372987031453696_n.jpg?resize=450%2C246&amp;ssl=1 450w, https:\/\/i0.wp.com\/www.shqiperia.com\/blog\/wp-content\/uploads\/2019\/12\/75196280_2671461856248637_6872372987031453696_n.jpg?resize=400%2C218&amp;ssl=1 400w, https:\/\/i0.wp.com\/www.shqiperia.com\/blog\/wp-content\/uploads\/2019\/12\/75196280_2671461856248637_6872372987031453696_n.jpg?w=480&amp;ssl=1 480w\" sizes=\"auto, (max-width: 503px) 100vw, 503px\" \/><\/p>\n<p>\u201cJu ra, mbajeni\u2026\u201d- Rama i \u201cp\u00ebrvishet\u201d deputet\u00ebve t\u00eb opozit\u00ebs s\u00eb re: Nuk dini t\u00eb flisni, jeni pasoja e t\u00ebrmetit t\u00eb opozit\u00ebs. Ju jeni g\u00ebrmadhat e\u2026<\/p>\n<p><em>5 dhjetor 2019<\/em><\/p>\n<p><strong>Kryeministri Edi Rama ka ironizuar deputet\u00ebt e opozit\u00ebs s\u00eb re n\u00eb parlament. Kreu i qeveris\u00eb gjat\u00eb fjal\u00ebs n\u00eb Kuvend i \u00ebsht\u00eb \u201cp\u00ebrveshur\u201d pakic\u00ebs, duke th\u00ebn\u00eb se shumica prej tyre ka probleme shqipen dhe t\u00eb folurin.<\/strong><\/p>\n<p>P\u00ebr Ram\u00ebn, deputet\u00ebt e pakic\u00ebs n\u00eb Kuvend duhet ta mbajn\u00eb me nd\u00ebr karrigen e parlamentit, nd\u00ebrkoh\u00eb q\u00eb pohoi se ish-deputet\u00ebt dinin t\u00eb flisnin m\u00eb mir\u00eb.<\/p>\n<p>Sipas Ram\u00ebs, shumica e deputet\u00ebve q\u00eb hyn\u00eb rishtaz n\u00eb Kuvend, kan\u00eb probleme me vendosjen e \u201ckall\u00ebzuesve n\u00eb vendin e duhur\u201d.<\/p>\n<p><em>\u201cPo pati mund\u00ebsi k\u00ebto muhabetet e rrug\u00ebs i lini jasht\u00eb k\u00ebtij vendi.\u00a0 Mos hajdeni k\u00ebtu edhe t\u00eb na b\u00ebni si m\u00eb t\u00eb zot\u00eb se ata. Se nuk jeni m\u00eb t\u00eb zot\u00eb se ata. Shumica prej jush nuk din\u00eb t\u00eb flasin.\u00a0 Shumica prej jush kan\u00eb problem me vendosjen e kall\u00ebzuesit n\u00eb vendin e duhur.<\/em><\/p>\n<p><em>Ju jeni pasojat e t\u00ebrmetit t\u00eb opozit\u00ebs. Ra opozita g\u00ebrmadhat jeni ju, ata nuk e di se ku jan\u00eb. Mos mi merrni p\u00ebr keq k\u00ebto fjal\u00eb. N\u00eb k\u00ebt\u00eb faz\u00eb ju k\u00ebrkoj pak p\u00ebrmbajtje nga fjalori i p\u00ebrditshme\u201d, tha kryeministri me ironi.\/ PANORAMA.al<\/em><\/p>\n","protected":false},"excerpt":{"rendered":"<p>\u201cJu ra, mbajeni\u2026\u201d- Rama i \u201cp\u00ebrvishet\u201d deputet\u00ebve t\u00eb opozit\u00ebs s\u00eb re: Nuk dini t\u00eb flisni, jeni pasoja e t\u00ebrmetit t\u00eb opozit\u00ebs. Ju jeni g\u00ebrmadhat e\u2026 5 dhjetor 2019 Kryeministri Edi Rama ka ironizuar deputet\u00ebt e opozit\u00ebs s\u00eb re n\u00eb parlament. Kreu i qeveris\u00eb gjat\u00eb fjal\u00ebs n\u00eb Kuvend i \u00ebsht\u00eb \u201cp\u00ebrveshur\u201d pakic\u00ebs, duke th\u00ebn\u00eb se shumica [&hellip;]<\/p>\n","protected":false},"author":9,"featured_media":28964,"comment_status":"open","ping_status":"open","sticky":false,"template":"","format":"standard","meta":{"jetpack_post_was_ever_published":false,"_jetpack_newsletter_access":"","_jetpack_dont_email_post_to_subs":false,"_jetpack_newsletter_tier_id":0,"_jetpack_memberships_contains_paywalled_content":false,"_jetpack_memberships_contains_paid_content":false,"footnotes":"","jetpack_publicize_message":"","jetpack_publicize_feature_enabled":true,"jetpack_social_post_already_shared":true,"jetpack_social_options":{"image_generator_settings":{"template":"highway","default_image_id":0,"font":"","enabled":false},"version":2}},"categories":[14,35],"tags":[],"class_list":["post-28963","post","type-post","status-publish","format-standard","has-post-thumbnail","hentry","category-press-releases","category-shoqerore"],"jetpack_publicize_connections":[],"jetpack_featured_media_url":"https:\/\/i0.wp.com\/www.shqiperia.com\/blog\/wp-content\/uploads\/2019\/12\/75196280_2671461856248637_6872372987031453696_n.jpg?fit=480%2C262&ssl=1","jetpack_sharing_enabled":true,"jetpack_shortlink":"https:\/\/wp.me\/p5Z6wp-7x9","jetpack-related-posts":[{"id":64120,"url":"https:\/\/www.shqiperia.com\/blog\/nga-krahasimi-me-delet-te-bedele-llazore-kelyshe-dhe-te-pafe-te-gjitha-fyerjet-e-rames-per-opoziten-ne-47-m\/","url_meta":{"origin":28963,"position":0},"title":"Nga krahasimi me \u2018delet\u2019 te \u2018bedel\u00eb\u2019, \u2018llazore\u2019, \u2018k\u00eblysh\u00eb\u2019 dhe \u2018t\u00eb pafe\u2019\/ T\u00eb gjitha fyerjet e Ram\u00ebs p\u00ebr opozit\u00ebn n\u00eb 47 minuta fjalim n\u00eb Kuvend!","author":"Kurt Farka","date":"November 9, 2022","format":false,"excerpt":"9 Nentor 2022 Kryeministri Edi Rama u p\u00ebrfshi n\u00eb nj\u00eb debat t\u00eb ashp\u00ebr n\u00eb Kuvend, ku l\u00ebshoi nj\u00eb \u2018lum\u00eb\u2019 sharjesh ndaj deputet\u00ebve t\u00eb opozit\u00ebs. Nga foltorja e Kuvendit ku foli p\u00ebr marr\u00ebveshjen p\u00ebr Portin e ri t\u00eb Durr\u00ebsit, Kreu i Qeveris\u00eb p\u00ebr 47 minuta b\u00ebri nj\u00eb seri etiketimesh dhe fyerjesh\u2026","rel":"","context":"In &quot;Blogu i Udh\u00ebtarit&quot;","block_context":{"text":"Blogu i Udh\u00ebtarit","link":"https:\/\/www.shqiperia.com\/blog\/category\/blogu-i-udhetarit\/"},"img":{"alt_text":"","src":"https:\/\/i0.wp.com\/www.shqiperia.com\/blog\/wp-content\/uploads\/2022\/11\/Edi-Rama-12.jpg?fit=633%2C330&ssl=1&resize=350%2C200","width":350,"height":200,"srcset":"https:\/\/i0.wp.com\/www.shqiperia.com\/blog\/wp-content\/uploads\/2022\/11\/Edi-Rama-12.jpg?fit=633%2C330&ssl=1&resize=350%2C200 1x, https:\/\/i0.wp.com\/www.shqiperia.com\/blog\/wp-content\/uploads\/2022\/11\/Edi-Rama-12.jpg?fit=633%2C330&ssl=1&resize=525%2C300 1.5x"},"classes":[]},{"id":94879,"url":"https:\/\/www.shqiperia.com\/blog\/mazhoranca-refuzoi-ngritjen-e-dy-komisioneve-hetimore-pd-e-con-ne-gjykaten-kushtetuese\/","url_meta":{"origin":28963,"position":1},"title":"Mazhoranca refuzoi ngritjen e dy komisioneve hetimore, PD e \u00e7on n\u00eb Gjykat\u00ebn Kushtetuese","author":"Kurt Farka","date":"November 13, 2025","format":false,"excerpt":"13 Nentor 2025 Grupi Parlamentar i Partis\u00eb Demokratike ka depozituar n\u00eb Gjykat\u00ebn Kushtetuese nj\u00eb k\u00ebrkes\u00eb,\u00a0 ku kund\u00ebrshton refuzimin nga mazhoranca t\u00eb ngritjes s\u00eb dy komisioneve hetimore parlamentare. N\u00eb k\u00ebrkes\u00ebn e depozituar zyrtarisht, deputet\u00ebt e opozit\u00ebs k\u00ebrkojn\u00eb nga Gjykata Kushtetuese q\u00eb t\u00eb detyroj\u00eb Kuvendin p\u00ebr ngritjen e dy Komisioneve Hetimore t\u00eb\u2026","rel":"","context":"In &quot;Blogu i Udh\u00ebtarit&quot;","block_context":{"text":"Blogu i Udh\u00ebtarit","link":"https:\/\/www.shqiperia.com\/blog\/category\/blogu-i-udhetarit\/"},"img":{"alt_text":"","src":"https:\/\/i0.wp.com\/www.shqiperia.com\/blog\/wp-content\/uploads\/2025\/11\/640-0-1670431175xgjykata-kushtetuese-739-433x300-1.jpg?fit=433%2C300&ssl=1&resize=350%2C200","width":350,"height":200},"classes":[]},{"id":68146,"url":"https:\/\/www.shqiperia.com\/blog\/deputetja-jorida-tabaku-e-pd-se-ju-bashkua-mazhorances-per-te-terhequr-vemendjen-nga-skandali-rama-mcgonigal\/","url_meta":{"origin":28963,"position":2},"title":"Deputetja Jorida Tabaku e PD-se ju bashkua mazhoranc\u00ebs\u00a0 p\u00ebr t\u00eb t\u00ebrhequr v\u00ebmendjen nga skandali Rama-McGonigal.","author":"Kurt Farka","date":"February 16, 2023","format":false,"excerpt":"16 Shkurt 2023 N\u00eb seanc\u00ebn plenare t\u00eb dit\u00ebs s\u00eb sotme pati debate dhe tensione t\u00eb forta mes opozit\u00ebs dhe mazhoranc\u00ebs. Skandali McGonigal \u00ebsht\u00eb arsyeja q\u00eb opozita k\u00ebrkon Edi Ram\u00ebn n\u00eb Kuvend dhe q\u00eb deputet\u00ebt demokrat\u00eb p\u00ebrjashtohen n\u00eb shkelje t\u00eb rregullores. Deputet\u00ebt demokrat\u00eb protestonin p\u00ebr shkeljen e ligjit dhe t\u00eb Kushtetut\u00ebs\u2026","rel":"","context":"In &quot;Blogu i Udh\u00ebtarit&quot;","block_context":{"text":"Blogu i Udh\u00ebtarit","link":"https:\/\/www.shqiperia.com\/blog\/category\/blogu-i-udhetarit\/"},"img":{"alt_text":"","src":"https:\/\/i0.wp.com\/www.shqiperia.com\/blog\/wp-content\/uploads\/2023\/02\/Jorida-Tabaku.jpg?fit=850%2C525&ssl=1&resize=350%2C200","width":350,"height":200,"srcset":"https:\/\/i0.wp.com\/www.shqiperia.com\/blog\/wp-content\/uploads\/2023\/02\/Jorida-Tabaku.jpg?fit=850%2C525&ssl=1&resize=350%2C200 1x, https:\/\/i0.wp.com\/www.shqiperia.com\/blog\/wp-content\/uploads\/2023\/02\/Jorida-Tabaku.jpg?fit=850%2C525&ssl=1&resize=525%2C300 1.5x, https:\/\/i0.wp.com\/www.shqiperia.com\/blog\/wp-content\/uploads\/2023\/02\/Jorida-Tabaku.jpg?fit=850%2C525&ssl=1&resize=700%2C400 2x"},"classes":[]},{"id":22943,"url":"https:\/\/www.shqiperia.com\/blog\/deputeti-i-opozites-se-re-po-i-beni-gjyqin-njeriut-qe-ju-solli-ne-pushtet-ju-i-luteshit-naten-me-ngjala\/","url_meta":{"origin":28963,"position":3},"title":"Deputeti i opozit\u00ebs s\u00eb re: Po i b\u00ebni gjyqin njeriut q\u00eb ju solli n\u00eb pushtet. Ju i luteshit nat\u00ebn me ngjala. \u2013","author":"Kurt Farka","date":"July 8, 2019","format":false,"excerpt":"Deputeti i opozit\u00ebs s\u00eb re: Po i b\u00ebni gjyqin njeriut q\u00eb ju solli n\u00eb pushtet. Ju i luteshit nat\u00ebn me ngjala. \u2013 \u00a08 korrik 2019 Deputeti \u00a0i opozit\u00ebs s\u00eb re n\u00eb parlament, Lefter Maliqi, e ka cil\u00ebsuar \u201cgjyq politik\u201d, seanc\u00ebn e sotme n\u00eb Kuvend, p\u00ebr ngritjen e Komisionit Hetimor\u00eb, p\u00ebr\u2026","rel":"","context":"In &quot;Blogu i Udh\u00ebtarit&quot;","block_context":{"text":"Blogu i Udh\u00ebtarit","link":"https:\/\/www.shqiperia.com\/blog\/category\/blogu-i-udhetarit\/"},"img":{"alt_text":"","src":"https:\/\/i0.wp.com\/www.shqiperia.com\/blog\/wp-content\/uploads\/2019\/07\/lefter-maliqi.jpg?fit=1093%2C571&ssl=1&resize=350%2C200","width":350,"height":200,"srcset":"https:\/\/i0.wp.com\/www.shqiperia.com\/blog\/wp-content\/uploads\/2019\/07\/lefter-maliqi.jpg?fit=1093%2C571&ssl=1&resize=350%2C200 1x, https:\/\/i0.wp.com\/www.shqiperia.com\/blog\/wp-content\/uploads\/2019\/07\/lefter-maliqi.jpg?fit=1093%2C571&ssl=1&resize=525%2C300 1.5x, https:\/\/i0.wp.com\/www.shqiperia.com\/blog\/wp-content\/uploads\/2019\/07\/lefter-maliqi.jpg?fit=1093%2C571&ssl=1&resize=700%2C400 2x, https:\/\/i0.wp.com\/www.shqiperia.com\/blog\/wp-content\/uploads\/2019\/07\/lefter-maliqi.jpg?fit=1093%2C571&ssl=1&resize=1050%2C600 3x"},"classes":[]},{"id":96843,"url":"https:\/\/www.shqiperia.com\/blog\/votuan-pro-per-bordin-e-paqes-myslim-murrizi-akuza-demokrateve-plehra-dhe-palaco-qe-serviloseni\/","url_meta":{"origin":28963,"position":4},"title":"Votuan pro p\u00ebr Bordin e Paqes, Myslim Murrizi akuza demokrat\u00ebve: &#8211; Plehra dhe pala\u00e7o, q\u00eb serviloseni","author":"Kurt Farka","date":"January 22, 2026","format":false,"excerpt":"22 Janar 2026 Ish-deputeti i PD-s\u00eb Myslim Murrizi ka reaguar ashp\u00ebr ndaj deputet\u00ebve q\u00eb votuan sot pro ratifikimin t\u00eb marr\u00ebveshjes s\u00eb Shqip\u00ebris\u00eb p\u00ebr Bordin e Paqes me Palestin\u00ebn, ku Edi Rama do t\u00eb p\u00ebrfaq\u00ebsoj\u00eb vendin ton\u00eb. N\u00eb nj\u00eb postim n\u00eb rrjetet sociale, Myslim Murrizi shkruan se t\u00eb \u201cvotosh Ram\u00ebn si\u2026","rel":"","context":"In &quot;Blogu i Udh\u00ebtarit&quot;","block_context":{"text":"Blogu i Udh\u00ebtarit","link":"https:\/\/www.shqiperia.com\/blog\/category\/blogu-i-udhetarit\/"},"img":{"alt_text":"","src":"https:\/\/i0.wp.com\/www.shqiperia.com\/blog\/wp-content\/uploads\/2026\/01\/murrizi_sd-1.webp?fit=1200%2C675&ssl=1&resize=350%2C200","width":350,"height":200,"srcset":"https:\/\/i0.wp.com\/www.shqiperia.com\/blog\/wp-content\/uploads\/2026\/01\/murrizi_sd-1.webp?fit=1200%2C675&ssl=1&resize=350%2C200 1x, https:\/\/i0.wp.com\/www.shqiperia.com\/blog\/wp-content\/uploads\/2026\/01\/murrizi_sd-1.webp?fit=1200%2C675&ssl=1&resize=525%2C300 1.5x, https:\/\/i0.wp.com\/www.shqiperia.com\/blog\/wp-content\/uploads\/2026\/01\/murrizi_sd-1.webp?fit=1200%2C675&ssl=1&resize=700%2C400 2x, https:\/\/i0.wp.com\/www.shqiperia.com\/blog\/wp-content\/uploads\/2026\/01\/murrizi_sd-1.webp?fit=1200%2C675&ssl=1&resize=1050%2C600 3x"},"classes":[]},{"id":80212,"url":"https:\/\/www.shqiperia.com\/blog\/po-griset-kushtetuta-sepse-deputetet-e-opozites-duan-te-jete-avokate-te-olsi-rames-bardhi-reagon-ashper-ka-kaluar-nje-muaj-nga-denoncimi-me-fakte-asnje-pergjigje\/","url_meta":{"origin":28963,"position":5},"title":"\u201cPo griset kushtetuta, sepse deputet\u00ebt e opozit\u00ebs duan t\u00eb jet\u00eb avokat\u00eb t\u00eb Olsi Ram\u00ebs&#8221;. &#8211;  Bardhi reagon ashp\u00ebr: &#8211; Ka kaluar nj\u00eb muaj nga denoncimi me fakte, asnj\u00eb p\u00ebrgjigje","author":"Kurt Farka","date":"April 17, 2024","format":false,"excerpt":"17 Prill 2024 Kreu i Grupit Parlametar t\u00eb Partis\u00eb Demokratike, Gazmend Bardhi n\u00eb nj\u00eb komunikim p\u00ebr mediat \u00ebsht\u00eb shprehur se PD do t\u00eb rip\u00ebrs\u00ebris\u00eb shqet\u00ebsimin p\u00ebr mohimin e t\u00eb drejtave t\u00eb opozit\u00ebs n\u00eb parlament. Bardhi \u00ebsht\u00eb shprehur se brenda dy jav\u00ebve dy k\u00ebrkesa t\u00eb deputet\u00ebve t\u00eb opozit\u00ebs jan\u00eb mohuar pa\u2026","rel":"","context":"In &quot;Blogu i Udh\u00ebtarit&quot;","block_context":{"text":"Blogu i Udh\u00ebtarit","link":"https:\/\/www.shqiperia.com\/blog\/category\/blogu-i-udhetarit\/"},"img":{"alt_text":"","src":"https:\/\/i0.wp.com\/www.shqiperia.com\/blog\/wp-content\/uploads\/2024\/04\/800-0-565198c897c407af82f0f6f6140b9f1e-1.jpeg?fit=800%2C481&ssl=1&resize=350%2C200","width":350,"height":200,"srcset":"https:\/\/i0.wp.com\/www.shqiperia.com\/blog\/wp-content\/uploads\/2024\/04\/800-0-565198c897c407af82f0f6f6140b9f1e-1.jpeg?fit=800%2C481&ssl=1&resize=350%2C200 1x, https:\/\/i0.wp.com\/www.shqiperia.com\/blog\/wp-content\/uploads\/2024\/04\/800-0-565198c897c407af82f0f6f6140b9f1e-1.jpeg?fit=800%2C481&ssl=1&resize=525%2C300 1.5x, https:\/\/i0.wp.com\/www.shqiperia.com\/blog\/wp-content\/uploads\/2024\/04\/800-0-565198c897c407af82f0f6f6140b9f1e-1.jpeg?fit=800%2C481&ssl=1&resize=700%2C400 2x"},"classes":[]}],"_links":{"self":[{"href":"https:\/\/www.shqiperia.com\/blog\/wp-json\/wp\/v2\/posts\/28963","targetHints":{"allow":["GET"]}}],"collection":[{"href":"https:\/\/www.shqiperia.com\/blog\/wp-json\/wp\/v2\/posts"}],"about":[{"href":"https:\/\/www.shqiperia.com\/blog\/wp-json\/wp\/v2\/types\/post"}],"author":[{"embeddable":true,"href":"https:\/\/www.shqiperia.com\/blog\/wp-json\/wp\/v2\/users\/9"}],"replies":[{"embeddable":true,"href":"https:\/\/www.shqiperia.com\/blog\/wp-json\/wp\/v2\/comments?post=28963"}],"version-history":[{"count":1,"href":"https:\/\/www.shqiperia.com\/blog\/wp-json\/wp\/v2\/posts\/28963\/revisions"}],"predecessor-version":[{"id":28965,"href":"https:\/\/www.shqiperia.com\/blog\/wp-json\/wp\/v2\/posts\/28963\/revisions\/28965"}],"wp:featuredmedia":[{"embeddable":true,"href":"https:\/\/www.shqiperia.com\/blog\/wp-json\/wp\/v2\/media\/28964"}],"wp:attachment":[{"href":"https:\/\/www.shqiperia.com\/blog\/wp-json\/wp\/v2\/media?parent=28963"}],"wp:term":[{"taxonomy":"category","embeddable":true,"href":"https:\/\/www.shqiperia.com\/blog\/wp-json\/wp\/v2\/categories?post=28963"},{"taxonomy":"post_tag","embeddable":true,"href":"https:\/\/www.shqiperia.com\/blog\/wp-json\/wp\/v2\/tags?post=28963"}],"curies":[{"name":"wp","href":"https:\/\/api.w.org\/{rel}","templated":true}]}}