{"id":28958,"date":"2019-12-05T20:16:20","date_gmt":"2019-12-05T20:16:20","guid":{"rendered":"https:\/\/www.shqiperia.com\/blog\/?p=28958"},"modified":"2019-12-05T20:16:20","modified_gmt":"2019-12-05T20:16:20","slug":"kam-qene-dikur-isuf-myzyri","status":"publish","type":"post","link":"https:\/\/www.shqiperia.com\/blog\/kam-qene-dikur-isuf-myzyri\/","title":{"rendered":"Kam qen\u00eb dikur Isuf Myzyri \u2026."},"content":{"rendered":"<p><img data-recalc-dims=\"1\" loading=\"lazy\" decoding=\"async\" data-attachment-id=\"28959\" data-permalink=\"https:\/\/www.shqiperia.com\/blog\/kam-qene-dikur-isuf-myzyri\/71258821_10156596838998202_4795620677233147904_n\/\" data-orig-file=\"https:\/\/i0.wp.com\/www.shqiperia.com\/blog\/wp-content\/uploads\/2019\/12\/71258821_10156596838998202_4795620677233147904_n.jpg?fit=500%2C305&amp;ssl=1\" data-orig-size=\"500,305\" data-comments-opened=\"1\" data-image-meta=\"{&quot;aperture&quot;:&quot;0&quot;,&quot;credit&quot;:&quot;&quot;,&quot;camera&quot;:&quot;&quot;,&quot;caption&quot;:&quot;&quot;,&quot;created_timestamp&quot;:&quot;0&quot;,&quot;copyright&quot;:&quot;&quot;,&quot;focal_length&quot;:&quot;0&quot;,&quot;iso&quot;:&quot;0&quot;,&quot;shutter_speed&quot;:&quot;0&quot;,&quot;title&quot;:&quot;&quot;,&quot;orientation&quot;:&quot;0&quot;}\" data-image-title=\"71258821_10156596838998202_4795620677233147904_n\" data-image-description=\"\" data-image-caption=\"\" data-medium-file=\"https:\/\/i0.wp.com\/www.shqiperia.com\/blog\/wp-content\/uploads\/2019\/12\/71258821_10156596838998202_4795620677233147904_n.jpg?fit=300%2C183&amp;ssl=1\" data-large-file=\"https:\/\/i0.wp.com\/www.shqiperia.com\/blog\/wp-content\/uploads\/2019\/12\/71258821_10156596838998202_4795620677233147904_n.jpg?fit=500%2C305&amp;ssl=1\" class=\"alignnone  wp-image-28959\" alt=\"\" src=\"https:\/\/i0.wp.com\/www.shqiperia.com\/blog\/wp-content\/uploads\/2019\/12\/71258821_10156596838998202_4795620677233147904_n.jpg?resize=456%2C278&#038;ssl=1\" width=\"456\" height=\"278\" srcset=\"https:\/\/i0.wp.com\/www.shqiperia.com\/blog\/wp-content\/uploads\/2019\/12\/71258821_10156596838998202_4795620677233147904_n.jpg?resize=300%2C183&amp;ssl=1 300w, https:\/\/i0.wp.com\/www.shqiperia.com\/blog\/wp-content\/uploads\/2019\/12\/71258821_10156596838998202_4795620677233147904_n.jpg?resize=450%2C275&amp;ssl=1 450w, https:\/\/i0.wp.com\/www.shqiperia.com\/blog\/wp-content\/uploads\/2019\/12\/71258821_10156596838998202_4795620677233147904_n.jpg?resize=400%2C244&amp;ssl=1 400w, https:\/\/i0.wp.com\/www.shqiperia.com\/blog\/wp-content\/uploads\/2019\/12\/71258821_10156596838998202_4795620677233147904_n.jpg?w=500&amp;ssl=1 500w\" sizes=\"auto, (max-width: 456px) 100vw, 456px\" \/><\/p>\n<p>Kam qen\u00eb dikur Isuf Myzyri \u2026.<\/p>\n<p><strong>Nga: <\/strong><a href=\"https:\/\/www.facebook.com\/EnrIsi?__tn__=%2CdC-R-R&amp;eid=ARAAImnyZeY2zvEFvaC-X-wJRYEg8CUvDROg8Drv9X0Gg_5BhpGqRzXLGUywUciiceLOrUq6OUE_0eI4&amp;hc_ref=ARS-RkGuNbAlUuviE47fCMGYMTw02wlkHv6_C7FVJXP55hkeKCo4hiTWl_M_CnCtm04&amp;fref=nf\"><strong>Enris Qinami<\/strong><\/a><\/p>\n<p>Ishte viti 1955, nj\u00eb vit para se gjeniu i k\u00ebng\u00ebs t\u00eb Elbasanit, usta Isuf Myzyri t\u00eb nd\u00ebrronte jet\u00eb. Nj\u00eb grup prej 4-5 shkodran\u00ebsh shkonin p\u00ebr nj\u00eb \u00e7\u00ebshtje pune n\u00eb Elbasan. Buz\u00eb mbr\u00ebmjes, ata u ul\u00ebn n\u00eb nj\u00eb bar-lulishte t\u00eb vog\u00ebl dhe ja nis\u00ebn k\u00ebng\u00ebs qytetare shkodrane. Nj\u00eb plak i hajth\u00ebm dhe i veshur n\u00eb m\u00ebnyr\u00eb karakteristike, q\u00eb rrinte i vet\u00ebm n\u00eb tryez\u00ebn p\u00ebrball\u00eb, e shoq\u00ebronte k\u00ebng\u00ebn me l\u00ebvizjet e trupit t\u00eb tij t\u00eb lodhur, por t\u00eb shkath\u00ebt. Ai i b\u00ebri shenj\u00eb m\u00eb t\u00eb riut t\u00eb grupit dhe\u00a0pasi u afrua i fali tri hudhra. Dhurata kaq modeste e plakut zem\u00ebrbardh\u00eb duket se e obligoi grupin q\u00eb t\u2019i linte nj\u00ebher\u00eb k\u00ebng\u00ebt shkodrane dhe t\u2019ia merrte elbasan\u00e7e.<\/p>\n<div id=\"attachment_28960\" style=\"width: 515px\" class=\"wp-caption alignnone\"><img data-recalc-dims=\"1\" loading=\"lazy\" decoding=\"async\" aria-describedby=\"caption-attachment-28960\" data-attachment-id=\"28960\" data-permalink=\"https:\/\/www.shqiperia.com\/blog\/kam-qene-dikur-isuf-myzyri\/isuf-myzyri-1\/\" data-orig-file=\"https:\/\/i0.wp.com\/www.shqiperia.com\/blog\/wp-content\/uploads\/2019\/12\/Isuf-Myzyri-1.jpg?fit=500%2C702&amp;ssl=1\" data-orig-size=\"500,702\" data-comments-opened=\"1\" data-image-meta=\"{&quot;aperture&quot;:&quot;0&quot;,&quot;credit&quot;:&quot;&quot;,&quot;camera&quot;:&quot;&quot;,&quot;caption&quot;:&quot;&quot;,&quot;created_timestamp&quot;:&quot;0&quot;,&quot;copyright&quot;:&quot;&quot;,&quot;focal_length&quot;:&quot;0&quot;,&quot;iso&quot;:&quot;0&quot;,&quot;shutter_speed&quot;:&quot;0&quot;,&quot;title&quot;:&quot;&quot;,&quot;orientation&quot;:&quot;0&quot;}\" data-image-title=\"Isuf-Myzyri-1\" data-image-description=\"\" data-image-caption=\"&lt;p&gt;Isuf-Myzyri&lt;\/p&gt;\n\" data-medium-file=\"https:\/\/i0.wp.com\/www.shqiperia.com\/blog\/wp-content\/uploads\/2019\/12\/Isuf-Myzyri-1.jpg?fit=214%2C300&amp;ssl=1\" data-large-file=\"https:\/\/i0.wp.com\/www.shqiperia.com\/blog\/wp-content\/uploads\/2019\/12\/Isuf-Myzyri-1.jpg?fit=500%2C702&amp;ssl=1\" class=\" wp-image-28960\" alt=\"\" src=\"https:\/\/i0.wp.com\/www.shqiperia.com\/blog\/wp-content\/uploads\/2019\/12\/Isuf-Myzyri-1.jpg?resize=505%2C708&#038;ssl=1\" width=\"505\" height=\"708\" srcset=\"https:\/\/i0.wp.com\/www.shqiperia.com\/blog\/wp-content\/uploads\/2019\/12\/Isuf-Myzyri-1.jpg?resize=214%2C300&amp;ssl=1 214w, https:\/\/i0.wp.com\/www.shqiperia.com\/blog\/wp-content\/uploads\/2019\/12\/Isuf-Myzyri-1.jpg?resize=450%2C632&amp;ssl=1 450w, https:\/\/i0.wp.com\/www.shqiperia.com\/blog\/wp-content\/uploads\/2019\/12\/Isuf-Myzyri-1.jpg?resize=400%2C562&amp;ssl=1 400w, https:\/\/i0.wp.com\/www.shqiperia.com\/blog\/wp-content\/uploads\/2019\/12\/Isuf-Myzyri-1.jpg?w=500&amp;ssl=1 500w\" sizes=\"auto, (max-width: 505px) 100vw, 505px\" \/><p id=\"caption-attachment-28960\" class=\"wp-caption-text\">Isuf-Myzyri<\/p><\/div>\n<p>K\u00ebnga \u201cS\u2019paske pas\u00eb nj\u00eb pik\u00eb m\u00ebshire\u201d \u00e7au nat\u00ebn e Elbasanit dhe u p\u00ebrhap n\u00eb sokak\u00eb. Befas plaku i urt\u00eb filloi t\u00eb fshinte lot\u00ebt\u2026<br \/>\nKur mbaroi k\u00ebnga, plaku u \u00e7ua i p\u00ebrlotur dhe erdhi p\u00ebr ti takuar.<br \/>\n\u2013 Qofshi jet\u00eb gjat\u00eb! \u2013 uroi ai. \u2013 Nuk kam menduar se k\u00ebng\u00ebt e mia kan\u00eb arritur deri n\u00eb Shkod\u00ebr.<br \/>\n\u2013 Pse, kush jeni ju? \u2013 pyeti nj\u00ebri nga grupi.<br \/>\n\u2013 Kam qen\u00eb dikur Isuf Myzyri, sepse tashti, si\u00e7 e shihni, pothuajse nuk jam \u2013 tha plaku dhe syt\u00eb iu p\u00ebrlot\u00ebn p\u00ebrs\u00ebri.<\/p>\n<div id=\"attachment_28961\" style=\"width: 511px\" class=\"wp-caption alignnone\"><img data-recalc-dims=\"1\" loading=\"lazy\" decoding=\"async\" aria-describedby=\"caption-attachment-28961\" data-attachment-id=\"28961\" data-permalink=\"https:\/\/www.shqiperia.com\/blog\/kam-qene-dikur-isuf-myzyri\/attachment\/4733\/\" data-orig-file=\"https:\/\/i0.wp.com\/www.shqiperia.com\/blog\/wp-content\/uploads\/2019\/12\/4733.jpg?fit=600%2C600&amp;ssl=1\" data-orig-size=\"600,600\" data-comments-opened=\"1\" data-image-meta=\"{&quot;aperture&quot;:&quot;0&quot;,&quot;credit&quot;:&quot;&quot;,&quot;camera&quot;:&quot;&quot;,&quot;caption&quot;:&quot;&quot;,&quot;created_timestamp&quot;:&quot;0&quot;,&quot;copyright&quot;:&quot;&quot;,&quot;focal_length&quot;:&quot;0&quot;,&quot;iso&quot;:&quot;0&quot;,&quot;shutter_speed&quot;:&quot;0&quot;,&quot;title&quot;:&quot;&quot;,&quot;orientation&quot;:&quot;0&quot;}\" data-image-title=\"4733\" data-image-description=\"\" data-image-caption=\"&lt;p&gt;Isuf-Myzyri&lt;\/p&gt;\n\" data-medium-file=\"https:\/\/i0.wp.com\/www.shqiperia.com\/blog\/wp-content\/uploads\/2019\/12\/4733.jpg?fit=300%2C300&amp;ssl=1\" data-large-file=\"https:\/\/i0.wp.com\/www.shqiperia.com\/blog\/wp-content\/uploads\/2019\/12\/4733.jpg?fit=600%2C600&amp;ssl=1\" class=\" wp-image-28961\" alt=\"\" src=\"https:\/\/i0.wp.com\/www.shqiperia.com\/blog\/wp-content\/uploads\/2019\/12\/4733.jpg?resize=501%2C501&#038;ssl=1\" width=\"501\" height=\"501\" srcset=\"https:\/\/i0.wp.com\/www.shqiperia.com\/blog\/wp-content\/uploads\/2019\/12\/4733.jpg?resize=300%2C300&amp;ssl=1 300w, https:\/\/i0.wp.com\/www.shqiperia.com\/blog\/wp-content\/uploads\/2019\/12\/4733.jpg?resize=150%2C150&amp;ssl=1 150w, https:\/\/i0.wp.com\/www.shqiperia.com\/blog\/wp-content\/uploads\/2019\/12\/4733.jpg?resize=450%2C450&amp;ssl=1 450w, https:\/\/i0.wp.com\/www.shqiperia.com\/blog\/wp-content\/uploads\/2019\/12\/4733.jpg?w=600&amp;ssl=1 600w, https:\/\/i0.wp.com\/www.shqiperia.com\/blog\/wp-content\/uploads\/2019\/12\/4733.jpg?resize=65%2C65&amp;ssl=1 65w, https:\/\/i0.wp.com\/www.shqiperia.com\/blog\/wp-content\/uploads\/2019\/12\/4733.jpg?resize=50%2C50&amp;ssl=1 50w, https:\/\/i0.wp.com\/www.shqiperia.com\/blog\/wp-content\/uploads\/2019\/12\/4733.jpg?resize=400%2C400&amp;ssl=1 400w\" sizes=\"auto, (max-width: 501px) 100vw, 501px\" \/><p id=\"caption-attachment-28961\" class=\"wp-caption-text\">Isuf-Myzyri<\/p><\/div>\n","protected":false},"excerpt":{"rendered":"<p>Kam qen\u00eb dikur Isuf Myzyri \u2026. Nga: Enris Qinami Ishte viti 1955, nj\u00eb vit para se gjeniu i k\u00ebng\u00ebs t\u00eb Elbasanit, usta Isuf Myzyri t\u00eb nd\u00ebrronte jet\u00eb. Nj\u00eb grup prej 4-5 shkodran\u00ebsh shkonin p\u00ebr nj\u00eb \u00e7\u00ebshtje pune n\u00eb Elbasan. Buz\u00eb mbr\u00ebmjes, ata u ul\u00ebn n\u00eb nj\u00eb bar-lulishte t\u00eb vog\u00ebl dhe ja nis\u00ebn k\u00ebng\u00ebs qytetare shkodrane. [&hellip;]<\/p>\n","protected":false},"author":9,"featured_media":28959,"comment_status":"open","ping_status":"open","sticky":false,"template":"","format":"standard","meta":{"jetpack_post_was_ever_published":false,"_jetpack_newsletter_access":"","_jetpack_dont_email_post_to_subs":false,"_jetpack_newsletter_tier_id":0,"_jetpack_memberships_contains_paywalled_content":false,"_jetpack_memberships_contains_paid_content":false,"footnotes":"","jetpack_publicize_message":"","jetpack_publicize_feature_enabled":true,"jetpack_social_post_already_shared":true,"jetpack_social_options":{"image_generator_settings":{"template":"highway","default_image_id":0,"font":"","enabled":false},"version":2}},"categories":[27,85,10],"tags":[],"class_list":["post-28958","post","type-post","status-publish","format-standard","has-post-thumbnail","hentry","category-blogu-i-udhetarit","category-histori","category-kultura"],"jetpack_publicize_connections":[],"jetpack_featured_media_url":"https:\/\/i0.wp.com\/www.shqiperia.com\/blog\/wp-content\/uploads\/2019\/12\/71258821_10156596838998202_4795620677233147904_n.jpg?fit=500%2C305&ssl=1","jetpack_sharing_enabled":true,"jetpack_shortlink":"https:\/\/wp.me\/p5Z6wp-7x4","jetpack-related-posts":[{"id":2739,"url":"https:\/\/www.shqiperia.com\/blog\/isuf-myzyri-skulpture-meshire-kerkuesi-dashurive\/","url_meta":{"origin":28958,"position":0},"title":"ISUF MYZYRI &#8211; SKULPTUR\u00cb M\u00cbSHIRE\u2026 Kerkuesi i DASHURIVE\u2026","author":"Kurt Farka","date":"February 9, 2018","format":false,"excerpt":"Kur e \u201cpash\u00eb\u201d, p\u00ebr her\u00eb t\u00eb par\u00eb, aty, n\u00eb \u201ck\u00ebrthiz\u00eb\u201d t\u00eb qytetit tim, Elbasan - ngriva. Madje , kam thirrur me z\u00eb, me nj\u00eb \u2018uaaaaa\u2019, q\u00eb nuk besoj t\u00eb ket\u00eb qen\u00eb e njejt\u00eb, p\u00ebr nga koh\u00ebzgjatja, me qarjen time t\u00eb par\u00eb t\u00eb sapoardhur n\u00eb jet\u00eb\u2026At\u00ebher\u00eb , me siguri m\u00eb ka\u2026","rel":"","context":"In &quot;Blogu i Udh\u00ebtarit&quot;","block_context":{"text":"Blogu i Udh\u00ebtarit","link":"https:\/\/www.shqiperia.com\/blog\/category\/blogu-i-udhetarit\/"},"img":{"alt_text":"","src":"https:\/\/i0.wp.com\/www.shqiperia.com\/blog\/wp-content\/uploads\/2018\/02\/ISUF-MYZYRI.jpg.gif?fit=636%2C425&ssl=1&resize=350%2C200","width":350,"height":200,"srcset":"https:\/\/i0.wp.com\/www.shqiperia.com\/blog\/wp-content\/uploads\/2018\/02\/ISUF-MYZYRI.jpg.gif?fit=636%2C425&ssl=1&resize=350%2C200 1x, https:\/\/i0.wp.com\/www.shqiperia.com\/blog\/wp-content\/uploads\/2018\/02\/ISUF-MYZYRI.jpg.gif?fit=636%2C425&ssl=1&resize=525%2C300 1.5x"},"classes":[]},{"id":6631,"url":"https:\/\/www.shqiperia.com\/blog\/isuf-myzyri-elbasan\/","url_meta":{"origin":28958,"position":1},"title":"Isuf Myzyri. &#8211; Elbasan","author":"Kurt Farka","date":"April 19, 2018","format":false,"excerpt":"Isuf Myzyri (1881-1956) \u00ebsht\u00eb k\u00ebng\u00ebtar i njohur. Jo vet\u00ebm nj\u00eb kompozitor e themelues i orkestrin\u00ebs popullore, por edhe nj\u00eb vjersh\u00ebtar dhe k\u00ebng\u00ebtar i shquar, Isuf Myzyri, \u201cArtist i Popullit\u201d, \u00ebsht\u00eb ikon\u00eb e artit t\u00eb Shqip\u00ebris\u00eb s\u00eb Mesme. U lind n\u00eb nj\u00eb familje e varf\u00ebr dhe p\u00ebr t\u00eb mbijetuar punoi si\u2026","rel":"","context":"In &quot;Arte&quot;","block_context":{"text":"Arte","link":"https:\/\/www.shqiperia.com\/blog\/category\/arte\/"},"img":{"alt_text":"","src":"https:\/\/i0.wp.com\/www.shqiperia.com\/blog\/wp-content\/uploads\/2018\/04\/30729808_2023389187982298_8796084294834454528_n.jpg?fit=960%2C640&ssl=1&resize=350%2C200","width":350,"height":200,"srcset":"https:\/\/i0.wp.com\/www.shqiperia.com\/blog\/wp-content\/uploads\/2018\/04\/30729808_2023389187982298_8796084294834454528_n.jpg?fit=960%2C640&ssl=1&resize=350%2C200 1x, https:\/\/i0.wp.com\/www.shqiperia.com\/blog\/wp-content\/uploads\/2018\/04\/30729808_2023389187982298_8796084294834454528_n.jpg?fit=960%2C640&ssl=1&resize=525%2C300 1.5x, https:\/\/i0.wp.com\/www.shqiperia.com\/blog\/wp-content\/uploads\/2018\/04\/30729808_2023389187982298_8796084294834454528_n.jpg?fit=960%2C640&ssl=1&resize=700%2C400 2x"},"classes":[]},{"id":91882,"url":"https:\/\/www.shqiperia.com\/blog\/ja-tenderi-qe-fundosi-njeriun-e-ballukut-jonaid-myzyri-drejt-prangave-per-abuzime-me-financimin-per-sperkatjen-e\/","url_meta":{"origin":28958,"position":2},"title":"Ja tenderi q\u00eb fundosi njeriun e Ballukut, Jonaid Myzyri drejt prangave p\u00ebr abuzime me financimin p\u00ebr sp\u00ebrkatjen e\u2026","author":"Kurt Farka","date":"April 27, 2025","format":false,"excerpt":"27 Prill 2025 Kreu i Komisionit t\u00eb Prokurimit Publik, Jonaid Myzyri, \u00ebsht\u00eb marr\u00eb zyrtarisht n\u00ebn hetim nga Prokuroria e Posa\u00e7me. Ai ka \u201cvizituar\u201d 3 her\u00eb SPAK-un brenda nj\u00eb kohe t\u00eb shkurt\u00ebr, teksa gjat\u00eb k\u00ebsaj kohe synonte edhe nj\u00eb mandat tjet\u00ebr n\u00eb krye t\u00eb institucionit q\u00eb drejton. Problemet me detyr\u00ebn kan\u00eb\u2026","rel":"","context":"In &quot;Blogu i Udh\u00ebtarit&quot;","block_context":{"text":"Blogu i Udh\u00ebtarit","link":"https:\/\/www.shqiperia.com\/blog\/category\/blogu-i-udhetarit\/"},"img":{"alt_text":"","src":"https:\/\/i0.wp.com\/www.shqiperia.com\/blog\/wp-content\/uploads\/2025\/04\/jonaid.jpg?fit=905%2C566&ssl=1&resize=350%2C200","width":350,"height":200,"srcset":"https:\/\/i0.wp.com\/www.shqiperia.com\/blog\/wp-content\/uploads\/2025\/04\/jonaid.jpg?fit=905%2C566&ssl=1&resize=350%2C200 1x, https:\/\/i0.wp.com\/www.shqiperia.com\/blog\/wp-content\/uploads\/2025\/04\/jonaid.jpg?fit=905%2C566&ssl=1&resize=525%2C300 1.5x, https:\/\/i0.wp.com\/www.shqiperia.com\/blog\/wp-content\/uploads\/2025\/04\/jonaid.jpg?fit=905%2C566&ssl=1&resize=700%2C400 2x"},"classes":[]},{"id":91761,"url":"https:\/\/www.shqiperia.com\/blog\/abuzimi-me-tenderat-kap-shifren-2-5-miliarde-euro-del-pas-3-oresh-nga-spak-vartesi-i-ballukut-jonaid-myzyri\/","url_meta":{"origin":28958,"position":3},"title":"Abuzimi me tenderat kap shifr\u00ebn 2.5 miliard\u00eb euro. &#8211; Del pas 3 or\u00ebsh nga SPAK vart\u00ebsi i Ballukut, Jonaid Myzyri","author":"Kurt Farka","date":"April 22, 2025","format":false,"excerpt":"22 Prill 2025 Ka dal\u00eb nga SPAK, pasi u pyet p\u00ebr 3 or\u00eb me radh\u00eb, kreu i Prokurimeve Publike, Jonaid Myzyri, nj\u00eb prej vart\u00ebsve dhe njer\u00ebzve t\u00eb af\u00ebrt t\u00eb Belinda Ballukut. Ai nuk ka b\u00ebr\u00eb asnj\u00eb deklarat\u00eb p\u00ebr mediat, duke zgjedhur t\u00eb hesht\u00eb p\u00ebrball\u00eb pyetjeve t\u00eb gazetar\u00ebve. Myzyri m\u00ebsohet se\u2026","rel":"","context":"In &quot;Njoftime Shtypi&quot;","block_context":{"text":"Njoftime Shtypi","link":"https:\/\/www.shqiperia.com\/blog\/category\/njoftime-shtypi\/"},"img":{"alt_text":"","src":"https:\/\/i0.wp.com\/www.shqiperia.com\/blog\/wp-content\/uploads\/2025\/04\/Capture-135.jpg?fit=1014%2C594&ssl=1&resize=350%2C200","width":350,"height":200,"srcset":"https:\/\/i0.wp.com\/www.shqiperia.com\/blog\/wp-content\/uploads\/2025\/04\/Capture-135.jpg?fit=1014%2C594&ssl=1&resize=350%2C200 1x, https:\/\/i0.wp.com\/www.shqiperia.com\/blog\/wp-content\/uploads\/2025\/04\/Capture-135.jpg?fit=1014%2C594&ssl=1&resize=525%2C300 1.5x, https:\/\/i0.wp.com\/www.shqiperia.com\/blog\/wp-content\/uploads\/2025\/04\/Capture-135.jpg?fit=1014%2C594&ssl=1&resize=700%2C400 2x"},"classes":[]},{"id":91837,"url":"https:\/\/www.shqiperia.com\/blog\/insektet-e-vogla-duket-si-do-i-hane-koken-kreut-te-madh-te-kpp-se\/","url_meta":{"origin":28958,"position":4},"title":"Insektet e vogla duket si do i \u201chan\u00eb kok\u00ebn\u201d kreut t\u00eb Madh te KPP-s\u00eb.","author":"Kurt Farka","date":"April 25, 2025","format":false,"excerpt":"25 Prill 2025 Kreu i Komisionit t\u00eb Prokurimit Publik, Jonaid Myzyri, \u00ebsht\u00eb marr\u00eb zyrtarisht n\u00ebn hetim nga Prokuroria e Posa\u00e7me. Ai ka \u201cvizituar\u201d 3 her\u00eb SPAK-un brenda nj\u00eb kohe t\u00eb shkurt\u00ebr, teksa gjat\u00eb k\u00ebsaj kohe synonte edhe nj\u00eb mandat tjet\u00ebr n\u00eb krye t\u00eb institucionit q\u00eb drejton. Problemet me detyr\u00ebn kan\u00eb\u2026","rel":"","context":"In &quot;Blogu i Udh\u00ebtarit&quot;","block_context":{"text":"Blogu i Udh\u00ebtarit","link":"https:\/\/www.shqiperia.com\/blog\/category\/blogu-i-udhetarit\/"},"img":{"alt_text":"","src":"https:\/\/i0.wp.com\/www.shqiperia.com\/blog\/wp-content\/uploads\/2025\/04\/640-0-d5b3a9bbb89ed3e2775efcb2db7b668d.webp?fit=640%2C336&ssl=1&resize=350%2C200","width":350,"height":200,"srcset":"https:\/\/i0.wp.com\/www.shqiperia.com\/blog\/wp-content\/uploads\/2025\/04\/640-0-d5b3a9bbb89ed3e2775efcb2db7b668d.webp?fit=640%2C336&ssl=1&resize=350%2C200 1x, https:\/\/i0.wp.com\/www.shqiperia.com\/blog\/wp-content\/uploads\/2025\/04\/640-0-d5b3a9bbb89ed3e2775efcb2db7b668d.webp?fit=640%2C336&ssl=1&resize=525%2C300 1.5x"},"classes":[]},{"id":82068,"url":"https:\/\/www.shqiperia.com\/blog\/po-pushonte-me-familjen-ne-shengjin-gazetari-isuf-kadriu-humb-jeten\/","url_meta":{"origin":28958,"position":5},"title":"Po pushonte me familjen n\u00eb Sh\u00ebngjin, gazetari Isuf Kadriu humb jet\u00ebn","author":"Kurt Farka","date":"June 23, 2024","format":false,"excerpt":"23 Qershor 2024 Korrespondent i Radios Evropa e Lir\u00eb n\u00eb Shkup Isuf Kadriu, ka vdekur papritur sot n\u00eb mosh\u00ebn 52-vje\u00e7are. Ai ka vdekur si pasoj\u00eb e nj\u00eb sulmi kardiak n\u00eb qytetin e Sh\u00ebngjinit n\u00eb Shqip\u00ebri, sa ka qen\u00eb n\u00eb pushime me familjen. Kadriu ka raportuar p\u00ebr REL-in, prej Shkupit, prej\u2026","rel":"","context":"In &quot;Blogu i Udh\u00ebtarit&quot;","block_context":{"text":"Blogu i Udh\u00ebtarit","link":"https:\/\/www.shqiperia.com\/blog\/category\/blogu-i-udhetarit\/"},"img":{"alt_text":"","src":"https:\/\/i0.wp.com\/www.shqiperia.com\/blog\/wp-content\/uploads\/2024\/06\/1719166237_isufkadriu.jpg?fit=780%2C440&ssl=1&resize=350%2C200","width":350,"height":200,"srcset":"https:\/\/i0.wp.com\/www.shqiperia.com\/blog\/wp-content\/uploads\/2024\/06\/1719166237_isufkadriu.jpg?fit=780%2C440&ssl=1&resize=350%2C200 1x, https:\/\/i0.wp.com\/www.shqiperia.com\/blog\/wp-content\/uploads\/2024\/06\/1719166237_isufkadriu.jpg?fit=780%2C440&ssl=1&resize=525%2C300 1.5x, https:\/\/i0.wp.com\/www.shqiperia.com\/blog\/wp-content\/uploads\/2024\/06\/1719166237_isufkadriu.jpg?fit=780%2C440&ssl=1&resize=700%2C400 2x"},"classes":[]}],"_links":{"self":[{"href":"https:\/\/www.shqiperia.com\/blog\/wp-json\/wp\/v2\/posts\/28958","targetHints":{"allow":["GET"]}}],"collection":[{"href":"https:\/\/www.shqiperia.com\/blog\/wp-json\/wp\/v2\/posts"}],"about":[{"href":"https:\/\/www.shqiperia.com\/blog\/wp-json\/wp\/v2\/types\/post"}],"author":[{"embeddable":true,"href":"https:\/\/www.shqiperia.com\/blog\/wp-json\/wp\/v2\/users\/9"}],"replies":[{"embeddable":true,"href":"https:\/\/www.shqiperia.com\/blog\/wp-json\/wp\/v2\/comments?post=28958"}],"version-history":[{"count":1,"href":"https:\/\/www.shqiperia.com\/blog\/wp-json\/wp\/v2\/posts\/28958\/revisions"}],"predecessor-version":[{"id":28962,"href":"https:\/\/www.shqiperia.com\/blog\/wp-json\/wp\/v2\/posts\/28958\/revisions\/28962"}],"wp:featuredmedia":[{"embeddable":true,"href":"https:\/\/www.shqiperia.com\/blog\/wp-json\/wp\/v2\/media\/28959"}],"wp:attachment":[{"href":"https:\/\/www.shqiperia.com\/blog\/wp-json\/wp\/v2\/media?parent=28958"}],"wp:term":[{"taxonomy":"category","embeddable":true,"href":"https:\/\/www.shqiperia.com\/blog\/wp-json\/wp\/v2\/categories?post=28958"},{"taxonomy":"post_tag","embeddable":true,"href":"https:\/\/www.shqiperia.com\/blog\/wp-json\/wp\/v2\/tags?post=28958"}],"curies":[{"name":"wp","href":"https:\/\/api.w.org\/{rel}","templated":true}]}}