{"id":28955,"date":"2019-12-05T19:22:07","date_gmt":"2019-12-05T19:22:07","guid":{"rendered":"https:\/\/www.shqiperia.com\/blog\/?p=28955"},"modified":"2019-12-05T19:22:07","modified_gmt":"2019-12-05T19:22:07","slug":"doreheqja-e-valbona-sakos-eshte-e-paligjshme-gjendja-e-jashtezakonshme-nuk-e-lejohen-nje-vendimmarrje-e-tille","status":"publish","type":"post","link":"https:\/\/www.shqiperia.com\/blog\/doreheqja-e-valbona-sakos-eshte-e-paligjshme-gjendja-e-jashtezakonshme-nuk-e-lejohen-nje-vendimmarrje-e-tille\/","title":{"rendered":"Dor\u00ebheqja e Valbona Sakos \u00ebsht\u00eb e paligjshme, Gjendja e Jasht\u00ebzakonshme nuk e lejohen nj\u00eb vendimmarrje e till\u00eb."},"content":{"rendered":"<p><img data-recalc-dims=\"1\" loading=\"lazy\" decoding=\"async\" data-attachment-id=\"28956\" data-permalink=\"https:\/\/www.shqiperia.com\/blog\/doreheqja-e-valbona-sakos-eshte-e-paligjshme-gjendja-e-jashtezakonshme-nuk-e-lejohen-nje-vendimmarrje-e-tille\/e2f39d46-be53-4b58-bd36-7a88b8fbd1cf\/\" data-orig-file=\"https:\/\/i0.wp.com\/www.shqiperia.com\/blog\/wp-content\/uploads\/2019\/12\/e2f39d46-be53-4b58-bd36-7a88b8fbd1cf.jpg?fit=640%2C344&amp;ssl=1\" data-orig-size=\"640,344\" data-comments-opened=\"1\" data-image-meta=\"{&quot;aperture&quot;:&quot;0&quot;,&quot;credit&quot;:&quot;&quot;,&quot;camera&quot;:&quot;&quot;,&quot;caption&quot;:&quot;&quot;,&quot;created_timestamp&quot;:&quot;0&quot;,&quot;copyright&quot;:&quot;&quot;,&quot;focal_length&quot;:&quot;0&quot;,&quot;iso&quot;:&quot;0&quot;,&quot;shutter_speed&quot;:&quot;0&quot;,&quot;title&quot;:&quot;&quot;,&quot;orientation&quot;:&quot;0&quot;}\" data-image-title=\"e2f39d46-be53-4b58-bd36-7a88b8fbd1cf\" data-image-description=\"\" data-image-caption=\"\" data-medium-file=\"https:\/\/i0.wp.com\/www.shqiperia.com\/blog\/wp-content\/uploads\/2019\/12\/e2f39d46-be53-4b58-bd36-7a88b8fbd1cf.jpg?fit=300%2C161&amp;ssl=1\" data-large-file=\"https:\/\/i0.wp.com\/www.shqiperia.com\/blog\/wp-content\/uploads\/2019\/12\/e2f39d46-be53-4b58-bd36-7a88b8fbd1cf.jpg?fit=640%2C344&amp;ssl=1\" class=\"alignnone size-medium wp-image-28956\" alt=\"\" src=\"https:\/\/i0.wp.com\/www.shqiperia.com\/blog\/wp-content\/uploads\/2019\/12\/e2f39d46-be53-4b58-bd36-7a88b8fbd1cf.jpg?resize=300%2C161&#038;ssl=1\" width=\"300\" height=\"161\" srcset=\"https:\/\/i0.wp.com\/www.shqiperia.com\/blog\/wp-content\/uploads\/2019\/12\/e2f39d46-be53-4b58-bd36-7a88b8fbd1cf.jpg?resize=300%2C161&amp;ssl=1 300w, https:\/\/i0.wp.com\/www.shqiperia.com\/blog\/wp-content\/uploads\/2019\/12\/e2f39d46-be53-4b58-bd36-7a88b8fbd1cf.jpg?resize=450%2C242&amp;ssl=1 450w, https:\/\/i0.wp.com\/www.shqiperia.com\/blog\/wp-content\/uploads\/2019\/12\/e2f39d46-be53-4b58-bd36-7a88b8fbd1cf.jpg?resize=600%2C323&amp;ssl=1 600w, https:\/\/i0.wp.com\/www.shqiperia.com\/blog\/wp-content\/uploads\/2019\/12\/e2f39d46-be53-4b58-bd36-7a88b8fbd1cf.jpg?resize=400%2C215&amp;ssl=1 400w, https:\/\/i0.wp.com\/www.shqiperia.com\/blog\/wp-content\/uploads\/2019\/12\/e2f39d46-be53-4b58-bd36-7a88b8fbd1cf.jpg?w=640&amp;ssl=1 640w\" sizes=\"auto, (max-width: 300px) 100vw, 300px\" \/><\/p>\n<p><strong>Dor\u00ebheqja e Valbona Sakos \u00ebsht\u00eb e paligjshme, <\/strong>Gjendja e Jasht\u00ebzakonshme nuk e lejohen nj\u00eb vendimmarrje e till\u00eb.<\/p>\n<p><strong>5 Dhjetor 2019 <\/strong><\/p>\n<p>Bashkia e Durr\u00ebsit \u00ebsht\u00eb nj\u00eb prej qarqeve t\u00eb vendit q\u00eb ndodhet n\u00eb Gjendje t\u00eb Jasht\u00ebzakonshme p\u00ebr shkak t\u00eb t\u00ebrmetit t\u00eb fuqish\u00ebm. Por, kryebashkiakja Valbona Sako dha dor\u00ebheqjen si kryetare e Bashkis\u00eb, pas nj\u00eb presioni ndaj saj n\u00eb rrjetet sociale p\u00ebr nj\u00eb gaf\u00eb q\u00eb ajo b\u00ebri n\u00eb media, e q\u00eb u b\u00eb virale.<\/p>\n<p>Sako, duke dashur t\u00eb jap\u00eb mesazhin se ky t\u00ebrmet me k\u00ebt\u00eb intensitet mund t\u00eb kishte sh\u00ebnuar m\u00eb shum\u00eb viktima tha se \u201cjemi t\u00eb k\u00ebnaqur me 50 viktima\u2026\u201d.<\/p>\n<p>Pas k\u00ebsaj, ajo dha dor\u00ebheqjen, q\u00eb n\u00eb fakt nuk \u00ebsht\u00eb b\u00ebr\u00eb ende e ditur n\u00ebse u pranua apo jo nga Kryeministri Rama. Por Valbona Sako ka nj\u00eb penges\u00eb ligjore p\u00ebr t\u00eb dh\u00ebn\u00eb dor\u00ebheqjen. Sepse n\u00eb rastet kur nj\u00ebsia vendore q\u00eb ajo drejton \u00ebsht\u00eb nj\u00eb territor i vendosur n\u00eb Gjendje t\u00eb Jasht\u00ebzakonshme nuk i lejohet nj\u00eb vendimmarrje e till\u00eb.<\/p>\n<p>Ka vet\u00ebm nj\u00eb klauzol\u00eb, e cila e mund\u00ebson largimin. Ajo lidhet me shkarkimin nga kryeministri n\u00eb rast se ka c\u00ebnuar element\u00ebt e Gjendjes s\u00eb Jasht\u00ebzakonshme dhe n\u00eb asnj\u00eb rast nuk mund t\u00eb ndodh\u00eb largimi nga detyra me d\u00ebshir\u00eb, apo p\u00ebr motive q\u00eb nuk kan\u00eb t\u00eb b\u00ebjn\u00eb me situat\u00ebn.<\/p>\n<p>Sipas jurist\u00ebve q\u00eb jan\u00eb ekspert\u00eb t\u00eb fush\u00ebs, n\u00eb ligj parashikohet vet\u00ebm shkarkimi dhe jo dor\u00ebheqja ose pranimi i dor\u00ebheqjes. Edhe n\u00ebse ka arsye t\u00eb forta p\u00ebr nj\u00eb dor\u00ebheqje, kjo duhet t\u00eb ndodh\u00eb vet\u00ebm n\u00eb rastin e kalimit t\u00eb afatit t\u00eb par\u00eb 30 ditor t\u00eb Gjendjes s\u00eb Jasht\u00ebzakonshme.<\/p>\n<p>Nd\u00ebrkoh\u00eb, vet\u00eb kryeministri ende nuk ka deklaruar asnj\u00eb q\u00ebndrim p\u00ebr\u00a0 kryebashkiaken q\u00eb dha dor\u00ebheqjen, duke l\u00ebn\u00eb detyr\u00ebn n\u00eb nj\u00eb situat\u00eb katastrofike.<\/p>\n<p>Nd\u00ebrkoh\u00eb, jurist\u00ebt thon\u00eb se ndaj Sakos mund t\u00eb nisin edhe hetimet, sepse ka braktisur detyr\u00ebn n\u00eb nj\u00eb situat\u00eb t\u00eb pazakont\u00eb. Gjithsesi, mbetet p\u00ebr t\u2019u par\u00eb se si do veprohet fillimisht nga kryeministri Rama dhe m\u00eb pas nga autoritetet e hetimit.<\/p>\n<p>Tirana dhe Durr\u00ebsi jan\u00eb dy qarqe n\u00eb t\u00eb cilat \u00ebsht\u00eb vendosur q\u00eb prej dat\u00ebs 27 n\u00ebntor Gjendja e Jasht\u00ebzakonshme dhe p\u00ebr fat t\u00eb keq n\u00eb dy bashki t\u00eb k\u00ebtyre qarqeve drejtimi i pushtetit vendor b\u00ebhet nga n\u00ebnkryetar\u00eb. N\u00eb rastin e Durr\u00ebsit, Sao dha dor\u00ebheqjen, nd\u00ebrsa n\u00eb Vor\u00eb bashki n\u00eb qarkun e Tiran\u00ebs, i zgjedhuri Agim Kajmaku u shkarkua p\u00ebr shkak t\u00eb problemeve t\u00eb tij me formularin e Dekriminalizimit.<\/p>\n<p><strong>\u00a9Copyright Gazeta SHQIP<\/strong><\/p>\n","protected":false},"excerpt":{"rendered":"<p>Dor\u00ebheqja e Valbona Sakos \u00ebsht\u00eb e paligjshme, Gjendja e Jasht\u00ebzakonshme nuk e lejohen nj\u00eb vendimmarrje e till\u00eb. 5 Dhjetor 2019 Bashkia e Durr\u00ebsit \u00ebsht\u00eb nj\u00eb prej qarqeve t\u00eb vendit q\u00eb ndodhet n\u00eb Gjendje t\u00eb Jasht\u00ebzakonshme p\u00ebr shkak t\u00eb t\u00ebrmetit t\u00eb fuqish\u00ebm. Por, kryebashkiakja Valbona Sako dha dor\u00ebheqjen si kryetare e Bashkis\u00eb, pas nj\u00eb presioni ndaj [&hellip;]<\/p>\n","protected":false},"author":9,"featured_media":28956,"comment_status":"open","ping_status":"open","sticky":false,"template":"","format":"standard","meta":{"jetpack_post_was_ever_published":false,"_jetpack_newsletter_access":"","_jetpack_dont_email_post_to_subs":false,"_jetpack_newsletter_tier_id":0,"_jetpack_memberships_contains_paywalled_content":false,"_jetpack_memberships_contains_paid_content":false,"footnotes":"","jetpack_publicize_message":"","jetpack_publicize_feature_enabled":true,"jetpack_social_post_already_shared":true,"jetpack_social_options":{"image_generator_settings":{"template":"highway","default_image_id":0,"font":"","enabled":false},"version":2}},"categories":[10],"tags":[],"class_list":["post-28955","post","type-post","status-publish","format-standard","has-post-thumbnail","hentry","category-kultura"],"jetpack_publicize_connections":[],"jetpack_featured_media_url":"https:\/\/i0.wp.com\/www.shqiperia.com\/blog\/wp-content\/uploads\/2019\/12\/e2f39d46-be53-4b58-bd36-7a88b8fbd1cf.jpg?fit=640%2C344&ssl=1","jetpack_sharing_enabled":true,"jetpack_shortlink":"https:\/\/wp.me\/p5Z6wp-7x1","jetpack-related-posts":[{"id":28876,"url":"https:\/\/www.shqiperia.com\/blog\/fshehja-e-gjurmeve-c-ka-pas-doreheqjes-se-kryebashkiakes-se-durresit\/","url_meta":{"origin":28955,"position":0},"title":"Fshehja e gjurm\u00ebve\/ \u00c7\u2019 ka pas dor\u00ebheqjes s\u00eb kryebashkiakes s\u00eb Durr\u00ebsit. &#8211;","author":"Kurt Farka","date":"December 3, 2019","format":false,"excerpt":"Fshehja e gjurm\u00ebve\/ \u00c7\u2019 ka pas dor\u00ebheqjes s\u00eb kryebashkiakes s\u00eb Durr\u00ebsit \u00a0 Dor\u00ebheqja e papritur e Kryetares s\u00eb bashkise Durres, Valbona Sako erdhi pas\u00a0nj\u00eb lumi reagimesh q\u00eb pasuan dy gafa t\u00eb saj: se pari kur deklaroi se te prekurit nga t\u00ebrmeti po dergohen ne hotele me 5 yje, ku as\u2026","rel":"","context":"In &quot;Blogu i Udh\u00ebtarit&quot;","block_context":{"text":"Blogu i Udh\u00ebtarit","link":"https:\/\/www.shqiperia.com\/blog\/category\/blogu-i-udhetarit\/"},"img":{"alt_text":"","src":"https:\/\/i0.wp.com\/www.shqiperia.com\/blog\/wp-content\/uploads\/2019\/12\/Screenshot_20191201-212436_Gallery.jpg?fit=770%2C471&ssl=1&resize=350%2C200","width":350,"height":200,"srcset":"https:\/\/i0.wp.com\/www.shqiperia.com\/blog\/wp-content\/uploads\/2019\/12\/Screenshot_20191201-212436_Gallery.jpg?fit=770%2C471&ssl=1&resize=350%2C200 1x, https:\/\/i0.wp.com\/www.shqiperia.com\/blog\/wp-content\/uploads\/2019\/12\/Screenshot_20191201-212436_Gallery.jpg?fit=770%2C471&ssl=1&resize=525%2C300 1.5x, https:\/\/i0.wp.com\/www.shqiperia.com\/blog\/wp-content\/uploads\/2019\/12\/Screenshot_20191201-212436_Gallery.jpg?fit=770%2C471&ssl=1&resize=700%2C400 2x"},"classes":[]},{"id":23423,"url":"https:\/\/www.shqiperia.com\/blog\/skandal-ne-durres-gjykata-shkel-kushtetuten-me-urdher-te-rames\/","url_meta":{"origin":28955,"position":1},"title":"Skandal n\u00eb Durr\u00ebs. Gjykata shkel Kushtetut\u00ebn me urdh\u00ebr t\u00eb Ram\u00ebs","author":"Kurt Farka","date":"July 22, 2019","format":false,"excerpt":"Skandal n\u00eb Durr\u00ebs. Gjykata shkel Kushtetut\u00ebn me urdh\u00ebr t\u00eb Ram\u00ebs 19 Korrik, 2019 Nj\u00eb shkelje e paprecedent\u00eb kushtetuese ka ndodhur sot n\u00eb Gjykat\u00ebn e Durr\u00ebsit. Dy dit\u00eb pasi kjo gjykata ka dh\u00ebn\u00eb nj\u00eb vendim t\u00eb ligjsh\u00ebm p\u00ebr mos dh\u00ebnien e mandatit t\u00eb Valbona Sakos si kryebashkiakja e re e Durr\u00ebsit,\u2026","rel":"","context":"In &quot;Blogu i Udh\u00ebtarit&quot;","block_context":{"text":"Blogu i Udh\u00ebtarit","link":"https:\/\/www.shqiperia.com\/blog\/category\/blogu-i-udhetarit\/"},"img":{"alt_text":"","src":"https:\/\/i0.wp.com\/www.shqiperia.com\/blog\/wp-content\/uploads\/2019\/07\/Valbona-SakoEdi-Rama-696x464.jpg?fit=696%2C381&ssl=1&resize=350%2C200","width":350,"height":200,"srcset":"https:\/\/i0.wp.com\/www.shqiperia.com\/blog\/wp-content\/uploads\/2019\/07\/Valbona-SakoEdi-Rama-696x464.jpg?fit=696%2C381&ssl=1&resize=350%2C200 1x, https:\/\/i0.wp.com\/www.shqiperia.com\/blog\/wp-content\/uploads\/2019\/07\/Valbona-SakoEdi-Rama-696x464.jpg?fit=696%2C381&ssl=1&resize=525%2C300 1.5x"},"classes":[]},{"id":52732,"url":"https:\/\/www.shqiperia.com\/blog\/skandali-me-pagat-dhe-makinat-ngjela-doreheqja-eshte-force-rames-i-kane-grabitur-shtetin-nuk-ka-bere-detyren\/","url_meta":{"origin":28955,"position":2},"title":"Skandali me pagat dhe makinat, Ngjela: &#8211; Dor\u00ebheqja \u00ebsht\u00eb forc\u00eb, Ram\u00ebs i kan\u00eb grabitur shtetin, nuk ka b\u00ebr\u00eb detyr\u00ebn","author":"Kurt Farka","date":"December 27, 2021","format":false,"excerpt":"Skandali me pagat dhe makinat, Ngjela: - Dor\u00ebheqja \u00ebsht\u00eb forc\u00eb, Ram\u00ebs i kan\u00eb grabitur shtetin, nuk ka b\u00ebr\u00eb detyr\u00ebn - 27.12.21 \u201c\u2026 N\u00ebse s\u2019ke b\u00ebr\u00eb detyr\u00ebn, ik thyej qaf\u00ebn\u201d . Avokati Spartak Ngjela deklaroi se kryeministrit Edi Rama i kan\u00eb vjedhur shtetin dhe duhet t\u00eb jepte dor\u00ebheqjen q\u00eb sipas tij\u2026","rel":"","context":"In &quot;Blogu i Udh\u00ebtarit&quot;","block_context":{"text":"Blogu i Udh\u00ebtarit","link":"https:\/\/www.shqiperia.com\/blog\/category\/blogu-i-udhetarit\/"},"img":{"alt_text":"","src":"https:\/\/i0.wp.com\/www.shqiperia.com\/blog\/wp-content\/uploads\/2021\/12\/pikat2-770x437-770x433-1.jpg?fit=428%2C243&ssl=1&resize=350%2C200","width":350,"height":200},"classes":[]},{"id":71529,"url":"https:\/\/www.shqiperia.com\/blog\/largimi-i-alibeajt-bejko-dikush-brenda-pd-se-po-luan-fijet\/","url_meta":{"origin":28955,"position":3},"title":"Largimi i Alibeajt\/ Bejko: &#8211; Dikush brenda PD-s\u00eb po &#8216;luan fijet&#8217;","author":"Kurt Farka","date":"May 18, 2023","format":false,"excerpt":"18 Maji 2023 Dor\u00ebheqja e Alibeajt, Bejko: S\u2019na njoftoi, t\u00eb ik\u00eb urgjent! S\u2019ka mbledhje kryesie se dikush q\u00eb \u2018luan fijet aty\u2019 nuk njoftoi! T\u00eb nisim menj\u00ebher\u00eb riorganizimin Roland Bejko thot\u00eb se dor\u00ebheqja e Enkelejd Alibeajt ishte e papritur p\u00ebr t\u00eb pasi nuk ish kryetari tashm\u00eb nuk e kishte diskutuar me\u2026","rel":"","context":"In &quot;Blogu i Udh\u00ebtarit&quot;","block_context":{"text":"Blogu i Udh\u00ebtarit","link":"https:\/\/www.shqiperia.com\/blog\/category\/blogu-i-udhetarit\/"},"img":{"alt_text":"","src":"https:\/\/i0.wp.com\/www.shqiperia.com\/blog\/wp-content\/uploads\/2023\/05\/800-0-646658f093434.jpg?fit=800%2C451&ssl=1&resize=350%2C200","width":350,"height":200,"srcset":"https:\/\/i0.wp.com\/www.shqiperia.com\/blog\/wp-content\/uploads\/2023\/05\/800-0-646658f093434.jpg?fit=800%2C451&ssl=1&resize=350%2C200 1x, https:\/\/i0.wp.com\/www.shqiperia.com\/blog\/wp-content\/uploads\/2023\/05\/800-0-646658f093434.jpg?fit=800%2C451&ssl=1&resize=525%2C300 1.5x, https:\/\/i0.wp.com\/www.shqiperia.com\/blog\/wp-content\/uploads\/2023\/05\/800-0-646658f093434.jpg?fit=800%2C451&ssl=1&resize=700%2C400 2x"},"classes":[]},{"id":49746,"url":"https:\/\/www.shqiperia.com\/blog\/poshterim-i-opozites-analiza-e-fatos-lubonjes-per-perjashtimin-e-berishes-nga-pd-basha-duhet-te-jape-doreheqjen-vendimi-i-tij-fuqizon-pushtetin-e-rames\/","url_meta":{"origin":28955,"position":4},"title":"\u201cPosht\u00ebrim i opozit\u00ebs\u201d. \u00a0Analiza e Fatos Lubonj\u00ebs p\u00ebr p\u00ebrjashtimin e Berish\u00ebs nga PD: &#8211; Basha duhet t\u00eb jap\u00eb dor\u00ebheqjen, vendimi i tij fuqizon pushtetin e Ram\u00ebs.","author":"Kurt Farka","date":"September 10, 2021","format":false,"excerpt":"\u201cPosht\u00ebrim i opozit\u00ebs\u201d. \u00a0Analiza e Fatos Lubonj\u00ebs p\u00ebr p\u00ebrjashtimin e Berish\u00ebs nga PD: - Basha duhet t\u00eb jap\u00eb dor\u00ebheqjen, vendimi i tij fuqizon pushtetin e Ram\u00ebs. 10 shtator \u00a02021 \u201cP\u00ebrjashtimi i Sali Berish\u00ebs nga Partia Demokratike posht\u00ebron opozit\u00ebn dhe fuqizon Ram\u00ebn\u201d. K\u00ebshtu e analizon Fatos Lubonja vendimin e Lulzim Bash\u00ebs,\u2026","rel":"","context":"In &quot;Blogu i Udh\u00ebtarit&quot;","block_context":{"text":"Blogu i Udh\u00ebtarit","link":"https:\/\/www.shqiperia.com\/blog\/category\/blogu-i-udhetarit\/"},"img":{"alt_text":"","src":"https:\/\/i0.wp.com\/www.shqiperia.com\/blog\/wp-content\/uploads\/2021\/09\/lubonja-rama-basha-berisha.jpg?fit=600%2C343&ssl=1&resize=350%2C200","width":350,"height":200,"srcset":"https:\/\/i0.wp.com\/www.shqiperia.com\/blog\/wp-content\/uploads\/2021\/09\/lubonja-rama-basha-berisha.jpg?fit=600%2C343&ssl=1&resize=350%2C200 1x, https:\/\/i0.wp.com\/www.shqiperia.com\/blog\/wp-content\/uploads\/2021\/09\/lubonja-rama-basha-berisha.jpg?fit=600%2C343&ssl=1&resize=525%2C300 1.5x"},"classes":[]},{"id":80088,"url":"https:\/\/www.shqiperia.com\/blog\/ministrja-norvegjeze-jep-doreheqjen-universiteti-zbuloi-se-kishte-plagjiature-te-diploma-e-masterit\/","url_meta":{"origin":28955,"position":5},"title":"Ministrja norvegjeze jep dor\u00ebheqjen. &#8211; Universiteti zbuloi se kishte plagjiatur\u00eb te diploma e masterit","author":"Kurt Farka","date":"April 13, 2024","format":false,"excerpt":"13 Prill 2024 Ministria norvegjeze i Sh\u00ebndet\u00ebsis\u00eb Ingvild Kjerkol dha dor\u00ebheqjen k\u00ebt\u00eb t\u00eb premte. Kjo \u00ebsht\u00eb dor\u00ebheqja e dyt\u00eb e nj\u00eb ministri n\u00eb qeverin\u00eb norvegjeze k\u00ebt\u00eb vit. Ajo dha dor\u00ebheqjen pas akuzave se kishte b\u00ebr\u00eb plagjiatur\u00eb mbrojtjen e diplom\u00ebs s\u00eb masterit dhe nj\u00eb dit\u00eb pas nj\u00eb hetimi nga Universiteti Nord\u2026","rel":"","context":"In &quot;Blogu i Udh\u00ebtarit&quot;","block_context":{"text":"Blogu i Udh\u00ebtarit","link":"https:\/\/www.shqiperia.com\/blog\/category\/blogu-i-udhetarit\/"},"img":{"alt_text":"","src":"https:\/\/i0.wp.com\/www.shqiperia.com\/blog\/wp-content\/uploads\/2024\/04\/640-0-screenshot-11-1712938348.jpg?fit=640%2C387&ssl=1&resize=350%2C200","width":350,"height":200,"srcset":"https:\/\/i0.wp.com\/www.shqiperia.com\/blog\/wp-content\/uploads\/2024\/04\/640-0-screenshot-11-1712938348.jpg?fit=640%2C387&ssl=1&resize=350%2C200 1x, https:\/\/i0.wp.com\/www.shqiperia.com\/blog\/wp-content\/uploads\/2024\/04\/640-0-screenshot-11-1712938348.jpg?fit=640%2C387&ssl=1&resize=525%2C300 1.5x"},"classes":[]}],"_links":{"self":[{"href":"https:\/\/www.shqiperia.com\/blog\/wp-json\/wp\/v2\/posts\/28955","targetHints":{"allow":["GET"]}}],"collection":[{"href":"https:\/\/www.shqiperia.com\/blog\/wp-json\/wp\/v2\/posts"}],"about":[{"href":"https:\/\/www.shqiperia.com\/blog\/wp-json\/wp\/v2\/types\/post"}],"author":[{"embeddable":true,"href":"https:\/\/www.shqiperia.com\/blog\/wp-json\/wp\/v2\/users\/9"}],"replies":[{"embeddable":true,"href":"https:\/\/www.shqiperia.com\/blog\/wp-json\/wp\/v2\/comments?post=28955"}],"version-history":[{"count":1,"href":"https:\/\/www.shqiperia.com\/blog\/wp-json\/wp\/v2\/posts\/28955\/revisions"}],"predecessor-version":[{"id":28957,"href":"https:\/\/www.shqiperia.com\/blog\/wp-json\/wp\/v2\/posts\/28955\/revisions\/28957"}],"wp:featuredmedia":[{"embeddable":true,"href":"https:\/\/www.shqiperia.com\/blog\/wp-json\/wp\/v2\/media\/28956"}],"wp:attachment":[{"href":"https:\/\/www.shqiperia.com\/blog\/wp-json\/wp\/v2\/media?parent=28955"}],"wp:term":[{"taxonomy":"category","embeddable":true,"href":"https:\/\/www.shqiperia.com\/blog\/wp-json\/wp\/v2\/categories?post=28955"},{"taxonomy":"post_tag","embeddable":true,"href":"https:\/\/www.shqiperia.com\/blog\/wp-json\/wp\/v2\/tags?post=28955"}],"curies":[{"name":"wp","href":"https:\/\/api.w.org\/{rel}","templated":true}]}}