{"id":28952,"date":"2019-12-05T18:41:23","date_gmt":"2019-12-05T18:41:23","guid":{"rendered":"https:\/\/www.shqiperia.com\/blog\/?p=28952"},"modified":"2019-12-05T18:41:23","modified_gmt":"2019-12-05T18:41:23","slug":"letra-nga-diaspora-per-ramen-anulo-keto-16-koncesione","status":"publish","type":"post","link":"https:\/\/www.shqiperia.com\/blog\/letra-nga-diaspora-per-ramen-anulo-keto-16-koncesione\/","title":{"rendered":"Letra nga Diaspora p\u00ebr Ram\u00ebn: Anulo k\u00ebto 16 koncesione. &#8211;"},"content":{"rendered":"<p><img data-recalc-dims=\"1\" loading=\"lazy\" decoding=\"async\" data-attachment-id=\"28953\" data-permalink=\"https:\/\/www.shqiperia.com\/blog\/letra-nga-diaspora-per-ramen-anulo-keto-16-koncesione\/pallati-thumane-1\/\" data-orig-file=\"https:\/\/i0.wp.com\/www.shqiperia.com\/blog\/wp-content\/uploads\/2019\/12\/Pallati-THUMANE-1.jpg?fit=780%2C440&amp;ssl=1\" data-orig-size=\"780,440\" data-comments-opened=\"1\" data-image-meta=\"{&quot;aperture&quot;:&quot;0&quot;,&quot;credit&quot;:&quot;&quot;,&quot;camera&quot;:&quot;&quot;,&quot;caption&quot;:&quot;&quot;,&quot;created_timestamp&quot;:&quot;0&quot;,&quot;copyright&quot;:&quot;&quot;,&quot;focal_length&quot;:&quot;0&quot;,&quot;iso&quot;:&quot;0&quot;,&quot;shutter_speed&quot;:&quot;0&quot;,&quot;title&quot;:&quot;&quot;,&quot;orientation&quot;:&quot;0&quot;}\" data-image-title=\"Pallati-THUMANE-1\" data-image-description=\"\" data-image-caption=\"\" data-medium-file=\"https:\/\/i0.wp.com\/www.shqiperia.com\/blog\/wp-content\/uploads\/2019\/12\/Pallati-THUMANE-1.jpg?fit=300%2C169&amp;ssl=1\" data-large-file=\"https:\/\/i0.wp.com\/www.shqiperia.com\/blog\/wp-content\/uploads\/2019\/12\/Pallati-THUMANE-1.jpg?fit=780%2C440&amp;ssl=1\" class=\"alignnone  wp-image-28953\" alt=\"\" src=\"https:\/\/i0.wp.com\/www.shqiperia.com\/blog\/wp-content\/uploads\/2019\/12\/Pallati-THUMANE-1.jpg?resize=554%2C312&#038;ssl=1\" width=\"554\" height=\"312\" srcset=\"https:\/\/i0.wp.com\/www.shqiperia.com\/blog\/wp-content\/uploads\/2019\/12\/Pallati-THUMANE-1.jpg?resize=300%2C169&amp;ssl=1 300w, https:\/\/i0.wp.com\/www.shqiperia.com\/blog\/wp-content\/uploads\/2019\/12\/Pallati-THUMANE-1.jpg?resize=768%2C433&amp;ssl=1 768w, https:\/\/i0.wp.com\/www.shqiperia.com\/blog\/wp-content\/uploads\/2019\/12\/Pallati-THUMANE-1.jpg?resize=450%2C254&amp;ssl=1 450w, https:\/\/i0.wp.com\/www.shqiperia.com\/blog\/wp-content\/uploads\/2019\/12\/Pallati-THUMANE-1.jpg?resize=600%2C338&amp;ssl=1 600w, https:\/\/i0.wp.com\/www.shqiperia.com\/blog\/wp-content\/uploads\/2019\/12\/Pallati-THUMANE-1.jpg?resize=400%2C226&amp;ssl=1 400w, https:\/\/i0.wp.com\/www.shqiperia.com\/blog\/wp-content\/uploads\/2019\/12\/Pallati-THUMANE-1.jpg?w=780&amp;ssl=1 780w\" sizes=\"auto, (max-width: 554px) 100vw, 554px\" \/><\/p>\n<p><strong>Letra nga Diaspora p\u00ebr Ram\u00ebn: Anulo k\u00ebto 16 koncesione<\/strong><\/p>\n<p>&#8211; 05\/12\/19<\/p>\n<p><a href=\"https:\/\/gazetamapo.al\/letra-nga-diaspora-per-ramen-anulo-keto-16-koncesione\/\"><strong>mapo.al<\/strong><\/a><\/p>\n<p>Nga Florian Ha\u00e7kaj<\/p>\n<p>Drejtuar Kryeministrit t\u00eb Shqip\u00ebris\u00eb Z. Edi Rama<\/p>\n<p>Shkurtimisht mbi mua: Quhem Florian Ha\u00e7kaj, jam 36 vje\u00e7 e vij nga Tirana. Duke filluar me studimet n\u00eb Gjermani prej shtatorit t\u00eb 2002 e deri m\u00eb sot ku jetoj n\u00eb Zvic\u00ebr e punoj e si menaxher prej m\u00eb shum\u00eb se 10 viteve, b\u00ebj plot 18 vite q\u00eb jam pjes\u00eb e diaspor\u00ebs shqiptare. Disa muaj m\u00eb par\u00eb, ju dhe qeveria juaj m\u00eb shpreh\u00ebt mir\u00ebnjohjen me titullin \u201cAmbasador I kombit\u201d. Titull i r\u00ebnd\u00eb ky q\u00eb n\u00eb k\u00ebt\u00eb situat\u00eb t\u00eb veshtir\u00eb q\u00eb ka kapluar v\u00ebndin, r\u00ebndon edhe m\u00eb shum\u00eb. Si nj\u00eb qytetar i preokupuar shqiptar, si nj\u00eb ekonomist\/menaxher i suksessh\u00ebm n\u00eb per\u00ebndim, si nj\u00eb atdhedash\u00ebs dhe s\u00eb fundmi si \u201cAmbasador i kombit\u201d, nuk mund t\u00eb rri i heshtur teksa ndjek keqmenaxhimin e situat\u00ebs kaotike n\u00eb t\u00eb cil\u00ebn ndodhet v\u00ebndi.<\/p>\n<p><span>\u00a0<\/span><\/p>\n<p>M\u00eb duhet tju them q\u00eb nuk g\u00ebzoj as respektin m\u00eb t\u00eb vog\u00ebl p\u00ebr ju si 1) keqmenaxhues i besimit t\u00eb shqiptar\u00ebve duke e \u00e7uar nivelin e korrupsionit mbi \u00e7do parashikim, 2) duke dh\u00ebn\u00eb kon\u00e7esione t\u00eb tmerrshme, kostot e t\u00eb cilave do t\u2019i mbajn\u00eb edhe femij\u00ebt e f\u00ebmij\u00ebve tan\u00eb n\u00ebse nuk arrijm\u00eb t\u00eb \u00e7lirohemi nga ato, 3) duke ulur mir\u00ebq\u00ebnien e qytetar\u00ebve shqiptar\u00eb aq keq sa ti shtyni ato drejt emigrimit etj etj.<\/p>\n<p>T\u00eb nj\u00ebjtin mosrespekt g\u00ebzoj p\u00ebr t\u00eb gjith\u00eb sojin tuaj t\u00eb politikaneve me premtime boshe q\u00eb mezi prisni t\u00eb merrni stafet\u00ebn, p\u00ebr t\u00eb vazhduar vjedhjet. Megjithate, sot nuk \u00ebsht\u00eb koha p\u00ebr politik\u00eb por p\u00ebr t\u00eb marr\u00eb situat\u00ebn n\u00eb dor\u00eb e p\u00ebr k\u00ebt\u00eb arsye po ju drejtohem me disa k\u00ebrkesa konkrete e t\u00eb r\u00ebnd\u00ebsishme p\u00ebr menaxhimin e gj\u00ebndjes s\u00eb emergjenc\u00ebs.<\/p>\n<p>*\u00cbsht\u00eb e papranueshme p\u00ebr Shqip\u00ebrin\u00eb, v\u00ebnd q\u00eb synon antar\u00ebsimin n\u00eb Bashkimin Europian, q\u00eb akoma n\u00eb 2019 (thuajse 2020), nuk ka struktura funksionale, por vazhdon tradita e \u00abnj\u00ebshit\u00bb q\u00eb duhet t\u00eb zgjidh\u00eb \u00e7do gj\u00eb e n\u00eb k\u00ebt\u00eb rast ju ka r\u00ebn\u00eb juve t\u00eb jeni \u00abnj\u00ebshi\u00bb. Duke e marre k\u00ebt\u00eb si fakt, po ju drejtohem me disa pika t\u00eb\u00a0r\u00ebnd\u00ebsishme, t\u00eb cilat do tju jepnin shancin juve t\u00eb hyni n\u00eb histori si nj\u00eb menaxhues i suksessh\u00ebm i nj\u00eb katastrofe t\u00eb k\u00ebsaj mase n\u00eb vend e m\u00eb n\u00eb fund t\u00eb b\u00ebni di\u00e7ka t\u00eb sakt\u00eb:<\/p>\n<p>1) Ndaloni urgjentisht shkat\u00ebrrimin nga IKMT t\u00eb nd\u00ebrtimeve gjys\u00ebm t\u00eb shkat\u00ebrruara nga t\u00ebrmeti sepse ato v\u00ebnde ku vdiqen njer\u00ebz, jan\u00eb skena krimi!<\/p>\n<ol>\n<li>Skena krimi q\u00eb duhet t\u00eb hetohen nga prokuroria me urgjenc\u00ebn m\u00eb t\u00eb madhe dhe si asnj\u00ebher\u00eb tjet\u00ebr, duhet t\u00eb nxirren fajtor\u00ebt p\u00ebr t\u00eb marr\u00eb fund nj\u00eb her\u00eb e mir\u00eb, abuzimi me cilesin\u00eb e nd\u00ebrtimeve, si nj\u00eb rrezik direkt ndaj jet\u00ebve t\u00eb njer\u00ebzve.<\/li>\n<li>Duhet t\u00eb b\u00ebhen p\u00ebrgjegj\u00ebs menj\u00ebher\u00eb kryetar\u00eb bashkie, n\u00ebnkryetar\u00eb, inspektor\u00eb, inxhiniere, nd\u00ebrtues, \u00e7ertifikues etj. t\u00eb cil\u00ebt kan\u00eb firmosur, kan\u00eb ndikuar n\u00eb ato ndertime ose kan\u00eb nd\u00ebrtuar pallatet n\u00eb fjal\u00eb.<\/li>\n<\/ol>\n<p>2) Ju personalisht duhet t\u00eb ndaloni urgjentisht loj\u00ebn e dyfisht\u00eb ku n\u00eb nj\u00ebr\u00ebn an\u00eb k\u00ebrkoni hapjen e hetimeve e n\u00eb tjetr\u00ebn k\u00ebrkoni me ngulm pastrimin e v\u00ebndit deri perpara festave! Me k\u00ebt\u00eb gj\u00ebndje, nuk ka shqiptar q\u00eb do ket\u00eb shpirt t\u00eb festoj\u00eb pasi po l\u00ebm\u00eb nj\u00eb vit t\u00eb trisht\u00eb pas.<\/p>\n<p>3) Ndaloni urgjentisht daljen n\u00eb televizione duke debatuar me popullin e trishtuar se po b\u00ebheni qesharak dhe I p\u00ebshtir\u00eb n\u00eb t\u00eb nj\u00ebjten koh\u00eb. Fakti q\u00eb nuk funksionojn\u00eb strukturat e menaxhimit t\u00eb emergjencave por duhet t\u00eb shkoni ju n\u00eb \u00e7do v\u00ebnd p\u00ebr t\u00eb dh\u00ebn\u00eb zgjidhje, tregon qart\u00eb se \u00e7fare shteti mosfunksional keni krijuar, n\u00eb vitet tuaja t\u00eb qeverisjes. Fajin e ka edhe soji juaj i politikan\u00ebve nga partit\u00eb e tjera, por ju e kishit p\u00ebr detyr\u00eb ta p\u00ebrmir\u00ebsonit k\u00ebt\u00eb n\u00eb mbi 6 vite qeverisje.<\/p>\n<p>4) Lereni shtabin e emergjencave t\u00eb b\u00ebj\u00eb pun\u00ebn si\u00e7 duhet dhe th\u00ebrrisni n\u00eb k\u00ebshill komb\u00ebtar t\u00eb rind\u00ebrtimit, profestionist\u00eb nga fushat, t\u00eb cil\u00ebt mund tjua thon\u00eb t\u00eb v\u00ebrtet\u00ebn e mendimin n\u00eb sy e mos th\u00ebrrisni sahanl\u00ebpires me interesa direkte n\u00eb k\u00ebt\u00eb gj\u00ebndje psh. n\u00eb shitjen e apartamenteve boshe n\u00eb Tiran\u00eb e Durr\u00ebs.<\/p>\n<p>5) Lerini \u00e7ertifikimet e siguris\u00eb s\u00eb pallateve t\u00eb d\u00ebmtuara t\u00eb b\u00ebhen me pro\u00e7es verbal, fakt ky q\u00eb i jep nj\u00eb far\u00eb sigurie popullit t\u00eb rifutet aty me familjet e tyre dhe q\u00eb e b\u00ebn shtetin p\u00ebrgjegj\u00ebs n\u00eb rast d\u00ebmtimi t\u00eb m\u00ebtejsh\u00ebm p\u00ebr shkak t\u00eb siguris\u00eb s\u00eb munguar. L\u00ebrini specialist\u00ebt t\u00eb thon\u00eb fjal\u00ebn e fundit e ndaloni ministrat militant\u00eb si Sander Lleshaj dje q\u00eb iu hak\u00ebrrye inxhinierit.<\/p>\n<p>Info mbi piken 5) Pas r\u00ebnies s\u00eb dy avion\u00ebve Boeing 737 Max, drejtuesit e Boeing propozuan q\u00eb n\u00eb fluturimet e para pas rregullimit t\u00eb difekteve t\u00eb ishin vet\u00eb pasagjer\u00eb, me q\u00ebllim q\u00eb t\u00eb rikthenin besimin tek klient\u00ebt dhe pasagjer\u00ebt. Duke e lidhur ket\u00eb me gjendjen e pas-t\u00ebmetit, ata qe \u00e7ertifikojn\u00eb banesat si jo t\u00eb rrezikshme, zyrtar\u00eb t\u00eb lart\u00eb (p\u00ebrfshir\u00eb ju e Z. Lleshaj) dhe nd\u00ebrtues, n\u00ebse duan ti japin garanci banor\u00ebve t\u00eb kthehen n\u00eb banesat e riparuara\/te reja, duhet q\u00eb minimalisht disa jav\u00eb\/muaj t\u00eb jetojn\u00eb vet\u00eb bashk\u00eb me familjet n\u00eb k\u00ebto nd\u00ebrtesa.<\/p>\n<p>6) Merrni masa urgjente ndaj atyre q\u00eb kan\u00eb keqp\u00ebrdorur fondet p\u00ebr materiale e aparatura p\u00ebr menaxhimin e t\u00eb tilla katastrofave. Shqiptar\u00ebt sado t\u00eb varfer, taksat i paguajn\u00eb dhe ato duhet t\u00eb shkojn\u00eb n\u00eb v\u00ebndin e duhur.<\/p>\n<p>7) Ndaloni urgjentisht dhun\u00ebn ndaj mediave t\u00eb lira me justifikimin e p\u00ebrhapjes s\u00eb panikut. \u00cbsht\u00eb thuajse 2020 dhe Shqip\u00ebria ka nevoj\u00eb m\u00eb shum\u00eb se kurr\u00eb p\u00ebr fjal\u00ebn e lir\u00eb.<\/p>\n<p>8) S\u00eb fundmi disa sugjerime p\u00ebr ju dhe qeverin\u00eb tuaj, t\u00eb paraqitura nga nisma qytetare (Nisma #Thurje) m\u00eb par\u00eb por edhe t\u00eb shprehura nga individ\u00eb t\u00eb tjer\u00eb n\u00eb kuadrin e sygjerimeve p\u00ebr tu rim\u00ebk\u00ebmbur sa m\u00eb shpejt dhe se si qeveria mund t\u00eb pagoj\u00eb faturat e d\u00ebmeve t\u00eb t\u00ebrmetit, t\u00eb cilat do t\u00eb jen\u00eb shum\u00eb t\u00eb larta:<\/p>\n<p>T\u00eb anullohen menj\u00ebher\u00eb kontratat e m\u00ebposhtme:<\/p>\n<p>\u2013 Kon\u00e7esioni i check-up \u2013 90 milion\u00eb USD<\/p>\n<p>\u2013 Sterilizimi \u2013 160 milion\u00eb USD<\/p>\n<p>\u2013 Dializa \u2013 70 milion USD<\/p>\n<p>\u2013 Sh\u00ebrbimi laboratorik \u2013 90 milion USD<\/p>\n<p>\u2013 Inceneratori i Elbasanit \u2013 52 milion USD<\/p>\n<p>\u2013 Inceneratori i Fierit \u2013 40 milion USD<\/p>\n<p>\u2013 Inceneratori i Tiran\u00ebs \u2013 310 milion\u00eb USD<\/p>\n<p>\u2013 Rrug\u00ebt e Devoll Hdrp \u2013 68 milion USD<\/p>\n<p>\u2013 Nd\u00ebrtimi i shkollave n\u00eb Tr \u2013 80 milion USD<\/p>\n<p>\u2013 Rruga Milot Balldren \u2013 300 milion\u00eb USD<\/p>\n<p>\u2013 Rruga Orikum-Dukat \u2013 75 milion USD<\/p>\n<p>\u2013 Trau te rruga e Kombit \u2013 470 milion USD<\/p>\n<p>\u2013 Rruga e Arb\u00ebrit \u2013 400 milion USD<\/p>\n<p>__________________<\/p>\n<p>2.2 miliard\u00eb USD<\/p>\n<p>Si edhe t\u00eb mos lidhen kontratat e m\u00ebposhtme sipas planifikimit q\u00eb keni ju si KM:<\/p>\n<p>\u2013 Spitali i Fierit \u2013 90 milion USD<\/p>\n<p>\u2013 Rruga Thuman\u00eb-Vor\u00eb \u2013 340 milion USD<\/p>\n<p>\u2013 Rruga Kashar-Rrogozhin\u00eb \u2013 410 milion USD<\/p>\n<p>__________________<\/p>\n<p>840 milion USD<\/p>\n<p>Totali 3.05 miliard\u00eb USD<\/p>\n<p>Me 3.05 miliard\u00eb dollar\u00eb p\u00ebrballojm\u00eb jo vet\u00ebm fatur\u00ebn e t\u00ebrmetit por edhe hapim vende t\u00eb reja pune si edhe p\u00ebrmir\u00ebsojm\u00eb duksh\u00ebm sh\u00ebrbimet dhe pagat e sektorit publik. Si Diaspor\u00eb Z. Kryeminist\u00ebr ne fol\u00ebm dhe ndihmuam si financiarisht, si materialisht. Ju lutem na ndihmoni ju neve dhe v\u00ebndin ton\u00eb, duke plotesuar pikat e lartp\u00ebrmendura.<\/p>\n<p>PS: N\u00ebse p\u00ebrve\u00e7 jush, dikush do ket\u00eb durim t\u00eb m\u00eb lexoj\u00eb deri n\u00eb fund dhe nuk e ka t\u00eb qart\u00eb akoma, \u00e7do qindark\u00eb e kostove t\u00eb kon\u00e7esioneve t\u00eb lartp\u00ebrm\u00ebndura por edhe kostove t\u00eb rind\u00ebrtimit nga k\u00ebto shkat\u00ebrrime q\u00eb pervec t\u00ebrmetit, bazohen fort mbi keqnd\u00ebrtimet dhe abuzimet (t\u00eb cilat po tentohen t\u00eb fshihen) , do t\u00eb r\u00ebndojn\u00eb mbi xhepat ton\u00eb si taksapagues por edhe n\u00ebse kujtoni se ik\u00ebt jasht\u00eb Shqip\u00ebris\u00eb dhe shp\u00ebtuat, t\u00eb jeni t\u00eb sigurt\u00eb q\u00eb parat\u00eb q\u00eb do sillni p\u00ebr familjet tuaja n\u00eb Shqip\u00ebri (remitancat) do t\u00eb p\u00ebrdoren gjithashtu p\u00ebr ato m\u00eb sip\u00ebr !<\/p>\n","protected":false},"excerpt":{"rendered":"<p>Letra nga Diaspora p\u00ebr Ram\u00ebn: Anulo k\u00ebto 16 koncesione &#8211; 05\/12\/19 mapo.al Nga Florian Ha\u00e7kaj Drejtuar Kryeministrit t\u00eb Shqip\u00ebris\u00eb Z. Edi Rama Shkurtimisht mbi mua: Quhem Florian Ha\u00e7kaj, jam 36 vje\u00e7 e vij nga Tirana. Duke filluar me studimet n\u00eb Gjermani prej shtatorit t\u00eb 2002 e deri m\u00eb sot ku jetoj n\u00eb Zvic\u00ebr e punoj [&hellip;]<\/p>\n","protected":false},"author":9,"featured_media":28953,"comment_status":"open","ping_status":"open","sticky":false,"template":"","format":"standard","meta":{"jetpack_post_was_ever_published":false,"_jetpack_newsletter_access":"","_jetpack_dont_email_post_to_subs":false,"_jetpack_newsletter_tier_id":0,"_jetpack_memberships_contains_paywalled_content":false,"_jetpack_memberships_contains_paid_content":false,"footnotes":"","jetpack_publicize_message":"","jetpack_publicize_feature_enabled":true,"jetpack_social_post_already_shared":true,"jetpack_social_options":{"image_generator_settings":{"template":"highway","default_image_id":0,"font":"","enabled":false},"version":2}},"categories":[27,35],"tags":[],"class_list":["post-28952","post","type-post","status-publish","format-standard","has-post-thumbnail","hentry","category-blogu-i-udhetarit","category-shoqerore"],"jetpack_publicize_connections":[],"jetpack_featured_media_url":"https:\/\/i0.wp.com\/www.shqiperia.com\/blog\/wp-content\/uploads\/2019\/12\/Pallati-THUMANE-1.jpg?fit=780%2C440&ssl=1","jetpack_sharing_enabled":true,"jetpack_shortlink":"https:\/\/wp.me\/p5Z6wp-7wY","jetpack-related-posts":[{"id":19970,"url":"https:\/\/www.shqiperia.com\/blog\/a-na-duhet-vertete-nje-minister-kulture\/","url_meta":{"origin":28952,"position":0},"title":"A na duhet v\u00ebrtet\u00eb nj\u00eb minist\u00ebr Kulture?!","author":"Kurt Farka","date":"April 22, 2019","format":false,"excerpt":"A na duhet v\u00ebrtet\u00eb nj\u00eb minist\u00ebr Kulture?! Gazeta Shqiptare Nga: Ben Andoni \u2013 Un\u00eb i thash\u00eb kryeministrit se Genti Cak\u00ebn mund ta b\u00ebnte Minist\u00ebr Kulture, n\u00ebse ai e vler\u00ebsonte aq shum\u00eb\u201d. Kjo \u00ebsht\u00eb fjalia e Z.Ilir\u00a0Meta q\u00eb u sfumua n\u00eb mesin e shum\u00eb prej fjalive ku publiku u mundua t\u00eb\u2026","rel":"","context":"In &quot;Blogu i Udh\u00ebtarit&quot;","block_context":{"text":"Blogu i Udh\u00ebtarit","link":"https:\/\/www.shqiperia.com\/blog\/category\/blogu-i-udhetarit\/"},"img":{"alt_text":"","src":"https:\/\/i0.wp.com\/www.shqiperia.com\/blog\/wp-content\/uploads\/2019\/04\/13-20-7-2-575x433.jpg?fit=575%2C301&ssl=1&resize=350%2C200","width":350,"height":200,"srcset":"https:\/\/i0.wp.com\/www.shqiperia.com\/blog\/wp-content\/uploads\/2019\/04\/13-20-7-2-575x433.jpg?fit=575%2C301&ssl=1&resize=350%2C200 1x, https:\/\/i0.wp.com\/www.shqiperia.com\/blog\/wp-content\/uploads\/2019\/04\/13-20-7-2-575x433.jpg?fit=575%2C301&ssl=1&resize=525%2C300 1.5x"},"classes":[]},{"id":28428,"url":"https:\/\/www.shqiperia.com\/blog\/shperthen-ylli-rakipi-ambasadori-soreca-nje-keqberes-ne-shqiperi-borchardt-nje-ambasador-qesharak\/","url_meta":{"origin":28952,"position":1},"title":"Shp\u00ebrthen Ylli Rakipi: &#8211; Ambasadori Soreca, nj\u00eb keqb\u00ebr\u00ebs n\u00eb Shqip\u00ebri. Borchardt, nj\u00eb ambasador qesharak. &#8211;","author":"Kurt Farka","date":"November 22, 2019","format":false,"excerpt":"Shp\u00ebrthen Ylli Rakipi: - Ambasadori Soreca, nj\u00eb keqb\u00ebr\u00ebs n\u00eb Shqip\u00ebri. Borchardt, nj\u00eb ambasador qesharak 21 nentor 2019 Gazetari Ylli Rakipi, i ftuar n\u00eb studion e ABC News, me Mirela Milorin, ka folur p\u00ebr zhvillimet e fundit politike n\u00eb vend. Rakipi tha se institucioni i fundit q\u00eb ka mbetur pa marr\u00eb\u2026","rel":"","context":"In &quot;Blogu i Udh\u00ebtarit&quot;","block_context":{"text":"Blogu i Udh\u00ebtarit","link":"https:\/\/www.shqiperia.com\/blog\/category\/blogu-i-udhetarit\/"},"img":{"alt_text":"","src":"https:\/\/i0.wp.com\/www.shqiperia.com\/blog\/wp-content\/uploads\/2019\/11\/ylli-rakipi.jpg?fit=696%2C368&ssl=1&resize=350%2C200","width":350,"height":200,"srcset":"https:\/\/i0.wp.com\/www.shqiperia.com\/blog\/wp-content\/uploads\/2019\/11\/ylli-rakipi.jpg?fit=696%2C368&ssl=1&resize=350%2C200 1x, https:\/\/i0.wp.com\/www.shqiperia.com\/blog\/wp-content\/uploads\/2019\/11\/ylli-rakipi.jpg?fit=696%2C368&ssl=1&resize=525%2C300 1.5x"},"classes":[]},{"id":24290,"url":"https:\/\/www.shqiperia.com\/blog\/te-ndalet-plackitja-vetevendosje-ne-shqiperi-kunder-traut-ne-rrugen-e-kombit-kastrati-dhe-salillari-vjelin-qytetaret\/","url_meta":{"origin":28952,"position":2},"title":"\u201cT\u00eb ndalet pla\u00e7kitja\u201d, Vet\u00ebvendosje n\u00eb Shqip\u00ebri kund\u00ebr traut n\u00eb Rrug\u00ebn e Kombit: Kastrati dhe \u201cSalillari vjelin qytetar\u00ebt. &#8211;","author":"Kurt Farka","date":"August 4, 2019","format":false,"excerpt":"\u201cT\u00eb ndalet pla\u00e7kitja\u201d, Vet\u00ebvendosje n\u00eb Shqip\u00ebri kund\u00ebr traut n\u00eb Rrug\u00ebn e Kombit: Kastrati dhe \u201cSalillari vjelin qytetar\u00ebt Vet\u00ebvendosje k\u00ebt\u00eb tarif\u00eb e quan nj\u00eb pal\u00e7kitje dhe k\u00ebrkon q\u00eb t\u00eb ndalet sa m\u00eb par\u00eb. 4 Gusht, 2019 17:24 TIRAN\u00cb-\u00a0L\u00ebvizja Vet\u00ebvendosje Qendra n\u00eb Shqip\u00ebri, n\u00eb nj\u00eb deklarat\u00eb t\u00eb sotme ka reaguar kund\u00ebr task\u00ebs\u2026","rel":"","context":"In &quot;Blogu i Udh\u00ebtarit&quot;","block_context":{"text":"Blogu i Udh\u00ebtarit","link":"https:\/\/www.shqiperia.com\/blog\/category\/blogu-i-udhetarit\/"},"img":{"alt_text":"","src":"https:\/\/i0.wp.com\/www.shqiperia.com\/blog\/wp-content\/uploads\/2019\/08\/rruga_e_kombit_1-1.jpg?fit=1200%2C592&ssl=1&resize=350%2C200","width":350,"height":200,"srcset":"https:\/\/i0.wp.com\/www.shqiperia.com\/blog\/wp-content\/uploads\/2019\/08\/rruga_e_kombit_1-1.jpg?fit=1200%2C592&ssl=1&resize=350%2C200 1x, https:\/\/i0.wp.com\/www.shqiperia.com\/blog\/wp-content\/uploads\/2019\/08\/rruga_e_kombit_1-1.jpg?fit=1200%2C592&ssl=1&resize=525%2C300 1.5x, https:\/\/i0.wp.com\/www.shqiperia.com\/blog\/wp-content\/uploads\/2019\/08\/rruga_e_kombit_1-1.jpg?fit=1200%2C592&ssl=1&resize=700%2C400 2x, https:\/\/i0.wp.com\/www.shqiperia.com\/blog\/wp-content\/uploads\/2019\/08\/rruga_e_kombit_1-1.jpg?fit=1200%2C592&ssl=1&resize=1050%2C600 3x"},"classes":[]},{"id":22235,"url":"https:\/\/www.shqiperia.com\/blog\/a-duhen-menaxhere-arti-ne-shqiperi\/","url_meta":{"origin":28952,"position":3},"title":"A duhen menaxher\u00eb arti n\u00eb Shqip\u00ebri?","author":"Kurt Farka","date":"June 24, 2019","format":false,"excerpt":"A duhen menaxher\u00eb arti n\u00eb Shqip\u00ebri? \u201cArtist\u00ebt figurativ\u00eb kan\u00eb v\u00ebshtir\u00ebsi n\u00eb gjetjen e tregut, vendi yn\u00eb nuk ka ankande as \u00e7mime\u201d \u00a0Nga Msc. Pandi Madhi Rreth dy vite me par\u00eb, teksa isha pjes\u00eb e organizimit t\u00eb disa aktiviteteve n\u00eb fush\u00ebn e arteve, m\u00eb lindi ideja p\u00ebr p\u00ebrgatitjen e nj\u00eb cikli\u2026","rel":"","context":"In &quot;Arte&quot;","block_context":{"text":"Arte","link":"https:\/\/www.shqiperia.com\/blog\/category\/arte\/"},"img":{"alt_text":"","src":"https:\/\/i0.wp.com\/www.shqiperia.com\/blog\/wp-content\/uploads\/2019\/06\/64604780_963026097363526_7874467094312517632_n-770x433.jpg?fit=770%2C380&ssl=1&resize=350%2C200","width":350,"height":200,"srcset":"https:\/\/i0.wp.com\/www.shqiperia.com\/blog\/wp-content\/uploads\/2019\/06\/64604780_963026097363526_7874467094312517632_n-770x433.jpg?fit=770%2C380&ssl=1&resize=350%2C200 1x, https:\/\/i0.wp.com\/www.shqiperia.com\/blog\/wp-content\/uploads\/2019\/06\/64604780_963026097363526_7874467094312517632_n-770x433.jpg?fit=770%2C380&ssl=1&resize=525%2C300 1.5x, https:\/\/i0.wp.com\/www.shqiperia.com\/blog\/wp-content\/uploads\/2019\/06\/64604780_963026097363526_7874467094312517632_n-770x433.jpg?fit=770%2C380&ssl=1&resize=700%2C400 2x"},"classes":[]},{"id":90708,"url":"https:\/\/www.shqiperia.com\/blog\/investigimi-skandali-i-ambasadorit-fatmir-velaj-te-edi-rames-trondit-politiken-austriake\/","url_meta":{"origin":28952,"position":4},"title":"Investigimi\/ &#8211; Skandali i ambasadorit Fatmir Velaj t\u00eb Edi Ram\u00ebs trondit politik\u00ebn austriake","author":"Kurt Farka","date":"March 25, 2025","format":false,"excerpt":"25 Mars 2025 ... Velaj kishte n\u00ebnshtet\u00ebsi t\u00eb dyfisht\u00eb austriako-shqiptar n\u00eb koh\u00ebn e em\u00ebrimit t\u00eb tij, dhe n\u00ebse ai kishte aktivitet tregtar aktualisht n\u00eb Austri. Sipas praktik\u00ebs, t\u00eb dyja do t\u00eb ishin arsye p\u00ebr p\u00ebrjashtim nga akreditimi si ambasador i nj\u00eb vendi t\u00eb tret\u00eb. Nj\u00eb skandal po trondit politik\u00ebn n\u00eb\u2026","rel":"","context":"In &quot;Histori&quot;","block_context":{"text":"Histori","link":"https:\/\/www.shqiperia.com\/blog\/category\/histori\/"},"img":{"alt_text":"","src":"https:\/\/i0.wp.com\/www.shqiperia.com\/blog\/wp-content\/uploads\/2025\/03\/rama-dhe-fatja-cod-e1742912699951.jpg?fit=1200%2C695&ssl=1&resize=350%2C200","width":350,"height":200,"srcset":"https:\/\/i0.wp.com\/www.shqiperia.com\/blog\/wp-content\/uploads\/2025\/03\/rama-dhe-fatja-cod-e1742912699951.jpg?fit=1200%2C695&ssl=1&resize=350%2C200 1x, https:\/\/i0.wp.com\/www.shqiperia.com\/blog\/wp-content\/uploads\/2025\/03\/rama-dhe-fatja-cod-e1742912699951.jpg?fit=1200%2C695&ssl=1&resize=525%2C300 1.5x, https:\/\/i0.wp.com\/www.shqiperia.com\/blog\/wp-content\/uploads\/2025\/03\/rama-dhe-fatja-cod-e1742912699951.jpg?fit=1200%2C695&ssl=1&resize=700%2C400 2x, https:\/\/i0.wp.com\/www.shqiperia.com\/blog\/wp-content\/uploads\/2025\/03\/rama-dhe-fatja-cod-e1742912699951.jpg?fit=1200%2C695&ssl=1&resize=1050%2C600 3x"},"classes":[]},{"id":28273,"url":"https:\/\/www.shqiperia.com\/blog\/neritan-ceka-per-ramen-i-ngjan-skulptures-prej-druri-te-kristaq-rames-per-haxhi-qamilin\/","url_meta":{"origin":28952,"position":5},"title":"Neritan Ceka p\u00ebr Ram\u00ebn: -I ngjan skulptur\u00ebs prej druri t\u00eb Kristaq Ram\u00ebs p\u00ebr Haxhi Qamilin. &#8211;","author":"Kurt Farka","date":"November 19, 2019","format":false,"excerpt":"Neritan Ceka p\u00ebr Ram\u00ebn: -I ngjan skulptur\u00ebs prej druri t\u00eb Kristaq Ram\u00ebs p\u00ebr Haxhi Qamilin 18 Nentor, 2019 Politikani Neritan Ceka, i ftuar n\u00eb emisionin \u201c360 Grad\u00eb\u201d n\u00eb RTV Ora, e ka krahasuar kryeministrin Edi Rama me Haxhi Qamilin dhe skulptur\u00ebn e tij, t\u00eb realizuar nga i ati i tij,\u2026","rel":"","context":"In &quot;Blogu i Udh\u00ebtarit&quot;","block_context":{"text":"Blogu i Udh\u00ebtarit","link":"https:\/\/www.shqiperia.com\/blog\/category\/blogu-i-udhetarit\/"},"img":{"alt_text":"","src":"https:\/\/i0.wp.com\/www.shqiperia.com\/blog\/wp-content\/uploads\/2019\/11\/ceka-dhe-rama.jpg?fit=780%2C440&ssl=1&resize=350%2C200","width":350,"height":200,"srcset":"https:\/\/i0.wp.com\/www.shqiperia.com\/blog\/wp-content\/uploads\/2019\/11\/ceka-dhe-rama.jpg?fit=780%2C440&ssl=1&resize=350%2C200 1x, https:\/\/i0.wp.com\/www.shqiperia.com\/blog\/wp-content\/uploads\/2019\/11\/ceka-dhe-rama.jpg?fit=780%2C440&ssl=1&resize=525%2C300 1.5x, https:\/\/i0.wp.com\/www.shqiperia.com\/blog\/wp-content\/uploads\/2019\/11\/ceka-dhe-rama.jpg?fit=780%2C440&ssl=1&resize=700%2C400 2x"},"classes":[]}],"_links":{"self":[{"href":"https:\/\/www.shqiperia.com\/blog\/wp-json\/wp\/v2\/posts\/28952","targetHints":{"allow":["GET"]}}],"collection":[{"href":"https:\/\/www.shqiperia.com\/blog\/wp-json\/wp\/v2\/posts"}],"about":[{"href":"https:\/\/www.shqiperia.com\/blog\/wp-json\/wp\/v2\/types\/post"}],"author":[{"embeddable":true,"href":"https:\/\/www.shqiperia.com\/blog\/wp-json\/wp\/v2\/users\/9"}],"replies":[{"embeddable":true,"href":"https:\/\/www.shqiperia.com\/blog\/wp-json\/wp\/v2\/comments?post=28952"}],"version-history":[{"count":1,"href":"https:\/\/www.shqiperia.com\/blog\/wp-json\/wp\/v2\/posts\/28952\/revisions"}],"predecessor-version":[{"id":28954,"href":"https:\/\/www.shqiperia.com\/blog\/wp-json\/wp\/v2\/posts\/28952\/revisions\/28954"}],"wp:featuredmedia":[{"embeddable":true,"href":"https:\/\/www.shqiperia.com\/blog\/wp-json\/wp\/v2\/media\/28953"}],"wp:attachment":[{"href":"https:\/\/www.shqiperia.com\/blog\/wp-json\/wp\/v2\/media?parent=28952"}],"wp:term":[{"taxonomy":"category","embeddable":true,"href":"https:\/\/www.shqiperia.com\/blog\/wp-json\/wp\/v2\/categories?post=28952"},{"taxonomy":"post_tag","embeddable":true,"href":"https:\/\/www.shqiperia.com\/blog\/wp-json\/wp\/v2\/tags?post=28952"}],"curies":[{"name":"wp","href":"https:\/\/api.w.org\/{rel}","templated":true}]}}