{"id":28949,"date":"2019-12-05T17:28:05","date_gmt":"2019-12-05T17:28:05","guid":{"rendered":"https:\/\/www.shqiperia.com\/blog\/?p=28949"},"modified":"2019-12-05T17:28:05","modified_gmt":"2019-12-05T17:28:05","slug":"protesta-e-minatoreve-ne-bulqize-policia-shoqeron-kater-protestues","status":"publish","type":"post","link":"https:\/\/www.shqiperia.com\/blog\/protesta-e-minatoreve-ne-bulqize-policia-shoqeron-kater-protestues\/","title":{"rendered":"Protesta e minator\u00ebve n\u00eb Bulqiz\u00eb, policia shoq\u00ebron kat\u00ebr protestues.-"},"content":{"rendered":"<p><img data-recalc-dims=\"1\" loading=\"lazy\" decoding=\"async\" data-attachment-id=\"28950\" data-permalink=\"https:\/\/www.shqiperia.com\/blog\/protesta-e-minatoreve-ne-bulqize-policia-shoqeron-kater-protestues\/76205497_1432191813600205_1150979934575919104_n-600x400\/\" data-orig-file=\"https:\/\/i0.wp.com\/www.shqiperia.com\/blog\/wp-content\/uploads\/2019\/12\/76205497_1432191813600205_1150979934575919104_n-600x400.jpg?fit=600%2C338&amp;ssl=1\" data-orig-size=\"600,338\" data-comments-opened=\"1\" data-image-meta=\"{&quot;aperture&quot;:&quot;0&quot;,&quot;credit&quot;:&quot;&quot;,&quot;camera&quot;:&quot;&quot;,&quot;caption&quot;:&quot;&quot;,&quot;created_timestamp&quot;:&quot;0&quot;,&quot;copyright&quot;:&quot;&quot;,&quot;focal_length&quot;:&quot;0&quot;,&quot;iso&quot;:&quot;0&quot;,&quot;shutter_speed&quot;:&quot;0&quot;,&quot;title&quot;:&quot;&quot;,&quot;orientation&quot;:&quot;0&quot;}\" data-image-title=\"76205497_1432191813600205_1150979934575919104_n-600&#215;400\" data-image-description=\"\" data-image-caption=\"\" data-medium-file=\"https:\/\/i0.wp.com\/www.shqiperia.com\/blog\/wp-content\/uploads\/2019\/12\/76205497_1432191813600205_1150979934575919104_n-600x400.jpg?fit=300%2C169&amp;ssl=1\" data-large-file=\"https:\/\/i0.wp.com\/www.shqiperia.com\/blog\/wp-content\/uploads\/2019\/12\/76205497_1432191813600205_1150979934575919104_n-600x400.jpg?fit=600%2C338&amp;ssl=1\" class=\"alignnone  wp-image-28950\" alt=\"\" src=\"https:\/\/i0.wp.com\/www.shqiperia.com\/blog\/wp-content\/uploads\/2019\/12\/76205497_1432191813600205_1150979934575919104_n-600x400.jpg?resize=591%2C333&#038;ssl=1\" width=\"591\" height=\"333\" srcset=\"https:\/\/i0.wp.com\/www.shqiperia.com\/blog\/wp-content\/uploads\/2019\/12\/76205497_1432191813600205_1150979934575919104_n-600x400.jpg?resize=300%2C169&amp;ssl=1 300w, https:\/\/i0.wp.com\/www.shqiperia.com\/blog\/wp-content\/uploads\/2019\/12\/76205497_1432191813600205_1150979934575919104_n-600x400.jpg?resize=600%2C400&amp;ssl=1 600w, https:\/\/i0.wp.com\/www.shqiperia.com\/blog\/wp-content\/uploads\/2019\/12\/76205497_1432191813600205_1150979934575919104_n-600x400.jpg?resize=450%2C254&amp;ssl=1 450w, https:\/\/i0.wp.com\/www.shqiperia.com\/blog\/wp-content\/uploads\/2019\/12\/76205497_1432191813600205_1150979934575919104_n-600x400.jpg?resize=400%2C225&amp;ssl=1 400w\" sizes=\"auto, (max-width: 591px) 100vw, 591px\" \/><\/p>\n<p><strong>Protesta e minator\u00ebve n\u00eb Bulqiz\u00eb, policia shoq\u00ebron kat\u00ebr protestues<\/strong><\/p>\n<p>4 Dhjetor 2019<\/p>\n<p>Policia e Shtetit shoq\u00ebroi 4 protestues p\u00ebrfshi kryetarin e Sindikat\u00ebs s\u00eb Minator\u00ebve t\u00eb Bashkuar t\u00eb Bulqiz\u00ebs, nd\u00ebrsa i akuzon ata p\u00ebr tubim t\u00eb paligjsh\u00ebm, edhe pse protestuesit thon\u00eb se shehsi ku protestojn\u00eb nuk pengon qarkullimin e mjeteve dhe njer\u00ebzve.<\/p>\n<p>Autor:\u00a0<a href=\"https:\/\/www.reporter.al\/autor\/samicurri\/\">Sami Curri<\/a>\u00a0|\u00a0BIRN<\/p>\n<p>Minator\u00eb dhe an\u00ebtar\u00eb t\u00eb Sindikat\u00ebs s\u00eb Minator\u00ebve t\u00eb Bashkuar t\u00eb Bulqiz\u00ebs duke protestuar para hyrjes s\u00eb minier\u00ebs s\u00eb kromit n\u00eb Bulqiz\u00eb q\u00eb administrohet nga kompania Albchrome. Foto:Sami Curri\/BIRN.<\/p>\n<p>Policia e Shtetit \u00a0shoq\u00ebroi t\u00eb m\u00ebrkurr\u00ebn n\u00eb Komisariatin e Policis\u00eb Bulqiz\u00eb kat\u00ebr persona t\u00eb tjer\u00eb t\u00eb akuzuar si t\u00eb p\u00ebrfshir\u00eb n\u00eb protestat e minator\u00ebve para kompanis\u00eb Albchrome. Policia nuk ka b\u00ebr\u00eb zyrtarisht nj\u00eb njoftim, por Sindikata e Minator\u00ebve t\u00eb Bashkuar t\u00eb Bulqiz\u00ebs njoftoi p\u00ebr shoq\u00ebrimin e kryetarit t\u00eb saj Elton Debreshi dhe protestuesve Redi \u00c7eki\u00e7it dhe Ali Gjeta. Po ashtu i shoq\u00ebruar ishte dhe an\u00ebtari i Organizat\u00ebs Politike Xhuliano Bregasi pjes\u00eb e protest\u00ebs s\u00eb minator\u00ebve n\u00eb Bulqiz\u00eb, e cila hyri n\u00eb dit\u00ebn e saj t\u00eb 6.<\/p>\n<p>Nd\u00ebkoh\u00eb nj\u00eb dit\u00eb m\u00eb par\u00eb policia njoftoi edhe nisjen e procedimit penal ndaj 3 vagonist\u00ebve t\u00eb minier\u00ebs. \u201cPolicia ka nisur procedim penal p\u00ebr tre minator\u00ebt Beqir Duri\u00e7i, Behar Gjimi dhe Neki Lica, duke i akuzuar si organizator\u00eb dhe pjes\u00ebmarr\u00ebs n\u00eb tubime t\u00eb paligjshme. Sot kan\u00eb shoq\u00ebruar dhe po mbajn\u00eb n\u00eb komisariatin e Bulqiz\u00ebs edhe kryetarin e sindikat\u00ebs, Elton Debreshin.\u201d thuhet n\u00eb njoftimin e Sindikat\u00ebs Minator\u00ebt e Bashkuar t\u00eb Bulqiz\u00ebs shp\u00ebrndar\u00eb p\u00ebr mediat.<\/p>\n<p>Pyetur me telefon, z\u00ebdh\u00ebn\u00ebsja e Policis\u00eb s\u00eb Shtetit n\u00eb qarkun Dib\u00ebr, Bora Mikli i tha BIRN se procedurat p\u00ebr pyetjen e t\u00eb shoq\u00ebruarve vazhdojn\u00eb. Deri n\u00eb momentin e publikimit t\u00eb k\u00ebtij shkrimi, tre minator\u00ebt dhe \u00a0aktivisti i Organizat\u00ebs Politike ndodheshin n\u00eb Komisariatin e Policis\u00eb Bulqiz\u00eb.<\/p>\n<p>P\u00ebr protestat e minator\u00ebve t\u00eb Bulqiz\u00ebs ka reaguar nd\u00ebrkoh\u00eb edhe Federata e Sindikatave t\u00eb Punonj\u00ebsve t\u00eb Industris\u00eb s\u00eb Shqip\u00ebris\u00eb. Me nj\u00eb e-mail d\u00ebrguar BIRN, FSPISH deklaron se ka 465 an\u00ebtar me kuot\u00eb n\u00eb kompanin\u00eb Albchrome dhe se ajo kishte p\u00ebqrfaq\u00ebsuar minator\u00ebt dhe kishte siguruar nj\u00eb s\u00ebr\u00eb t\u00eb drejtash p\u00ebr ta. \u201cPagat merren gjithmon\u00eb n\u00eb dit\u00eb t\u00eb caktuar dhe nga ana jon\u00eb \u00ebsht\u00eb v\u00ebrtetuar nj\u00eb rregullsi n\u00eb hedhjen e tyre. Ka mbi tre vjet q\u00eb n\u00eb k\u00ebt\u00eb minier\u00eb nuk ka patur asnj\u00eb aksident me pasoj\u00eb vdekjen\u201d, thuhet n\u00eb reagimin e FSPISH, nd\u00ebrguar nga kreu i saj Tafe Koleci. Ai thot\u00eb se benefitet, p\u00ebrfshi shp\u00ebrblime dhe pag\u00ebn e 13 ishin p\u00ebrfituar prej pun\u00ebs s\u00eb sindikat\u00ebs q\u00eb ai drejton.<\/p>\n<p>Nga ana tjet\u00ebr Koleci sulmoi s\u00ebrish drejtuesit e sindikat\u00ebs s\u00eb re dhe cil\u00ebsoi t\u00eb drejt\u00eb shkarkimin e Debreshit nga detyra. Sipass Kolecit Debreshi ka thyer rregullat e brendshme t\u00eb kompanis\u00eb dhe p\u00ebr k\u00ebt\u00eb \u00ebsht\u00eb shkarkuar dhe jo p\u00ebr arsye tjet\u00ebr. Ai s\u00ebrish mbajti q\u00ebndrim gati k\u00ebrc\u00ebnues ndaj protestuesve. \u201cBojkoti i paligjsh\u00ebm i pun\u00ebs \u00ebsht\u00eb i d\u00ebnuesh\u00ebm si me Kod Pune t\u00eb Republik\u00ebs s\u00eb Shqip\u00ebris\u00eb, po ashtu dhe me rregullore t\u00eb brendshme t\u00eb Kompanis\u00eb.\u201d thuhet n\u00eb reagimin e FSPISH.<\/p>\n<p>Nga ana tjet\u00ebr Sindikata e Minator\u00ebve t\u00eb Bashkuar t\u00eb Bulqiz\u00ebs, i cil\u00ebsoi shoq\u00ebrimet e minator\u00ebve dhe t\u00eb aktivistit t\u00eb Organizat\u00ebs Politike n\u00eb kund\u00ebrshtim me ligjin p\u00ebr t\u00eb tubuar.<\/p>\n<p>\u201cKonkretisht, Kushtetuta e Shqip\u00ebris\u00eb, themeli i vendit q\u00eb garanton lirin\u00eb e tubimeve paq\u00ebsore, si dhe pjes\u00ebmarrja n\u00eb to. Ligji p\u00ebr tubimet, Nr.8773, dat\u00eb 23.4.2001. N\u00eb pik\u00ebn 1 t\u00eb nenit 12 t\u00eb k\u00ebtij ligji shkruhet qart\u00eb: \u201cTubimet n\u00eb vende t\u00eb hapura p\u00ebr publikun mbahen edhe pa njoftimin paraprak t\u00eb policis\u00eb, sipas nenit 5 t\u00eb k\u00ebtij ligji.\u201d thuhet n\u00eb njoftimin e SMBB p\u00ebr mediat.<\/p>\n<p>\u201cFatkeq\u00ebsisht, ashtu si\u00e7 kompania Albchrome nuk pyet p\u00ebr Kodin e Pun\u00ebs, edhe policia nuk njeh ligjin p\u00ebr tubimet\u201d, thuhet n\u00eb reagim. \u00a0SMBB thot\u00eb se protesta po b\u00ebhet n\u00eb nj\u00eb shesh anash der\u00ebs s\u00eb minier\u00ebs dhe nuk pengon as qarkullimin e njer\u00ebzve dhe as at\u00eb t\u00eb mjeteve.<\/p>\n<p>SMBB po ashtu reagoi edhe ndaj nj\u00eb q\u00ebndrimi t\u00eb kompanis\u00eb dhe at\u00eb t\u00eb FSPISH. N\u00eb reagim ajo thot\u00eb \u00a0se \u201cSindikata\u201d tjet\u00ebr me t\u00eb cil\u00ebn Albchrome ka n\u00ebnshkruar kontrat\u00eb, nuk p\u00ebrfaq\u00ebson m\u00eb interesat e pun\u00ebtor\u00ebve, madje nuk i ka p\u00ebrfaq\u00ebsuar kurr\u00eb ato. Ajo ka qen\u00eb gjithmon\u00eb nj\u00eb zgjatim i sh\u00ebmtuar i interesave t\u00eb oligarkut m\u00eb t\u00eb pasur t\u00eb Shqip\u00ebris\u00eb, Samir Manes\u201d.<\/p>\n<p>Ajo akuzoi kompanin\u00eb se po p\u00ebrpiqet \u201ct\u00eb mbys\u00eb sindikat\u00ebn e par\u00eb t\u00eb pavarur n\u00eb 30 vjet\u201d.<\/p>\n<p>Nd\u00ebrkoh\u00eb lidhur me p\u00ebrplasjen n\u00eb Bulqiz\u00eb, Inspetoriati i Pun\u00ebs n\u00eb Dib\u00ebr b\u00ebri me dije se ka nisur p\u00ebrpjekjet p\u00ebr nj\u00eb takim negociues nd\u00ebrmjet sindikat\u00ebs dhe kompanis\u00eb, por q\u00eb deri m\u00eb tani nuk ka dh\u00ebn\u00eb rezultat. Nd\u00ebrkoh\u00eb edhe pas shkarkimit t\u00eb minatorit Beqir Durci, q\u00eb \u00ebsht\u00eb an\u00ebtar i K\u00ebshillit Sindikal t\u00eb Sindikat\u00ebs Minator\u00ebt e Bashkuar t\u00eb Bulqiz\u00ebs, inspektoriati ka nisur hetimet.<\/p>\n<p>Kompania Albchrome nga ana e saj e distancoi nj\u00eb dit\u00eb m\u00eb par\u00eb veten nga protesta dhe ajo q\u00eb e quajti p\u00ebrplasje mes sindikatave. \u201cKompania Albchrome distancohet t\u00ebr\u00ebsisht nga ky proces dhe siguron opinionin publik q\u00eb puna n\u00eb minier\u00eb vijon rregullisht dhe nuk \u00ebsht\u00eb nd\u00ebrprer\u00eb p\u00ebr asnj\u00eb moment\u201d, thuhet n\u00eb njoftim, ku po ashtu pretendohet se Albchrome kishte investuar 22 milion dollar\u00eb n\u00eb muajin e fundit n\u00eb minier\u00eb, p\u00ebr t\u00eb p\u00ebrmir\u00ebsuar jet\u00ebgjat\u00ebsin\u00eb e saj.<\/p>\n<p>Albchrome n\u00eb nj\u00eb e-mail p\u00ebr BIRN pretendoi se shkarkimi i Duri\u00e7it ashtu si i Debreshit nuk kishin lidhje me sindikat\u00ebn, por \u00a0ishin b\u00ebr\u00eb po ashtu p\u00ebr shkelje t\u00eb p\u00ebrs\u00ebritura t\u00eb disiplin\u00ebs n\u00eb respekt t\u00eb Kodit t\u00eb Pun\u00ebs. Kompania thot\u00eb ne e-mail se Duri\u00e7i kishte b\u00ebr\u00eb mungesa n\u00eb pun\u00eb. \u201cZ.Duri\u00e7i i \u00ebsht\u00eb dh\u00ebn\u00eb mund\u00ebsia q\u00eb t\u00eb arsyetoj\u00eb dhe t\u00eb justifikoj\u00eb mungesat e tij t\u00eb shumta n\u00eb vendin e pun\u00ebs, t\u00eb marra n\u00eb vijim t\u00eb nj\u00eb mase t\u00eb m\u00ebparshme disiplinore, por ai nuk ka mundur t\u00eb ofroj\u00eb asnj\u00eb shpjegim t\u00eb arsyesh\u00ebm\u201d, thuhet n\u00eb mailin e kompanis\u00eb.<\/p>\n<p>Nga REPORTER.Al<\/p>\n","protected":false},"excerpt":{"rendered":"<p>Protesta e minator\u00ebve n\u00eb Bulqiz\u00eb, policia shoq\u00ebron kat\u00ebr protestues 4 Dhjetor 2019 Policia e Shtetit shoq\u00ebroi 4 protestues p\u00ebrfshi kryetarin e Sindikat\u00ebs s\u00eb Minator\u00ebve t\u00eb Bashkuar t\u00eb Bulqiz\u00ebs, nd\u00ebrsa i akuzon ata p\u00ebr tubim t\u00eb paligjsh\u00ebm, edhe pse protestuesit thon\u00eb se shehsi ku protestojn\u00eb nuk pengon qarkullimin e mjeteve dhe njer\u00ebzve. Autor:\u00a0Sami Curri\u00a0|\u00a0BIRN Minator\u00eb dhe [&hellip;]<\/p>\n","protected":false},"author":9,"featured_media":28950,"comment_status":"open","ping_status":"open","sticky":false,"template":"","format":"standard","meta":{"jetpack_post_was_ever_published":false,"_jetpack_newsletter_access":"","_jetpack_dont_email_post_to_subs":false,"_jetpack_newsletter_tier_id":0,"_jetpack_memberships_contains_paywalled_content":false,"_jetpack_memberships_contains_paid_content":false,"footnotes":"","jetpack_publicize_message":"","jetpack_publicize_feature_enabled":true,"jetpack_social_post_already_shared":true,"jetpack_social_options":{"image_generator_settings":{"template":"highway","default_image_id":0,"font":"","enabled":false},"version":2}},"categories":[27,2,35],"tags":[],"class_list":["post-28949","post","type-post","status-publish","format-standard","has-post-thumbnail","hentry","category-blogu-i-udhetarit","category-politika","category-shoqerore"],"jetpack_publicize_connections":[],"jetpack_featured_media_url":"https:\/\/i0.wp.com\/www.shqiperia.com\/blog\/wp-content\/uploads\/2019\/12\/76205497_1432191813600205_1150979934575919104_n-600x400.jpg?fit=600%2C338&ssl=1","jetpack_sharing_enabled":true,"jetpack_shortlink":"https:\/\/wp.me\/p5Z6wp-7wV","jetpack-related-posts":[{"id":29830,"url":"https:\/\/www.shqiperia.com\/blog\/pergjigje-ndaj-te-pavertetave-qe-kompania-albchrome-iu-ka-nisur-mediave\/","url_meta":{"origin":28949,"position":0},"title":"P\u00cbRGJIGJE NDAJ T\u00cb PAV\u00cbRTETAVE Q\u00cb KOMPANIA ALBCHROME IU KA NISUR MEDIAVE","author":"Kurt Farka","date":"December 29, 2019","format":false,"excerpt":"P\u00cbRGJIGJE NDAJ T\u00cb PAV\u00cbRTETAVE Q\u00cb KOMPANIA ALBCHROME IU KA NISUR MEDIAVE Mbr\u00ebmjen e djeshme, m\u00eb 27 dhjetor 2019, kompania AlbChrome sh.p.k u ka nisur mediave nj\u00eb\u00a0q\u00ebndrim publik t\u00eb mbushur me t\u00eb pav\u00ebrteta ndaj Sindikat\u00ebs s\u00eb Minator\u00ebve t\u00eb Bashkuar t\u00eb Bulqiz\u00ebs, t\u00eb cilat p\u00ebr fat t\u00eb mir\u00eb jan\u00eb leht\u00ebsisht t\u00eb v\u00ebrtetueshme.\u2026","rel":"","context":"In &quot;Blogu i Udh\u00ebtarit&quot;","block_context":{"text":"Blogu i Udh\u00ebtarit","link":"https:\/\/www.shqiperia.com\/blog\/category\/blogu-i-udhetarit\/"},"img":{"alt_text":"","src":"https:\/\/i0.wp.com\/www.shqiperia.com\/blog\/wp-content\/uploads\/2019\/12\/Sindikata-e-Bulqizes.jpg?fit=960%2C473&ssl=1&resize=350%2C200","width":350,"height":200,"srcset":"https:\/\/i0.wp.com\/www.shqiperia.com\/blog\/wp-content\/uploads\/2019\/12\/Sindikata-e-Bulqizes.jpg?fit=960%2C473&ssl=1&resize=350%2C200 1x, https:\/\/i0.wp.com\/www.shqiperia.com\/blog\/wp-content\/uploads\/2019\/12\/Sindikata-e-Bulqizes.jpg?fit=960%2C473&ssl=1&resize=525%2C300 1.5x, https:\/\/i0.wp.com\/www.shqiperia.com\/blog\/wp-content\/uploads\/2019\/12\/Sindikata-e-Bulqizes.jpg?fit=960%2C473&ssl=1&resize=700%2C400 2x"},"classes":[]},{"id":73551,"url":"https:\/\/www.shqiperia.com\/blog\/bresher-i-forte-permbyten-rruget-e-qytetit-te-bulqizes-probleme-per-levizjen-e-qytetareve\/","url_meta":{"origin":28949,"position":1},"title":"Bresh\u00ebr i fort\u00eb, p\u00ebrmbyten rrug\u00ebt e qytetit t\u00eb Bulqiz\u00ebs, probleme p\u00ebr l\u00ebvizjen e qytetar\u00ebve","author":"Kurt Farka","date":"August 15, 2023","format":false,"excerpt":"15 Gusht 2023 Jan\u00eb dashur pak minuta shi dhe bresh\u00ebr q\u00eb rrug\u00ebt e qytetit t\u00eb Bulqiz\u00ebs dhe pedonalja t\u00eb p\u00ebrmbyten. Shiu i rr\u00ebmbyesh\u00ebm i shoq\u00ebruar me er\u00eb t\u00eb fort\u00eb krijoi probleme n\u00eb l\u00ebvizjen e qytetar\u00ebve t\u00eb cil\u00ebt u gjend\u00ebn t\u00eb pap\u00ebrgatitur, megjith\u00ebse kjo nuk \u00ebsht\u00eb hera e par\u00eb q\u00eb rrug\u00ebt\u2026","rel":"","context":"In &quot;Blogu i Udh\u00ebtarit&quot;","block_context":{"text":"Blogu i Udh\u00ebtarit","link":"https:\/\/www.shqiperia.com\/blog\/category\/blogu-i-udhetarit\/"},"img":{"alt_text":"","src":"https:\/\/i0.wp.com\/www.shqiperia.com\/blog\/wp-content\/uploads\/2023\/08\/Bulqize-770x446-770x433-1.png?fit=770%2C433&ssl=1&resize=350%2C200","width":350,"height":200,"srcset":"https:\/\/i0.wp.com\/www.shqiperia.com\/blog\/wp-content\/uploads\/2023\/08\/Bulqize-770x446-770x433-1.png?fit=770%2C433&ssl=1&resize=350%2C200 1x, https:\/\/i0.wp.com\/www.shqiperia.com\/blog\/wp-content\/uploads\/2023\/08\/Bulqize-770x446-770x433-1.png?fit=770%2C433&ssl=1&resize=525%2C300 1.5x, https:\/\/i0.wp.com\/www.shqiperia.com\/blog\/wp-content\/uploads\/2023\/08\/Bulqize-770x446-770x433-1.png?fit=770%2C433&ssl=1&resize=700%2C400 2x"},"classes":[]},{"id":15073,"url":"https:\/\/www.shqiperia.com\/blog\/studentet-denoncojne-policia-shoqeroi-4-protestues-2-jane-dhunuar-gazetarit-ju-fshine-videot-dhe-telefoni\/","url_meta":{"origin":28949,"position":2},"title":"Student\u00ebt denoncojn\u00eb\/ Policia shoq\u00ebroi 4 protestues, 2 jan\u00eb dhunuar, gazetarit ju fshin\u00eb videot dhe telefoni&#8230; &#8211;","author":"Kurt Farka","date":"December 21, 2018","format":false,"excerpt":"Student\u00ebt denoncojn\u00eb\/ Policia shoq\u00ebroi 4 protestues, 2 jan\u00eb dhunuar, gazetarit ju fshin\u00eb videot dhe telefoni... - 21\/12\/2018 Nj\u00eb student ka denoncuar sot se mbr\u00ebmjen e djeshme 4 student\u00eb jan\u00eb marr\u00eb nga policia, dy prej t\u00eb cil\u00ebve jan\u00eb dhunuar. Nga ambientet jasht\u00eb kryeministri, studenti tha se ai do t\u00eb vazhdoj\u00eb t\u00eb\u2026","rel":"","context":"In &quot;Blogu i Udh\u00ebtarit&quot;","block_context":{"text":"Blogu i Udh\u00ebtarit","link":"https:\/\/www.shqiperia.com\/blog\/category\/blogu-i-udhetarit\/"},"img":{"alt_text":"","src":"https:\/\/i0.wp.com\/www.shqiperia.com\/blog\/wp-content\/uploads\/2018\/12\/studenti_1-300x182.jpg?resize=350%2C200","width":350,"height":200},"classes":[]},{"id":97694,"url":"https:\/\/www.shqiperia.com\/blog\/o-hajdut-pronash-i-thane-rames-mjaft-genjeve-policia-shoqeron-protestuesit\/","url_meta":{"origin":28949,"position":3},"title":"&#8216;O hajdut pronash&#8217;\/ I than\u00eb Ram\u00ebs &#8216;mjaft g\u00ebnjeve&#8217; Policia shoq\u00ebron protestuesit","author":"Kurt Farka","date":"February 14, 2026","format":false,"excerpt":"14 Shkurt 2026 Skenat si n\u00eb komuniz\u00ebm u regjistruan sot n\u00eb qytetin e Durr\u00ebsit. Policia shoq\u00ebroi qytetar\u00eb protestues t\u00eb cil\u00ebt ishin vendosur para bashkis\u00eb ku po mbahej takimi I kryeministrit Edi Rama me banor\u00ebt, t\u00eb cil\u00ebt u preken banesat nga projekti TID. Shkaku? Pse thirr\u00ebn \u2018Mjaft rrejte\u2019 dhe e quajt\u00ebn\u2026","rel":"","context":"In &quot;Blogu i Udh\u00ebtarit&quot;","block_context":{"text":"Blogu i Udh\u00ebtarit","link":"https:\/\/www.shqiperia.com\/blog\/category\/blogu-i-udhetarit\/"},"img":{"alt_text":"","src":"https:\/\/i0.wp.com\/www.shqiperia.com\/blog\/wp-content\/uploads\/2026\/02\/20250513_0073.webp?fit=1200%2C801&ssl=1&resize=350%2C200","width":350,"height":200,"srcset":"https:\/\/i0.wp.com\/www.shqiperia.com\/blog\/wp-content\/uploads\/2026\/02\/20250513_0073.webp?fit=1200%2C801&ssl=1&resize=350%2C200 1x, https:\/\/i0.wp.com\/www.shqiperia.com\/blog\/wp-content\/uploads\/2026\/02\/20250513_0073.webp?fit=1200%2C801&ssl=1&resize=525%2C300 1.5x, https:\/\/i0.wp.com\/www.shqiperia.com\/blog\/wp-content\/uploads\/2026\/02\/20250513_0073.webp?fit=1200%2C801&ssl=1&resize=700%2C400 2x, https:\/\/i0.wp.com\/www.shqiperia.com\/blog\/wp-content\/uploads\/2026\/02\/20250513_0073.webp?fit=1200%2C801&ssl=1&resize=1050%2C600 3x"},"classes":[]},{"id":83416,"url":"https:\/\/www.shqiperia.com\/blog\/del-jashte-kontrollit-zjarri-ne-kuroren-e-liqenit-te-zi-ne-bulqize-kerkohet-nderhyrje-nga-ajri\/","url_meta":{"origin":28949,"position":4},"title":"Del jasht\u00eb kontrollit zjarri n\u00eb kuror\u00ebn e Liqenit t\u00eb Zi n\u00eb Bulqiz\u00eb, k\u00ebrkohet nd\u00ebrhyrje nga ajri","author":"Kurt Farka","date":"August 9, 2024","format":false,"excerpt":"9 Gusht 2024 Zjarri n\u00eb masivin pyjor me pish\u00eb, ah e bredh n\u00eb kuror\u00ebn e gjelb\u00ebr n\u00eb Zerqan t\u00eb Bulqiz\u00ebs ka dal\u00eb jasht\u00eb kontrollit. Me gjith\u00eb nd\u00ebrhyrjen e b\u00ebr\u00eb nga toka p\u00ebr 7 dit\u00eb radhazi ka qen\u00eb e pamundur q\u00eb flak\u00ebt t\u00eb shuhen plot\u00ebsisht dhe k\u00ebt\u00eb t\u00eb premte jan\u00eb shfaqur\u2026","rel":"","context":"In &quot;Blogu i Udh\u00ebtarit&quot;","block_context":{"text":"Blogu i Udh\u00ebtarit","link":"https:\/\/www.shqiperia.com\/blog\/category\/blogu-i-udhetarit\/"},"img":{"alt_text":"","src":"https:\/\/i0.wp.com\/www.shqiperia.com\/blog\/wp-content\/uploads\/2024\/08\/075f4b0b-33f3-4aab-a80b-adb33bb25190-600x450-1.jpg?fit=600%2C393&ssl=1&resize=350%2C200","width":350,"height":200,"srcset":"https:\/\/i0.wp.com\/www.shqiperia.com\/blog\/wp-content\/uploads\/2024\/08\/075f4b0b-33f3-4aab-a80b-adb33bb25190-600x450-1.jpg?fit=600%2C393&ssl=1&resize=350%2C200 1x, https:\/\/i0.wp.com\/www.shqiperia.com\/blog\/wp-content\/uploads\/2024\/08\/075f4b0b-33f3-4aab-a80b-adb33bb25190-600x450-1.jpg?fit=600%2C393&ssl=1&resize=525%2C300 1.5x"},"classes":[]},{"id":55348,"url":"https:\/\/www.shqiperia.com\/blog\/gjykata-i-konsideron-te-paligjshme-arrestimet-e-qytetareve-qe-protestuan-kunder-rritjes-se-cmimeve-lirohen-disa-prej-tyre\/","url_meta":{"origin":28949,"position":5},"title":"Gjykata i konsideron t\u00eb paligjshme arrestimet e qytetar\u00ebve q\u00eb protestuan kund\u00ebr rritjes s\u00eb \u00e7mimeve, lirohen disa prej tyre","author":"Kurt Farka","date":"March 13, 2022","format":false,"excerpt":"Gjykata i konsideron t\u00eb paligjshme arrestimet e qytetar\u00ebve q\u00eb protestuan kund\u00ebr rritjes s\u00eb \u00e7mimeve, lirohen disa prej tyre 12 Mars 2022 Mesohet se gjykata cil\u00ebsoi si t\u00eb paligjshme arrestimet mbi akuzat \u201cgrumbullim i paligjsh\u00ebm\u201d dhe \u201ckund\u00ebrshtim i forcave t\u00eb policis\u00eb\u201d, por caktoi masa sigurimi detyrim paraqitje p\u00ebr akuz\u00ebn e \u201cbllokimit\u2026","rel":"","context":"In &quot;Blogu i Udh\u00ebtarit&quot;","block_context":{"text":"Blogu i Udh\u00ebtarit","link":"https:\/\/www.shqiperia.com\/blog\/category\/blogu-i-udhetarit\/"},"img":{"alt_text":"","src":"https:\/\/i0.wp.com\/www.shqiperia.com\/blog\/wp-content\/uploads\/2022\/03\/arrestime-gjate-protestave.jpg?fit=777%2C491&ssl=1&resize=350%2C200","width":350,"height":200,"srcset":"https:\/\/i0.wp.com\/www.shqiperia.com\/blog\/wp-content\/uploads\/2022\/03\/arrestime-gjate-protestave.jpg?fit=777%2C491&ssl=1&resize=350%2C200 1x, https:\/\/i0.wp.com\/www.shqiperia.com\/blog\/wp-content\/uploads\/2022\/03\/arrestime-gjate-protestave.jpg?fit=777%2C491&ssl=1&resize=525%2C300 1.5x, https:\/\/i0.wp.com\/www.shqiperia.com\/blog\/wp-content\/uploads\/2022\/03\/arrestime-gjate-protestave.jpg?fit=777%2C491&ssl=1&resize=700%2C400 2x"},"classes":[]}],"_links":{"self":[{"href":"https:\/\/www.shqiperia.com\/blog\/wp-json\/wp\/v2\/posts\/28949","targetHints":{"allow":["GET"]}}],"collection":[{"href":"https:\/\/www.shqiperia.com\/blog\/wp-json\/wp\/v2\/posts"}],"about":[{"href":"https:\/\/www.shqiperia.com\/blog\/wp-json\/wp\/v2\/types\/post"}],"author":[{"embeddable":true,"href":"https:\/\/www.shqiperia.com\/blog\/wp-json\/wp\/v2\/users\/9"}],"replies":[{"embeddable":true,"href":"https:\/\/www.shqiperia.com\/blog\/wp-json\/wp\/v2\/comments?post=28949"}],"version-history":[{"count":1,"href":"https:\/\/www.shqiperia.com\/blog\/wp-json\/wp\/v2\/posts\/28949\/revisions"}],"predecessor-version":[{"id":28951,"href":"https:\/\/www.shqiperia.com\/blog\/wp-json\/wp\/v2\/posts\/28949\/revisions\/28951"}],"wp:featuredmedia":[{"embeddable":true,"href":"https:\/\/www.shqiperia.com\/blog\/wp-json\/wp\/v2\/media\/28950"}],"wp:attachment":[{"href":"https:\/\/www.shqiperia.com\/blog\/wp-json\/wp\/v2\/media?parent=28949"}],"wp:term":[{"taxonomy":"category","embeddable":true,"href":"https:\/\/www.shqiperia.com\/blog\/wp-json\/wp\/v2\/categories?post=28949"},{"taxonomy":"post_tag","embeddable":true,"href":"https:\/\/www.shqiperia.com\/blog\/wp-json\/wp\/v2\/tags?post=28949"}],"curies":[{"name":"wp","href":"https:\/\/api.w.org\/{rel}","templated":true}]}}