{"id":28946,"date":"2019-12-05T02:20:47","date_gmt":"2019-12-05T02:20:47","guid":{"rendered":"https:\/\/www.shqiperia.com\/blog\/?p=28946"},"modified":"2019-12-05T02:20:47","modified_gmt":"2019-12-05T02:20:47","slug":"driada-dervishi-dhe-olta-daku-shfaqje-qe-te-ndihmojne-te-prekurit-nga-termeti","status":"publish","type":"post","link":"https:\/\/www.shqiperia.com\/blog\/driada-dervishi-dhe-olta-daku-shfaqje-qe-te-ndihmojne-te-prekurit-nga-termeti\/","title":{"rendered":"Driada Dervishi dhe Olta Daku, shfaqje q\u00eb t\u00eb ndihmojn\u00eb t\u00eb prekurit nga t\u00ebrmeti"},"content":{"rendered":"<p><img data-recalc-dims=\"1\" loading=\"lazy\" decoding=\"async\" data-attachment-id=\"28947\" data-permalink=\"https:\/\/www.shqiperia.com\/blog\/driada-dervishi-dhe-olta-daku-shfaqje-qe-te-ndihmojne-te-prekurit-nga-termeti\/attachment\/14444\/\" data-orig-file=\"https:\/\/i0.wp.com\/www.shqiperia.com\/blog\/wp-content\/uploads\/2019\/12\/14444.jpg?fit=768%2C429&amp;ssl=1\" data-orig-size=\"768,429\" data-comments-opened=\"1\" data-image-meta=\"{&quot;aperture&quot;:&quot;0&quot;,&quot;credit&quot;:&quot;&quot;,&quot;camera&quot;:&quot;&quot;,&quot;caption&quot;:&quot;&quot;,&quot;created_timestamp&quot;:&quot;0&quot;,&quot;copyright&quot;:&quot;&quot;,&quot;focal_length&quot;:&quot;0&quot;,&quot;iso&quot;:&quot;0&quot;,&quot;shutter_speed&quot;:&quot;0&quot;,&quot;title&quot;:&quot;&quot;,&quot;orientation&quot;:&quot;1&quot;}\" data-image-title=\"14444\" data-image-description=\"\" data-image-caption=\"\" data-medium-file=\"https:\/\/i0.wp.com\/www.shqiperia.com\/blog\/wp-content\/uploads\/2019\/12\/14444.jpg?fit=300%2C168&amp;ssl=1\" data-large-file=\"https:\/\/i0.wp.com\/www.shqiperia.com\/blog\/wp-content\/uploads\/2019\/12\/14444.jpg?fit=768%2C429&amp;ssl=1\" class=\"alignnone  wp-image-28947\" alt=\"\" src=\"https:\/\/i0.wp.com\/www.shqiperia.com\/blog\/wp-content\/uploads\/2019\/12\/14444.jpg?resize=477%2C267&#038;ssl=1\" width=\"477\" height=\"267\" srcset=\"https:\/\/i0.wp.com\/www.shqiperia.com\/blog\/wp-content\/uploads\/2019\/12\/14444.jpg?resize=300%2C168&amp;ssl=1 300w, https:\/\/i0.wp.com\/www.shqiperia.com\/blog\/wp-content\/uploads\/2019\/12\/14444.jpg?w=768&amp;ssl=1 768w, https:\/\/i0.wp.com\/www.shqiperia.com\/blog\/wp-content\/uploads\/2019\/12\/14444.jpg?resize=450%2C251&amp;ssl=1 450w, https:\/\/i0.wp.com\/www.shqiperia.com\/blog\/wp-content\/uploads\/2019\/12\/14444.jpg?resize=600%2C335&amp;ssl=1 600w, https:\/\/i0.wp.com\/www.shqiperia.com\/blog\/wp-content\/uploads\/2019\/12\/14444.jpg?resize=400%2C223&amp;ssl=1 400w\" sizes=\"auto, (max-width: 477px) 100vw, 477px\" \/><\/p>\n<p><strong>Driada Dervishi dhe Olta Daku, shfaqje q\u00eb t\u00eb ndihmojn\u00eb t\u00eb prekurit nga t\u00ebrmeti<\/strong><\/p>\n<p>04.12.19<\/p>\n<p><a href=\"http:\/\/www.gsh.al\/2019\/12\/04\/driada-dervishi-dhe-olta-daku-shfaqje-qe-te-ndihmojne-te-prekurit-nga-termeti\/\">Gazeta Shqiptare<\/a><\/p>\n<p>N\u00eb k\u00ebto dit\u00eb t\u00eb v\u00ebshtira, t\u00eb gjitha institucionet kulturore kan\u00eb ofruar ndihm\u00ebn e tyre p\u00ebr t\u00eb prekurit nga t\u00ebrmeti i 26 n\u00ebntorit. Jo vet\u00ebm ndihma n\u00eb ushqime dhe veshje, por edhe shfaqje p\u00ebr f\u00ebmij\u00ebt, q\u00eb ndodhen n\u00eb qendra sociale apo komplekse hoteliere n\u00eb Durr\u00ebs, Lezh\u00eb, Kombinat etj.<\/p>\n<p>&nbsp;<\/p>\n<p>Teatri Komb\u00ebtar ka nd\u00ebrmarr\u00eb nj\u00eb tjet\u00ebr nism\u00eb. Bashk\u00eb me optimizmin q\u00eb sjell Shirli Valentina, vjen edhe ndihma p\u00ebr t\u00eb prekurit. N\u00eb datat 7-8 dhjetor, n\u00eb \u201cArTurbina\u201d, salla e madhe 400, rikthehet n\u00eb sken\u00eb \u201cShirli Valentina\u201d, n\u00ebn nj\u00eb interpretim t\u00eb shk\u00eblqyer t\u00eb aktores Olta Daku, me regji t\u00eb Driada Dervishit. T\u00eb ardhurat e siguruara nga shitja e biletave t\u00eb shfaqjes, do t\u00eb shkojn\u00eb n\u00eb ndihm\u00eb t\u00eb t\u00eb prekurve nga t\u00ebrmeti. Ministria e Kultur\u00ebs inkurajon dhe mb\u00ebshtet t\u00eb gjitha institucionet kulturore, q\u00eb t\u2019i bashkohen k\u00ebsaj nisme, duke iu gjendur pran\u00eb t\u00eb gjith\u00eb atyre, q\u00eb sot, m\u00eb shum\u00eb se kurr\u00eb, kan\u00eb nevoj\u00eb p\u00ebr ne!<\/p>\n","protected":false},"excerpt":{"rendered":"<p>Driada Dervishi dhe Olta Daku, shfaqje q\u00eb t\u00eb ndihmojn\u00eb t\u00eb prekurit nga t\u00ebrmeti 04.12.19 Gazeta Shqiptare N\u00eb k\u00ebto dit\u00eb t\u00eb v\u00ebshtira, t\u00eb gjitha institucionet kulturore kan\u00eb ofruar ndihm\u00ebn e tyre p\u00ebr t\u00eb prekurit nga t\u00ebrmeti i 26 n\u00ebntorit. Jo vet\u00ebm ndihma n\u00eb ushqime dhe veshje, por edhe shfaqje p\u00ebr f\u00ebmij\u00ebt, q\u00eb ndodhen n\u00eb qendra sociale [&hellip;]<\/p>\n","protected":false},"author":9,"featured_media":28947,"comment_status":"open","ping_status":"open","sticky":false,"template":"","format":"standard","meta":{"jetpack_post_was_ever_published":false,"_jetpack_newsletter_access":"","_jetpack_dont_email_post_to_subs":false,"_jetpack_newsletter_tier_id":0,"_jetpack_memberships_contains_paywalled_content":false,"_jetpack_memberships_contains_paid_content":false,"footnotes":"","jetpack_publicize_message":"","jetpack_publicize_feature_enabled":true,"jetpack_social_post_already_shared":true,"jetpack_social_options":{"image_generator_settings":{"template":"highway","default_image_id":0,"font":"","enabled":false},"version":2}},"categories":[10],"tags":[],"class_list":["post-28946","post","type-post","status-publish","format-standard","has-post-thumbnail","hentry","category-kultura"],"jetpack_publicize_connections":[],"jetpack_featured_media_url":"https:\/\/i0.wp.com\/www.shqiperia.com\/blog\/wp-content\/uploads\/2019\/12\/14444.jpg?fit=768%2C429&ssl=1","jetpack_sharing_enabled":true,"jetpack_shortlink":"https:\/\/wp.me\/p5Z6wp-7wS","jetpack-related-posts":[{"id":28729,"url":"https:\/\/www.shqiperia.com\/blog\/hiqet-perkohesisht-pagesa-per-rrugen-e-kombit-termeti-tragjik-solidariteti-dhe-ndihmat-per-shqiperine\/","url_meta":{"origin":28946,"position":0},"title":"Hiqet p\u00ebrkoh\u00ebsisht pagesa p\u00ebr Rrug\u00ebn e Kombit  T\u00ebrmeti tragjik\/ Solidariteti dhe ndihmat p\u00ebr Shqip\u00ebrin\u00eb.","author":"Kurt Farka","date":"November 27, 2019","format":false,"excerpt":"Hiqet p\u00ebrkoh\u00ebsisht pagesa p\u00ebr Rrug\u00ebn e Kombit. - T\u00ebrmeti tragjik\/ Solidariteti dhe ndihmat p\u00ebr Shqip\u00ebrin\u00eb. Nov 27 Nentor \u00a02019 Shoq\u00ebria koncensionare e autostrad\u00ebs Milot-Morin\u00eb ka njoftuar se duke filluar q\u00eb nga dita e djeshme ka lejuar kalimin pa pages\u00eb t\u00eb t\u00eb gjitha makinave q\u00eb jan\u00eb solidarizuar apo kan\u00eb sjell\u00eb ndihma\u2026","rel":"","context":"In &quot;Blogu i Udh\u00ebtarit&quot;","block_context":{"text":"Blogu i Udh\u00ebtarit","link":"https:\/\/www.shqiperia.com\/blog\/category\/blogu-i-udhetarit\/"},"img":{"alt_text":"","src":"https:\/\/i0.wp.com\/www.shqiperia.com\/blog\/wp-content\/uploads\/2019\/11\/taksa11-600x360.jpg?fit=600%2C360&ssl=1&resize=350%2C200","width":350,"height":200,"srcset":"https:\/\/i0.wp.com\/www.shqiperia.com\/blog\/wp-content\/uploads\/2019\/11\/taksa11-600x360.jpg?fit=600%2C360&ssl=1&resize=350%2C200 1x, https:\/\/i0.wp.com\/www.shqiperia.com\/blog\/wp-content\/uploads\/2019\/11\/taksa11-600x360.jpg?fit=600%2C360&ssl=1&resize=525%2C300 1.5x"},"classes":[]},{"id":29077,"url":"https:\/\/www.shqiperia.com\/blog\/gjesti-i-vecante-i-27-komunave-arbereshe-per-shqiptaret-e-prekur-nga-termeti-nisin-mbledhje-fondesh-akomodojme-studentet-e-rinj-qe-kane\/","url_meta":{"origin":28946,"position":1},"title":"Gjesti i ve\u00e7ant\u00eb i 27 komunave arb\u00ebreshe p\u00ebr shqiptar\u00ebt e prekur nga t\u00ebrmeti, nisin mbledhje fondesh: Akomodojm\u00eb student\u00ebt e rinj q\u00eb kan\u00eb\u2026","author":"Kurt Farka","date":"December 8, 2019","format":false,"excerpt":"Gjesti i ve\u00e7ant\u00eb i 27 komunave arb\u00ebreshe p\u00ebr shqiptar\u00ebt e prekur nga t\u00ebrmeti, nisin mbledhje fondesh: Akomodojm\u00eb student\u00ebt e rinj q\u00eb kan\u00eb\u2026 6 dhjetor 2019 Kryetar\u00ebt e bashkive arb\u00ebreshe t\u00eb Kalabris\u00eb bashk\u00eb me komunitetet e tyre po ndihmojn\u00eb popullin shqiptar, q\u00eb u godit nga nj\u00eb t\u00ebrmet i fuqish\u00ebm n\u00eb 26\u2026","rel":"","context":"In &quot;Blogu i Udh\u00ebtarit&quot;","block_context":{"text":"Blogu i Udh\u00ebtarit","link":"https:\/\/www.shqiperia.com\/blog\/category\/blogu-i-udhetarit\/"},"img":{"alt_text":"","src":"https:\/\/i0.wp.com\/www.shqiperia.com\/blog\/wp-content\/uploads\/2019\/12\/8dfe170a-6cc1-4661-a1db-94b895913a8d.jpg?fit=640%2C337&ssl=1&resize=350%2C200","width":350,"height":200,"srcset":"https:\/\/i0.wp.com\/www.shqiperia.com\/blog\/wp-content\/uploads\/2019\/12\/8dfe170a-6cc1-4661-a1db-94b895913a8d.jpg?fit=640%2C337&ssl=1&resize=350%2C200 1x, https:\/\/i0.wp.com\/www.shqiperia.com\/blog\/wp-content\/uploads\/2019\/12\/8dfe170a-6cc1-4661-a1db-94b895913a8d.jpg?fit=640%2C337&ssl=1&resize=525%2C300 1.5x"},"classes":[]},{"id":42444,"url":"https:\/\/www.shqiperia.com\/blog\/shqiptari-nga-hasi-duke-shperndare-buke-falas-per-te-prekurit-nga-termeti-ne-kroaci\/","url_meta":{"origin":28946,"position":2},"title":"Shqiptari nga Hasi duke shp\u00ebrndar\u00eb buk\u00eb falas p\u00ebr t\u00eb prekurit nga t\u00ebrmeti n\u00eb Kroaci","author":"Kurt Farka","date":"December 29, 2020","format":false,"excerpt":"Shqiptari nga Hasi duke shp\u00ebrndar\u00eb buk\u00eb falas p\u00ebr t\u00eb prekurit nga t\u00ebrmeti n\u00eb Kroaci Menj\u00ebher\u00eb kan\u00eb nisur ndihmat p\u00ebr personat e prekur nga t\u00ebrmeti, qoft\u00eb p\u00ebr ushqim apo strehim. Edhe nj\u00eb shqiptar nga Hasi i Kosov\u00ebs u ka dal\u00eb n\u00eb ndihm\u00eb personave q\u00eb u prek\u00ebn nga t\u00ebrmeti duke ju ofruar\u2026","rel":"","context":"In &quot;Blogu i Udh\u00ebtarit&quot;","block_context":{"text":"Blogu i Udh\u00ebtarit","link":"https:\/\/www.shqiperia.com\/blog\/category\/blogu-i-udhetarit\/"},"img":{"alt_text":"","src":"https:\/\/i0.wp.com\/www.shqiperia.com\/blog\/wp-content\/uploads\/2020\/12\/albanii-1-Copy.jpg?fit=670%2C348&ssl=1&resize=350%2C200","width":350,"height":200,"srcset":"https:\/\/i0.wp.com\/www.shqiperia.com\/blog\/wp-content\/uploads\/2020\/12\/albanii-1-Copy.jpg?fit=670%2C348&ssl=1&resize=350%2C200 1x, https:\/\/i0.wp.com\/www.shqiperia.com\/blog\/wp-content\/uploads\/2020\/12\/albanii-1-Copy.jpg?fit=670%2C348&ssl=1&resize=525%2C300 1.5x"},"classes":[]},{"id":28746,"url":"https:\/\/www.shqiperia.com\/blog\/rama-ia-thote-pacollit-taksen-rrugore-nuk-e-heqim-ata-qe-sjellin-ndihma-i-paguajne-edhe-5-euro\/","url_meta":{"origin":28946,"position":3},"title":"Rama ia thot\u00eb Pacollit: Taks\u00ebn rrugore nuk e heqim, ata q\u00eb sjellin ndihma i paguajn\u00eb edhe 5 euro","author":"Kurt Farka","date":"November 27, 2019","format":false,"excerpt":"Rama ia thot\u00eb Pacollit: Taks\u00ebn rrugore nuk e heqim, ata q\u00eb sjellin ndihma i paguajn\u00eb edhe 5 euro. Kryeministri i Shqip\u00ebris\u00eb Edi Rama \u00ebsht\u00eb b\u00ebr\u00eb nervoz me k\u00ebrkesat \u00a0p\u00ebr heqjen e tarif\u00ebs n\u00eb Rrug\u00ebn e Kombit. Ai i ka th\u00ebn\u00eb Behgjet Pacollit q\u00eb kjo tarif\u00eb nuk hiqet nd\u00ebrkoh\u00eb ka th\u00ebn\u00eb\u2026","rel":"","context":"In &quot;Blogu i Udh\u00ebtarit&quot;","block_context":{"text":"Blogu i Udh\u00ebtarit","link":"https:\/\/www.shqiperia.com\/blog\/category\/blogu-i-udhetarit\/"},"img":{"alt_text":"","src":"https:\/\/i0.wp.com\/www.shqiperia.com\/blog\/wp-content\/uploads\/2019\/11\/pacolli-600x360.jpg?fit=600%2C360&ssl=1&resize=350%2C200","width":350,"height":200,"srcset":"https:\/\/i0.wp.com\/www.shqiperia.com\/blog\/wp-content\/uploads\/2019\/11\/pacolli-600x360.jpg?fit=600%2C360&ssl=1&resize=350%2C200 1x, https:\/\/i0.wp.com\/www.shqiperia.com\/blog\/wp-content\/uploads\/2019\/11\/pacolli-600x360.jpg?fit=600%2C360&ssl=1&resize=525%2C300 1.5x"},"classes":[]},{"id":29443,"url":"https:\/\/www.shqiperia.com\/blog\/jam-krenar-per-qeverine-time-rama-te-prekurit-nga-termeti-i-trajtuam-si-turiste-gjermane\/","url_meta":{"origin":28946,"position":4},"title":"\u201cJam krenar p\u00ebr qeverin\u00eb time\u201d, Rama: T\u00eb prekurit nga t\u00ebrmeti i trajtuam si turist\u00eb gjerman\u00eb. &#8211;","author":"Kurt Farka","date":"December 18, 2019","format":false,"excerpt":"\u201cJam krenar p\u00ebr qeverin\u00eb time\u201d, Rama: T\u00eb prekurit nga t\u00ebrmeti i trajtuam si turist\u00eb gjerman\u00eb. 18 Dhjetor 2019 Kryeministri Edi Rama e quajti nj\u00eb pun\u00eb t\u00eb shk\u00eblqyer, angazhimin e shtetit shqiptar pas t\u00ebrmetit tragjik q\u00eb goditi Shqip\u00ebrin\u00eb m\u00eb 26 n\u00ebntor. Gjat\u00eb fjal\u00ebs s\u00eb tij n\u00eb Kuvend, kreu i qeveris\u00eb la\u2026","rel":"","context":"In &quot;Blogu i Udh\u00ebtarit&quot;","block_context":{"text":"Blogu i Udh\u00ebtarit","link":"https:\/\/www.shqiperia.com\/blog\/category\/blogu-i-udhetarit\/"},"img":{"alt_text":"","src":"https:\/\/i0.wp.com\/www.shqiperia.com\/blog\/wp-content\/uploads\/2019\/12\/80692690_2558386800926070_3738657752860327936_n-Copy-1.jpg?fit=681%2C366&ssl=1&resize=350%2C200","width":350,"height":200,"srcset":"https:\/\/i0.wp.com\/www.shqiperia.com\/blog\/wp-content\/uploads\/2019\/12\/80692690_2558386800926070_3738657752860327936_n-Copy-1.jpg?fit=681%2C366&ssl=1&resize=350%2C200 1x, https:\/\/i0.wp.com\/www.shqiperia.com\/blog\/wp-content\/uploads\/2019\/12\/80692690_2558386800926070_3738657752860327936_n-Copy-1.jpg?fit=681%2C366&ssl=1&resize=525%2C300 1.5x"},"classes":[]},{"id":28860,"url":"https:\/\/www.shqiperia.com\/blog\/kombi-i-lorik-canes-eshte-goditur-nga-nje-termet-marseja-ben-thirrje-per-te-ndihmuar-shqiperine\/","url_meta":{"origin":28946,"position":5},"title":"\u201cKombi i Lorik Can\u00ebs \u00ebsht\u00eb goditur nga nj\u00eb t\u00ebrmet\u201d, Marseja b\u00ebn thirrje p\u00ebr t\u00eb ndihmuar Shqip\u00ebrin\u00eb","author":"Kurt Farka","date":"December 3, 2019","format":false,"excerpt":"\u201cKombi i Lorik Can\u00ebs \u00ebsht\u00eb goditur nga nj\u00eb t\u00ebrmet\u201d, Marseja b\u00ebn thirrje p\u00ebr t\u00eb ndihmuar Shqip\u00ebrin\u00eb 3 dhjetor \u00a02019 Shum\u00eb njer\u00ebz jan\u00eb solidarizuar me vendin ton\u00eb pas t\u00ebrmetit t\u00eb fuqish\u00ebm q\u00eb goditi Shqip\u00ebrin\u00eb para pak dit\u00ebsh, i cili solli viktima dhe d\u00ebme t\u00eb shumta. Nj\u00eb nd\u00ebr t\u00eb ka qen\u00eb edhe\u2026","rel":"","context":"In &quot;Blogu i Udh\u00ebtarit&quot;","block_context":{"text":"Blogu i Udh\u00ebtarit","link":"https:\/\/www.shqiperia.com\/blog\/category\/blogu-i-udhetarit\/"},"img":{"alt_text":"","src":"https:\/\/i0.wp.com\/www.shqiperia.com\/blog\/wp-content\/uploads\/2019\/12\/pallat-thumane-e1574867252698-905x450.jpg?fit=905%2C450&ssl=1&resize=350%2C200","width":350,"height":200,"srcset":"https:\/\/i0.wp.com\/www.shqiperia.com\/blog\/wp-content\/uploads\/2019\/12\/pallat-thumane-e1574867252698-905x450.jpg?fit=905%2C450&ssl=1&resize=350%2C200 1x, https:\/\/i0.wp.com\/www.shqiperia.com\/blog\/wp-content\/uploads\/2019\/12\/pallat-thumane-e1574867252698-905x450.jpg?fit=905%2C450&ssl=1&resize=525%2C300 1.5x, https:\/\/i0.wp.com\/www.shqiperia.com\/blog\/wp-content\/uploads\/2019\/12\/pallat-thumane-e1574867252698-905x450.jpg?fit=905%2C450&ssl=1&resize=700%2C400 2x"},"classes":[]}],"_links":{"self":[{"href":"https:\/\/www.shqiperia.com\/blog\/wp-json\/wp\/v2\/posts\/28946","targetHints":{"allow":["GET"]}}],"collection":[{"href":"https:\/\/www.shqiperia.com\/blog\/wp-json\/wp\/v2\/posts"}],"about":[{"href":"https:\/\/www.shqiperia.com\/blog\/wp-json\/wp\/v2\/types\/post"}],"author":[{"embeddable":true,"href":"https:\/\/www.shqiperia.com\/blog\/wp-json\/wp\/v2\/users\/9"}],"replies":[{"embeddable":true,"href":"https:\/\/www.shqiperia.com\/blog\/wp-json\/wp\/v2\/comments?post=28946"}],"version-history":[{"count":1,"href":"https:\/\/www.shqiperia.com\/blog\/wp-json\/wp\/v2\/posts\/28946\/revisions"}],"predecessor-version":[{"id":28948,"href":"https:\/\/www.shqiperia.com\/blog\/wp-json\/wp\/v2\/posts\/28946\/revisions\/28948"}],"wp:featuredmedia":[{"embeddable":true,"href":"https:\/\/www.shqiperia.com\/blog\/wp-json\/wp\/v2\/media\/28947"}],"wp:attachment":[{"href":"https:\/\/www.shqiperia.com\/blog\/wp-json\/wp\/v2\/media?parent=28946"}],"wp:term":[{"taxonomy":"category","embeddable":true,"href":"https:\/\/www.shqiperia.com\/blog\/wp-json\/wp\/v2\/categories?post=28946"},{"taxonomy":"post_tag","embeddable":true,"href":"https:\/\/www.shqiperia.com\/blog\/wp-json\/wp\/v2\/tags?post=28946"}],"curies":[{"name":"wp","href":"https:\/\/api.w.org\/{rel}","templated":true}]}}