{"id":28943,"date":"2019-12-05T01:12:00","date_gmt":"2019-12-05T01:12:00","guid":{"rendered":"https:\/\/www.shqiperia.com\/blog\/?p=28943"},"modified":"2019-12-05T01:12:00","modified_gmt":"2019-12-05T01:12:00","slug":"gruaja-ndertoi-hotelin-qe-u-shkaterrua-nga-termeti-ne-durres-me-dy-kate-shtese-burri-e-kolaudoi-cfare-fshihet-pas-shembjes-se-palmes","status":"publish","type":"post","link":"https:\/\/www.shqiperia.com\/blog\/gruaja-ndertoi-hotelin-qe-u-shkaterrua-nga-termeti-ne-durres-me-dy-kate-shtese-burri-e-kolaudoi-cfare-fshihet-pas-shembjes-se-palmes\/","title":{"rendered":"Gruaja nd\u00ebrtoi hotelin q\u00eb u shkat\u00ebrrua nga t\u00ebrmeti n\u00eb Durr\u00ebs me dy kate shtes\u00eb, burri e kolaudoi! \u00c7far\u00eb fshihet pas shembjes s\u00eb \u201cPalm\u00ebs\u201d? &#8211;"},"content":{"rendered":"<p><img data-recalc-dims=\"1\" loading=\"lazy\" decoding=\"async\" data-attachment-id=\"28944\" data-permalink=\"https:\/\/www.shqiperia.com\/blog\/gruaja-ndertoi-hotelin-qe-u-shkaterrua-nga-termeti-ne-durres-me-dy-kate-shtese-burri-e-kolaudoi-cfare-fshihet-pas-shembjes-se-palmes\/still1203_00022\/\" data-orig-file=\"https:\/\/i0.wp.com\/www.shqiperia.com\/blog\/wp-content\/uploads\/2019\/12\/Still1203_00022.jpg?fit=850%2C478&amp;ssl=1\" data-orig-size=\"850,478\" data-comments-opened=\"1\" data-image-meta=\"{&quot;aperture&quot;:&quot;0&quot;,&quot;credit&quot;:&quot;&quot;,&quot;camera&quot;:&quot;&quot;,&quot;caption&quot;:&quot;&quot;,&quot;created_timestamp&quot;:&quot;0&quot;,&quot;copyright&quot;:&quot;&quot;,&quot;focal_length&quot;:&quot;0&quot;,&quot;iso&quot;:&quot;0&quot;,&quot;shutter_speed&quot;:&quot;0&quot;,&quot;title&quot;:&quot;&quot;,&quot;orientation&quot;:&quot;0&quot;}\" data-image-title=\"Still1203_00022\" data-image-description=\"\" data-image-caption=\"\" data-medium-file=\"https:\/\/i0.wp.com\/www.shqiperia.com\/blog\/wp-content\/uploads\/2019\/12\/Still1203_00022.jpg?fit=300%2C169&amp;ssl=1\" data-large-file=\"https:\/\/i0.wp.com\/www.shqiperia.com\/blog\/wp-content\/uploads\/2019\/12\/Still1203_00022.jpg?fit=850%2C478&amp;ssl=1\" class=\"alignnone  wp-image-28944\" alt=\"\" src=\"https:\/\/i0.wp.com\/www.shqiperia.com\/blog\/wp-content\/uploads\/2019\/12\/Still1203_00022.jpg?resize=588%2C331&#038;ssl=1\" width=\"588\" height=\"331\" srcset=\"https:\/\/i0.wp.com\/www.shqiperia.com\/blog\/wp-content\/uploads\/2019\/12\/Still1203_00022.jpg?resize=300%2C169&amp;ssl=1 300w, https:\/\/i0.wp.com\/www.shqiperia.com\/blog\/wp-content\/uploads\/2019\/12\/Still1203_00022.jpg?resize=768%2C432&amp;ssl=1 768w, https:\/\/i0.wp.com\/www.shqiperia.com\/blog\/wp-content\/uploads\/2019\/12\/Still1203_00022.jpg?resize=450%2C253&amp;ssl=1 450w, https:\/\/i0.wp.com\/www.shqiperia.com\/blog\/wp-content\/uploads\/2019\/12\/Still1203_00022.jpg?resize=600%2C337&amp;ssl=1 600w, https:\/\/i0.wp.com\/www.shqiperia.com\/blog\/wp-content\/uploads\/2019\/12\/Still1203_00022.jpg?resize=400%2C225&amp;ssl=1 400w, https:\/\/i0.wp.com\/www.shqiperia.com\/blog\/wp-content\/uploads\/2019\/12\/Still1203_00022.jpg?w=850&amp;ssl=1 850w\" sizes=\"auto, (max-width: 588px) 100vw, 588px\" \/><\/p>\n<p>Gruaja nd\u00ebrtoi hotelin q\u00eb u shkat\u00ebrrua nga t\u00ebrmeti n\u00eb Durr\u00ebs me dy kate shtes\u00eb, burri e kolaudoi! \u00c7far\u00eb fshihet pas shembjes s\u00eb \u201cPalm\u00ebs\u201d? &#8211;<\/p>\n<p><em>3 dhjetor 2019<\/em><\/p>\n<p><strong>T\u00ebrmeti shkat\u00ebrrimtar q\u00eb goditi vendin ton\u00eb m\u00ebngjesin e t\u00eb mart\u00ebs p\u00ebrve\u00e7 humbjes s\u00eb jet\u00ebve, la pas edhe shum\u00eb godina t\u00eb shembura dhe objekte n\u00eb rrezik shembje, sidomos n\u00eb qytetin e Durr\u00ebsit.<\/strong><\/p>\n<p>N\u00eb g\u00ebrmadhat e tyre humb\u00ebn jet\u00eb njer\u00ebzish nga f\u00ebmij\u00ebt e deri tek t\u00eb moshuarit. Shum\u00eb prej tyre nuk arrit\u00ebn q\u00eb t\u00eb nxirreshin n\u00eb koh\u00eb nga g\u00ebrmadhat dhe humb\u00ebn jet\u00ebn. Pavar\u00ebsisht k\u00ebmb\u00ebnguljes dhe pun\u00ebs s\u00eb palodhur t\u00eb b\u00ebr\u00eb nga skuadrat e shp\u00ebtimit.<\/p>\n<p>Pas k\u00ebsaj katastrofe natyrore, gati nj\u00eb jav\u00eb pas t\u00ebrmetit, ku shum\u00eb banor\u00eb kan\u00eb humbur jo vet\u00ebm familjar\u00eb por edhe banesa apo investimin e nj\u00eb jet\u00eb t\u00eb t\u00ebr\u00eb, prokurorin\u00eb duket sikur e ka z\u00ebn\u00eb gjumi. Identifikimi i objekteve t\u00eb shembura \u00ebsht\u00eb shum\u00eb e leht\u00eb p\u00ebr t\u2019u b\u00ebr\u00eb, por ende nuk ka asnj\u00eb t\u00eb ndaluar p\u00ebr t\u2019u pyetur n\u00eb lidhje me ngjarjen, asnj\u00eb nd\u00ebrtues, drejtues teknik, kryetar bashkie apo koluaudator\u00eb q\u00eb kan\u00eb firmosur lejet e nd\u00ebrtimit apo relacionet e k\u00ebtyre lejeve, nuk \u00ebsht\u00eb ndaluar.<\/p>\n<p>Nj\u00eb nd\u00ebr k\u00ebto objekte, ishte dhe Hotel Vila Palma n\u00eb zon\u00ebn e plazhit Durr\u00ebs q\u00eb u shemb gjat\u00eb t\u00ebrmetit shkat\u00ebrrimtar t\u00eb 26 n\u00ebntorit. N\u00eb rr\u00ebnojat e k\u00ebtij hoteli humbi jet\u00ebn nj\u00eb person, nd\u00ebrsa skuadrat e shp\u00ebtimit pas shum\u00eb or\u00ebsh k\u00ebrkime fatmir\u00ebsisht arrit\u00ebn q\u00eb t\u00eb nxjerrin q\u00eb aty t\u00eb gjall\u00eb tre persona.<br \/>\nHotel Vilma Palma \u00ebsht\u00eb nd\u00ebrtuar q\u00eb n\u00eb vitin 2005. Leja e nd\u00ebrtimit p\u00ebr k\u00ebt\u00eb objekt, fillimisht 4 kat\u00ebsh \u00ebsht\u00eb dh\u00ebn\u00eb n\u00eb vitin 2005 nga ish Komuna Rrashbull.<\/p>\n<p>Investitor ishte D\u00ebshira Qato, n\u00eb at\u00eb koh\u00eb Drejtore Urbanistike. Sipas dokumentacionit rezulton se n\u00eb vitin 2008 \u00ebsht\u00eb marr\u00eb nj\u00eb tjet\u00ebr shtes\u00eb kati, lokal plus papafingo. Sot pavar\u00ebsisht se leja \u00ebsht\u00eb dh\u00ebn\u00eb p\u00ebr 6 kate, nuk ka asnj\u00eb informacion nga Nj\u00ebsia Administrative Rrashbull p\u00ebr dy kate t\u00eb tjera shtes\u00eb, t\u00eb cilat mendohen t\u00eb jen\u00eb b\u00ebr\u00eb pa leje. Fiksi u interesua pran\u00eb k\u00ebsaj nj\u00ebsie ku intervistoi edhe inxhinierin Pasho Beqiri, i cili n\u00eb at\u00eb koh\u00eb ka qen\u00eb edhe sekretar i KRRT-s\u00eb. Koh\u00eb kur \u00ebsht\u00eb dh\u00ebn\u00eb leja e nd\u00ebrtimit. Sipas tij dhe dokumentacionit q\u00eb rezulton n\u00eb ish komun\u00eb, leja e nd\u00ebrtimit \u00ebsht\u00eb dh\u00ebn\u00eb n\u00eb baz\u00eb t\u00eb nj\u00eb relacioni t\u00eb sjell\u00eb nga nd\u00ebrtuesi dhe investitori. Ai pretendon se jan\u00eb pik\u00ebrisht k\u00ebta t\u00eb fundit bashk\u00eb me supervizorin dhe kolaudatorin q\u00eb duhet t\u00eb mbajn\u00eb p\u00ebrgjegj\u00ebsi p\u00ebr k\u00ebt\u00eb tragjedi q\u00eb ka ndodhur.<\/p>\n<p>Ai thot\u00eb se konstruksioni metalik mund t\u00eb jet\u00eb edhe shkaku i rr\u00ebzimit t\u00eb objektit, i favorizuar edhe nga katet shtes\u00eb. Gjat\u00eb shfletimit t\u00eb dokumentacionit u vu re, q\u00eb n\u00ebse investitori ishte D\u00ebshira Qato, kolaudimi i objektit ishte b\u00ebr\u00eb nga Arben Qato, bashk\u00ebshorti i saj.<\/p>\n<p>Emri i D\u00ebshira Qatos nuk \u00ebsht\u00eb nj\u00eb em\u00ebr i panjohur p\u00ebr publikun. N\u00eb fillim t\u00eb vitit 2019 ajo ishte nj\u00eb nga punonj\u00ebsit e bashkis\u00eb Kavaj\u00eb, t\u00eb cil\u00ebn IKMT, e kall\u00ebzoi penalisht n\u00ebn akuz\u00ebn, shp\u00ebrdorim detyre, si Drejtore e Kontrollit, Zhvillimit Urbanistik dhe Pronave.<\/p>\n<p>Ajo akuzohet q\u00eb s\u00eb bashku me nj\u00eb grup punonj\u00ebsish duke vepruar ,apo mosvepruar, n\u00eb dh\u00ebnien e lejeve t\u00eb nd\u00ebrtimit, apo kontrollit t\u00eb ligjshm\u00ebris\u00eb, kan\u00eb c\u00ebnuar interesin publik n\u00eb t\u00eb pakt\u00ebn shtat\u00eb objekte shum\u00eb kat\u00ebshe t\u00eb ngritura n\u00eb territorin e Bashkis\u00eb Kavaj\u00eb. N\u00eb dosjen e nd\u00ebrtimit t\u00eb Vilm\u00ebs Palma, rezulton se ish drejtoresha e Drejtoris\u00eb Urbanistike Golem, dhe s\u00eb fundmi Drejtore Urbanistike n\u00eb Kavaj\u00eb t\u00eb jet\u00eb nj\u00eb nga pronaret dhe investitorja e Hotel Vilma Palma. Nd\u00ebrsa bashk\u00ebshorti i saj, Arben Qato ishte kolaudatori i k\u00ebtij nd\u00ebrtimi i cili ka firmosur dhe vulosur se objekti ishte nd\u00ebrtuar brenda t\u00eb gjitha parametrave.<\/p>\n<p>Objekt mbi t\u00eb cil\u00ebn u shtuan nga viti n\u00eb vit katet, deri sa nuk mbajti m\u00eb, dhe fuqia e t\u00ebrmetit shkat\u00ebrrimtar e shembi duke z\u00ebn\u00eb posht\u00eb 4 persona, nd\u00ebr t\u00eb cil\u00ebt fatkeq\u00ebsisht, nj\u00ebri prej tyre humbi edhe jet\u00ebn.<\/p>\n<p>Gazeta Panorama<\/p>\n","protected":false},"excerpt":{"rendered":"<p>Gruaja nd\u00ebrtoi hotelin q\u00eb u shkat\u00ebrrua nga t\u00ebrmeti n\u00eb Durr\u00ebs me dy kate shtes\u00eb, burri e kolaudoi! \u00c7far\u00eb fshihet pas shembjes s\u00eb \u201cPalm\u00ebs\u201d? &#8211; 3 dhjetor 2019 T\u00ebrmeti shkat\u00ebrrimtar q\u00eb goditi vendin ton\u00eb m\u00ebngjesin e t\u00eb mart\u00ebs p\u00ebrve\u00e7 humbjes s\u00eb jet\u00ebve, la pas edhe shum\u00eb godina t\u00eb shembura dhe objekte n\u00eb rrezik shembje, sidomos n\u00eb [&hellip;]<\/p>\n","protected":false},"author":9,"featured_media":28944,"comment_status":"open","ping_status":"open","sticky":false,"template":"","format":"standard","meta":{"jetpack_post_was_ever_published":false,"_jetpack_newsletter_access":"","_jetpack_dont_email_post_to_subs":false,"_jetpack_newsletter_tier_id":0,"_jetpack_memberships_contains_paywalled_content":false,"_jetpack_memberships_contains_paid_content":false,"footnotes":"","jetpack_publicize_message":"","jetpack_publicize_feature_enabled":true,"jetpack_social_post_already_shared":true,"jetpack_social_options":{"image_generator_settings":{"template":"highway","default_image_id":0,"font":"","enabled":false},"version":2}},"categories":[27,14,35],"tags":[],"class_list":["post-28943","post","type-post","status-publish","format-standard","has-post-thumbnail","hentry","category-blogu-i-udhetarit","category-press-releases","category-shoqerore"],"jetpack_publicize_connections":[],"jetpack_featured_media_url":"https:\/\/i0.wp.com\/www.shqiperia.com\/blog\/wp-content\/uploads\/2019\/12\/Still1203_00022.jpg?fit=850%2C478&ssl=1","jetpack_sharing_enabled":true,"jetpack_shortlink":"https:\/\/wp.me\/p5Z6wp-7wP","jetpack-related-posts":[{"id":30145,"url":"https:\/\/www.shqiperia.com\/blog\/betoni-i-dobet-dyshohet-si-shkak-per-disa-nga-viktimat-e-termetit\/","url_meta":{"origin":28943,"position":0},"title":"Betoni i dob\u00ebt dyshohet si shkak p\u00ebr disa nga viktimat e t\u00ebrmetit.","author":"Kurt Farka","date":"January 9, 2020","format":false,"excerpt":"Betoni i dob\u00ebt dyshohet si shkak p\u00ebr disa nga viktimat e t\u00ebrmetit. 7 janar \u00a02020 Prokuroria e Durr\u00ebsit po shqyrton t\u00eb dh\u00ebnat laboratorike t\u00eb materialeve t\u00eb nd\u00ebrtimit nga 7 nd\u00ebrtesat e shkat\u00ebrruara nga t\u00ebrmeti i 26 n\u00ebntorit, p\u00ebr t\u00eb zbuluar p\u00ebrgjegj\u00ebsit e vdekjeve tragjike t\u00eb 23 personave n\u00ebn rr\u00ebnojat e\u2026","rel":"","context":"In &quot;Blogu i Udh\u00ebtarit&quot;","block_context":{"text":"Blogu i Udh\u00ebtarit","link":"https:\/\/www.shqiperia.com\/blog\/category\/blogu-i-udhetarit\/"},"img":{"alt_text":"","src":"https:\/\/i0.wp.com\/www.shqiperia.com\/blog\/wp-content\/uploads\/2020\/01\/Banesa-4-kat%C3%ABshe-e-familjes-Lala-n%C3%AB-Ish-K%C3%ABnet%C3%AB-Durr%C3%ABs-pas-kolapsimit-nga-t%C3%ABrmeti.-Foto-Geri-Emiri-533x400-1-905x450-1.jpg?fit=905%2C450&ssl=1&resize=350%2C200","width":350,"height":200,"srcset":"https:\/\/i0.wp.com\/www.shqiperia.com\/blog\/wp-content\/uploads\/2020\/01\/Banesa-4-kat%C3%ABshe-e-familjes-Lala-n%C3%AB-Ish-K%C3%ABnet%C3%AB-Durr%C3%ABs-pas-kolapsimit-nga-t%C3%ABrmeti.-Foto-Geri-Emiri-533x400-1-905x450-1.jpg?fit=905%2C450&ssl=1&resize=350%2C200 1x, https:\/\/i0.wp.com\/www.shqiperia.com\/blog\/wp-content\/uploads\/2020\/01\/Banesa-4-kat%C3%ABshe-e-familjes-Lala-n%C3%AB-Ish-K%C3%ABnet%C3%AB-Durr%C3%ABs-pas-kolapsimit-nga-t%C3%ABrmeti.-Foto-Geri-Emiri-533x400-1-905x450-1.jpg?fit=905%2C450&ssl=1&resize=525%2C300 1.5x, https:\/\/i0.wp.com\/www.shqiperia.com\/blog\/wp-content\/uploads\/2020\/01\/Banesa-4-kat%C3%ABshe-e-familjes-Lala-n%C3%AB-Ish-K%C3%ABnet%C3%AB-Durr%C3%ABs-pas-kolapsimit-nga-t%C3%ABrmeti.-Foto-Geri-Emiri-533x400-1-905x450-1.jpg?fit=905%2C450&ssl=1&resize=700%2C400 2x"},"classes":[]},{"id":28821,"url":"https:\/\/www.shqiperia.com\/blog\/lajmi-i-fundit-ora-01-41-29-nentor-2019-50-viktima-nga-termeti-nxirren-te-gjithe-trupat-nga-rrenojat-ne-thumane-dhe-ne-durres\/","url_meta":{"origin":28943,"position":1},"title":"Lajmi I Fundit, ora 01.41, 29 N\u00ebntor 2019.  50 viktima nga t\u00ebrmeti! Nxirren t\u00eb gjith\u00eb trupat nga rr\u00ebnojat n\u00eb Thuman\u00eb dhe n\u00eb Durr\u00ebs","author":"Kurt Farka","date":"November 29, 2019","format":false,"excerpt":"Lajmi I Fundit, ora 01.41, 29 N\u00ebntor. 50 viktima nga t\u00ebrmeti! Nxirren t\u00eb gjith\u00eb trupat nga rr\u00ebnojat n\u00eb Thuman\u00eb dhe n\u00eb Durr\u00ebs Nga Gazeta Shqiptarja.com P\u00ebrfundojn\u00eb operacionet e k\u00ebrkim shp\u00ebtimit. Nxirren dy trupat e fundit t\u00eb pajet\u00eb n\u00eb Durr\u00ebs duke e \u00e7uar bilancin e viktimave n\u00eb 50. 24 t\u00eb vdekur\u2026","rel":"","context":"In &quot;Blogu i Udh\u00ebtarit&quot;","block_context":{"text":"Blogu i Udh\u00ebtarit","link":"https:\/\/www.shqiperia.com\/blog\/category\/blogu-i-udhetarit\/"},"img":{"alt_text":"","src":"https:\/\/i0.wp.com\/www.shqiperia.com\/blog\/wp-content\/uploads\/2019\/11\/Pasojat-e-termetit-ne-Durres-Zona-plazhit-1.jpg?fit=1124%2C525&ssl=1&resize=350%2C200","width":350,"height":200,"srcset":"https:\/\/i0.wp.com\/www.shqiperia.com\/blog\/wp-content\/uploads\/2019\/11\/Pasojat-e-termetit-ne-Durres-Zona-plazhit-1.jpg?fit=1124%2C525&ssl=1&resize=350%2C200 1x, https:\/\/i0.wp.com\/www.shqiperia.com\/blog\/wp-content\/uploads\/2019\/11\/Pasojat-e-termetit-ne-Durres-Zona-plazhit-1.jpg?fit=1124%2C525&ssl=1&resize=525%2C300 1.5x, https:\/\/i0.wp.com\/www.shqiperia.com\/blog\/wp-content\/uploads\/2019\/11\/Pasojat-e-termetit-ne-Durres-Zona-plazhit-1.jpg?fit=1124%2C525&ssl=1&resize=700%2C400 2x, https:\/\/i0.wp.com\/www.shqiperia.com\/blog\/wp-content\/uploads\/2019\/11\/Pasojat-e-termetit-ne-Durres-Zona-plazhit-1.jpg?fit=1124%2C525&ssl=1&resize=1050%2C600 3x"},"classes":[]},{"id":28683,"url":"https:\/\/www.shqiperia.com\/blog\/lajmi-i-fundit-7-te-vdekur-nga-termeti-6-4-balle-ne-shqiperi\/","url_meta":{"origin":28943,"position":2},"title":"Lajmi i fundit\/ 7 t\u00eb vdekur nga t\u00ebrmeti 6.4 ball\u00eb n\u00eb Shqip\u00ebri","author":"Kurt Farka","date":"November 26, 2019","format":false,"excerpt":"Lajmi i fundit\/ 7 t\u00eb vdekur nga t\u00ebrmeti 6.4 ball\u00eb n\u00eb Shqip\u00ebri 26 N\u00ebntor 2019 | 08 : 22 Shqip\u00ebria \u00ebsht\u00eb zgjuar m\u00ebngjesin e sot\u00ebm n\u00ebn l\u00ebkundjet e nj\u00eb t\u00ebrmeti me pasoja apokaliptike, q\u00eb ka l\u00ebn\u00eb pas viktima t\u00eb plagosur dhe d\u00ebme t\u00eb pallogaritshme n\u00eb banesa. T\u00ebrmeti m\u00eb i fort\u00eb\u2026","rel":"","context":"In &quot;Blogu i Udh\u00ebtarit&quot;","block_context":{"text":"Blogu i Udh\u00ebtarit","link":"https:\/\/www.shqiperia.com\/blog\/category\/blogu-i-udhetarit\/"},"img":{"alt_text":"","src":"https:\/\/i0.wp.com\/www.shqiperia.com\/blog\/wp-content\/uploads\/2019\/11\/76732953_553781428517978_1894183115585224704_n.png?fit=1147%2C577&ssl=1&resize=350%2C200","width":350,"height":200,"srcset":"https:\/\/i0.wp.com\/www.shqiperia.com\/blog\/wp-content\/uploads\/2019\/11\/76732953_553781428517978_1894183115585224704_n.png?fit=1147%2C577&ssl=1&resize=350%2C200 1x, https:\/\/i0.wp.com\/www.shqiperia.com\/blog\/wp-content\/uploads\/2019\/11\/76732953_553781428517978_1894183115585224704_n.png?fit=1147%2C577&ssl=1&resize=525%2C300 1.5x, https:\/\/i0.wp.com\/www.shqiperia.com\/blog\/wp-content\/uploads\/2019\/11\/76732953_553781428517978_1894183115585224704_n.png?fit=1147%2C577&ssl=1&resize=700%2C400 2x, https:\/\/i0.wp.com\/www.shqiperia.com\/blog\/wp-content\/uploads\/2019\/11\/76732953_553781428517978_1894183115585224704_n.png?fit=1147%2C577&ssl=1&resize=1050%2C600 3x"},"classes":[]},{"id":75840,"url":"https:\/\/www.shqiperia.com\/blog\/sot-4-vite-nga-tragjedia-e-26-nentorit-humben-jeten-51-persona-nga-termeti-i-fuqishem-dhjetera-familje-mbeten-ne-qiell-te-hapur\/","url_meta":{"origin":28943,"position":3},"title":"Sot, 4 vite nga tragjedia e 26 n\u00ebntorit! &#8211; Humb\u00ebn jet\u00ebn 51 persona nga t\u00ebrmeti i fuqish\u00ebm, dhjet\u00ebra familje mbet\u00ebn n\u00eb qiell t\u00eb hapur","author":"Kurt Farka","date":"November 26, 2023","format":false,"excerpt":"26 Nentor 2023 Sot b\u00ebhen 4 vjet nga tragjedia e 26 n\u00ebntorit 2019, ku Shqip\u00ebria u trondit nga nj\u00eb termet i fuqish\u00ebm. Ishte ora 03:56, kur nj\u00eb l\u00ebkundje e fuqishme me magnitud\u00eb 6.4 t\u00eb shkall\u00ebs rihter, q\u00eb zgjati p\u00ebr rreth 50 sekonda, goditi Durr\u00ebsin dhe Tiran\u00ebn dhe disa bashki t\u00eb\u2026","rel":"","context":"In &quot;Blogu i Udh\u00ebtarit&quot;","block_context":{"text":"Blogu i Udh\u00ebtarit","link":"https:\/\/www.shqiperia.com\/blog\/category\/blogu-i-udhetarit\/"},"img":{"alt_text":"","src":"https:\/\/i0.wp.com\/www.shqiperia.com\/blog\/wp-content\/uploads\/2023\/11\/1575456365_autotermetithumaneshqiperi11574973592.jpg?fit=780%2C440&ssl=1&resize=350%2C200","width":350,"height":200,"srcset":"https:\/\/i0.wp.com\/www.shqiperia.com\/blog\/wp-content\/uploads\/2023\/11\/1575456365_autotermetithumaneshqiperi11574973592.jpg?fit=780%2C440&ssl=1&resize=350%2C200 1x, https:\/\/i0.wp.com\/www.shqiperia.com\/blog\/wp-content\/uploads\/2023\/11\/1575456365_autotermetithumaneshqiperi11574973592.jpg?fit=780%2C440&ssl=1&resize=525%2C300 1.5x, https:\/\/i0.wp.com\/www.shqiperia.com\/blog\/wp-content\/uploads\/2023\/11\/1575456365_autotermetithumaneshqiperi11574973592.jpg?fit=780%2C440&ssl=1&resize=700%2C400 2x"},"classes":[]},{"id":89779,"url":"https:\/\/www.shqiperia.com\/blog\/po-na-sorrollasin-birn-banoret-e-prekur-nga-termeti-prej-vitesh-ne-konteinere-me-shpresat-te-fushata-elektorale\/","url_meta":{"origin":28943,"position":4},"title":"\u201cPo na sorrollasin\u201d\/ BIRN: Banor\u00ebt e prekur nga t\u00ebrmeti prej vitesh n\u00eb konteiner\u00eb me shpresat te fushata elektorale","author":"Kurt Farka","date":"February 22, 2025","format":false,"excerpt":"22 Shkurt 2025 Familjet e mbetura pa strehim nga t\u00ebrmeti i vitit 2019 i kan\u00eb varur shpresat te fushata elektorale e k\u00ebtij viti p\u00ebr t\u00eb marr\u00eb nj\u00eb zgjidhje, nd\u00ebrkoh\u00eb q\u00eb opozita n\u00eb Durr\u00ebs akuzon pushtetin se i ka p\u00ebrdorur parat\u00eb publike p\u00ebr t\u00ebrmetin si mjet p\u00ebr t\u00eb siguruar vota. P\u00ebr\u2026","rel":"","context":"In &quot;Blogu i Udh\u00ebtarit&quot;","block_context":{"text":"Blogu i Udh\u00ebtarit","link":"https:\/\/www.shqiperia.com\/blog\/category\/blogu-i-udhetarit\/"},"img":{"alt_text":"","src":"https:\/\/i0.wp.com\/www.shqiperia.com\/blog\/wp-content\/uploads\/2025\/02\/Rama-Sako-rindertimi-1140x760-1-1140x570-1.jpg?fit=1140%2C570&ssl=1&resize=350%2C200","width":350,"height":200,"srcset":"https:\/\/i0.wp.com\/www.shqiperia.com\/blog\/wp-content\/uploads\/2025\/02\/Rama-Sako-rindertimi-1140x760-1-1140x570-1.jpg?fit=1140%2C570&ssl=1&resize=350%2C200 1x, https:\/\/i0.wp.com\/www.shqiperia.com\/blog\/wp-content\/uploads\/2025\/02\/Rama-Sako-rindertimi-1140x760-1-1140x570-1.jpg?fit=1140%2C570&ssl=1&resize=525%2C300 1.5x, https:\/\/i0.wp.com\/www.shqiperia.com\/blog\/wp-content\/uploads\/2025\/02\/Rama-Sako-rindertimi-1140x760-1-1140x570-1.jpg?fit=1140%2C570&ssl=1&resize=700%2C400 2x, https:\/\/i0.wp.com\/www.shqiperia.com\/blog\/wp-content\/uploads\/2025\/02\/Rama-Sako-rindertimi-1140x760-1-1140x570-1.jpg?fit=1140%2C570&ssl=1&resize=1050%2C600 3x"},"classes":[]},{"id":64387,"url":"https:\/\/www.shqiperia.com\/blog\/pas-bojken-lakos-denohet-edhe-nje-poete-pasi-rindertoi-shtepine-e-demtuar-nga-termeti\/","url_meta":{"origin":28943,"position":5},"title":"Pas Bojken Lakos d\u00ebnohet edhe nj\u00eb poete pasi rind\u00ebrtoi sht\u00ebpin\u00eb e d\u00ebmtuar nga t\u00ebrmeti","author":"Kurt Farka","date":"November 15, 2022","format":false,"excerpt":"15 Nentor 2022 Poetja Mimoza Ahmeti \u00ebsht\u00eb d\u00ebnuar me 40 or\u00eb pun\u00eb n\u00eb sh\u00ebrbim t\u00eb komunitetit pas nj\u00eb gjyqi nj\u00eb vje\u00e7ar ndaj saj p\u00ebr nd\u00ebrtim pa leje. Poetja e njohur \u00ebsht\u00eb paditur se ka b\u00ebr\u00eb nd\u00ebrtim pa leje, pasi t\u00ebrmeti i d\u00ebmtoi sht\u00ebpin\u00eb e nd\u00ebrtuar n\u00eb Petrel\u00eb, n\u00eb periferi t\u00eb\u2026","rel":"","context":"In &quot;Njoftime Shtypi&quot;","block_context":{"text":"Njoftime Shtypi","link":"https:\/\/www.shqiperia.com\/blog\/category\/njoftime-shtypi\/"},"img":{"alt_text":"","src":"https:\/\/i0.wp.com\/www.shqiperia.com\/blog\/wp-content\/uploads\/2022\/11\/800-0-6373e660cf173.jpg?fit=800%2C477&ssl=1&resize=350%2C200","width":350,"height":200,"srcset":"https:\/\/i0.wp.com\/www.shqiperia.com\/blog\/wp-content\/uploads\/2022\/11\/800-0-6373e660cf173.jpg?fit=800%2C477&ssl=1&resize=350%2C200 1x, https:\/\/i0.wp.com\/www.shqiperia.com\/blog\/wp-content\/uploads\/2022\/11\/800-0-6373e660cf173.jpg?fit=800%2C477&ssl=1&resize=525%2C300 1.5x, https:\/\/i0.wp.com\/www.shqiperia.com\/blog\/wp-content\/uploads\/2022\/11\/800-0-6373e660cf173.jpg?fit=800%2C477&ssl=1&resize=700%2C400 2x"},"classes":[]}],"_links":{"self":[{"href":"https:\/\/www.shqiperia.com\/blog\/wp-json\/wp\/v2\/posts\/28943","targetHints":{"allow":["GET"]}}],"collection":[{"href":"https:\/\/www.shqiperia.com\/blog\/wp-json\/wp\/v2\/posts"}],"about":[{"href":"https:\/\/www.shqiperia.com\/blog\/wp-json\/wp\/v2\/types\/post"}],"author":[{"embeddable":true,"href":"https:\/\/www.shqiperia.com\/blog\/wp-json\/wp\/v2\/users\/9"}],"replies":[{"embeddable":true,"href":"https:\/\/www.shqiperia.com\/blog\/wp-json\/wp\/v2\/comments?post=28943"}],"version-history":[{"count":1,"href":"https:\/\/www.shqiperia.com\/blog\/wp-json\/wp\/v2\/posts\/28943\/revisions"}],"predecessor-version":[{"id":28945,"href":"https:\/\/www.shqiperia.com\/blog\/wp-json\/wp\/v2\/posts\/28943\/revisions\/28945"}],"wp:featuredmedia":[{"embeddable":true,"href":"https:\/\/www.shqiperia.com\/blog\/wp-json\/wp\/v2\/media\/28944"}],"wp:attachment":[{"href":"https:\/\/www.shqiperia.com\/blog\/wp-json\/wp\/v2\/media?parent=28943"}],"wp:term":[{"taxonomy":"category","embeddable":true,"href":"https:\/\/www.shqiperia.com\/blog\/wp-json\/wp\/v2\/categories?post=28943"},{"taxonomy":"post_tag","embeddable":true,"href":"https:\/\/www.shqiperia.com\/blog\/wp-json\/wp\/v2\/tags?post=28943"}],"curies":[{"name":"wp","href":"https:\/\/api.w.org\/{rel}","templated":true}]}}