{"id":28940,"date":"2019-12-05T00:27:48","date_gmt":"2019-12-05T00:27:48","guid":{"rendered":"https:\/\/www.shqiperia.com\/blog\/?p=28940"},"modified":"2019-12-05T00:27:48","modified_gmt":"2019-12-05T00:27:48","slug":"misteri-si-qendroi-ne-ajer-8-ore-familja-lala-dhe-nuk-u-shpetua-dot","status":"publish","type":"post","link":"https:\/\/www.shqiperia.com\/blog\/misteri-si-qendroi-ne-ajer-8-ore-familja-lala-dhe-nuk-u-shpetua-dot\/","title":{"rendered":"Misteri\/ Si qendroi n\u00eb aj\u00ebr 8 or\u00eb familja Lala dhe nuk u shp\u00ebtua dot. &#8211;"},"content":{"rendered":"<p><img data-recalc-dims=\"1\" loading=\"lazy\" decoding=\"async\" data-attachment-id=\"28941\" data-permalink=\"https:\/\/www.shqiperia.com\/blog\/misteri-si-qendroi-ne-ajer-8-ore-familja-lala-dhe-nuk-u-shpetua-dot\/whatsapp-image-2019-11-26-at-21-33-54\/\" data-orig-file=\"https:\/\/i0.wp.com\/www.shqiperia.com\/blog\/wp-content\/uploads\/2019\/12\/WhatsApp-Image-2019-11-26-at-21.33.54.jpeg?fit=800%2C400&amp;ssl=1\" data-orig-size=\"800,400\" data-comments-opened=\"1\" data-image-meta=\"{&quot;aperture&quot;:&quot;0&quot;,&quot;credit&quot;:&quot;&quot;,&quot;camera&quot;:&quot;&quot;,&quot;caption&quot;:&quot;&quot;,&quot;created_timestamp&quot;:&quot;0&quot;,&quot;copyright&quot;:&quot;&quot;,&quot;focal_length&quot;:&quot;0&quot;,&quot;iso&quot;:&quot;0&quot;,&quot;shutter_speed&quot;:&quot;0&quot;,&quot;title&quot;:&quot;&quot;,&quot;orientation&quot;:&quot;0&quot;}\" data-image-title=\"WhatsApp-Image-2019-11-26-at-21.33.54\" data-image-description=\"\" data-image-caption=\"\" data-medium-file=\"https:\/\/i0.wp.com\/www.shqiperia.com\/blog\/wp-content\/uploads\/2019\/12\/WhatsApp-Image-2019-11-26-at-21.33.54.jpeg?fit=300%2C150&amp;ssl=1\" data-large-file=\"https:\/\/i0.wp.com\/www.shqiperia.com\/blog\/wp-content\/uploads\/2019\/12\/WhatsApp-Image-2019-11-26-at-21.33.54.jpeg?fit=800%2C400&amp;ssl=1\" class=\"alignnone  wp-image-28941\" alt=\"\" src=\"https:\/\/i0.wp.com\/www.shqiperia.com\/blog\/wp-content\/uploads\/2019\/12\/WhatsApp-Image-2019-11-26-at-21.33.54.jpeg?resize=560%2C280&#038;ssl=1\" width=\"560\" height=\"280\" srcset=\"https:\/\/i0.wp.com\/www.shqiperia.com\/blog\/wp-content\/uploads\/2019\/12\/WhatsApp-Image-2019-11-26-at-21.33.54.jpeg?resize=300%2C150&amp;ssl=1 300w, https:\/\/i0.wp.com\/www.shqiperia.com\/blog\/wp-content\/uploads\/2019\/12\/WhatsApp-Image-2019-11-26-at-21.33.54.jpeg?resize=768%2C384&amp;ssl=1 768w, https:\/\/i0.wp.com\/www.shqiperia.com\/blog\/wp-content\/uploads\/2019\/12\/WhatsApp-Image-2019-11-26-at-21.33.54.jpeg?resize=450%2C225&amp;ssl=1 450w, https:\/\/i0.wp.com\/www.shqiperia.com\/blog\/wp-content\/uploads\/2019\/12\/WhatsApp-Image-2019-11-26-at-21.33.54.jpeg?resize=600%2C300&amp;ssl=1 600w, https:\/\/i0.wp.com\/www.shqiperia.com\/blog\/wp-content\/uploads\/2019\/12\/WhatsApp-Image-2019-11-26-at-21.33.54.jpeg?resize=400%2C200&amp;ssl=1 400w, https:\/\/i0.wp.com\/www.shqiperia.com\/blog\/wp-content\/uploads\/2019\/12\/WhatsApp-Image-2019-11-26-at-21.33.54.jpeg?w=800&amp;ssl=1 800w\" sizes=\"auto, (max-width: 560px) 100vw, 560px\" \/><\/p>\n<p><strong>Misteri\/ Si qendroi n\u00eb aj\u00ebr 8 or\u00eb familja Lala dhe nuk u shp\u00ebtua dot<\/strong><\/p>\n<p>26\/11\/19<\/p>\n<p>Gazeta <a href=\"https:\/\/gazetamapo.al\/misteri-si-qendroi-ne-ajer-8-ore-familja-lala-dhe-nuk-u-shpetua-dot\/\"><strong>mapo.al<\/strong><\/a><\/p>\n<p>Analiza m\u00eb t\u00eb holl\u00ebsishme, padyshim q\u00eb do t\u00eb b\u00ebhen n\u00eb vijim, kur t\u00eb mbaroj\u00eb emergjenca e k\u00ebrkimit n\u00eb rr\u00ebnoja p\u00ebr t\u00eb mbijetuar nga t\u00ebrmeti shkat\u00ebrrues q\u00eb ra sot rreth or\u00ebs 4 t\u00eb mengjesit. Mir\u00ebpo, jan\u00eb disa detaje q\u00eb t\u00eb b\u00ebjn\u00eb p\u00ebrshtypje.<\/p>\n<p>Nj\u00eb prej dramave m\u00eb t\u00eb m\u00ebdha ishte ajo e familjes Lala n\u00eb Durr\u00ebs. An\u00ebtar\u00ebt e k\u00ebsaj familje t\u00eb madhe me origjin\u00eb nga Kosova ishin n\u00eb vil\u00ebn 3 kat\u00ebshe. Prej tyre ka mbijetuar deri tani vet\u00ebm 17 vje\u00e7ari Ram\u00eb Lala.<\/p>\n<p>Po ka di\u00e7ka trondit\u00ebse n\u00eb k\u00ebt\u00eb rast. Sipas v\u00ebzhguesve dhe specialist\u00ebve t\u00eb nd\u00ebrtimit, kjo godin\u00eb ka marr\u00eb goditjen e par\u00eb n\u00eb or\u00ebn 4 t\u00eb mengjesit. P\u00ebr 8 or\u00eb me radh\u00eb, objekti me banor\u00ebt brenda ka qendruar e anuar, e pjerr\u00ebt, por e pashembur. An\u00ebtar\u00ebt e familjes Lala ishin aty brenda. E pamundur t\u00eb dilnin, p\u00ebr shkak se dyert ishin bllokuar. Ata mund t\u00eb kishin p\u00ebsuar d\u00ebmtime, ose plag\u00eb, p\u00ebr shkak t\u00eb goditjes s\u00eb par\u00eb, por me siguri ishin gjall\u00eb. Kan\u00eb komunikuar dhe kan\u00eb k\u00ebrkuar ndihm\u00eb.<\/p>\n<p>Vila u shemb dhe ra p\u00ebrdhe n\u00eb or\u00ebn 12:00 dhe kjo u pa \u2018live\u2019 nga transmetimet e televizioneve. N\u00eb k\u00ebt\u00eb moment, nuk kishte m\u00eb \u00e7far\u00eb t\u00eb shp\u00ebtoje, sepse kishte vet\u00ebm g\u00ebrmadha.<\/p>\n<p><em>Pyetja \u00ebsht\u00eb, p\u00ebrse p\u00ebr 8 or\u00eb nuk u b\u00eb asgj\u00eb? Pse nuk pati nj\u00eb nd\u00ebrhyrje?<\/em><\/p>\n<p>Mund t\u00eb ishte e v\u00ebshtir\u00eb. Disa thon\u00eb q\u00eb ajo godin\u00eb nuk kishte mjaftuesh\u00ebm hekur, dhe mund t\u00eb binte nga \u00e7asti n\u00eb \u00e7ast, e t\u00eb thyhej si t\u00eb ishte lod\u00ebr. K\u00ebshtu q\u00eb, dukej e pamundur nd\u00ebrhyrja. Por fakti \u00ebsht\u00eb, se aty qendruan p\u00ebr 8 or\u00eb shum\u00eb prej viktimave, p\u00ebrpara se nd\u00ebrtesa t\u00eb binte krejt n\u00eb tok\u00eb.<\/p>\n<p>Dit\u00ebt n\u00eb vijim ndoshta do t\u00eb sjellin nj\u00eb analiz\u00eb m\u00eb t\u00eb qart\u00eb p\u00ebr k\u00ebt\u00eb situat\u00eb. Misteri ngelet i fort\u00eb.<\/p>\n","protected":false},"excerpt":{"rendered":"<p>Misteri\/ Si qendroi n\u00eb aj\u00ebr 8 or\u00eb familja Lala dhe nuk u shp\u00ebtua dot 26\/11\/19 Gazeta mapo.al Analiza m\u00eb t\u00eb holl\u00ebsishme, padyshim q\u00eb do t\u00eb b\u00ebhen n\u00eb vijim, kur t\u00eb mbaroj\u00eb emergjenca e k\u00ebrkimit n\u00eb rr\u00ebnoja p\u00ebr t\u00eb mbijetuar nga t\u00ebrmeti shkat\u00ebrrues q\u00eb ra sot rreth or\u00ebs 4 t\u00eb mengjesit. Mir\u00ebpo, jan\u00eb disa detaje q\u00eb [&hellip;]<\/p>\n","protected":false},"author":9,"featured_media":28941,"comment_status":"open","ping_status":"open","sticky":false,"template":"","format":"standard","meta":{"jetpack_post_was_ever_published":false,"_jetpack_newsletter_access":"","_jetpack_dont_email_post_to_subs":false,"_jetpack_newsletter_tier_id":0,"_jetpack_memberships_contains_paywalled_content":false,"_jetpack_memberships_contains_paid_content":false,"footnotes":"","jetpack_publicize_message":"","jetpack_publicize_feature_enabled":true,"jetpack_social_post_already_shared":true,"jetpack_social_options":{"image_generator_settings":{"template":"highway","default_image_id":0,"font":"","enabled":false},"version":2}},"categories":[27,35],"tags":[],"class_list":["post-28940","post","type-post","status-publish","format-standard","has-post-thumbnail","hentry","category-blogu-i-udhetarit","category-shoqerore"],"jetpack_publicize_connections":[],"jetpack_featured_media_url":"https:\/\/i0.wp.com\/www.shqiperia.com\/blog\/wp-content\/uploads\/2019\/12\/WhatsApp-Image-2019-11-26-at-21.33.54.jpeg?fit=800%2C400&ssl=1","jetpack_sharing_enabled":true,"jetpack_shortlink":"https:\/\/wp.me\/p5Z6wp-7wM","jetpack-related-posts":[{"id":95468,"url":"https:\/\/www.shqiperia.com\/blog\/kush-e-futi-pajisjen-pergjuese-ne-shqiperi-klodiana-lala-tregon-detaje-te-perfshire-politika-dhe-krimi-i-organizuar\/","url_meta":{"origin":28940,"position":0},"title":"Kush e futi pajisjen p\u00ebrgjuese n\u00eb Shqip\u00ebri? Klodiana Lala tregon detaje: &#8211; T\u00eb p\u00ebrfshir\u00eb politika dhe krimi i organizuar","author":"Kurt Farka","date":"December 9, 2025","format":false,"excerpt":"9 Dhjetor 2025 Gazetarja Klodiana Lala, gjat\u00eb nj\u00eb prononcimi p\u00ebr nj\u00eb emision televiziv, dha detaje nga kapja e disa pajisjeve p\u00ebrgjuese t\u00eb paligjshme q\u00eb kan\u00eb hyr\u00eb n\u00eb territorin shqiptar nga tre shtetas italian\u00eb, dy prej t\u00eb cil\u00ebve zyrtar\u00eb t\u00eb Guardia di Finanza. Lala tha se shtetasit italian\u00eb jan\u00eb l\u00ebn\u00eb t\u00eb\u2026","rel":"","context":"In &quot;Blogu i Udh\u00ebtarit&quot;","block_context":{"text":"Blogu i Udh\u00ebtarit","link":"https:\/\/www.shqiperia.com\/blog\/category\/blogu-i-udhetarit\/"},"img":{"alt_text":"","src":"https:\/\/i0.wp.com\/www.shqiperia.com\/blog\/wp-content\/uploads\/2025\/12\/640-0-klodiana-lala-2-690.jpeg?fit=640%2C397&ssl=1&resize=350%2C200","width":350,"height":200,"srcset":"https:\/\/i0.wp.com\/www.shqiperia.com\/blog\/wp-content\/uploads\/2025\/12\/640-0-klodiana-lala-2-690.jpeg?fit=640%2C397&ssl=1&resize=350%2C200 1x, https:\/\/i0.wp.com\/www.shqiperia.com\/blog\/wp-content\/uploads\/2025\/12\/640-0-klodiana-lala-2-690.jpeg?fit=640%2C397&ssl=1&resize=525%2C300 1.5x"},"classes":[]},{"id":7365,"url":"https:\/\/www.shqiperia.com\/blog\/si-ju-ka-mbijetuar-termeteve-kulla-e-pises-thuhet-se-eshte-zgjidhur-misteri-700-vjecar-i-saj\/","url_meta":{"origin":28940,"position":1},"title":"Si ju ka mbijetuar t\u00ebrmeteve Kulla e Pis\u00ebs? Thuhet se \u00ebsht\u00eb zgjidhur misteri 700 vje\u00e7ar i saj.-","author":"Kurt Farka","date":"May 14, 2018","format":false,"excerpt":"Si ju ka mbijetuar t\u00ebrmeteve Kulla e Pis\u00ebs? Thuhet se \u00ebsht\u00eb zgjidhur misteri 700 vje\u00e7ar i saj Nj\u00eb studim i kryer nga 16 inxhinier\u00eb t\u00eb udh\u00ebhequr nga Profesor Camillo Nuti i Roma Tre University, arriti n\u00eb p\u00ebrfundimin se e nj\u00ebjta kauz\u00eb e pjerr\u00ebsis\u00eb s\u00eb kull\u00ebs ishte dhe shp\u00ebtimi i saj.\u2026","rel":"","context":"In &quot;Blogu i Udh\u00ebtarit&quot;","block_context":{"text":"Blogu i Udh\u00ebtarit","link":"https:\/\/www.shqiperia.com\/blog\/category\/blogu-i-udhetarit\/"},"img":{"alt_text":"","src":"https:\/\/i0.wp.com\/www.shqiperia.com\/blog\/wp-content\/uploads\/2018\/05\/torre-Piza.jpg?fit=620%2C410&ssl=1&resize=350%2C200","width":350,"height":200,"srcset":"https:\/\/i0.wp.com\/www.shqiperia.com\/blog\/wp-content\/uploads\/2018\/05\/torre-Piza.jpg?fit=620%2C410&ssl=1&resize=350%2C200 1x, https:\/\/i0.wp.com\/www.shqiperia.com\/blog\/wp-content\/uploads\/2018\/05\/torre-Piza.jpg?fit=620%2C410&ssl=1&resize=525%2C300 1.5x"},"classes":[]},{"id":89745,"url":"https:\/\/www.shqiperia.com\/blog\/safet-bajri-i-uli-breet-policise-se-ilir-prodes-reagon-ashper-klodiana-lala\/","url_meta":{"origin":28940,"position":2},"title":"\u201cSafet Bajri i uli bre*et policis\u00eb s\u00eb Ilir Prod\u00ebs\u201d\/ Reagon ashp\u00ebr Klodiana Lala","author":"Kurt Farka","date":"February 21, 2025","format":false,"excerpt":"21 Shkurt 2025 Gazetarja Klodiana Lala me an\u00eb t\u00eb nj\u00eb statusi n\u00eb rrjetet sociale ka reaguar ashp\u00ebr p\u00ebr Safet Bajrin. Lala shprehet se nuk duhet harruar q\u00eb Safet Bajri \u00ebsht\u00eb kreu i nj\u00eb bande dhe sjell rastin e nj\u00eb vajze q\u00eb iu thye legeni. N\u00eb statusin e saj, gazetarja shkruan\u2026","rel":"","context":"In &quot;Blogu i Udh\u00ebtarit&quot;","block_context":{"text":"Blogu i Udh\u00ebtarit","link":"https:\/\/www.shqiperia.com\/blog\/category\/blogu-i-udhetarit\/"},"img":{"alt_text":"","src":"https:\/\/i0.wp.com\/www.shqiperia.com\/blog\/wp-content\/uploads\/2025\/02\/640-0-safjpg-1740069606.jpg?fit=640%2C364&ssl=1&resize=350%2C200","width":350,"height":200,"srcset":"https:\/\/i0.wp.com\/www.shqiperia.com\/blog\/wp-content\/uploads\/2025\/02\/640-0-safjpg-1740069606.jpg?fit=640%2C364&ssl=1&resize=350%2C200 1x, https:\/\/i0.wp.com\/www.shqiperia.com\/blog\/wp-content\/uploads\/2025\/02\/640-0-safjpg-1740069606.jpg?fit=640%2C364&ssl=1&resize=525%2C300 1.5x"},"classes":[]},{"id":95060,"url":"https:\/\/www.shqiperia.com\/blog\/klodiana-lala-prova-te-reja-prokurori-per-ballukun\/","url_meta":{"origin":28940,"position":3},"title":"Klodiana Lala: &#8211; Prova t\u00eb reja, prokurori\u2026 per Ballukun","author":"Kurt Farka","date":"November 22, 2025","format":false,"excerpt":"22 Nentor 2025 Zbardhen detaje nga seanca p\u00ebr masat q\u00eb GJKKO do t\u00eb komunikoj\u00eb sot p\u00ebr ish-z\u00ebvend\u00ebskryeministren Belinda Balluku, e cila dy dit\u00eb m\u00eb par\u00eb u pezullua nga detyra dhe iu bllokua pasaporta. N\u00eb nj\u00eb lidhje live gazetarja Klodiana Lala pohoi se n\u00eb seanc\u00ebn q\u00eb po mbahet me dyer t\u00eb\u2026","rel":"","context":"In &quot;Blogu i Udh\u00ebtarit&quot;","block_context":{"text":"Blogu i Udh\u00ebtarit","link":"https:\/\/www.shqiperia.com\/blog\/category\/blogu-i-udhetarit\/"},"img":{"alt_text":"","src":"https:\/\/i0.wp.com\/www.shqiperia.com\/blog\/wp-content\/uploads\/2025\/11\/balluku-berberi-2.jpg?fit=600%2C368&ssl=1&resize=350%2C200","width":350,"height":200,"srcset":"https:\/\/i0.wp.com\/www.shqiperia.com\/blog\/wp-content\/uploads\/2025\/11\/balluku-berberi-2.jpg?fit=600%2C368&ssl=1&resize=350%2C200 1x, https:\/\/i0.wp.com\/www.shqiperia.com\/blog\/wp-content\/uploads\/2025\/11\/balluku-berberi-2.jpg?fit=600%2C368&ssl=1&resize=525%2C300 1.5x"},"classes":[]},{"id":69749,"url":"https:\/\/www.shqiperia.com\/blog\/klodiana-lala-flet-me-emra-tregon-dosjen-e-bujshme-qe-mund-te-coje-pas-hekurave-kryeministrin-rama-ministra-dhe-zyrtare-te-larte\/","url_meta":{"origin":28940,"position":4},"title":"Klodiana Lala flet me emra, tregon dosjen e bujshme q\u00eb mund t\u00eb \u00e7oj\u00eb pas hekurave kryeministrin Rama, ministra dhe zyrtar\u00eb t\u00eb lart\u00eb","author":"Kurt Farka","date":"March 17, 2023","format":false,"excerpt":"17 Mars 2023 Gazetarja Klodiana Lala deklaroi n\u00eb studion e emisionit \u201cT\u00eb Paekspozuarit\u201d se afera e incenerator\u00ebve ka \u00a0pasur bekimin e kryeministrit Rama. Duke vijuar m\u00eb tej me shpjegimin e saj, Lala tha se \u00e7\u00ebshtja duhet t\u00eb hetohet e plot\u00eb dhe nj\u00eb s\u00ebr\u00eb ministrash dhe zyrtar\u00ebsh publik\u00eb duhen pyetur p\u00ebr\u2026","rel":"","context":"In &quot;Blogu i Udh\u00ebtarit&quot;","block_context":{"text":"Blogu i Udh\u00ebtarit","link":"https:\/\/www.shqiperia.com\/blog\/category\/blogu-i-udhetarit\/"},"img":{"alt_text":"","src":"https:\/\/i0.wp.com\/www.shqiperia.com\/blog\/wp-content\/uploads\/2023\/03\/800-0-64138a2c17fef.jpg?fit=800%2C420&ssl=1&resize=350%2C200","width":350,"height":200,"srcset":"https:\/\/i0.wp.com\/www.shqiperia.com\/blog\/wp-content\/uploads\/2023\/03\/800-0-64138a2c17fef.jpg?fit=800%2C420&ssl=1&resize=350%2C200 1x, https:\/\/i0.wp.com\/www.shqiperia.com\/blog\/wp-content\/uploads\/2023\/03\/800-0-64138a2c17fef.jpg?fit=800%2C420&ssl=1&resize=525%2C300 1.5x, https:\/\/i0.wp.com\/www.shqiperia.com\/blog\/wp-content\/uploads\/2023\/03\/800-0-64138a2c17fef.jpg?fit=800%2C420&ssl=1&resize=700%2C400 2x"},"classes":[]},{"id":90790,"url":"https:\/\/www.shqiperia.com\/blog\/maskat-te-one-klodiana-lala-jep-detaje-per-ngjarjen-e-fshehur-te-tre-muajve-me-pare\/","url_meta":{"origin":28940,"position":5},"title":"MASKAT TE \u201cONE\u201d, Klodiana Lala jep detaje p\u00ebr ngjarjen e fshehur t\u00eb tre muajve m\u00eb par\u00eb","author":"Kurt Farka","date":"March 28, 2025","format":false,"excerpt":"28 Mars 2025 Kompania \"One\" \u00ebsht\u00eb nj\u00eb nga klientet kryesore t\u00eb Arb\u00ebr Veliajt, q\u00eb \u00ebsht\u00eb v\u00ebllai i kryebashkiakut t\u00eb Tiran\u00ebs, Erion Veliaj. Gazetarja Klodiana Lala shpjegoi n\u00eb emisionin \u201cT\u00eb Paekspozuarit\u201d n\u00eb MCN TV bastisjen e maskave n\u00eb zyrat e kompanis\u00eb telefonike \u201cOne\u201d nat\u00ebn e Krishtlindjeve 2024 dhe njoftimin e policis\u00eb\u2026","rel":"","context":"In &quot;Blogu i Udh\u00ebtarit&quot;","block_context":{"text":"Blogu i Udh\u00ebtarit","link":"https:\/\/www.shqiperia.com\/blog\/category\/blogu-i-udhetarit\/"},"img":{"alt_text":"","src":"https:\/\/i0.wp.com\/www.shqiperia.com\/blog\/wp-content\/uploads\/2025\/03\/Ngjarja-kompania-One-celularet-maskat-prishja-kompjuterat.jpg?fit=1185%2C610&ssl=1&resize=350%2C200","width":350,"height":200,"srcset":"https:\/\/i0.wp.com\/www.shqiperia.com\/blog\/wp-content\/uploads\/2025\/03\/Ngjarja-kompania-One-celularet-maskat-prishja-kompjuterat.jpg?fit=1185%2C610&ssl=1&resize=350%2C200 1x, https:\/\/i0.wp.com\/www.shqiperia.com\/blog\/wp-content\/uploads\/2025\/03\/Ngjarja-kompania-One-celularet-maskat-prishja-kompjuterat.jpg?fit=1185%2C610&ssl=1&resize=525%2C300 1.5x, https:\/\/i0.wp.com\/www.shqiperia.com\/blog\/wp-content\/uploads\/2025\/03\/Ngjarja-kompania-One-celularet-maskat-prishja-kompjuterat.jpg?fit=1185%2C610&ssl=1&resize=700%2C400 2x, https:\/\/i0.wp.com\/www.shqiperia.com\/blog\/wp-content\/uploads\/2025\/03\/Ngjarja-kompania-One-celularet-maskat-prishja-kompjuterat.jpg?fit=1185%2C610&ssl=1&resize=1050%2C600 3x"},"classes":[]}],"_links":{"self":[{"href":"https:\/\/www.shqiperia.com\/blog\/wp-json\/wp\/v2\/posts\/28940","targetHints":{"allow":["GET"]}}],"collection":[{"href":"https:\/\/www.shqiperia.com\/blog\/wp-json\/wp\/v2\/posts"}],"about":[{"href":"https:\/\/www.shqiperia.com\/blog\/wp-json\/wp\/v2\/types\/post"}],"author":[{"embeddable":true,"href":"https:\/\/www.shqiperia.com\/blog\/wp-json\/wp\/v2\/users\/9"}],"replies":[{"embeddable":true,"href":"https:\/\/www.shqiperia.com\/blog\/wp-json\/wp\/v2\/comments?post=28940"}],"version-history":[{"count":1,"href":"https:\/\/www.shqiperia.com\/blog\/wp-json\/wp\/v2\/posts\/28940\/revisions"}],"predecessor-version":[{"id":28942,"href":"https:\/\/www.shqiperia.com\/blog\/wp-json\/wp\/v2\/posts\/28940\/revisions\/28942"}],"wp:featuredmedia":[{"embeddable":true,"href":"https:\/\/www.shqiperia.com\/blog\/wp-json\/wp\/v2\/media\/28941"}],"wp:attachment":[{"href":"https:\/\/www.shqiperia.com\/blog\/wp-json\/wp\/v2\/media?parent=28940"}],"wp:term":[{"taxonomy":"category","embeddable":true,"href":"https:\/\/www.shqiperia.com\/blog\/wp-json\/wp\/v2\/categories?post=28940"},{"taxonomy":"post_tag","embeddable":true,"href":"https:\/\/www.shqiperia.com\/blog\/wp-json\/wp\/v2\/tags?post=28940"}],"curies":[{"name":"wp","href":"https:\/\/api.w.org\/{rel}","templated":true}]}}