{"id":28937,"date":"2019-12-04T23:43:44","date_gmt":"2019-12-04T23:43:44","guid":{"rendered":"https:\/\/www.shqiperia.com\/blog\/?p=28937"},"modified":"2019-12-04T23:43:44","modified_gmt":"2019-12-04T23:43:44","slug":"zeri-i-pare-kunder-inxhinieres-profesoreshe-i-vetmi-pallat-qe-shkaterroi-termeti-eshte-yti","status":"publish","type":"post","link":"https:\/\/www.shqiperia.com\/blog\/zeri-i-pare-kunder-inxhinieres-profesoreshe-i-vetmi-pallat-qe-shkaterroi-termeti-eshte-yti\/","title":{"rendered":"Z\u00ebri i par\u00eb kund\u00ebr inxhinieres: &#8211; Profesoresh\u00eb, i vetmi pallat q\u00eb shkat\u00ebrroi t\u00ebrmeti, \u00ebsht\u00eb \u2018yti\u2019. &#8211;"},"content":{"rendered":"<p><img data-recalc-dims=\"1\" loading=\"lazy\" decoding=\"async\" data-attachment-id=\"28938\" data-permalink=\"https:\/\/www.shqiperia.com\/blog\/zeri-i-pare-kunder-inxhinieres-profesoreshe-i-vetmi-pallat-qe-shkaterroi-termeti-eshte-yti\/13cffcf216e78efa52fb3c5df0354c4d_l-288x168\/\" data-orig-file=\"https:\/\/i0.wp.com\/www.shqiperia.com\/blog\/wp-content\/uploads\/2019\/12\/13cffcf216e78efa52fb3c5df0354c4d_L-288x168.jpg?fit=288%2C168&amp;ssl=1\" data-orig-size=\"288,168\" data-comments-opened=\"1\" data-image-meta=\"{&quot;aperture&quot;:&quot;0&quot;,&quot;credit&quot;:&quot;&quot;,&quot;camera&quot;:&quot;&quot;,&quot;caption&quot;:&quot;&quot;,&quot;created_timestamp&quot;:&quot;0&quot;,&quot;copyright&quot;:&quot;&quot;,&quot;focal_length&quot;:&quot;0&quot;,&quot;iso&quot;:&quot;0&quot;,&quot;shutter_speed&quot;:&quot;0&quot;,&quot;title&quot;:&quot;&quot;,&quot;orientation&quot;:&quot;0&quot;}\" data-image-title=\"13cffcf216e78efa52fb3c5df0354c4d_L-288&#215;168\" data-image-description=\"\" data-image-caption=\"\" data-medium-file=\"https:\/\/i0.wp.com\/www.shqiperia.com\/blog\/wp-content\/uploads\/2019\/12\/13cffcf216e78efa52fb3c5df0354c4d_L-288x168.jpg?fit=288%2C168&amp;ssl=1\" data-large-file=\"https:\/\/i0.wp.com\/www.shqiperia.com\/blog\/wp-content\/uploads\/2019\/12\/13cffcf216e78efa52fb3c5df0354c4d_L-288x168.jpg?fit=288%2C168&amp;ssl=1\" class=\"alignnone  wp-image-28938\" alt=\"\" src=\"https:\/\/i0.wp.com\/www.shqiperia.com\/blog\/wp-content\/uploads\/2019\/12\/13cffcf216e78efa52fb3c5df0354c4d_L-288x168.jpg?resize=547%2C319&#038;ssl=1\" width=\"547\" height=\"319\" \/><\/p>\n<p><strong>Z\u00ebri i par\u00eb kund\u00ebr inxhinieres: &#8211; Profesoresh\u00eb, i vetmi pallat q\u00eb shkat\u00ebrroi t\u00ebrmeti, \u00ebsht\u00eb \u2018yti\u2019. &#8211;<\/strong><\/p>\n<p>4 dhjetor\u00a0 2019 13:16<\/p>\n<p>Q\u00eb prej t\u00ebrmetit t\u00eb fuqish\u00ebm t\u00eb dat\u00ebs 26 n\u00ebntor, inxhinierja Luljeta Bozo ka qen\u00eb n\u00eb qend\u00ebr n\u00eb mediave, ku nuk ka munguar p\u00ebrkrahja publike p\u00ebr informacionin e dh\u00ebn\u00eb.<\/p>\n<p>Mir\u00ebpo ndryshe nga \u2018rryma\u2019, ka dal\u00eb ish-zv.kryeministri shqiptar gjat\u00eb qeverisjes s\u00eb PD, Bashkim Kopliku, i cili \u00ebsht\u00eb shprehur se i vetmi pallat q\u00eb ka \u00a0shkat\u00ebrruar t\u00ebrmeti \u00ebsht\u00eb ai q\u00eb ka nd\u00ebrtuar Bozo.<\/p>\n<p>Sipas Koplikut, asnj\u00eb nga nd\u00ebrtesat e nd\u00ebrtuara \u2018nga italian\u00eb\u2019, para periudh\u00ebs s\u00eb profesoresh\u00ebs\u00a0 nuk ka luajtur vendit.<\/p>\n<p><strong>Statusi i plot\u00eb:<\/strong><\/p>\n<p>Pofesoresh\u00eb, i vetmi pallat q\u00eb shkat\u00ebrroi t\u00ebrmeti, \u00ebsht\u00eb \u201cyti\u201d.<\/p>\n<p>Znj. Bozo, profesoresha e konstrusioneve t\u00eb nd\u00ebrtimi, e koh\u00ebs s\u00eb komunizmit shqiptar, u l\u00ebshua n\u00eb mbrojtje t\u00eb periudh\u00ebs komuniste, dhe n\u00eb sharje e d\u00ebrmim t\u00eb periudh\u00ebs postkomuniste. Personalisht, kam respekt, pavar\u00ebsisht se n\u00eb sa po them, kam mendim diametralisht t\u00eb kund\u00ebrt me t\u00eb.<\/p>\n<p>E ka gabim, e respektuara profesoresh\u00eb!<\/p>\n<p>Prova e shpejt\u00eb:<\/p>\n<p>N\u00eb bulevardin e Durr\u00ebsit, e vetmja nd\u00ebrtes\u00eb q\u00eb e k\u00ebputi t\u00ebrmeti, \u00ebsht\u00eb e \u201cprofesoresh\u00ebs\u201d, pallati i viteve 80, karshi Foto Palushit.<\/p>\n<p>Nga ana tjet\u00ebr, Asnj\u00eb nga nd\u00ebrtesat e nd\u00ebrtuara \u201cnga italian\u00eb\u201d, para periudh\u00ebs t\u00ebnde, profesoresh\u00eb, nuk ka luajtur vendit!<\/p>\n<p>Po vazhdoj edhe pak:<\/p>\n<p>Nuk ka kufizime teknike t\u00eb nd\u00ebrtosh n\u00eb nj\u00eb truall q\u00eb ka qen\u00eb k\u00ebnet\u00eb, profesoresh\u00eb! Natyrisht duhet t\u00eb p\u00ebrdoren zgjidhje konstruktive t\u00eb p\u00ebrshtatshme p\u00ebr at\u00eb lloj trualli. Natyrisht, kostot e nd\u00ebrtimit rriten. Pra, zonja inxhiniere e keni gabim, ai, ndalimi i nd\u00ebrtimit n\u00eb ish-k\u00ebnet\u00ebn e Durr\u00ebsit, ka qen\u00eb nj\u00eb vendim i qeveris\u00eb komuniste, i mar\u00eb n\u00eb kontekstin e nj\u00eb shteti tejet t\u00eb centralizuar, me \u00e7mime trualli etj. t\u00eb vendosur mbi baza absurde, t\u00eb komisionit t\u00eb planit t\u00eb shtetit, nj\u00eb institucion q\u00eb caktonte \u00e7minet p\u00ebr \u00e7do gj\u00eb e kudo n\u00eb Shqip\u00ebrin\u00eb komuniste; pra \u00e7mimet, nd\u00ebrtimi edhe i truallit etj., nuk caktoheshin nga tregu, gj\u00eb q\u00eb kusht\u00ebzonte edhe zgjidhje tekniko-ekonomike krejt\u00ebsht anti-ekonomike, ant-teknike, anti-shkencore dhe antinjer\u00ebzore.<\/p>\n<p>Sa thash\u00eb \u00ebsht\u00eb konkluzioni i iniciuar nga nj\u00eb konsulte me nj\u00eb grup konstruktor\u00ebsh italian\u00eb n\u00eb vitin 1991, kur un\u00eb isha kryetari i Bashkis\u00eb Durr\u00ebs (kryetari i komitetit ekzekutiv).<\/p>\n<p>Pastaj \u00ebsht\u00eb p\u00ebrforcuar vitoasviti, nga fakti se, n\u00eb Bot\u00eb, nd\u00ebrtohet tashm\u00eb kudo, dhe gradaciela n\u00eb r\u00ebr\u00eb e kudo\u2026..<\/p>\n<p>Keni an\u00ebsi politike, zonj\u00eb, e megjithat\u00eb, e p\u00ebrs\u00ebris, ju respektoj, por mendoj ndryshe\u2026.<\/p>\n<p>Jeni nj\u00eb nostalgjike tipike e brezit t\u00eb teknicien\u00ebve demode t\u00eb Shqip\u00ebris\u00eb para 1990, kur edhe teknika vuante izolimin nga Bota, nga p\u00ebparimet inxhinierike t\u00eb Bot\u00ebs.<\/p>\n<p>Edhe lavdatat q\u00eb i thurrni, Ju, zbatimit t\u00eb rregullave dhe standardeve n\u00eb regjimin komunist, \u00ebsht\u00eb i pasakt\u00eb: \u201czbatimi i standardeve\u201d ishte nj\u00eb hipokrizi e shoq\u00ebris\u00eb s\u00eb asaj kohe, kur n\u00eb fakt nuk zbatoheshin standardet, por prodhoheshin ve\u00e7se g\u00ebnheshtra, shkresa burokratike pafund q\u00eb \u201cv\u00ebrtetonin, gjoja, plot\u00ebsimin e standardeve e kushteve teknike\u201d\u2026.<\/p>\n<p>Shihni edhe nj\u00eb her\u00eb, nd\u00ebrtimet e para 1990 e pas 1945: flasin vet\u00eb, ul\u00ebrijn\u00eb nga cil\u00ebsia skandaloze, e nga t\u00eb gjitha an\u00ebt.<\/p>\n<p>Shkurt, sa thash\u00eb \u00ebsht\u00eb n\u00eb kuadrin \u201cFredom \u00eborks\u201d..!!! Na e ka th\u00ebn\u00eb q\u00eb n\u00eb 1991 p\u00ebrfaq\u00ebsuesi i Liris\u00eb, Baker, ministri i jasht\u00ebm i ShBA\u2026.<\/p>\n<p>l.h\/ dita<\/p>\n","protected":false},"excerpt":{"rendered":"<p>Z\u00ebri i par\u00eb kund\u00ebr inxhinieres: &#8211; Profesoresh\u00eb, i vetmi pallat q\u00eb shkat\u00ebrroi t\u00ebrmeti, \u00ebsht\u00eb \u2018yti\u2019. &#8211; 4 dhjetor\u00a0 2019 13:16 Q\u00eb prej t\u00ebrmetit t\u00eb fuqish\u00ebm t\u00eb dat\u00ebs 26 n\u00ebntor, inxhinierja Luljeta Bozo ka qen\u00eb n\u00eb qend\u00ebr n\u00eb mediave, ku nuk ka munguar p\u00ebrkrahja publike p\u00ebr informacionin e dh\u00ebn\u00eb. Mir\u00ebpo ndryshe nga \u2018rryma\u2019, ka dal\u00eb ish-zv.kryeministri [&hellip;]<\/p>\n","protected":false},"author":9,"featured_media":28938,"comment_status":"open","ping_status":"open","sticky":false,"template":"","format":"standard","meta":{"jetpack_post_was_ever_published":false,"_jetpack_newsletter_access":"","_jetpack_dont_email_post_to_subs":false,"_jetpack_newsletter_tier_id":0,"_jetpack_memberships_contains_paywalled_content":false,"_jetpack_memberships_contains_paid_content":false,"footnotes":"","jetpack_publicize_message":"","jetpack_publicize_feature_enabled":true,"jetpack_social_post_already_shared":true,"jetpack_social_options":{"image_generator_settings":{"template":"highway","default_image_id":0,"font":"","enabled":false},"version":2}},"categories":[27,35],"tags":[],"class_list":["post-28937","post","type-post","status-publish","format-standard","has-post-thumbnail","hentry","category-blogu-i-udhetarit","category-shoqerore"],"jetpack_publicize_connections":[],"jetpack_featured_media_url":"https:\/\/i0.wp.com\/www.shqiperia.com\/blog\/wp-content\/uploads\/2019\/12\/13cffcf216e78efa52fb3c5df0354c4d_L-288x168.jpg?fit=288%2C168&ssl=1","jetpack_sharing_enabled":true,"jetpack_shortlink":"https:\/\/wp.me\/p5Z6wp-7wJ","jetpack-related-posts":[{"id":28912,"url":"https:\/\/www.shqiperia.com\/blog\/inxhinieri-pallati-ka-probleme-ministri-stop-ky-pallat-eshte-xham\/","url_meta":{"origin":28937,"position":0},"title":"Inxhinieri: Pallati ka probleme. Ministri: Stop, ky pallat \u00ebsht\u00eb xham. &#8211;","author":"Kurt Farka","date":"December 4, 2019","format":false,"excerpt":"Inxhinieri: Pallati ka probleme. Ministri: Stop, ky pallat \u00ebsht\u00eb xham. 3 dhjetor \u00a02019 Nj\u00eb p\u00ebrplasje e pazakont\u00eb ka ndodhur n\u00eb Lezh\u00eb pasditen e sotme, teksa kan\u00eb nisur verifikimet lidhur me d\u00ebmet nga t\u00ebrmeti. Ministri i Brendsh\u00ebm Sand\u00ebr Lleshaj ka qen\u00eb n\u00eb Lezh\u00eb p\u00ebr t\u00eb par\u00eb situat\u00ebn dhe \u00ebsht\u00eb ndalur tek\u2026","rel":"","context":"In &quot;Blogu i Udh\u00ebtarit&quot;","block_context":{"text":"Blogu i Udh\u00ebtarit","link":"https:\/\/www.shqiperia.com\/blog\/category\/blogu-i-udhetarit\/"},"img":{"alt_text":"","src":"https:\/\/i0.wp.com\/www.shqiperia.com\/blog\/wp-content\/uploads\/2019\/12\/lleshaj-Lezhe-770x360-768x359-905x450.png?fit=905%2C450&ssl=1&resize=350%2C200","width":350,"height":200,"srcset":"https:\/\/i0.wp.com\/www.shqiperia.com\/blog\/wp-content\/uploads\/2019\/12\/lleshaj-Lezhe-770x360-768x359-905x450.png?fit=905%2C450&ssl=1&resize=350%2C200 1x, https:\/\/i0.wp.com\/www.shqiperia.com\/blog\/wp-content\/uploads\/2019\/12\/lleshaj-Lezhe-770x360-768x359-905x450.png?fit=905%2C450&ssl=1&resize=525%2C300 1.5x, https:\/\/i0.wp.com\/www.shqiperia.com\/blog\/wp-content\/uploads\/2019\/12\/lleshaj-Lezhe-770x360-768x359-905x450.png?fit=905%2C450&ssl=1&resize=700%2C400 2x"},"classes":[]},{"id":29270,"url":"https:\/\/www.shqiperia.com\/blog\/termeti-prokuroria-kemi-gati-listen-e-arrestimeve-te-para\/","url_meta":{"origin":28937,"position":1},"title":"T\u00ebrmeti, Prokuroria: Kemi gati list\u00ebn e arrestimeve t\u00eb para. &#8211;","author":"Kurt Farka","date":"December 13, 2019","format":false,"excerpt":"T\u00ebrmeti, Prokuroria: Kemi gati list\u00ebn e arrestimeve t\u00eb para 12 dhjetor 2019 25 persona humb\u00ebn jet\u00ebn n\u00eb qytetin e Durr\u00ebsit, duke mbetur n\u00ebn rr\u00ebnojat e nd\u00ebrtimeve jo cil\u00ebsore q\u00eb nuk i mbijetuan t\u00ebrmetit t\u00eb 26 n\u00ebntorit. Prokuroria e Durr\u00ebsit thot\u00eb se ka mbledhur provat n\u00eb \u00e7do pallat t\u00eb d\u00ebmtuar dhe\u2026","rel":"","context":"In &quot;Blogu i Udh\u00ebtarit&quot;","block_context":{"text":"Blogu i Udh\u00ebtarit","link":"https:\/\/www.shqiperia.com\/blog\/category\/blogu-i-udhetarit\/"},"img":{"alt_text":"","src":"https:\/\/i0.wp.com\/www.shqiperia.com\/blog\/wp-content\/uploads\/2019\/12\/WhatsApp-Image-2019-11-29-at-12.20.55-PM-905x450-1.jpeg?fit=905%2C450&ssl=1&resize=350%2C200","width":350,"height":200,"srcset":"https:\/\/i0.wp.com\/www.shqiperia.com\/blog\/wp-content\/uploads\/2019\/12\/WhatsApp-Image-2019-11-29-at-12.20.55-PM-905x450-1.jpeg?fit=905%2C450&ssl=1&resize=350%2C200 1x, https:\/\/i0.wp.com\/www.shqiperia.com\/blog\/wp-content\/uploads\/2019\/12\/WhatsApp-Image-2019-11-29-at-12.20.55-PM-905x450-1.jpeg?fit=905%2C450&ssl=1&resize=525%2C300 1.5x, https:\/\/i0.wp.com\/www.shqiperia.com\/blog\/wp-content\/uploads\/2019\/12\/WhatsApp-Image-2019-11-29-at-12.20.55-PM-905x450-1.jpeg?fit=905%2C450&ssl=1&resize=700%2C400 2x"},"classes":[]},{"id":38545,"url":"https:\/\/www.shqiperia.com\/blog\/termeti-i-shkaterroi-shtepine-drama-e-bukurie-balles-kam-qene-pa-buke-se-po-laj-borxhet-e-qirave\/","url_meta":{"origin":28937,"position":2},"title":"T\u00ebrmeti i shkat\u00ebrroi sht\u00ebpin\u00eb\/ Drama e Bukurie Ball\u00ebs: Kam qen\u00eb pa buk\u00eb se po laj borxhet e qirave. &#8211;","author":"Kurt Farka","date":"September 17, 2020","format":false,"excerpt":"T\u00ebrmeti i shkat\u00ebrroi sht\u00ebpin\u00eb\/ Drama e Bukurie Ball\u00ebs: Kam qen\u00eb pa buk\u00eb se po laj borxhet e qirave. - 17\/09\/20 Z\u00ebdh\u00ebn\u00ebsja e Partis\u00eb Demokratike, Ina Zhupa ka vizituar sot n\u00eb Kombinat familjen Balla ku i ka dh\u00ebn\u00eb z\u00eb denoncimit t\u00eb k\u00ebsaj familje. T\u00ebrmeti i 26 n\u00ebntorit i ka shkat\u00ebrruar sht\u00ebpin\u00eb\u2026","rel":"","context":"In &quot;Blogu i Udh\u00ebtarit&quot;","block_context":{"text":"Blogu i Udh\u00ebtarit","link":"https:\/\/www.shqiperia.com\/blog\/category\/blogu-i-udhetarit\/"},"img":{"alt_text":"","src":"https:\/\/i0.wp.com\/www.shqiperia.com\/blog\/wp-content\/uploads\/2020\/09\/WhatsApp-Image-2020-09-17-at-4.48.25-PM-260x160-1.jpeg?resize=350%2C200&ssl=1","width":350,"height":200,"srcset":"https:\/\/i0.wp.com\/www.shqiperia.com\/blog\/wp-content\/uploads\/2020\/09\/WhatsApp-Image-2020-09-17-at-4.48.25-PM-260x160-1.jpeg?resize=350%2C200&ssl=1 1x, https:\/\/i0.wp.com\/www.shqiperia.com\/blog\/wp-content\/uploads\/2020\/09\/WhatsApp-Image-2020-09-17-at-4.48.25-PM-260x160-1.jpeg?resize=525%2C300&ssl=1 1.5x"},"classes":[]},{"id":35992,"url":"https:\/\/www.shqiperia.com\/blog\/shpella-e-podes-nje-pallat-madheshtor-mesjetar-fshati-pode-leskovik-rrethi-kolonje\/","url_meta":{"origin":28937,"position":3},"title":"Shpella e Pod\u00ebs &#8211; \u201cNJE PALLAT MADHESHTOR MESJETAR\u201c  Fshati Pode, Leskovik rrethi Kolonje.","author":"Kurt Farka","date":"July 2, 2020","format":false,"excerpt":"Shpella e Pod\u00ebs - \u201cNJE PALLAT MADHESHTOR MESJETAR\u201c Fshati Pode, Leskovik rrethi Kolonje. Nga Vepror Hasani Jam i sigurt\u00eb, shkruan Arkeologu Prof. Sk\u00ebnder Aliu, ju nuk keni patur rast t\u00eb vizitoni \u201cGuv\u00ebn e Pod\u00ebs\u201d, k\u00ebshtu e kan\u00eb quajtur banor\u00ebt e zon\u00ebs q\u00eb nga koh\u00ebra q\u00eb s\u2019mbahen mend, por \u201cGuva e\u2026","rel":"","context":"In &quot;Histori&quot;","block_context":{"text":"Histori","link":"https:\/\/www.shqiperia.com\/blog\/category\/histori\/"},"img":{"alt_text":"","src":"https:\/\/i0.wp.com\/www.shqiperia.com\/blog\/wp-content\/uploads\/2020\/07\/Shpella-e-Pod%C3%ABs-%E2%80%9C-NJE-PALLAT-MADHESHTOR-MESJETAR-%E2%80%9C.jpg?fit=720%2C430&ssl=1&resize=350%2C200","width":350,"height":200,"srcset":"https:\/\/i0.wp.com\/www.shqiperia.com\/blog\/wp-content\/uploads\/2020\/07\/Shpella-e-Pod%C3%ABs-%E2%80%9C-NJE-PALLAT-MADHESHTOR-MESJETAR-%E2%80%9C.jpg?fit=720%2C430&ssl=1&resize=350%2C200 1x, https:\/\/i0.wp.com\/www.shqiperia.com\/blog\/wp-content\/uploads\/2020\/07\/Shpella-e-Pod%C3%ABs-%E2%80%9C-NJE-PALLAT-MADHESHTOR-MESJETAR-%E2%80%9C.jpg?fit=720%2C430&ssl=1&resize=525%2C300 1.5x, https:\/\/i0.wp.com\/www.shqiperia.com\/blog\/wp-content\/uploads\/2020\/07\/Shpella-e-Pod%C3%ABs-%E2%80%9C-NJE-PALLAT-MADHESHTOR-MESJETAR-%E2%80%9C.jpg?fit=720%2C430&ssl=1&resize=700%2C400 2x"},"classes":[]},{"id":28680,"url":"https:\/\/www.shqiperia.com\/blog\/ka-te-vdekur-dhe-njerez-nen-rrenoja-zjarfikset-dhe-ushtria-drejt-thumanes\/","url_meta":{"origin":28937,"position":4},"title":"Ka t\u00eb vdekur dhe njer\u00ebz n\u00ebn rr\u00ebnoja. Zjarfikset dhe ushtria drejt Thuman\u00ebs","author":"Kurt Farka","date":"November 26, 2019","format":false,"excerpt":"Ka t\u00eb vdekur dhe njer\u00ebz n\u00ebn rr\u00ebnoja. Zjarfikset dhe ushtria drejt Thuman\u00ebs Tani Termeti i forte 6.4 balle duket se nuk ka.kaluar pa deme ne njerez dhe banesa.Nj\u00eb pallat ne Durres \u00ebsht\u00eb sh\u00ebmbur plot\u00ebsisht, nd\u00ebrkoh\u00eb q\u00eb m\u00ebsohet se ka njer\u00ebz t\u00eb mbetur n\u00ebn rr\u00ebnoja. N\u00eb lagjen nr.18 n\u00eb Durr\u00ebs po\u2026","rel":"","context":"In &quot;Kultura&quot;","block_context":{"text":"Kultura","link":"https:\/\/www.shqiperia.com\/blog\/category\/kultura\/"},"img":{"alt_text":"","src":"https:\/\/i0.wp.com\/www.shqiperia.com\/blog\/wp-content\/uploads\/2019\/11\/Thumane.jpg?fit=1024%2C638&ssl=1&resize=350%2C200","width":350,"height":200,"srcset":"https:\/\/i0.wp.com\/www.shqiperia.com\/blog\/wp-content\/uploads\/2019\/11\/Thumane.jpg?fit=1024%2C638&ssl=1&resize=350%2C200 1x, https:\/\/i0.wp.com\/www.shqiperia.com\/blog\/wp-content\/uploads\/2019\/11\/Thumane.jpg?fit=1024%2C638&ssl=1&resize=525%2C300 1.5x, https:\/\/i0.wp.com\/www.shqiperia.com\/blog\/wp-content\/uploads\/2019\/11\/Thumane.jpg?fit=1024%2C638&ssl=1&resize=700%2C400 2x"},"classes":[]},{"id":28817,"url":"https:\/\/www.shqiperia.com\/blog\/shkon-ne-44-numri-i-viktimave-nga-termeti-vazhdon-kerkimi-per-6-te-tjere\/","url_meta":{"origin":28937,"position":5},"title":"Shkon n\u00eb 44 numri i viktimave nga t\u00ebrmeti, vazhdon k\u00ebrkimi p\u00ebr 6 t\u00eb tjer\u00eb","author":"Kurt Farka","date":"November 29, 2019","format":false,"excerpt":"Shkon n\u00eb 44 numri i viktimave nga t\u00ebrmeti, vazhdon k\u00ebrkimi p\u00ebr 6 t\u00eb tjer\u00eb 28 nentor \u00a02019 17:19 M\u00eb shum\u00eb se 48 or\u00eb nga t\u00ebrmeti i fuqish\u00ebm q\u00eb goditi Shqip\u00ebrin\u00eb m\u00ebngjesin e s\u00eb mart\u00ebs, vijojn\u00eb k\u00ebrkimet p\u00ebr nxjerrjen e 6 personave n\u00eb Durr\u00ebs. Nd\u00ebrkoh\u00eb q\u00eb numri i viktimave ka arritur\u2026","rel":"","context":"In &quot;Kultura&quot;","block_context":{"text":"Kultura","link":"https:\/\/www.shqiperia.com\/blog\/category\/kultura\/"},"img":{"alt_text":"","src":"https:\/\/i0.wp.com\/www.shqiperia.com\/blog\/wp-content\/uploads\/2019\/11\/rrenoja1.jpg?fit=1200%2C628&ssl=1&resize=350%2C200","width":350,"height":200,"srcset":"https:\/\/i0.wp.com\/www.shqiperia.com\/blog\/wp-content\/uploads\/2019\/11\/rrenoja1.jpg?fit=1200%2C628&ssl=1&resize=350%2C200 1x, https:\/\/i0.wp.com\/www.shqiperia.com\/blog\/wp-content\/uploads\/2019\/11\/rrenoja1.jpg?fit=1200%2C628&ssl=1&resize=525%2C300 1.5x, https:\/\/i0.wp.com\/www.shqiperia.com\/blog\/wp-content\/uploads\/2019\/11\/rrenoja1.jpg?fit=1200%2C628&ssl=1&resize=700%2C400 2x, https:\/\/i0.wp.com\/www.shqiperia.com\/blog\/wp-content\/uploads\/2019\/11\/rrenoja1.jpg?fit=1200%2C628&ssl=1&resize=1050%2C600 3x"},"classes":[]}],"_links":{"self":[{"href":"https:\/\/www.shqiperia.com\/blog\/wp-json\/wp\/v2\/posts\/28937","targetHints":{"allow":["GET"]}}],"collection":[{"href":"https:\/\/www.shqiperia.com\/blog\/wp-json\/wp\/v2\/posts"}],"about":[{"href":"https:\/\/www.shqiperia.com\/blog\/wp-json\/wp\/v2\/types\/post"}],"author":[{"embeddable":true,"href":"https:\/\/www.shqiperia.com\/blog\/wp-json\/wp\/v2\/users\/9"}],"replies":[{"embeddable":true,"href":"https:\/\/www.shqiperia.com\/blog\/wp-json\/wp\/v2\/comments?post=28937"}],"version-history":[{"count":1,"href":"https:\/\/www.shqiperia.com\/blog\/wp-json\/wp\/v2\/posts\/28937\/revisions"}],"predecessor-version":[{"id":28939,"href":"https:\/\/www.shqiperia.com\/blog\/wp-json\/wp\/v2\/posts\/28937\/revisions\/28939"}],"wp:featuredmedia":[{"embeddable":true,"href":"https:\/\/www.shqiperia.com\/blog\/wp-json\/wp\/v2\/media\/28938"}],"wp:attachment":[{"href":"https:\/\/www.shqiperia.com\/blog\/wp-json\/wp\/v2\/media?parent=28937"}],"wp:term":[{"taxonomy":"category","embeddable":true,"href":"https:\/\/www.shqiperia.com\/blog\/wp-json\/wp\/v2\/categories?post=28937"},{"taxonomy":"post_tag","embeddable":true,"href":"https:\/\/www.shqiperia.com\/blog\/wp-json\/wp\/v2\/tags?post=28937"}],"curies":[{"name":"wp","href":"https:\/\/api.w.org\/{rel}","templated":true}]}}