{"id":28548,"date":"2019-11-24T13:09:56","date_gmt":"2019-11-24T13:09:56","guid":{"rendered":"https:\/\/www.shqiperia.com\/blog\/?p=28548"},"modified":"2019-11-24T13:10:16","modified_gmt":"2019-11-24T13:10:16","slug":"rama-ik-masive-nga-sportdashesit-ne-stadiume","status":"publish","type":"post","link":"https:\/\/www.shqiperia.com\/blog\/rama-ik-masive-nga-sportdashesit-ne-stadiume\/","title":{"rendered":"Rama ik, masive nga sportdashesit ne Stadiume. &#8211;"},"content":{"rendered":"<p><img data-recalc-dims=\"1\" loading=\"lazy\" decoding=\"async\" data-attachment-id=\"28549\" data-permalink=\"https:\/\/www.shqiperia.com\/blog\/rama-ik-masive-nga-sportdashesit-ne-stadiume\/skenderbeu-5\/\" data-orig-file=\"https:\/\/i0.wp.com\/www.shqiperia.com\/blog\/wp-content\/uploads\/2019\/11\/Skenderbeu.jpg?fit=1153%2C585&amp;ssl=1\" data-orig-size=\"1153,585\" data-comments-opened=\"1\" data-image-meta=\"{&quot;aperture&quot;:&quot;0&quot;,&quot;credit&quot;:&quot;&quot;,&quot;camera&quot;:&quot;&quot;,&quot;caption&quot;:&quot;&quot;,&quot;created_timestamp&quot;:&quot;0&quot;,&quot;copyright&quot;:&quot;&quot;,&quot;focal_length&quot;:&quot;0&quot;,&quot;iso&quot;:&quot;0&quot;,&quot;shutter_speed&quot;:&quot;0&quot;,&quot;title&quot;:&quot;&quot;,&quot;orientation&quot;:&quot;0&quot;}\" data-image-title=\"Skenderbeu\" data-image-description=\"\" data-image-caption=\"\" data-medium-file=\"https:\/\/i0.wp.com\/www.shqiperia.com\/blog\/wp-content\/uploads\/2019\/11\/Skenderbeu.jpg?fit=300%2C152&amp;ssl=1\" data-large-file=\"https:\/\/i0.wp.com\/www.shqiperia.com\/blog\/wp-content\/uploads\/2019\/11\/Skenderbeu.jpg?fit=1024%2C520&amp;ssl=1\" class=\"alignnone wp-image-28549\" alt=\"\" src=\"https:\/\/i0.wp.com\/www.shqiperia.com\/blog\/wp-content\/uploads\/2019\/11\/Skenderbeu.jpg?resize=602%2C305&#038;ssl=1\" width=\"602\" height=\"305\" srcset=\"https:\/\/i0.wp.com\/www.shqiperia.com\/blog\/wp-content\/uploads\/2019\/11\/Skenderbeu.jpg?resize=300%2C152&amp;ssl=1 300w, https:\/\/i0.wp.com\/www.shqiperia.com\/blog\/wp-content\/uploads\/2019\/11\/Skenderbeu.jpg?resize=768%2C390&amp;ssl=1 768w, https:\/\/i0.wp.com\/www.shqiperia.com\/blog\/wp-content\/uploads\/2019\/11\/Skenderbeu.jpg?resize=1024%2C520&amp;ssl=1 1024w, https:\/\/i0.wp.com\/www.shqiperia.com\/blog\/wp-content\/uploads\/2019\/11\/Skenderbeu.jpg?resize=450%2C228&amp;ssl=1 450w, https:\/\/i0.wp.com\/www.shqiperia.com\/blog\/wp-content\/uploads\/2019\/11\/Skenderbeu.jpg?resize=600%2C304&amp;ssl=1 600w, https:\/\/i0.wp.com\/www.shqiperia.com\/blog\/wp-content\/uploads\/2019\/11\/Skenderbeu.jpg?resize=400%2C203&amp;ssl=1 400w, https:\/\/i0.wp.com\/www.shqiperia.com\/blog\/wp-content\/uploads\/2019\/11\/Skenderbeu.jpg?w=1153&amp;ssl=1 1153w\" sizes=\"auto, (max-width: 602px) 100vw, 602px\" \/><\/p>\n<p>Rama ik masive nga sportdashesit ne Stadiume. &#8211;<\/p>\n<p><em>24 nentor 2019<\/em><\/p>\n<p><strong>Ashtu sikurse gjat\u00eb ceremonis\u00eb p\u00ebr inaugurimin e stadiumit komb\u00ebtar \u201cAir Albania\u201d, edhe gjat\u00eb ndeshjes s\u00eb djeshme n\u00eb qytetin e Kor\u00e7\u00ebs jan\u00eb d\u00ebgjuar thirrjet: \u201cRama ik\u201d!<\/strong><\/p>\n<p>Teksa vazhdonte p\u00ebrballja midis skuadrave Sk\u00ebnderbeu-Tirana, n\u00eb stadiumin e Kor\u00e7\u00ebs, tifoz\u00ebt kan\u00eb brohoritur n\u00eb grup: Rama ik!<\/p>\n<p>Ndeshja p\u00ebrfundoi me rezultatin 2 me 1 p\u00ebr Sk\u00ebnderbeun.<\/p>\n","protected":false},"excerpt":{"rendered":"<p>Rama ik masive nga sportdashesit ne Stadiume. &#8211; 24 nentor 2019 Ashtu sikurse gjat\u00eb ceremonis\u00eb p\u00ebr inaugurimin e stadiumit komb\u00ebtar \u201cAir Albania\u201d, edhe gjat\u00eb ndeshjes s\u00eb djeshme n\u00eb qytetin e Kor\u00e7\u00ebs jan\u00eb d\u00ebgjuar thirrjet: \u201cRama ik\u201d! Teksa vazhdonte p\u00ebrballja midis skuadrave Sk\u00ebnderbeu-Tirana, n\u00eb stadiumin e Kor\u00e7\u00ebs, tifoz\u00ebt kan\u00eb brohoritur n\u00eb grup: Rama ik! Ndeshja p\u00ebrfundoi [&hellip;]<\/p>\n","protected":false},"author":9,"featured_media":28549,"comment_status":"open","ping_status":"open","sticky":false,"template":"","format":"standard","meta":{"jetpack_post_was_ever_published":false,"_jetpack_newsletter_access":"","_jetpack_dont_email_post_to_subs":false,"_jetpack_newsletter_tier_id":0,"_jetpack_memberships_contains_paywalled_content":false,"_jetpack_memberships_contains_paid_content":false,"footnotes":"","jetpack_publicize_message":"","jetpack_publicize_feature_enabled":true,"jetpack_social_post_already_shared":true,"jetpack_social_options":{"image_generator_settings":{"template":"highway","default_image_id":0,"font":"","enabled":false},"version":2}},"categories":[27,1,35],"tags":[],"class_list":["post-28548","post","type-post","status-publish","format-standard","has-post-thumbnail","hentry","category-blogu-i-udhetarit","category-njoftime-shtypi","category-shoqerore"],"jetpack_publicize_connections":[],"jetpack_featured_media_url":"https:\/\/i0.wp.com\/www.shqiperia.com\/blog\/wp-content\/uploads\/2019\/11\/Skenderbeu.jpg?fit=1153%2C585&ssl=1","jetpack_sharing_enabled":true,"jetpack_shortlink":"https:\/\/wp.me\/p5Z6wp-7qs","jetpack-related-posts":[{"id":29276,"url":"https:\/\/www.shqiperia.com\/blog\/thirrje-ne-kor-gjate-ndeshjes-tirana-partizani-rama-ik\/","url_meta":{"origin":28548,"position":0},"title":"Thirrje n\u00eb kor gjat\u00eb ndeshjes Tirana-Partizani. \u201cRama ik\u201d.","author":"Kurt Farka","date":"December 13, 2019","format":false,"excerpt":"Thirrje n\u00eb kor gjat\u00eb ndeshjes Tirana-Partizani. \u201cRama ik\u201d. 13 dhjetor 2019 Edhe gjat\u00eb ndeshjes s\u00eb sotme Tirana-Partizani jan\u00eb d\u00ebgjuar thirrjet n\u00eb kor \u201cRama ik\u201d. Qindra mij\u00ebra tifoz\u00eb me gjas\u00eb t\u00eb skuadr\u00ebs s\u00eb Tiran\u00ebs, k\u00ebrkuan largimin e kryeministrit Rama. Ashtu sikurse ndodhi edhe n\u00eb ceremonin\u00eb e inaugurimit t\u00eb e \u201cAir Albania\u2026","rel":"","context":"In &quot;Blogu i Udh\u00ebtarit&quot;","block_context":{"text":"Blogu i Udh\u00ebtarit","link":"https:\/\/www.shqiperia.com\/blog\/category\/blogu-i-udhetarit\/"},"img":{"alt_text":"","src":"https:\/\/i0.wp.com\/www.shqiperia.com\/blog\/wp-content\/uploads\/2019\/12\/ramaik.jpg?fit=759%2C405&ssl=1&resize=350%2C200","width":350,"height":200,"srcset":"https:\/\/i0.wp.com\/www.shqiperia.com\/blog\/wp-content\/uploads\/2019\/12\/ramaik.jpg?fit=759%2C405&ssl=1&resize=350%2C200 1x, https:\/\/i0.wp.com\/www.shqiperia.com\/blog\/wp-content\/uploads\/2019\/12\/ramaik.jpg?fit=759%2C405&ssl=1&resize=525%2C300 1.5x, https:\/\/i0.wp.com\/www.shqiperia.com\/blog\/wp-content\/uploads\/2019\/12\/ramaik.jpg?fit=759%2C405&ssl=1&resize=700%2C400 2x"},"classes":[]},{"id":50929,"url":"https:\/\/www.shqiperia.com\/blog\/helmimet-masive-nga-uji-ne-kruje-rama-flet-per-here-te-pare-ne-kemi-bere-investimet-ndermarrja-ka-pergjegjesite-e-veta\/","url_meta":{"origin":28548,"position":1},"title":"Helmimet masive nga uji n\u00eb Kruj\u00eb. &#8211; \u00a0Rama flet p\u00ebr her\u00eb t\u00eb par\u00eb: &#8211; N\u00eb kemi b\u00ebr\u00eb investimet, nd\u00ebrmarrja ka p\u00ebrgjegj\u00ebsit\u00eb e veta.","author":"Kurt Farka","date":"October 27, 2021","format":false,"excerpt":"Helmimet masive nga uji n\u00eb Kruj\u00eb. - \u00a0Rama flet p\u00ebr her\u00eb t\u00eb par\u00eb: - N\u00eb kemi b\u00ebr\u00eb investimet, nd\u00ebrmarrja ka p\u00ebrgjegj\u00ebsit\u00eb e veta. 27 tetor 2021 Kryeministri Edi Rama ka reaguar p\u00ebr her\u00eb t\u00eb par\u00eb p\u00ebr situat\u00ebn e krijuar n\u00eb Kruj\u00eb ku qindra qytetar\u00eb u helmuan nga uji i pijsh\u00ebm.\u2026","rel":"","context":"In &quot;Blogu i Udh\u00ebtarit&quot;","block_context":{"text":"Blogu i Udh\u00ebtarit","link":"https:\/\/www.shqiperia.com\/blog\/category\/blogu-i-udhetarit\/"},"img":{"alt_text":"","src":"https:\/\/i0.wp.com\/www.shqiperia.com\/blog\/wp-content\/uploads\/2021\/10\/Edi-Rama-2-1.jpg?fit=480%2C264&ssl=1&resize=350%2C200","width":350,"height":200},"classes":[]},{"id":49654,"url":"https:\/\/www.shqiperia.com\/blog\/taulant-balla-ngre-dronin-ne-elbasan-arena-dhe-nxit-tifozet-te-therrasin-rama-ik\/","url_meta":{"origin":28548,"position":2},"title":"Taulant Balla ngre dronin n\u00eb &#8216;Elbasan Arena&#8217; dhe nxit tifoz\u00ebt t\u00eb th\u00ebrrasin \u201cRama ik\u201d","author":"Kurt Farka","date":"September 5, 2021","format":false,"excerpt":"Taulant Balla ngre dronin n\u00eb 'Elbasan Arena' dhe nxit tifoz\u00ebt t\u00eb th\u00ebrrasin \u201cRama ik\u201d 5 SHTATOR 2021 Fitore ne Elbasan dhe: - Rama ik Nj\u00eb inskenim i deputetit t\u00eb PS, Taulant Balla n\u00eb stadiumin \u201cElbasan Arena\u201d, gjat\u00eb koh\u00ebs q\u00eb luhej sfida Shqip\u00ebri-Hungari, ka b\u00ebr\u00eb q\u00eb gjith\u00eb stadiumi t\u00eb shp\u00ebrthej\u00eb n\u00eb\u2026","rel":"","context":"In &quot;Politika&quot;","block_context":{"text":"Politika","link":"https:\/\/www.shqiperia.com\/blog\/category\/politika\/"},"img":{"alt_text":"","src":"https:\/\/i0.wp.com\/www.shqiperia.com\/blog\/wp-content\/uploads\/2021\/09\/640-0-6135244e30e9d-1.jpg?fit=640%2C380&ssl=1&resize=350%2C200","width":350,"height":200,"srcset":"https:\/\/i0.wp.com\/www.shqiperia.com\/blog\/wp-content\/uploads\/2021\/09\/640-0-6135244e30e9d-1.jpg?fit=640%2C380&ssl=1&resize=350%2C200 1x, https:\/\/i0.wp.com\/www.shqiperia.com\/blog\/wp-content\/uploads\/2021\/09\/640-0-6135244e30e9d-1.jpg?fit=640%2C380&ssl=1&resize=525%2C300 1.5x"},"classes":[]},{"id":28236,"url":"https:\/\/www.shqiperia.com\/blog\/larg-duart-nga-kosova-tjeter-mesazh-kunder-rames-ne-arena\/","url_meta":{"origin":28548,"position":3},"title":"\u201cLarg duart nga Kosova\u201d, tjet\u00ebr mesazh kund\u00ebr Ram\u00ebs, ne Arena","author":"Kurt Farka","date":"November 17, 2019","format":false,"excerpt":"\u201cLarg duart nga Kosova\u201d, tjet\u00ebr mesazh kund\u00ebr Ram\u00ebs Nga: Gazeta Telegraf 17 N\u00ebntor, 2019 E kishte programuar si nj\u00eb mbr\u00ebmje feste dhe propagande, q\u00eb mendonte se do i rrinte pik\u00ebt para shqiptar\u00ebve, por sfida e par\u00eb n\u00eb stadiumin e ri, Shqip\u00ebri-Franc\u00eb, \u00ebsht\u00eb shnd\u00ebrruar n\u00eb nj\u00eb makth t\u00eb v\u00ebrtet\u00eb p\u00ebr kryeministrin\u2026","rel":"","context":"In &quot;Blogu i Udh\u00ebtarit&quot;","block_context":{"text":"Blogu i Udh\u00ebtarit","link":"https:\/\/www.shqiperia.com\/blog\/category\/blogu-i-udhetarit\/"},"img":{"alt_text":"","src":"https:\/\/i0.wp.com\/www.shqiperia.com\/blog\/wp-content\/uploads\/2019\/11\/Larg-Duart-nga-Kosova.jpg?fit=576%2C278&ssl=1&resize=350%2C200","width":350,"height":200,"srcset":"https:\/\/i0.wp.com\/www.shqiperia.com\/blog\/wp-content\/uploads\/2019\/11\/Larg-Duart-nga-Kosova.jpg?fit=576%2C278&ssl=1&resize=350%2C200 1x, https:\/\/i0.wp.com\/www.shqiperia.com\/blog\/wp-content\/uploads\/2019\/11\/Larg-Duart-nga-Kosova.jpg?fit=576%2C278&ssl=1&resize=525%2C300 1.5x"},"classes":[]},{"id":28225,"url":"https:\/\/www.shqiperia.com\/blog\/rama-ik-momenti-kur-tifozet-therrasin-ne-kor-kunder-kryeministrit-simbolika-e-njejte-me-protestat-e-opozites\/","url_meta":{"origin":28548,"position":4},"title":"\u201cRama ik\u201d, momenti kur tifoz\u00ebt th\u00ebrrasin n\u00eb kor kund\u00ebr kryeministrit. Simbolika e nj\u00ebjt\u00eb me protestat e opozit\u00ebs","author":"Kurt Farka","date":"November 17, 2019","format":false,"excerpt":"\u201cRama ik\u201d, momenti kur tifoz\u00ebt th\u00ebrrasin n\u00eb kor kund\u00ebr kryeministrit. Simbolika e nj\u00ebjt\u00eb me protestat e opozit\u00ebs 17 nentor , 2019 Tifoz\u00ebt kan\u00eb shp\u00ebrthyer n\u00eb thirrje kund\u00ebr kryeministrit Edi Rama, gjat\u00eb ceremonis\u00eb s\u00eb hapjes s\u00eb stadiumit t\u00eb ri \u201cAir Albania Stadium\u201d. Sikurse mund t\u00eb d\u00ebgjohet edhe n\u00eb video, n\u00eb kor,\u2026","rel":"","context":"In &quot;Blogu i Udh\u00ebtarit&quot;","block_context":{"text":"Blogu i Udh\u00ebtarit","link":"https:\/\/www.shqiperia.com\/blog\/category\/blogu-i-udhetarit\/"},"img":{"alt_text":"","src":"https:\/\/i0.wp.com\/www.shqiperia.com\/blog\/wp-content\/uploads\/2019\/11\/1.jpg?fit=753%2C407&ssl=1&resize=350%2C200","width":350,"height":200,"srcset":"https:\/\/i0.wp.com\/www.shqiperia.com\/blog\/wp-content\/uploads\/2019\/11\/1.jpg?fit=753%2C407&ssl=1&resize=350%2C200 1x, https:\/\/i0.wp.com\/www.shqiperia.com\/blog\/wp-content\/uploads\/2019\/11\/1.jpg?fit=753%2C407&ssl=1&resize=525%2C300 1.5x, https:\/\/i0.wp.com\/www.shqiperia.com\/blog\/wp-content\/uploads\/2019\/11\/1.jpg?fit=753%2C407&ssl=1&resize=700%2C400 2x"},"classes":[]},{"id":90684,"url":"https:\/\/www.shqiperia.com\/blog\/berisha-prite-diasporen-edi-rama-nuk-ke-vend-mbi-toke-shqiptaret-po-vijne-per-ti-dale-zot-shqiperise\/","url_meta":{"origin":28548,"position":5},"title":"Berisha: &#8211; Prite diaspor\u00ebn, Edi Rama nuk ke vend mbi tok\u00eb! &#8211; Shqiptar\u00ebt po vijn\u00eb p\u00ebr t\u2019i dal\u00eb zot Shqip\u00ebris\u00eb","author":"Kurt Farka","date":"March 23, 2025","format":false,"excerpt":"23 Mars 2025 Gjat\u00eb fjal\u00ebs s\u00eb mbajtur n\u00eb takimin madh\u00ebshtor me shqiptar\u00ebt n\u00eb Napoli, kryetari i Partis\u00eb Demokratike Sali Berisha, paralajm\u00ebroi Edi Ram\u00ebn se, diaspora po vjen, dhe ai nuk ka vend se ku t\u00eb fshihet. \u2018Edi Rama, me 11 maj ata kan\u00eb nj\u00eb fjal\u00eb me ty, ik o mjeran\u2026","rel":"","context":"In &quot;Blogu i Udh\u00ebtarit&quot;","block_context":{"text":"Blogu i Udh\u00ebtarit","link":"https:\/\/www.shqiperia.com\/blog\/category\/blogu-i-udhetarit\/"},"img":{"alt_text":"","src":"https:\/\/i0.wp.com\/www.shqiperia.com\/blog\/wp-content\/uploads\/2025\/03\/auto_WhatsApp_Image_2025-03-23_at_17.05.171742746069.jpeg?fit=900%2C599&ssl=1&resize=350%2C200","width":350,"height":200,"srcset":"https:\/\/i0.wp.com\/www.shqiperia.com\/blog\/wp-content\/uploads\/2025\/03\/auto_WhatsApp_Image_2025-03-23_at_17.05.171742746069.jpeg?fit=900%2C599&ssl=1&resize=350%2C200 1x, https:\/\/i0.wp.com\/www.shqiperia.com\/blog\/wp-content\/uploads\/2025\/03\/auto_WhatsApp_Image_2025-03-23_at_17.05.171742746069.jpeg?fit=900%2C599&ssl=1&resize=525%2C300 1.5x, https:\/\/i0.wp.com\/www.shqiperia.com\/blog\/wp-content\/uploads\/2025\/03\/auto_WhatsApp_Image_2025-03-23_at_17.05.171742746069.jpeg?fit=900%2C599&ssl=1&resize=700%2C400 2x"},"classes":[]}],"_links":{"self":[{"href":"https:\/\/www.shqiperia.com\/blog\/wp-json\/wp\/v2\/posts\/28548","targetHints":{"allow":["GET"]}}],"collection":[{"href":"https:\/\/www.shqiperia.com\/blog\/wp-json\/wp\/v2\/posts"}],"about":[{"href":"https:\/\/www.shqiperia.com\/blog\/wp-json\/wp\/v2\/types\/post"}],"author":[{"embeddable":true,"href":"https:\/\/www.shqiperia.com\/blog\/wp-json\/wp\/v2\/users\/9"}],"replies":[{"embeddable":true,"href":"https:\/\/www.shqiperia.com\/blog\/wp-json\/wp\/v2\/comments?post=28548"}],"version-history":[{"count":2,"href":"https:\/\/www.shqiperia.com\/blog\/wp-json\/wp\/v2\/posts\/28548\/revisions"}],"predecessor-version":[{"id":28551,"href":"https:\/\/www.shqiperia.com\/blog\/wp-json\/wp\/v2\/posts\/28548\/revisions\/28551"}],"wp:featuredmedia":[{"embeddable":true,"href":"https:\/\/www.shqiperia.com\/blog\/wp-json\/wp\/v2\/media\/28549"}],"wp:attachment":[{"href":"https:\/\/www.shqiperia.com\/blog\/wp-json\/wp\/v2\/media?parent=28548"}],"wp:term":[{"taxonomy":"category","embeddable":true,"href":"https:\/\/www.shqiperia.com\/blog\/wp-json\/wp\/v2\/categories?post=28548"},{"taxonomy":"post_tag","embeddable":true,"href":"https:\/\/www.shqiperia.com\/blog\/wp-json\/wp\/v2\/tags?post=28548"}],"curies":[{"name":"wp","href":"https:\/\/api.w.org\/{rel}","templated":true}]}}