{"id":28543,"date":"2019-11-24T13:00:36","date_gmt":"2019-11-24T13:00:36","guid":{"rendered":"https:\/\/www.shqiperia.com\/blog\/?p=28543"},"modified":"2019-11-24T13:00:36","modified_gmt":"2019-11-24T13:00:36","slug":"gjon-dushmani-john%e2%80%8e-per-madheshtia-e-arberit-kolonia-shqiptare-e-villa-badessa","status":"publish","type":"post","link":"https:\/\/www.shqiperia.com\/blog\/gjon-dushmani-john%e2%80%8e-per-madheshtia-e-arberit-kolonia-shqiptare-e-villa-badessa\/","title":{"rendered":"Gjon Dushmani John\u200e p\u00ebr MADH\u00cbSHTIA E ARB\u00cbRIT, Kolonia shqiptare e Villa Badessa"},"content":{"rendered":"<p><img data-recalc-dims=\"1\" loading=\"lazy\" decoding=\"async\" data-attachment-id=\"28544\" data-permalink=\"https:\/\/www.shqiperia.com\/blog\/gjon-dushmani-john%e2%80%8e-per-madheshtia-e-arberit-kolonia-shqiptare-e-villa-badessa\/70955948_2435082696760881_491278489828196352_n\/\" data-orig-file=\"https:\/\/i0.wp.com\/www.shqiperia.com\/blog\/wp-content\/uploads\/2019\/11\/70955948_2435082696760881_491278489828196352_n.jpg?fit=371%2C247&amp;ssl=1\" data-orig-size=\"371,247\" data-comments-opened=\"1\" data-image-meta=\"{&quot;aperture&quot;:&quot;0&quot;,&quot;credit&quot;:&quot;&quot;,&quot;camera&quot;:&quot;&quot;,&quot;caption&quot;:&quot;&quot;,&quot;created_timestamp&quot;:&quot;0&quot;,&quot;copyright&quot;:&quot;&quot;,&quot;focal_length&quot;:&quot;0&quot;,&quot;iso&quot;:&quot;0&quot;,&quot;shutter_speed&quot;:&quot;0&quot;,&quot;title&quot;:&quot;&quot;,&quot;orientation&quot;:&quot;0&quot;}\" data-image-title=\"70955948_2435082696760881_491278489828196352_n\" data-image-description=\"\" data-image-caption=\"\" data-medium-file=\"https:\/\/i0.wp.com\/www.shqiperia.com\/blog\/wp-content\/uploads\/2019\/11\/70955948_2435082696760881_491278489828196352_n.jpg?fit=300%2C200&amp;ssl=1\" data-large-file=\"https:\/\/i0.wp.com\/www.shqiperia.com\/blog\/wp-content\/uploads\/2019\/11\/70955948_2435082696760881_491278489828196352_n.jpg?fit=371%2C247&amp;ssl=1\" class=\"alignnone  wp-image-28544\" alt=\"\" src=\"https:\/\/i0.wp.com\/www.shqiperia.com\/blog\/wp-content\/uploads\/2019\/11\/70955948_2435082696760881_491278489828196352_n.jpg?resize=519%2C346&#038;ssl=1\" width=\"519\" height=\"346\" srcset=\"https:\/\/i0.wp.com\/www.shqiperia.com\/blog\/wp-content\/uploads\/2019\/11\/70955948_2435082696760881_491278489828196352_n.jpg?resize=300%2C200&amp;ssl=1 300w, https:\/\/i0.wp.com\/www.shqiperia.com\/blog\/wp-content\/uploads\/2019\/11\/70955948_2435082696760881_491278489828196352_n.jpg?w=371&amp;ssl=1 371w\" sizes=\"auto, (max-width: 519px) 100vw, 519px\" \/><\/p>\n<p><strong><a href=\"https:\/\/www.facebook.com\/john.dellapina.3?__tn__=%2CdCH-R-R&amp;eid=ARB2ZTOC1GDru5rse61vrr-cdQ8Vq7r0bPNro74a_CNtibphsmJCYpAYPGs_GuzoJD2AgTxztcCnBKbO&amp;hc_ref=ARRiJghImBd1b70xNktJJlr7gDQ30N2Fzg3GcW3lOpprLlM3MyhWEGiIqx8b4WQoegk&amp;fref=nf\">Gjon Dushmani John<\/a>\u200e\u00a0<em>p\u00ebr<\/em>\u00a0<\/strong><a href=\"https:\/\/www.facebook.com\/groups\/1759727217662819\/permalink\/2106607746308096\/\"><strong>MADH\u00cbSHTIA E ARB\u00cbRIT<\/strong><\/a><\/p>\n<p>Kolonia shqiptare e Villa Badessa \u00ebsht\u00eb nd\u00ebr m\u00eb t\u00eb shp\u00ebrngulurit e fundit n\u00eb Itali, duke marr\u00eb parasysh q\u00eb komunitetet e tjera u vendos\u00ebn n\u00eb Kalabria, Sicili,\u00a0Molise, Puglia, q\u00eb nga shekulli XV. Duke ardhur nga Epiri, nj\u00eb rajon historik n\u00eb jug t\u00eb Shqip\u00ebris\u00eb, me origjin\u00eb nga fshatrat Piq\u00e8ras, Ljuk\u00f2va, Nivizza, p\u00ebr t\u2019i shp\u00ebtuar hegjemonis\u00eb shtyp\u00ebse dhe persekutimit fetar t\u00eb turqve, ata u vendos\u00ebn n\u00eb Abruzo n\u00eb 1743. Komuniteti &#8220;arberesch&#8221; i Villa Badessa ai gjeti ngroht\u00ebsi dhe mikpritje n\u00eb Mbret\u00ebrin\u00eb e Napolit, n\u00ebn mbretin Charles III t\u00eb Bourbon, i cili s\u00eb pari i vendosi ata p\u00ebrkoh\u00ebsisht n\u00eb mbajtjen e &#8220;Bacucco&#8221;, n\u00eb var\u00ebsi t\u00eb grindjes s\u00eb Penne, pastaj n\u00eb territorin e Pianella. K\u00ebtu Sovrani u caktoi atyre tokat e trash\u00ebguara nga n\u00ebna e tyre, Elisabetta Farnese, tok\u00eb n\u00eb lokalitetin e Piano di Coccia dhe komplote t\u00eb ruajtura n\u00eb emfiteoz\u00eb nga familja Taddei q\u00eb n\u00eb Pianella, ku jetonte, njihej me pseudonimin &#8220;Abbadessa&#8221;, nga e cila emri do t\u00eb rridhte &#8220;Vila Badessa &#8220;. Nga veprat noteriale t\u00eb koh\u00ebs konstatohet me precizion q\u00eb familjet shqiptare t\u00eb mb\u00ebrritura n\u00eb territorin e Pianel\u00ebs ishin 23 (18 n\u00eb 1743 dhe 5 n\u00eb 1748) nga t\u00eb cilat dihen mbiemrat e kryefamiljareve, tokat e caktuara, furnizimet, si dhe kushtet dhe garancit\u00eb q\u00eb duhen respektuar drejt Sht\u00ebpis\u00eb Mbret\u00ebrore. P\u00ebrve\u00e7 \u201cndarjes\u201d falas t\u00eb nj\u00eb totali prej 793 tomoli (320 hektar\u00ebsh),<\/p>\n<p><img data-recalc-dims=\"1\" loading=\"lazy\" decoding=\"async\" data-attachment-id=\"28545\" data-permalink=\"https:\/\/www.shqiperia.com\/blog\/gjon-dushmani-john%e2%80%8e-per-madheshtia-e-arberit-kolonia-shqiptare-e-villa-badessa\/70955948_2435082696760881_491278489828196352_n-copy\/\" data-orig-file=\"https:\/\/i0.wp.com\/www.shqiperia.com\/blog\/wp-content\/uploads\/2019\/11\/70955948_2435082696760881_491278489828196352_n-Copy.jpg?fit=371%2C512&amp;ssl=1\" data-orig-size=\"371,512\" data-comments-opened=\"1\" data-image-meta=\"{&quot;aperture&quot;:&quot;0&quot;,&quot;credit&quot;:&quot;&quot;,&quot;camera&quot;:&quot;&quot;,&quot;caption&quot;:&quot;&quot;,&quot;created_timestamp&quot;:&quot;0&quot;,&quot;copyright&quot;:&quot;&quot;,&quot;focal_length&quot;:&quot;0&quot;,&quot;iso&quot;:&quot;0&quot;,&quot;shutter_speed&quot;:&quot;0&quot;,&quot;title&quot;:&quot;&quot;,&quot;orientation&quot;:&quot;0&quot;}\" data-image-title=\"70955948_2435082696760881_491278489828196352_n &#8211; Copy\" data-image-description=\"\" data-image-caption=\"\" data-medium-file=\"https:\/\/i0.wp.com\/www.shqiperia.com\/blog\/wp-content\/uploads\/2019\/11\/70955948_2435082696760881_491278489828196352_n-Copy.jpg?fit=217%2C300&amp;ssl=1\" data-large-file=\"https:\/\/i0.wp.com\/www.shqiperia.com\/blog\/wp-content\/uploads\/2019\/11\/70955948_2435082696760881_491278489828196352_n-Copy.jpg?fit=371%2C512&amp;ssl=1\" class=\"alignnone  wp-image-28545\" alt=\"\" src=\"https:\/\/i0.wp.com\/www.shqiperia.com\/blog\/wp-content\/uploads\/2019\/11\/70955948_2435082696760881_491278489828196352_n-Copy.jpg?resize=667%2C922&#038;ssl=1\" width=\"667\" height=\"922\" srcset=\"https:\/\/i0.wp.com\/www.shqiperia.com\/blog\/wp-content\/uploads\/2019\/11\/70955948_2435082696760881_491278489828196352_n-Copy.jpg?resize=217%2C300&amp;ssl=1 217w, https:\/\/i0.wp.com\/www.shqiperia.com\/blog\/wp-content\/uploads\/2019\/11\/70955948_2435082696760881_491278489828196352_n-Copy.jpg?w=371&amp;ssl=1 371w\" sizes=\"auto, (max-width: 667px) 100vw, 667px\" \/><\/p>\n<p>Sovrani u siguroi familjeve edhe gjith\u00e7ka q\u00eb u duhej p\u00ebr t\u00eb jetuar, para dhe mjete p\u00ebr t\u2019i mir\u00ebmbajtur, duke dh\u00ebn\u00eb edhe nj\u00eb p\u00ebrjashtim p\u00ebr 20 vjet nga t\u00eb gjitha taksat n\u00eb Sht\u00ebpin\u00eb Mbret\u00ebrore. N\u00eb konfirmim t\u00eb koh\u00ebs s\u00eb mb\u00ebrritjes s\u00eb komunitetit arb\u00ebresh n\u00eb Abruzzo, nga nj\u00eb regjist\u00ebr i vjet\u00ebr i t\u00eb pag\u00ebzuarve, i pranish\u00ebm n\u00eb sht\u00ebpin\u00eb kanonike, \u00ebsht\u00eb e qart\u00eb se sh\u00ebnimi i bekimeve t\u00eb para mbart dat\u00ebn e 18 n\u00ebntorit 1743.<\/p>\n","protected":false},"excerpt":{"rendered":"<p>Gjon Dushmani John\u200e\u00a0p\u00ebr\u00a0MADH\u00cbSHTIA E ARB\u00cbRIT Kolonia shqiptare e Villa Badessa \u00ebsht\u00eb nd\u00ebr m\u00eb t\u00eb shp\u00ebrngulurit e fundit n\u00eb Itali, duke marr\u00eb parasysh q\u00eb komunitetet e tjera u vendos\u00ebn n\u00eb Kalabria, Sicili,\u00a0Molise, Puglia, q\u00eb nga shekulli XV. Duke ardhur nga Epiri, nj\u00eb rajon historik n\u00eb jug t\u00eb Shqip\u00ebris\u00eb, me origjin\u00eb nga fshatrat Piq\u00e8ras, Ljuk\u00f2va, Nivizza, p\u00ebr [&hellip;]<\/p>\n","protected":false},"author":9,"featured_media":28544,"comment_status":"open","ping_status":"open","sticky":false,"template":"","format":"standard","meta":{"jetpack_post_was_ever_published":false,"_jetpack_newsletter_access":"","_jetpack_dont_email_post_to_subs":false,"_jetpack_newsletter_tier_id":0,"_jetpack_memberships_contains_paywalled_content":false,"_jetpack_memberships_contains_paid_content":false,"footnotes":"","jetpack_publicize_message":"","jetpack_publicize_feature_enabled":true,"jetpack_social_post_already_shared":true,"jetpack_social_options":{"image_generator_settings":{"template":"highway","default_image_id":0,"font":"","enabled":false},"version":2}},"categories":[27,85],"tags":[],"class_list":["post-28543","post","type-post","status-publish","format-standard","has-post-thumbnail","hentry","category-blogu-i-udhetarit","category-histori"],"jetpack_publicize_connections":[],"jetpack_featured_media_url":"https:\/\/i0.wp.com\/www.shqiperia.com\/blog\/wp-content\/uploads\/2019\/11\/70955948_2435082696760881_491278489828196352_n.jpg?fit=371%2C247&ssl=1","jetpack_sharing_enabled":true,"jetpack_shortlink":"https:\/\/wp.me\/p5Z6wp-7qn","jetpack-related-posts":[{"id":83027,"url":"https:\/\/www.shqiperia.com\/blog\/libri-i-ri-papa-shqiptar-klemens-xi-albani-autore-eqrem-m-zenelaj-dod-luli\/","url_meta":{"origin":28543,"position":0},"title":"Libri i Ri: \u2013 Papa Shqiptar Klemens XI \u2013 Albani. &#8211; Autor\u00eb: Eqrem M. Zenelaj, Dod Luli.","author":"Kurt Farka","date":"July 25, 2024","format":false,"excerpt":"25 Korrik 2024 Ne keto dit\u00eb t\u00eb 375 vjetorit t\u00eb lindjes s\u00eb Papa Albanit\u00a0 autor\u00ebt Eqrem Zenelaj dhe Dod Luli na sjellin botimin historik kushtuar ketij Pape me gjak shqiptar q\u00eb dha nje kontribut t\u00eb jasht\u00ebzakonsh\u00ebm p\u00ebr Kombin ton\u00eb. P\u00ebr her\u00eb t\u00eb par\u00eb sillen t\u00eb dh\u00ebna t\u00eb vlefshme nga Gjenealogjia\u2026","rel":"","context":"In &quot;Histori&quot;","block_context":{"text":"Histori","link":"https:\/\/www.shqiperia.com\/blog\/category\/histori\/"},"img":{"alt_text":"","src":"https:\/\/i0.wp.com\/www.shqiperia.com\/blog\/wp-content\/uploads\/2024\/07\/452576786_3921678544722086_14959961658530380_n-1.jpg?fit=960%2C593&ssl=1&resize=350%2C200","width":350,"height":200,"srcset":"https:\/\/i0.wp.com\/www.shqiperia.com\/blog\/wp-content\/uploads\/2024\/07\/452576786_3921678544722086_14959961658530380_n-1.jpg?fit=960%2C593&ssl=1&resize=350%2C200 1x, https:\/\/i0.wp.com\/www.shqiperia.com\/blog\/wp-content\/uploads\/2024\/07\/452576786_3921678544722086_14959961658530380_n-1.jpg?fit=960%2C593&ssl=1&resize=525%2C300 1.5x, https:\/\/i0.wp.com\/www.shqiperia.com\/blog\/wp-content\/uploads\/2024\/07\/452576786_3921678544722086_14959961658530380_n-1.jpg?fit=960%2C593&ssl=1&resize=700%2C400 2x"},"classes":[]},{"id":878,"url":"https:\/\/www.shqiperia.com\/blog\/heraldika-shqiptare-monogafi-e-autorit-jaho-brahaj\/","url_meta":{"origin":28543,"position":1},"title":"Heraldika Shqiptare: monogafi e autorit Jaho Brahaj","author":"Kurt Farka","date":"January 9, 2018","format":false,"excerpt":"Nga: Prof. Dr. Ferit Duka - Veper e\u00a0 themelt\u00eb n\u00eb k\u00ebt\u00eb disiplin\u00eb q\u00eb i ka munguar studimeve albanologjike. Studimi monografik shkencor \"Emblemat Shqiptare - gjurmime heraldike\" i autorit Jaho Brahaj, paraqet interes te ve\u00e7ant\u00eb n\u00eb fush\u00ebn e studimeve mbi simbolik\u00ebn historike kornb\u00ebtare t\u00eb shqiptareve. Punimi n\u00eb fjale permban informacion t\u00eb\u2026","rel":"","context":"In &quot;Trashegimi Kulturore&quot;","block_context":{"text":"Trashegimi Kulturore","link":"https:\/\/www.shqiperia.com\/blog\/category\/trashegimi-kulturore\/"},"img":{"alt_text":"","src":"https:\/\/i0.wp.com\/www.shqiperia.com\/blog\/wp-content\/uploads\/2018\/01\/Jaho-Brahaj.jpg?fit=754%2C960&ssl=1&resize=350%2C200","width":350,"height":200,"srcset":"https:\/\/i0.wp.com\/www.shqiperia.com\/blog\/wp-content\/uploads\/2018\/01\/Jaho-Brahaj.jpg?fit=754%2C960&ssl=1&resize=350%2C200 1x, https:\/\/i0.wp.com\/www.shqiperia.com\/blog\/wp-content\/uploads\/2018\/01\/Jaho-Brahaj.jpg?fit=754%2C960&ssl=1&resize=525%2C300 1.5x, https:\/\/i0.wp.com\/www.shqiperia.com\/blog\/wp-content\/uploads\/2018\/01\/Jaho-Brahaj.jpg?fit=754%2C960&ssl=1&resize=700%2C400 2x"},"classes":[]},{"id":35066,"url":"https:\/\/www.shqiperia.com\/blog\/karl-topia-dhe-kulti-i-gjon-vladimirit\/","url_meta":{"origin":28543,"position":2},"title":"Karl Topia dhe kulti i Gjon Vladimirit","author":"Kurt Farka","date":"May 26, 2020","format":false,"excerpt":"Karl Topia dhe kulti i Gjon Vladimirit Karl Topia, princi reformator dhe Konstandin Shpataraku Krishterimi tek shqiptar\u00ebt \u00ebsht\u00eb i vjet\u00ebr i koh\u00ebrave apostolike, d.m.th. p\u00ebrpara krijimit institucional t\u00eb kishave dhe t\u00eb kanuneve liturgjike. Ky krishterim pati dy vatra t\u00eb m\u00ebdha n\u00eb Ballkan, dy qytetet ilire, qytetin e Salon\u00ebs n\u00eb Dalmaci\u2026","rel":"","context":"In &quot;Histori&quot;","block_context":{"text":"Histori","link":"https:\/\/www.shqiperia.com\/blog\/category\/histori\/"},"img":{"alt_text":"","src":"https:\/\/i0.wp.com\/www.shqiperia.com\/blog\/wp-content\/uploads\/2020\/05\/Shen-Gjon-Vladfimiri.png?fit=768%2C576&ssl=1&resize=350%2C200","width":350,"height":200,"srcset":"https:\/\/i0.wp.com\/www.shqiperia.com\/blog\/wp-content\/uploads\/2020\/05\/Shen-Gjon-Vladfimiri.png?fit=768%2C576&ssl=1&resize=350%2C200 1x, https:\/\/i0.wp.com\/www.shqiperia.com\/blog\/wp-content\/uploads\/2020\/05\/Shen-Gjon-Vladfimiri.png?fit=768%2C576&ssl=1&resize=525%2C300 1.5x, https:\/\/i0.wp.com\/www.shqiperia.com\/blog\/wp-content\/uploads\/2020\/05\/Shen-Gjon-Vladfimiri.png?fit=768%2C576&ssl=1&resize=700%2C400 2x"},"classes":[]},{"id":30366,"url":"https:\/\/www.shqiperia.com\/blog\/kuvendi-i-arbrit-ne-merqi-te-lezhes-me-14-15-janar-1703-i-dha-udhe-emrit-te-shqiptareve\/","url_meta":{"origin":28543,"position":3},"title":"Kuvendi i Arbrit, n\u00eb M\u00ebrqi t\u00eb Lezh\u00ebs, m\u00eb 14-15 janar 1703 i dha udh\u00eb emrit t\u00eb shqiptar\u00ebve.","author":"Kurt Farka","date":"January 15, 2020","format":false,"excerpt":"Kuvendi i Arbrit, n\u00eb M\u00ebrqi t\u00eb Lezh\u00ebs, m\u00eb 14-15 janar 1703 i dha udh\u00eb emrit t\u00eb shqiptar\u00ebve Nga Mark Uci \u2013 Kuvendi q\u00eb i tha:\u201c Ndal! emrit t\u00eb Arb\u00ebrit, dhe nxorri nga mfsheht\u00ebsia shekullore, anonimatin shqiptar, duke vu n\u00eb l\u00ebvizje emrin e shqiptar\u00ebve. Aty u tha tro\u00e7 e shqip prift\u00ebrinj\u00ebve;\u2026","rel":"","context":"In &quot;Histori&quot;","block_context":{"text":"Histori","link":"https:\/\/www.shqiperia.com\/blog\/category\/histori\/"},"img":{"alt_text":"","src":"https:\/\/i0.wp.com\/www.shqiperia.com\/blog\/wp-content\/uploads\/2020\/01\/download-1-300x166.jpg?resize=350%2C200&ssl=1","width":350,"height":200,"srcset":"https:\/\/i0.wp.com\/www.shqiperia.com\/blog\/wp-content\/uploads\/2020\/01\/download-1-300x166.jpg?resize=350%2C200&ssl=1 1x, https:\/\/i0.wp.com\/www.shqiperia.com\/blog\/wp-content\/uploads\/2020\/01\/download-1-300x166.jpg?resize=525%2C300&ssl=1 1.5x"},"classes":[]},{"id":52063,"url":"https:\/\/www.shqiperia.com\/blog\/xhufi-mesjeta-e-pastudiuar-2400-dosje-per-arberit-ne-arkivat-e-venecias\/","url_meta":{"origin":28543,"position":4},"title":"Xhufi: &#8211; Mesjeta e pastudiuar, 2400 dosje p\u00ebr Arb\u00ebrit n\u00eb Arkivat e Venecias","author":"Kurt Farka","date":"December 6, 2021","format":false,"excerpt":"Xhufi: - Mesjeta e pastudiuar, 2400 dosje p\u00ebr Arb\u00ebrit n\u00eb Arkivat e Venecias Nga Dhurata Hamzai 18 Tetor 2019 Xhufi, autor i \u2018Arb\u00ebrve t\u00eb Jonit\u2019: Arkivat e Venecias hedhin drit\u00eb n\u00eb zgjidhjen e problemeve etnike t\u00eb \u00c7am\u00ebris\u00eb dhe Himar\u00ebs. Dokumentet t\u00eb shkruara kudo me p\u00ebrcaktorin albanezi. Po shkoj n\u00eb Venecia\u2026","rel":"","context":"In &quot;Histori&quot;","block_context":{"text":"Histori","link":"https:\/\/www.shqiperia.com\/blog\/category\/histori\/"},"img":{"alt_text":"","src":"https:\/\/i0.wp.com\/www.shqiperia.com\/blog\/wp-content\/uploads\/2021\/12\/Pellumb-Xhufi-Dhurata-Hamzai.jpg?fit=780%2C440&ssl=1&resize=350%2C200","width":350,"height":200,"srcset":"https:\/\/i0.wp.com\/www.shqiperia.com\/blog\/wp-content\/uploads\/2021\/12\/Pellumb-Xhufi-Dhurata-Hamzai.jpg?fit=780%2C440&ssl=1&resize=350%2C200 1x, https:\/\/i0.wp.com\/www.shqiperia.com\/blog\/wp-content\/uploads\/2021\/12\/Pellumb-Xhufi-Dhurata-Hamzai.jpg?fit=780%2C440&ssl=1&resize=525%2C300 1.5x, https:\/\/i0.wp.com\/www.shqiperia.com\/blog\/wp-content\/uploads\/2021\/12\/Pellumb-Xhufi-Dhurata-Hamzai.jpg?fit=780%2C440&ssl=1&resize=700%2C400 2x"},"classes":[]},{"id":30094,"url":"https:\/\/www.shqiperia.com\/blog\/madheshtia-e-nolit\/","url_meta":{"origin":28543,"position":5},"title":"Madh\u00ebshtia e Nolit","author":"Kurt Farka","date":"January 7, 2020","format":false,"excerpt":"Madh\u00ebshtia e Nolit P\u00ebr t\u00eb kuptuar vler\u00ebn dhe r\u00ebnd\u00ebsin\u00eb e k\u00ebsaj figure t\u00eb pap\u00ebrs\u00ebritshme t\u00eb panteonit akoma t\u00eb pand\u00ebrtuar shqiptar duhet t\u00eb hedh\u00ebsh v\u00ebshtrimin mbrapa p\u00ebr t\u00eb par\u00eb se \u00e7\u2019trash\u00ebgimi dhe kultur\u00eb politike shqiptare kishin para tij. Nga: Dorian Ko\u00e7i\u00a0 6 Janar, 2020 N\u00eb dat\u00ebn 6 janar \u00ebsht\u00eb 138 vjetori\u2026","rel":"","context":"In &quot;Blogu i Udh\u00ebtarit&quot;","block_context":{"text":"Blogu i Udh\u00ebtarit","link":"https:\/\/www.shqiperia.com\/blog\/category\/blogu-i-udhetarit\/"},"img":{"alt_text":"","src":"https:\/\/i0.wp.com\/www.shqiperia.com\/blog\/wp-content\/uploads\/2020\/01\/1578379163_fannoli.jpg?fit=780%2C440&ssl=1&resize=350%2C200","width":350,"height":200,"srcset":"https:\/\/i0.wp.com\/www.shqiperia.com\/blog\/wp-content\/uploads\/2020\/01\/1578379163_fannoli.jpg?fit=780%2C440&ssl=1&resize=350%2C200 1x, https:\/\/i0.wp.com\/www.shqiperia.com\/blog\/wp-content\/uploads\/2020\/01\/1578379163_fannoli.jpg?fit=780%2C440&ssl=1&resize=525%2C300 1.5x, https:\/\/i0.wp.com\/www.shqiperia.com\/blog\/wp-content\/uploads\/2020\/01\/1578379163_fannoli.jpg?fit=780%2C440&ssl=1&resize=700%2C400 2x"},"classes":[]}],"_links":{"self":[{"href":"https:\/\/www.shqiperia.com\/blog\/wp-json\/wp\/v2\/posts\/28543","targetHints":{"allow":["GET"]}}],"collection":[{"href":"https:\/\/www.shqiperia.com\/blog\/wp-json\/wp\/v2\/posts"}],"about":[{"href":"https:\/\/www.shqiperia.com\/blog\/wp-json\/wp\/v2\/types\/post"}],"author":[{"embeddable":true,"href":"https:\/\/www.shqiperia.com\/blog\/wp-json\/wp\/v2\/users\/9"}],"replies":[{"embeddable":true,"href":"https:\/\/www.shqiperia.com\/blog\/wp-json\/wp\/v2\/comments?post=28543"}],"version-history":[{"count":1,"href":"https:\/\/www.shqiperia.com\/blog\/wp-json\/wp\/v2\/posts\/28543\/revisions"}],"predecessor-version":[{"id":28546,"href":"https:\/\/www.shqiperia.com\/blog\/wp-json\/wp\/v2\/posts\/28543\/revisions\/28546"}],"wp:featuredmedia":[{"embeddable":true,"href":"https:\/\/www.shqiperia.com\/blog\/wp-json\/wp\/v2\/media\/28544"}],"wp:attachment":[{"href":"https:\/\/www.shqiperia.com\/blog\/wp-json\/wp\/v2\/media?parent=28543"}],"wp:term":[{"taxonomy":"category","embeddable":true,"href":"https:\/\/www.shqiperia.com\/blog\/wp-json\/wp\/v2\/categories?post=28543"},{"taxonomy":"post_tag","embeddable":true,"href":"https:\/\/www.shqiperia.com\/blog\/wp-json\/wp\/v2\/tags?post=28543"}],"curies":[{"name":"wp","href":"https:\/\/api.w.org\/{rel}","templated":true}]}}