{"id":28539,"date":"2019-11-24T09:42:21","date_gmt":"2019-11-24T09:42:21","guid":{"rendered":"https:\/\/www.shqiperia.com\/blog\/?p=28539"},"modified":"2019-11-24T09:42:21","modified_gmt":"2019-11-24T09:42:21","slug":"butrinti-me-koncension-tare-plani-i-menaxhimit-duhet-te-jete-nga-nje-dore-shqiptare","status":"publish","type":"post","link":"https:\/\/www.shqiperia.com\/blog\/butrinti-me-koncension-tare-plani-i-menaxhimit-duhet-te-jete-nga-nje-dore-shqiptare\/","title":{"rendered":"Butrinti me koncension, Tare: Plani i menaxhimit duhet t\u00eb jet\u00eb nga nj\u00eb dor\u00eb shqiptare"},"content":{"rendered":"<p><img data-recalc-dims=\"1\" loading=\"lazy\" decoding=\"async\" data-attachment-id=\"28540\" data-permalink=\"https:\/\/www.shqiperia.com\/blog\/butrinti-me-koncension-tare-plani-i-menaxhimit-duhet-te-jete-nga-nje-dore-shqiptare\/butrinti-auron-tare\/\" data-orig-file=\"https:\/\/i0.wp.com\/www.shqiperia.com\/blog\/wp-content\/uploads\/2019\/11\/Butrinti-Auron-Tare.jpg?fit=738%2C366&amp;ssl=1\" data-orig-size=\"738,366\" data-comments-opened=\"1\" data-image-meta=\"{&quot;aperture&quot;:&quot;0&quot;,&quot;credit&quot;:&quot;&quot;,&quot;camera&quot;:&quot;&quot;,&quot;caption&quot;:&quot;&quot;,&quot;created_timestamp&quot;:&quot;0&quot;,&quot;copyright&quot;:&quot;&quot;,&quot;focal_length&quot;:&quot;0&quot;,&quot;iso&quot;:&quot;0&quot;,&quot;shutter_speed&quot;:&quot;0&quot;,&quot;title&quot;:&quot;&quot;,&quot;orientation&quot;:&quot;0&quot;}\" data-image-title=\"Butrinti &amp;amp; Auron Tare\" data-image-description=\"\" data-image-caption=\"\" data-medium-file=\"https:\/\/i0.wp.com\/www.shqiperia.com\/blog\/wp-content\/uploads\/2019\/11\/Butrinti-Auron-Tare.jpg?fit=300%2C149&amp;ssl=1\" data-large-file=\"https:\/\/i0.wp.com\/www.shqiperia.com\/blog\/wp-content\/uploads\/2019\/11\/Butrinti-Auron-Tare.jpg?fit=738%2C366&amp;ssl=1\" class=\"alignnone  wp-image-28540\" alt=\"\" src=\"https:\/\/i0.wp.com\/www.shqiperia.com\/blog\/wp-content\/uploads\/2019\/11\/Butrinti-Auron-Tare.jpg?resize=727%2C361&#038;ssl=1\" width=\"727\" height=\"361\" srcset=\"https:\/\/i0.wp.com\/www.shqiperia.com\/blog\/wp-content\/uploads\/2019\/11\/Butrinti-Auron-Tare.jpg?resize=300%2C149&amp;ssl=1 300w, https:\/\/i0.wp.com\/www.shqiperia.com\/blog\/wp-content\/uploads\/2019\/11\/Butrinti-Auron-Tare.jpg?resize=450%2C223&amp;ssl=1 450w, https:\/\/i0.wp.com\/www.shqiperia.com\/blog\/wp-content\/uploads\/2019\/11\/Butrinti-Auron-Tare.jpg?resize=600%2C298&amp;ssl=1 600w, https:\/\/i0.wp.com\/www.shqiperia.com\/blog\/wp-content\/uploads\/2019\/11\/Butrinti-Auron-Tare.jpg?resize=400%2C198&amp;ssl=1 400w, https:\/\/i0.wp.com\/www.shqiperia.com\/blog\/wp-content\/uploads\/2019\/11\/Butrinti-Auron-Tare.jpg?w=738&amp;ssl=1 738w\" sizes=\"auto, (max-width: 727px) 100vw, 727px\" \/><\/p>\n<p><strong>Butrinti me koncension, Tare: Plani i menaxhimit duhet t\u00eb jet\u00eb nga nj\u00eb dor\u00eb shqiptare<\/strong><\/p>\n<p><em>I ftuar n\u00eb studion e Report TV, Auron Tare\u00a0zv. kryetari i\u00a0 Komisionit Shkencor t\u00eb\u00a0Pasurive N\u00ebnujore t\u00eb UNESCO-s dha mendimin e tij n\u00eb lidhje me \u00e7\u00ebshtjen e Butrintit. Ai u shpreh se plani i menaxhimit \u00ebsht\u00eb di\u00e7ka e detyrueshme dhe e r\u00ebnd\u00ebsishme p\u00ebr \u00e7do vend q\u00eb mbrohet.<\/em><\/p>\n<p>Plani p\u00ebr\u00a0Menaxhimin e Parkut Komb\u00ebtar t\u00eb Butrinti u mbajt dit\u00ebn e djeshme, ku mor\u00ebn pjes\u00eb ministrja e kultur\u00ebs, specialist\u00eb t\u00eb fush\u00ebs, arkeolog\u00eb dhe studiues t\u00eb trash\u00ebgimis\u00eb t\u00eb Butrintit, ku shpreh\u00ebn haptazi mendimet e kund\u00ebrshtimet e tyre.<\/p>\n<p>I ftuar n\u00eb studion e Report TV, Auron Tare\u00a0zv. kryetari i\u00a0 Komisionit Shkencor t\u00eb\u00a0Pasurive N\u00ebnujore t\u00eb UNESCO-s dha mendimin e tij n\u00eb lidhje me \u00e7\u00ebshtjen e Butrintit.<\/p>\n<p>Ai u shpreh se plani i menaxhimit \u00ebsht\u00eb di\u00e7ka e detyrueshme dhe e r\u00ebnd\u00ebsishme p\u00ebr \u00e7do vend q\u00eb \u00ebsht\u00eb i\u00a0mbrojtur.<\/p>\n<p>&#8220;<em>M\u00eb vjen mir\u00eb q\u00eb ideja ime p\u00ebr Butrintin \u00ebsht\u00eb par\u00eb dhe \u00ebsht\u00eb p\u00ebrshtatur, por problemi q\u00ebndron se \u00e7far\u00eb do t\u00eb vendoset, do t\u00eb menaxhohet nga nj\u00eb dor\u00eb e huaj apo nga shqiptar\u00eb me eksperienc\u00eb n\u00eb k\u00ebt\u00eb fush\u00eb&#8221;,\u00a0<\/em>\u00ebsht\u00eb shprehur Tare.<\/p>\n<p>Ai thot\u00eb se edhe ekspert\u00ebt jan\u00eb n\u00eb t\u00eb nj\u00ebjtin mendim me t\u00eb, edhe pse nuk \u00ebsht\u00eb nj\u00eb ekspert i fush\u00ebs.<\/p>\n<p>&#8220;<em>N\u00eb fillim\u00a0nuk kishte\u00a0asnj\u00eb em\u00ebr shqiptar, referencat vinin nga viti 2000, do t\u00eb th\u00ebn\u00eb q\u00eb kishte vet\u00ebm t\u00eb huaj, nuk kishte kontribute shqiptare. Ka vendet t\u00eb \u00a0tjera q\u00eb nuk kan\u00eb plan menaxhimi, as Syri i Kalt\u00ebr nuk ka&#8221;<\/em>, ka th\u00ebn\u00eb Tare.<\/p>\n<p><em>&#8220;Duhet t\u00eb jet\u00eb nj\u00eb fondacion shqiptar p\u00ebr t\u00eb menaxhuar Butrintin. Keni d\u00ebgjuar ndonj\u00ebher\u00eb q\u00eb Akropoli t\u00eb menaxhohet nga nj\u00eb fondacion i huaj amerikan per shembull? Nuk ka<\/em>&#8220;, \u00ebsht\u00eb shprehur Tare.<\/p>\n<p>Zv. kryetari i\u00a0Komisionit ka th\u00ebn\u00eb se ka mjaft shqiptar\u00eb q\u00eb k\u00ebrkojn\u00eb t\u00eb marrin pjes\u00eb n\u00eb fondacion, nuk jan\u00eb vet\u00ebm t\u00eb huajt t\u00eb interesuar.<\/p>\n<p>N\u00eb Butrint ka 120 monumente shum\u00eb t\u00eb r\u00ebnd\u00ebsishme arkeologjike, konsiderohet si ishull, ka\u00a0anije t\u00eb mbytura q\u00eb tregojn\u00eb historin\u00eb e popullit shqiptar n\u00eb nd\u00ebrthurje me vendet e tjera.<\/p>\n<p>&#8220;<em>Nuk ka p\u00ebr t\u00eb qen\u00eb i suksesh\u00ebm n\u00ebse banor\u00ebt nuk do ken\u00eb interes ekonomik p\u00ebr Butrintin.N\u00ebse banor\u00ebt apo ekspert\u00ebt q\u00eb jan\u00eb af\u00ebr Butrintit nuk pun\u00ebsohen. Nuk do t\u00eb ishte menaxhimi i duhur n\u00ebse personat nuk do t\u00eb<\/em>\u00a0<em>ndkoheshin nga vendi&#8221;<\/em>, ka th\u00ebn\u00eb Tare.<\/p>\n<p>Sipas tij, n\u00eb liqen ka pasur shum\u00eb raste t\u00eb gjuetis\u00eb me dinamit, por shum\u00eb prej tyre u b\u00ebn\u00eb guider\u00eb, pasi e njihnin vendin dhe gjet\u00ebn nj\u00eb pun\u00eb t\u00eb re, ku edhe paguheshin.<\/p>\n<p>&#8220;<em>Un\u00eb nuk kam interes ekonomik, profesor Meksi ka mar\u00eb pjes\u00eb n\u00eb g\u00ebrmimet e kish\u00ebs, por ai nuk \u00ebsht\u00eb p\u00ebrmendur p\u00ebr k\u00ebt\u00eb kontribut. Nuk do ta pranoja q\u00eb t\u00eb nd\u00ebrhynte ministria e kultur\u00ebs. Per shembull &#8220;Ikonosi&#8221; nuk e ka pranuar menaxhimin e Butrinit nga t\u00eb huaj, por nga shqiptar\u00ebt&#8221;,\u00a0<\/em>\u00ebsht\u00eb shprehur Tare.<\/p>\n<p><img data-recalc-dims=\"1\" loading=\"lazy\" decoding=\"async\" data-attachment-id=\"28541\" data-permalink=\"https:\/\/www.shqiperia.com\/blog\/butrinti-me-koncension-tare-plani-i-menaxhimit-duhet-te-jete-nga-nje-dore-shqiptare\/butrinti-auron-tare-2\/\" data-orig-file=\"https:\/\/i0.wp.com\/www.shqiperia.com\/blog\/wp-content\/uploads\/2019\/11\/Butrinti-Auron-Tare-2.jpg?fit=780%2C440&amp;ssl=1\" data-orig-size=\"780,440\" data-comments-opened=\"1\" data-image-meta=\"{&quot;aperture&quot;:&quot;0&quot;,&quot;credit&quot;:&quot;&quot;,&quot;camera&quot;:&quot;&quot;,&quot;caption&quot;:&quot;&quot;,&quot;created_timestamp&quot;:&quot;0&quot;,&quot;copyright&quot;:&quot;&quot;,&quot;focal_length&quot;:&quot;0&quot;,&quot;iso&quot;:&quot;0&quot;,&quot;shutter_speed&quot;:&quot;0&quot;,&quot;title&quot;:&quot;&quot;,&quot;orientation&quot;:&quot;0&quot;}\" data-image-title=\"Butrinti &amp;amp; Auron Tare (2)\" data-image-description=\"\" data-image-caption=\"\" data-medium-file=\"https:\/\/i0.wp.com\/www.shqiperia.com\/blog\/wp-content\/uploads\/2019\/11\/Butrinti-Auron-Tare-2.jpg?fit=300%2C169&amp;ssl=1\" data-large-file=\"https:\/\/i0.wp.com\/www.shqiperia.com\/blog\/wp-content\/uploads\/2019\/11\/Butrinti-Auron-Tare-2.jpg?fit=780%2C440&amp;ssl=1\" class=\"alignnone  wp-image-28541\" alt=\"\" src=\"https:\/\/i0.wp.com\/www.shqiperia.com\/blog\/wp-content\/uploads\/2019\/11\/Butrinti-Auron-Tare-2.jpg?resize=767%2C432&#038;ssl=1\" width=\"767\" height=\"432\" srcset=\"https:\/\/i0.wp.com\/www.shqiperia.com\/blog\/wp-content\/uploads\/2019\/11\/Butrinti-Auron-Tare-2.jpg?resize=300%2C169&amp;ssl=1 300w, https:\/\/i0.wp.com\/www.shqiperia.com\/blog\/wp-content\/uploads\/2019\/11\/Butrinti-Auron-Tare-2.jpg?resize=768%2C433&amp;ssl=1 768w, https:\/\/i0.wp.com\/www.shqiperia.com\/blog\/wp-content\/uploads\/2019\/11\/Butrinti-Auron-Tare-2.jpg?resize=450%2C254&amp;ssl=1 450w, https:\/\/i0.wp.com\/www.shqiperia.com\/blog\/wp-content\/uploads\/2019\/11\/Butrinti-Auron-Tare-2.jpg?resize=600%2C338&amp;ssl=1 600w, https:\/\/i0.wp.com\/www.shqiperia.com\/blog\/wp-content\/uploads\/2019\/11\/Butrinti-Auron-Tare-2.jpg?resize=400%2C226&amp;ssl=1 400w, https:\/\/i0.wp.com\/www.shqiperia.com\/blog\/wp-content\/uploads\/2019\/11\/Butrinti-Auron-Tare-2.jpg?w=780&amp;ssl=1 780w\" sizes=\"auto, (max-width: 767px) 100vw, 767px\" \/><\/p>\n<p>Butrinti \u00ebsht\u00eb pasuri me vlera t\u00eb larta nd\u00ebrkomb\u00ebtare.<\/p>\n<p>Tare u shpreh se ka takuar personalitete bot\u00ebrore dhe q\u00ebndrimi me ta e b\u00ebnte t\u00eb barabart\u00eb, pasi kishte pasurin\u00eb e Butrintin nga pas.<\/p>\n<p><em>&#8220;Ugolini ishte fashist por Butrintin e donte, e shikonte figur\u00ebn e \u00a0Butrintit tek rikthimin n\u00eb antikitet, perandorin\u00eb romake. Nuk ka bardh e zi n\u00eb k\u00ebt\u00eb\u00a0<\/em>\u00e7<em>\u00ebshtje&#8221;,<\/em>\u00a0e ka mbyllur mendimin e tij Tare zv.kryetari i\u00a0 Komisionit Shkencor t\u00eb\u00a0 Pasurive N\u00ebnujore t\u00eb UNESCO-s.<\/p>\n<p>Plani i Menaxhimit t\u00eb Butrintit, q\u00eb mendohet t\u00eb implementohet nga Fondi Shqiptaro-Amerikan p\u00ebr Zhvillim pas d\u00ebgjesave publike do t\u00eb miratohet edhe n\u00eb parlament.<\/p>\n<p>Akoma nuk \u00ebsht\u00eb vendosur se cila kompani do ta marr\u00eb n\u00eb menaxhim Butrintin, por kush e njeh m\u00eb mir\u00eb Butrintin se sa shqiptar\u00ebt.<\/p>\n<p>E.D.\/b.ha.\/Shqiptarja.com<\/p>\n","protected":false},"excerpt":{"rendered":"<p>Butrinti me koncension, Tare: Plani i menaxhimit duhet t\u00eb jet\u00eb nga nj\u00eb dor\u00eb shqiptare I ftuar n\u00eb studion e Report TV, Auron Tare\u00a0zv. kryetari i\u00a0 Komisionit Shkencor t\u00eb\u00a0Pasurive N\u00ebnujore t\u00eb UNESCO-s dha mendimin e tij n\u00eb lidhje me \u00e7\u00ebshtjen e Butrintit. Ai u shpreh se plani i menaxhimit \u00ebsht\u00eb di\u00e7ka e detyrueshme dhe e r\u00ebnd\u00ebsishme [&hellip;]<\/p>\n","protected":false},"author":9,"featured_media":28540,"comment_status":"open","ping_status":"open","sticky":false,"template":"","format":"standard","meta":{"jetpack_post_was_ever_published":false,"_jetpack_newsletter_access":"","_jetpack_dont_email_post_to_subs":false,"_jetpack_newsletter_tier_id":0,"_jetpack_memberships_contains_paywalled_content":false,"_jetpack_memberships_contains_paid_content":false,"footnotes":"","jetpack_publicize_message":"","jetpack_publicize_feature_enabled":true,"jetpack_social_post_already_shared":true,"jetpack_social_options":{"image_generator_settings":{"template":"highway","default_image_id":0,"font":"","enabled":false},"version":2}},"categories":[85,10,86],"tags":[],"class_list":["post-28539","post","type-post","status-publish","format-standard","has-post-thumbnail","hentry","category-histori","category-kultura","category-trashegimi-kulturore"],"jetpack_publicize_connections":[],"jetpack_featured_media_url":"https:\/\/i0.wp.com\/www.shqiperia.com\/blog\/wp-content\/uploads\/2019\/11\/Butrinti-Auron-Tare.jpg?fit=738%2C366&ssl=1","jetpack_sharing_enabled":true,"jetpack_shortlink":"https:\/\/wp.me\/p5Z6wp-7qj","jetpack-related-posts":[{"id":82172,"url":"https:\/\/www.shqiperia.com\/blog\/auron-tare-komiteti-boteror-i-pasurive-ne-unesco-mund-te-rekomandoje-vendosjen-e-butrintit-ne-listen-e-pasurive-ne-rrezik\/","url_meta":{"origin":28539,"position":0},"title":"Auron Tare: Komiteti Bot\u00ebror i Pasurive n\u00eb UNESCO mund t\u00eb rekomandoj\u00eb vendosjen e Butrintit n\u00eb list\u00ebn e pasurive n\u00eb rrezik","author":"Kurt Farka","date":"June 26, 2024","format":false,"excerpt":"26 Qershor 2024 Modeli i Stoneheng mund t\u00eb krijoj\u00eb problematik\u00eb edhe p\u00ebr Butrintin. K\u00ebshtu shprehet an\u00ebtari i K\u00ebshillit Shkencor t\u00eb UNESCO-s Auron Tare, q\u00eb thot\u00eb se ky model \u00ebsht\u00eb prezantuar dikur dhe tek ne p\u00ebr Butrintin. Tare thot\u00eb se sipas agjencis\u00eb s\u00eb lajmeve AFP, Komiteti i Pasurive Bot\u00ebrore n\u00eb UNECO\u2026","rel":"","context":"In &quot;Blogu i Udh\u00ebtarit&quot;","block_context":{"text":"Blogu i Udh\u00ebtarit","link":"https:\/\/www.shqiperia.com\/blog\/category\/blogu-i-udhetarit\/"},"img":{"alt_text":"","src":"https:\/\/i0.wp.com\/www.shqiperia.com\/blog\/wp-content\/uploads\/2024\/06\/800-0-667ba88d743c6.jpg?fit=800%2C534&ssl=1&resize=350%2C200","width":350,"height":200,"srcset":"https:\/\/i0.wp.com\/www.shqiperia.com\/blog\/wp-content\/uploads\/2024\/06\/800-0-667ba88d743c6.jpg?fit=800%2C534&ssl=1&resize=350%2C200 1x, https:\/\/i0.wp.com\/www.shqiperia.com\/blog\/wp-content\/uploads\/2024\/06\/800-0-667ba88d743c6.jpg?fit=800%2C534&ssl=1&resize=525%2C300 1.5x, https:\/\/i0.wp.com\/www.shqiperia.com\/blog\/wp-content\/uploads\/2024\/06\/800-0-667ba88d743c6.jpg?fit=800%2C534&ssl=1&resize=700%2C400 2x"},"classes":[]},{"id":28199,"url":"https:\/\/www.shqiperia.com\/blog\/plani-i-menaxhimit-te-butrintit-specialistet-nje-poshterim-per-te-gjithe-studiuesit-shqiptare-materiali-mohon-punen-e-tyre\/","url_meta":{"origin":28539,"position":1},"title":"Plani i menaxhimit t\u00eb Butrintit, specialist\u00ebt: &#8211; Nj\u00eb posht\u00ebrim p\u00ebr t\u00eb gjith\u00eb studiuesit shqiptar\u00eb, materiali mohon pun\u00ebn e tyre. &#8211;","author":"Kurt Farka","date":"November 17, 2019","format":false,"excerpt":"Plani i menaxhimit t\u00eb Butrintit, specialist\u00ebt: - Nj\u00eb posht\u00ebrim p\u00ebr t\u00eb gjith\u00eb studiuesit shqiptar\u00eb, materiali mohon pun\u00ebn e tyre. - 16\/11\/2019 - Plani i menaxhimit t\u00eb integruar i parkut komb\u00ebtar t\u00eb Butrintit solli p\u00ebrplasjen e ministres s\u00eb Kultur\u00ebs Elva Margariti me specialist\u00ebt e trash\u00ebgimis\u00eb kulturore. Nd\u00ebrsa nga ministrja e Kultur\u00ebs\u2026","rel":"","context":"In &quot;Histori&quot;","block_context":{"text":"Histori","link":"https:\/\/www.shqiperia.com\/blog\/category\/histori\/"},"img":{"alt_text":"","src":"https:\/\/i0.wp.com\/www.shqiperia.com\/blog\/wp-content\/uploads\/2019\/11\/download-1.jpg?resize=350%2C200&ssl=1","width":350,"height":200,"srcset":"https:\/\/i0.wp.com\/www.shqiperia.com\/blog\/wp-content\/uploads\/2019\/11\/download-1.jpg?resize=350%2C200&ssl=1 1x, https:\/\/i0.wp.com\/www.shqiperia.com\/blog\/wp-content\/uploads\/2019\/11\/download-1.jpg?resize=525%2C300&ssl=1 1.5x"},"classes":[]},{"id":39505,"url":"https:\/\/www.shqiperia.com\/blog\/butrinti-jepet-me-qira-tare-ne-politikon-model-qe-nuk-gjendet-ne-asnje-vend-tjeter\/","url_meta":{"origin":28539,"position":2},"title":"\u201cButrinti jepet me qira?\u201d\/ Tare n\u00eb \u201cPolitikOn\u201d: Model q\u00eb nuk gjendet n\u00eb asnj\u00eb vend tjet\u00ebr","author":"Kurt Farka","date":"October 10, 2020","format":false,"excerpt":"\u201cButrinti jepet me qira?\u201d\/ Tare n\u00eb \u201cPolitikOn\u201d: Model q\u00eb nuk gjendet n\u00eb asnj\u00eb vend tjet\u00ebr Ka startuar n\u00eb RTV Ora emisioni m\u00eb i ri \u201cPolitikOn\u201d, n\u00ebn moderimin e gazetarit t\u00eb njohur Alfred Lela. \u201cPPP\u201d-ja p\u00ebr Butrintin ishte tema e pare e emisionit, ku I ftuar ishte edhe eksperti dhe njoh\u00ebsi\u2026","rel":"","context":"In &quot;Histori&quot;","block_context":{"text":"Histori","link":"https:\/\/www.shqiperia.com\/blog\/category\/histori\/"},"img":{"alt_text":"","src":"https:\/\/i0.wp.com\/www.shqiperia.com\/blog\/wp-content\/uploads\/2020\/10\/auron-tare-1.jpg?fit=1200%2C674&ssl=1&resize=350%2C200","width":350,"height":200,"srcset":"https:\/\/i0.wp.com\/www.shqiperia.com\/blog\/wp-content\/uploads\/2020\/10\/auron-tare-1.jpg?fit=1200%2C674&ssl=1&resize=350%2C200 1x, https:\/\/i0.wp.com\/www.shqiperia.com\/blog\/wp-content\/uploads\/2020\/10\/auron-tare-1.jpg?fit=1200%2C674&ssl=1&resize=525%2C300 1.5x, https:\/\/i0.wp.com\/www.shqiperia.com\/blog\/wp-content\/uploads\/2020\/10\/auron-tare-1.jpg?fit=1200%2C674&ssl=1&resize=700%2C400 2x, https:\/\/i0.wp.com\/www.shqiperia.com\/blog\/wp-content\/uploads\/2020\/10\/auron-tare-1.jpg?fit=1200%2C674&ssl=1&resize=1050%2C600 3x"},"classes":[]},{"id":76017,"url":"https:\/\/www.shqiperia.com\/blog\/butrinti-auron-tare-ngre-shqetesimin-nga-nje-zone-e-mbrojtur-po-kthehet-ne-nje-zone-me-ndertime-parku-ka-nevoje-per-perkujdesje-jo-investime\/","url_meta":{"origin":28539,"position":3},"title":"\u2018Butrinti\u2019, Auron Tare ngre shqet\u00ebsimin: &#8211; Nga nj\u00eb zon\u00eb e mbrojtur po kthehet n\u00eb nj\u00eb zon\u00eb me nd\u00ebrtime! &#8211; Parku ka nevoj\u00eb p\u00ebr p\u00ebrkujdesje, jo investime","author":"Kurt Farka","date":"December 3, 2023","format":false,"excerpt":"3 Dhjetor 2023 Ish-drejtori i Parkut Komb\u00ebtar t\u00eb Butrintin, Auron Tare tha se forma e menaxhimit q\u00eb ka pasur m\u00eb par\u00eb \u00ebsht\u00eb e duhura. Sipas Tares parku nuk ka nevoj\u00eb p\u00ebr investime t\u00eb m\u00ebdha, pasi vet parku nxjerr rreth 2 mln euro n\u00eb vit. M\u00eb tej, Tare u shpreh se\u2026","rel":"","context":"In &quot;Blogu i Udh\u00ebtarit&quot;","block_context":{"text":"Blogu i Udh\u00ebtarit","link":"https:\/\/www.shqiperia.com\/blog\/category\/blogu-i-udhetarit\/"},"img":{"alt_text":"","src":"https:\/\/i0.wp.com\/www.shqiperia.com\/blog\/wp-content\/uploads\/2023\/12\/Albania-Butrint-Ancient-Theater-5.jpg?fit=900%2C506&ssl=1&resize=350%2C200","width":350,"height":200,"srcset":"https:\/\/i0.wp.com\/www.shqiperia.com\/blog\/wp-content\/uploads\/2023\/12\/Albania-Butrint-Ancient-Theater-5.jpg?fit=900%2C506&ssl=1&resize=350%2C200 1x, https:\/\/i0.wp.com\/www.shqiperia.com\/blog\/wp-content\/uploads\/2023\/12\/Albania-Butrint-Ancient-Theater-5.jpg?fit=900%2C506&ssl=1&resize=525%2C300 1.5x, https:\/\/i0.wp.com\/www.shqiperia.com\/blog\/wp-content\/uploads\/2023\/12\/Albania-Butrint-Ancient-Theater-5.jpg?fit=900%2C506&ssl=1&resize=700%2C400 2x"},"classes":[]},{"id":38431,"url":"https:\/\/www.shqiperia.com\/blog\/denoncimi-foto-njerezit-qe-diskutuan-ne-fshehtesi-per-koncensionin-e-parkut-te-butrintit\/","url_meta":{"origin":28539,"position":4},"title":"Denoncimi\/ Foto, njer\u00ebzit q\u00eb diskutuan n\u00eb fsheht\u00ebsi p\u00ebr koncensionin e Parkut t\u00eb Butrintit","author":"Kurt Farka","date":"September 15, 2020","format":false,"excerpt":"Denoncimi\/ Foto, njer\u00ebzit q\u00eb diskutuan n\u00eb fsheht\u00ebsi p\u00ebr koncensionin e Parkut t\u00eb Butrintit Shtator 12, 2020 An\u00ebtari i Asambles\u00eb s\u00eb Partis\u00eb Demokratike, Jolio Dine, ka publikuar nj\u00eb foto n\u00eb rrjetin social \u201cFacebook\u201d, n\u00eb t\u00eb cil\u00ebn, sipas tij, gjenden personat q\u00eb kan\u00eb diskutuar nj\u00eb vit m\u00eb par\u00eb n\u00eb Korfuz p\u00ebr dh\u00ebnien\u2026","rel":"","context":"In &quot;Histori&quot;","block_context":{"text":"Histori","link":"https:\/\/www.shqiperia.com\/blog\/category\/histori\/"},"img":{"alt_text":"","src":"https:\/\/i0.wp.com\/www.shqiperia.com\/blog\/wp-content\/uploads\/2020\/09\/as-2.png?fit=625%2C398&ssl=1&resize=350%2C200","width":350,"height":200,"srcset":"https:\/\/i0.wp.com\/www.shqiperia.com\/blog\/wp-content\/uploads\/2020\/09\/as-2.png?fit=625%2C398&ssl=1&resize=350%2C200 1x, https:\/\/i0.wp.com\/www.shqiperia.com\/blog\/wp-content\/uploads\/2020\/09\/as-2.png?fit=625%2C398&ssl=1&resize=525%2C300 1.5x"},"classes":[]},{"id":66048,"url":"https:\/\/www.shqiperia.com\/blog\/gjykata-pranon-padine-e-pd-per-butrintin-auron-tare-ceshtja-ka-interes-nga-te-gjithe-ata-qe-kane-firmosur-nuk-e-kane-ditur-se-cpo-bejne\/","url_meta":{"origin":28539,"position":5},"title":"Gjykata pranon padin\u00eb e PD p\u00ebr Butrintin, Auron Tare: \u00c7\u00ebshtja ka interes nga t\u00eb gjith\u00eb! Ata q\u00eb kan\u00eb firmosur nuk e kan\u00eb ditur se \u00e7\u2019po b\u00ebjn\u00eb","author":"Kurt Farka","date":"January 6, 2023","format":false,"excerpt":"6 Janar 2023 Gjykata kushtetuese ka pranuar padin\u00eb e Partis\u00eb Demokratike lidhur me \u00e7\u00ebshtjen e Butrintit. N\u00eb nj\u00eb lidhje Skype me News24, Auron Tare, an\u00ebtar\u00eb i k\u00ebshillit shkencor i UNESCO, u shpreh se ky \u00ebsht\u00eb nj\u00eb lajm shum\u00eb i mir\u00eb, por shtoi se nuk duhet politizuar. \u201cNuk \u00ebsht\u00eb nj\u00eb lajm\u2026","rel":"","context":"In &quot;Blogu i Udh\u00ebtarit&quot;","block_context":{"text":"Blogu i Udh\u00ebtarit","link":"https:\/\/www.shqiperia.com\/blog\/category\/blogu-i-udhetarit\/"},"img":{"alt_text":"","src":"https:\/\/i0.wp.com\/www.shqiperia.com\/blog\/wp-content\/uploads\/2023\/01\/Butrinti-1.jpg?fit=1000%2C618&ssl=1&resize=350%2C200","width":350,"height":200,"srcset":"https:\/\/i0.wp.com\/www.shqiperia.com\/blog\/wp-content\/uploads\/2023\/01\/Butrinti-1.jpg?fit=1000%2C618&ssl=1&resize=350%2C200 1x, https:\/\/i0.wp.com\/www.shqiperia.com\/blog\/wp-content\/uploads\/2023\/01\/Butrinti-1.jpg?fit=1000%2C618&ssl=1&resize=525%2C300 1.5x, https:\/\/i0.wp.com\/www.shqiperia.com\/blog\/wp-content\/uploads\/2023\/01\/Butrinti-1.jpg?fit=1000%2C618&ssl=1&resize=700%2C400 2x"},"classes":[]}],"_links":{"self":[{"href":"https:\/\/www.shqiperia.com\/blog\/wp-json\/wp\/v2\/posts\/28539","targetHints":{"allow":["GET"]}}],"collection":[{"href":"https:\/\/www.shqiperia.com\/blog\/wp-json\/wp\/v2\/posts"}],"about":[{"href":"https:\/\/www.shqiperia.com\/blog\/wp-json\/wp\/v2\/types\/post"}],"author":[{"embeddable":true,"href":"https:\/\/www.shqiperia.com\/blog\/wp-json\/wp\/v2\/users\/9"}],"replies":[{"embeddable":true,"href":"https:\/\/www.shqiperia.com\/blog\/wp-json\/wp\/v2\/comments?post=28539"}],"version-history":[{"count":1,"href":"https:\/\/www.shqiperia.com\/blog\/wp-json\/wp\/v2\/posts\/28539\/revisions"}],"predecessor-version":[{"id":28542,"href":"https:\/\/www.shqiperia.com\/blog\/wp-json\/wp\/v2\/posts\/28539\/revisions\/28542"}],"wp:featuredmedia":[{"embeddable":true,"href":"https:\/\/www.shqiperia.com\/blog\/wp-json\/wp\/v2\/media\/28540"}],"wp:attachment":[{"href":"https:\/\/www.shqiperia.com\/blog\/wp-json\/wp\/v2\/media?parent=28539"}],"wp:term":[{"taxonomy":"category","embeddable":true,"href":"https:\/\/www.shqiperia.com\/blog\/wp-json\/wp\/v2\/categories?post=28539"},{"taxonomy":"post_tag","embeddable":true,"href":"https:\/\/www.shqiperia.com\/blog\/wp-json\/wp\/v2\/tags?post=28539"}],"curies":[{"name":"wp","href":"https:\/\/api.w.org\/{rel}","templated":true}]}}