{"id":28535,"date":"2019-11-24T01:52:37","date_gmt":"2019-11-24T01:52:37","guid":{"rendered":"https:\/\/www.shqiperia.com\/blog\/?p=28535"},"modified":"2019-11-24T01:52:51","modified_gmt":"2019-11-24T01:52:51","slug":"komisioni-i-venecias-rrezon-ramen-per-kushtetuesen-ja-si-zgjidhen-anetaret-ne-kushte-normale","status":"publish","type":"post","link":"https:\/\/www.shqiperia.com\/blog\/komisioni-i-venecias-rrezon-ramen-per-kushtetuesen-ja-si-zgjidhen-anetaret-ne-kushte-normale\/","title":{"rendered":"Komisioni i Venecias rr\u00ebzon Ram\u00ebn p\u00ebr Kushtetuesen. &#8211; Ja si zgjidhen an\u00ebtar\u00ebt n\u00eb kushte normale. &#8211;"},"content":{"rendered":"<p><img data-recalc-dims=\"1\" loading=\"lazy\" decoding=\"async\" data-attachment-id=\"28536\" data-permalink=\"https:\/\/www.shqiperia.com\/blog\/komisioni-i-venecias-rrezon-ramen-per-kushtetuesen-ja-si-zgjidhen-anetaret-ne-kushte-normale\/gjykata-kushtetuese-copy\/\" data-orig-file=\"https:\/\/i0.wp.com\/www.shqiperia.com\/blog\/wp-content\/uploads\/2019\/11\/gjykata-kushtetuese-Copy.jpg?fit=596%2C346&amp;ssl=1\" data-orig-size=\"596,346\" data-comments-opened=\"1\" data-image-meta=\"{&quot;aperture&quot;:&quot;0&quot;,&quot;credit&quot;:&quot;&quot;,&quot;camera&quot;:&quot;&quot;,&quot;caption&quot;:&quot;&quot;,&quot;created_timestamp&quot;:&quot;0&quot;,&quot;copyright&quot;:&quot;&quot;,&quot;focal_length&quot;:&quot;0&quot;,&quot;iso&quot;:&quot;0&quot;,&quot;shutter_speed&quot;:&quot;0&quot;,&quot;title&quot;:&quot;&quot;,&quot;orientation&quot;:&quot;0&quot;}\" data-image-title=\"gjykata-kushtetuese &#8211; Copy\" data-image-description=\"\" data-image-caption=\"\" data-medium-file=\"https:\/\/i0.wp.com\/www.shqiperia.com\/blog\/wp-content\/uploads\/2019\/11\/gjykata-kushtetuese-Copy.jpg?fit=300%2C174&amp;ssl=1\" data-large-file=\"https:\/\/i0.wp.com\/www.shqiperia.com\/blog\/wp-content\/uploads\/2019\/11\/gjykata-kushtetuese-Copy.jpg?fit=596%2C346&amp;ssl=1\" class=\"alignnone wp-image-28536\" alt=\"\" src=\"https:\/\/i0.wp.com\/www.shqiperia.com\/blog\/wp-content\/uploads\/2019\/11\/gjykata-kushtetuese-Copy.jpg?resize=467%2C271&#038;ssl=1\" width=\"467\" height=\"271\" srcset=\"https:\/\/i0.wp.com\/www.shqiperia.com\/blog\/wp-content\/uploads\/2019\/11\/gjykata-kushtetuese-Copy.jpg?resize=300%2C174&amp;ssl=1 300w, https:\/\/i0.wp.com\/www.shqiperia.com\/blog\/wp-content\/uploads\/2019\/11\/gjykata-kushtetuese-Copy.jpg?resize=450%2C261&amp;ssl=1 450w, https:\/\/i0.wp.com\/www.shqiperia.com\/blog\/wp-content\/uploads\/2019\/11\/gjykata-kushtetuese-Copy.jpg?resize=400%2C232&amp;ssl=1 400w, https:\/\/i0.wp.com\/www.shqiperia.com\/blog\/wp-content\/uploads\/2019\/11\/gjykata-kushtetuese-Copy.jpg?w=596&amp;ssl=1 596w\" sizes=\"auto, (max-width: 467px) 100vw, 467px\" \/><\/p>\n<p>Komisioni i Venecias rr\u00ebzon Ram\u00ebn p\u00ebr Kushtetuesen\/ Ja si zgjidhen an\u00ebtar\u00ebt n\u00eb kushte normale<\/p>\n<p>Komisioni i Venecias rr\u00ebzon Ram\u00ebn dhe mazhoranc\u00ebn n\u00eb lidhje me pretendimet e tyre mbi t\u00eb drejt\u00ebn e em\u00ebrimeve t\u00eb 9 an\u00ebtar\u00ebve t\u00eb Gjykat\u00ebs Kushtetuese.<\/p>\n<p>Ish-ministri i Drejt\u00ebsis\u00eb, Eduart Halimi ka b\u00ebr\u00eb publik q\u00ebndrimin e Komisionit t\u00eb Venecias, n\u00eb t\u00eb cilin sqarohet qart\u00eb se 9 an\u00ebtar\u00ebt e Gjykat\u00ebs Kushtetuese em\u00ebrohen si n\u00eb vijim: 3 gjyqtar\u00eb em\u00ebrohen nga Presidenti, 3 gjyqtar\u00eb nga Parlamenti dhe 3 nga mbledhja e p\u00ebrbashk\u00ebt e Gjykat\u00ebs s\u00eb Lart\u00eb dhe Gjykat\u00ebs s\u00eb Lart\u00eb Administrative\u201d.<\/p>\n<p>\u201cKomisioni i Venecias rekomandon prezantimin e nj\u00eb rregulli q\u00eb k\u00ebrkon shumic\u00eb t\u00eb cil\u00ebsuar p\u00ebr tre an\u00ebtar\u00ebt e Gjykat\u00ebs Kushtetuese q\u00eb zgjidhen nga Parlamenti\u201d, shkruhet n\u00eb projekt opinionin p\u00ebrfundimtar.<\/p>\n<p><strong>Postimi i plot\u00eb i Eduart Halimit<\/strong>:<\/p>\n<p>Ja cfare thoshte Komisioni i Venezias ne lidhje me zgjedhjen e antareve te GJK ne kushte normale \u2026.ne kushte jo normale, deduksioni behet i qarte\u2026<br \/>\n#nocoment<\/p>\n<p>Strasburg, 14 Mars 2016<br \/>\nOpinion Nr. 824 \/ 2015<br \/>\nCDL(2016)009* Or. Shqip<\/p>\n<p>KOMISIONI EVROPIAN P\u00cbR DEMOKRACI P\u00cbRMES LIGJIT (KOMISIONI I VENECIAS)<br \/>\nPROJEKT OPINIONI P\u00cbRFUNDIMTAR<br \/>\nP\u00cbR PROJEKT NDRYSHIMET E RISHIKUARA KUSHTETUESE P\u00cbR GJYQ\u00cbSORIN<br \/>\n(T\u00cb 15 JANARIT 2016) T\u00cb SHQIP\u00cbRIS\u00cb<\/p>\n<p>Miratuar nga Komisioni i Venecias n\u00eb Mbledhjen Plenare t\u00eb 106-t\u00eb<br \/>\n(Venecia 11 -12 Mars 2016)<br \/>\nn\u00eb baz\u00eb t\u00eb komenteve nga<br \/>\nZ. Sergio BARTOLE (An\u00ebtar Z\u00ebvend\u00ebsues, Itali)<br \/>\nZnj. Hanna SUCHOCKA (An\u00ebtare Poloni)<br \/>\nZ. James HAMILTON (Ekspert, Ish an\u00ebtar, Irland)<br \/>\nZ. Konstantin VARDZELASHVILI (Ekspert,<br \/>\nIsh An\u00ebtar Z\u00ebvend\u00ebsues, Gjeorgji)<\/p>\n<ol start=\"38\">\n<li>Gjykata Kushtetuese<br \/>\nGjykata Kushtetuese (GJK) p\u00ebrb\u00ebhet nga 9 an\u00ebtar\u00eb: 3 gjyqtar\u00eb em\u00ebrohen nga Presidenti, 3 gjyqtar\u00eb nga Parlamenti dhe 3 nga mbledhja e p\u00ebrbashk\u00ebt e Gjykat\u00ebs s\u00eb Lart\u00eb dhe Gjykat\u00ebs s\u00eb Lart\u00eb Administrative. Ky \u00ebsht\u00eb model i pranuesh\u00ebm: \u201cem\u00ebrimi i gjyqtar\u00ebve kushtetues nga institucione t\u00eb ndryshme shtet\u00ebrore ka avantazhin e mbrojtjes s\u00eb em\u00ebrimit t\u00eb disa an\u00ebtar\u00ebve nga aktor\u00ebt politik\u00eb\u201d. Pjes\u00ebmarrja e KED n\u00eb p\u00ebrzgjedhjen paraprake t\u00eb kandidat\u00ebve q\u00eb do t\u00eb em\u00ebrohen nga Presidenti dhe Parlamenti ul m\u00eb tej rrezikun e em\u00ebrimeve politike (neni 125).<\/li>\n<li>Th\u00ebn\u00eb kjo, zgjedhja e tre gjyqtar\u00ebve kushtetues nga Parlamenti me shumic\u00eb t\u00eb zakonshme (krahasoni Nenin 125 me Nenin 78 p.1 t\u00eb Kushtetut\u00ebs) meriton v\u00ebmendje. N\u00eb p\u00ebrvoj\u00ebn Kushtetuese Evropiane, zgjedhja nga parlamenti e gjyqtar\u00ebve kushtetues shpesh mb\u00ebshtetet nga k\u00ebrkesa p\u00ebr shumic\u00eb t\u00eb cil\u00ebsuar me q\u00ebllim q\u00eb t\u00eb sigurohet nj\u00eb zgjedhje e p\u00ebrbashk\u00ebt me mb\u00ebshtetjen pluraliste t\u00eb partive politike dhe jo vet\u00ebm nga shumica<\/li>\n<\/ol>\n<p><img data-recalc-dims=\"1\" loading=\"lazy\" decoding=\"async\" data-attachment-id=\"28537\" data-permalink=\"https:\/\/www.shqiperia.com\/blog\/komisioni-i-venecias-rrezon-ramen-per-kushtetuesen-ja-si-zgjidhen-anetaret-ne-kushte-normale\/gjykata-kushtetuese-4\/\" data-orig-file=\"https:\/\/i0.wp.com\/www.shqiperia.com\/blog\/wp-content\/uploads\/2019\/11\/gjykata-kushtetuese.jpg?fit=640%2C434&amp;ssl=1\" data-orig-size=\"640,434\" data-comments-opened=\"1\" data-image-meta=\"{&quot;aperture&quot;:&quot;0&quot;,&quot;credit&quot;:&quot;&quot;,&quot;camera&quot;:&quot;&quot;,&quot;caption&quot;:&quot;&quot;,&quot;created_timestamp&quot;:&quot;0&quot;,&quot;copyright&quot;:&quot;&quot;,&quot;focal_length&quot;:&quot;0&quot;,&quot;iso&quot;:&quot;0&quot;,&quot;shutter_speed&quot;:&quot;0&quot;,&quot;title&quot;:&quot;&quot;,&quot;orientation&quot;:&quot;0&quot;}\" data-image-title=\"gjykata-kushtetuese\" data-image-description=\"\" data-image-caption=\"\" data-medium-file=\"https:\/\/i0.wp.com\/www.shqiperia.com\/blog\/wp-content\/uploads\/2019\/11\/gjykata-kushtetuese.jpg?fit=300%2C203&amp;ssl=1\" data-large-file=\"https:\/\/i0.wp.com\/www.shqiperia.com\/blog\/wp-content\/uploads\/2019\/11\/gjykata-kushtetuese.jpg?fit=640%2C434&amp;ssl=1\" class=\"alignnone wp-image-28537\" alt=\"\" src=\"https:\/\/i0.wp.com\/www.shqiperia.com\/blog\/wp-content\/uploads\/2019\/11\/gjykata-kushtetuese.jpg?resize=712%2C482&#038;ssl=1\" width=\"712\" height=\"482\" srcset=\"https:\/\/i0.wp.com\/www.shqiperia.com\/blog\/wp-content\/uploads\/2019\/11\/gjykata-kushtetuese.jpg?resize=300%2C203&amp;ssl=1 300w, https:\/\/i0.wp.com\/www.shqiperia.com\/blog\/wp-content\/uploads\/2019\/11\/gjykata-kushtetuese.jpg?resize=450%2C305&amp;ssl=1 450w, https:\/\/i0.wp.com\/www.shqiperia.com\/blog\/wp-content\/uploads\/2019\/11\/gjykata-kushtetuese.jpg?resize=600%2C407&amp;ssl=1 600w, https:\/\/i0.wp.com\/www.shqiperia.com\/blog\/wp-content\/uploads\/2019\/11\/gjykata-kushtetuese.jpg?resize=235%2C160&amp;ssl=1 235w, https:\/\/i0.wp.com\/www.shqiperia.com\/blog\/wp-content\/uploads\/2019\/11\/gjykata-kushtetuese.jpg?resize=400%2C271&amp;ssl=1 400w, https:\/\/i0.wp.com\/www.shqiperia.com\/blog\/wp-content\/uploads\/2019\/11\/gjykata-kushtetuese.jpg?w=640&amp;ssl=1 640w\" sizes=\"auto, (max-width: 712px) 100vw, 712px\" \/><\/p>\n<p>40. Kjo \u00ebsht\u00eb ve\u00e7an\u00ebrisht e r\u00ebnd\u00ebsishme kur Presidenti dhe Parlamenti jan\u00eb t\u00eb nj\u00eb bindjeje politike dhe mund t\u00eb em\u00ebrojn\u00eb 2\/3at e gjyqtar\u00ebve n\u00eb t\u00eb nj\u00ebjt\u00ebn koh\u00eb. N\u00eb rrethana t\u00eb zakonshme, ky risk nuk \u00ebsht\u00eb shum\u00eb i lart\u00eb, nisur nga dispozitat tranzitore p\u00ebr z\u00ebvend\u00ebsimin gradual t\u00eb gjyqtar\u00ebve t\u00eb GJK n\u00eb detyr\u00eb (shihni Nenin 179 p.1).<\/p>\n<p>Megjithat\u00eb, duke pasur parasysh faktin q\u00eb n\u00eb GJK mund t\u00eb hapen vende t\u00eb tjera vakante, Komisioni i Venecias rekomandon prezantimin e nj\u00eb rregulli q\u00eb k\u00ebrkon shumic\u00eb t\u00eb cil\u00ebsuar p\u00ebr tre an\u00ebtar\u00ebt e Gjykat\u00ebs Kushtetuese q\u00eb zgjidhen nga Parlamenti.<\/p>\n","protected":false},"excerpt":{"rendered":"<p>Komisioni i Venecias rr\u00ebzon Ram\u00ebn p\u00ebr Kushtetuesen\/ Ja si zgjidhen an\u00ebtar\u00ebt n\u00eb kushte normale Komisioni i Venecias rr\u00ebzon Ram\u00ebn dhe mazhoranc\u00ebn n\u00eb lidhje me pretendimet e tyre mbi t\u00eb drejt\u00ebn e em\u00ebrimeve t\u00eb 9 an\u00ebtar\u00ebve t\u00eb Gjykat\u00ebs Kushtetuese. Ish-ministri i Drejt\u00ebsis\u00eb, Eduart Halimi ka b\u00ebr\u00eb publik q\u00ebndrimin e Komisionit t\u00eb Venecias, n\u00eb t\u00eb cilin sqarohet [&hellip;]<\/p>\n","protected":false},"author":9,"featured_media":28536,"comment_status":"open","ping_status":"open","sticky":false,"template":"","format":"standard","meta":{"jetpack_post_was_ever_published":false,"_jetpack_newsletter_access":"","_jetpack_dont_email_post_to_subs":false,"_jetpack_newsletter_tier_id":0,"_jetpack_memberships_contains_paywalled_content":false,"_jetpack_memberships_contains_paid_content":false,"footnotes":"","jetpack_publicize_message":"","jetpack_publicize_feature_enabled":true,"jetpack_social_post_already_shared":true,"jetpack_social_options":{"image_generator_settings":{"template":"highway","default_image_id":0,"font":"","enabled":false},"version":2}},"categories":[27,1,2],"tags":[],"class_list":["post-28535","post","type-post","status-publish","format-standard","has-post-thumbnail","hentry","category-blogu-i-udhetarit","category-njoftime-shtypi","category-politika"],"jetpack_publicize_connections":[],"jetpack_featured_media_url":"https:\/\/i0.wp.com\/www.shqiperia.com\/blog\/wp-content\/uploads\/2019\/11\/gjykata-kushtetuese-Copy.jpg?fit=596%2C346&ssl=1","jetpack_sharing_enabled":true,"jetpack_shortlink":"https:\/\/wp.me\/p5Z6wp-7qf","jetpack-related-posts":[{"id":32153,"url":"https:\/\/www.shqiperia.com\/blog\/venecia-jep-grusht-grushtit-te-shtetit\/","url_meta":{"origin":28535,"position":0},"title":"Venecia jep grusht \u201cGrushtit t\u00eb Shtetit\u201d","author":"Kurt Farka","date":"March 8, 2020","format":false,"excerpt":"Venecia jep grusht \u201cGrushtit t\u00eb Shtetit\u201d 07\/03\/2020 Nga: M. Xhani Komisioni i Venecias i ka dh\u00ebn\u00eb nj\u00eb goditje asgj\u00ebsuese nism\u00ebs s\u00eb qeveris\u00eb \u201cRama\u201d p\u00ebr t\u00eb kapur Gjykat\u00ebn Kushtetuese. Raporti paraprak i k\u00ebtij komisioni, i cili u thirr nga PS-ja p\u00ebr t\u00eb dh\u00ebn\u00eb mendim juridik p\u00ebr p\u00ebrplasjen me Presidentin, arrin n\u00eb\u2026","rel":"","context":"In &quot;Blogu i Udh\u00ebtarit&quot;","block_context":{"text":"Blogu i Udh\u00ebtarit","link":"https:\/\/www.shqiperia.com\/blog\/category\/blogu-i-udhetarit\/"},"img":{"alt_text":"","src":"https:\/\/i0.wp.com\/www.shqiperia.com\/blog\/wp-content\/uploads\/2020\/03\/Meta-komisioni-venecias.jpg?fit=600%2C291&ssl=1&resize=350%2C200","width":350,"height":200,"srcset":"https:\/\/i0.wp.com\/www.shqiperia.com\/blog\/wp-content\/uploads\/2020\/03\/Meta-komisioni-venecias.jpg?fit=600%2C291&ssl=1&resize=350%2C200 1x, https:\/\/i0.wp.com\/www.shqiperia.com\/blog\/wp-content\/uploads\/2020\/03\/Meta-komisioni-venecias.jpg?fit=600%2C291&ssl=1&resize=525%2C300 1.5x"},"classes":[]},{"id":32115,"url":"https:\/\/www.shqiperia.com\/blog\/meta-nuk-mundet-te-shkarkohet-del-ne-media-raporti-paraprak-i-venecias\/","url_meta":{"origin":28535,"position":1},"title":"Meta nuk mundet te shkarkohet? Del n\u00eb media raporti paraprak i \u201cVenecias\u201d","author":"Kurt Farka","date":"March 7, 2020","format":false,"excerpt":"Meta nuk mundet te shkarkohet? Del n\u00eb media raporti paraprak i \u201cVenecias\u201d 6 mars \u00a02020 Sipas disa mediave Komisioni i Venecias ka rr\u00ebzuar nism\u00ebn e PS p\u00ebr marrjen e kompetencave t\u00eb Presidentit p\u00ebr an\u00ebtar\u00ebt e Gjykat\u00ebs Kushtetuese. Burime nga selia n\u00eb Strasburg e Venecias b\u00ebn\u00eb me dije se raporti paraprak\u2026","rel":"","context":"In &quot;Blogu i Udh\u00ebtarit&quot;","block_context":{"text":"Blogu i Udh\u00ebtarit","link":"https:\/\/www.shqiperia.com\/blog\/category\/blogu-i-udhetarit\/"},"img":{"alt_text":"","src":"https:\/\/i0.wp.com\/www.shqiperia.com\/blog\/wp-content\/uploads\/2020\/03\/I-patitulluar-905x450-1.jpg?fit=905%2C450&ssl=1&resize=350%2C200","width":350,"height":200,"srcset":"https:\/\/i0.wp.com\/www.shqiperia.com\/blog\/wp-content\/uploads\/2020\/03\/I-patitulluar-905x450-1.jpg?fit=905%2C450&ssl=1&resize=350%2C200 1x, https:\/\/i0.wp.com\/www.shqiperia.com\/blog\/wp-content\/uploads\/2020\/03\/I-patitulluar-905x450-1.jpg?fit=905%2C450&ssl=1&resize=525%2C300 1.5x, https:\/\/i0.wp.com\/www.shqiperia.com\/blog\/wp-content\/uploads\/2020\/03\/I-patitulluar-905x450-1.jpg?fit=905%2C450&ssl=1&resize=700%2C400 2x"},"classes":[]},{"id":48447,"url":"https:\/\/www.shqiperia.com\/blog\/ceshtja-e-shume-diskutuar-e-zgjedhjeve-lokale-te-2019-tes-reagon-komisioni-i-venecias-del-me-vendimin-e-rendesishem-zbardhet-data\/","url_meta":{"origin":28535,"position":2},"title":"\u00c7\u00ebshtja e shum\u00eb diskutuar e zgjedhjeve lokale t\u00eb 2019-t\u00ebs. &#8211; \u00a0Reagon Komisioni i Venecias, del me vendimin e r\u00ebnd\u00ebsish\u00ebm. Zbardhet data","author":"Kurt Farka","date":"July 13, 2021","format":false,"excerpt":"\u00c7\u00ebshtja e shum\u00eb diskutuar e zgjedhjeve lokale t\u00eb 2019-t\u00ebs. - \u00a0Reagon Komisioni i Venecias, del me vendimin e r\u00ebnd\u00ebsish\u00ebm. Zbardhet data 13 KORRIK 2021 Me an\u00eb t\u00eb nj\u00eb njoftimi zyrtar, Komisioni i Venecias do t\u00eb shqyrtoj\u00eb n\u00eb dat\u00ebn 14 Tetor \u00e7\u00ebshtjen e zgjedhjeve lokale t\u00eb vitit 2019 n\u00eb Shqip\u00ebri, p\u00ebr\u2026","rel":"","context":"In &quot;Blogu i Udh\u00ebtarit&quot;","block_context":{"text":"Blogu i Udh\u00ebtarit","link":"https:\/\/www.shqiperia.com\/blog\/category\/blogu-i-udhetarit\/"},"img":{"alt_text":"","src":"https:\/\/i0.wp.com\/www.shqiperia.com\/blog\/wp-content\/uploads\/2021\/07\/800-0-60ed5d7ea1467.jpg?fit=800%2C424&ssl=1&resize=350%2C200","width":350,"height":200,"srcset":"https:\/\/i0.wp.com\/www.shqiperia.com\/blog\/wp-content\/uploads\/2021\/07\/800-0-60ed5d7ea1467.jpg?fit=800%2C424&ssl=1&resize=350%2C200 1x, https:\/\/i0.wp.com\/www.shqiperia.com\/blog\/wp-content\/uploads\/2021\/07\/800-0-60ed5d7ea1467.jpg?fit=800%2C424&ssl=1&resize=525%2C300 1.5x, https:\/\/i0.wp.com\/www.shqiperia.com\/blog\/wp-content\/uploads\/2021\/07\/800-0-60ed5d7ea1467.jpg?fit=800%2C424&ssl=1&resize=700%2C400 2x"},"classes":[]},{"id":87289,"url":"https:\/\/www.shqiperia.com\/blog\/mandati-i-xhackes-venecia-vendimet-e-kushtetueses-te-detyrueshme-per-zbatim-nuk-mund-te-kushtezohen-me-votimin-ne-parlament\/","url_meta":{"origin":28535,"position":3},"title":"Mandati i Xha\u00e7k\u00ebs, Venecia: &#8211; Vendimet e Kushtetueses t\u00eb detyrueshme p\u00ebr zbatim, nuk mund t\u00eb kusht\u00ebzohen me votimin n\u00eb parlament.","author":"Kurt Farka","date":"December 11, 2024","format":false,"excerpt":"11 Dhjetor 2024 Komisioni i Venecias publikoi sot opinionin e tij mbi p\u00ebrplasjen mes parlamentit shqiptar dhe Gjykat\u00ebs Kushtetutese lidhur me mandatin e deputetes Olta Xha\u00e7ka. N\u00eb disa paragraf\u00eb Komisioni e thekson qartazi se vendimet e Gjykat\u00ebs Kushtetuese jan\u00eb t\u00eb detyrueshme p\u00ebr t\u2019u zbatuar dhe nuk mund t\u00eb kusht\u00ebzohen me\u2026","rel":"","context":"In &quot;Blogu i Udh\u00ebtarit&quot;","block_context":{"text":"Blogu i Udh\u00ebtarit","link":"https:\/\/www.shqiperia.com\/blog\/category\/blogu-i-udhetarit\/"},"img":{"alt_text":"","src":"https:\/\/i0.wp.com\/www.shqiperia.com\/blog\/wp-content\/uploads\/2024\/12\/900-0-1723549158xscreenshot-2024-08-13t124532248-763.png?fit=900%2C616&ssl=1&resize=350%2C200","width":350,"height":200,"srcset":"https:\/\/i0.wp.com\/www.shqiperia.com\/blog\/wp-content\/uploads\/2024\/12\/900-0-1723549158xscreenshot-2024-08-13t124532248-763.png?fit=900%2C616&ssl=1&resize=350%2C200 1x, https:\/\/i0.wp.com\/www.shqiperia.com\/blog\/wp-content\/uploads\/2024\/12\/900-0-1723549158xscreenshot-2024-08-13t124532248-763.png?fit=900%2C616&ssl=1&resize=525%2C300 1.5x, https:\/\/i0.wp.com\/www.shqiperia.com\/blog\/wp-content\/uploads\/2024\/12\/900-0-1723549158xscreenshot-2024-08-13t124532248-763.png?fit=900%2C616&ssl=1&resize=700%2C400 2x"},"classes":[]},{"id":28249,"url":"https:\/\/www.shqiperia.com\/blog\/shqiperia-hyn-ne-nje-kaos-te-ri-kushtetues\/","url_meta":{"origin":28535,"position":4},"title":"Shqip\u00ebria hyn n\u00eb nj\u00eb kaos t\u00eb ri kushtetues. &#8211;","author":"Kurt Farka","date":"November 18, 2019","format":false,"excerpt":"Shqip\u00ebria hyn n\u00eb nj\u00eb kaos t\u00eb ri kushtetues. 16 nentor 2019 Nga Gjergj Erebara Shqip\u00ebria hyri n\u00eb nj\u00eb kaos t\u00eb ri kushtetues pasi parlamenti akuzoi p\u00ebrmes nj\u00eb rezolute presidentin se ka shkelur kushtetut\u00ebn nd\u00ebrsa ky i fundit akuzoi qeverin\u00eb e kryeministrit Edi Rama se po p\u00ebrpiqet t\u00eb kap\u00eb Gjykat\u00ebn Kushtetuese\u2026","rel":"","context":"In &quot;Blogu i Udh\u00ebtarit&quot;","block_context":{"text":"Blogu i Udh\u00ebtarit","link":"https:\/\/www.shqiperia.com\/blog\/category\/blogu-i-udhetarit\/"},"img":{"alt_text":"","src":"https:\/\/i0.wp.com\/www.shqiperia.com\/blog\/wp-content\/uploads\/2019\/11\/Rama-Meta1-960x600-1-905x450.jpg?fit=905%2C450&ssl=1&resize=350%2C200","width":350,"height":200,"srcset":"https:\/\/i0.wp.com\/www.shqiperia.com\/blog\/wp-content\/uploads\/2019\/11\/Rama-Meta1-960x600-1-905x450.jpg?fit=905%2C450&ssl=1&resize=350%2C200 1x, https:\/\/i0.wp.com\/www.shqiperia.com\/blog\/wp-content\/uploads\/2019\/11\/Rama-Meta1-960x600-1-905x450.jpg?fit=905%2C450&ssl=1&resize=525%2C300 1.5x, https:\/\/i0.wp.com\/www.shqiperia.com\/blog\/wp-content\/uploads\/2019\/11\/Rama-Meta1-960x600-1-905x450.jpg?fit=905%2C450&ssl=1&resize=700%2C400 2x"},"classes":[]},{"id":18643,"url":"https:\/\/www.shqiperia.com\/blog\/deklarata-e-forte-ne-bruksel-nga-mungesa-e-gjykates-kushtetuese-perfiton-vetem-qeveria-rama\/","url_meta":{"origin":28535,"position":5},"title":"Deklarata e fort\u00eb n\u00eb Bruksel: Nga mungesa e Gjykat\u00ebs Kushtetuese p\u00ebrfiton vet\u00ebm qeveria Rama!","author":"Kurt Farka","date":"March 23, 2019","format":false,"excerpt":"Deklarata e fort\u00eb n\u00eb Bruksel: Nga mungesa e Gjykat\u00ebs Kushtetuese p\u00ebrfiton vet\u00ebm qeveria Rama! N\u00eb seanc\u00ebn \u00a0d\u00ebgjimore me dt 21 mars n\u00eb Bruksel, Komisioni p\u00ebr Pun\u00ebt e Jashtme t\u00eb BE, p\u00ebr avancimin e detyrave t\u00eb vendeve q\u00eb aspirojn\u00eb an\u00ebtar\u00ebsim, mes t\u00eb tjer\u00ebve foli edhe President i Komisionit t\u00eb Venecias, Gianni\u2026","rel":"","context":"In &quot;Blogu i Udh\u00ebtarit&quot;","block_context":{"text":"Blogu i Udh\u00ebtarit","link":"https:\/\/www.shqiperia.com\/blog\/category\/blogu-i-udhetarit\/"},"img":{"alt_text":"","src":"https:\/\/i0.wp.com\/www.shqiperia.com\/blog\/wp-content\/uploads\/2019\/03\/auto_54217298_401227103989320_1442695453350035456_n1552988502.jpg?fit=880%2C488&ssl=1&resize=350%2C200","width":350,"height":200,"srcset":"https:\/\/i0.wp.com\/www.shqiperia.com\/blog\/wp-content\/uploads\/2019\/03\/auto_54217298_401227103989320_1442695453350035456_n1552988502.jpg?fit=880%2C488&ssl=1&resize=350%2C200 1x, https:\/\/i0.wp.com\/www.shqiperia.com\/blog\/wp-content\/uploads\/2019\/03\/auto_54217298_401227103989320_1442695453350035456_n1552988502.jpg?fit=880%2C488&ssl=1&resize=525%2C300 1.5x, https:\/\/i0.wp.com\/www.shqiperia.com\/blog\/wp-content\/uploads\/2019\/03\/auto_54217298_401227103989320_1442695453350035456_n1552988502.jpg?fit=880%2C488&ssl=1&resize=700%2C400 2x"},"classes":[]}],"_links":{"self":[{"href":"https:\/\/www.shqiperia.com\/blog\/wp-json\/wp\/v2\/posts\/28535","targetHints":{"allow":["GET"]}}],"collection":[{"href":"https:\/\/www.shqiperia.com\/blog\/wp-json\/wp\/v2\/posts"}],"about":[{"href":"https:\/\/www.shqiperia.com\/blog\/wp-json\/wp\/v2\/types\/post"}],"author":[{"embeddable":true,"href":"https:\/\/www.shqiperia.com\/blog\/wp-json\/wp\/v2\/users\/9"}],"replies":[{"embeddable":true,"href":"https:\/\/www.shqiperia.com\/blog\/wp-json\/wp\/v2\/comments?post=28535"}],"version-history":[{"count":1,"href":"https:\/\/www.shqiperia.com\/blog\/wp-json\/wp\/v2\/posts\/28535\/revisions"}],"predecessor-version":[{"id":28538,"href":"https:\/\/www.shqiperia.com\/blog\/wp-json\/wp\/v2\/posts\/28535\/revisions\/28538"}],"wp:featuredmedia":[{"embeddable":true,"href":"https:\/\/www.shqiperia.com\/blog\/wp-json\/wp\/v2\/media\/28536"}],"wp:attachment":[{"href":"https:\/\/www.shqiperia.com\/blog\/wp-json\/wp\/v2\/media?parent=28535"}],"wp:term":[{"taxonomy":"category","embeddable":true,"href":"https:\/\/www.shqiperia.com\/blog\/wp-json\/wp\/v2\/categories?post=28535"},{"taxonomy":"post_tag","embeddable":true,"href":"https:\/\/www.shqiperia.com\/blog\/wp-json\/wp\/v2\/tags?post=28535"}],"curies":[{"name":"wp","href":"https:\/\/api.w.org\/{rel}","templated":true}]}}