{"id":28531,"date":"2019-11-24T01:37:22","date_gmt":"2019-11-24T01:37:22","guid":{"rendered":"https:\/\/www.shqiperia.com\/blog\/?p=28531"},"modified":"2019-11-24T01:37:22","modified_gmt":"2019-11-24T01:37:22","slug":"llesh-kimiku-kerkon-rritje-rroge","status":"publish","type":"post","link":"https:\/\/www.shqiperia.com\/blog\/llesh-kimiku-kerkon-rritje-rroge\/","title":{"rendered":"Llesh Kimiku kerkon rritje rroge. &#8211;"},"content":{"rendered":"<p><img data-recalc-dims=\"1\" loading=\"lazy\" decoding=\"async\" data-attachment-id=\"28533\" data-permalink=\"https:\/\/www.shqiperia.com\/blog\/llesh-kimiku-kerkon-rritje-rroge\/llesh-kimiku-kerkon-rritje-rroge\/\" data-orig-file=\"https:\/\/i0.wp.com\/www.shqiperia.com\/blog\/wp-content\/uploads\/2019\/11\/Llesh-Kimiku-kerkon-rritje-rroge..jpg?fit=675%2C405&amp;ssl=1\" data-orig-size=\"675,405\" data-comments-opened=\"1\" data-image-meta=\"{&quot;aperture&quot;:&quot;0&quot;,&quot;credit&quot;:&quot;&quot;,&quot;camera&quot;:&quot;&quot;,&quot;caption&quot;:&quot;&quot;,&quot;created_timestamp&quot;:&quot;0&quot;,&quot;copyright&quot;:&quot;&quot;,&quot;focal_length&quot;:&quot;0&quot;,&quot;iso&quot;:&quot;0&quot;,&quot;shutter_speed&quot;:&quot;0&quot;,&quot;title&quot;:&quot;&quot;,&quot;orientation&quot;:&quot;0&quot;}\" data-image-title=\"Llesh Kimiku kerkon rritje rroge.\" data-image-description=\"\" data-image-caption=\"\" data-medium-file=\"https:\/\/i0.wp.com\/www.shqiperia.com\/blog\/wp-content\/uploads\/2019\/11\/Llesh-Kimiku-kerkon-rritje-rroge..jpg?fit=300%2C180&amp;ssl=1\" data-large-file=\"https:\/\/i0.wp.com\/www.shqiperia.com\/blog\/wp-content\/uploads\/2019\/11\/Llesh-Kimiku-kerkon-rritje-rroge..jpg?fit=675%2C405&amp;ssl=1\" class=\"alignnone  wp-image-28533\" alt=\"\" src=\"https:\/\/i0.wp.com\/www.shqiperia.com\/blog\/wp-content\/uploads\/2019\/11\/Llesh-Kimiku-kerkon-rritje-rroge..jpg?resize=598%2C359&#038;ssl=1\" width=\"598\" height=\"359\" srcset=\"https:\/\/i0.wp.com\/www.shqiperia.com\/blog\/wp-content\/uploads\/2019\/11\/Llesh-Kimiku-kerkon-rritje-rroge..jpg?resize=300%2C180&amp;ssl=1 300w, https:\/\/i0.wp.com\/www.shqiperia.com\/blog\/wp-content\/uploads\/2019\/11\/Llesh-Kimiku-kerkon-rritje-rroge..jpg?resize=450%2C270&amp;ssl=1 450w, https:\/\/i0.wp.com\/www.shqiperia.com\/blog\/wp-content\/uploads\/2019\/11\/Llesh-Kimiku-kerkon-rritje-rroge..jpg?resize=600%2C360&amp;ssl=1 600w, https:\/\/i0.wp.com\/www.shqiperia.com\/blog\/wp-content\/uploads\/2019\/11\/Llesh-Kimiku-kerkon-rritje-rroge..jpg?resize=400%2C240&amp;ssl=1 400w, https:\/\/i0.wp.com\/www.shqiperia.com\/blog\/wp-content\/uploads\/2019\/11\/Llesh-Kimiku-kerkon-rritje-rroge..jpg?w=675&amp;ssl=1 675w\" sizes=\"auto, (max-width: 598px) 100vw, 598px\" \/><\/p>\n<p>Llesh Kimiku kerkon rritje rroge.<\/p>\n<p>Prej 1 viti n\u00eb qeveri, Lleshaj qahet p\u00ebr rrog\u00ebn: Marr sa roja e ministrit t\u00eb Brendsh\u00ebm n\u00eb Kosov\u00eb<\/p>\n<p>Nga: <a href=\"https:\/\/www.fastnewsalbania.com\/author\/aurora\/\"><strong>Fast News<\/strong><\/a><\/p>\n<p>21 nentor 2019<\/p>\n<p>N\u00eb Komisionin e Siguris\u00eb Komb\u00ebtare q\u00eb po mbahet aktualisht n\u00eb Kuvend, ka folur edhe ministri i Brendsh\u00ebm Sand\u00ebr Lleshaj, i cili ka kritikuar projekt-buxhetin e qeveris\u00eb p\u00ebr vitin e ardhsh\u00ebm ku nuk parashikohet rritje rroge p\u00ebr punonj\u00ebsit e rendit.<\/p>\n<p>Prej 1 viti tashm\u00eb n\u00eb qeveri, Lleshaj zbuloi dhe rrog\u00ebn e tij, e cila sipas ministrit \u00ebsht\u00eb e nj\u00ebjt\u00eb me roj\u00ebn e homologut t\u00eb tij n\u00eb Kosov\u00eb (900 Euro).<\/p>\n<p>\u201dMe k\u00ebt\u00eb buxhet nuk \u00ebsht\u00eb parashikuar rritje page p\u00ebr punonj\u00ebsit e policis\u00eb. Sigurisht q\u00eb duhet rritje dhe do parashikohet n\u00eb 6 mujorin e dyt\u00eb.<\/p>\n<p>Gjat\u00eb nj\u00eb takimi q\u00eb pata me ministrat e Ballkanit mora vesh se roja i Ministrit t\u00eb Brendsh\u00ebm t\u00eb Kosov\u00ebs tha se merrte 900 \u20ac pag\u00eb. Roja atje merr aq pag\u00eb sa kam edhe un\u00eb\u201d, pretendoi Lleshaj nd\u00ebr t\u00eb tjera.<\/p>\n","protected":false},"excerpt":{"rendered":"<p>Llesh Kimiku kerkon rritje rroge. Prej 1 viti n\u00eb qeveri, Lleshaj qahet p\u00ebr rrog\u00ebn: Marr sa roja e ministrit t\u00eb Brendsh\u00ebm n\u00eb Kosov\u00eb Nga: Fast News 21 nentor 2019 N\u00eb Komisionin e Siguris\u00eb Komb\u00ebtare q\u00eb po mbahet aktualisht n\u00eb Kuvend, ka folur edhe ministri i Brendsh\u00ebm Sand\u00ebr Lleshaj, i cili ka kritikuar projekt-buxhetin e qeveris\u00eb [&hellip;]<\/p>\n","protected":false},"author":9,"featured_media":28532,"comment_status":"open","ping_status":"open","sticky":false,"template":"","format":"standard","meta":{"jetpack_post_was_ever_published":false,"_jetpack_newsletter_access":"","_jetpack_dont_email_post_to_subs":false,"_jetpack_newsletter_tier_id":0,"_jetpack_memberships_contains_paywalled_content":false,"_jetpack_memberships_contains_paid_content":false,"footnotes":"","jetpack_publicize_message":"","jetpack_publicize_feature_enabled":true,"jetpack_social_post_already_shared":true,"jetpack_social_options":{"image_generator_settings":{"template":"highway","default_image_id":0,"font":"","enabled":false},"version":2}},"categories":[27,10,14],"tags":[],"class_list":["post-28531","post","type-post","status-publish","format-standard","has-post-thumbnail","hentry","category-blogu-i-udhetarit","category-kultura","category-press-releases"],"jetpack_publicize_connections":[],"jetpack_featured_media_url":"https:\/\/i0.wp.com\/www.shqiperia.com\/blog\/wp-content\/uploads\/2019\/11\/SANDER-LLESHAJ-675x450-675x433.jpg?fit=675%2C405&ssl=1","jetpack_sharing_enabled":true,"jetpack_shortlink":"https:\/\/wp.me\/p5Z6wp-7qb","jetpack-related-posts":[{"id":46204,"url":"https:\/\/www.shqiperia.com\/blog\/rama-kerkon-te-rrise-rrogen-e-tij-nuk-kemi-bere-asnje-rritje-rroge-per-qeverine-qe-kur-kam-ardhur\/","url_meta":{"origin":28531,"position":0},"title":"Rama kerkon te rrise rrogen e tij: &#8211; Nuk kemi b\u00ebr\u00eb asnj\u00eb rritje rroge p\u00ebr qeverin\u00eb q\u00eb kur kam ardhur.","author":"Kurt Farka","date":"April 9, 2021","format":false,"excerpt":"Rama kerkon te rrise rrogen e tij: - Nuk kemi b\u00ebr\u00eb asnj\u00eb rritje rroge p\u00ebr qeverin\u00eb q\u00eb kur kam ardhur. - 08.04.21 Kryeministri i Shqip\u00ebris\u00eb, Edi Rama i ftuar n\u00eb AbcNews ka ironizuar me kontrollor\u00ebt e Albcontrol q\u00eb u fut\u00ebn n\u00eb grev\u00eb p\u00ebr \u00e7\u00ebshtjen e rrogave. Rama pyet se pse\u2026","rel":"","context":"In &quot;Blogu i Udh\u00ebtarit&quot;","block_context":{"text":"Blogu i Udh\u00ebtarit","link":"https:\/\/www.shqiperia.com\/blog\/category\/blogu-i-udhetarit\/"},"img":{"alt_text":"","src":"https:\/\/i0.wp.com\/www.shqiperia.com\/blog\/wp-content\/uploads\/2021\/04\/Screenshot_21-2.jpg?fit=396%2C205&ssl=1&resize=350%2C200","width":350,"height":200},"classes":[]},{"id":19622,"url":"https:\/\/www.shqiperia.com\/blog\/pd-akuza-ministrit-lleshaj-sajoi-skenare-me-djegie-makinash-e-police-te-dhunuar-per-te\/","url_meta":{"origin":28531,"position":1},"title":"PD akuza ministrit Lleshaj: Sajoi skenar\u00eb me djegie makinash e polic\u00eb \u201ct\u00eb dhunuar\u201d p\u00ebr t\u00eb\u2026","author":"Kurt Farka","date":"April 14, 2019","format":false,"excerpt":"PD akuza ministrit Lleshaj: Sajoi skenar\u00eb me djegie makinash e polic\u00eb \u201ct\u00eb dhunuar\u201d p\u00ebr t\u00eb\u2026- \u00a014 prill 2019 Sekretari i P\u00ebrgjithsh\u00ebm i Partis\u00eb Demokratike, Gazment Bardhi ka reaguar pas protest\u00ebs s\u00eb djeshme t\u00eb opozit\u00ebs. N\u00eb nj\u00eb postim n\u00eb facebook, Bardhi, nd\u00ebrsa i drejtohet\u00a0 si \u201cLlesh Kimiku\u201d, akuzon ministrin e Brendsh\u00ebm\u2026","rel":"","context":"In &quot;Blogu i Udh\u00ebtarit&quot;","block_context":{"text":"Blogu i Udh\u00ebtarit","link":"https:\/\/www.shqiperia.com\/blog\/category\/blogu-i-udhetarit\/"},"img":{"alt_text":"","src":"https:\/\/i0.wp.com\/www.shqiperia.com\/blog\/wp-content\/uploads\/2019\/04\/Demostrata-e-Opozites-ne-Shqiperi.4.jpg?fit=1000%2C539&ssl=1&resize=350%2C200","width":350,"height":200,"srcset":"https:\/\/i0.wp.com\/www.shqiperia.com\/blog\/wp-content\/uploads\/2019\/04\/Demostrata-e-Opozites-ne-Shqiperi.4.jpg?fit=1000%2C539&ssl=1&resize=350%2C200 1x, https:\/\/i0.wp.com\/www.shqiperia.com\/blog\/wp-content\/uploads\/2019\/04\/Demostrata-e-Opozites-ne-Shqiperi.4.jpg?fit=1000%2C539&ssl=1&resize=525%2C300 1.5x, https:\/\/i0.wp.com\/www.shqiperia.com\/blog\/wp-content\/uploads\/2019\/04\/Demostrata-e-Opozites-ne-Shqiperi.4.jpg?fit=1000%2C539&ssl=1&resize=700%2C400 2x"},"classes":[]},{"id":38309,"url":"https:\/\/www.shqiperia.com\/blog\/fitoi-nofken-llesh-kimiku-njofton-vete-largimin-nga-qeveria\/","url_meta":{"origin":28531,"position":2},"title":"Fitoi nofken \u201cLlesh Kimiku\u201d, njofton vet\u00eb largimin nga qeveria","author":"Kurt Farka","date":"September 11, 2020","format":false,"excerpt":"Fitoi nofken \u201cLlesh Kimiku\u201d, njofton vet\u00eb largimin nga qeveria 11 shtator \u00a02020 Ministri i Brendsh\u00ebm Sand\u00ebr Lleshaj ka njoftuar sot se nuk do t\u00eb jet\u00eb m\u00eb n\u00eb k\u00ebt\u00eb post. \u201cQ\u00eb nuk do jem m\u00eb, \u00ebsht\u00eb e sigurt. Asnj\u00eb nuk \u00ebsht\u00eb i p\u00ebrjetsh\u00ebm n\u00eb k\u00ebt\u00eb post\u201d, \u00ebsht\u00eb\u00a0shprehur Lleshaj. Ai gjithashtu theksoi\u2026","rel":"","context":"In &quot;Blogu i Udh\u00ebtarit&quot;","block_context":{"text":"Blogu i Udh\u00ebtarit","link":"https:\/\/www.shqiperia.com\/blog\/category\/blogu-i-udhetarit\/"},"img":{"alt_text":"","src":"https:\/\/i0.wp.com\/www.shqiperia.com\/blog\/wp-content\/uploads\/2020\/09\/lleshaj-grabitja-1.png?fit=441%2C224&ssl=1&resize=350%2C200","width":350,"height":200},"classes":[]},{"id":40296,"url":"https:\/\/www.shqiperia.com\/blog\/polic-ke-qene-dhe-polic-ke-mbetur-lleshaj-kerkon-ndjese-dhe-sqaron-debatin-me-murrizin-ne-parlament\/","url_meta":{"origin":28531,"position":3},"title":"\u201cPolic ke qen\u00eb dhe polic ke mbetur\u201d, Lleshaj k\u00ebrkon ndjes\u00eb dhe sqaron debatin me Murrizin n\u00eb Parlament","author":"Kurt Farka","date":"October 30, 2020","format":false,"excerpt":"\u201cPolic ke qen\u00eb dhe polic ke mbetur\u201d, Lleshaj k\u00ebrkon ndjes\u00eb dhe sqaron debatin me Murrizin n\u00eb Parlament - 30.10.20 Ministri i Brendsh\u00ebm Sand\u00ebr Lleshaj ka reaguar me nj\u00eb ndjes\u00eb pas debatit t\u00eb djesh\u00ebm n\u00eb parlament me deputetin Myslym Murrizi. N\u00eb nj\u00eb postim n\u00eb \u201cFacebook\u201d, ministri Lleshaj shprehet se n\u00eb respekt\u2026","rel":"","context":"In &quot;Blogu i Udh\u00ebtarit&quot;","block_context":{"text":"Blogu i Udh\u00ebtarit","link":"https:\/\/www.shqiperia.com\/blog\/category\/blogu-i-udhetarit\/"},"img":{"alt_text":"","src":"https:\/\/i0.wp.com\/www.shqiperia.com\/blog\/wp-content\/uploads\/2020\/10\/lleshaj-770x433-1.jpg?fit=770%2C433&ssl=1&resize=350%2C200","width":350,"height":200,"srcset":"https:\/\/i0.wp.com\/www.shqiperia.com\/blog\/wp-content\/uploads\/2020\/10\/lleshaj-770x433-1.jpg?fit=770%2C433&ssl=1&resize=350%2C200 1x, https:\/\/i0.wp.com\/www.shqiperia.com\/blog\/wp-content\/uploads\/2020\/10\/lleshaj-770x433-1.jpg?fit=770%2C433&ssl=1&resize=525%2C300 1.5x, https:\/\/i0.wp.com\/www.shqiperia.com\/blog\/wp-content\/uploads\/2020\/10\/lleshaj-770x433-1.jpg?fit=770%2C433&ssl=1&resize=700%2C400 2x"},"classes":[]},{"id":41716,"url":"https:\/\/www.shqiperia.com\/blog\/protesta-u-be-masive-lleshaj-te-jape-doreheqjen\/","url_meta":{"origin":28531,"position":4},"title":"Protesta u be masive: &#8211; \u201cLleshaj t\u00eb jap\u00eb dor\u00ebheqjen\u201d.","author":"Kurt Farka","date":"December 9, 2020","format":false,"excerpt":"Protesta u be masive: - \u201cLleshaj t\u00eb jap\u00eb dor\u00ebheqjen\u201d. 17:19 - 09\/12\/20 Pas vrasjes nga policia t\u00eb 25 vje\u00e7arit n\u00eb der\u00ebn e sht\u00ebpis\u00eb s\u00eb tij, dje pas mesnate, shum\u00eb qytetar\u00eb reaguan n\u00eb rrjetet sociale dhe shprehen revolt\u00ebn e tyre. Edhe z\u00ebra t\u00eb njohur t\u00eb publikut. K\u00ebrkesa e tyre ishte q\u00eb\u2026","rel":"","context":"In &quot;Blogu i Udh\u00ebtarit&quot;","block_context":{"text":"Blogu i Udh\u00ebtarit","link":"https:\/\/www.shqiperia.com\/blog\/category\/blogu-i-udhetarit\/"},"img":{"alt_text":"","src":"https:\/\/i0.wp.com\/www.shqiperia.com\/blog\/wp-content\/uploads\/2020\/12\/Protestaaa.jpg?fit=882%2C477&ssl=1&resize=350%2C200","width":350,"height":200,"srcset":"https:\/\/i0.wp.com\/www.shqiperia.com\/blog\/wp-content\/uploads\/2020\/12\/Protestaaa.jpg?fit=882%2C477&ssl=1&resize=350%2C200 1x, https:\/\/i0.wp.com\/www.shqiperia.com\/blog\/wp-content\/uploads\/2020\/12\/Protestaaa.jpg?fit=882%2C477&ssl=1&resize=525%2C300 1.5x, https:\/\/i0.wp.com\/www.shqiperia.com\/blog\/wp-content\/uploads\/2020\/12\/Protestaaa.jpg?fit=882%2C477&ssl=1&resize=700%2C400 2x"},"classes":[]},{"id":19888,"url":"https:\/\/www.shqiperia.com\/blog\/gafa-e-ministrit-lleshi-parate-e-grabitura-ne-rinas-mund-te-jene-djegur\/","url_meta":{"origin":28531,"position":5},"title":"Gafa e Ministrit Lleshi: \u201c\u2026parat\u00eb e grabitura n\u00eb Rinas mund t\u00eb jen\u00eb djegur\u2026 \u201c.\u00a0","author":"Kurt Farka","date":"April 20, 2019","format":false,"excerpt":"Gafa e Ministrit Lleshi: \u201c\u2026parat\u00eb e grabitura n\u00eb Rinas mund t\u00eb jen\u00eb djegur\u2026 \u201c.\u00a0 Lleshaj po paralajm\u00ebron se autor\u00ebt do t\u00eb kapen, por parat\u00eb nuk do t\u00eb gjenden. 20 prill 2019 12:52 Gazetari Denis Dyrnjaja ka komentuar deklarat\u00ebn e ministrit t\u00eb Brendsh\u00ebm, Sand\u00ebr Lleshaj. P\u00ebrmes nj\u00eb postimi n\u00eb Facebook ai\u2026","rel":"","context":"In &quot;Blogu i Udh\u00ebtarit&quot;","block_context":{"text":"Blogu i Udh\u00ebtarit","link":"https:\/\/www.shqiperia.com\/blog\/category\/blogu-i-udhetarit\/"},"img":{"alt_text":"","src":"https:\/\/i0.wp.com\/www.shqiperia.com\/blog\/wp-content\/uploads\/2019\/04\/lleshaj3456-905x395.jpg?fit=905%2C395&ssl=1&resize=350%2C200","width":350,"height":200,"srcset":"https:\/\/i0.wp.com\/www.shqiperia.com\/blog\/wp-content\/uploads\/2019\/04\/lleshaj3456-905x395.jpg?fit=905%2C395&ssl=1&resize=350%2C200 1x, https:\/\/i0.wp.com\/www.shqiperia.com\/blog\/wp-content\/uploads\/2019\/04\/lleshaj3456-905x395.jpg?fit=905%2C395&ssl=1&resize=525%2C300 1.5x, https:\/\/i0.wp.com\/www.shqiperia.com\/blog\/wp-content\/uploads\/2019\/04\/lleshaj3456-905x395.jpg?fit=905%2C395&ssl=1&resize=700%2C400 2x"},"classes":[]}],"_links":{"self":[{"href":"https:\/\/www.shqiperia.com\/blog\/wp-json\/wp\/v2\/posts\/28531","targetHints":{"allow":["GET"]}}],"collection":[{"href":"https:\/\/www.shqiperia.com\/blog\/wp-json\/wp\/v2\/posts"}],"about":[{"href":"https:\/\/www.shqiperia.com\/blog\/wp-json\/wp\/v2\/types\/post"}],"author":[{"embeddable":true,"href":"https:\/\/www.shqiperia.com\/blog\/wp-json\/wp\/v2\/users\/9"}],"replies":[{"embeddable":true,"href":"https:\/\/www.shqiperia.com\/blog\/wp-json\/wp\/v2\/comments?post=28531"}],"version-history":[{"count":1,"href":"https:\/\/www.shqiperia.com\/blog\/wp-json\/wp\/v2\/posts\/28531\/revisions"}],"predecessor-version":[{"id":28534,"href":"https:\/\/www.shqiperia.com\/blog\/wp-json\/wp\/v2\/posts\/28531\/revisions\/28534"}],"wp:featuredmedia":[{"embeddable":true,"href":"https:\/\/www.shqiperia.com\/blog\/wp-json\/wp\/v2\/media\/28532"}],"wp:attachment":[{"href":"https:\/\/www.shqiperia.com\/blog\/wp-json\/wp\/v2\/media?parent=28531"}],"wp:term":[{"taxonomy":"category","embeddable":true,"href":"https:\/\/www.shqiperia.com\/blog\/wp-json\/wp\/v2\/categories?post=28531"},{"taxonomy":"post_tag","embeddable":true,"href":"https:\/\/www.shqiperia.com\/blog\/wp-json\/wp\/v2\/tags?post=28531"}],"curies":[{"name":"wp","href":"https:\/\/api.w.org\/{rel}","templated":true}]}}