{"id":28528,"date":"2019-11-24T01:20:18","date_gmt":"2019-11-24T01:20:18","guid":{"rendered":"https:\/\/www.shqiperia.com\/blog\/?p=28528"},"modified":"2019-11-24T01:20:18","modified_gmt":"2019-11-24T01:20:18","slug":"vrasja-e-kennedy-rrefimi-i-bujshem-i-aktorit-te-godfather","status":"publish","type":"post","link":"https:\/\/www.shqiperia.com\/blog\/vrasja-e-kennedy-rrefimi-i-bujshem-i-aktorit-te-godfather\/","title":{"rendered":"\u201cVrasja e Kennedy\u201d, rr\u00ebfimi i bujsh\u00ebm i aktorit t\u00eb \u201cGodfather\u201d"},"content":{"rendered":"<p><img data-recalc-dims=\"1\" loading=\"lazy\" decoding=\"async\" data-attachment-id=\"28529\" data-permalink=\"https:\/\/www.shqiperia.com\/blog\/vrasja-e-kennedy-rrefimi-i-bujshem-i-aktorit-te-godfather\/kumb-636x375-1-905x450\/\" data-orig-file=\"https:\/\/i0.wp.com\/www.shqiperia.com\/blog\/wp-content\/uploads\/2019\/11\/kumb-636x375-1-905x450.jpg?fit=905%2C450&amp;ssl=1\" data-orig-size=\"905,450\" data-comments-opened=\"1\" data-image-meta=\"{&quot;aperture&quot;:&quot;0&quot;,&quot;credit&quot;:&quot;&quot;,&quot;camera&quot;:&quot;&quot;,&quot;caption&quot;:&quot;&quot;,&quot;created_timestamp&quot;:&quot;0&quot;,&quot;copyright&quot;:&quot;&quot;,&quot;focal_length&quot;:&quot;0&quot;,&quot;iso&quot;:&quot;0&quot;,&quot;shutter_speed&quot;:&quot;0&quot;,&quot;title&quot;:&quot;&quot;,&quot;orientation&quot;:&quot;0&quot;}\" data-image-title=\"kumb-636&#215;375-1-905&#215;450\" data-image-description=\"\" data-image-caption=\"\" data-medium-file=\"https:\/\/i0.wp.com\/www.shqiperia.com\/blog\/wp-content\/uploads\/2019\/11\/kumb-636x375-1-905x450.jpg?fit=300%2C149&amp;ssl=1\" data-large-file=\"https:\/\/i0.wp.com\/www.shqiperia.com\/blog\/wp-content\/uploads\/2019\/11\/kumb-636x375-1-905x450.jpg?fit=905%2C450&amp;ssl=1\" class=\"alignnone  wp-image-28529\" alt=\"\" src=\"https:\/\/i0.wp.com\/www.shqiperia.com\/blog\/wp-content\/uploads\/2019\/11\/kumb-636x375-1-905x450.jpg?resize=572%2C284&#038;ssl=1\" width=\"572\" height=\"284\" srcset=\"https:\/\/i0.wp.com\/www.shqiperia.com\/blog\/wp-content\/uploads\/2019\/11\/kumb-636x375-1-905x450.jpg?resize=300%2C149&amp;ssl=1 300w, https:\/\/i0.wp.com\/www.shqiperia.com\/blog\/wp-content\/uploads\/2019\/11\/kumb-636x375-1-905x450.jpg?resize=768%2C382&amp;ssl=1 768w, https:\/\/i0.wp.com\/www.shqiperia.com\/blog\/wp-content\/uploads\/2019\/11\/kumb-636x375-1-905x450.jpg?resize=450%2C224&amp;ssl=1 450w, https:\/\/i0.wp.com\/www.shqiperia.com\/blog\/wp-content\/uploads\/2019\/11\/kumb-636x375-1-905x450.jpg?resize=600%2C298&amp;ssl=1 600w, https:\/\/i0.wp.com\/www.shqiperia.com\/blog\/wp-content\/uploads\/2019\/11\/kumb-636x375-1-905x450.jpg?resize=400%2C199&amp;ssl=1 400w, https:\/\/i0.wp.com\/www.shqiperia.com\/blog\/wp-content\/uploads\/2019\/11\/kumb-636x375-1-905x450.jpg?resize=905%2C450&amp;ssl=1 905w\" sizes=\"auto, (max-width: 572px) 100vw, 572px\" \/><\/p>\n<p><strong>\u201cVrasja e Kennedy\u201d, rr\u00ebfimi i bujsh\u00ebm i aktorit t\u00eb \u201cGodfather\u201d<\/strong><\/p>\n<p>Aktori i njohur, Gianni Russo, i cili ka interpretuar n\u00eb filmin \u201cKumbari\u201d ka vendosur q\u00eb t\u00eb rishkruaj historin\u00eb e Amerik\u00ebs, me disa deklarata t\u00eb forta mbi vdekjen e Presidentit John F. Kennedy dhe Marilyn Monroe.<\/p>\n<p>N\u00eb nj\u00eb intervist\u00eb ekskluzive p\u00ebr \u201cDaily Mail\u201d, aktori q\u00eb luante rolin e Carlo Rizzi shprehet se vras\u00ebsi fam\u00ebkeq, Lee Harvey Oswald, nuk ishte ai q\u00eb vrau Kennedy-n. Russo ka pasur lidhje t\u00eb forta me bos\u00ebt italian\u00eb t\u00eb mafias Frank Costello, Sam Giancano dhe Carlo Gambino dhe shprehet se t\u00eb nj\u00ebjt\u00ebt mafioz\u00eb q\u00eb e soll\u00ebn n\u00eb pushtet JFK, edhe e hoq\u00ebn qafe Presidentin s\u00eb bashku me v\u00ebllain e tij Robert.<\/p>\n<p>\u201c<em>Tre familje kishin tre qit\u00ebs t\u00eb ndrysh\u00ebm p\u00ebr ta vrar\u00eb m\u00eb 22 n\u00ebntor 1963. Un\u00eb e di se kush e vrau n\u00eb t\u00eb v\u00ebrtet\u00eb. Nuk ishte Lee Harvey Oswald. Ishte Johnny Roselli ai q\u00eb q\u00eblloi dhe e vrau. Ai po q\u00ebndronte n\u00eb kanal dhe kishte pamjen m\u00eb t\u00eb mir\u00eb<\/em>\u201d, deklaron aktori.<\/p>\n<p>Sipas Russos, hetimet po shkonin drejt Rosellit, por, p\u00ebrpara se ai t\u00eb d\u00ebshmonte, e vran\u00eb: \u201cE gjet\u00ebn t\u00eb cop\u00ebtuar n\u00eb nj\u00eb valixhe\u201d.<\/p>\n<p>Kur u pyet n\u00ebse ishte i frik\u00ebsuar nga mafia pas k\u00ebtij rr\u00ebfimi, Russo u p\u00ebrgjigj: \u201c<em>Nuk ka pse t\u00eb jem sepse nuk ka m\u00eb njeri k\u00ebtu, kan\u00eb vdekur t\u00eb gjith\u00eb<\/em>\u201d.<\/p>\n<p>75-vje\u00e7ari \u00ebsht\u00eb shprehur se gjithashtu se Marilyn Monroe do t\u00eb ishte akoma gjall\u00eb n\u00ebse ish-bashk\u00ebshorti i saj, legjenda e bejsbollit Joe DiMaggio, do t\u00eb kishte shkuar ta merrte at\u00eb nga nj\u00eb vendpushim n\u00eb Nevada, kur ajo e telefonoi vet\u00ebm tre dit\u00eb para vdekjes s\u00eb saj.<\/p>\n<p>75-vje\u00e7ari, i cili gjithashtu pretendon se kishte nj\u00eb lidhje me Monroe, tregon se ajoi \u00a0b\u00ebri nj\u00eb telefonat\u00eb DiMaggio p\u00ebr t\u00eb shkuar p\u00ebr ta marr\u00eb nga aty.<\/p>\n<p><em>\u2018Joe DiMaggio mos hajde. Ajo ka vdekur<\/em>, \u2018thot\u00eb ai. \u2018<em>Marilyn Monroe mund t\u00eb ishte akoma gjall\u00eb sot, po t\u00eb vinte ai ta merrte at\u00eb nat\u00eb<\/em>\u201d, ka treguar Gianni Russo.<\/p>\n<p>l.h\/ dita<\/p>\n","protected":false},"excerpt":{"rendered":"<p>\u201cVrasja e Kennedy\u201d, rr\u00ebfimi i bujsh\u00ebm i aktorit t\u00eb \u201cGodfather\u201d Aktori i njohur, Gianni Russo, i cili ka interpretuar n\u00eb filmin \u201cKumbari\u201d ka vendosur q\u00eb t\u00eb rishkruaj historin\u00eb e Amerik\u00ebs, me disa deklarata t\u00eb forta mbi vdekjen e Presidentit John F. Kennedy dhe Marilyn Monroe. N\u00eb nj\u00eb intervist\u00eb ekskluzive p\u00ebr \u201cDaily Mail\u201d, aktori q\u00eb luante [&hellip;]<\/p>\n","protected":false},"author":9,"featured_media":28529,"comment_status":"open","ping_status":"open","sticky":false,"template":"","format":"standard","meta":{"jetpack_post_was_ever_published":false,"_jetpack_newsletter_access":"","_jetpack_dont_email_post_to_subs":false,"_jetpack_newsletter_tier_id":0,"_jetpack_memberships_contains_paywalled_content":false,"_jetpack_memberships_contains_paid_content":false,"footnotes":"","jetpack_publicize_message":"","jetpack_publicize_feature_enabled":true,"jetpack_social_post_already_shared":true,"jetpack_social_options":{"image_generator_settings":{"template":"highway","default_image_id":0,"font":"","enabled":false},"version":2}},"categories":[85,14,35],"tags":[],"class_list":["post-28528","post","type-post","status-publish","format-standard","has-post-thumbnail","hentry","category-histori","category-press-releases","category-shoqerore"],"jetpack_publicize_connections":[],"jetpack_featured_media_url":"https:\/\/i0.wp.com\/www.shqiperia.com\/blog\/wp-content\/uploads\/2019\/11\/kumb-636x375-1-905x450.jpg?fit=905%2C450&ssl=1","jetpack_sharing_enabled":true,"jetpack_shortlink":"https:\/\/wp.me\/p5Z6wp-7q8","jetpack-related-posts":[{"id":90934,"url":"https:\/\/www.shqiperia.com\/blog\/regjisori-qe-denoncoi-komplotin-oliver-stone-deshmon-mbi-atentatin-ndaj-john-f-kennedy\/","url_meta":{"origin":28528,"position":0},"title":"Regjisori q\u00eb &#8220;denoncoi&#8221; komplotin! Oliver Stone d\u00ebshmon mbi atentatin ndaj John F. Kennedy","author":"Kurt Farka","date":"March 31, 2025","format":false,"excerpt":"31 Nars 2025 Regjisori amerikan Oliver Stone do t\u00eb d\u00ebshmoj\u00eb n\u00eb nj\u00eb seanc\u00eb d\u00ebgjimore t\u00eb mart\u00ebn n\u00eb Dhom\u00ebn e P\u00ebrfaq\u00ebsuesve t\u00eb SHBA-s\u00eb mbi vrasjen e John F. Kennedy. Pas premtimit te Trump gjat\u00eb fushat\u00ebs se do t\u00eb siguroj\u00eb m\u00eb shum\u00eb transparenc\u00eb p\u00ebr vrasjen e Presidentit, Administrata ka marr p\u00ebrsip\u00ebr zbardhjen\u2026","rel":"","context":"In &quot;Blogu i Udh\u00ebtarit&quot;","block_context":{"text":"Blogu i Udh\u00ebtarit","link":"https:\/\/www.shqiperia.com\/blog\/category\/blogu-i-udhetarit\/"},"img":{"alt_text":"","src":"https:\/\/i0.wp.com\/www.shqiperia.com\/blog\/wp-content\/uploads\/2025\/03\/640-0-oli2jpg-1743415074.jpg?fit=640%2C347&ssl=1&resize=350%2C200","width":350,"height":200,"srcset":"https:\/\/i0.wp.com\/www.shqiperia.com\/blog\/wp-content\/uploads\/2025\/03\/640-0-oli2jpg-1743415074.jpg?fit=640%2C347&ssl=1&resize=350%2C200 1x, https:\/\/i0.wp.com\/www.shqiperia.com\/blog\/wp-content\/uploads\/2025\/03\/640-0-oli2jpg-1743415074.jpg?fit=640%2C347&ssl=1&resize=525%2C300 1.5x"},"classes":[]},{"id":80661,"url":"https:\/\/www.shqiperia.com\/blog\/u-hakmora-ndaj-mesuesve-aktori-i-njohur-turk-blen-shkollen-e-tij-te-fillores-dhe-e-shkaterron\/","url_meta":{"origin":28528,"position":1},"title":"\u201cU hakmora ndaj m\u00ebsuesve\u201d, aktori i njohur turk blen shkoll\u00ebn e tij t\u00eb fillores dhe e shkat\u00ebrron","author":"Kurt Farka","date":"May 5, 2024","format":false,"excerpt":"5 Maji 2024 Aktori i njohur turk Caglar Ertugrul ka pushtuar mediat n\u00eb vendlindje, me veprimin e tij q\u00eb i ka l\u00ebn\u00eb t\u00eb gjith\u00eb t\u00eb tronditur. N\u00ebp\u00ebrmjet nj\u00eb postimi n\u00eb rrjetin social Instagram ku pozon para nj\u00eb grumbulli rr\u00ebnojash, ai rr\u00ebfen se ka bler\u00eb dhe m\u00eb pas shkat\u00ebrruar shkoll\u00ebn e\u2026","rel":"","context":"In &quot;Blogu i Udh\u00ebtarit&quot;","block_context":{"text":"Blogu i Udh\u00ebtarit","link":"https:\/\/www.shqiperia.com\/blog\/category\/blogu-i-udhetarit\/"},"img":{"alt_text":"","src":"https:\/\/i0.wp.com\/www.shqiperia.com\/blog\/wp-content\/uploads\/2024\/05\/640-0-e-1714751486-1.png?fit=640%2C370&ssl=1&resize=350%2C200","width":350,"height":200,"srcset":"https:\/\/i0.wp.com\/www.shqiperia.com\/blog\/wp-content\/uploads\/2024\/05\/640-0-e-1714751486-1.png?fit=640%2C370&ssl=1&resize=350%2C200 1x, https:\/\/i0.wp.com\/www.shqiperia.com\/blog\/wp-content\/uploads\/2024\/05\/640-0-e-1714751486-1.png?fit=640%2C370&ssl=1&resize=525%2C300 1.5x"},"classes":[]},{"id":47719,"url":"https:\/\/www.shqiperia.com\/blog\/vlora-nuk-ka-per-te-gjetur-qetesi-gazetari-i-njohur-le-pa-fjale-blendi-fevziun-zbulon-ekzekutimin-e-bujshem-qe-prishi-balancat-e-krimit-ne-vendin-tone-kam-informacione-se-repli\/","url_meta":{"origin":28528,"position":2},"title":"\u201cVlora nuk ka p\u00ebr t\u00eb gjetur qet\u00ebsi\u201d\/ Gazetari i njohur l\u00eb pa fjal\u00eb Blendi Fevziun, zbulon ekzekutimin e bujsh\u00ebm q\u00eb prishi balancat e krimit n\u00eb vendin ton\u00eb: Kam informacione se&#8230;(REPLIKAT)","author":"Kurt Farka","date":"June 8, 2021","format":false,"excerpt":"\u201cVlora nuk ka p\u00ebr t\u00eb gjetur qet\u00ebsi\u201d\/ Gazetari i njohur l\u00eb pa fjal\u00eb Blendi Fevziun, zbulon ekzekutimin e bujsh\u00ebm q\u00eb prishi balancat e krimit n\u00eb vendin ton\u00eb: Kam informacione se...(REPLIKAT) 8 QERSHOR 2021 Vlora \u00ebsht\u00eb nj\u00eb nd\u00ebr qytet q\u00eb ka sh\u00ebnuar nj\u00eb num\u00ebr t\u00eb madh ngjarjesh kriminale koh\u00ebt e fundit.\u2026","rel":"","context":"In &quot;Blogu i Udh\u00ebtarit&quot;","block_context":{"text":"Blogu i Udh\u00ebtarit","link":"https:\/\/www.shqiperia.com\/blog\/category\/blogu-i-udhetarit\/"},"img":{"alt_text":"","src":"https:\/\/i0.wp.com\/www.shqiperia.com\/blog\/wp-content\/uploads\/2021\/06\/800-0-60bf22d6e593d.png?fit=800%2C462&ssl=1&resize=350%2C200","width":350,"height":200,"srcset":"https:\/\/i0.wp.com\/www.shqiperia.com\/blog\/wp-content\/uploads\/2021\/06\/800-0-60bf22d6e593d.png?fit=800%2C462&ssl=1&resize=350%2C200 1x, https:\/\/i0.wp.com\/www.shqiperia.com\/blog\/wp-content\/uploads\/2021\/06\/800-0-60bf22d6e593d.png?fit=800%2C462&ssl=1&resize=525%2C300 1.5x, https:\/\/i0.wp.com\/www.shqiperia.com\/blog\/wp-content\/uploads\/2021\/06\/800-0-60bf22d6e593d.png?fit=800%2C462&ssl=1&resize=700%2C400 2x"},"classes":[]},{"id":52416,"url":"https:\/\/www.shqiperia.com\/blog\/bomba-qe-vrau-gazetaren-malteze-erdhi-nga-shqiperia-flet-djali-i-daphne-caruana-galizia\/","url_meta":{"origin":28528,"position":3},"title":"\u201cBomba q\u00eb vrau gazetaren malteze erdhi nga Shqip\u00ebria?\u201d, flet djali i Daphne Caruana Galizia","author":"Kurt Farka","date":"December 16, 2021","format":false,"excerpt":"\u201cBomba q\u00eb vrau gazetaren malteze erdhi nga Shqip\u00ebria?\u201d, flet djali i Daphne Caruana Galizia 16 DHJETOR 2021 \u2026 N\u00ebse nj\u00ebri nga vendet nuk po b\u00ebn pun\u00ebn e tij, kjo ndikon n\u00eb sigurin\u00eb edhe t\u00eb vendeve t\u00eb tjera. M\u00eb 16 tetor t\u00eb vitit 2017, nj\u00eb bomb\u00eb e vendosur posht\u00eb makin\u00ebs s\u00eb\u2026","rel":"","context":"In &quot;Blogu i Udh\u00ebtarit&quot;","block_context":{"text":"Blogu i Udh\u00ebtarit","link":"https:\/\/www.shqiperia.com\/blog\/category\/blogu-i-udhetarit\/"},"img":{"alt_text":"","src":"https:\/\/i0.wp.com\/www.shqiperia.com\/blog\/wp-content\/uploads\/2021\/12\/640-0-61bb1565a5a40.jpg?fit=640%2C360&ssl=1&resize=350%2C200","width":350,"height":200,"srcset":"https:\/\/i0.wp.com\/www.shqiperia.com\/blog\/wp-content\/uploads\/2021\/12\/640-0-61bb1565a5a40.jpg?fit=640%2C360&ssl=1&resize=350%2C200 1x, https:\/\/i0.wp.com\/www.shqiperia.com\/blog\/wp-content\/uploads\/2021\/12\/640-0-61bb1565a5a40.jpg?fit=640%2C360&ssl=1&resize=525%2C300 1.5x"},"classes":[]},{"id":12873,"url":"https:\/\/www.shqiperia.com\/blog\/michele-placido-nje-vend-nuk-ndertohet-duke-shkaterruar-ndertesa-kulturore\/","url_meta":{"origin":28528,"position":4},"title":"Michele Placido: Nj\u00eb vend nuk nd\u00ebrtohet duke shkat\u00ebrruar nd\u00ebrtesa kulturore. &#8211;","author":"Kurt Farka","date":"October 22, 2018","format":false,"excerpt":"Michele Placido: Nj\u00eb vend nuk nd\u00ebrtohet duke shkat\u00ebrruar nd\u00ebrtesa kulturore. - Aktori i njohur italian Michele Placido \u00ebsht\u00eb shprehur p\u00ebr Teatrin Komb\u00ebtar Tirane, duke e cil\u00ebsuar shembjen e tij si nj\u00eb akt barbar. I njohur nga publiku shqiptar me rolin e komisar Katanit te \u201cOktapodi\u201d ai ka dal\u00eb n\u00eb mbrojtje\u2026","rel":"","context":"In &quot;Arte&quot;","block_context":{"text":"Arte","link":"https:\/\/www.shqiperia.com\/blog\/category\/arte\/"},"img":{"alt_text":"","src":"https:\/\/i0.wp.com\/www.shqiperia.com\/blog\/wp-content\/uploads\/2018\/10\/4-17.jpg?fit=500%2C295&ssl=1&resize=350%2C200","width":350,"height":200},"classes":[]},{"id":80687,"url":"https:\/\/www.shqiperia.com\/blog\/piu-kafe-me-ciftin-e-moshuar-dhe-me-pas-i-vrau-arrestohet-autori-i-krimit-ne-dropull\/","url_meta":{"origin":28528,"position":5},"title":"Piu kafe me \u00e7iftin e moshuar dhe m\u00eb pas i vrau, arrestohet autori i krimit n\u00eb Dropull","author":"Kurt Farka","date":"May 5, 2024","format":false,"excerpt":"5 Maji 2024 Zbardhet vrasja e \u00e7iftit t\u00eb t\u00eb moshuarve n\u00eb fshatin Brodisht\u00eb t\u00eb Dropullit. B\u00ebnet me dije se policia ka identifikuar dhe arrestuar autorin e krimit. Burime nga policia b\u00ebjn\u00eb me dije se pas ekzaminimit t\u00eb provave biologjike nga policia shkencore \u00ebsht\u00eb identifikuar dhe arrestuar autori i vrasjes s\u00eb\u2026","rel":"","context":"In &quot;Blogu i Udh\u00ebtarit&quot;","block_context":{"text":"Blogu i Udh\u00ebtarit","link":"https:\/\/www.shqiperia.com\/blog\/category\/blogu-i-udhetarit\/"},"img":{"alt_text":"","src":"https:\/\/i0.wp.com\/www.shqiperia.com\/blog\/wp-content\/uploads\/2024\/05\/800-480-6637736c4dbf4.jpg?fit=800%2C480&ssl=1&resize=350%2C200","width":350,"height":200,"srcset":"https:\/\/i0.wp.com\/www.shqiperia.com\/blog\/wp-content\/uploads\/2024\/05\/800-480-6637736c4dbf4.jpg?fit=800%2C480&ssl=1&resize=350%2C200 1x, https:\/\/i0.wp.com\/www.shqiperia.com\/blog\/wp-content\/uploads\/2024\/05\/800-480-6637736c4dbf4.jpg?fit=800%2C480&ssl=1&resize=525%2C300 1.5x, https:\/\/i0.wp.com\/www.shqiperia.com\/blog\/wp-content\/uploads\/2024\/05\/800-480-6637736c4dbf4.jpg?fit=800%2C480&ssl=1&resize=700%2C400 2x"},"classes":[]}],"_links":{"self":[{"href":"https:\/\/www.shqiperia.com\/blog\/wp-json\/wp\/v2\/posts\/28528","targetHints":{"allow":["GET"]}}],"collection":[{"href":"https:\/\/www.shqiperia.com\/blog\/wp-json\/wp\/v2\/posts"}],"about":[{"href":"https:\/\/www.shqiperia.com\/blog\/wp-json\/wp\/v2\/types\/post"}],"author":[{"embeddable":true,"href":"https:\/\/www.shqiperia.com\/blog\/wp-json\/wp\/v2\/users\/9"}],"replies":[{"embeddable":true,"href":"https:\/\/www.shqiperia.com\/blog\/wp-json\/wp\/v2\/comments?post=28528"}],"version-history":[{"count":1,"href":"https:\/\/www.shqiperia.com\/blog\/wp-json\/wp\/v2\/posts\/28528\/revisions"}],"predecessor-version":[{"id":28530,"href":"https:\/\/www.shqiperia.com\/blog\/wp-json\/wp\/v2\/posts\/28528\/revisions\/28530"}],"wp:featuredmedia":[{"embeddable":true,"href":"https:\/\/www.shqiperia.com\/blog\/wp-json\/wp\/v2\/media\/28529"}],"wp:attachment":[{"href":"https:\/\/www.shqiperia.com\/blog\/wp-json\/wp\/v2\/media?parent=28528"}],"wp:term":[{"taxonomy":"category","embeddable":true,"href":"https:\/\/www.shqiperia.com\/blog\/wp-json\/wp\/v2\/categories?post=28528"},{"taxonomy":"post_tag","embeddable":true,"href":"https:\/\/www.shqiperia.com\/blog\/wp-json\/wp\/v2\/tags?post=28528"}],"curies":[{"name":"wp","href":"https:\/\/api.w.org\/{rel}","templated":true}]}}