{"id":28524,"date":"2019-11-23T17:38:04","date_gmt":"2019-11-23T17:38:04","guid":{"rendered":"https:\/\/www.shqiperia.com\/blog\/?p=28524"},"modified":"2019-11-23T17:38:21","modified_gmt":"2019-11-23T17:38:21","slug":"prova-si-u-manipulua-ne-tirane-reforma-ne-drejtesi","status":"publish","type":"post","link":"https:\/\/www.shqiperia.com\/blog\/prova-si-u-manipulua-ne-tirane-reforma-ne-drejtesi\/","title":{"rendered":"Prova\/ Si u manipulua n\u00eb Tiran\u00eb reforma n\u00eb drejt\u00ebsi"},"content":{"rendered":"<p><img data-recalc-dims=\"1\" loading=\"lazy\" decoding=\"async\" data-attachment-id=\"28525\" data-permalink=\"https:\/\/www.shqiperia.com\/blog\/prova-si-u-manipulua-ne-tirane-reforma-ne-drejtesi\/karikatura-4\/\" data-orig-file=\"https:\/\/i0.wp.com\/www.shqiperia.com\/blog\/wp-content\/uploads\/2019\/11\/karikatura.jpg?fit=938%2C566&amp;ssl=1\" data-orig-size=\"938,566\" data-comments-opened=\"1\" data-image-meta=\"{&quot;aperture&quot;:&quot;0&quot;,&quot;credit&quot;:&quot;&quot;,&quot;camera&quot;:&quot;&quot;,&quot;caption&quot;:&quot;&quot;,&quot;created_timestamp&quot;:&quot;0&quot;,&quot;copyright&quot;:&quot;&quot;,&quot;focal_length&quot;:&quot;0&quot;,&quot;iso&quot;:&quot;0&quot;,&quot;shutter_speed&quot;:&quot;0&quot;,&quot;title&quot;:&quot;&quot;,&quot;orientation&quot;:&quot;0&quot;}\" data-image-title=\"karikatura\" data-image-description=\"\" data-image-caption=\"\" data-medium-file=\"https:\/\/i0.wp.com\/www.shqiperia.com\/blog\/wp-content\/uploads\/2019\/11\/karikatura.jpg?fit=300%2C181&amp;ssl=1\" data-large-file=\"https:\/\/i0.wp.com\/www.shqiperia.com\/blog\/wp-content\/uploads\/2019\/11\/karikatura.jpg?fit=938%2C566&amp;ssl=1\" class=\"alignnone wp-image-28525\" alt=\"\" src=\"https:\/\/i0.wp.com\/www.shqiperia.com\/blog\/wp-content\/uploads\/2019\/11\/karikatura.jpg?resize=613%2C370&#038;ssl=1\" width=\"613\" height=\"370\" srcset=\"https:\/\/i0.wp.com\/www.shqiperia.com\/blog\/wp-content\/uploads\/2019\/11\/karikatura.jpg?resize=300%2C181&amp;ssl=1 300w, https:\/\/i0.wp.com\/www.shqiperia.com\/blog\/wp-content\/uploads\/2019\/11\/karikatura.jpg?resize=768%2C463&amp;ssl=1 768w, https:\/\/i0.wp.com\/www.shqiperia.com\/blog\/wp-content\/uploads\/2019\/11\/karikatura.jpg?resize=450%2C272&amp;ssl=1 450w, https:\/\/i0.wp.com\/www.shqiperia.com\/blog\/wp-content\/uploads\/2019\/11\/karikatura.jpg?resize=600%2C362&amp;ssl=1 600w, https:\/\/i0.wp.com\/www.shqiperia.com\/blog\/wp-content\/uploads\/2019\/11\/karikatura.jpg?resize=400%2C241&amp;ssl=1 400w, https:\/\/i0.wp.com\/www.shqiperia.com\/blog\/wp-content\/uploads\/2019\/11\/karikatura.jpg?w=938&amp;ssl=1 938w\" sizes=\"auto, (max-width: 613px) 100vw, 613px\" \/><\/p>\n<p><strong>Prova\/ Si u manipulua n\u00eb Tiran\u00eb reforma n\u00eb drejt\u00ebsi<\/strong><\/p>\n<p>23 nentor 2013.<\/p>\n<p>Prej dit\u00ebsh vendi \u00ebsht\u00eb futur n\u00eb nj\u00eb kriz\u00eb t\u00eb madhe politike si pasoj\u00eb e nj\u00eb ng\u00ebr\u00e7i t\u00eb madh q\u00eb po krijon mosfunksionimi i reform\u00ebs n\u00eb drejt\u00ebsi. Gjykata Kushtetuese dhe ajo e lart\u00eb jan\u00eb prej dy vjet\u00ebsh jo funksionale, rastet e fundit t\u00eb listave t\u00eb hartuara nga KED, treguan se ky institucion nuk \u00e7oi dot m\u00eb shum\u00eb se 5 emra kandidat\u00ebsh (nga minimum 12 q\u00eb duhej t\u00eb d\u00ebrkonte) p\u00ebr 5 vende n\u00eb kushtuuese. Por nd\u00ebrkoh\u00eb q\u00eb ministrja e jashtme n\u00eb largim e BE, Frederika Mogherini, e konsideronte reform\u00ebn n\u00eb drejt\u00ebsi \u201cnj\u00eb histori suksesi\u201d, nd\u00ebrkoh\u00eb q\u00eb ajo na shitej si nj\u00eb mrekulli q\u00eb do e aplikonin edhe vendet e tjera t\u00eb lindjes, ajo po rezulton nga t\u00eb gjitha an\u00ebt nj\u00eb d\u00ebshtim.<\/p>\n<p>Dhe k\u00ebt\u00eb nuk e themi ne. S\u00eb fundi edhe kryeministri maqedonas, Zaev tha se BE nuk e kish lejuar t\u00eb aplikonte modelin shqiptar se ai krijon problem, pasi nuk krijon kapacitete p\u00ebr z\u00ebvend\u00ebsimin e plot\u00eb t\u00eb atyre q\u00eb largohen nga sistemi (lexo k\u00ebtu posht\u00eb).<\/p>\n<p>Por ajo q\u00eb t\u00eb gjith\u00eb e shohin sot, nuk ka qen\u00eb nj\u00eb gj\u00eb q\u00eb nuk dihej. Nd\u00ebrkoh\u00eb q\u00eb k\u00ebtu i binin daulleve t\u00eb nj\u00eb reforme historike, shum\u00ebkush e ka parashikuar q\u00eb do t\u00eb mb\u00ebrrinim deri k\u00ebtu: parndaj pyetja q\u00eb shtrohet tani \u00ebsht\u00eb, ka qen\u00eb nj\u00eb procesi i konceptaur gabim, apo ka qen\u00eb nj\u00eb gabim i q\u00ebllimsh\u00ebm p\u00ebr t\u00eb p\u00ebrfunduar n\u00eb kapjen e drejt\u00ebsis\u00eb nga pushteti?<br \/>\nLidhur me k\u00ebt\u00eb debat nj\u00eb fakt interesant ka sjell\u00eb ish ministri i Drejt\u00ebsis\u00eb, Eduart Halimi q\u00eb sot \u00ebsht\u00eb larguar me d\u00ebshir\u00eb nga politika.<\/p>\n<p>Ai ka kujtuar se nd\u00ebrsa reforma diskutohej me komisionin e Venecias ekspert\u00ebt e tij arrit\u00ebn n\u00eb\u00a0p\u00ebrfundimin\u00a0se: \u201cKrijimi i kaq organeve t\u00eb reja do t\u00eb k\u00ebrkoj\u00eb rekrutim masiv t\u00eb profesionist\u00ebve ligjor\u00eb, nd\u00ebrkoh\u00eb q\u00eb numri i kandidat\u00ebve q\u00eb zot\u00ebrojn\u00eb arsimin, trajnimin, p\u00ebrvoj\u00ebn dhe pavar\u00ebsin\u00eb e nevojshme mund t\u00eb jet\u00eb disi i kufizuar n\u00eb nj\u00eb vend kaq t\u00eb vog\u00ebl sa Shqip\u00ebria.\u201d<\/p>\n<p>Ky qe pra p\u00ebrfundimi i tyre i 4 dhjetorit 2015. Por, specialist\u00ebt (jo socialist\u00ebt si\u00e7 i quante i ndjeri Pjet\u00ebr Arbnori) vendas i siguruan ata se ky rrezik nuk ekzistonte dhe se Shqip\u00ebria i kishte kapacitetet p\u00ebr t\u00eb z\u00ebvend\u00ebsuar ata q\u00eb do largoheshin. Dhe reporter\u00ebt e venecias e kan\u00eb l\u00ebn\u00eb t\u00eb shkruar e zeza mbi t\u00eb bardh\u00eb k\u00ebt\u00eb mashtrim t\u00eb ekspert\u00ebve lokal\u00eb. Halimi e ka risj\u00ebll\u00eb edhe at\u00eb q\u00eb ata shkruan n\u00eb mqrs 2016 n\u00eb konkluzionet p\u00ebrfundimtare: \u201cGjat\u00eb vizit\u00ebs n\u00eb Tiran\u00eb relator\u00ebt u siguruan q\u00eb n\u00eb Shqip\u00ebri ka nj\u00eb num\u00ebr t\u00eb mjaftuesh\u00ebm personash t\u00eb kualifikuar p\u00ebr t\u00eb plot\u00ebsuar k\u00ebto vende me q\u00ebllim q\u00eb sistemi i ri t\u00eb mund t\u00eb funksionoj\u00eb\u201d.<\/p>\n<p><img data-recalc-dims=\"1\" loading=\"lazy\" decoding=\"async\" data-attachment-id=\"28526\" data-permalink=\"https:\/\/www.shqiperia.com\/blog\/prova-si-u-manipulua-ne-tirane-reforma-ne-drejtesi\/puthja-lu-vlahutin-1\/\" data-orig-file=\"https:\/\/i0.wp.com\/www.shqiperia.com\/blog\/wp-content\/uploads\/2019\/11\/puthja-lu-vlahutin-1.jpg?fit=675%2C349&amp;ssl=1\" data-orig-size=\"675,349\" data-comments-opened=\"1\" data-image-meta=\"{&quot;aperture&quot;:&quot;0&quot;,&quot;credit&quot;:&quot;&quot;,&quot;camera&quot;:&quot;&quot;,&quot;caption&quot;:&quot;&quot;,&quot;created_timestamp&quot;:&quot;0&quot;,&quot;copyright&quot;:&quot;&quot;,&quot;focal_length&quot;:&quot;0&quot;,&quot;iso&quot;:&quot;0&quot;,&quot;shutter_speed&quot;:&quot;0&quot;,&quot;title&quot;:&quot;&quot;,&quot;orientation&quot;:&quot;0&quot;}\" data-image-title=\"puthja-lu-vlahutin (1)\" data-image-description=\"\" data-image-caption=\"\" data-medium-file=\"https:\/\/i0.wp.com\/www.shqiperia.com\/blog\/wp-content\/uploads\/2019\/11\/puthja-lu-vlahutin-1.jpg?fit=300%2C155&amp;ssl=1\" data-large-file=\"https:\/\/i0.wp.com\/www.shqiperia.com\/blog\/wp-content\/uploads\/2019\/11\/puthja-lu-vlahutin-1.jpg?fit=675%2C349&amp;ssl=1\" class=\"alignnone wp-image-28526\" alt=\"\" src=\"https:\/\/i0.wp.com\/www.shqiperia.com\/blog\/wp-content\/uploads\/2019\/11\/puthja-lu-vlahutin-1.jpg?resize=726%2C375&#038;ssl=1\" width=\"726\" height=\"375\" srcset=\"https:\/\/i0.wp.com\/www.shqiperia.com\/blog\/wp-content\/uploads\/2019\/11\/puthja-lu-vlahutin-1.jpg?resize=300%2C155&amp;ssl=1 300w, https:\/\/i0.wp.com\/www.shqiperia.com\/blog\/wp-content\/uploads\/2019\/11\/puthja-lu-vlahutin-1.jpg?resize=450%2C233&amp;ssl=1 450w, https:\/\/i0.wp.com\/www.shqiperia.com\/blog\/wp-content\/uploads\/2019\/11\/puthja-lu-vlahutin-1.jpg?resize=600%2C310&amp;ssl=1 600w, https:\/\/i0.wp.com\/www.shqiperia.com\/blog\/wp-content\/uploads\/2019\/11\/puthja-lu-vlahutin-1.jpg?resize=400%2C207&amp;ssl=1 400w, https:\/\/i0.wp.com\/www.shqiperia.com\/blog\/wp-content\/uploads\/2019\/11\/puthja-lu-vlahutin-1.jpg?w=675&amp;ssl=1 675w\" sizes=\"auto, (max-width: 726px) 100vw, 726px\" \/><\/p>\n<p>Pra prova \u00ebsht\u00eb e qart\u00eb, dikush e \u201cg\u00ebnjeu\u201d edhe Venecian se ajo q\u00eb po ndodh sot, ajo p\u00ebr t\u00eb cil\u00ebn BE nuk po e lejon\u00a0Maqedonin\u00eb t\u00eb eksperimentoj\u00eb modelin shqiptar, nuk kishte rrezik t\u00eb shkat\u00ebrronte sistemin.<\/p>\n<p>Pse u b\u00eb kjo, thjesht\u00eb nga padija si mund t\u00eb imagjinojn\u00eb m\u00eb racional\u00ebt, apo me q\u00ebllim q\u00eb Rama t\u00eb mbetej pa asnj\u00eb\u00a0kund\u00ebrpushtet, pa Gjykat\u00eb Kushtetuese dhe t\u00eb lart\u00eb, si\u00e7 pretendojn\u00eb at\u00eb q\u00eb shohin pas k\u00ebsaj nj\u00eb konspiracion?<br \/>\nNdoshta edhe p\u00ebrgjigja p\u00ebr k\u00ebt\u00eb dilem\u00eb duhet k\u00ebrkuar n\u00eb profecit\u00eb p\u00ebr t\u00eb cilat na t\u00ebrhoqi v\u00ebmendjen q\u00eb n\u00eb fillim Venecia. Raporti i saj i 2015 thoshte: \u201cKomisioni i Venecias evidenton se zgjidhje t\u00eb till\u00eb radikale (si procesi i rivler\u00ebsimit) jan\u00eb t\u00eb paarsyeshme n\u00eb kushte normale \u2026pasi krijon rrezikun e kapjes s\u00eb gjyq\u00ebsorit nga ana e forc\u00ebs politike q\u00eb kontrollon procesin\u201d.<\/p>\n<p>Pra, q\u00eb n\u00eb 2015, ata q\u00eb vazhduan eksperimentin ishin t\u00eb paralajm\u00ebruar se ku do t\u00eb p\u00ebrfundonin duke ndjekur gjuetin\u00eb spastruese t\u00eb shtrigave, pa pasur njer\u00ebz t\u00eb aft\u00eb t\u00eb pavarur dhe t\u00eb zot\u00eb, p\u00ebr ti z\u00ebvend\u00ebsuar ata q\u00eb largoheshin nga sistemi. Pasi u kthehesh paralajm\u00ebrimeve t\u00eb kat\u00ebr viteve m\u00eb par\u00eb, e ke m\u00eb t\u00eb leht\u00eb p\u00ebr t\u00eb kuptuar pse mb\u00ebrrit\u00ebm deri k\u00ebtu.<\/p>\n<p><strong>\u00a9Lapsi.al<\/strong><\/p>\n","protected":false},"excerpt":{"rendered":"<p>Prova\/ Si u manipulua n\u00eb Tiran\u00eb reforma n\u00eb drejt\u00ebsi 23 nentor 2013. Prej dit\u00ebsh vendi \u00ebsht\u00eb futur n\u00eb nj\u00eb kriz\u00eb t\u00eb madhe politike si pasoj\u00eb e nj\u00eb ng\u00ebr\u00e7i t\u00eb madh q\u00eb po krijon mosfunksionimi i reform\u00ebs n\u00eb drejt\u00ebsi. Gjykata Kushtetuese dhe ajo e lart\u00eb jan\u00eb prej dy vjet\u00ebsh jo funksionale, rastet e fundit t\u00eb listave [&hellip;]<\/p>\n","protected":false},"author":9,"featured_media":28525,"comment_status":"open","ping_status":"open","sticky":false,"template":"","format":"standard","meta":{"jetpack_post_was_ever_published":false,"_jetpack_newsletter_access":"","_jetpack_dont_email_post_to_subs":false,"_jetpack_newsletter_tier_id":0,"_jetpack_memberships_contains_paywalled_content":false,"_jetpack_memberships_contains_paid_content":false,"footnotes":"","jetpack_publicize_message":"","jetpack_publicize_feature_enabled":true,"jetpack_social_post_already_shared":true,"jetpack_social_options":{"image_generator_settings":{"template":"highway","default_image_id":0,"font":"","enabled":false},"version":2}},"categories":[27,2,35],"tags":[],"class_list":["post-28524","post","type-post","status-publish","format-standard","has-post-thumbnail","hentry","category-blogu-i-udhetarit","category-politika","category-shoqerore"],"jetpack_publicize_connections":[],"jetpack_featured_media_url":"https:\/\/i0.wp.com\/www.shqiperia.com\/blog\/wp-content\/uploads\/2019\/11\/karikatura.jpg?fit=938%2C566&ssl=1","jetpack_sharing_enabled":true,"jetpack_shortlink":"https:\/\/wp.me\/p5Z6wp-7q4","jetpack-related-posts":[{"id":10281,"url":"https:\/\/www.shqiperia.com\/blog\/ja-si-u-zbuluan-tre-sokolat-e-edi-rames\/","url_meta":{"origin":28524,"position":0},"title":"Ja si u zbuluan tre Sokolat e Edi Ram\u00ebs. &#8211;","author":"Kurt Farka","date":"July 26, 2018","format":false,"excerpt":"Ja si u zbuluan tre Sokolat e Edi Ram\u00ebs. - \"Asnj\u00ebri prej tre \u201cSokolave\u201d , ende nuk kan\u00eb kaluar n\u00eb\u00a0Vetting, nd\u00ebrkoh\u00eb q\u00eb jan\u00eb rehatuar nga Rama.\" Nga Elvi Fundo Reforma n\u00eb drejt\u00ebsi, ka qen\u00eb dhe mbetet peng i politik\u00ebs. CNA.al, ka paralajm\u00ebruar m\u00eb shum\u00eb se dy vite m\u00eb par\u00eb me\u2026","rel":"","context":"In &quot;Blogu i Udh\u00ebtarit&quot;","block_context":{"text":"Blogu i Udh\u00ebtarit","link":"https:\/\/www.shqiperia.com\/blog\/category\/blogu-i-udhetarit\/"},"img":{"alt_text":"","src":"https:\/\/i0.wp.com\/www.shqiperia.com\/blog\/wp-content\/uploads\/2018\/07\/rama-kruan-koken-compressor-1.jpg?fit=636%2C427&ssl=1&resize=350%2C200","width":350,"height":200,"srcset":"https:\/\/i0.wp.com\/www.shqiperia.com\/blog\/wp-content\/uploads\/2018\/07\/rama-kruan-koken-compressor-1.jpg?fit=636%2C427&ssl=1&resize=350%2C200 1x, https:\/\/i0.wp.com\/www.shqiperia.com\/blog\/wp-content\/uploads\/2018\/07\/rama-kruan-koken-compressor-1.jpg?fit=636%2C427&ssl=1&resize=525%2C300 1.5x"},"classes":[]},{"id":78363,"url":"https:\/\/www.shqiperia.com\/blog\/pas-largimit-nga-shqiperia-blinken-zberthen-takimin-me-dumanin-dhe-kreret-e-drejtesise-lufte-korrupsionit-koha-te-veproni-me-guxim\/","url_meta":{"origin":28524,"position":1},"title":"Pas largimit nga Shqip\u00ebria, Blinken \u2018zb\u00ebrthen\u2019 takimin me Dumanin dhe krer\u00ebt e drejt\u00ebsis\u00eb: &#8211; Luft\u00eb korrupsionit, koha t\u00eb veproni me guxim","author":"Kurt Farka","date":"February 17, 2024","format":false,"excerpt":"17 Shkurt 2024 N\u00eb vizit\u00ebn e tij t\u00eb par\u00eb n\u00eb Tiran\u00eb, sekretari amerikan i Shtetit, Antony Blinken nuk ngurroi t\u00eb shpreh\u00eb mb\u00ebshtetjen e SHBA-s\u00eb p\u00ebr reform\u00ebn n\u00eb drejt\u00ebsi. P\u00ebr k\u00ebt\u00eb arsye, sekretari i Shtetit zhvilloi nj\u00eb takim t\u00eb ve\u00e7ant\u00eb me krer\u00ebt e institucioneve t\u00eb drejt\u00ebsis\u00eb n\u00eb vend, p\u00ebr t'i inkurajuar\u2026","rel":"","context":"In &quot;Njoftime Shtypi&quot;","block_context":{"text":"Njoftime Shtypi","link":"https:\/\/www.shqiperia.com\/blog\/category\/njoftime-shtypi\/"},"img":{"alt_text":"","src":"https:\/\/i0.wp.com\/www.shqiperia.com\/blog\/wp-content\/uploads\/2024\/02\/1708074028_c.jpg?fit=1200%2C800&ssl=1&resize=350%2C200","width":350,"height":200,"srcset":"https:\/\/i0.wp.com\/www.shqiperia.com\/blog\/wp-content\/uploads\/2024\/02\/1708074028_c.jpg?fit=1200%2C800&ssl=1&resize=350%2C200 1x, https:\/\/i0.wp.com\/www.shqiperia.com\/blog\/wp-content\/uploads\/2024\/02\/1708074028_c.jpg?fit=1200%2C800&ssl=1&resize=525%2C300 1.5x, https:\/\/i0.wp.com\/www.shqiperia.com\/blog\/wp-content\/uploads\/2024\/02\/1708074028_c.jpg?fit=1200%2C800&ssl=1&resize=700%2C400 2x, https:\/\/i0.wp.com\/www.shqiperia.com\/blog\/wp-content\/uploads\/2024\/02\/1708074028_c.jpg?fit=1200%2C800&ssl=1&resize=1050%2C600 3x"},"classes":[]},{"id":59805,"url":"https:\/\/www.shqiperia.com\/blog\/shkrimi-i-lubonjes-per-gjyqin-e-salianjit-moment-ogurzi-per-reformen-ne-drejtesi\/","url_meta":{"origin":28524,"position":2},"title":"Shkrimi i Lubonj\u00ebs p\u00ebr gjyqin e Salianjit: Moment ogurzi p\u00ebr Reform\u00ebn n\u00eb Drejt\u00ebsi!","author":"Kurt Farka","date":"July 4, 2022","format":false,"excerpt":"4 Korrik 2022 Analisti Fatos Lubonja n\u00eb nj\u00eb shkrim p\u00ebr gazet\u00ebn \u201cPanorama\u201d, nd\u00ebrsa analizonte vendimin e dh\u00ebn\u00eb nga Gjykata e Shkall\u00ebs s\u00eb Par\u00eb p\u00ebr Ervin Salianjin, n\u00eb 2019 dhe d\u00ebnimin me 1 vit burg p\u00ebr kall\u00ebzim t\u00eb rrem\u00eb, shkruante nd\u00ebr t\u00eb tjera se ky \u00ebsht\u00eb nj\u00eb moment ogurzi p\u00ebr Reform\u00ebn\u2026","rel":"","context":"In &quot;Blogu i Udh\u00ebtarit&quot;","block_context":{"text":"Blogu i Udh\u00ebtarit","link":"https:\/\/www.shqiperia.com\/blog\/category\/blogu-i-udhetarit\/"},"img":{"alt_text":"","src":"https:\/\/i0.wp.com\/www.shqiperia.com\/blog\/wp-content\/uploads\/2022\/07\/Moment-ogurzi-per-Reformen-ne-Drejtesi.jpg?fit=600%2C331&ssl=1&resize=350%2C200","width":350,"height":200,"srcset":"https:\/\/i0.wp.com\/www.shqiperia.com\/blog\/wp-content\/uploads\/2022\/07\/Moment-ogurzi-per-Reformen-ne-Drejtesi.jpg?fit=600%2C331&ssl=1&resize=350%2C200 1x, https:\/\/i0.wp.com\/www.shqiperia.com\/blog\/wp-content\/uploads\/2022\/07\/Moment-ogurzi-per-Reformen-ne-Drejtesi.jpg?fit=600%2C331&ssl=1&resize=525%2C300 1.5x"},"classes":[]},{"id":31339,"url":"https:\/\/www.shqiperia.com\/blog\/koha-per-te-vepruar-eshte-tani-vasili-kerkese-te-papritur-be-se-dhe-shba-se\/","url_meta":{"origin":28524,"position":3},"title":"\u201cKoha p\u00ebr t\u00eb vepruar \u00ebsht\u00eb tani\u201d, Vasili k\u00ebrkes\u00eb t\u00eb papritur BE-s\u00eb dhe SHBA-s\u00eb","author":"Kurt Farka","date":"February 9, 2020","format":false,"excerpt":"\u201cKoha p\u00ebr t\u00eb vepruar \u00ebsht\u00eb tani\u201d, Vasili k\u00ebrkes\u00eb t\u00eb papritur BE-s\u00eb dhe SHBA-s\u00eb 9 SHKURT 2020 N\u00ebnkryetari i LSI-s\u00eb Petrit Vasili ka akuzuar kryeministrin Edi Rama se po i zhb\u00ebn, cop\u00ebton dhe ndryshon ligjet dhe bashk\u00eb me to po asgj\u00ebson paket\u00ebn e shtat\u00eb ligjeve te Reform\u00ebs n\u00eb Drejt\u00ebsi t\u00eb cilat\u2026","rel":"","context":"In &quot;Politika&quot;","block_context":{"text":"Politika","link":"https:\/\/www.shqiperia.com\/blog\/category\/politika\/"},"img":{"alt_text":"","src":"https:\/\/i0.wp.com\/www.shqiperia.com\/blog\/wp-content\/uploads\/2020\/02\/Petrit-Vasili.jpg?fit=800%2C480&ssl=1&resize=350%2C200","width":350,"height":200,"srcset":"https:\/\/i0.wp.com\/www.shqiperia.com\/blog\/wp-content\/uploads\/2020\/02\/Petrit-Vasili.jpg?fit=800%2C480&ssl=1&resize=350%2C200 1x, https:\/\/i0.wp.com\/www.shqiperia.com\/blog\/wp-content\/uploads\/2020\/02\/Petrit-Vasili.jpg?fit=800%2C480&ssl=1&resize=525%2C300 1.5x, https:\/\/i0.wp.com\/www.shqiperia.com\/blog\/wp-content\/uploads\/2020\/02\/Petrit-Vasili.jpg?fit=800%2C480&ssl=1&resize=700%2C400 2x"},"classes":[]},{"id":87465,"url":"https:\/\/www.shqiperia.com\/blog\/goditja-e-shba-se-ndaj-serbise-dhe-heshtja-e-edi-rames\/","url_meta":{"origin":28524,"position":4},"title":"Goditja e SHBA-s\u00eb ndaj Serbis\u00eb dhe heshtja e Edi Ram\u00ebs!","author":"Kurt Farka","date":"December 16, 2024","format":false,"excerpt":"16 Dhjetor 2024 Nga Spartak Ngjela Njoftohet se Shtetet e Bashkuara t\u00eb Amerik\u00ebs do t'i v\u00ebn\u00eb sanksione te rrepta Serbis\u00eb si nj\u00eb bashk\u00ebpun\u00ebtore e vendosur dhe e fort\u00eb e Rusis\u00eb, q\u00eb ajo \u00ebsht\u00eb. Dhe do ta \u00e7ojn\u00eb deri n\u00eb fund reform\u00ebn n\u00eb drejt\u00ebsi n\u00eb Shqip\u00ebri, si nj\u00eb reform\u00eb q\u00eb do\u2026","rel":"","context":"In &quot;Blogu i Udh\u00ebtarit&quot;","block_context":{"text":"Blogu i Udh\u00ebtarit","link":"https:\/\/www.shqiperia.com\/blog\/category\/blogu-i-udhetarit\/"},"img":{"alt_text":"","src":"https:\/\/i0.wp.com\/www.shqiperia.com\/blog\/wp-content\/uploads\/2024\/12\/640-0-7bbd94f15c614dcdb6dc3315843fbb0d.jpg?fit=640%2C394&ssl=1&resize=350%2C200","width":350,"height":200,"srcset":"https:\/\/i0.wp.com\/www.shqiperia.com\/blog\/wp-content\/uploads\/2024\/12\/640-0-7bbd94f15c614dcdb6dc3315843fbb0d.jpg?fit=640%2C394&ssl=1&resize=350%2C200 1x, https:\/\/i0.wp.com\/www.shqiperia.com\/blog\/wp-content\/uploads\/2024\/12\/640-0-7bbd94f15c614dcdb6dc3315843fbb0d.jpg?fit=640%2C394&ssl=1&resize=525%2C300 1.5x"},"classes":[]},{"id":81407,"url":"https:\/\/www.shqiperia.com\/blog\/skema-qe-po-ndjek-edi-rama-per-te-mberthyer-spak-konstuticionaliste-dhe-analistet-ngrene-alarmin-perplasje-te-forta-brenda-rithemelimit\/","url_meta":{"origin":28524,"position":5},"title":"Skema q\u00eb po ndjek Edi Rama p\u00ebr t\u00eb \u201cmb\u00ebrthyer\u201d SPAK. &#8211; Konstuticionalist\u00eb dhe analist\u00ebt ngren\u00eb alarmin, p\u00ebrplasje t\u00eb forta brenda \u201cRithemelimit\u201d","author":"Kurt Farka","date":"May 29, 2024","format":false,"excerpt":"29 Maji 2024 Kryeministri Edi Rama duket i vendosur p\u00ebr t\u00eb \u201cmb\u00ebrthyer\u201d SPAK p\u00ebrmes rezolut\u00ebs anti-korrupsion t\u00eb propozuar nga vet\u00eb ai dhe q\u00eb u votua me 76 vota pro t\u00eb Partis\u00eb Socialiste n\u00eb Kuvendin e Shqip\u00ebris\u00eb mbr\u00ebmjen e 27 majit. Edhe pse socialist\u00ebt k\u00ebmb\u00ebngulin se rezoluta ka si q\u00ebllim \u00a0thellimin\u2026","rel":"","context":"In &quot;Blogu i Udh\u00ebtarit&quot;","block_context":{"text":"Blogu i Udh\u00ebtarit","link":"https:\/\/www.shqiperia.com\/blog\/category\/blogu-i-udhetarit\/"},"img":{"alt_text":"","src":"https:\/\/i0.wp.com\/www.shqiperia.com\/blog\/wp-content\/uploads\/2024\/05\/ahmetaj-rama-1-1.jpg?fit=763%2C433&ssl=1&resize=350%2C200","width":350,"height":200,"srcset":"https:\/\/i0.wp.com\/www.shqiperia.com\/blog\/wp-content\/uploads\/2024\/05\/ahmetaj-rama-1-1.jpg?fit=763%2C433&ssl=1&resize=350%2C200 1x, https:\/\/i0.wp.com\/www.shqiperia.com\/blog\/wp-content\/uploads\/2024\/05\/ahmetaj-rama-1-1.jpg?fit=763%2C433&ssl=1&resize=525%2C300 1.5x, https:\/\/i0.wp.com\/www.shqiperia.com\/blog\/wp-content\/uploads\/2024\/05\/ahmetaj-rama-1-1.jpg?fit=763%2C433&ssl=1&resize=700%2C400 2x"},"classes":[]}],"_links":{"self":[{"href":"https:\/\/www.shqiperia.com\/blog\/wp-json\/wp\/v2\/posts\/28524","targetHints":{"allow":["GET"]}}],"collection":[{"href":"https:\/\/www.shqiperia.com\/blog\/wp-json\/wp\/v2\/posts"}],"about":[{"href":"https:\/\/www.shqiperia.com\/blog\/wp-json\/wp\/v2\/types\/post"}],"author":[{"embeddable":true,"href":"https:\/\/www.shqiperia.com\/blog\/wp-json\/wp\/v2\/users\/9"}],"replies":[{"embeddable":true,"href":"https:\/\/www.shqiperia.com\/blog\/wp-json\/wp\/v2\/comments?post=28524"}],"version-history":[{"count":1,"href":"https:\/\/www.shqiperia.com\/blog\/wp-json\/wp\/v2\/posts\/28524\/revisions"}],"predecessor-version":[{"id":28527,"href":"https:\/\/www.shqiperia.com\/blog\/wp-json\/wp\/v2\/posts\/28524\/revisions\/28527"}],"wp:featuredmedia":[{"embeddable":true,"href":"https:\/\/www.shqiperia.com\/blog\/wp-json\/wp\/v2\/media\/28525"}],"wp:attachment":[{"href":"https:\/\/www.shqiperia.com\/blog\/wp-json\/wp\/v2\/media?parent=28524"}],"wp:term":[{"taxonomy":"category","embeddable":true,"href":"https:\/\/www.shqiperia.com\/blog\/wp-json\/wp\/v2\/categories?post=28524"},{"taxonomy":"post_tag","embeddable":true,"href":"https:\/\/www.shqiperia.com\/blog\/wp-json\/wp\/v2\/tags?post=28524"}],"curies":[{"name":"wp","href":"https:\/\/api.w.org\/{rel}","templated":true}]}}