{"id":28518,"date":"2019-11-23T16:22:07","date_gmt":"2019-11-23T16:22:07","guid":{"rendered":"https:\/\/www.shqiperia.com\/blog\/?p=28518"},"modified":"2019-11-23T16:24:17","modified_gmt":"2019-11-23T16:24:17","slug":"kisha-shen-jovan-bigori-ose-shenjt-jovan-bigori-diber-maqedoni-e-veriut","status":"publish","type":"post","link":"https:\/\/www.shqiperia.com\/blog\/kisha-shen-jovan-bigori-ose-shenjt-jovan-bigori-diber-maqedoni-e-veriut\/","title":{"rendered":"Kisha Sh\u00ebn Jovan Bigori, ose Shenjt Jovan Bigori, Diber, Maqedoni e Veriut."},"content":{"rendered":"<p><img data-recalc-dims=\"1\" loading=\"lazy\" decoding=\"async\" data-attachment-id=\"28519\" data-permalink=\"https:\/\/www.shqiperia.com\/blog\/kisha-shen-jovan-bigori-ose-shenjt-jovan-bigori-diber-maqedoni-e-veriut\/1200px-%d0%b1%d0%b8%d0%b3%d0%be%d1%80%d1%81%d0%ba%d0%b8%d0%b9_%d0%bc%d0%be%d0%bd%d0%b0%d1%81%d1%82%d1%8b%d1%80%d1%8c\/\" data-orig-file=\"https:\/\/i0.wp.com\/www.shqiperia.com\/blog\/wp-content\/uploads\/2019\/11\/1200px-%D0%91%D0%B8%D0%B3%D0%BE%D1%80%D1%81%D0%BA%D0%B8%D0%B9_%D0%BC%D0%BE%D0%BD%D0%B0%D1%81%D1%82%D1%8B%D1%80%D1%8C.jpg?fit=1200%2C641&amp;ssl=1\" data-orig-size=\"1200,641\" data-comments-opened=\"1\" data-image-meta=\"{&quot;aperture&quot;:&quot;0&quot;,&quot;credit&quot;:&quot;&quot;,&quot;camera&quot;:&quot;&quot;,&quot;caption&quot;:&quot;&quot;,&quot;created_timestamp&quot;:&quot;0&quot;,&quot;copyright&quot;:&quot;&quot;,&quot;focal_length&quot;:&quot;0&quot;,&quot;iso&quot;:&quot;0&quot;,&quot;shutter_speed&quot;:&quot;0&quot;,&quot;title&quot;:&quot;&quot;,&quot;orientation&quot;:&quot;0&quot;}\" data-image-title=\"1200px-\u0411\u0438\u0433\u043e\u0440\u0441\u043a\u0438\u0439_\u043c\u043e\u043d\u0430\u0441\u0442\u044b\u0440\u044c\" data-image-description=\"\" data-image-caption=\"\" data-medium-file=\"https:\/\/i0.wp.com\/www.shqiperia.com\/blog\/wp-content\/uploads\/2019\/11\/1200px-%D0%91%D0%B8%D0%B3%D0%BE%D1%80%D1%81%D0%BA%D0%B8%D0%B9_%D0%BC%D0%BE%D0%BD%D0%B0%D1%81%D1%82%D1%8B%D1%80%D1%8C.jpg?fit=300%2C160&amp;ssl=1\" data-large-file=\"https:\/\/i0.wp.com\/www.shqiperia.com\/blog\/wp-content\/uploads\/2019\/11\/1200px-%D0%91%D0%B8%D0%B3%D0%BE%D1%80%D1%81%D0%BA%D0%B8%D0%B9_%D0%BC%D0%BE%D0%BD%D0%B0%D1%81%D1%82%D1%8B%D1%80%D1%8C.jpg?fit=1024%2C547&amp;ssl=1\" class=\"alignnone wp-image-28519\" alt=\"\" src=\"https:\/\/i0.wp.com\/www.shqiperia.com\/blog\/wp-content\/uploads\/2019\/11\/1200px-%D0%91%D0%B8%D0%B3%D0%BE%D1%80%D1%81%D0%BA%D0%B8%D0%B9_%D0%BC%D0%BE%D0%BD%D0%B0%D1%81%D1%82%D1%8B%D1%80%D1%8C.jpg?resize=551%2C294&#038;ssl=1\" width=\"551\" height=\"294\" srcset=\"https:\/\/i0.wp.com\/www.shqiperia.com\/blog\/wp-content\/uploads\/2019\/11\/1200px-%D0%91%D0%B8%D0%B3%D0%BE%D1%80%D1%81%D0%BA%D0%B8%D0%B9_%D0%BC%D0%BE%D0%BD%D0%B0%D1%81%D1%82%D1%8B%D1%80%D1%8C.jpg?resize=300%2C160&amp;ssl=1 300w, https:\/\/i0.wp.com\/www.shqiperia.com\/blog\/wp-content\/uploads\/2019\/11\/1200px-%D0%91%D0%B8%D0%B3%D0%BE%D1%80%D1%81%D0%BA%D0%B8%D0%B9_%D0%BC%D0%BE%D0%BD%D0%B0%D1%81%D1%82%D1%8B%D1%80%D1%8C.jpg?resize=768%2C410&amp;ssl=1 768w, https:\/\/i0.wp.com\/www.shqiperia.com\/blog\/wp-content\/uploads\/2019\/11\/1200px-%D0%91%D0%B8%D0%B3%D0%BE%D1%80%D1%81%D0%BA%D0%B8%D0%B9_%D0%BC%D0%BE%D0%BD%D0%B0%D1%81%D1%82%D1%8B%D1%80%D1%8C.jpg?resize=1024%2C547&amp;ssl=1 1024w, https:\/\/i0.wp.com\/www.shqiperia.com\/blog\/wp-content\/uploads\/2019\/11\/1200px-%D0%91%D0%B8%D0%B3%D0%BE%D1%80%D1%81%D0%BA%D0%B8%D0%B9_%D0%BC%D0%BE%D0%BD%D0%B0%D1%81%D1%82%D1%8B%D1%80%D1%8C.jpg?resize=450%2C240&amp;ssl=1 450w, https:\/\/i0.wp.com\/www.shqiperia.com\/blog\/wp-content\/uploads\/2019\/11\/1200px-%D0%91%D0%B8%D0%B3%D0%BE%D1%80%D1%81%D0%BA%D0%B8%D0%B9_%D0%BC%D0%BE%D0%BD%D0%B0%D1%81%D1%82%D1%8B%D1%80%D1%8C.jpg?resize=600%2C321&amp;ssl=1 600w, https:\/\/i0.wp.com\/www.shqiperia.com\/blog\/wp-content\/uploads\/2019\/11\/1200px-%D0%91%D0%B8%D0%B3%D0%BE%D1%80%D1%81%D0%BA%D0%B8%D0%B9_%D0%BC%D0%BE%D0%BD%D0%B0%D1%81%D1%82%D1%8B%D1%80%D1%8C.jpg?resize=400%2C214&amp;ssl=1 400w, https:\/\/i0.wp.com\/www.shqiperia.com\/blog\/wp-content\/uploads\/2019\/11\/1200px-%D0%91%D0%B8%D0%B3%D0%BE%D1%80%D1%81%D0%BA%D0%B8%D0%B9_%D0%BC%D0%BE%D0%BD%D0%B0%D1%81%D1%82%D1%8B%D1%80%D1%8C.jpg?w=1200&amp;ssl=1 1200w\" sizes=\"auto, (max-width: 551px) 100vw, 551px\" \/><\/p>\n<p>Kisha Sh\u00ebn Jovan Bigori, ose Shenjt Jovan Bigori, Diber, Maqedoni e Veriut.<\/p>\n<p>(Lajme Arkiv).<\/p>\n<p>Dokument qe ishte kishe shqiptare !N\u00eb arkivin shtet\u00ebror t\u00eb Maqedonis\u00eb jan\u00eb disa nga dokumentet m\u00eb t\u00eb reja q\u00eb tregojn\u00eb se Kisha Sh\u00ebn Jovan Bigori, ose Shenjt Jovan Bigori, si\u00e7 shkruhet n\u00eb k\u00ebto dokumente deri n\u00eb vitin 1945 ka qen\u00eb n\u00ebn kompetencat e kish\u00ebs autoqefale shqiptare. Let\u00ebrk\u00ebmbimi midis Kryetarit t\u00eb kish\u00ebs ortodokse shqiptare p\u00ebr Rek\u00ebn e Ep\u00ebrme, Peco Novaku me Kish\u00ebn Orthodokse Autoqefale t\u00eb Shqip\u00ebris\u00eb \u00ebsht\u00eb b\u00ebr\u00eb n\u00eb gjuh\u00ebn shqipe, nd\u00ebrsa festat komb\u00ebtare, si 28 n\u00ebntori\u00a0&#8211; Dita e shpalljes s\u00eb pavar\u00ebsis\u00eb \u00ebsht\u00eb festuar n\u00eb manastirin Sh\u00ebn Jovan Bigori. Historiani Sk\u00ebnder Hasani thot\u00eb se manastiret e shekullit X, XI dhe XII n\u00eb territorin e sot\u00ebm t\u00eb Maqedonis\u00eb argumentojn\u00eb prezenc\u00ebn edhe n\u00eb k\u00ebt\u00eb pjes\u00eb t\u00eb trungut arb\u00ebror dhe jo rast\u00ebsisht si objektet e tjera t\u00eb etno- kultur\u00ebs shqiptare t\u00eb antikitetit dhe mesjet\u00ebs ishin n\u00eb sh\u00ebnjest\u00ebr t\u00eb asgj\u00ebsimit nga mekanizmat shtet\u00ebrore. \u201cKjo b\u00ebhet me synim q\u00eb t\u00eb asgj\u00ebsohet kontinuiteti historik i shqiptar\u00ebve dhe pastaj t\u00eb dilet me teza pseudo shkencore si ato t\u00eb akademis\u00eb se gjoja shqiptar\u00ebt paskan ardhur pas shekullit t\u00eb XVII\u201d, thekson ai. Ai sqaron se frym\u00ebn shqiptare t\u00eb manastirit Sh\u00ebn Bigori e tregon edhe fakti q\u00eb shqiptar\u00ebt ishin t\u00eb par\u00ebt q\u00eb shkuan p\u00ebr t\u00eb shuar flak\u00ebt q\u00eb kapluan Sh\u00ebn Bigorin, pasi si\u00e7 thot\u00eb Hasani e ndienin zhdukjen e historis\u00eb komb\u00ebtare.<\/p>\n<div id=\"attachment_28520\" style=\"width: 749px\" class=\"wp-caption alignnone\"><img data-recalc-dims=\"1\" loading=\"lazy\" decoding=\"async\" aria-describedby=\"caption-attachment-28520\" data-attachment-id=\"28520\" data-permalink=\"https:\/\/www.shqiperia.com\/blog\/kisha-shen-jovan-bigori-ose-shenjt-jovan-bigori-diber-maqedoni-e-veriut\/kisha-shen-jovan-bigori-ose-shenjt-jovan-bigori-diber-maedoni-e-veriut\/\" data-orig-file=\"https:\/\/i0.wp.com\/www.shqiperia.com\/blog\/wp-content\/uploads\/2019\/11\/Kisha-Sh%C3%ABn-Jovan-Bigori-ose-Shenjt-Jovan-Bigori-Diber-maedoni-e-Veriut..jpg?fit=1200%2C900&amp;ssl=1\" data-orig-size=\"1200,900\" data-comments-opened=\"1\" data-image-meta=\"{&quot;aperture&quot;:&quot;0&quot;,&quot;credit&quot;:&quot;&quot;,&quot;camera&quot;:&quot;&quot;,&quot;caption&quot;:&quot;&quot;,&quot;created_timestamp&quot;:&quot;0&quot;,&quot;copyright&quot;:&quot;&quot;,&quot;focal_length&quot;:&quot;0&quot;,&quot;iso&quot;:&quot;0&quot;,&quot;shutter_speed&quot;:&quot;0&quot;,&quot;title&quot;:&quot;&quot;,&quot;orientation&quot;:&quot;0&quot;}\" data-image-title=\"Kisha Sh\u00ebn Jovan Bigori, ose Shenjt Jovan Bigori, Diber, maedoni e Veriut.\" data-image-description=\"\" data-image-caption=\"&lt;p&gt;Kisha Sh\u00ebn Jovan Bigori, ose Shenjt Jovan Bigori, Diber, maedoni e Veriut.&lt;\/p&gt;\n\" data-medium-file=\"https:\/\/i0.wp.com\/www.shqiperia.com\/blog\/wp-content\/uploads\/2019\/11\/Kisha-Sh%C3%ABn-Jovan-Bigori-ose-Shenjt-Jovan-Bigori-Diber-maedoni-e-Veriut..jpg?fit=300%2C225&amp;ssl=1\" data-large-file=\"https:\/\/i0.wp.com\/www.shqiperia.com\/blog\/wp-content\/uploads\/2019\/11\/Kisha-Sh%C3%ABn-Jovan-Bigori-ose-Shenjt-Jovan-Bigori-Diber-maedoni-e-Veriut..jpg?fit=1024%2C768&amp;ssl=1\" class=\" wp-image-28520\" alt=\"\" src=\"https:\/\/i0.wp.com\/www.shqiperia.com\/blog\/wp-content\/uploads\/2019\/11\/Kisha-Sh%C3%ABn-Jovan-Bigori-ose-Shenjt-Jovan-Bigori-Diber-maedoni-e-Veriut..jpg?resize=739%2C554&#038;ssl=1\" width=\"739\" height=\"554\" srcset=\"https:\/\/i0.wp.com\/www.shqiperia.com\/blog\/wp-content\/uploads\/2019\/11\/Kisha-Sh%C3%ABn-Jovan-Bigori-ose-Shenjt-Jovan-Bigori-Diber-maedoni-e-Veriut..jpg?resize=300%2C225&amp;ssl=1 300w, https:\/\/i0.wp.com\/www.shqiperia.com\/blog\/wp-content\/uploads\/2019\/11\/Kisha-Sh%C3%ABn-Jovan-Bigori-ose-Shenjt-Jovan-Bigori-Diber-maedoni-e-Veriut..jpg?resize=768%2C576&amp;ssl=1 768w, https:\/\/i0.wp.com\/www.shqiperia.com\/blog\/wp-content\/uploads\/2019\/11\/Kisha-Sh%C3%ABn-Jovan-Bigori-ose-Shenjt-Jovan-Bigori-Diber-maedoni-e-Veriut..jpg?resize=1024%2C768&amp;ssl=1 1024w, https:\/\/i0.wp.com\/www.shqiperia.com\/blog\/wp-content\/uploads\/2019\/11\/Kisha-Sh%C3%ABn-Jovan-Bigori-ose-Shenjt-Jovan-Bigori-Diber-maedoni-e-Veriut..jpg?resize=450%2C338&amp;ssl=1 450w, https:\/\/i0.wp.com\/www.shqiperia.com\/blog\/wp-content\/uploads\/2019\/11\/Kisha-Sh%C3%ABn-Jovan-Bigori-ose-Shenjt-Jovan-Bigori-Diber-maedoni-e-Veriut..jpg?resize=600%2C450&amp;ssl=1 600w, https:\/\/i0.wp.com\/www.shqiperia.com\/blog\/wp-content\/uploads\/2019\/11\/Kisha-Sh%C3%ABn-Jovan-Bigori-ose-Shenjt-Jovan-Bigori-Diber-maedoni-e-Veriut..jpg?resize=400%2C300&amp;ssl=1 400w, https:\/\/i0.wp.com\/www.shqiperia.com\/blog\/wp-content\/uploads\/2019\/11\/Kisha-Sh%C3%ABn-Jovan-Bigori-ose-Shenjt-Jovan-Bigori-Diber-maedoni-e-Veriut..jpg?w=1200&amp;ssl=1 1200w\" sizes=\"auto, (max-width: 739px) 100vw, 739px\" \/><p id=\"caption-attachment-28520\" class=\"wp-caption-text\">Kisha Sh\u00ebn Jovan Bigori, ose Shenjt Jovan Bigori, Diber, maedoni e Veriut.<\/p><\/div>\n<p>\u201cBiblioteka e k\u00ebtij manastiri ishte nj\u00eb pasuri e rrall\u00eb me dor\u00ebshkrime unikale q\u00eb tashm\u00eb u zhduk\u00ebn plot\u00ebsisht. Me to p\u00ebrpiqet t\u00eb humbet historia arb\u00ebrore\u201d, thot\u00eb Hasani. P\u00ebr Djegien e Sh\u00ebn Bigorit, Qendra Nacionale p\u00ebr Konservim k\u00ebrkon p\u00ebrgjegj\u00ebsi nga Kisha Ortodokse Maqedonase, e cila ka nd\u00ebrtuar pa leje pran\u00eb bibliotek\u00ebs nj\u00eb furr\u00eb pjekjeje. Nd\u00ebrsa historiani Nebi Dervishi fajin ia l\u00eb drejtorit t\u00eb Drejtoris\u00eb p\u00ebr Mbrojtjen e Trash\u00ebgimis\u00eb Kulturore, Pasko Kuzmanit, i cili lejoi q\u00eb n\u00eb nj\u00eb objekt t\u00eb shkall\u00ebs s\u00eb par\u00eb t\u00eb mbrojtjes, si\u00e7 ishte manastiri i Sh\u00ebn Jovan Bigorit t\u00eb nd\u00ebrtohet furr\u00eb pjekjeje. \u201cGjith\u00e7ka \u00ebsht\u00eb b\u00ebr\u00eb me q\u00ebllim p\u00ebr t\u00eb zhdukur k\u00ebt\u00eb pjes\u00eb t\u00eb historis\u00eb s\u00eb Kish\u00ebs shqiptare\u201d, thot\u00eb Dervishi. Jav\u00ebn e kaluar u dogj manastiri i Sh\u00ebn Bigorit, nj\u00ebrit prej manastireve m\u00eb t\u00eb vjetra shqiptare q\u00eb kishte mbet gjall\u00eb n\u00eb k\u00ebto hap\u00ebsira.<\/p>\n<p>Nga: \u00c7\u00cbSHTJA SHQIPTARE, 2 August 2013 &#8211; (ne faqen Ridvan Muslija)<\/p>\n","protected":false},"excerpt":{"rendered":"<p>Kisha Sh\u00ebn Jovan Bigori, ose Shenjt Jovan Bigori, Diber, Maqedoni e Veriut. (Lajme Arkiv). Dokument qe ishte kishe shqiptare !N\u00eb arkivin shtet\u00ebror t\u00eb Maqedonis\u00eb jan\u00eb disa nga dokumentet m\u00eb t\u00eb reja q\u00eb tregojn\u00eb se Kisha Sh\u00ebn Jovan Bigori, ose Shenjt Jovan Bigori, si\u00e7 shkruhet n\u00eb k\u00ebto dokumente deri n\u00eb vitin 1945 ka qen\u00eb n\u00ebn kompetencat [&hellip;]<\/p>\n","protected":false},"author":9,"featured_media":28519,"comment_status":"open","ping_status":"open","sticky":false,"template":"","format":"standard","meta":{"jetpack_post_was_ever_published":false,"_jetpack_newsletter_access":"","_jetpack_dont_email_post_to_subs":false,"_jetpack_newsletter_tier_id":0,"_jetpack_memberships_contains_paywalled_content":false,"_jetpack_memberships_contains_paid_content":false,"footnotes":"","jetpack_publicize_message":"","jetpack_publicize_feature_enabled":true,"jetpack_social_post_already_shared":true,"jetpack_social_options":{"image_generator_settings":{"template":"highway","default_image_id":0,"font":"","enabled":false},"version":2}},"categories":[85,10,86],"tags":[],"class_list":["post-28518","post","type-post","status-publish","format-standard","has-post-thumbnail","hentry","category-histori","category-kultura","category-trashegimi-kulturore"],"jetpack_publicize_connections":[],"jetpack_featured_media_url":"https:\/\/i0.wp.com\/www.shqiperia.com\/blog\/wp-content\/uploads\/2019\/11\/1200px-%D0%91%D0%B8%D0%B3%D0%BE%D1%80%D1%81%D0%BA%D0%B8%D0%B9_%D0%BC%D0%BE%D0%BD%D0%B0%D1%81%D1%82%D1%8B%D1%80%D1%8C.jpg?fit=1200%2C641&ssl=1","jetpack_sharing_enabled":true,"jetpack_shortlink":"https:\/\/wp.me\/p5Z6wp-7pY","jetpack-related-posts":[{"id":8957,"url":"https:\/\/www.shqiperia.com\/blog\/8957-2\/","url_meta":{"origin":28518,"position":0},"title":"Festa e Sh\u00ebn Johan Vladimirit n\u00eb Shijon, mblidhen shqiptar\u00eb e sllav\u00eb. &#8211;","author":"Kurt Farka","date":"June 21, 2018","format":false,"excerpt":"Festa e Sh\u00ebn Johan Vladimirit n\u00eb Shijon, mblidhen shqiptar\u00eb e sllav\u00eb. - N\u00eb fshatin Shijon t\u00eb komun\u00ebs Bradashesh \u00ebsht\u00eb festuar dita e Sh\u00ebn Johan Vladimirit ku disa shekuj m\u00eb par\u00eb besohet si nisi predikimin e fes\u00eb ortodokse n\u00eb k\u00ebto zona. Ndaj dhe \u00e7do vit n\u00eb 4 qershor, besimtar\u00ebt ortodokse nga\u2026","rel":"","context":"In &quot;Histori&quot;","block_context":{"text":"Histori","link":"https:\/\/www.shqiperia.com\/blog\/category\/histori\/"},"img":{"alt_text":"","src":"https:\/\/i0.wp.com\/www.shqiperia.com\/blog\/wp-content\/uploads\/2018\/06\/shijon-800x450.jpg?fit=800%2C450&ssl=1&resize=350%2C200","width":350,"height":200,"srcset":"https:\/\/i0.wp.com\/www.shqiperia.com\/blog\/wp-content\/uploads\/2018\/06\/shijon-800x450.jpg?fit=800%2C450&ssl=1&resize=350%2C200 1x, https:\/\/i0.wp.com\/www.shqiperia.com\/blog\/wp-content\/uploads\/2018\/06\/shijon-800x450.jpg?fit=800%2C450&ssl=1&resize=525%2C300 1.5x, https:\/\/i0.wp.com\/www.shqiperia.com\/blog\/wp-content\/uploads\/2018\/06\/shijon-800x450.jpg?fit=800%2C450&ssl=1&resize=700%2C400 2x"},"classes":[]},{"id":68480,"url":"https:\/\/www.shqiperia.com\/blog\/o-shoke-te-rilindjes-mendoni-qe-nje-megazine-e-jovan-bardhit-vlen-me-shume-se-dinjiteti-i-njeriut\/","url_meta":{"origin":28518,"position":1},"title":"O shok\u00eb t\u00eb Rilindjes : &#8211; Mendoni q\u00eb nj\u00eb \u201cmegazin\u00eb e Jovan Bardhit\u201d vlen m\u00eb shum\u00eb se dinjiteti i njeriut","author":"Kurt Farka","date":"February 22, 2023","format":false,"excerpt":"Nga Gezim Zilja. 22 Shkurt 2023 O shok\u00eb t\u00eb Rilindjes Artan Lame, Shkreli e t\u00eb tjer\u00eb! Mendoni q\u00eb nj\u00eb \u201cmegazin\u00eb e Jovan Bardhit\u201d vlen m\u00eb shum\u00eb se dinjiteti i njeriut, se e v\u00ebrteta, se liria e mendimit, se vet\u00eb Shqip\u00ebria? I paharruari arkitekt Maks Velua derisa shkoj\u00eb n\u00eb bot\u00ebn e\u2026","rel":"","context":"In &quot;Blogu i Udh\u00ebtarit&quot;","block_context":{"text":"Blogu i Udh\u00ebtarit","link":"https:\/\/www.shqiperia.com\/blog\/category\/blogu-i-udhetarit\/"},"img":{"alt_text":"","src":"https:\/\/i0.wp.com\/www.shqiperia.com\/blog\/wp-content\/uploads\/2023\/02\/Vajti-i-shkreti-Lame-dhe-e-hodhi-bomben.jpg?fit=1200%2C687&ssl=1&resize=350%2C200","width":350,"height":200,"srcset":"https:\/\/i0.wp.com\/www.shqiperia.com\/blog\/wp-content\/uploads\/2023\/02\/Vajti-i-shkreti-Lame-dhe-e-hodhi-bomben.jpg?fit=1200%2C687&ssl=1&resize=350%2C200 1x, https:\/\/i0.wp.com\/www.shqiperia.com\/blog\/wp-content\/uploads\/2023\/02\/Vajti-i-shkreti-Lame-dhe-e-hodhi-bomben.jpg?fit=1200%2C687&ssl=1&resize=525%2C300 1.5x, https:\/\/i0.wp.com\/www.shqiperia.com\/blog\/wp-content\/uploads\/2023\/02\/Vajti-i-shkreti-Lame-dhe-e-hodhi-bomben.jpg?fit=1200%2C687&ssl=1&resize=700%2C400 2x, https:\/\/i0.wp.com\/www.shqiperia.com\/blog\/wp-content\/uploads\/2023\/02\/Vajti-i-shkreti-Lame-dhe-e-hodhi-bomben.jpg?fit=1200%2C687&ssl=1&resize=1050%2C600 3x"},"classes":[]},{"id":12534,"url":"https:\/\/www.shqiperia.com\/blog\/turizmi-fetar-ne-shqiperi-mes-artit-historise-dhe-besimit\/","url_meta":{"origin":28518,"position":2},"title":"Turizmi fetar n\u00eb Shqip\u00ebri: Mes artit, historis\u00eb dhe besimit. &#8211;","author":"Kurt Farka","date":"October 11, 2018","format":false,"excerpt":"Turizmi fetar n\u00eb Shqip\u00ebri: Mes artit, historis\u00eb dhe besimit. - Nga: Zylyftar Hoxha. - Si n\u00eb t\u00eb gjith\u00eb bot\u00ebn, edhe n\u00eb Shqip\u00ebri, objektet e kultit kan\u00eb ngjallur interes t\u00eb ve\u00e7ant\u00eb, sepse q\u00ebndrojn\u00eb mes artit nga ana arkitekturore, historis\u00eb p\u00ebr nga koha dhe besimit n\u00eb aspektin shpirt\u00ebror. Shqip\u00ebria, ndoshta \u00ebsht\u00eb vendi\u2026","rel":"","context":"In &quot;Blogu i Udh\u00ebtarit&quot;","block_context":{"text":"Blogu i Udh\u00ebtarit","link":"https:\/\/www.shqiperia.com\/blog\/category\/blogu-i-udhetarit\/"},"img":{"alt_text":"","src":"https:\/\/i0.wp.com\/www.shqiperia.com\/blog\/wp-content\/uploads\/2018\/10\/1-kisha.jpg?fit=982%2C546&ssl=1&resize=350%2C200","width":350,"height":200,"srcset":"https:\/\/i0.wp.com\/www.shqiperia.com\/blog\/wp-content\/uploads\/2018\/10\/1-kisha.jpg?fit=982%2C546&ssl=1&resize=350%2C200 1x, https:\/\/i0.wp.com\/www.shqiperia.com\/blog\/wp-content\/uploads\/2018\/10\/1-kisha.jpg?fit=982%2C546&ssl=1&resize=525%2C300 1.5x, https:\/\/i0.wp.com\/www.shqiperia.com\/blog\/wp-content\/uploads\/2018\/10\/1-kisha.jpg?fit=982%2C546&ssl=1&resize=700%2C400 2x"},"classes":[]},{"id":10425,"url":"https:\/\/www.shqiperia.com\/blog\/libofsh-nis-restaurimi-i-kishes-se-shen-gjergjit\/","url_meta":{"origin":28518,"position":3},"title":"Libofsh, nis restaurimi i Kish\u00ebs s\u00eb Sh\u00ebn Gjergjit. &#8211;","author":"Kurt Farka","date":"July 31, 2018","format":false,"excerpt":"Libofsh, nis restaurimi i Kish\u00ebs s\u00eb Sh\u00ebn Gjergjit. - Nj\u00eb tjet\u00ebr atraksion turistik i shtohet itinerarit m\u00eb t\u00eb ri t\u00eb \u201dRrug\u00ebve t\u00eb besimit\u201d. Nis puna p\u00ebr restaurimin e Kish\u00ebs s\u00eb Sh\u00ebn Gjergjit, Libofsh\u00eb, Fier. Ky restaurimi dhe rijet\u00ebzim nj\u00eb tjet\u00ebr pasuri kulturore vjen fal\u00eb bashk\u00ebpunimit dhe mb\u00ebshtetjes financiare t\u00eb dh\u00ebn\u00eb\u2026","rel":"","context":"In &quot;Histori&quot;","block_context":{"text":"Histori","link":"https:\/\/www.shqiperia.com\/blog\/category\/histori\/"},"img":{"alt_text":"","src":"https:\/\/i0.wp.com\/www.shqiperia.com\/blog\/wp-content\/uploads\/2018\/07\/Kisha-Libofsh.jpg?resize=350%2C200","width":350,"height":200},"classes":[]},{"id":14114,"url":"https:\/\/www.shqiperia.com\/blog\/kisha-katolike-e-shen-antonit-shen-ndout-gjakove\/","url_meta":{"origin":28518,"position":4},"title":"KISHA KATOLIKE E SH\u00cbN ANTONIT (SH\u00cbN NDOUT) \u2013 Gjakov\u00eb.","author":"Kurt Farka","date":"November 25, 2018","format":false,"excerpt":"KISHA KATOLIKE E SH\u00cbN ANTONIT (SH\u00cbN NDOUT) \u2013 Gjakov\u00eb. Kisha e Sh\u00ebn Ndout gjendet p\u00ebrball\u00eb Kish\u00ebs s\u00eb Sh\u00ebn Palit dhe Sh\u00ebn Pjetrit, n\u00eb Gjakov\u00eb. Kisha e par\u00eb ishte nd\u00ebrtuar m\u00eb 1882 dhe quhej Kisha e Pat\u00ebr Mil\u00ebs, por ajo u shkat\u00ebrrua m\u00eb von\u00eb. M\u00eb 1931, Pat\u00ebr Lorenc Mazreku e nd\u00ebrtoi\u2026","rel":"","context":"In &quot;Blogu i Udh\u00ebtarit&quot;","block_context":{"text":"Blogu i Udh\u00ebtarit","link":"https:\/\/www.shqiperia.com\/blog\/category\/blogu-i-udhetarit\/"},"img":{"alt_text":"","src":"https:\/\/i0.wp.com\/www.shqiperia.com\/blog\/wp-content\/uploads\/2018\/11\/KISHA-SH%C3%8BN-NDOUT-%E2%80%93-Gjakov%C3%AB.-5.jpg?fit=900%2C1200&ssl=1&resize=350%2C200","width":350,"height":200,"srcset":"https:\/\/i0.wp.com\/www.shqiperia.com\/blog\/wp-content\/uploads\/2018\/11\/KISHA-SH%C3%8BN-NDOUT-%E2%80%93-Gjakov%C3%AB.-5.jpg?fit=900%2C1200&ssl=1&resize=350%2C200 1x, https:\/\/i0.wp.com\/www.shqiperia.com\/blog\/wp-content\/uploads\/2018\/11\/KISHA-SH%C3%8BN-NDOUT-%E2%80%93-Gjakov%C3%AB.-5.jpg?fit=900%2C1200&ssl=1&resize=525%2C300 1.5x, https:\/\/i0.wp.com\/www.shqiperia.com\/blog\/wp-content\/uploads\/2018\/11\/KISHA-SH%C3%8BN-NDOUT-%E2%80%93-Gjakov%C3%AB.-5.jpg?fit=900%2C1200&ssl=1&resize=700%2C400 2x"},"classes":[]},{"id":74163,"url":"https:\/\/www.shqiperia.com\/blog\/kreu-i-kishes-ortodokse-janullatos-duket-se-nuk-i-sherben-vetem-athines-por-edhe-moskes\/","url_meta":{"origin":28518,"position":5},"title":"Kreu i Kish\u00ebs Ortodokse, Janullatos, duket se nuk i sh\u00ebrben vet\u00ebm Athin\u00ebs, por edhe Mosk\u00ebs.","author":"Kurt Farka","date":"September 11, 2023","format":false,"excerpt":"11 Shtator 2023 Nga: Gazeta Sot Kreu i Kish\u00ebs Ortodokse, Janullatos, duket se nuk i sh\u00ebrben vet\u00ebm Athin\u00ebs, por edhe Mosk\u00ebs. T\u00eb pakt\u00ebn k\u00ebshtu pretendohet n\u00eb disa reagime t\u00eb dit\u00ebve t\u00eb fundit, t\u00eb cilat kan\u00eb b\u00ebr\u00eb q\u00eb Kisha Ortodokse t\u00eb reagoj\u00eb. Sipas\u00a0\u201cOrthodox Times\u201d,\u00a0Arkoni i Fronit Ekumenik Ilias Damianakis, ka akuzuar\u2026","rel":"","context":"In &quot;Blogu i Udh\u00ebtarit&quot;","block_context":{"text":"Blogu i Udh\u00ebtarit","link":"https:\/\/www.shqiperia.com\/blog\/category\/blogu-i-udhetarit\/"},"img":{"alt_text":"","src":"https:\/\/i0.wp.com\/www.shqiperia.com\/blog\/wp-content\/uploads\/2023\/09\/800-0-64ff5ea3d01ea-1.jpg?fit=800%2C400&ssl=1&resize=350%2C200","width":350,"height":200,"srcset":"https:\/\/i0.wp.com\/www.shqiperia.com\/blog\/wp-content\/uploads\/2023\/09\/800-0-64ff5ea3d01ea-1.jpg?fit=800%2C400&ssl=1&resize=350%2C200 1x, https:\/\/i0.wp.com\/www.shqiperia.com\/blog\/wp-content\/uploads\/2023\/09\/800-0-64ff5ea3d01ea-1.jpg?fit=800%2C400&ssl=1&resize=525%2C300 1.5x, https:\/\/i0.wp.com\/www.shqiperia.com\/blog\/wp-content\/uploads\/2023\/09\/800-0-64ff5ea3d01ea-1.jpg?fit=800%2C400&ssl=1&resize=700%2C400 2x"},"classes":[]}],"_links":{"self":[{"href":"https:\/\/www.shqiperia.com\/blog\/wp-json\/wp\/v2\/posts\/28518","targetHints":{"allow":["GET"]}}],"collection":[{"href":"https:\/\/www.shqiperia.com\/blog\/wp-json\/wp\/v2\/posts"}],"about":[{"href":"https:\/\/www.shqiperia.com\/blog\/wp-json\/wp\/v2\/types\/post"}],"author":[{"embeddable":true,"href":"https:\/\/www.shqiperia.com\/blog\/wp-json\/wp\/v2\/users\/9"}],"replies":[{"embeddable":true,"href":"https:\/\/www.shqiperia.com\/blog\/wp-json\/wp\/v2\/comments?post=28518"}],"version-history":[{"count":3,"href":"https:\/\/www.shqiperia.com\/blog\/wp-json\/wp\/v2\/posts\/28518\/revisions"}],"predecessor-version":[{"id":28523,"href":"https:\/\/www.shqiperia.com\/blog\/wp-json\/wp\/v2\/posts\/28518\/revisions\/28523"}],"wp:featuredmedia":[{"embeddable":true,"href":"https:\/\/www.shqiperia.com\/blog\/wp-json\/wp\/v2\/media\/28519"}],"wp:attachment":[{"href":"https:\/\/www.shqiperia.com\/blog\/wp-json\/wp\/v2\/media?parent=28518"}],"wp:term":[{"taxonomy":"category","embeddable":true,"href":"https:\/\/www.shqiperia.com\/blog\/wp-json\/wp\/v2\/categories?post=28518"},{"taxonomy":"post_tag","embeddable":true,"href":"https:\/\/www.shqiperia.com\/blog\/wp-json\/wp\/v2\/tags?post=28518"}],"curies":[{"name":"wp","href":"https:\/\/api.w.org\/{rel}","templated":true}]}}