{"id":28515,"date":"2019-11-23T13:48:51","date_gmt":"2019-11-23T13:48:51","guid":{"rendered":"https:\/\/www.shqiperia.com\/blog\/?p=28515"},"modified":"2019-11-23T13:48:51","modified_gmt":"2019-11-23T13:48:51","slug":"pronat-e-lalzit-vrasja-e-gjyqtarit-konomi-dhe-atentati-ndaj-prokurorit-ndoj","status":"publish","type":"post","link":"https:\/\/www.shqiperia.com\/blog\/pronat-e-lalzit-vrasja-e-gjyqtarit-konomi-dhe-atentati-ndaj-prokurorit-ndoj\/","title":{"rendered":"Pronat e Lalzit, vrasja e gjyqtarit Konomi dhe atentati ndaj prokurorit Ndoj"},"content":{"rendered":"<p><img data-recalc-dims=\"1\" loading=\"lazy\" decoding=\"async\" data-attachment-id=\"28516\" data-permalink=\"https:\/\/www.shqiperia.com\/blog\/pronat-e-lalzit-vrasja-e-gjyqtarit-konomi-dhe-atentati-ndaj-prokurorit-ndoj\/844d614f-ec59-4a20-83c5-38c793caa206-1-1024x683-1\/\" data-orig-file=\"https:\/\/i0.wp.com\/www.shqiperia.com\/blog\/wp-content\/uploads\/2019\/11\/844d614f-ec59-4a20-83c5-38c793caa206-1-1024x683-1.jpg?fit=1024%2C518&amp;ssl=1\" data-orig-size=\"1024,518\" data-comments-opened=\"1\" data-image-meta=\"{&quot;aperture&quot;:&quot;0&quot;,&quot;credit&quot;:&quot;&quot;,&quot;camera&quot;:&quot;&quot;,&quot;caption&quot;:&quot;&quot;,&quot;created_timestamp&quot;:&quot;0&quot;,&quot;copyright&quot;:&quot;&quot;,&quot;focal_length&quot;:&quot;0&quot;,&quot;iso&quot;:&quot;0&quot;,&quot;shutter_speed&quot;:&quot;0&quot;,&quot;title&quot;:&quot;&quot;,&quot;orientation&quot;:&quot;0&quot;}\" data-image-title=\"844d614f-ec59-4a20-83c5-38c793caa206-1-1024&#215;683 (1)\" data-image-description=\"\" data-image-caption=\"\" data-medium-file=\"https:\/\/i0.wp.com\/www.shqiperia.com\/blog\/wp-content\/uploads\/2019\/11\/844d614f-ec59-4a20-83c5-38c793caa206-1-1024x683-1.jpg?fit=300%2C152&amp;ssl=1\" data-large-file=\"https:\/\/i0.wp.com\/www.shqiperia.com\/blog\/wp-content\/uploads\/2019\/11\/844d614f-ec59-4a20-83c5-38c793caa206-1-1024x683-1.jpg?fit=1024%2C518&amp;ssl=1\" class=\"alignnone  wp-image-28516\" alt=\"\" src=\"https:\/\/i0.wp.com\/www.shqiperia.com\/blog\/wp-content\/uploads\/2019\/11\/844d614f-ec59-4a20-83c5-38c793caa206-1-1024x683-1.jpg?resize=632%2C320&#038;ssl=1\" width=\"632\" height=\"320\" srcset=\"https:\/\/i0.wp.com\/www.shqiperia.com\/blog\/wp-content\/uploads\/2019\/11\/844d614f-ec59-4a20-83c5-38c793caa206-1-1024x683-1.jpg?resize=300%2C152&amp;ssl=1 300w, https:\/\/i0.wp.com\/www.shqiperia.com\/blog\/wp-content\/uploads\/2019\/11\/844d614f-ec59-4a20-83c5-38c793caa206-1-1024x683-1.jpg?resize=768%2C389&amp;ssl=1 768w, https:\/\/i0.wp.com\/www.shqiperia.com\/blog\/wp-content\/uploads\/2019\/11\/844d614f-ec59-4a20-83c5-38c793caa206-1-1024x683-1.jpg?w=1024&amp;ssl=1 1024w, https:\/\/i0.wp.com\/www.shqiperia.com\/blog\/wp-content\/uploads\/2019\/11\/844d614f-ec59-4a20-83c5-38c793caa206-1-1024x683-1.jpg?resize=450%2C228&amp;ssl=1 450w, https:\/\/i0.wp.com\/www.shqiperia.com\/blog\/wp-content\/uploads\/2019\/11\/844d614f-ec59-4a20-83c5-38c793caa206-1-1024x683-1.jpg?resize=600%2C304&amp;ssl=1 600w, https:\/\/i0.wp.com\/www.shqiperia.com\/blog\/wp-content\/uploads\/2019\/11\/844d614f-ec59-4a20-83c5-38c793caa206-1-1024x683-1.jpg?resize=400%2C202&amp;ssl=1 400w\" sizes=\"auto, (max-width: 632px) 100vw, 632px\" \/><\/p>\n<p><strong>Pronat e Lalzit, vrasja e gjyqtarit Konomi dhe atentati ndaj prokurorit Ndoj<\/strong><\/p>\n<p><strong>4 N\u00ebntor 2019 <\/strong><\/p>\n<p>Shum\u00eb mund t\u00eb mendojn\u00eb se titulli i k\u00ebtij shkrimi nuk ka asnj\u00eb lidhje me at\u00eb se \u00e7far\u00eb ndodhi t\u00eb enjten. Por faktet e m\u00ebposhtme zbehin \u00e7do dyshim t\u00eb mundsh\u00ebm.<\/p>\n<p><strong>S\u00eb pari<\/strong>, sepse atentati u b\u00eb pik\u00ebrisht at\u00ebher\u00eb kur \u00e7\u00ebshtja e pronave t\u00eb Lalzit ishte nj\u00eb proces n\u00ebn hetim dhe madje pati rreth 20 t\u00eb arrestuar, shum\u00eb prej t\u00eb cil\u00ebve u lan\u00eb n\u00ebn mas\u00ebn e siguris\u00eb \u201carrest me burg\u201d, t\u00eb tjer\u00eb n\u00eb \u201cdetyrim paraqitje\u201d e pak prej tyre mund\u00ebn t\u00eb jen\u00eb t\u00eb lir\u00eb, ndon\u00ebse me \u201carrest sht\u00ebpie\u201d.<\/p>\n<p><strong>S\u00eb dyti<\/strong>, t\u00eb gjitha detajet e atij atentati sipas hetimeve t\u00eb deritanishme lidhen vet\u00ebm me prokurorin. Duke l\u00ebn\u00eb m\u00ebnjan\u00eb l\u00ebvizjen e prokurorit me nj\u00eb person me precedent\u00eb t\u00eb theksuar kriminal\u00eb, hetuesit kan\u00eb n\u00eb dor\u00eb t\u00eb tjera prova q\u00eb e lidhin atentatin me detyr\u00ebn e prokurorit.<\/p>\n<p><strong>S\u00eb treti<\/strong>\u00a0pronat e Lalzit e deri tek Kepi i Rodonit jan\u00eb tashm\u00eb nj\u00eb \u00e7\u00ebshtje q\u00eb po hetohet. Prokurori Arjan Ndoj ka firmosur d\u00ebrgimin e t\u00eb arrestuave n\u00eb gjyq, me akuz\u00ebn e abuzimeve.<\/p>\n<p><strong>S\u00eb kat\u00ebrti<\/strong>\u00a0lidhet me dor\u00ebheqjen e kryetares s\u00eb Gjykat\u00ebs Joana Qeleshi. P\u00ebr t\u00eb u tha se arsyeja lidhej me vettingun, proces t\u00eb cilit nuk iu n\u00ebnshtrua. Por, burimet e grupit hetimor b\u00ebjn\u00eb t\u00eb ditur faktin tjet\u00ebr se ndoshta presionet, apo edhe k\u00ebrc\u00ebnimet ndaj saj pa u b\u00ebr\u00eb publike jan\u00eb tashm\u00eb nj\u00eb pist\u00eb, por jo e vetmja q\u00eb po hetohet.<\/p>\n<p><strong>S\u00eb pesti,<\/strong>\u00a0p\u00ebr pronat e Gjirit t\u00eb Lalzit u ekzekutua vite m\u00eb par\u00eb edhe gjyqtari Skerdilajd Konomi, nj\u00eb krim q\u00eb p\u00ebr nga m\u00ebnyra e ekzekutimit ishte tipik mafioz.<\/p>\n<p><strong>S\u00eb gjashti,<\/strong>\u00a0prokurori ka nj\u00eb \u00e7\u00ebshtje t\u00eb vjet\u00ebr q\u00eb lidhet me pron\u00ebsin\u00eb e nj\u00eb lokali n\u00eb Fush\u00eb Kruj\u00eb. B\u00ebhet fjal\u00eb p\u00ebr nj\u00eb konflikt mes prokurorit Ndoj dhe ish-shoferit t\u00eb tij Edmond Voga. Nisur nga kjo, hetuesit dyshojn\u00eb se autor\u00ebt e mundsh\u00ebm t\u00eb krimit mund t\u00eb jen\u00eb nga ky qytet.<\/p>\n<p>Policia dhe prokuroria e Krimeve t\u00eb R\u00ebnda dyshojn\u00eb se objektiv i atentatit me arm\u00eb t\u00eb ndodhur pran\u00eb mbikalimit n\u00eb Shkozet m\u00eb 1 n\u00ebntor ka qen\u00eb Arjan Ndoj.<\/p>\n<p>Nga verifikimet e b\u00ebra nga policia rezulton se automjeti luksoz, i cili ishte sh\u00ebnjest\u00ebr e sulmit me bresh\u00ebri p\u00ebrdorej nga prokurori, ndon\u00ebse nuk ishte regjistruar n\u00eb em\u00ebr t\u00eb tij.<\/p>\n<p>Verifikimi ka nxjerr\u00eb se siguracioni i automjetit figuronte t\u00eb ishte paguar nga bashk\u00ebshortja e prokurorit Ndoj, \u00e7ka ka shtuar dyshimin se objektiv i atentatit mund t\u00eb ket\u00eb qen\u00eb prokurori.<\/p>\n<p>P\u00ebr t\u00eb v\u00ebrtetuar dyshimet e tyre pritet t\u00eb b\u00ebhet nj\u00eb ekspertiz\u00eb e dyt\u00eb balistike. Ekspertiza pritet t\u00eb hedh\u00eb drit\u00eb edhe p\u00ebr provat e sekuestruara si maska dhe fijet e flok\u00ebve t\u00eb gjetura n\u00eb makin\u00eb.<\/p>\n<p>Edhe gjat\u00eb dy dit\u00ebve t\u00eb fundit policia ka shoq\u00ebruar p\u00ebr t\u00eb marr\u00eb n\u00eb pyetje nj\u00eb num\u00ebr t\u00eb madh personash por pasur asnj\u00eb t\u00eb arrestuar. Nga ana tjet\u00ebr Sh\u00ebrbimi p\u00ebr \u00c7\u00ebshtjet e Brendshme dhe Ankesave ka nisur verifikimet p\u00ebr zinxhirin komandues n\u00eb policin\u00eb e Durr\u00ebsit, pasi zona ku ndodhi ngjarja n\u00eb zon\u00ebn e Shkozetit patrullohet thuajse 24 or\u00eb nga forcat e policis\u00eb.<\/p>\n<p>Pik\u00ebpyetje t\u00eb shumta jan\u00eb ngritur nga grupi hetimor, pasi nga koha kur ndodhi atentati policia mb\u00ebrriti 20 minuta m\u00eb pas, nd\u00ebrkoh\u00eb m\u00eb par\u00eb kishin mb\u00ebrritur miqt\u00eb e t\u00eb plagosurve t\u00eb cil\u00ebt jan\u00eb filmuar duke nxjerr\u00eb t\u00eb plagosurit nga makina.<\/p>\n<p><strong>\u00a9Copyright Gazeta SHQIP<\/strong><\/p>\n","protected":false},"excerpt":{"rendered":"<p>Pronat e Lalzit, vrasja e gjyqtarit Konomi dhe atentati ndaj prokurorit Ndoj 4 N\u00ebntor 2019 Shum\u00eb mund t\u00eb mendojn\u00eb se titulli i k\u00ebtij shkrimi nuk ka asnj\u00eb lidhje me at\u00eb se \u00e7far\u00eb ndodhi t\u00eb enjten. Por faktet e m\u00ebposhtme zbehin \u00e7do dyshim t\u00eb mundsh\u00ebm. S\u00eb pari, sepse atentati u b\u00eb pik\u00ebrisht at\u00ebher\u00eb kur \u00e7\u00ebshtja e [&hellip;]<\/p>\n","protected":false},"author":9,"featured_media":28516,"comment_status":"open","ping_status":"open","sticky":false,"template":"","format":"standard","meta":{"jetpack_post_was_ever_published":false,"_jetpack_newsletter_access":"","_jetpack_dont_email_post_to_subs":false,"_jetpack_newsletter_tier_id":0,"_jetpack_memberships_contains_paywalled_content":false,"_jetpack_memberships_contains_paid_content":false,"footnotes":"","jetpack_publicize_message":"","jetpack_publicize_feature_enabled":true,"jetpack_social_post_already_shared":true,"jetpack_social_options":{"image_generator_settings":{"template":"highway","default_image_id":0,"font":"","enabled":false},"version":2}},"categories":[27,1,35],"tags":[],"class_list":["post-28515","post","type-post","status-publish","format-standard","has-post-thumbnail","hentry","category-blogu-i-udhetarit","category-njoftime-shtypi","category-shoqerore"],"jetpack_publicize_connections":[],"jetpack_featured_media_url":"https:\/\/i0.wp.com\/www.shqiperia.com\/blog\/wp-content\/uploads\/2019\/11\/844d614f-ec59-4a20-83c5-38c793caa206-1-1024x683-1.jpg?fit=1024%2C518&ssl=1","jetpack_sharing_enabled":true,"jetpack_shortlink":"https:\/\/wp.me\/p5Z6wp-7pV","jetpack-related-posts":[{"id":27771,"url":"https:\/\/www.shqiperia.com\/blog\/atentati-ndaj-prokurorit-ndoj-arrestohet-nipi-i-deputetit-socialist\/","url_meta":{"origin":28515,"position":0},"title":"Atentati ndaj prokurorit Ndoj, arrestohet nipi i deputetit socialist. &#8211;","author":"Kurt Farka","date":"November 5, 2019","format":false,"excerpt":"Atentati ndaj prokurorit Ndoj, arrestohet nipi i deputetit socialist 5 nentor 2019 Kat\u00ebr dit\u00eb pas atentatit ndaj prokurorit t\u00eb Durr\u00ebsit Arjan Ndoj n\u00eb mbikalimin e Shkozetit, policia tashm\u00eb e ka nj\u00eb t\u00eb dyshuar. Uniformat blu kan\u00eb arrestuar shtetasin Redjan Rraja, nipi i deputetit socialist Rrahman Rraja, i dyshuar si i\u2026","rel":"","context":"In &quot;Blogu i Udh\u00ebtarit&quot;","block_context":{"text":"Blogu i Udh\u00ebtarit","link":"https:\/\/www.shqiperia.com\/blog\/category\/blogu-i-udhetarit\/"},"img":{"alt_text":"","src":"https:\/\/i0.wp.com\/www.shqiperia.com\/blog\/wp-content\/uploads\/2019\/11\/aaaa-1-905x450.jpg?fit=905%2C450&ssl=1&resize=350%2C200","width":350,"height":200,"srcset":"https:\/\/i0.wp.com\/www.shqiperia.com\/blog\/wp-content\/uploads\/2019\/11\/aaaa-1-905x450.jpg?fit=905%2C450&ssl=1&resize=350%2C200 1x, https:\/\/i0.wp.com\/www.shqiperia.com\/blog\/wp-content\/uploads\/2019\/11\/aaaa-1-905x450.jpg?fit=905%2C450&ssl=1&resize=525%2C300 1.5x, https:\/\/i0.wp.com\/www.shqiperia.com\/blog\/wp-content\/uploads\/2019\/11\/aaaa-1-905x450.jpg?fit=905%2C450&ssl=1&resize=700%2C400 2x"},"classes":[]},{"id":27898,"url":"https:\/\/www.shqiperia.com\/blog\/atentati-historia-e-tokes-molle-sherri-45-mije-m2-ne-gjirin-e-lalzit\/","url_meta":{"origin":28515,"position":1},"title":"Atentati, historia e tok\u00ebs moll\u00eb sherri 45 mij\u00eb m2 n\u00eb Gjirin e Lalzit. &#8211;","author":"Kurt Farka","date":"November 8, 2019","format":false,"excerpt":"Atentati, historia e tok\u00ebs moll\u00eb sherri 45 mij\u00eb m2 n\u00eb Gjirin e Lalzit 3 nentor 2019 Personi q\u00eb shoq\u00ebronte prokurorin Ndoja dit\u00ebn e atentatit dyshohet se fshihet pas nj\u00eb prone \u00a045 mij\u00eb metra katror\u00eb n\u00eb Dra\u00e7 t\u00eb fshatit Ish\u00ebm n\u00eb Gjirin e Lalzit. Kjo pron\u00eb \u00ebsht\u00eb b\u00ebr\u00eb objekt i konflikteve\u2026","rel":"","context":"In &quot;Blogu i Udh\u00ebtarit&quot;","block_context":{"text":"Blogu i Udh\u00ebtarit","link":"https:\/\/www.shqiperia.com\/blog\/category\/blogu-i-udhetarit\/"},"img":{"alt_text":"","src":"https:\/\/i0.wp.com\/www.shqiperia.com\/blog\/wp-content\/uploads\/2019\/11\/skema-905x450.jpg?fit=905%2C450&ssl=1&resize=350%2C200","width":350,"height":200,"srcset":"https:\/\/i0.wp.com\/www.shqiperia.com\/blog\/wp-content\/uploads\/2019\/11\/skema-905x450.jpg?fit=905%2C450&ssl=1&resize=350%2C200 1x, https:\/\/i0.wp.com\/www.shqiperia.com\/blog\/wp-content\/uploads\/2019\/11\/skema-905x450.jpg?fit=905%2C450&ssl=1&resize=525%2C300 1.5x, https:\/\/i0.wp.com\/www.shqiperia.com\/blog\/wp-content\/uploads\/2019\/11\/skema-905x450.jpg?fit=905%2C450&ssl=1&resize=700%2C400 2x"},"classes":[]},{"id":69792,"url":"https:\/\/www.shqiperia.com\/blog\/kush-fshihet-pas-atentatit-ndaj-arjan-ndojit-klodiana-lala-zbulon-informacione-bombe-njerez-shume-te-afert-me-ramen-jane-kapur-ne-video-me-prokurorin\/","url_meta":{"origin":28515,"position":2},"title":"Kush fshihet pas atentatit ndaj Arjan Ndojit? Klodiana Lala zbulon informacione bomb\u00eb: &#8211; Njer\u00ebz shum\u00eb t\u00eb af\u00ebrt me Ram\u00ebn jan\u00eb kapur n\u00eb video me prokurorin","author":"Kurt Farka","date":"March 17, 2023","format":false,"excerpt":"17 Mars 2023 \"...Ishte Arjan Ndoj nj\u00eb prokuror i goditur p\u00ebr shkak t\u00eb detyr\u00ebs? Apo u godit pasi k\u00ebta persona kishin dyshime q\u00eb ishte p\u00ebrfshir\u00eb n\u00eb grupim kriminal? Kjo duhet t\u00eb zbardhet\". Klodiana Lala ka deklaruar n\u00eb emisionin \"T\u00eb Paekspozuarit\" n\u00eb MCN TV, se njer\u00ebz shum\u00eb af\u00ebr me kryeministrin Rama,\u2026","rel":"","context":"In &quot;Blogu i Udh\u00ebtarit&quot;","block_context":{"text":"Blogu i Udh\u00ebtarit","link":"https:\/\/www.shqiperia.com\/blog\/category\/blogu-i-udhetarit\/"},"img":{"alt_text":"","src":"https:\/\/i0.wp.com\/www.shqiperia.com\/blog\/wp-content\/uploads\/2023\/03\/800-0-9f6c103ac311cde450749780e49515e7.png?fit=800%2C420&ssl=1&resize=350%2C200","width":350,"height":200,"srcset":"https:\/\/i0.wp.com\/www.shqiperia.com\/blog\/wp-content\/uploads\/2023\/03\/800-0-9f6c103ac311cde450749780e49515e7.png?fit=800%2C420&ssl=1&resize=350%2C200 1x, https:\/\/i0.wp.com\/www.shqiperia.com\/blog\/wp-content\/uploads\/2023\/03\/800-0-9f6c103ac311cde450749780e49515e7.png?fit=800%2C420&ssl=1&resize=525%2C300 1.5x, https:\/\/i0.wp.com\/www.shqiperia.com\/blog\/wp-content\/uploads\/2023\/03\/800-0-9f6c103ac311cde450749780e49515e7.png?fit=800%2C420&ssl=1&resize=700%2C400 2x"},"classes":[]},{"id":57363,"url":"https:\/\/www.shqiperia.com\/blog\/kpk-zbardh-detajet-arjan-ndoj-kontakte-me-kriminele-u-zbuluan-ne-celularin-e-tij\/","url_meta":{"origin":28515,"position":3},"title":"KPK zbardh detajet: &#8211; Arjan Ndoj kontakte me kriminel\u00eb, u zbuluan n\u00eb celularin e tij\u2026","author":"Kurt Farka","date":"April 29, 2022","format":false,"excerpt":"KPK zbardh detajet: - Arjan Ndoj kontakte me kriminel\u00eb, u zbuluan n\u00eb celularin e tij\u2026 29 PRILL 2022 Del sot para vettingut prokurori i Durr\u00ebsit, Arjan Ndoj, i cili i mbijetoi nj\u00eb atentati n\u00eb 2019-\u00ebn n\u00eb Mbikalimin e Shkozetit. Ngjarja e r\u00ebnd\u00eb q\u00eb pasoi me vrasjen e shoferit t\u00eb tij,\u2026","rel":"","context":"In &quot;Politika&quot;","block_context":{"text":"Politika","link":"https:\/\/www.shqiperia.com\/blog\/category\/politika\/"},"img":{"alt_text":"","src":"https:\/\/i0.wp.com\/www.shqiperia.com\/blog\/wp-content\/uploads\/2022\/04\/arjan-ndoja.jpg?fit=850%2C450&ssl=1&resize=350%2C200","width":350,"height":200,"srcset":"https:\/\/i0.wp.com\/www.shqiperia.com\/blog\/wp-content\/uploads\/2022\/04\/arjan-ndoja.jpg?fit=850%2C450&ssl=1&resize=350%2C200 1x, https:\/\/i0.wp.com\/www.shqiperia.com\/blog\/wp-content\/uploads\/2022\/04\/arjan-ndoja.jpg?fit=850%2C450&ssl=1&resize=525%2C300 1.5x, https:\/\/i0.wp.com\/www.shqiperia.com\/blog\/wp-content\/uploads\/2022\/04\/arjan-ndoja.jpg?fit=850%2C450&ssl=1&resize=700%2C400 2x"},"classes":[]},{"id":70165,"url":"https:\/\/www.shqiperia.com\/blog\/vrasja-ne-top-goxhaj-nuk-do-zbardhet-po-u-hap-puseta-do-qelbe-dynjane\/","url_meta":{"origin":28515,"position":4},"title":"Vrasja n\u00eb TOP\/ Goxhaj: &#8211; Nuk do zbardhet. &#8211; Po u hap puseta do qelb\u00eb dynjan\u00eb","author":"Kurt Farka","date":"March 27, 2023","format":false,"excerpt":"27 Mars 2023 Nga Altin Goxhaj: JA P\u00cbRSE ATENTATI MAFIOZ TEK TOPI NUK DO ZBARDHET ASNJ\u00cbHER\u00cb.. SPS PO U HAP PUSETA, DO QELBTE GJITH\u00cb DYNJAN\u00cb..Atentati i tipit mafioz p\u00ebr tu dh\u00ebn\u00eb mesazhe pronar\u00ebve t\u00eb vjet\u00ebr dhe t\u00eb rinj, duke ekzekutuar q\u00ebllimisht rojen p\u00ebr t\u00eb treguar se e kan\u00eb seriozisht, ka\u2026","rel":"","context":"In &quot;Blogu i Udh\u00ebtarit&quot;","block_context":{"text":"Blogu i Udh\u00ebtarit","link":"https:\/\/www.shqiperia.com\/blog\/category\/blogu-i-udhetarit\/"},"img":{"alt_text":"","src":"https:\/\/i0.wp.com\/www.shqiperia.com\/blog\/wp-content\/uploads\/2023\/03\/800-0-6159cd9806df2.jpg?fit=800%2C459&ssl=1&resize=350%2C200","width":350,"height":200,"srcset":"https:\/\/i0.wp.com\/www.shqiperia.com\/blog\/wp-content\/uploads\/2023\/03\/800-0-6159cd9806df2.jpg?fit=800%2C459&ssl=1&resize=350%2C200 1x, https:\/\/i0.wp.com\/www.shqiperia.com\/blog\/wp-content\/uploads\/2023\/03\/800-0-6159cd9806df2.jpg?fit=800%2C459&ssl=1&resize=525%2C300 1.5x, https:\/\/i0.wp.com\/www.shqiperia.com\/blog\/wp-content\/uploads\/2023\/03\/800-0-6159cd9806df2.jpg?fit=800%2C459&ssl=1&resize=700%2C400 2x"},"classes":[]},{"id":98313,"url":"https:\/\/www.shqiperia.com\/blog\/atentati-ndaj-ish-prokurorit-arjan-ndoja-nis-seanca-gjyqesore-ne-ngarkim-te-2-te-pandehurve\/","url_meta":{"origin":28515,"position":5},"title":"Atentati ndaj ish-prokurorit Arjan Ndoja, nis seanca gjyq\u00ebsore n\u00eb ngarkim t\u00eb 2 t\u00eb pandehurve","author":"Kurt Farka","date":"March 11, 2026","format":false,"excerpt":"11 Mars 2026 \u00cbsht\u00eb mbajtur t\u00eb m\u00ebrkur\u00ebn n\u00eb GJKKO seanca gjyq\u00ebsore n\u00eb ngarkim t\u00eb t\u00eb pandehurve Bledar Polovina dhe Amar Shk\u00ebmbi lidhur me atentatin te Mbikalimi i Shkozetit ku u plagos ish-prokurori Arjan Ndoja dhe humbi jet\u00ebn shoferi i tij Andi Maloku. Avokati i t\u00eb pandehurit Amar Shk\u00ebmbi k\u00ebrkoi nga\u2026","rel":"","context":"In &quot;Njoftime Shtypi&quot;","block_context":{"text":"Njoftime Shtypi","link":"https:\/\/www.shqiperia.com\/blog\/category\/njoftime-shtypi\/"},"img":{"alt_text":"","src":"https:\/\/i0.wp.com\/www.shqiperia.com\/blog\/wp-content\/uploads\/2026\/03\/ndoj-1.jpg?fit=772%2C469&ssl=1&resize=350%2C200","width":350,"height":200,"srcset":"https:\/\/i0.wp.com\/www.shqiperia.com\/blog\/wp-content\/uploads\/2026\/03\/ndoj-1.jpg?fit=772%2C469&ssl=1&resize=350%2C200 1x, https:\/\/i0.wp.com\/www.shqiperia.com\/blog\/wp-content\/uploads\/2026\/03\/ndoj-1.jpg?fit=772%2C469&ssl=1&resize=525%2C300 1.5x, https:\/\/i0.wp.com\/www.shqiperia.com\/blog\/wp-content\/uploads\/2026\/03\/ndoj-1.jpg?fit=772%2C469&ssl=1&resize=700%2C400 2x"},"classes":[]}],"_links":{"self":[{"href":"https:\/\/www.shqiperia.com\/blog\/wp-json\/wp\/v2\/posts\/28515","targetHints":{"allow":["GET"]}}],"collection":[{"href":"https:\/\/www.shqiperia.com\/blog\/wp-json\/wp\/v2\/posts"}],"about":[{"href":"https:\/\/www.shqiperia.com\/blog\/wp-json\/wp\/v2\/types\/post"}],"author":[{"embeddable":true,"href":"https:\/\/www.shqiperia.com\/blog\/wp-json\/wp\/v2\/users\/9"}],"replies":[{"embeddable":true,"href":"https:\/\/www.shqiperia.com\/blog\/wp-json\/wp\/v2\/comments?post=28515"}],"version-history":[{"count":1,"href":"https:\/\/www.shqiperia.com\/blog\/wp-json\/wp\/v2\/posts\/28515\/revisions"}],"predecessor-version":[{"id":28517,"href":"https:\/\/www.shqiperia.com\/blog\/wp-json\/wp\/v2\/posts\/28515\/revisions\/28517"}],"wp:featuredmedia":[{"embeddable":true,"href":"https:\/\/www.shqiperia.com\/blog\/wp-json\/wp\/v2\/media\/28516"}],"wp:attachment":[{"href":"https:\/\/www.shqiperia.com\/blog\/wp-json\/wp\/v2\/media?parent=28515"}],"wp:term":[{"taxonomy":"category","embeddable":true,"href":"https:\/\/www.shqiperia.com\/blog\/wp-json\/wp\/v2\/categories?post=28515"},{"taxonomy":"post_tag","embeddable":true,"href":"https:\/\/www.shqiperia.com\/blog\/wp-json\/wp\/v2\/tags?post=28515"}],"curies":[{"name":"wp","href":"https:\/\/api.w.org\/{rel}","templated":true}]}}