{"id":28512,"date":"2019-11-23T12:42:22","date_gmt":"2019-11-23T12:42:22","guid":{"rendered":"https:\/\/www.shqiperia.com\/blog\/?p=28512"},"modified":"2019-11-23T12:42:22","modified_gmt":"2019-11-23T12:42:22","slug":"ne-emer-te-stabilitetitit-krize-politike-e-ekonomike","status":"publish","type":"post","link":"https:\/\/www.shqiperia.com\/blog\/ne-emer-te-stabilitetitit-krize-politike-e-ekonomike\/","title":{"rendered":"Ne Emer te Stabilitetitit, &#8211; Krize Politike e Ekonomike."},"content":{"rendered":"<p><img data-recalc-dims=\"1\" loading=\"lazy\" decoding=\"async\" data-attachment-id=\"28513\" data-permalink=\"https:\/\/www.shqiperia.com\/blog\/ne-emer-te-stabilitetitit-krize-politike-e-ekonomike\/edi-ramainat\/\" data-orig-file=\"https:\/\/i0.wp.com\/www.shqiperia.com\/blog\/wp-content\/uploads\/2019\/11\/Edi-Ramainat.jpg?fit=800%2C450&amp;ssl=1\" data-orig-size=\"800,450\" data-comments-opened=\"1\" data-image-meta=\"{&quot;aperture&quot;:&quot;0&quot;,&quot;credit&quot;:&quot;&quot;,&quot;camera&quot;:&quot;&quot;,&quot;caption&quot;:&quot;&quot;,&quot;created_timestamp&quot;:&quot;0&quot;,&quot;copyright&quot;:&quot;&quot;,&quot;focal_length&quot;:&quot;0&quot;,&quot;iso&quot;:&quot;0&quot;,&quot;shutter_speed&quot;:&quot;0&quot;,&quot;title&quot;:&quot;&quot;,&quot;orientation&quot;:&quot;0&quot;}\" data-image-title=\"Edi-Ramai\" data-image-description=\"\" data-image-caption=\"\" data-medium-file=\"https:\/\/i0.wp.com\/www.shqiperia.com\/blog\/wp-content\/uploads\/2019\/11\/Edi-Ramainat.jpg?fit=300%2C169&amp;ssl=1\" data-large-file=\"https:\/\/i0.wp.com\/www.shqiperia.com\/blog\/wp-content\/uploads\/2019\/11\/Edi-Ramainat.jpg?fit=800%2C450&amp;ssl=1\" class=\"alignnone  wp-image-28513\" alt=\"\" src=\"https:\/\/i0.wp.com\/www.shqiperia.com\/blog\/wp-content\/uploads\/2019\/11\/Edi-Ramainat.jpg?resize=527%2C297&#038;ssl=1\" width=\"527\" height=\"297\" srcset=\"https:\/\/i0.wp.com\/www.shqiperia.com\/blog\/wp-content\/uploads\/2019\/11\/Edi-Ramainat.jpg?resize=300%2C169&amp;ssl=1 300w, https:\/\/i0.wp.com\/www.shqiperia.com\/blog\/wp-content\/uploads\/2019\/11\/Edi-Ramainat.jpg?resize=768%2C432&amp;ssl=1 768w, https:\/\/i0.wp.com\/www.shqiperia.com\/blog\/wp-content\/uploads\/2019\/11\/Edi-Ramainat.jpg?resize=450%2C253&amp;ssl=1 450w, https:\/\/i0.wp.com\/www.shqiperia.com\/blog\/wp-content\/uploads\/2019\/11\/Edi-Ramainat.jpg?resize=600%2C338&amp;ssl=1 600w, https:\/\/i0.wp.com\/www.shqiperia.com\/blog\/wp-content\/uploads\/2019\/11\/Edi-Ramainat.jpg?resize=400%2C225&amp;ssl=1 400w, https:\/\/i0.wp.com\/www.shqiperia.com\/blog\/wp-content\/uploads\/2019\/11\/Edi-Ramainat.jpg?w=800&amp;ssl=1 800w\" sizes=\"auto, (max-width: 527px) 100vw, 527px\" \/><\/p>\n<p><strong>Ne Emer te Stabilitetitit, &#8211; Krize Politike e Ekonomike.<\/strong><\/p>\n<p>23\/11\/19<\/p>\n<p>\u00cbsht\u00eb kthyer n\u00eb nj\u00eb ide masive, popullore, se Edi Ram\u00ebn, po e mbajn\u00eb nd\u00ebrkomb\u00ebtar\u00ebt. Pra, \u00ebsht\u00eb fal\u00eb mb\u00ebshtetjes s\u00eb tyre q\u00eb ai vazhdon t\u00eb q\u00ebndroj\u00eb. Ndryshe nuk ka si shpjegohet se n\u00eb k\u00ebt\u00eb mbrapshti t\u00eb madhe, n\u00eb k\u00ebt\u00eb kriz\u00eb t\u00eb thell\u00eb, n\u00eb k\u00ebt\u00eb mosecje n\u00eb asnj\u00eb drejtim p\u00ebrpara, n\u00eb k\u00ebt\u00eb autokraci tashm\u00eb t\u00eb instaluar dhe n\u00eb situat\u00ebn e kapjes s\u00eb gjith\u00eb pushteteve, ai q\u00eb \u00ebsht\u00eb n\u00eb krye t\u00eb pun\u00ebve, t\u00eb vazhdoj\u00eb t\u00eb f\u00ebrsh\u00ebllej\u00eb maj\u00eb karriges pa teklif, pa mbajtur asnj\u00eb p\u00ebrgjegj\u00ebsi.<\/p>\n<p>N\u00ebse marrim si t\u00eb mir\u00ebqen\u00eb tez\u00ebn se shefi i rilindjes ka mb\u00ebshtetjen e nd\u00ebrkomb\u00ebtar\u00ebve, vihemi n\u00eb fakt p\u00ebrball\u00eb nj\u00eb paradoksi jo t\u00eb vog\u00ebl. Nj\u00eb e till\u00eb mb\u00ebshtetje, jepet n\u00eb em\u00ebr t\u00eb stabilitetit. Dhe p\u00ebr stabilitetin, faktor\u00ebt e r\u00ebnd\u00ebsish\u00ebm t\u00eb huaj, miqt\u00eb e Shqip\u00ebris\u00eb, kan\u00eb toleruar shpesh kundravajtje n\u00eb demokraci, n\u00eb standardet dhe cil\u00ebsin\u00eb e saj.<\/p>\n<p>Por pik\u00ebrisht k\u00ebtu duket se q\u00ebndron problemi. Investimi i madh i nd\u00ebrkomb\u00ebtar\u00ebve p\u00ebr stabilitetin, duke favorizuar q\u00ebndrimin e Ram\u00ebs, ka prodhuar n\u00eb fakt prej kaq koh\u00ebsh, bash t\u00eb kund\u00ebrt\u00ebn.<br \/>\nNj\u00eb seri krizash pa fund.<\/p>\n<p>Kjo \u00ebsht\u00eb leht\u00ebsisht e v\u00ebrtetueshme dhe e prekshme. Kriz\u00eb politike, me opozit\u00ebn jasht\u00eb sistemit. Kriz\u00eb institucionale, me munges\u00ebn e dy gjykatave m\u00eb t\u00eb r\u00ebnd\u00ebsishme n\u00eb vend, dhe me paralizimin e drejt\u00ebsis\u00eb dhe kapjen e k\u00ebtij pushteti. Rasti m\u00eb i fundit, ai i Gjykat\u00ebs Kushtetuese. Gjithkush e di, se mazhoranca nuk po lufton aty p\u00ebr parimet e s\u00eb drejt\u00ebs. Ata jan\u00eb vet\u00ebdenoncuar se k\u00ebrkojn\u00eb t\u00eb \u00e7ojn\u00eb n\u00eb k\u00ebt\u00eb zyr\u00eb t\u00eb maj\u00ebs s\u00eb hierarkis\u00eb, njer\u00ebzit e tyre besnik\u00eb. Sepse vendimi mbi 30 qershorin dhe p\u00ebr aktin e Presidentit, \u00ebsht\u00eb fondamental.<\/p>\n<p>Rr\u00ebzimi i atyre zgjedhjeve nuk \u00ebsht\u00eb nj\u00eb nga shum\u00eb ngjarjet e r\u00ebnda p\u00ebr t\u00eb cilat qeveria dhe shumica nuk pyesin. Nj\u00eb vendim i atill\u00eb, patjet\u00ebr ka efekt dhe nga aty do t\u00eb lind\u00eb nj\u00eb moment i ri politik n\u00eb vend, \u00e7ka do ta detyronte Ram\u00ebn t\u00eb t\u00ebrhiqej.<\/p>\n<p>Kriza tjet\u00ebr e r\u00ebnd\u00eb \u00ebsht\u00eb ajo ekonomike. Financat duksh\u00ebm n\u00eb r\u00ebnie, dhe munges\u00eb parash p\u00ebr rritje pagash e pensionesh. Nd\u00ebrkoh\u00eb q\u00eb alarme t\u00eb forta e t\u00eb p\u00ebrs\u00ebritura po vijn\u00eb nga institucione si BB p\u00ebr korrupsionin apo p\u00ebr favorizimin e koncesioneve t\u00eb oligark\u00ebve.<\/p>\n<p>Kriz\u00eb tjet\u00ebr e panglizhueshme \u00ebsht\u00eb mungesa e thell\u00eb e shpres\u00ebs dhe e besimit, dhe si pasoj\u00eb, largimi masiv i njer\u00ebzve nga Shqip\u00ebria. T\u00eb gjitha k\u00ebto, jan\u00eb kriza q\u00eb kan\u00eb aft\u00ebsin\u00eb t\u00eb prodhojn\u00eb t\u00eb tjera e t\u00eb tjera. Dhe kemi ardhur n\u00eb dit\u00ebn, q\u00eb kriza \u00ebsht\u00eb gjendja normale n\u00eb vend.<\/p>\n<p>\u00c7ka t\u00eb nd\u00ebrmend se investimi i madh nd\u00ebrkomb\u00ebtar te Kryeministri, nuk solli aspak stabilitet. Po krejt t\u00eb pangjashmen me t\u00eb. Edhe pse \u00ebsht\u00eb von\u00eb, tani ka ardhur momenti q\u00eb miqt\u00eb e Shqip\u00ebris\u00eb t\u00eb heqin dor\u00eb nga ai kurs, dhe t\u00eb investohen n\u00eb parimet q\u00eb sjellin kurimin e krizave. Kryesori, e mbi t\u00eb gjitha, melhemi m\u00eb dobiprur\u00ebs, afrimi dhe mbajtja e zgjedhjeve t\u00eb lira e t\u00eb ndershme.<\/p>\n<p><strong><em>Mapo.al<\/em><\/strong><\/p>\n","protected":false},"excerpt":{"rendered":"<p>Ne Emer te Stabilitetitit, &#8211; Krize Politike e Ekonomike. 23\/11\/19 \u00cbsht\u00eb kthyer n\u00eb nj\u00eb ide masive, popullore, se Edi Ram\u00ebn, po e mbajn\u00eb nd\u00ebrkomb\u00ebtar\u00ebt. Pra, \u00ebsht\u00eb fal\u00eb mb\u00ebshtetjes s\u00eb tyre q\u00eb ai vazhdon t\u00eb q\u00ebndroj\u00eb. Ndryshe nuk ka si shpjegohet se n\u00eb k\u00ebt\u00eb mbrapshti t\u00eb madhe, n\u00eb k\u00ebt\u00eb kriz\u00eb t\u00eb thell\u00eb, n\u00eb k\u00ebt\u00eb mosecje n\u00eb [&hellip;]<\/p>\n","protected":false},"author":9,"featured_media":28513,"comment_status":"open","ping_status":"open","sticky":false,"template":"","format":"standard","meta":{"jetpack_post_was_ever_published":false,"_jetpack_newsletter_access":"","_jetpack_dont_email_post_to_subs":false,"_jetpack_newsletter_tier_id":0,"_jetpack_memberships_contains_paywalled_content":false,"_jetpack_memberships_contains_paid_content":false,"footnotes":"","jetpack_publicize_message":"","jetpack_publicize_feature_enabled":true,"jetpack_social_post_already_shared":true,"jetpack_social_options":{"image_generator_settings":{"template":"highway","default_image_id":0,"font":"","enabled":false},"version":2}},"categories":[27,2,35],"tags":[],"class_list":["post-28512","post","type-post","status-publish","format-standard","has-post-thumbnail","hentry","category-blogu-i-udhetarit","category-politika","category-shoqerore"],"jetpack_publicize_connections":[],"jetpack_featured_media_url":"https:\/\/i0.wp.com\/www.shqiperia.com\/blog\/wp-content\/uploads\/2019\/11\/Edi-Ramainat.jpg?fit=800%2C450&ssl=1","jetpack_sharing_enabled":true,"jetpack_shortlink":"https:\/\/wp.me\/p5Z6wp-7pS","jetpack-related-posts":[{"id":22680,"url":"https:\/\/www.shqiperia.com\/blog\/30-qershori-nje-dite-nul-per-demokracine-shqiptare\/","url_meta":{"origin":28512,"position":0},"title":"30 qershori, nj\u00eb dit\u00eb nul p\u00ebr demokracin\u00eb shqiptare.-","author":"Kurt Farka","date":"July 1, 2019","format":false,"excerpt":"30 qershori, nj\u00eb dit\u00eb nul p\u00ebr demokracin\u00eb shqiptare.- 01\/07\/19 Nga: Ervis Iljazaj Dita e djeshme, ishte ndoshta dita m\u00eb e turpshme e tranzicionit pothuajse 30-vje\u00e7ar t\u00eb Shqip\u00ebris\u00eb. Ishte ndoshta, dita q\u00eb e \u00e7oi demokracin\u00eb shqiptare vite pas, n\u00eb vend q\u00eb ta avanconte at\u00eb, ashtu sikurse \u00ebsht\u00eb q\u00ebllimi i zgjedhjeve n\u00eb\u2026","rel":"","context":"In &quot;Blogu i Udh\u00ebtarit&quot;","block_context":{"text":"Blogu i Udh\u00ebtarit","link":"https:\/\/www.shqiperia.com\/blog\/category\/blogu-i-udhetarit\/"},"img":{"alt_text":"","src":"https:\/\/i0.wp.com\/www.shqiperia.com\/blog\/wp-content\/uploads\/2019\/07\/ervisi-770x433.jpg?fit=770%2C433&ssl=1&resize=350%2C200","width":350,"height":200,"srcset":"https:\/\/i0.wp.com\/www.shqiperia.com\/blog\/wp-content\/uploads\/2019\/07\/ervisi-770x433.jpg?fit=770%2C433&ssl=1&resize=350%2C200 1x, https:\/\/i0.wp.com\/www.shqiperia.com\/blog\/wp-content\/uploads\/2019\/07\/ervisi-770x433.jpg?fit=770%2C433&ssl=1&resize=525%2C300 1.5x, https:\/\/i0.wp.com\/www.shqiperia.com\/blog\/wp-content\/uploads\/2019\/07\/ervisi-770x433.jpg?fit=770%2C433&ssl=1&resize=700%2C400 2x"},"classes":[]},{"id":17063,"url":"https:\/\/www.shqiperia.com\/blog\/para-protestes-basha-paralajmeron-qeverine-populli-do-marre-ne-dore-institucionet\/","url_meta":{"origin":28512,"position":1},"title":"Para protest\u00ebs, Basha paralajm\u00ebron qeverin\u00eb: Populli do marr\u00eb n\u00eb dor\u00eb institucionet\u2026-","author":"Kurt Farka","date":"February 7, 2019","format":false,"excerpt":"Para protest\u00ebs, Basha paralajm\u00ebron qeverin\u00eb: Populli do marr\u00eb n\u00eb dor\u00eb institucionet\u2026- 7 shkurt 2019 \u00a0 Nga foltorja e Kuvendit, kreu i opozit\u00ebs, Lulzim Basha, u shpreh sot se Kuvendi nuk ka asnj\u00eb lidhje me kriz\u00ebn dhe situat\u00ebn aktuale t\u00eb vendit dhe zgjidhja q\u00eb i duhet vendit, \u00ebsht\u00eb nj\u00eb qeveri tranzitore\u2026","rel":"","context":"In &quot;Blogu i Udh\u00ebtarit&quot;","block_context":{"text":"Blogu i Udh\u00ebtarit","link":"https:\/\/www.shqiperia.com\/blog\/category\/blogu-i-udhetarit\/"},"img":{"alt_text":"","src":"https:\/\/i0.wp.com\/www.shqiperia.com\/blog\/wp-content\/uploads\/2019\/02\/basha21.jpg?fit=820%2C430&ssl=1&resize=350%2C200","width":350,"height":200,"srcset":"https:\/\/i0.wp.com\/www.shqiperia.com\/blog\/wp-content\/uploads\/2019\/02\/basha21.jpg?fit=820%2C430&ssl=1&resize=350%2C200 1x, https:\/\/i0.wp.com\/www.shqiperia.com\/blog\/wp-content\/uploads\/2019\/02\/basha21.jpg?fit=820%2C430&ssl=1&resize=525%2C300 1.5x, https:\/\/i0.wp.com\/www.shqiperia.com\/blog\/wp-content\/uploads\/2019\/02\/basha21.jpg?fit=820%2C430&ssl=1&resize=700%2C400 2x"},"classes":[]},{"id":76643,"url":"https:\/\/www.shqiperia.com\/blog\/spartak-braho-kush-qe-mund-te-marre-frenat-e-foltores-rames-i-duhet-vene-frena-te-forta-dhe-kete-detyre-e-ka-opozita-pensionistet-jane-ne-krize-ekonomike-dhe-kane\/","url_meta":{"origin":28512,"position":2},"title":"Spartak Braho: &#8211; Ram\u00ebs i duhet v\u00ebn\u00eb frena t\u00eb forta dhe k\u00ebt\u00eb detyr\u00eb e ka opozita. &#8211; Pensionist\u00ebt jan\u00eb n\u00eb kriz\u00eb ekonomike dhe kan\u00eb probleme t\u00eb thella dhe nuk ka rezultate","author":"Kurt Farka","date":"December 25, 2023","format":false,"excerpt":"25 Dhjetor 2023 Ish-kreu i Komisionit t\u00eb Siguris\u00eb Komb\u00ebtare, nj\u00ebher\u00ebsh ish-deputeti i Partis\u00eb Socialiste, Spartak Braho ka komentuar situat\u00ebn politike n\u00eb vend, duke e ndalur theksin tek zhvillimet brenda opozit\u00ebs dhe \u00e7\u00ebshtjes \u201cBerisha\u201d. Gjat\u00eb nj\u00eb interviste p\u00ebr gazet\u00ebn \u201cSOT\u201d, ish-deputeti Braho thot\u00eb se nuk ka ngjashm\u00ebri n\u00eb lidhje me \u00e7\u00ebshtjen\u2026","rel":"","context":"In &quot;Blogu i Udh\u00ebtarit&quot;","block_context":{"text":"Blogu i Udh\u00ebtarit","link":"https:\/\/www.shqiperia.com\/blog\/category\/blogu-i-udhetarit\/"},"img":{"alt_text":"","src":"https:\/\/i0.wp.com\/www.shqiperia.com\/blog\/wp-content\/uploads\/2023\/12\/800-0-65894cb5a3772.jpg?fit=800%2C420&ssl=1&resize=350%2C200","width":350,"height":200,"srcset":"https:\/\/i0.wp.com\/www.shqiperia.com\/blog\/wp-content\/uploads\/2023\/12\/800-0-65894cb5a3772.jpg?fit=800%2C420&ssl=1&resize=350%2C200 1x, https:\/\/i0.wp.com\/www.shqiperia.com\/blog\/wp-content\/uploads\/2023\/12\/800-0-65894cb5a3772.jpg?fit=800%2C420&ssl=1&resize=525%2C300 1.5x, https:\/\/i0.wp.com\/www.shqiperia.com\/blog\/wp-content\/uploads\/2023\/12\/800-0-65894cb5a3772.jpg?fit=800%2C420&ssl=1&resize=700%2C400 2x"},"classes":[]},{"id":22362,"url":"https:\/\/www.shqiperia.com\/blog\/aktualisht-gjendja-ne-nje-qorrsokak-relradio-europa-e-lire-si-u-zhyt-shqiperia-ne-krize\/","url_meta":{"origin":28512,"position":3},"title":"\u201cAktualisht gjendja n\u00eb nj\u00eb qorrsokak\u201d- REL(Radio Europa e Lire): &#8211; Si u zhyt Shqip\u00ebria n\u00eb kriz\u00eb. &#8211;","author":"Kurt Farka","date":"June 26, 2019","format":false,"excerpt":"\u201cAktualisht gjendja n\u00eb nj\u00eb qorrsokak\u201d- REL(Radio Europa e Lire): - Si u zhyt Shqip\u00ebria n\u00eb kriz\u00eb. - Jun 26, 2019 Shqip\u00ebria ndodhet e zhytur n\u00eb nj\u00eb kriz\u00eb politike dhe institucionale. Partit\u00eb opozitare, Partia Demokratike dhe L\u00ebvizja Socialiste p\u00ebr Integrim, kan\u00eb djegur mandatet e tyre n\u00eb Kuvend dhe kan\u00eb vendosur t\u00eb\u2026","rel":"","context":"In &quot;Blogu i Udh\u00ebtarit&quot;","block_context":{"text":"Blogu i Udh\u00ebtarit","link":"https:\/\/www.shqiperia.com\/blog\/category\/blogu-i-udhetarit\/"},"img":{"alt_text":"","src":"https:\/\/i0.wp.com\/www.shqiperia.com\/blog\/wp-content\/uploads\/2019\/06\/Capture69.png?fit=852%2C449&ssl=1&resize=350%2C200","width":350,"height":200,"srcset":"https:\/\/i0.wp.com\/www.shqiperia.com\/blog\/wp-content\/uploads\/2019\/06\/Capture69.png?fit=852%2C449&ssl=1&resize=350%2C200 1x, https:\/\/i0.wp.com\/www.shqiperia.com\/blog\/wp-content\/uploads\/2019\/06\/Capture69.png?fit=852%2C449&ssl=1&resize=525%2C300 1.5x, https:\/\/i0.wp.com\/www.shqiperia.com\/blog\/wp-content\/uploads\/2019\/06\/Capture69.png?fit=852%2C449&ssl=1&resize=700%2C400 2x"},"classes":[]},{"id":23123,"url":"https:\/\/www.shqiperia.com\/blog\/mundesite-e-demokracise-shqiptare-jane-85-per-qind\/","url_meta":{"origin":28512,"position":4},"title":"Mund\u00ebsit\u00eb e demokracis\u00eb shqiptare jan\u00eb 85 p\u00ebr qind","author":"Kurt Farka","date":"July 15, 2019","format":false,"excerpt":"Mund\u00ebsit\u00eb e demokracis\u00eb shqiptare jan\u00eb 85 p\u00ebr qind Ervis Iljazaj Megjith\u00ebse kriza e politik\u00ebs shqiptare e momentit paraqitet si nj\u00eb kriz\u00eb institucionale, n\u00eb thelb ka vet\u00ebm nj\u00eb arsye, munges\u00ebn e p\u00ebrfaq\u00ebsimit politik dhe gar\u00ebs demokratike, e cila, n\u00ebse do t\u00eb zhvillohej me standardet e duhura, n\u00eb m\u00ebnyr\u00eb automatike do t\u00eb\u2026","rel":"","context":"In &quot;Blogu i Udh\u00ebtarit&quot;","block_context":{"text":"Blogu i Udh\u00ebtarit","link":"https:\/\/www.shqiperia.com\/blog\/category\/blogu-i-udhetarit\/"},"img":{"alt_text":"","src":"https:\/\/i0.wp.com\/www.shqiperia.com\/blog\/wp-content\/uploads\/2019\/07\/ervisi-770x433-1.jpg?fit=770%2C433&ssl=1&resize=350%2C200","width":350,"height":200,"srcset":"https:\/\/i0.wp.com\/www.shqiperia.com\/blog\/wp-content\/uploads\/2019\/07\/ervisi-770x433-1.jpg?fit=770%2C433&ssl=1&resize=350%2C200 1x, https:\/\/i0.wp.com\/www.shqiperia.com\/blog\/wp-content\/uploads\/2019\/07\/ervisi-770x433-1.jpg?fit=770%2C433&ssl=1&resize=525%2C300 1.5x, https:\/\/i0.wp.com\/www.shqiperia.com\/blog\/wp-content\/uploads\/2019\/07\/ervisi-770x433-1.jpg?fit=770%2C433&ssl=1&resize=700%2C400 2x"},"classes":[]},{"id":17855,"url":"https:\/\/www.shqiperia.com\/blog\/pjese-nga-intervista-e-moikom-zeqos-kriza-nuk-zgjidhet-nese-nuk-zhduket-origjina-e-negativitetit\/","url_meta":{"origin":28512,"position":5},"title":"Pjese nga intervista e Moikom Zeqos: -\u201cKriza nuk zgjidhet n\u00ebse nuk zhduket origjina e negativitetit\u201d. &#8211;","author":"Kurt Farka","date":"February 23, 2019","format":false,"excerpt":"... .\u00cbsht\u00eb pik\u00ebrisht juridiciteti kushtetues q\u00eb e p\u00ebrcakton pozit\u00ebn e kryeministrit si nj\u00eb pozit\u00eb jo vet\u00ebm p\u00ebr ata q\u00eb e kan\u00eb votuar, por dhe p\u00ebr ata q\u00eb nuk e kan\u00eb votuar. N\u00eb k\u00ebt\u00eb pik\u00eb duhet reflektuar shum\u00eb qart\u00ebsisht nga kryeministri. -Cila \u00ebsht\u00eb p\u00ebrgjegj\u00ebsia e mazhoranc\u00ebs n\u00eb k\u00ebt\u00eb pik\u00eb? -P\u00ebrgjegj\u00ebsia \u00ebsht\u00eb\u2026","rel":"","context":"In &quot;Blogu i Udh\u00ebtarit&quot;","block_context":{"text":"Blogu i Udh\u00ebtarit","link":"https:\/\/www.shqiperia.com\/blog\/category\/blogu-i-udhetarit\/"},"img":{"alt_text":"","src":"https:\/\/i0.wp.com\/www.shqiperia.com\/blog\/wp-content\/uploads\/2019\/02\/moikomi-dita-905x450.jpg?fit=905%2C450&ssl=1&resize=350%2C200","width":350,"height":200,"srcset":"https:\/\/i0.wp.com\/www.shqiperia.com\/blog\/wp-content\/uploads\/2019\/02\/moikomi-dita-905x450.jpg?fit=905%2C450&ssl=1&resize=350%2C200 1x, https:\/\/i0.wp.com\/www.shqiperia.com\/blog\/wp-content\/uploads\/2019\/02\/moikomi-dita-905x450.jpg?fit=905%2C450&ssl=1&resize=525%2C300 1.5x, https:\/\/i0.wp.com\/www.shqiperia.com\/blog\/wp-content\/uploads\/2019\/02\/moikomi-dita-905x450.jpg?fit=905%2C450&ssl=1&resize=700%2C400 2x"},"classes":[]}],"_links":{"self":[{"href":"https:\/\/www.shqiperia.com\/blog\/wp-json\/wp\/v2\/posts\/28512","targetHints":{"allow":["GET"]}}],"collection":[{"href":"https:\/\/www.shqiperia.com\/blog\/wp-json\/wp\/v2\/posts"}],"about":[{"href":"https:\/\/www.shqiperia.com\/blog\/wp-json\/wp\/v2\/types\/post"}],"author":[{"embeddable":true,"href":"https:\/\/www.shqiperia.com\/blog\/wp-json\/wp\/v2\/users\/9"}],"replies":[{"embeddable":true,"href":"https:\/\/www.shqiperia.com\/blog\/wp-json\/wp\/v2\/comments?post=28512"}],"version-history":[{"count":1,"href":"https:\/\/www.shqiperia.com\/blog\/wp-json\/wp\/v2\/posts\/28512\/revisions"}],"predecessor-version":[{"id":28514,"href":"https:\/\/www.shqiperia.com\/blog\/wp-json\/wp\/v2\/posts\/28512\/revisions\/28514"}],"wp:featuredmedia":[{"embeddable":true,"href":"https:\/\/www.shqiperia.com\/blog\/wp-json\/wp\/v2\/media\/28513"}],"wp:attachment":[{"href":"https:\/\/www.shqiperia.com\/blog\/wp-json\/wp\/v2\/media?parent=28512"}],"wp:term":[{"taxonomy":"category","embeddable":true,"href":"https:\/\/www.shqiperia.com\/blog\/wp-json\/wp\/v2\/categories?post=28512"},{"taxonomy":"post_tag","embeddable":true,"href":"https:\/\/www.shqiperia.com\/blog\/wp-json\/wp\/v2\/tags?post=28512"}],"curies":[{"name":"wp","href":"https:\/\/api.w.org\/{rel}","templated":true}]}}