{"id":28368,"date":"2019-11-21T02:40:42","date_gmt":"2019-11-21T02:40:42","guid":{"rendered":"https:\/\/www.shqiperia.com\/blog\/?p=28368"},"modified":"2019-11-21T02:40:42","modified_gmt":"2019-11-21T02:40:42","slug":"prokurori-nuk-ka-ankimim-nga-kandidatet-lista-i-kalon-kuvendit","status":"publish","type":"post","link":"https:\/\/www.shqiperia.com\/blog\/prokurori-nuk-ka-ankimim-nga-kandidatet-lista-i-kalon-kuvendit\/","title":{"rendered":"Prokurori, &#8211; nuk ka ankimim nga kandidat\u00ebt, lista i kalon Kuvendit. &#8211;"},"content":{"rendered":"<p><img data-recalc-dims=\"1\" loading=\"lazy\" decoding=\"async\" data-attachment-id=\"28369\" data-permalink=\"https:\/\/www.shqiperia.com\/blog\/prokurori-nuk-ka-ankimim-nga-kandidatet-lista-i-kalon-kuvendit\/screenshot_5-23-905x450\/\" data-orig-file=\"https:\/\/i0.wp.com\/www.shqiperia.com\/blog\/wp-content\/uploads\/2019\/11\/Screenshot_5-23-905x450.jpg?fit=905%2C450&amp;ssl=1\" data-orig-size=\"905,450\" data-comments-opened=\"1\" data-image-meta=\"{&quot;aperture&quot;:&quot;0&quot;,&quot;credit&quot;:&quot;&quot;,&quot;camera&quot;:&quot;&quot;,&quot;caption&quot;:&quot;&quot;,&quot;created_timestamp&quot;:&quot;0&quot;,&quot;copyright&quot;:&quot;&quot;,&quot;focal_length&quot;:&quot;0&quot;,&quot;iso&quot;:&quot;0&quot;,&quot;shutter_speed&quot;:&quot;0&quot;,&quot;title&quot;:&quot;&quot;,&quot;orientation&quot;:&quot;0&quot;}\" data-image-title=\"Screenshot_5-23-905&#215;450\" data-image-description=\"\" data-image-caption=\"\" data-medium-file=\"https:\/\/i0.wp.com\/www.shqiperia.com\/blog\/wp-content\/uploads\/2019\/11\/Screenshot_5-23-905x450.jpg?fit=300%2C149&amp;ssl=1\" data-large-file=\"https:\/\/i0.wp.com\/www.shqiperia.com\/blog\/wp-content\/uploads\/2019\/11\/Screenshot_5-23-905x450.jpg?fit=905%2C450&amp;ssl=1\" class=\"alignnone  wp-image-28369\" alt=\"\" src=\"https:\/\/i0.wp.com\/www.shqiperia.com\/blog\/wp-content\/uploads\/2019\/11\/Screenshot_5-23-905x450.jpg?resize=576%2C286&#038;ssl=1\" width=\"576\" height=\"286\" srcset=\"https:\/\/i0.wp.com\/www.shqiperia.com\/blog\/wp-content\/uploads\/2019\/11\/Screenshot_5-23-905x450.jpg?resize=300%2C149&amp;ssl=1 300w, https:\/\/i0.wp.com\/www.shqiperia.com\/blog\/wp-content\/uploads\/2019\/11\/Screenshot_5-23-905x450.jpg?resize=768%2C382&amp;ssl=1 768w, https:\/\/i0.wp.com\/www.shqiperia.com\/blog\/wp-content\/uploads\/2019\/11\/Screenshot_5-23-905x450.jpg?resize=450%2C224&amp;ssl=1 450w, https:\/\/i0.wp.com\/www.shqiperia.com\/blog\/wp-content\/uploads\/2019\/11\/Screenshot_5-23-905x450.jpg?resize=600%2C298&amp;ssl=1 600w, https:\/\/i0.wp.com\/www.shqiperia.com\/blog\/wp-content\/uploads\/2019\/11\/Screenshot_5-23-905x450.jpg?resize=400%2C199&amp;ssl=1 400w, https:\/\/i0.wp.com\/www.shqiperia.com\/blog\/wp-content\/uploads\/2019\/11\/Screenshot_5-23-905x450.jpg?resize=905%2C450&amp;ssl=1 905w\" sizes=\"auto, (max-width: 576px) 100vw, 576px\" \/><\/p>\n<p><strong>Prokurori, &#8211; nuk ka ankimim nga kandidat\u00ebt, lista i kalon Kuvendit<\/strong><\/p>\n<p>20 nentor\u00a0 \u00a02019<\/p>\n<p>Ka skaduar pasditen e sotme pas or\u00ebs 16:00, afati p\u00ebr ankimimin e list\u00ebs s\u00eb kandidat\u00ebve p\u00ebr Prokuror t\u00eb P\u00ebrgjithsh\u00ebm.<\/p>\n<p>Lista tani i kalon Kuvendit, i cili ka 30 dit\u00eb afat p\u00ebr t\u00eb zgjedhur Prokurorin e P\u00ebrgjithsh\u00ebm.<\/p>\n<p>Fillimisht lista me 3 emrat; Olsian \u00c7ela, Arta Marku dhe Fatjona Mem\u00e7aj shkon n\u00eb komisionin e ligjeve dhe m\u00eb pas n\u00eb Kuvend.<\/p>\n<p>N\u00ebse Kuvendi nuk zgjedh me 84 vota lista kthehet n\u00eb KLP dhe i rendituri i pari zgjidhet Prokuror i P\u00ebrgjithsh\u00ebm.<\/p>\n<p><em>Renditja e kandidat\u00ebve<\/em><\/p>\n<p><em>459 Olsian \u00c7ELA<\/em><br \/>\n<em>406 Arta Marku<\/em><br \/>\n<em>362 Fatjona Mem\u00e7aj<\/em><\/p>\n<p>Nga: Gazeta dita<\/p>\n","protected":false},"excerpt":{"rendered":"<p>Prokurori, &#8211; nuk ka ankimim nga kandidat\u00ebt, lista i kalon Kuvendit 20 nentor\u00a0 \u00a02019 Ka skaduar pasditen e sotme pas or\u00ebs 16:00, afati p\u00ebr ankimimin e list\u00ebs s\u00eb kandidat\u00ebve p\u00ebr Prokuror t\u00eb P\u00ebrgjithsh\u00ebm. Lista tani i kalon Kuvendit, i cili ka 30 dit\u00eb afat p\u00ebr t\u00eb zgjedhur Prokurorin e P\u00ebrgjithsh\u00ebm. Fillimisht lista me 3 emrat; [&hellip;]<\/p>\n","protected":false},"author":9,"featured_media":28369,"comment_status":"open","ping_status":"open","sticky":false,"template":"","format":"standard","meta":{"jetpack_post_was_ever_published":false,"_jetpack_newsletter_access":"","_jetpack_dont_email_post_to_subs":false,"_jetpack_newsletter_tier_id":0,"_jetpack_memberships_contains_paywalled_content":false,"_jetpack_memberships_contains_paid_content":false,"footnotes":"","jetpack_publicize_message":"","jetpack_publicize_feature_enabled":true,"jetpack_social_post_already_shared":true,"jetpack_social_options":{"image_generator_settings":{"template":"highway","default_image_id":0,"font":"","enabled":false},"version":2}},"categories":[27,1],"tags":[],"class_list":["post-28368","post","type-post","status-publish","format-standard","has-post-thumbnail","hentry","category-blogu-i-udhetarit","category-njoftime-shtypi"],"jetpack_publicize_connections":[],"jetpack_featured_media_url":"https:\/\/i0.wp.com\/www.shqiperia.com\/blog\/wp-content\/uploads\/2019\/11\/Screenshot_5-23-905x450.jpg?fit=905%2C450&ssl=1","jetpack_sharing_enabled":true,"jetpack_shortlink":"https:\/\/wp.me\/p5Z6wp-7ny","jetpack-related-posts":[{"id":104904,"url":"https:\/\/www.shqiperia.com\/blog\/kryeministri-shqiptar-shton-drekat-e-luksit-dhe-hotelet-me-5-yje-per-qeverine-e-tij\/","url_meta":{"origin":28368,"position":0},"title":"Kryeministri shqiptar shton drekat e luksit dhe hotelet me 5 yje p\u00ebr qeverin\u00eb e tij","author":"Kurt Farka","date":"August 21, 2026","format":false,"excerpt":"21 Gusht 2026 N\u00eb nj\u00eb koh\u00eb kur shumica e familjeve shqiptare p\u00ebrballen \u00e7do muaj me sfidat e kostos s\u00eb jetes\u00ebs, rritjen e \u00e7mimeve t\u00eb shport\u00ebs dhe menaxhimin me v\u00ebshtir\u00ebsi t\u00eb faturave Mujore, K\u00ebshilli i Ministrave ka miratuar nj\u00eb kuad\u00ebr t\u00eb ri normativ q\u00eb rrit n\u00eb m\u00ebnyr\u00eb t\u00eb konsiderueshme plafonin e\u2026","rel":"","context":"In &quot;Blogu i Udh\u00ebtarit&quot;","block_context":{"text":"Blogu i Udh\u00ebtarit","link":"https:\/\/www.shqiperia.com\/blog\/category\/blogu-i-udhetarit\/"},"img":{"alt_text":"","src":"https:\/\/i0.wp.com\/www.shqiperia.com\/blog\/wp-content\/uploads\/2026\/08\/foto-5-6a880c6c63a70.jpg?fit=1200%2C655&ssl=1&resize=350%2C200","width":350,"height":200,"srcset":"https:\/\/i0.wp.com\/www.shqiperia.com\/blog\/wp-content\/uploads\/2026\/08\/foto-5-6a880c6c63a70.jpg?fit=1200%2C655&ssl=1&resize=350%2C200 1x, https:\/\/i0.wp.com\/www.shqiperia.com\/blog\/wp-content\/uploads\/2026\/08\/foto-5-6a880c6c63a70.jpg?fit=1200%2C655&ssl=1&resize=525%2C300 1.5x, https:\/\/i0.wp.com\/www.shqiperia.com\/blog\/wp-content\/uploads\/2026\/08\/foto-5-6a880c6c63a70.jpg?fit=1200%2C655&ssl=1&resize=700%2C400 2x, https:\/\/i0.wp.com\/www.shqiperia.com\/blog\/wp-content\/uploads\/2026\/08\/foto-5-6a880c6c63a70.jpg?fit=1200%2C655&ssl=1&resize=1050%2C600 3x"},"classes":[]},{"id":16780,"url":"https:\/\/www.shqiperia.com\/blog\/bujar-sheshi-opozita-kallezim-penal-ne-prokurori-hetim-arta-markut-dhe-pezullim-nga-detyra\/","url_meta":{"origin":28368,"position":1},"title":"\u201cBujar Sheshi\u201d, Opozita kall\u00ebzim penal n\u00eb Prokurori: Hetim Arta Markut dhe pezullim nga detyra","author":"Kurt Farka","date":"January 31, 2019","format":false,"excerpt":"\u201cBujar Sheshi\u201d, Opozita kall\u00ebzim penal n\u00eb Prokurori: Hetim Arta Markut dhe pezullim nga detyra 29 janar 2019 Krer\u00ebt e grupeve parlamentare t\u00eb opozit\u00ebs, Vasili dhe Spaho, kan\u00eb depozituar n\u00eb prokurorin\u00eb e Tiran\u00ebs nj\u00eb kall\u00ebzim penal ndaj kryeprokurores Arta Marku. N\u00eb dokumentin e depozituar n\u00eb organin e akuz\u00ebs k\u00ebrkohet q\u00eb t\u00eb\u2026","rel":"","context":"In &quot;Blogu i Udh\u00ebtarit&quot;","block_context":{"text":"Blogu i Udh\u00ebtarit","link":"https:\/\/www.shqiperia.com\/blog\/category\/blogu-i-udhetarit\/"},"img":{"alt_text":"","src":"https:\/\/i0.wp.com\/www.shqiperia.com\/blog\/wp-content\/uploads\/2019\/01\/989c0783-4959-4596-97b2-9db3a37c8cbe.jpg?fit=840%2C424&ssl=1&resize=350%2C200","width":350,"height":200,"srcset":"https:\/\/i0.wp.com\/www.shqiperia.com\/blog\/wp-content\/uploads\/2019\/01\/989c0783-4959-4596-97b2-9db3a37c8cbe.jpg?fit=840%2C424&ssl=1&resize=350%2C200 1x, https:\/\/i0.wp.com\/www.shqiperia.com\/blog\/wp-content\/uploads\/2019\/01\/989c0783-4959-4596-97b2-9db3a37c8cbe.jpg?fit=840%2C424&ssl=1&resize=525%2C300 1.5x, https:\/\/i0.wp.com\/www.shqiperia.com\/blog\/wp-content\/uploads\/2019\/01\/989c0783-4959-4596-97b2-9db3a37c8cbe.jpg?fit=840%2C424&ssl=1&resize=700%2C400 2x"},"classes":[]},{"id":103130,"url":"https:\/\/www.shqiperia.com\/blog\/kuvendi-nga-jashte-ne-rrethim-nga-policia-dera-e-kuvendit-e-bllokuar-nga-gardiste-largojne-dhe-gazetaret\/","url_meta":{"origin":28368,"position":2},"title":"Kuvendi nga jasht\u00eb ne rrethim nga Policia. Dera e Kuvendit e bllokuar nga Gardiste, largojne dhe gazetar\u00ebt.","author":"Kurt Farka","date":"July 23, 2026","format":false,"excerpt":"23 Korrik 2026 Tek Dera e Kuvendit kontroll deputeteve te opozites. Nga Garda e Republkes nuk lejohen te hyjne disa deputet te Opozites. Ka\u00a0 deputet qe bllokohen dhe nuk lejohen te hyjne. Debati i acaruar \u00ebshte per deputetn Shehu, Gardistet mbyllin deren e Kuvendit. Garda largon nga hyrja e Kuvendit\u2026","rel":"","context":"In &quot;Blogu i Udh\u00ebtarit&quot;","block_context":{"text":"Blogu i Udh\u00ebtarit","link":"https:\/\/www.shqiperia.com\/blog\/category\/blogu-i-udhetarit\/"},"img":{"alt_text":"","src":"https:\/\/i0.wp.com\/www.shqiperia.com\/blog\/wp-content\/uploads\/2026\/07\/protesta23-433x300-1.jpg?fit=433%2C300&ssl=1&resize=350%2C200","width":350,"height":200},"classes":[]},{"id":102146,"url":"https:\/\/www.shqiperia.com\/blog\/protesta-para-kuvendit-rama-nga-takimi-me-pensioniste-sorra-dhe-korba-monopolin-e-forces-e-ka-shteti\/","url_meta":{"origin":28368,"position":3},"title":"Protesta para Kuvendit, Rama nga takimi me pensionist\u00eb: \u2018Sorra dhe korba, monopolin e forc\u00ebs e ka shteti","author":"Kurt Farka","date":"July 2, 2026","format":false,"excerpt":"2 Korrik 2026 Rama i frikesuar nuk shkon ne Kuvend por bisedon me disa pensionist te perzgjedhur. Rama ka folur gjat\u00eb nj\u00eb takimi me pensionist\u00ebt sot n\u00eb m\u00ebngjes p\u00ebr situat\u00ebn para Kuvendit. Sipas tij n\u00eb demokraci monopolin e forc\u00ebs e ka shteti dhe n\u00ebse sulmohen deputet\u00ebt, at\u00ebher\u00eb sipas kryeministrit, protestuesit\u2026","rel":"","context":"In &quot;Blogu i Udh\u00ebtarit&quot;","block_context":{"text":"Blogu i Udh\u00ebtarit","link":"https:\/\/www.shqiperia.com\/blog\/category\/blogu-i-udhetarit\/"},"img":{"alt_text":"","src":"https:\/\/i0.wp.com\/www.shqiperia.com\/blog\/wp-content\/uploads\/2026\/07\/Screenshot_20260702_102326_Gallery-1536x1276-1.jpg?fit=1200%2C997&ssl=1&resize=350%2C200","width":350,"height":200,"srcset":"https:\/\/i0.wp.com\/www.shqiperia.com\/blog\/wp-content\/uploads\/2026\/07\/Screenshot_20260702_102326_Gallery-1536x1276-1.jpg?fit=1200%2C997&ssl=1&resize=350%2C200 1x, https:\/\/i0.wp.com\/www.shqiperia.com\/blog\/wp-content\/uploads\/2026\/07\/Screenshot_20260702_102326_Gallery-1536x1276-1.jpg?fit=1200%2C997&ssl=1&resize=525%2C300 1.5x, https:\/\/i0.wp.com\/www.shqiperia.com\/blog\/wp-content\/uploads\/2026\/07\/Screenshot_20260702_102326_Gallery-1536x1276-1.jpg?fit=1200%2C997&ssl=1&resize=700%2C400 2x, https:\/\/i0.wp.com\/www.shqiperia.com\/blog\/wp-content\/uploads\/2026\/07\/Screenshot_20260702_102326_Gallery-1536x1276-1.jpg?fit=1200%2C997&ssl=1&resize=1050%2C600 3x"},"classes":[]},{"id":104835,"url":"https:\/\/www.shqiperia.com\/blog\/vendimi-presidenti-kryeministri-dhe-ministrat-ne-hotele-me-5-yje-deputetet-ne-hotele-me-4-yje-ndersa-administrata-ne-hotele-me-3-yje\/","url_meta":{"origin":28368,"position":4},"title":"VENDIMI: Presidenti, kryeministri dhe ministrat n\u00eb hotele me 5 yje, deputet\u00ebt n\u00eb hotele me 4 yj\u00eb, nd\u00ebrsa administrata n\u00eb hotele me 3 yje","author":"Kurt Farka","date":"August 20, 2026","format":false,"excerpt":"20 Gusht 2026 Qeveria ka p\u00ebrdit\u00ebsuar, p\u00ebrmes nj\u00eb vendimi t\u00eb ri, rregullat p\u00ebr shpenzimet e zyrtar\u00ebve t\u00eb lart\u00eb t\u00eb shtetit dhe punonj\u00ebsve t\u00eb administrat\u00ebs publike gjat\u00eb sh\u00ebrbimeve jasht\u00eb vendit. Ky \u00ebsht\u00eb dokumenti i rregullores s\u00eb re, hyr\u00eb n\u00eb fuqi n\u00eb fund t\u00eb korrikut dhe p\u00ebrcakton n\u00eb m\u00ebnyr\u00eb t\u00eb detajuar kriteret\u2026","rel":"","context":"In &quot;Njoftime Shtypi&quot;","block_context":{"text":"Njoftime Shtypi","link":"https:\/\/www.shqiperia.com\/blog\/category\/njoftime-shtypi\/"},"img":{"alt_text":"","src":"https:\/\/i0.wp.com\/www.shqiperia.com\/blog\/wp-content\/uploads\/2026\/08\/640-0-ramabegajzgjedhja-1654367618.jpeg?fit=640%2C456&ssl=1&resize=350%2C200","width":350,"height":200,"srcset":"https:\/\/i0.wp.com\/www.shqiperia.com\/blog\/wp-content\/uploads\/2026\/08\/640-0-ramabegajzgjedhja-1654367618.jpeg?fit=640%2C456&ssl=1&resize=350%2C200 1x, https:\/\/i0.wp.com\/www.shqiperia.com\/blog\/wp-content\/uploads\/2026\/08\/640-0-ramabegajzgjedhja-1654367618.jpeg?fit=640%2C456&ssl=1&resize=525%2C300 1.5x"},"classes":[]},{"id":102082,"url":"https:\/\/www.shqiperia.com\/blog\/protestuesit-u-terhoqen-zvarre-para-kuvendit-eurodeputetja-paulus-reagon-pas-perplasjeve-ne-tirane-dhuna-0820-01-07-2026-a-a-protestuesit-u-terhoqen-zvarre-para-kuvendit-eurodeputetja\/","url_meta":{"origin":28368,"position":5},"title":"Protestuesit u t\u00ebrhoq\u00ebn zvarr\u00eb para Kuvendit, eurodeputetja Paulus reagon pas p\u00ebrplasjeve n\u00eb Tiran\u00eb: Dhuna\u2026   08:20 | 01\/07\/2026 A A Protestuesit u t\u00ebrhoq\u00ebn zvarr\u00eb para Kuvendit, eurodeputetja Paulus reagon pas p\u00ebrplasjeve n\u00eb Tiran\u00eb: Dhuna\u2026 Eurodeputetja","author":"Kurt Farka","date":"July 1, 2026","format":false,"excerpt":"1 Korrik 2026 Eurodeputetja gjermane e grupit t\u00eb t\u00eb Gjelb\u00ebrve n\u00eb Parlamentin Evropian, Jutta Paulus, ka reaguar pas incidenteve mes protestuesve dhe policis\u00eb n\u00eb Tiran\u00eb, duke theksuar se \u00e7do form\u00eb dhune \u00ebsht\u00eb e papranueshme. N\u00eb nj\u00eb prononcim p\u00ebr Politico, Paulus tha se kishte marr\u00eb pjes\u00eb n\u00eb protest\u00ebn e s\u00eb h\u00ebn\u00ebs,\u2026","rel":"","context":"In &quot;Blogu i Udh\u00ebtarit&quot;","block_context":{"text":"Blogu i Udh\u00ebtarit","link":"https:\/\/www.shqiperia.com\/blog\/category\/blogu-i-udhetarit\/"},"img":{"alt_text":"","src":"https:\/\/i0.wp.com\/www.shqiperia.com\/blog\/wp-content\/uploads\/2026\/07\/polici-qellon-gent-prognin-1140x570-1.jpg?fit=1140%2C570&ssl=1&resize=350%2C200","width":350,"height":200,"srcset":"https:\/\/i0.wp.com\/www.shqiperia.com\/blog\/wp-content\/uploads\/2026\/07\/polici-qellon-gent-prognin-1140x570-1.jpg?fit=1140%2C570&ssl=1&resize=350%2C200 1x, https:\/\/i0.wp.com\/www.shqiperia.com\/blog\/wp-content\/uploads\/2026\/07\/polici-qellon-gent-prognin-1140x570-1.jpg?fit=1140%2C570&ssl=1&resize=525%2C300 1.5x, https:\/\/i0.wp.com\/www.shqiperia.com\/blog\/wp-content\/uploads\/2026\/07\/polici-qellon-gent-prognin-1140x570-1.jpg?fit=1140%2C570&ssl=1&resize=700%2C400 2x, https:\/\/i0.wp.com\/www.shqiperia.com\/blog\/wp-content\/uploads\/2026\/07\/polici-qellon-gent-prognin-1140x570-1.jpg?fit=1140%2C570&ssl=1&resize=1050%2C600 3x"},"classes":[]}],"_links":{"self":[{"href":"https:\/\/www.shqiperia.com\/blog\/wp-json\/wp\/v2\/posts\/28368","targetHints":{"allow":["GET"]}}],"collection":[{"href":"https:\/\/www.shqiperia.com\/blog\/wp-json\/wp\/v2\/posts"}],"about":[{"href":"https:\/\/www.shqiperia.com\/blog\/wp-json\/wp\/v2\/types\/post"}],"author":[{"embeddable":true,"href":"https:\/\/www.shqiperia.com\/blog\/wp-json\/wp\/v2\/users\/9"}],"replies":[{"embeddable":true,"href":"https:\/\/www.shqiperia.com\/blog\/wp-json\/wp\/v2\/comments?post=28368"}],"version-history":[{"count":1,"href":"https:\/\/www.shqiperia.com\/blog\/wp-json\/wp\/v2\/posts\/28368\/revisions"}],"predecessor-version":[{"id":28370,"href":"https:\/\/www.shqiperia.com\/blog\/wp-json\/wp\/v2\/posts\/28368\/revisions\/28370"}],"wp:featuredmedia":[{"embeddable":true,"href":"https:\/\/www.shqiperia.com\/blog\/wp-json\/wp\/v2\/media\/28369"}],"wp:attachment":[{"href":"https:\/\/www.shqiperia.com\/blog\/wp-json\/wp\/v2\/media?parent=28368"}],"wp:term":[{"taxonomy":"category","embeddable":true,"href":"https:\/\/www.shqiperia.com\/blog\/wp-json\/wp\/v2\/categories?post=28368"},{"taxonomy":"post_tag","embeddable":true,"href":"https:\/\/www.shqiperia.com\/blog\/wp-json\/wp\/v2\/tags?post=28368"}],"curies":[{"name":"wp","href":"https:\/\/api.w.org\/{rel}","templated":true}]}}