{"id":28340,"date":"2019-11-20T21:44:49","date_gmt":"2019-11-20T21:44:49","guid":{"rendered":"https:\/\/www.shqiperia.com\/blog\/?p=28340"},"modified":"2019-11-20T21:47:47","modified_gmt":"2019-11-20T21:47:47","slug":"muzeu-shtepija-e-kadares-gjirokaster-album","status":"publish","type":"post","link":"https:\/\/www.shqiperia.com\/blog\/muzeu-shtepija-e-kadares-gjirokaster-album\/","title":{"rendered":"MUZEU &#8211; &#8220;SHT\u00cbPIJA e KADARES&#8221;, Gjirokaster. (Album). &#8211;"},"content":{"rendered":"<p><img data-recalc-dims=\"1\" loading=\"lazy\" decoding=\"async\" data-attachment-id=\"28342\" data-permalink=\"https:\/\/www.shqiperia.com\/blog\/muzeu-shtepija-e-kadares-gjirokaster-album\/1-ismail-kadare-house-gjirokastra-2\/\" data-orig-file=\"https:\/\/i0.wp.com\/www.shqiperia.com\/blog\/wp-content\/uploads\/2019\/11\/1-Ismail-Kadare-House-Gjirokastra-1-1.jpg?fit=770%2C490&amp;ssl=1\" data-orig-size=\"770,490\" data-comments-opened=\"1\" data-image-meta=\"{&quot;aperture&quot;:&quot;8&quot;,&quot;credit&quot;:&quot;&quot;,&quot;camera&quot;:&quot;Canon EOS 200D&quot;,&quot;caption&quot;:&quot;&quot;,&quot;created_timestamp&quot;:&quot;1552554987&quot;,&quot;copyright&quot;:&quot;&quot;,&quot;focal_length&quot;:&quot;38&quot;,&quot;iso&quot;:&quot;800&quot;,&quot;shutter_speed&quot;:&quot;0.0025&quot;,&quot;title&quot;:&quot;&quot;,&quot;orientation&quot;:&quot;1&quot;}\" data-image-title=\"1 Ismail-Kadare-House-Gjirokastra-\" data-image-description=\"\" data-image-caption=\"\" data-medium-file=\"https:\/\/i0.wp.com\/www.shqiperia.com\/blog\/wp-content\/uploads\/2019\/11\/1-Ismail-Kadare-House-Gjirokastra-1-1.jpg?fit=300%2C191&amp;ssl=1\" data-large-file=\"https:\/\/i0.wp.com\/www.shqiperia.com\/blog\/wp-content\/uploads\/2019\/11\/1-Ismail-Kadare-House-Gjirokastra-1-1.jpg?fit=770%2C490&amp;ssl=1\" class=\"alignnone wp-image-28342\" alt=\"\" src=\"https:\/\/i0.wp.com\/www.shqiperia.com\/blog\/wp-content\/uploads\/2019\/11\/1-Ismail-Kadare-House-Gjirokastra-1-1.jpg?resize=569%2C362&#038;ssl=1\" width=\"569\" height=\"362\" srcset=\"https:\/\/i0.wp.com\/www.shqiperia.com\/blog\/wp-content\/uploads\/2019\/11\/1-Ismail-Kadare-House-Gjirokastra-1-1.jpg?resize=300%2C191&amp;ssl=1 300w, https:\/\/i0.wp.com\/www.shqiperia.com\/blog\/wp-content\/uploads\/2019\/11\/1-Ismail-Kadare-House-Gjirokastra-1-1.jpg?resize=768%2C489&amp;ssl=1 768w, https:\/\/i0.wp.com\/www.shqiperia.com\/blog\/wp-content\/uploads\/2019\/11\/1-Ismail-Kadare-House-Gjirokastra-1-1.jpg?resize=450%2C286&amp;ssl=1 450w, https:\/\/i0.wp.com\/www.shqiperia.com\/blog\/wp-content\/uploads\/2019\/11\/1-Ismail-Kadare-House-Gjirokastra-1-1.jpg?resize=600%2C382&amp;ssl=1 600w, https:\/\/i0.wp.com\/www.shqiperia.com\/blog\/wp-content\/uploads\/2019\/11\/1-Ismail-Kadare-House-Gjirokastra-1-1.jpg?resize=400%2C255&amp;ssl=1 400w, https:\/\/i0.wp.com\/www.shqiperia.com\/blog\/wp-content\/uploads\/2019\/11\/1-Ismail-Kadare-House-Gjirokastra-1-1.jpg?w=770&amp;ssl=1 770w\" sizes=\"auto, (max-width: 569px) 100vw, 569px\" \/><\/p>\n<p>MUZEU &#8211; &#8220;SHT\u00cbPIJA e KADARES&#8221;, Gjirokaster. (Album). &#8211;<\/p>\n<p>Sht\u00ebpia e shkrimtarit shqiptar me fam\u00eb bot\u00ebrore, Ismail Kadare \u00ebsht\u00eb kthyer n\u00eb muze, dhe \u00ebsht\u00eb i hapur p\u00ebr publikun. N\u00eb k\u00ebt\u00eb sht\u00ebpi lindi dhe kaloi f\u00ebmij\u00ebrin\u00eb e tij, Ismail Kadare.<\/p>\n<p><img data-recalc-dims=\"1\" loading=\"lazy\" decoding=\"async\" data-attachment-id=\"28343\" data-permalink=\"https:\/\/www.shqiperia.com\/blog\/muzeu-shtepija-e-kadares-gjirokaster-album\/muzeu-shtepija-e-kadares-gjirokaster-2\/\" data-orig-file=\"https:\/\/i0.wp.com\/www.shqiperia.com\/blog\/wp-content\/uploads\/2019\/11\/MUZEU-SHT%C3%8BPIJA-E-KADARES-GJIROKASTER.-2.jpg?fit=300%2C200&amp;ssl=1\" data-orig-size=\"300,200\" data-comments-opened=\"1\" data-image-meta=\"{&quot;aperture&quot;:&quot;0&quot;,&quot;credit&quot;:&quot;&quot;,&quot;camera&quot;:&quot;&quot;,&quot;caption&quot;:&quot;&quot;,&quot;created_timestamp&quot;:&quot;0&quot;,&quot;copyright&quot;:&quot;&quot;,&quot;focal_length&quot;:&quot;0&quot;,&quot;iso&quot;:&quot;0&quot;,&quot;shutter_speed&quot;:&quot;0&quot;,&quot;title&quot;:&quot;&quot;,&quot;orientation&quot;:&quot;0&quot;}\" data-image-title=\"MUZEU &#8211; SHT\u00cbPIJA E KADARES, GJIROKASTER. (2)\" data-image-description=\"\" data-image-caption=\"\" data-medium-file=\"https:\/\/i0.wp.com\/www.shqiperia.com\/blog\/wp-content\/uploads\/2019\/11\/MUZEU-SHT%C3%8BPIJA-E-KADARES-GJIROKASTER.-2.jpg?fit=300%2C200&amp;ssl=1\" data-large-file=\"https:\/\/i0.wp.com\/www.shqiperia.com\/blog\/wp-content\/uploads\/2019\/11\/MUZEU-SHT%C3%8BPIJA-E-KADARES-GJIROKASTER.-2.jpg?fit=300%2C200&amp;ssl=1\" class=\"alignnone wp-image-28343\" alt=\"\" src=\"https:\/\/i0.wp.com\/www.shqiperia.com\/blog\/wp-content\/uploads\/2019\/11\/MUZEU-SHT%C3%8BPIJA-E-KADARES-GJIROKASTER.-2.jpg?resize=542%2C361&#038;ssl=1\" width=\"542\" height=\"361\" \/><\/p>\n<p>Sht\u00ebpia duket e njohur p\u00ebr ata q\u00eb kan\u00eb lexuar librin e tij \u201cKronik\u00eb n\u00eb gur\u201d ku ai p\u00ebrshkruan \u00e7do qoshe t\u00eb sht\u00ebpis\u00eb. Gjat\u00eb vizit\u00ebs suaj, do t\u00eb imagjinoni Kadaren\u00eb si nj\u00eb djal\u00eb t\u00eb vog\u00ebl q\u00eb q\u00ebndron pran\u00eb dritares dhe d\u00ebshmon jo vet\u00ebm ecejaket e gjysherve dhe personazheve t\u00eb tjer\u00eb t\u00eb librit t\u00eb tij, por dhe mjaft episode t\u00eb luft\u00ebs s\u00eb dyt\u00eb bot\u00ebrore.<\/p>\n<div id=\"attachment_28344\" style=\"width: 740px\" class=\"wp-caption alignnone\"><img data-recalc-dims=\"1\" loading=\"lazy\" decoding=\"async\" aria-describedby=\"caption-attachment-28344\" data-attachment-id=\"28344\" data-permalink=\"https:\/\/www.shqiperia.com\/blog\/muzeu-shtepija-e-kadares-gjirokaster-album\/motra-e-kadarese-ne-muzeun-shtepija-e-kadares-gjirokaster-5\/\" data-orig-file=\"https:\/\/i0.wp.com\/www.shqiperia.com\/blog\/wp-content\/uploads\/2019\/11\/Motra-e-Kadarese-ne-MUZEUN-SHT%C3%8BPIJA-E-KADARES-GJIROKASTER.-5.jpg?fit=720%2C404&amp;ssl=1\" data-orig-size=\"720,404\" data-comments-opened=\"1\" data-image-meta=\"{&quot;aperture&quot;:&quot;0&quot;,&quot;credit&quot;:&quot;&quot;,&quot;camera&quot;:&quot;&quot;,&quot;caption&quot;:&quot;&quot;,&quot;created_timestamp&quot;:&quot;0&quot;,&quot;copyright&quot;:&quot;&quot;,&quot;focal_length&quot;:&quot;0&quot;,&quot;iso&quot;:&quot;0&quot;,&quot;shutter_speed&quot;:&quot;0&quot;,&quot;title&quot;:&quot;&quot;,&quot;orientation&quot;:&quot;0&quot;}\" data-image-title=\"Motra e Kadarese ne MUZEUN &#8211; SHT\u00cbPIJA E KADARES, GJIROKASTER. (5)\" data-image-description=\"\" data-image-caption=\"&lt;p&gt;Motra e  Kadarese ne MUZEUN &#8211; SHT\u00cbPIJA E KADARES, GJIROKASTER.&lt;\/p&gt;\n\" data-medium-file=\"https:\/\/i0.wp.com\/www.shqiperia.com\/blog\/wp-content\/uploads\/2019\/11\/Motra-e-Kadarese-ne-MUZEUN-SHT%C3%8BPIJA-E-KADARES-GJIROKASTER.-5.jpg?fit=300%2C168&amp;ssl=1\" data-large-file=\"https:\/\/i0.wp.com\/www.shqiperia.com\/blog\/wp-content\/uploads\/2019\/11\/Motra-e-Kadarese-ne-MUZEUN-SHT%C3%8BPIJA-E-KADARES-GJIROKASTER.-5.jpg?fit=720%2C404&amp;ssl=1\" class=\" wp-image-28344\" alt=\"\" src=\"https:\/\/i0.wp.com\/www.shqiperia.com\/blog\/wp-content\/uploads\/2019\/11\/Motra-e-Kadarese-ne-MUZEUN-SHT%C3%8BPIJA-E-KADARES-GJIROKASTER.-5.jpg?resize=730%2C409&#038;ssl=1\" width=\"730\" height=\"409\" srcset=\"https:\/\/i0.wp.com\/www.shqiperia.com\/blog\/wp-content\/uploads\/2019\/11\/Motra-e-Kadarese-ne-MUZEUN-SHT%C3%8BPIJA-E-KADARES-GJIROKASTER.-5.jpg?resize=300%2C168&amp;ssl=1 300w, https:\/\/i0.wp.com\/www.shqiperia.com\/blog\/wp-content\/uploads\/2019\/11\/Motra-e-Kadarese-ne-MUZEUN-SHT%C3%8BPIJA-E-KADARES-GJIROKASTER.-5.jpg?resize=450%2C253&amp;ssl=1 450w, https:\/\/i0.wp.com\/www.shqiperia.com\/blog\/wp-content\/uploads\/2019\/11\/Motra-e-Kadarese-ne-MUZEUN-SHT%C3%8BPIJA-E-KADARES-GJIROKASTER.-5.jpg?resize=600%2C337&amp;ssl=1 600w, https:\/\/i0.wp.com\/www.shqiperia.com\/blog\/wp-content\/uploads\/2019\/11\/Motra-e-Kadarese-ne-MUZEUN-SHT%C3%8BPIJA-E-KADARES-GJIROKASTER.-5.jpg?resize=400%2C224&amp;ssl=1 400w, https:\/\/i0.wp.com\/www.shqiperia.com\/blog\/wp-content\/uploads\/2019\/11\/Motra-e-Kadarese-ne-MUZEUN-SHT%C3%8BPIJA-E-KADARES-GJIROKASTER.-5.jpg?w=720&amp;ssl=1 720w\" sizes=\"auto, (max-width: 730px) 100vw, 730px\" \/><p id=\"caption-attachment-28344\" class=\"wp-caption-text\">Motra e Kadarese ne MUZEUN &#8211; SHT\u00cbPIJA E KADARES, GJIROKASTER.<\/p><\/div>\n<p>Sht\u00ebpia u nd\u00ebrtua n\u00eb 1799, dhe \u00ebsht\u00eb shpallur monument kulture n\u00eb 1991. S\u00eb fundi, nd\u00ebrtesa \u00ebsht\u00eb riparuar dhe rehabilituar n\u00ebn kujdesin e UNESCO dhe Ministris\u00eb s\u00eb Kultur\u00ebs.<\/p>\n<p><img data-recalc-dims=\"1\" loading=\"lazy\" decoding=\"async\" data-attachment-id=\"28349\" data-permalink=\"https:\/\/www.shqiperia.com\/blog\/muzeu-shtepija-e-kadares-gjirokaster-album\/muzeu-shtepija-e-kadares-gjirokaster-4\/\" data-orig-file=\"https:\/\/i0.wp.com\/www.shqiperia.com\/blog\/wp-content\/uploads\/2019\/11\/MUZEU-SHT%C3%8BPIJA-E-KADARES-GJIROKASTER.-4.jpg?fit=720%2C473&amp;ssl=1\" data-orig-size=\"720,473\" data-comments-opened=\"1\" data-image-meta=\"{&quot;aperture&quot;:&quot;0&quot;,&quot;credit&quot;:&quot;&quot;,&quot;camera&quot;:&quot;&quot;,&quot;caption&quot;:&quot;&quot;,&quot;created_timestamp&quot;:&quot;0&quot;,&quot;copyright&quot;:&quot;&quot;,&quot;focal_length&quot;:&quot;0&quot;,&quot;iso&quot;:&quot;0&quot;,&quot;shutter_speed&quot;:&quot;0&quot;,&quot;title&quot;:&quot;&quot;,&quot;orientation&quot;:&quot;0&quot;}\" data-image-title=\"MUZEU &#8211; SHT\u00cbPIJA E KADARES, GJIROKASTER. (4)\" data-image-description=\"\" data-image-caption=\"\" data-medium-file=\"https:\/\/i0.wp.com\/www.shqiperia.com\/blog\/wp-content\/uploads\/2019\/11\/MUZEU-SHT%C3%8BPIJA-E-KADARES-GJIROKASTER.-4.jpg?fit=300%2C197&amp;ssl=1\" data-large-file=\"https:\/\/i0.wp.com\/www.shqiperia.com\/blog\/wp-content\/uploads\/2019\/11\/MUZEU-SHT%C3%8BPIJA-E-KADARES-GJIROKASTER.-4.jpg?fit=720%2C473&amp;ssl=1\" class=\"alignnone wp-image-28349\" alt=\"\" src=\"https:\/\/i0.wp.com\/www.shqiperia.com\/blog\/wp-content\/uploads\/2019\/11\/MUZEU-SHT%C3%8BPIJA-E-KADARES-GJIROKASTER.-4.jpg?resize=745%2C489&#038;ssl=1\" width=\"745\" height=\"489\" srcset=\"https:\/\/i0.wp.com\/www.shqiperia.com\/blog\/wp-content\/uploads\/2019\/11\/MUZEU-SHT%C3%8BPIJA-E-KADARES-GJIROKASTER.-4.jpg?resize=300%2C197&amp;ssl=1 300w, https:\/\/i0.wp.com\/www.shqiperia.com\/blog\/wp-content\/uploads\/2019\/11\/MUZEU-SHT%C3%8BPIJA-E-KADARES-GJIROKASTER.-4.jpg?resize=450%2C296&amp;ssl=1 450w, https:\/\/i0.wp.com\/www.shqiperia.com\/blog\/wp-content\/uploads\/2019\/11\/MUZEU-SHT%C3%8BPIJA-E-KADARES-GJIROKASTER.-4.jpg?resize=600%2C394&amp;ssl=1 600w, https:\/\/i0.wp.com\/www.shqiperia.com\/blog\/wp-content\/uploads\/2019\/11\/MUZEU-SHT%C3%8BPIJA-E-KADARES-GJIROKASTER.-4.jpg?resize=400%2C263&amp;ssl=1 400w, https:\/\/i0.wp.com\/www.shqiperia.com\/blog\/wp-content\/uploads\/2019\/11\/MUZEU-SHT%C3%8BPIJA-E-KADARES-GJIROKASTER.-4.jpg?w=720&amp;ssl=1 720w\" sizes=\"auto, (max-width: 745px) 100vw, 745px\" \/><\/p>\n<p>Shtepia muze e Kadarese \u00ebsht\u00eb hapur p\u00ebr publikun n\u00eb 28 janar 2018 me rastin e 80 vjetorit t\u00eb lindjes s\u00eb Kadares\u00eb. Sht\u00ebpia e Kadares\u00eb \u00ebsht\u00eb n\u00eb mes t\u00eb lagjes historike Palorto dhe gjendet leht\u00eb. Brenda saj ka ende disa objekte origjinale q\u00eb i p\u00ebrkasin familjes si psh nj\u00eb s\u00ebnduk, disa foto etj.<\/p>\n<p><img data-recalc-dims=\"1\" loading=\"lazy\" decoding=\"async\" data-attachment-id=\"28345\" data-permalink=\"https:\/\/www.shqiperia.com\/blog\/muzeu-shtepija-e-kadares-gjirokaster-album\/images-61\/\" data-orig-file=\"https:\/\/i0.wp.com\/www.shqiperia.com\/blog\/wp-content\/uploads\/2019\/11\/images-1.jpg?fit=183%2C275&amp;ssl=1\" data-orig-size=\"183,275\" data-comments-opened=\"1\" data-image-meta=\"{&quot;aperture&quot;:&quot;0&quot;,&quot;credit&quot;:&quot;&quot;,&quot;camera&quot;:&quot;&quot;,&quot;caption&quot;:&quot;&quot;,&quot;created_timestamp&quot;:&quot;0&quot;,&quot;copyright&quot;:&quot;&quot;,&quot;focal_length&quot;:&quot;0&quot;,&quot;iso&quot;:&quot;0&quot;,&quot;shutter_speed&quot;:&quot;0&quot;,&quot;title&quot;:&quot;&quot;,&quot;orientation&quot;:&quot;0&quot;}\" data-image-title=\"images\" data-image-description=\"\" data-image-caption=\"\" data-medium-file=\"https:\/\/i0.wp.com\/www.shqiperia.com\/blog\/wp-content\/uploads\/2019\/11\/images-1.jpg?fit=183%2C275&amp;ssl=1\" data-large-file=\"https:\/\/i0.wp.com\/www.shqiperia.com\/blog\/wp-content\/uploads\/2019\/11\/images-1.jpg?fit=183%2C275&amp;ssl=1\" class=\"alignnone wp-image-28345\" alt=\"\" src=\"https:\/\/i0.wp.com\/www.shqiperia.com\/blog\/wp-content\/uploads\/2019\/11\/images-1.jpg?resize=369%2C555&#038;ssl=1\" width=\"369\" height=\"555\" \/> <img data-recalc-dims=\"1\" loading=\"lazy\" decoding=\"async\" data-attachment-id=\"28346\" data-permalink=\"https:\/\/www.shqiperia.com\/blog\/muzeu-shtepija-e-kadares-gjirokaster-album\/ismail-kadare-house-gjirokastra-10\/\" data-orig-file=\"https:\/\/i0.wp.com\/www.shqiperia.com\/blog\/wp-content\/uploads\/2019\/11\/Ismail-Kadare-House-Gjirokastra-10.jpg?fit=770%2C527&amp;ssl=1\" data-orig-size=\"770,527\" data-comments-opened=\"1\" data-image-meta=\"{&quot;aperture&quot;:&quot;5.6&quot;,&quot;credit&quot;:&quot;&quot;,&quot;camera&quot;:&quot;Canon EOS 200D&quot;,&quot;caption&quot;:&quot;&quot;,&quot;created_timestamp&quot;:&quot;1552133464&quot;,&quot;copyright&quot;:&quot;&quot;,&quot;focal_length&quot;:&quot;18&quot;,&quot;iso&quot;:&quot;400&quot;,&quot;shutter_speed&quot;:&quot;0.0015625&quot;,&quot;title&quot;:&quot;&quot;,&quot;orientation&quot;:&quot;1&quot;}\" data-image-title=\"Ismail-Kadare-House-Gjirokastra-10\" data-image-description=\"\" data-image-caption=\"\" data-medium-file=\"https:\/\/i0.wp.com\/www.shqiperia.com\/blog\/wp-content\/uploads\/2019\/11\/Ismail-Kadare-House-Gjirokastra-10.jpg?fit=300%2C205&amp;ssl=1\" data-large-file=\"https:\/\/i0.wp.com\/www.shqiperia.com\/blog\/wp-content\/uploads\/2019\/11\/Ismail-Kadare-House-Gjirokastra-10.jpg?fit=770%2C527&amp;ssl=1\" class=\"alignnone wp-image-28346\" alt=\"\" src=\"https:\/\/i0.wp.com\/www.shqiperia.com\/blog\/wp-content\/uploads\/2019\/11\/Ismail-Kadare-House-Gjirokastra-10.jpg?resize=619%2C423&#038;ssl=1\" width=\"619\" height=\"423\" srcset=\"https:\/\/i0.wp.com\/www.shqiperia.com\/blog\/wp-content\/uploads\/2019\/11\/Ismail-Kadare-House-Gjirokastra-10.jpg?resize=300%2C205&amp;ssl=1 300w, https:\/\/i0.wp.com\/www.shqiperia.com\/blog\/wp-content\/uploads\/2019\/11\/Ismail-Kadare-House-Gjirokastra-10.jpg?resize=768%2C526&amp;ssl=1 768w, https:\/\/i0.wp.com\/www.shqiperia.com\/blog\/wp-content\/uploads\/2019\/11\/Ismail-Kadare-House-Gjirokastra-10.jpg?resize=450%2C308&amp;ssl=1 450w, https:\/\/i0.wp.com\/www.shqiperia.com\/blog\/wp-content\/uploads\/2019\/11\/Ismail-Kadare-House-Gjirokastra-10.jpg?resize=600%2C411&amp;ssl=1 600w, https:\/\/i0.wp.com\/www.shqiperia.com\/blog\/wp-content\/uploads\/2019\/11\/Ismail-Kadare-House-Gjirokastra-10.jpg?resize=235%2C160&amp;ssl=1 235w, https:\/\/i0.wp.com\/www.shqiperia.com\/blog\/wp-content\/uploads\/2019\/11\/Ismail-Kadare-House-Gjirokastra-10.jpg?resize=400%2C274&amp;ssl=1 400w, https:\/\/i0.wp.com\/www.shqiperia.com\/blog\/wp-content\/uploads\/2019\/11\/Ismail-Kadare-House-Gjirokastra-10.jpg?w=770&amp;ssl=1 770w\" sizes=\"auto, (max-width: 619px) 100vw, 619px\" \/> <img data-recalc-dims=\"1\" loading=\"lazy\" decoding=\"async\" data-attachment-id=\"28347\" data-permalink=\"https:\/\/www.shqiperia.com\/blog\/muzeu-shtepija-e-kadares-gjirokaster-album\/muzeu-shtepija-e-kadares-gjirokaster-2-2\/\" data-orig-file=\"https:\/\/i0.wp.com\/www.shqiperia.com\/blog\/wp-content\/uploads\/2019\/11\/MUZEU-SHT%C3%8BPIJA-E-KADARES-GJIROKASTER.-2-1.jpg?fit=300%2C200&amp;ssl=1\" data-orig-size=\"300,200\" data-comments-opened=\"1\" data-image-meta=\"{&quot;aperture&quot;:&quot;0&quot;,&quot;credit&quot;:&quot;&quot;,&quot;camera&quot;:&quot;&quot;,&quot;caption&quot;:&quot;&quot;,&quot;created_timestamp&quot;:&quot;0&quot;,&quot;copyright&quot;:&quot;&quot;,&quot;focal_length&quot;:&quot;0&quot;,&quot;iso&quot;:&quot;0&quot;,&quot;shutter_speed&quot;:&quot;0&quot;,&quot;title&quot;:&quot;&quot;,&quot;orientation&quot;:&quot;0&quot;}\" data-image-title=\"MUZEU &#8211; SHT\u00cbPIJA E KADARES, GJIROKASTER. (2)\" data-image-description=\"\" data-image-caption=\"\" data-medium-file=\"https:\/\/i0.wp.com\/www.shqiperia.com\/blog\/wp-content\/uploads\/2019\/11\/MUZEU-SHT%C3%8BPIJA-E-KADARES-GJIROKASTER.-2-1.jpg?fit=300%2C200&amp;ssl=1\" data-large-file=\"https:\/\/i0.wp.com\/www.shqiperia.com\/blog\/wp-content\/uploads\/2019\/11\/MUZEU-SHT%C3%8BPIJA-E-KADARES-GJIROKASTER.-2-1.jpg?fit=300%2C200&amp;ssl=1\" class=\"alignnone wp-image-28347\" alt=\"\" src=\"https:\/\/i0.wp.com\/www.shqiperia.com\/blog\/wp-content\/uploads\/2019\/11\/MUZEU-SHT%C3%8BPIJA-E-KADARES-GJIROKASTER.-2-1.jpg?resize=500%2C333&#038;ssl=1\" width=\"500\" height=\"333\" \/> <img data-recalc-dims=\"1\" loading=\"lazy\" decoding=\"async\" data-attachment-id=\"28348\" data-permalink=\"https:\/\/www.shqiperia.com\/blog\/muzeu-shtepija-e-kadares-gjirokaster-album\/muzeu-shtepija-e-kadares-gjirokaster-3\/\" data-orig-file=\"https:\/\/i0.wp.com\/www.shqiperia.com\/blog\/wp-content\/uploads\/2019\/11\/MUZEU-SHT%C3%8BPIJA-E-KADARES-GJIROKASTER.-3.jpg?fit=780%2C439&amp;ssl=1\" data-orig-size=\"780,439\" data-comments-opened=\"1\" data-image-meta=\"{&quot;aperture&quot;:&quot;0&quot;,&quot;credit&quot;:&quot;&quot;,&quot;camera&quot;:&quot;&quot;,&quot;caption&quot;:&quot;&quot;,&quot;created_timestamp&quot;:&quot;0&quot;,&quot;copyright&quot;:&quot;&quot;,&quot;focal_length&quot;:&quot;0&quot;,&quot;iso&quot;:&quot;0&quot;,&quot;shutter_speed&quot;:&quot;0&quot;,&quot;title&quot;:&quot;&quot;,&quot;orientation&quot;:&quot;0&quot;}\" data-image-title=\"MUZEU &#8211; SHT\u00cbPIJA E KADARES, GJIROKASTER. (3)\" data-image-description=\"\" data-image-caption=\"\" data-medium-file=\"https:\/\/i0.wp.com\/www.shqiperia.com\/blog\/wp-content\/uploads\/2019\/11\/MUZEU-SHT%C3%8BPIJA-E-KADARES-GJIROKASTER.-3.jpg?fit=300%2C169&amp;ssl=1\" data-large-file=\"https:\/\/i0.wp.com\/www.shqiperia.com\/blog\/wp-content\/uploads\/2019\/11\/MUZEU-SHT%C3%8BPIJA-E-KADARES-GJIROKASTER.-3.jpg?fit=780%2C439&amp;ssl=1\" class=\"alignnone wp-image-28348\" alt=\"\" src=\"https:\/\/i0.wp.com\/www.shqiperia.com\/blog\/wp-content\/uploads\/2019\/11\/MUZEU-SHT%C3%8BPIJA-E-KADARES-GJIROKASTER.-3.jpg?resize=643%2C362&#038;ssl=1\" width=\"643\" height=\"362\" srcset=\"https:\/\/i0.wp.com\/www.shqiperia.com\/blog\/wp-content\/uploads\/2019\/11\/MUZEU-SHT%C3%8BPIJA-E-KADARES-GJIROKASTER.-3.jpg?resize=300%2C169&amp;ssl=1 300w, https:\/\/i0.wp.com\/www.shqiperia.com\/blog\/wp-content\/uploads\/2019\/11\/MUZEU-SHT%C3%8BPIJA-E-KADARES-GJIROKASTER.-3.jpg?resize=768%2C432&amp;ssl=1 768w, https:\/\/i0.wp.com\/www.shqiperia.com\/blog\/wp-content\/uploads\/2019\/11\/MUZEU-SHT%C3%8BPIJA-E-KADARES-GJIROKASTER.-3.jpg?resize=450%2C253&amp;ssl=1 450w, https:\/\/i0.wp.com\/www.shqiperia.com\/blog\/wp-content\/uploads\/2019\/11\/MUZEU-SHT%C3%8BPIJA-E-KADARES-GJIROKASTER.-3.jpg?resize=600%2C338&amp;ssl=1 600w, https:\/\/i0.wp.com\/www.shqiperia.com\/blog\/wp-content\/uploads\/2019\/11\/MUZEU-SHT%C3%8BPIJA-E-KADARES-GJIROKASTER.-3.jpg?resize=400%2C225&amp;ssl=1 400w, https:\/\/i0.wp.com\/www.shqiperia.com\/blog\/wp-content\/uploads\/2019\/11\/MUZEU-SHT%C3%8BPIJA-E-KADARES-GJIROKASTER.-3.jpg?w=780&amp;ssl=1 780w\" sizes=\"auto, (max-width: 643px) 100vw, 643px\" \/> <img data-recalc-dims=\"1\" loading=\"lazy\" decoding=\"async\" data-attachment-id=\"28349\" data-permalink=\"https:\/\/www.shqiperia.com\/blog\/muzeu-shtepija-e-kadares-gjirokaster-album\/muzeu-shtepija-e-kadares-gjirokaster-4\/\" data-orig-file=\"https:\/\/i0.wp.com\/www.shqiperia.com\/blog\/wp-content\/uploads\/2019\/11\/MUZEU-SHT%C3%8BPIJA-E-KADARES-GJIROKASTER.-4.jpg?fit=720%2C473&amp;ssl=1\" data-orig-size=\"720,473\" data-comments-opened=\"1\" data-image-meta=\"{&quot;aperture&quot;:&quot;0&quot;,&quot;credit&quot;:&quot;&quot;,&quot;camera&quot;:&quot;&quot;,&quot;caption&quot;:&quot;&quot;,&quot;created_timestamp&quot;:&quot;0&quot;,&quot;copyright&quot;:&quot;&quot;,&quot;focal_length&quot;:&quot;0&quot;,&quot;iso&quot;:&quot;0&quot;,&quot;shutter_speed&quot;:&quot;0&quot;,&quot;title&quot;:&quot;&quot;,&quot;orientation&quot;:&quot;0&quot;}\" data-image-title=\"MUZEU &#8211; SHT\u00cbPIJA E KADARES, GJIROKASTER. (4)\" data-image-description=\"\" data-image-caption=\"\" data-medium-file=\"https:\/\/i0.wp.com\/www.shqiperia.com\/blog\/wp-content\/uploads\/2019\/11\/MUZEU-SHT%C3%8BPIJA-E-KADARES-GJIROKASTER.-4.jpg?fit=300%2C197&amp;ssl=1\" data-large-file=\"https:\/\/i0.wp.com\/www.shqiperia.com\/blog\/wp-content\/uploads\/2019\/11\/MUZEU-SHT%C3%8BPIJA-E-KADARES-GJIROKASTER.-4.jpg?fit=720%2C473&amp;ssl=1\" class=\"alignnone wp-image-28349\" alt=\"\" src=\"https:\/\/i0.wp.com\/www.shqiperia.com\/blog\/wp-content\/uploads\/2019\/11\/MUZEU-SHT%C3%8BPIJA-E-KADARES-GJIROKASTER.-4.jpg?resize=669%2C439&#038;ssl=1\" width=\"669\" height=\"439\" srcset=\"https:\/\/i0.wp.com\/www.shqiperia.com\/blog\/wp-content\/uploads\/2019\/11\/MUZEU-SHT%C3%8BPIJA-E-KADARES-GJIROKASTER.-4.jpg?resize=300%2C197&amp;ssl=1 300w, https:\/\/i0.wp.com\/www.shqiperia.com\/blog\/wp-content\/uploads\/2019\/11\/MUZEU-SHT%C3%8BPIJA-E-KADARES-GJIROKASTER.-4.jpg?resize=450%2C296&amp;ssl=1 450w, https:\/\/i0.wp.com\/www.shqiperia.com\/blog\/wp-content\/uploads\/2019\/11\/MUZEU-SHT%C3%8BPIJA-E-KADARES-GJIROKASTER.-4.jpg?resize=600%2C394&amp;ssl=1 600w, https:\/\/i0.wp.com\/www.shqiperia.com\/blog\/wp-content\/uploads\/2019\/11\/MUZEU-SHT%C3%8BPIJA-E-KADARES-GJIROKASTER.-4.jpg?resize=400%2C263&amp;ssl=1 400w, https:\/\/i0.wp.com\/www.shqiperia.com\/blog\/wp-content\/uploads\/2019\/11\/MUZEU-SHT%C3%8BPIJA-E-KADARES-GJIROKASTER.-4.jpg?w=720&amp;ssl=1 720w\" sizes=\"auto, (max-width: 669px) 100vw, 669px\" \/> <img data-recalc-dims=\"1\" loading=\"lazy\" decoding=\"async\" data-attachment-id=\"28350\" data-permalink=\"https:\/\/www.shqiperia.com\/blog\/muzeu-shtepija-e-kadares-gjirokaster-album\/muzeu-shtepija-e-kadares-gjirokaster-6\/\" data-orig-file=\"https:\/\/i0.wp.com\/www.shqiperia.com\/blog\/wp-content\/uploads\/2019\/11\/MUZEU-SHT%C3%8BPIJA-E-KADARES-GJIROKASTER.-6.jpg?fit=1023%2C575&amp;ssl=1\" data-orig-size=\"1023,575\" data-comments-opened=\"1\" data-image-meta=\"{&quot;aperture&quot;:&quot;0&quot;,&quot;credit&quot;:&quot;&quot;,&quot;camera&quot;:&quot;&quot;,&quot;caption&quot;:&quot;&quot;,&quot;created_timestamp&quot;:&quot;0&quot;,&quot;copyright&quot;:&quot;&quot;,&quot;focal_length&quot;:&quot;0&quot;,&quot;iso&quot;:&quot;0&quot;,&quot;shutter_speed&quot;:&quot;0&quot;,&quot;title&quot;:&quot;&quot;,&quot;orientation&quot;:&quot;1&quot;}\" data-image-title=\"MUZEU &#8211; SHT\u00cbPIJA E KADARES, GJIROKASTER. (6)\" data-image-description=\"\" data-image-caption=\"\" data-medium-file=\"https:\/\/i0.wp.com\/www.shqiperia.com\/blog\/wp-content\/uploads\/2019\/11\/MUZEU-SHT%C3%8BPIJA-E-KADARES-GJIROKASTER.-6.jpg?fit=300%2C169&amp;ssl=1\" data-large-file=\"https:\/\/i0.wp.com\/www.shqiperia.com\/blog\/wp-content\/uploads\/2019\/11\/MUZEU-SHT%C3%8BPIJA-E-KADARES-GJIROKASTER.-6.jpg?fit=1023%2C575&amp;ssl=1\" class=\"alignnone wp-image-28350\" alt=\"\" src=\"https:\/\/i0.wp.com\/www.shqiperia.com\/blog\/wp-content\/uploads\/2019\/11\/MUZEU-SHT%C3%8BPIJA-E-KADARES-GJIROKASTER.-6.jpg?resize=809%2C456&#038;ssl=1\" width=\"809\" height=\"456\" srcset=\"https:\/\/i0.wp.com\/www.shqiperia.com\/blog\/wp-content\/uploads\/2019\/11\/MUZEU-SHT%C3%8BPIJA-E-KADARES-GJIROKASTER.-6.jpg?resize=300%2C169&amp;ssl=1 300w, https:\/\/i0.wp.com\/www.shqiperia.com\/blog\/wp-content\/uploads\/2019\/11\/MUZEU-SHT%C3%8BPIJA-E-KADARES-GJIROKASTER.-6.jpg?resize=768%2C432&amp;ssl=1 768w, https:\/\/i0.wp.com\/www.shqiperia.com\/blog\/wp-content\/uploads\/2019\/11\/MUZEU-SHT%C3%8BPIJA-E-KADARES-GJIROKASTER.-6.jpg?resize=450%2C253&amp;ssl=1 450w, https:\/\/i0.wp.com\/www.shqiperia.com\/blog\/wp-content\/uploads\/2019\/11\/MUZEU-SHT%C3%8BPIJA-E-KADARES-GJIROKASTER.-6.jpg?resize=600%2C337&amp;ssl=1 600w, https:\/\/i0.wp.com\/www.shqiperia.com\/blog\/wp-content\/uploads\/2019\/11\/MUZEU-SHT%C3%8BPIJA-E-KADARES-GJIROKASTER.-6.jpg?resize=400%2C225&amp;ssl=1 400w, https:\/\/i0.wp.com\/www.shqiperia.com\/blog\/wp-content\/uploads\/2019\/11\/MUZEU-SHT%C3%8BPIJA-E-KADARES-GJIROKASTER.-6.jpg?w=1023&amp;ssl=1 1023w\" sizes=\"auto, (max-width: 809px) 100vw, 809px\" \/> <img data-recalc-dims=\"1\" loading=\"lazy\" decoding=\"async\" data-attachment-id=\"28351\" data-permalink=\"https:\/\/www.shqiperia.com\/blog\/muzeu-shtepija-e-kadares-gjirokaster-album\/muzeu-shtepija-e-kadares-gjirokaster-7\/\" data-orig-file=\"https:\/\/i0.wp.com\/www.shqiperia.com\/blog\/wp-content\/uploads\/2019\/11\/MUZEU-SHT%C3%8BPIJA-E-KADARES-GJIROKASTER.-7.jpg?fit=720%2C540&amp;ssl=1\" data-orig-size=\"720,540\" data-comments-opened=\"1\" data-image-meta=\"{&quot;aperture&quot;:&quot;0&quot;,&quot;credit&quot;:&quot;&quot;,&quot;camera&quot;:&quot;&quot;,&quot;caption&quot;:&quot;&quot;,&quot;created_timestamp&quot;:&quot;0&quot;,&quot;copyright&quot;:&quot;&quot;,&quot;focal_length&quot;:&quot;0&quot;,&quot;iso&quot;:&quot;0&quot;,&quot;shutter_speed&quot;:&quot;0&quot;,&quot;title&quot;:&quot;&quot;,&quot;orientation&quot;:&quot;0&quot;}\" data-image-title=\"MUZEU &#8211; SHT\u00cbPIJA E KADARES, GJIROKASTER. (7)\" data-image-description=\"\" data-image-caption=\"\" data-medium-file=\"https:\/\/i0.wp.com\/www.shqiperia.com\/blog\/wp-content\/uploads\/2019\/11\/MUZEU-SHT%C3%8BPIJA-E-KADARES-GJIROKASTER.-7.jpg?fit=300%2C225&amp;ssl=1\" data-large-file=\"https:\/\/i0.wp.com\/www.shqiperia.com\/blog\/wp-content\/uploads\/2019\/11\/MUZEU-SHT%C3%8BPIJA-E-KADARES-GJIROKASTER.-7.jpg?fit=720%2C540&amp;ssl=1\" class=\"alignnone wp-image-28351\" alt=\"\" src=\"https:\/\/i0.wp.com\/www.shqiperia.com\/blog\/wp-content\/uploads\/2019\/11\/MUZEU-SHT%C3%8BPIJA-E-KADARES-GJIROKASTER.-7.jpg?resize=715%2C536&#038;ssl=1\" width=\"715\" height=\"536\" srcset=\"https:\/\/i0.wp.com\/www.shqiperia.com\/blog\/wp-content\/uploads\/2019\/11\/MUZEU-SHT%C3%8BPIJA-E-KADARES-GJIROKASTER.-7.jpg?resize=300%2C225&amp;ssl=1 300w, https:\/\/i0.wp.com\/www.shqiperia.com\/blog\/wp-content\/uploads\/2019\/11\/MUZEU-SHT%C3%8BPIJA-E-KADARES-GJIROKASTER.-7.jpg?resize=450%2C338&amp;ssl=1 450w, https:\/\/i0.wp.com\/www.shqiperia.com\/blog\/wp-content\/uploads\/2019\/11\/MUZEU-SHT%C3%8BPIJA-E-KADARES-GJIROKASTER.-7.jpg?resize=600%2C450&amp;ssl=1 600w, https:\/\/i0.wp.com\/www.shqiperia.com\/blog\/wp-content\/uploads\/2019\/11\/MUZEU-SHT%C3%8BPIJA-E-KADARES-GJIROKASTER.-7.jpg?resize=400%2C300&amp;ssl=1 400w, https:\/\/i0.wp.com\/www.shqiperia.com\/blog\/wp-content\/uploads\/2019\/11\/MUZEU-SHT%C3%8BPIJA-E-KADARES-GJIROKASTER.-7.jpg?w=720&amp;ssl=1 720w\" sizes=\"auto, (max-width: 715px) 100vw, 715px\" \/> <img data-recalc-dims=\"1\" loading=\"lazy\" decoding=\"async\" data-attachment-id=\"28352\" data-permalink=\"https:\/\/www.shqiperia.com\/blog\/muzeu-shtepija-e-kadares-gjirokaster-album\/muzeu-shtepija-e-kadares-gjirokaster-8\/\" data-orig-file=\"https:\/\/i0.wp.com\/www.shqiperia.com\/blog\/wp-content\/uploads\/2019\/11\/MUZEU-SHT%C3%8BPIJA-E-KADARES-GJIROKASTER.-8.jpg?fit=587%2C392&amp;ssl=1\" data-orig-size=\"587,392\" data-comments-opened=\"1\" data-image-meta=\"{&quot;aperture&quot;:&quot;0&quot;,&quot;credit&quot;:&quot;&quot;,&quot;camera&quot;:&quot;&quot;,&quot;caption&quot;:&quot;&quot;,&quot;created_timestamp&quot;:&quot;0&quot;,&quot;copyright&quot;:&quot;&quot;,&quot;focal_length&quot;:&quot;0&quot;,&quot;iso&quot;:&quot;0&quot;,&quot;shutter_speed&quot;:&quot;0&quot;,&quot;title&quot;:&quot;&quot;,&quot;orientation&quot;:&quot;0&quot;}\" data-image-title=\"MUZEU &#8211; SHT\u00cbPIJA E KADARES, GJIROKASTER. (8)\" data-image-description=\"\" data-image-caption=\"\" data-medium-file=\"https:\/\/i0.wp.com\/www.shqiperia.com\/blog\/wp-content\/uploads\/2019\/11\/MUZEU-SHT%C3%8BPIJA-E-KADARES-GJIROKASTER.-8.jpg?fit=300%2C200&amp;ssl=1\" data-large-file=\"https:\/\/i0.wp.com\/www.shqiperia.com\/blog\/wp-content\/uploads\/2019\/11\/MUZEU-SHT%C3%8BPIJA-E-KADARES-GJIROKASTER.-8.jpg?fit=587%2C392&amp;ssl=1\" class=\"alignnone wp-image-28352\" alt=\"\" src=\"https:\/\/i0.wp.com\/www.shqiperia.com\/blog\/wp-content\/uploads\/2019\/11\/MUZEU-SHT%C3%8BPIJA-E-KADARES-GJIROKASTER.-8.jpg?resize=768%2C512&#038;ssl=1\" width=\"768\" height=\"512\" srcset=\"https:\/\/i0.wp.com\/www.shqiperia.com\/blog\/wp-content\/uploads\/2019\/11\/MUZEU-SHT%C3%8BPIJA-E-KADARES-GJIROKASTER.-8.jpg?resize=300%2C200&amp;ssl=1 300w, https:\/\/i0.wp.com\/www.shqiperia.com\/blog\/wp-content\/uploads\/2019\/11\/MUZEU-SHT%C3%8BPIJA-E-KADARES-GJIROKASTER.-8.jpg?resize=450%2C301&amp;ssl=1 450w, https:\/\/i0.wp.com\/www.shqiperia.com\/blog\/wp-content\/uploads\/2019\/11\/MUZEU-SHT%C3%8BPIJA-E-KADARES-GJIROKASTER.-8.jpg?resize=400%2C267&amp;ssl=1 400w, https:\/\/i0.wp.com\/www.shqiperia.com\/blog\/wp-content\/uploads\/2019\/11\/MUZEU-SHT%C3%8BPIJA-E-KADARES-GJIROKASTER.-8.jpg?w=587&amp;ssl=1 587w\" sizes=\"auto, (max-width: 768px) 100vw, 768px\" \/> <img data-recalc-dims=\"1\" loading=\"lazy\" decoding=\"async\" data-attachment-id=\"28353\" data-permalink=\"https:\/\/www.shqiperia.com\/blog\/muzeu-shtepija-e-kadares-gjirokaster-album\/muzeu-shtepija-e-kadares-gjirokaster-9\/\" data-orig-file=\"https:\/\/i0.wp.com\/www.shqiperia.com\/blog\/wp-content\/uploads\/2019\/11\/MUZEU-SHT%C3%8BPIJA-E-KADARES-GJIROKASTER.-9.jpg?fit=960%2C720&amp;ssl=1\" data-orig-size=\"960,720\" data-comments-opened=\"1\" data-image-meta=\"{&quot;aperture&quot;:&quot;0&quot;,&quot;credit&quot;:&quot;&quot;,&quot;camera&quot;:&quot;&quot;,&quot;caption&quot;:&quot;&quot;,&quot;created_timestamp&quot;:&quot;0&quot;,&quot;copyright&quot;:&quot;&quot;,&quot;focal_length&quot;:&quot;0&quot;,&quot;iso&quot;:&quot;0&quot;,&quot;shutter_speed&quot;:&quot;0&quot;,&quot;title&quot;:&quot;&quot;,&quot;orientation&quot;:&quot;0&quot;}\" data-image-title=\"MUZEU &#8211; SHT\u00cbPIJA E KADARES, GJIROKASTER. (9)\" data-image-description=\"\" data-image-caption=\"\" data-medium-file=\"https:\/\/i0.wp.com\/www.shqiperia.com\/blog\/wp-content\/uploads\/2019\/11\/MUZEU-SHT%C3%8BPIJA-E-KADARES-GJIROKASTER.-9.jpg?fit=300%2C225&amp;ssl=1\" data-large-file=\"https:\/\/i0.wp.com\/www.shqiperia.com\/blog\/wp-content\/uploads\/2019\/11\/MUZEU-SHT%C3%8BPIJA-E-KADARES-GJIROKASTER.-9.jpg?fit=960%2C720&amp;ssl=1\" class=\"alignnone wp-image-28353\" alt=\"\" src=\"https:\/\/i0.wp.com\/www.shqiperia.com\/blog\/wp-content\/uploads\/2019\/11\/MUZEU-SHT%C3%8BPIJA-E-KADARES-GJIROKASTER.-9.jpg?resize=652%2C489&#038;ssl=1\" width=\"652\" height=\"489\" srcset=\"https:\/\/i0.wp.com\/www.shqiperia.com\/blog\/wp-content\/uploads\/2019\/11\/MUZEU-SHT%C3%8BPIJA-E-KADARES-GJIROKASTER.-9.jpg?resize=300%2C225&amp;ssl=1 300w, https:\/\/i0.wp.com\/www.shqiperia.com\/blog\/wp-content\/uploads\/2019\/11\/MUZEU-SHT%C3%8BPIJA-E-KADARES-GJIROKASTER.-9.jpg?resize=768%2C576&amp;ssl=1 768w, https:\/\/i0.wp.com\/www.shqiperia.com\/blog\/wp-content\/uploads\/2019\/11\/MUZEU-SHT%C3%8BPIJA-E-KADARES-GJIROKASTER.-9.jpg?resize=450%2C338&amp;ssl=1 450w, https:\/\/i0.wp.com\/www.shqiperia.com\/blog\/wp-content\/uploads\/2019\/11\/MUZEU-SHT%C3%8BPIJA-E-KADARES-GJIROKASTER.-9.jpg?resize=600%2C450&amp;ssl=1 600w, https:\/\/i0.wp.com\/www.shqiperia.com\/blog\/wp-content\/uploads\/2019\/11\/MUZEU-SHT%C3%8BPIJA-E-KADARES-GJIROKASTER.-9.jpg?resize=400%2C300&amp;ssl=1 400w, https:\/\/i0.wp.com\/www.shqiperia.com\/blog\/wp-content\/uploads\/2019\/11\/MUZEU-SHT%C3%8BPIJA-E-KADARES-GJIROKASTER.-9.jpg?w=960&amp;ssl=1 960w\" sizes=\"auto, (max-width: 652px) 100vw, 652px\" \/> <img data-recalc-dims=\"1\" loading=\"lazy\" decoding=\"async\" data-attachment-id=\"28354\" data-permalink=\"https:\/\/www.shqiperia.com\/blog\/muzeu-shtepija-e-kadares-gjirokaster-album\/muzeu-shtepija-e-kadares-gjirokaster-10\/\" data-orig-file=\"https:\/\/i0.wp.com\/www.shqiperia.com\/blog\/wp-content\/uploads\/2019\/11\/MUZEU-SHT%C3%8BPIJA-E-KADARES-GJIROKASTER.-10.jpg?fit=960%2C720&amp;ssl=1\" data-orig-size=\"960,720\" data-comments-opened=\"1\" data-image-meta=\"{&quot;aperture&quot;:&quot;0&quot;,&quot;credit&quot;:&quot;&quot;,&quot;camera&quot;:&quot;&quot;,&quot;caption&quot;:&quot;&quot;,&quot;created_timestamp&quot;:&quot;0&quot;,&quot;copyright&quot;:&quot;&quot;,&quot;focal_length&quot;:&quot;0&quot;,&quot;iso&quot;:&quot;0&quot;,&quot;shutter_speed&quot;:&quot;0&quot;,&quot;title&quot;:&quot;&quot;,&quot;orientation&quot;:&quot;0&quot;}\" data-image-title=\"MUZEU &#8211; SHT\u00cbPIJA E KADARES, GJIROKASTER. (10)\" data-image-description=\"\" data-image-caption=\"\" data-medium-file=\"https:\/\/i0.wp.com\/www.shqiperia.com\/blog\/wp-content\/uploads\/2019\/11\/MUZEU-SHT%C3%8BPIJA-E-KADARES-GJIROKASTER.-10.jpg?fit=300%2C225&amp;ssl=1\" data-large-file=\"https:\/\/i0.wp.com\/www.shqiperia.com\/blog\/wp-content\/uploads\/2019\/11\/MUZEU-SHT%C3%8BPIJA-E-KADARES-GJIROKASTER.-10.jpg?fit=960%2C720&amp;ssl=1\" class=\"alignnone wp-image-28354\" alt=\"\" src=\"https:\/\/i0.wp.com\/www.shqiperia.com\/blog\/wp-content\/uploads\/2019\/11\/MUZEU-SHT%C3%8BPIJA-E-KADARES-GJIROKASTER.-10.jpg?resize=688%2C516&#038;ssl=1\" width=\"688\" height=\"516\" srcset=\"https:\/\/i0.wp.com\/www.shqiperia.com\/blog\/wp-content\/uploads\/2019\/11\/MUZEU-SHT%C3%8BPIJA-E-KADARES-GJIROKASTER.-10.jpg?resize=300%2C225&amp;ssl=1 300w, https:\/\/i0.wp.com\/www.shqiperia.com\/blog\/wp-content\/uploads\/2019\/11\/MUZEU-SHT%C3%8BPIJA-E-KADARES-GJIROKASTER.-10.jpg?resize=768%2C576&amp;ssl=1 768w, https:\/\/i0.wp.com\/www.shqiperia.com\/blog\/wp-content\/uploads\/2019\/11\/MUZEU-SHT%C3%8BPIJA-E-KADARES-GJIROKASTER.-10.jpg?resize=450%2C338&amp;ssl=1 450w, https:\/\/i0.wp.com\/www.shqiperia.com\/blog\/wp-content\/uploads\/2019\/11\/MUZEU-SHT%C3%8BPIJA-E-KADARES-GJIROKASTER.-10.jpg?resize=600%2C450&amp;ssl=1 600w, https:\/\/i0.wp.com\/www.shqiperia.com\/blog\/wp-content\/uploads\/2019\/11\/MUZEU-SHT%C3%8BPIJA-E-KADARES-GJIROKASTER.-10.jpg?resize=400%2C300&amp;ssl=1 400w, https:\/\/i0.wp.com\/www.shqiperia.com\/blog\/wp-content\/uploads\/2019\/11\/MUZEU-SHT%C3%8BPIJA-E-KADARES-GJIROKASTER.-10.jpg?w=960&amp;ssl=1 960w\" sizes=\"auto, (max-width: 688px) 100vw, 688px\" \/> <img data-recalc-dims=\"1\" loading=\"lazy\" decoding=\"async\" data-attachment-id=\"28355\" data-permalink=\"https:\/\/www.shqiperia.com\/blog\/muzeu-shtepija-e-kadares-gjirokaster-album\/muzeu-shtepija-e-kadares-gjirokaster\/\" data-orig-file=\"https:\/\/i0.wp.com\/www.shqiperia.com\/blog\/wp-content\/uploads\/2019\/11\/MUZEU-SHT%C3%8BPIJA-E-KADARES-GJIROKASTER..jpg?fit=640%2C358&amp;ssl=1\" data-orig-size=\"640,358\" data-comments-opened=\"1\" data-image-meta=\"{&quot;aperture&quot;:&quot;0&quot;,&quot;credit&quot;:&quot;&quot;,&quot;camera&quot;:&quot;&quot;,&quot;caption&quot;:&quot;&quot;,&quot;created_timestamp&quot;:&quot;0&quot;,&quot;copyright&quot;:&quot;&quot;,&quot;focal_length&quot;:&quot;0&quot;,&quot;iso&quot;:&quot;0&quot;,&quot;shutter_speed&quot;:&quot;0&quot;,&quot;title&quot;:&quot;&quot;,&quot;orientation&quot;:&quot;0&quot;}\" data-image-title=\"MUZEU &#8211; SHT\u00cbPIJA E KADARES, GJIROKASTER.\" data-image-description=\"\" data-image-caption=\"\" data-medium-file=\"https:\/\/i0.wp.com\/www.shqiperia.com\/blog\/wp-content\/uploads\/2019\/11\/MUZEU-SHT%C3%8BPIJA-E-KADARES-GJIROKASTER..jpg?fit=300%2C168&amp;ssl=1\" data-large-file=\"https:\/\/i0.wp.com\/www.shqiperia.com\/blog\/wp-content\/uploads\/2019\/11\/MUZEU-SHT%C3%8BPIJA-E-KADARES-GJIROKASTER..jpg?fit=640%2C358&amp;ssl=1\" class=\"alignnone wp-image-28355\" alt=\"\" src=\"https:\/\/i0.wp.com\/www.shqiperia.com\/blog\/wp-content\/uploads\/2019\/11\/MUZEU-SHT%C3%8BPIJA-E-KADARES-GJIROKASTER..jpg?resize=652%2C365&#038;ssl=1\" width=\"652\" height=\"365\" srcset=\"https:\/\/i0.wp.com\/www.shqiperia.com\/blog\/wp-content\/uploads\/2019\/11\/MUZEU-SHT%C3%8BPIJA-E-KADARES-GJIROKASTER..jpg?resize=300%2C168&amp;ssl=1 300w, https:\/\/i0.wp.com\/www.shqiperia.com\/blog\/wp-content\/uploads\/2019\/11\/MUZEU-SHT%C3%8BPIJA-E-KADARES-GJIROKASTER..jpg?resize=450%2C252&amp;ssl=1 450w, https:\/\/i0.wp.com\/www.shqiperia.com\/blog\/wp-content\/uploads\/2019\/11\/MUZEU-SHT%C3%8BPIJA-E-KADARES-GJIROKASTER..jpg?resize=600%2C336&amp;ssl=1 600w, https:\/\/i0.wp.com\/www.shqiperia.com\/blog\/wp-content\/uploads\/2019\/11\/MUZEU-SHT%C3%8BPIJA-E-KADARES-GJIROKASTER..jpg?resize=400%2C224&amp;ssl=1 400w, https:\/\/i0.wp.com\/www.shqiperia.com\/blog\/wp-content\/uploads\/2019\/11\/MUZEU-SHT%C3%8BPIJA-E-KADARES-GJIROKASTER..jpg?w=640&amp;ssl=1 640w\" sizes=\"auto, (max-width: 652px) 100vw, 652px\" \/><\/p>\n","protected":false},"excerpt":{"rendered":"<p>MUZEU &#8211; &#8220;SHT\u00cbPIJA e KADARES&#8221;, Gjirokaster. (Album). &#8211; Sht\u00ebpia e shkrimtarit shqiptar me fam\u00eb bot\u00ebrore, Ismail Kadare \u00ebsht\u00eb kthyer n\u00eb muze, dhe \u00ebsht\u00eb i hapur p\u00ebr publikun. N\u00eb k\u00ebt\u00eb sht\u00ebpi lindi dhe kaloi f\u00ebmij\u00ebrin\u00eb e tij, Ismail Kadare. Sht\u00ebpia duket e njohur p\u00ebr ata q\u00eb kan\u00eb lexuar librin e tij \u201cKronik\u00eb n\u00eb gur\u201d ku ai [&hellip;]<\/p>\n","protected":false},"author":9,"featured_media":28341,"comment_status":"open","ping_status":"open","sticky":false,"template":"","format":"standard","meta":{"jetpack_post_was_ever_published":false,"_jetpack_newsletter_access":"","_jetpack_dont_email_post_to_subs":false,"_jetpack_newsletter_tier_id":0,"_jetpack_memberships_contains_paywalled_content":false,"_jetpack_memberships_contains_paid_content":false,"footnotes":"","jetpack_publicize_message":"","jetpack_publicize_feature_enabled":true,"jetpack_social_post_already_shared":true,"jetpack_social_options":{"image_generator_settings":{"template":"highway","default_image_id":0,"font":"","enabled":false},"version":2}},"categories":[85,10,86],"tags":[],"class_list":["post-28340","post","type-post","status-publish","format-standard","has-post-thumbnail","hentry","category-histori","category-kultura","category-trashegimi-kulturore"],"jetpack_publicize_connections":[],"jetpack_featured_media_url":"https:\/\/i0.wp.com\/www.shqiperia.com\/blog\/wp-content\/uploads\/2019\/11\/1-Ismail-Kadare-House-Gjirokastra-.jpg?fit=770%2C527&ssl=1","jetpack_sharing_enabled":true,"jetpack_shortlink":"https:\/\/wp.me\/p5Z6wp-7n6","jetpack-related-posts":[{"id":104313,"url":"https:\/\/www.shqiperia.com\/blog\/muzeu-etnografik-i-elbasanit-ruan-deshmi-nga-jeta-dhe-krijimtaria-e-isuf-myzyrit\/","url_meta":{"origin":28340,"position":0},"title":"Muzeu Etnografik i Elbasanit ruan d\u00ebshmi nga jeta dhe krijimtaria e Isuf Myzyrit","author":"Kurt Farka","date":"August 13, 2026","format":false,"excerpt":"13 Gusht 2026 Figura e Isuf Myzyrit z\u00eb nj\u00eb vend t\u00eb r\u00ebnd\u00ebsish\u00ebm n\u00eb trash\u00ebgimin\u00eb muzikore shqiptare. N\u00eb Muzeun Etnografik t\u00eb Elbasanit, vizitor\u00ebt kan\u00eb mund\u00ebsin\u00eb t\u00eb njihen nga af\u00ebr me jet\u00ebn dhe krijimtarin\u00eb e mjeshtrit t\u00eb muzik\u00ebs qytetare. Si\u00e7 \u00ebsht\u00eb b\u00ebr\u00eb me dije nga institucioni, k\u00ebtu \u00ebsht\u00eb ekspozuar nj\u00eb k\u00ebnd i\u2026","rel":"","context":"In &quot;Arte&quot;","block_context":{"text":"Arte","link":"https:\/\/www.shqiperia.com\/blog\/category\/arte\/"},"img":{"alt_text":"","src":"https:\/\/i0.wp.com\/www.shqiperia.com\/blog\/wp-content\/uploads\/2026\/08\/R-1.jpg?fit=926%2C603&ssl=1&resize=350%2C200","width":350,"height":200,"srcset":"https:\/\/i0.wp.com\/www.shqiperia.com\/blog\/wp-content\/uploads\/2026\/08\/R-1.jpg?fit=926%2C603&ssl=1&resize=350%2C200 1x, https:\/\/i0.wp.com\/www.shqiperia.com\/blog\/wp-content\/uploads\/2026\/08\/R-1.jpg?fit=926%2C603&ssl=1&resize=525%2C300 1.5x, https:\/\/i0.wp.com\/www.shqiperia.com\/blog\/wp-content\/uploads\/2026\/08\/R-1.jpg?fit=926%2C603&ssl=1&resize=700%2C400 2x"},"classes":[]},{"id":103281,"url":"https:\/\/www.shqiperia.com\/blog\/rruga-rrezikon-shtepine-rreshqitja-e-tokes-ka-alarmuar-te-moshuaren-qe-jeton-e-vetme-ne-gjirokaster\/","url_meta":{"origin":28340,"position":1},"title":"Rruga rrezikon sht\u00ebpin\u00eb, rr\u00ebshqitja e tok\u00ebs ka alarmuar t\u00eb moshuar\u00ebn q\u00eb jeton e vetme n\u00eb Gjirokast\u00ebr","author":"Kurt Farka","date":"July 27, 2026","format":false,"excerpt":"27 Korrik 2026 Posht\u00eb Kalas\u00eb s\u00eb Argjiros, n\u00eb zem\u00ebr t\u00eb qytetit muze t\u00eb Gjirokastr\u00ebs, Robert dhe Vasilika Arseni, n\u00ebn\u00eb e bir, jetojn\u00eb \u00e7do dit\u00eb me frik\u00ebn se sht\u00ebpia e tyre mund t\u00eb rrezikohet nga shembja e murit mbajt\u00ebs t\u00eb rrug\u00ebs. B\u00ebhet fjal\u00eb p\u00ebr rrug\u00ebn e njohur nga banor\u00ebt si \u201cRruga\u2026","rel":"","context":"In &quot;Blogu i Udh\u00ebtarit&quot;","block_context":{"text":"Blogu i Udh\u00ebtarit","link":"https:\/\/www.shqiperia.com\/blog\/category\/blogu-i-udhetarit\/"},"img":{"alt_text":"","src":"https:\/\/i0.wp.com\/www.shqiperia.com\/blog\/wp-content\/uploads\/2026\/07\/rruga_sd-800x450-1.webp?fit=800%2C450&ssl=1&resize=350%2C200","width":350,"height":200,"srcset":"https:\/\/i0.wp.com\/www.shqiperia.com\/blog\/wp-content\/uploads\/2026\/07\/rruga_sd-800x450-1.webp?fit=800%2C450&ssl=1&resize=350%2C200 1x, https:\/\/i0.wp.com\/www.shqiperia.com\/blog\/wp-content\/uploads\/2026\/07\/rruga_sd-800x450-1.webp?fit=800%2C450&ssl=1&resize=525%2C300 1.5x, https:\/\/i0.wp.com\/www.shqiperia.com\/blog\/wp-content\/uploads\/2026\/07\/rruga_sd-800x450-1.webp?fit=800%2C450&ssl=1&resize=700%2C400 2x"},"classes":[]},{"id":105090,"url":"https:\/\/www.shqiperia.com\/blog\/muzeu-i-nju-jorkut-ekspozon-fragmentin-me-te-vjeter-te-odisese-se-homerit\/","url_meta":{"origin":28340,"position":2},"title":"Muzeu i Nju-Jorkut ekspozon fragmentin m\u00eb t\u00eb vjet\u00ebr t\u00eb &#8216;Odises\u00eb&#8217; s\u00eb Homerit","author":"Kurt Farka","date":"August 24, 2026","format":false,"excerpt":"24 Gusht 2026 Metropolitan Museum of Art n\u00eb Nju-Jork po ekspozon fragmentin m\u00eb t\u00eb hersh\u00ebm t\u00eb shkruar t\u00eb poem\u00ebs epike greke \u201cOdisea\u201d, n\u00eb nj\u00eb koh\u00eb kur filmi po shfaqet me sukses n\u00eb pjes\u00ebn m\u00eb t\u00eb madhe t\u00eb bot\u00ebs. Njer\u00ebzit e kan\u00eb dashur poem\u00ebn e Homerit p\u00ebrmes mij\u00ebvje\u00e7ar\u00ebve fal\u00eb\u00a0\u201ctemave t\u00eb saj\u2026","rel":"","context":"In &quot;Blogu i Udh\u00ebtarit&quot;","block_context":{"text":"Blogu i Udh\u00ebtarit","link":"https:\/\/www.shqiperia.com\/blog\/category\/blogu-i-udhetarit\/"},"img":{"alt_text":"","src":"https:\/\/i0.wp.com\/www.shqiperia.com\/blog\/wp-content\/uploads\/2026\/08\/auto_21787247667.jpeg?fit=900%2C506&ssl=1&resize=350%2C200","width":350,"height":200,"srcset":"https:\/\/i0.wp.com\/www.shqiperia.com\/blog\/wp-content\/uploads\/2026\/08\/auto_21787247667.jpeg?fit=900%2C506&ssl=1&resize=350%2C200 1x, https:\/\/i0.wp.com\/www.shqiperia.com\/blog\/wp-content\/uploads\/2026\/08\/auto_21787247667.jpeg?fit=900%2C506&ssl=1&resize=525%2C300 1.5x, https:\/\/i0.wp.com\/www.shqiperia.com\/blog\/wp-content\/uploads\/2026\/08\/auto_21787247667.jpeg?fit=900%2C506&ssl=1&resize=700%2C400 2x"},"classes":[]},{"id":100762,"url":"https:\/\/www.shqiperia.com\/blog\/rikthehet-ne-shkelqimin-e-tij-muzeu-etnografik-i-beratit-1300-objekte-deshmojne-pjese-te-historise-se-qytetit\/","url_meta":{"origin":28340,"position":3},"title":"Rikthehet n\u00eb shk\u00eblqimin e tij Muzeu Etnografik i Beratit, 1300 objekte d\u00ebshmojn\u00eb pjese te historis\u00eb se qytetit","author":"Kurt Farka","date":"May 30, 2026","format":false,"excerpt":"30 Maji 2026 Pas nj\u00eb procesi t\u00eb kujdessh\u00ebm restaurimi dhe konservimi, \u00ebsht\u00eb rihapur\u00a0Muzeu Etnografik i Beratit, nj\u00eb nga institucionet m\u00eb t\u00eb r\u00ebnd\u00ebsishme t\u00eb trash\u00ebgimis\u00eb kulturore n\u00eb vend, duke pasuruar ofert\u00ebn turistike t\u00eb qytetit t\u00eb\u00a0Berat. Ministri i Turizmit, Kultur\u00ebs dhe Sporteve,\u00a0Blendi Gonxhja\u00a0theksoi se rihapja e muzeut p\u00ebrfaq\u00ebson nj\u00eb investim t\u00eb r\u00ebnd\u00ebsish\u00ebm\u2026","rel":"","context":"In &quot;Arte&quot;","block_context":{"text":"Arte","link":"https:\/\/www.shqiperia.com\/blog\/category\/arte\/"},"img":{"alt_text":"","src":"https:\/\/i0.wp.com\/www.shqiperia.com\/blog\/wp-content\/uploads\/2026\/05\/Muzeu-Etnografik-Berat.webp?fit=1200%2C675&ssl=1&resize=350%2C200","width":350,"height":200,"srcset":"https:\/\/i0.wp.com\/www.shqiperia.com\/blog\/wp-content\/uploads\/2026\/05\/Muzeu-Etnografik-Berat.webp?fit=1200%2C675&ssl=1&resize=350%2C200 1x, https:\/\/i0.wp.com\/www.shqiperia.com\/blog\/wp-content\/uploads\/2026\/05\/Muzeu-Etnografik-Berat.webp?fit=1200%2C675&ssl=1&resize=525%2C300 1.5x, https:\/\/i0.wp.com\/www.shqiperia.com\/blog\/wp-content\/uploads\/2026\/05\/Muzeu-Etnografik-Berat.webp?fit=1200%2C675&ssl=1&resize=700%2C400 2x, https:\/\/i0.wp.com\/www.shqiperia.com\/blog\/wp-content\/uploads\/2026\/05\/Muzeu-Etnografik-Berat.webp?fit=1200%2C675&ssl=1&resize=1050%2C600 3x"},"classes":[]},{"id":101472,"url":"https:\/\/www.shqiperia.com\/blog\/national-geographic-beteja-mijevjecare-per-te-kontrolluar-ishullin-e-sazanit-ne-shqiperi\/","url_meta":{"origin":28340,"position":4},"title":"National Geographic &#8211; Beteja mij\u00ebvje\u00e7are p\u00ebr t\u00eb kontrolluar ishullin e Sazanit n\u00eb Shqip\u00ebri","author":"Kurt Farka","date":"June 14, 2026","format":false,"excerpt":"P\u00ebr mij\u00ebra vjet, fuqit\u00eb bot\u00ebrore kan\u00eb shk\u00ebmbyer kontroll mbi nj\u00eb ishull t\u00eb vog\u00ebl e t\u00eb harlisur pran\u00eb bregut jugper\u00ebndimor t\u00eb Shqip\u00ebris\u00eb. Ishulli i Sazanit, nj\u00eb hap\u00ebsir\u00eb \u200b\u200btoke prej 2.2 miljesh katror\u00eb, shtrihet brenda Ngushtic\u00ebs s\u00eb Otrantos, nj\u00eb kanal i ngusht\u00eb q\u00eb ndan Italin\u00eb dhe\u00a0Shqip\u00ebrin\u00eb, dhe ka sh\u00ebrbyer si nj\u00eb baz\u00eb\u2026","rel":"","context":"In &quot;Blogu i Udh\u00ebtarit&quot;","block_context":{"text":"Blogu i Udh\u00ebtarit","link":"https:\/\/www.shqiperia.com\/blog\/category\/blogu-i-udhetarit\/"},"img":{"alt_text":"","src":"https:\/\/i0.wp.com\/www.shqiperia.com\/blog\/wp-content\/uploads\/2026\/06\/maxresdefault-1.jpg?fit=1200%2C675&ssl=1&resize=350%2C200","width":350,"height":200,"srcset":"https:\/\/i0.wp.com\/www.shqiperia.com\/blog\/wp-content\/uploads\/2026\/06\/maxresdefault-1.jpg?fit=1200%2C675&ssl=1&resize=350%2C200 1x, https:\/\/i0.wp.com\/www.shqiperia.com\/blog\/wp-content\/uploads\/2026\/06\/maxresdefault-1.jpg?fit=1200%2C675&ssl=1&resize=525%2C300 1.5x, https:\/\/i0.wp.com\/www.shqiperia.com\/blog\/wp-content\/uploads\/2026\/06\/maxresdefault-1.jpg?fit=1200%2C675&ssl=1&resize=700%2C400 2x, https:\/\/i0.wp.com\/www.shqiperia.com\/blog\/wp-content\/uploads\/2026\/06\/maxresdefault-1.jpg?fit=1200%2C675&ssl=1&resize=1050%2C600 3x"},"classes":[]},{"id":103266,"url":"https:\/\/www.shqiperia.com\/blog\/mali-i-perendive-ne-greqi-hyn-ne-unesco\/","url_meta":{"origin":28340,"position":5},"title":"Mali i \u201cPer\u00ebndive\u201d n\u00eb Greqi hyn n\u00eb UNESCO","author":"Kurt Farka","date":"July 27, 2026","format":false,"excerpt":"26 Korrik 2026 Mali i Olimpit n\u00eb Greqi dhe plazhet e zbarkimit t\u00eb aleat\u00ebve n\u00eb Franc\u00ebn Veriore gjat\u00eb Luft\u00ebs s\u00eb Dyt\u00eb Bot\u00ebrore iu shtuan List\u00ebs s\u00eb Trash\u00ebgimis\u00eb Bot\u00ebrore. Vendimi u miratua unanimisht n\u00eb sesionin e 48-t\u00eb t\u00eb Komitetit t\u00eb Trash\u00ebgimis\u00eb Bot\u00ebrore n\u00eb Busan t\u00eb Kores\u00eb s\u00eb Jugut, duke e b\u00ebr\u00eb\u2026","rel":"","context":"In &quot;Blogu i Udh\u00ebtarit&quot;","block_context":{"text":"Blogu i Udh\u00ebtarit","link":"https:\/\/www.shqiperia.com\/blog\/category\/blogu-i-udhetarit\/"},"img":{"alt_text":"","src":"https:\/\/i0.wp.com\/www.shqiperia.com\/blog\/wp-content\/uploads\/2026\/07\/8273b236-10oreibates-sth-skala-1.webp?fit=1200%2C720&ssl=1&resize=350%2C200","width":350,"height":200,"srcset":"https:\/\/i0.wp.com\/www.shqiperia.com\/blog\/wp-content\/uploads\/2026\/07\/8273b236-10oreibates-sth-skala-1.webp?fit=1200%2C720&ssl=1&resize=350%2C200 1x, https:\/\/i0.wp.com\/www.shqiperia.com\/blog\/wp-content\/uploads\/2026\/07\/8273b236-10oreibates-sth-skala-1.webp?fit=1200%2C720&ssl=1&resize=525%2C300 1.5x, https:\/\/i0.wp.com\/www.shqiperia.com\/blog\/wp-content\/uploads\/2026\/07\/8273b236-10oreibates-sth-skala-1.webp?fit=1200%2C720&ssl=1&resize=700%2C400 2x, https:\/\/i0.wp.com\/www.shqiperia.com\/blog\/wp-content\/uploads\/2026\/07\/8273b236-10oreibates-sth-skala-1.webp?fit=1200%2C720&ssl=1&resize=1050%2C600 3x"},"classes":[]}],"_links":{"self":[{"href":"https:\/\/www.shqiperia.com\/blog\/wp-json\/wp\/v2\/posts\/28340","targetHints":{"allow":["GET"]}}],"collection":[{"href":"https:\/\/www.shqiperia.com\/blog\/wp-json\/wp\/v2\/posts"}],"about":[{"href":"https:\/\/www.shqiperia.com\/blog\/wp-json\/wp\/v2\/types\/post"}],"author":[{"embeddable":true,"href":"https:\/\/www.shqiperia.com\/blog\/wp-json\/wp\/v2\/users\/9"}],"replies":[{"embeddable":true,"href":"https:\/\/www.shqiperia.com\/blog\/wp-json\/wp\/v2\/comments?post=28340"}],"version-history":[{"count":3,"href":"https:\/\/www.shqiperia.com\/blog\/wp-json\/wp\/v2\/posts\/28340\/revisions"}],"predecessor-version":[{"id":28358,"href":"https:\/\/www.shqiperia.com\/blog\/wp-json\/wp\/v2\/posts\/28340\/revisions\/28358"}],"wp:featuredmedia":[{"embeddable":true,"href":"https:\/\/www.shqiperia.com\/blog\/wp-json\/wp\/v2\/media\/28341"}],"wp:attachment":[{"href":"https:\/\/www.shqiperia.com\/blog\/wp-json\/wp\/v2\/media?parent=28340"}],"wp:term":[{"taxonomy":"category","embeddable":true,"href":"https:\/\/www.shqiperia.com\/blog\/wp-json\/wp\/v2\/categories?post=28340"},{"taxonomy":"post_tag","embeddable":true,"href":"https:\/\/www.shqiperia.com\/blog\/wp-json\/wp\/v2\/tags?post=28340"}],"curies":[{"name":"wp","href":"https:\/\/api.w.org\/{rel}","templated":true}]}}