{"id":28337,"date":"2019-11-20T17:20:35","date_gmt":"2019-11-20T17:20:35","guid":{"rendered":"https:\/\/www.shqiperia.com\/blog\/?p=28337"},"modified":"2019-11-20T17:20:35","modified_gmt":"2019-11-20T17:20:35","slug":"haradinaj-ironi-me-ramen-te-mesoje-te-beje-zgjedhje-pastaj-te-flase-per-kosoven","status":"publish","type":"post","link":"https:\/\/www.shqiperia.com\/blog\/haradinaj-ironi-me-ramen-te-mesoje-te-beje-zgjedhje-pastaj-te-flase-per-kosoven\/","title":{"rendered":"Haradinaj ironi me Ram\u00ebn: T\u00eb m\u00ebsoj\u00eb t\u00eb b\u00ebj\u00eb zgjedhje, pastaj t\u00eb flas\u00eb p\u00ebr Kosov\u00ebn. &#8211;"},"content":{"rendered":"<p><img data-recalc-dims=\"1\" loading=\"lazy\" decoding=\"async\" data-attachment-id=\"28338\" data-permalink=\"https:\/\/www.shqiperia.com\/blog\/haradinaj-ironi-me-ramen-te-mesoje-te-beje-zgjedhje-pastaj-te-flase-per-kosoven\/haradinaj-rama\/\" data-orig-file=\"https:\/\/i0.wp.com\/www.shqiperia.com\/blog\/wp-content\/uploads\/2019\/11\/Haradinaj-Rama.png?fit=822%2C492&amp;ssl=1\" data-orig-size=\"822,492\" data-comments-opened=\"1\" data-image-meta=\"{&quot;aperture&quot;:&quot;0&quot;,&quot;credit&quot;:&quot;&quot;,&quot;camera&quot;:&quot;&quot;,&quot;caption&quot;:&quot;&quot;,&quot;created_timestamp&quot;:&quot;0&quot;,&quot;copyright&quot;:&quot;&quot;,&quot;focal_length&quot;:&quot;0&quot;,&quot;iso&quot;:&quot;0&quot;,&quot;shutter_speed&quot;:&quot;0&quot;,&quot;title&quot;:&quot;&quot;,&quot;orientation&quot;:&quot;0&quot;}\" data-image-title=\"Haradinaj-Rama\" data-image-description=\"\" data-image-caption=\"\" data-medium-file=\"https:\/\/i0.wp.com\/www.shqiperia.com\/blog\/wp-content\/uploads\/2019\/11\/Haradinaj-Rama.png?fit=300%2C180&amp;ssl=1\" data-large-file=\"https:\/\/i0.wp.com\/www.shqiperia.com\/blog\/wp-content\/uploads\/2019\/11\/Haradinaj-Rama.png?fit=822%2C492&amp;ssl=1\" class=\"alignnone  wp-image-28338\" alt=\"\" src=\"https:\/\/i0.wp.com\/www.shqiperia.com\/blog\/wp-content\/uploads\/2019\/11\/Haradinaj-Rama.png?resize=592%2C355&#038;ssl=1\" width=\"592\" height=\"355\" srcset=\"https:\/\/i0.wp.com\/www.shqiperia.com\/blog\/wp-content\/uploads\/2019\/11\/Haradinaj-Rama.png?resize=300%2C180&amp;ssl=1 300w, https:\/\/i0.wp.com\/www.shqiperia.com\/blog\/wp-content\/uploads\/2019\/11\/Haradinaj-Rama.png?resize=768%2C460&amp;ssl=1 768w, https:\/\/i0.wp.com\/www.shqiperia.com\/blog\/wp-content\/uploads\/2019\/11\/Haradinaj-Rama.png?resize=450%2C269&amp;ssl=1 450w, https:\/\/i0.wp.com\/www.shqiperia.com\/blog\/wp-content\/uploads\/2019\/11\/Haradinaj-Rama.png?resize=600%2C359&amp;ssl=1 600w, https:\/\/i0.wp.com\/www.shqiperia.com\/blog\/wp-content\/uploads\/2019\/11\/Haradinaj-Rama.png?resize=400%2C239&amp;ssl=1 400w, https:\/\/i0.wp.com\/www.shqiperia.com\/blog\/wp-content\/uploads\/2019\/11\/Haradinaj-Rama.png?w=822&amp;ssl=1 822w\" sizes=\"auto, (max-width: 592px) 100vw, 592px\" \/><\/p>\n<p><strong>Haradinaj ironi me Ram\u00ebn: T\u00eb m\u00ebsoj\u00eb t\u00eb b\u00ebj\u00eb zgjedhje, pastaj t\u00eb flas\u00eb p\u00ebr Kosov\u00ebn<\/strong><\/p>\n<p><strong>20 N\u00ebntor 2019 <\/strong><\/p>\n<p>Teksa n\u00eb Kosov\u00eb \u00ebsht\u00eb kund\u00ebrshtuar nga t\u00eb gjitha pal\u00ebt Schengeni Ballkanik, kryeministri Edi Rama, homologu maqedonas Zoran Zaev dhe presidentin e Serbis\u00eb, Aleksand\u00ebr Vu\u00e7i\u00e7 jan\u00eb duke b\u00ebr\u00eb p\u00ebrpjekje p\u00ebr t\u00eb shtyr\u00eb p\u00ebrpara k\u00ebt\u00eb ide, q\u00eb sipas tyre do t\u00eb sillte p\u00ebrfitime p\u00ebr rajonin.<\/p>\n<p>Nd\u00ebrkoh\u00eb kryeministri Rama pak dit\u00eb m\u00eb par\u00eb tha se: Kosova po izolohet dhe vet\u00ebp\u00ebrjashtohet, duke mos pranuar t\u00eb b\u00ebhet pjes\u00eb e nj\u00eb projekti t\u00eb till\u00eb.<\/p>\n<p>Pik\u00ebrisht k\u00ebtyre deklaratave u ka dh\u00ebn\u00eb p\u00ebrgjigje n\u00eb m\u00ebnyr\u00eb ironike kryeministri n\u00eb detyr\u00eb, Ramush Haradinaj.<\/p>\n<p>\u2018Kush \u00ebsht\u00eb kryeministri Rama t\u2019i kall\u00ebzoj Kosov\u00ebs \u00e7ka b\u00ebhet me Kosov\u00ebn. Le t\u00eb kall\u00ebzoj\u00eb ai qysh i ka mbajt\u00eb zgjedhjet ve\u00e7 nj\u00eb parti, n\u00ebse koka aq i men\u00e7ur e po i ditka krejt pun\u00ebt e rajonit e Kosov\u00ebs. Ai le t\u00eb kall\u00ebzoj\u00eb qysh ve\u00e7 nj\u00eb parti i mbajti zgjedhjet n\u00eb Shqip\u00ebri. Shihni zgjedhjet n\u00eb Kosov\u00eb, t\u00eb gjitha partit\u00eb kan\u00eb marr\u00eb pjes\u00eb, askush s\u2019e ka mohu rezultatin zgjedhor\u2019, ka th\u00ebn\u00eb sot Haradinaj.<\/p>\n<p>Kreu i Qeveris\u00eb kosovare, gjithashtu, i ka dh\u00ebn\u00eb p\u00ebrgjigje Ram\u00ebs edhe p\u00ebr zhvillimet n\u00eb Samitin e Berlinit.<\/p>\n<p>Kryeministri i Shqip\u00ebris\u00eb n\u00eb nj\u00eb intervist\u00eb n\u00eb Opinion kishte th\u00ebn\u00eb se presidenti i Franc\u00ebs, Emmanuel Macron, i kishte th\u00ebn\u00eb Haradinajt n\u00eb Berlin se n\u00ebse do ta hiqte taks\u00ebn Kosova brenda 6 muajve do t\u00eb merrte liberalizim t\u00eb vizave.<\/p>\n<p>Nj\u00eb gj\u00eb t\u00eb till\u00eb Haradinaj shprehet se kjo deklarat\u00eb nuk \u00ebsht\u00eb aspak e v\u00ebrtet\u00eb.<\/p>\n<p>\u2018Nuk q\u00ebndron ajo q\u00eb ka th\u00ebn\u00eb ai, ato jan\u00eb krejt pallavra. As kryeministri Macron as kancelarja Merkel nuk e kan\u00eb qit\u00eb n\u00eb tavolin\u00eb, qe vizat, hiqe taks\u00ebn. Un\u00eb i Kosov\u00ebs jam, n\u00ebse i dhemb dikujt heqja e vizave nuk do ta pranoja at\u00eb. Nuk jan\u00eb ata t\u00eb till\u00eb, jan\u00eb shefa t\u00eb shteteve, nuk punojn\u00eb ashtu, i kan\u00eb do formula, do kritere qysh b\u00ebhen k\u00ebto pun\u00eb\u2019, ka potencuar Haradinaj.<\/p>\n<p>Kryeministri n\u00eb detyr\u00eb ka th\u00ebn\u00eb se veprimeve t\u00eb Edi Ram\u00ebs po ua sheh sherrin edhe Kosova.<\/p>\n<p>\u2018N\u00ebse \u00ebsht\u00eb k\u00ebshtu pse s\u2019po ia japin negociatat z. Rama n\u00ebse qenka kaq i men\u00e7ur. Dob\u00ebsit\u00eb e tij po i b\u00ebjn\u00eb d\u00ebm edhe Kosov\u00ebs beso\u2019, ka shtuar kreu i AAK-s\u00eb.<\/p>\n<p>N\u00eb fund teksa ka folur p\u00ebr iden\u00eb e prekjes s\u00eb kufijve, Haradinaj ka th\u00ebn\u00eb se nj\u00eb ide e till\u00eb ka qen\u00eb vdekjeprur\u00ebse, t\u00eb cil\u00ebn \u00ebsht\u00eb detyruar ta luftoj\u00eb.<\/p>\n<p>\u2018Hapja e bisedave p\u00ebr territoret ka qen\u00eb vdekjeprur\u00ebse ka qen\u00eb shkat\u00ebrruese p\u00ebr mua p\u00ebr qeverin\u00eb. Jam detyruar me luftu kund\u00ebr asaj ideje\u2019, ka p\u00ebrfunduar Haradinaj.<\/p>\n<p><strong>\u00a9Copyright Gazeta SHQIP<\/strong><\/p>\n","protected":false},"excerpt":{"rendered":"<p>Haradinaj ironi me Ram\u00ebn: T\u00eb m\u00ebsoj\u00eb t\u00eb b\u00ebj\u00eb zgjedhje, pastaj t\u00eb flas\u00eb p\u00ebr Kosov\u00ebn 20 N\u00ebntor 2019 Teksa n\u00eb Kosov\u00eb \u00ebsht\u00eb kund\u00ebrshtuar nga t\u00eb gjitha pal\u00ebt Schengeni Ballkanik, kryeministri Edi Rama, homologu maqedonas Zoran Zaev dhe presidentin e Serbis\u00eb, Aleksand\u00ebr Vu\u00e7i\u00e7 jan\u00eb duke b\u00ebr\u00eb p\u00ebrpjekje p\u00ebr t\u00eb shtyr\u00eb p\u00ebrpara k\u00ebt\u00eb ide, q\u00eb sipas tyre do [&hellip;]<\/p>\n","protected":false},"author":9,"featured_media":28338,"comment_status":"open","ping_status":"open","sticky":false,"template":"","format":"standard","meta":{"jetpack_post_was_ever_published":false,"_jetpack_newsletter_access":"","_jetpack_dont_email_post_to_subs":false,"_jetpack_newsletter_tier_id":0,"_jetpack_memberships_contains_paywalled_content":false,"_jetpack_memberships_contains_paid_content":false,"footnotes":"","jetpack_publicize_message":"","jetpack_publicize_feature_enabled":true,"jetpack_social_post_already_shared":true,"jetpack_social_options":{"image_generator_settings":{"template":"highway","default_image_id":0,"font":"","enabled":false},"version":2}},"categories":[27,10,35],"tags":[],"class_list":["post-28337","post","type-post","status-publish","format-standard","has-post-thumbnail","hentry","category-blogu-i-udhetarit","category-kultura","category-shoqerore"],"jetpack_publicize_connections":[],"jetpack_featured_media_url":"https:\/\/i0.wp.com\/www.shqiperia.com\/blog\/wp-content\/uploads\/2019\/11\/Haradinaj-Rama.png?fit=822%2C492&ssl=1","jetpack_sharing_enabled":true,"jetpack_shortlink":"https:\/\/wp.me\/p5Z6wp-7n3","jetpack-related-posts":[{"id":74907,"url":"https:\/\/www.shqiperia.com\/blog\/haradinaj-takon-ramen-i-kerkova-te-ndihmoje-kosoven-ne-sfidat-e-saj\/","url_meta":{"origin":28337,"position":0},"title":"Haradinaj takon Ram\u00ebn: &#8211; I k\u00ebrkova t\u00eb ndihmoj\u00eb Kosov\u00ebn n\u00eb sfidat e saj","author":"Kurt Farka","date":"October 21, 2023","format":false,"excerpt":"21 Tetor 2023 Kryeministri Edi Rama ka zhvilluar nj\u00eb takim me Ramush Haradinajn. Ish-kryeministri i Kosov\u00ebs njoftoi p\u00ebrmes nj\u00eb postimi n\u00eb Facebook se gjat\u00eb takimit me Ram\u00ebn ka diskutuar p\u00ebr zhvillimet q\u00eb po kalojn\u00eb Shqip\u00ebria dhe Kosova. \u201cSot (19 tetor) n\u00eb Tiran\u00eb, nj\u00eb takim v\u00ebllaz\u00ebror me Kryeministrin e Shqip\u00ebris\u00eb, Edi\u2026","rel":"","context":"In &quot;Blogu i Udh\u00ebtarit&quot;","block_context":{"text":"Blogu i Udh\u00ebtarit","link":"https:\/\/www.shqiperia.com\/blog\/category\/blogu-i-udhetarit\/"},"img":{"alt_text":"","src":"https:\/\/i0.wp.com\/www.shqiperia.com\/blog\/wp-content\/uploads\/2023\/10\/65690864_647315549101779_5650374900632780800_n.jpg?fit=519%2C330&ssl=1&resize=350%2C200","width":350,"height":200},"classes":[]},{"id":3372,"url":"https:\/\/www.shqiperia.com\/blog\/haradinaj-pergjigjet-rames-mos-u-merr-kosoven-shqiperia-te-del-boll\/","url_meta":{"origin":28337,"position":1},"title":"Haradinaj i p\u00ebrgjigjet Ram\u00ebs: Mos u merr me Kosov\u00ebn, Shqip\u00ebria t\u00eb del boll! &#8211;","author":"Kurt Farka","date":"February 16, 2018","format":false,"excerpt":"Kryeministri i Kosov\u00ebs, Ramush Haradinaj ka reaguar menj\u00ebher\u00eb pas deklaratave t\u00eb b\u00ebra nga Edi Rama, n\u00eb lidhje m\u00eb at\u00eb se demarkacioni ishte debat i shpikur nga politika e brendshme e Kosov\u00ebs. Ai n\u00eb profilin e tij n\u00eb Facebook ka shkruar \u00a0se Edi Rama nuk ka \u00e7far\u00eb t\u00eb flas\u00eb p\u00ebr shpikjet\u2026","rel":"","context":"In &quot;Blogu i Udh\u00ebtarit&quot;","block_context":{"text":"Blogu i Udh\u00ebtarit","link":"https:\/\/www.shqiperia.com\/blog\/category\/blogu-i-udhetarit\/"},"img":{"alt_text":"","src":"https:\/\/i0.wp.com\/www.shqiperia.com\/blog\/wp-content\/uploads\/2018\/02\/faefgesgs-780x439.jpg?fit=780%2C439&ssl=1&resize=350%2C200","width":350,"height":200,"srcset":"https:\/\/i0.wp.com\/www.shqiperia.com\/blog\/wp-content\/uploads\/2018\/02\/faefgesgs-780x439.jpg?fit=780%2C439&ssl=1&resize=350%2C200 1x, https:\/\/i0.wp.com\/www.shqiperia.com\/blog\/wp-content\/uploads\/2018\/02\/faefgesgs-780x439.jpg?fit=780%2C439&ssl=1&resize=525%2C300 1.5x, https:\/\/i0.wp.com\/www.shqiperia.com\/blog\/wp-content\/uploads\/2018\/02\/faefgesgs-780x439.jpg?fit=780%2C439&ssl=1&resize=700%2C400 2x"},"classes":[]},{"id":41581,"url":"https:\/\/www.shqiperia.com\/blog\/vijojne-marredheniet-e-ngrira-me-ramen-haradinaj-vuri-kosoven-ne-veshtiresi-te-medha\/","url_meta":{"origin":28337,"position":2},"title":"Vijojn\u00eb marr\u00ebdh\u00ebniet e ngrira me Ram\u00ebn. Haradinaj: &#8211; Vuri Kosov\u00ebn n\u00eb v\u00ebshtir\u00ebsi t\u00eb m\u00ebdha","author":"Kurt Farka","date":"December 5, 2020","format":false,"excerpt":"Vijojn\u00eb marr\u00ebdh\u00ebniet e ngrira me Ram\u00ebn. Haradinaj: - Vuri Kosov\u00ebn n\u00eb v\u00ebshtir\u00ebsi t\u00eb m\u00ebdha 05\/12\/2020 Ish-kryeministri i Kosov\u00ebs, Ramush Haradinaj n\u00eb nj\u00eb intervist\u00eb ekskluzive p\u00ebr Ora News ka komentuar dhe raportin e tij me Kryeministrin e Shqip\u00ebris\u00eb Edi Ram\u00ebn. Ai tha ka n\u00eb k\u00ebt\u00eb raport ka mbajtur q\u00ebndrime t\u00eb drejta\u2026","rel":"","context":"In &quot;Blogu i Udh\u00ebtarit&quot;","block_context":{"text":"Blogu i Udh\u00ebtarit","link":"https:\/\/www.shqiperia.com\/blog\/category\/blogu-i-udhetarit\/"},"img":{"alt_text":"","src":"https:\/\/i0.wp.com\/www.shqiperia.com\/blog\/wp-content\/uploads\/2020\/12\/Ramush-Haradinaj.jpg?fit=1200%2C675&ssl=1&resize=350%2C200","width":350,"height":200,"srcset":"https:\/\/i0.wp.com\/www.shqiperia.com\/blog\/wp-content\/uploads\/2020\/12\/Ramush-Haradinaj.jpg?fit=1200%2C675&ssl=1&resize=350%2C200 1x, https:\/\/i0.wp.com\/www.shqiperia.com\/blog\/wp-content\/uploads\/2020\/12\/Ramush-Haradinaj.jpg?fit=1200%2C675&ssl=1&resize=525%2C300 1.5x, https:\/\/i0.wp.com\/www.shqiperia.com\/blog\/wp-content\/uploads\/2020\/12\/Ramush-Haradinaj.jpg?fit=1200%2C675&ssl=1&resize=700%2C400 2x, https:\/\/i0.wp.com\/www.shqiperia.com\/blog\/wp-content\/uploads\/2020\/12\/Ramush-Haradinaj.jpg?fit=1200%2C675&ssl=1&resize=1050%2C600 3x"},"classes":[]},{"id":30645,"url":"https:\/\/www.shqiperia.com\/blog\/kam-qene-prezent-haradinaj-rama-ka-lobuar-per-ndarjen-e-kosoves\/","url_meta":{"origin":28337,"position":3},"title":"\u201cKam qen\u00eb prezent\u201d\/ Haradinaj: Rama ka lobuar p\u00ebr ndarjen e Kosov\u00ebs","author":"Kurt Farka","date":"January 24, 2020","format":false,"excerpt":"\u201cKam qen\u00eb prezent\u201d\/ Haradinaj: Rama ka lobuar p\u00ebr ndarjen e Kosov\u00ebs - 23\/01\/20 mapo.al Kryeministri n\u00eb largim i Kosov\u00ebs, Ramush Haradinaj, ka b\u00ebr\u00eb nj\u00eb akuz\u00eb t\u00eb fort\u00eb ndaj kryeministrit Edi Rama, teksa po fliste p\u00ebr padin\u00eb q\u00eb ka ngritur ky i fundit ndaj tij. Haradinaj deklaroi se Rama ka lobuar\u2026","rel":"","context":"In &quot;Blogu i Udh\u00ebtarit&quot;","block_context":{"text":"Blogu i Udh\u00ebtarit","link":"https:\/\/www.shqiperia.com\/blog\/category\/blogu-i-udhetarit\/"},"img":{"alt_text":"","src":"https:\/\/i0.wp.com\/www.shqiperia.com\/blog\/wp-content\/uploads\/2020\/01\/Ramush-Haradinaj-Edi-Rama-foto-REL-AP-e1542037537328.jpg?fit=720%2C405&ssl=1&resize=350%2C200","width":350,"height":200,"srcset":"https:\/\/i0.wp.com\/www.shqiperia.com\/blog\/wp-content\/uploads\/2020\/01\/Ramush-Haradinaj-Edi-Rama-foto-REL-AP-e1542037537328.jpg?fit=720%2C405&ssl=1&resize=350%2C200 1x, https:\/\/i0.wp.com\/www.shqiperia.com\/blog\/wp-content\/uploads\/2020\/01\/Ramush-Haradinaj-Edi-Rama-foto-REL-AP-e1542037537328.jpg?fit=720%2C405&ssl=1&resize=525%2C300 1.5x, https:\/\/i0.wp.com\/www.shqiperia.com\/blog\/wp-content\/uploads\/2020\/01\/Ramush-Haradinaj-Edi-Rama-foto-REL-AP-e1542037537328.jpg?fit=720%2C405&ssl=1&resize=700%2C400 2x"},"classes":[]},{"id":30470,"url":"https:\/\/www.shqiperia.com\/blog\/majko-kerkon-paqe-ne-kosove-pas-padise-se-rames-per-haradinaj-vllau-edhe-te-merzit\/","url_meta":{"origin":28337,"position":4},"title":"Majko k\u00ebrkon paqe n\u00eb Kosov\u00eb pas padis\u00eb s\u00eb Ram\u00ebs p\u00ebr Haradinaj: &#8211; Vllau edhe t\u00eb m\u00ebrzit!","author":"Kurt Farka","date":"January 19, 2020","format":false,"excerpt":"Majko k\u00ebrkon paqe n\u00eb Kosov\u00eb pas padis\u00eb s\u00eb Ram\u00ebs p\u00ebr Haradinaj: - Vllau edhe t\u00eb m\u00ebrzit! 18\/01\/2020 Ish-kryeministri i Shqip\u00ebris\u00eb gjat\u00eb Luft\u00ebs s\u00eb Kosov\u00ebs dhe ministri aktual i Diaspor\u00ebs, Pandeli Majko ka marr\u00eb pjes\u00eb sot n\u00eb takimin fal\u00ebnderues t\u00eb Kosov\u00ebs ndaj kontributit t\u00eb Shqip\u00ebris\u00eb gjat\u00eb Luft\u00ebs s\u00eb viteve 1998-1999. Majko\u2026","rel":"","context":"In &quot;Kultura&quot;","block_context":{"text":"Kultura","link":"https:\/\/www.shqiperia.com\/blog\/category\/kultura\/"},"img":{"alt_text":"","src":"https:\/\/i0.wp.com\/www.shqiperia.com\/blog\/wp-content\/uploads\/2020\/01\/Meta-Kosove-3-750x375-1.jpeg?fit=750%2C375&ssl=1&resize=350%2C200","width":350,"height":200,"srcset":"https:\/\/i0.wp.com\/www.shqiperia.com\/blog\/wp-content\/uploads\/2020\/01\/Meta-Kosove-3-750x375-1.jpeg?fit=750%2C375&ssl=1&resize=350%2C200 1x, https:\/\/i0.wp.com\/www.shqiperia.com\/blog\/wp-content\/uploads\/2020\/01\/Meta-Kosove-3-750x375-1.jpeg?fit=750%2C375&ssl=1&resize=525%2C300 1.5x, https:\/\/i0.wp.com\/www.shqiperia.com\/blog\/wp-content\/uploads\/2020\/01\/Meta-Kosove-3-750x375-1.jpeg?fit=750%2C375&ssl=1&resize=700%2C400 2x"},"classes":[]},{"id":56459,"url":"https:\/\/www.shqiperia.com\/blog\/ish-kryeministri-kosovar-nje-kandidat-i-mundshem-per-president-te-shqiperise\/","url_meta":{"origin":28337,"position":5},"title":"Ish-kryeministri kosovar nj\u00eb kandidat i mundsh\u00ebm p\u00ebr president t\u00eb Shqip\u00ebris\u00eb (!?)","author":"Kurt Farka","date":"April 7, 2022","format":false,"excerpt":"Ish-kryeministri kosovar nj\u00eb kandidat i mundsh\u00ebm p\u00ebr president t\u00eb Shqip\u00ebris\u00eb (!?) 6 Prill 2022 \u2026 E megjithat\u00eb Edi Rama mund ti karikoj\u00eb t\u00eb gjith\u00eb p\u00ebr emrin e Presidentit dhe papritur u nxjerr nj\u00eb em\u00ebr tjet\u00ebr si kandidat dhe t\u00eb gjith\u00eb ikin n\u00eb sht\u00ebpi. \u2026 Nga Jonida Halili dhe Lindita Kokoli-\u2026","rel":"","context":"In &quot;Blogu i Udh\u00ebtarit&quot;","block_context":{"text":"Blogu i Udh\u00ebtarit","link":"https:\/\/www.shqiperia.com\/blog\/category\/blogu-i-udhetarit\/"},"img":{"alt_text":"","src":"https:\/\/i0.wp.com\/www.shqiperia.com\/blog\/wp-content\/uploads\/2022\/04\/Haredinaj-Rama.jpg?fit=855%2C391&ssl=1&resize=350%2C200","width":350,"height":200,"srcset":"https:\/\/i0.wp.com\/www.shqiperia.com\/blog\/wp-content\/uploads\/2022\/04\/Haredinaj-Rama.jpg?fit=855%2C391&ssl=1&resize=350%2C200 1x, https:\/\/i0.wp.com\/www.shqiperia.com\/blog\/wp-content\/uploads\/2022\/04\/Haredinaj-Rama.jpg?fit=855%2C391&ssl=1&resize=525%2C300 1.5x, https:\/\/i0.wp.com\/www.shqiperia.com\/blog\/wp-content\/uploads\/2022\/04\/Haredinaj-Rama.jpg?fit=855%2C391&ssl=1&resize=700%2C400 2x"},"classes":[]}],"_links":{"self":[{"href":"https:\/\/www.shqiperia.com\/blog\/wp-json\/wp\/v2\/posts\/28337","targetHints":{"allow":["GET"]}}],"collection":[{"href":"https:\/\/www.shqiperia.com\/blog\/wp-json\/wp\/v2\/posts"}],"about":[{"href":"https:\/\/www.shqiperia.com\/blog\/wp-json\/wp\/v2\/types\/post"}],"author":[{"embeddable":true,"href":"https:\/\/www.shqiperia.com\/blog\/wp-json\/wp\/v2\/users\/9"}],"replies":[{"embeddable":true,"href":"https:\/\/www.shqiperia.com\/blog\/wp-json\/wp\/v2\/comments?post=28337"}],"version-history":[{"count":1,"href":"https:\/\/www.shqiperia.com\/blog\/wp-json\/wp\/v2\/posts\/28337\/revisions"}],"predecessor-version":[{"id":28339,"href":"https:\/\/www.shqiperia.com\/blog\/wp-json\/wp\/v2\/posts\/28337\/revisions\/28339"}],"wp:featuredmedia":[{"embeddable":true,"href":"https:\/\/www.shqiperia.com\/blog\/wp-json\/wp\/v2\/media\/28338"}],"wp:attachment":[{"href":"https:\/\/www.shqiperia.com\/blog\/wp-json\/wp\/v2\/media?parent=28337"}],"wp:term":[{"taxonomy":"category","embeddable":true,"href":"https:\/\/www.shqiperia.com\/blog\/wp-json\/wp\/v2\/categories?post=28337"},{"taxonomy":"post_tag","embeddable":true,"href":"https:\/\/www.shqiperia.com\/blog\/wp-json\/wp\/v2\/tags?post=28337"}],"curies":[{"name":"wp","href":"https:\/\/api.w.org\/{rel}","templated":true}]}}