{"id":28333,"date":"2019-11-20T15:03:32","date_gmt":"2019-11-20T15:03:32","guid":{"rendered":"https:\/\/www.shqiperia.com\/blog\/?p=28333"},"modified":"2019-11-20T15:05:41","modified_gmt":"2019-11-20T15:05:41","slug":"kapja-e-vetingut-u-paralajmerua-qe-ne-2015-n-vasili-nxjerr-raportin-venecia-e-parashikoi-si-rrezik-madhor","status":"publish","type":"post","link":"https:\/\/www.shqiperia.com\/blog\/kapja-e-vetingut-u-paralajmerua-qe-ne-2015-n-vasili-nxjerr-raportin-venecia-e-parashikoi-si-rrezik-madhor\/","title":{"rendered":"\u201cKapja e vetingut u paralajm\u00ebrua q\u00eb n\u00eb 2015-n\u201d, Vasili nxjerr raportin: Venecia e parashikoi si rrezik madhor. &#8211;"},"content":{"rendered":"<p><img data-recalc-dims=\"1\" loading=\"lazy\" decoding=\"async\" data-attachment-id=\"28334\" data-permalink=\"https:\/\/www.shqiperia.com\/blog\/kapja-e-vetingut-u-paralajmerua-qe-ne-2015-n-vasili-nxjerr-raportin-venecia-e-parashikoi-si-rrezik-madhor\/vasili\/\" data-orig-file=\"https:\/\/i0.wp.com\/www.shqiperia.com\/blog\/wp-content\/uploads\/2019\/11\/vasili.jpg?fit=821%2C450&amp;ssl=1\" data-orig-size=\"821,450\" data-comments-opened=\"1\" data-image-meta=\"{&quot;aperture&quot;:&quot;0&quot;,&quot;credit&quot;:&quot;&quot;,&quot;camera&quot;:&quot;&quot;,&quot;caption&quot;:&quot;&quot;,&quot;created_timestamp&quot;:&quot;0&quot;,&quot;copyright&quot;:&quot;&quot;,&quot;focal_length&quot;:&quot;0&quot;,&quot;iso&quot;:&quot;0&quot;,&quot;shutter_speed&quot;:&quot;0&quot;,&quot;title&quot;:&quot;&quot;,&quot;orientation&quot;:&quot;0&quot;}\" data-image-title=\"vasili\" data-image-description=\"\" data-image-caption=\"\" data-medium-file=\"https:\/\/i0.wp.com\/www.shqiperia.com\/blog\/wp-content\/uploads\/2019\/11\/vasili.jpg?fit=300%2C164&amp;ssl=1\" data-large-file=\"https:\/\/i0.wp.com\/www.shqiperia.com\/blog\/wp-content\/uploads\/2019\/11\/vasili.jpg?fit=821%2C450&amp;ssl=1\" class=\"alignnone wp-image-28334\" alt=\"\" src=\"https:\/\/i0.wp.com\/www.shqiperia.com\/blog\/wp-content\/uploads\/2019\/11\/vasili.jpg?resize=490%2C268&#038;ssl=1\" width=\"490\" height=\"268\" srcset=\"https:\/\/i0.wp.com\/www.shqiperia.com\/blog\/wp-content\/uploads\/2019\/11\/vasili.jpg?resize=300%2C164&amp;ssl=1 300w, https:\/\/i0.wp.com\/www.shqiperia.com\/blog\/wp-content\/uploads\/2019\/11\/vasili.jpg?resize=768%2C421&amp;ssl=1 768w, https:\/\/i0.wp.com\/www.shqiperia.com\/blog\/wp-content\/uploads\/2019\/11\/vasili.jpg?resize=450%2C247&amp;ssl=1 450w, https:\/\/i0.wp.com\/www.shqiperia.com\/blog\/wp-content\/uploads\/2019\/11\/vasili.jpg?resize=600%2C329&amp;ssl=1 600w, https:\/\/i0.wp.com\/www.shqiperia.com\/blog\/wp-content\/uploads\/2019\/11\/vasili.jpg?resize=400%2C219&amp;ssl=1 400w, https:\/\/i0.wp.com\/www.shqiperia.com\/blog\/wp-content\/uploads\/2019\/11\/vasili.jpg?w=821&amp;ssl=1 821w\" sizes=\"auto, (max-width: 490px) 100vw, 490px\" \/><\/p>\n<p>\u201cKapja e vetingut u paralajm\u00ebrua q\u00eb n\u00eb 2015-n\u201d, Vasili nxjerr raportin: Venecia e parashikoi si rrezik madhor<\/p>\n<p><em>20 nentor 2019<\/em><\/p>\n<p><strong>\u201cRilindja dhe Komisioni i Venecias perjashtojne kategorikisht njera tjetren\u201d. Keshtu thote nenkryetari i LSI Petrit Vasili, ne nje postim ne Facebook, teksa rendit disa fakte dhe situata qe sipas tij vertetojne pikerisht kete gje.<\/strong><\/p>\n<p>\u201cRilindja ne funksion te kapjes se \u00e7frenuar te Drejtesise e ka perbuzur,e ka refuzuar dhe e ka hedhur poshte Komisionin e Venecias\u201d, shkruan Vasili.<\/p>\n<p><strong>POSTIMI I PLOTE<\/strong><\/p>\n<p>Rilindja e ka perbuzur gjithone Komisionin e Venecias!<\/p>\n<p>Rilindja ne funksion te kapjes se \u00e7frenuar te Drejtesise e ka perbuzur,e ka refuzuar dhe e ka hedhur poshte Komisionin e Venecias.<\/p>\n<p>Zgjedhjen e Prokurorit te Pergjithshem, u rrembye nga Rilindja me 69 vota nga 84, qe kerkonte Kushtetuta dhe qe rekomandonte Komisioni i Venecias.<\/p>\n<p>N\u00eb ate, kur maxhoranca ne vitin 2016 i kishte 84 vota n\u00eb Parlament, Komisioni i Venecias rekomandoi si rregull kalimtar zgjedhjen e Prokurorit t\u00eb P\u00ebrgjithsh\u00ebm:<\/p>\n<p>\u201cMe nj\u00eb shumic\u00eb m\u00eb t\u00eb madhe se 3\/5 at\u2019 q\u00eb, m\u00eb pas, do t\u00eb ishte norm\u00eb p\u00ebr zgjedhjen e Kryeprokurorit\u201d.<\/p>\n<p>Pra Komisioni i Venecias kerkonte qe te perdorej fillimisht 2\/3 per ta zgjedhur per te eliminuar kapjen dhe me pas 3\/5 qe do te ishte norme e padiskutueshme dhe ne vend te kesaj prokurori u grabit me 69 vota.<\/p>\n<p>Konkluzioni i Raportit Interim t\u00eb Komisionit t\u00eb Venecias n\u00eb fundin e vitit 2015 ngre shqetesimin e kapjes se Vetingut nga Rilindja dhe thote:<\/p>\n<p>\u201cKomisioni i Venecias evidenton se zgjidhje t\u00eb till\u00eb radikale (si procesi i rivler\u00ebsimit) jan\u00eb t\u00eb paarsyeshme n\u00eb kushte normale, pasi krijojn\u00eb tensione t\u00eb m\u00ebdha brenda gjyq\u00ebsorit, destabilizojn\u00eb pun\u00ebn e gjyqtar\u00ebve, shton mosbesimin e publikut n\u00eb gjyq\u00ebsor, shmang v\u00ebmendjen e gjyqtar\u00ebve nga detyrat e tyre normale, dhe, si \u00e7do mas\u00eb t\u00eb jasht\u00ebzakonshme, krijon rrezikun e kapjes s\u00eb gjyq\u00ebsorit nga ana e forc\u00ebs politike q\u00eb kontrollon procesin.\u201d<\/p>\n<p>Realiteti tregon saktesisht kete qe Venecia parashikoi si rrezik madhor te kapjes se Vetingut nga Rilindja dhe qe Raporti i OSBE-ODIHR per votimet e 30 qershorit e vulosi kur thote:<\/p>\n<p>\u201cGjyqtar\u00ebt e Kolegjit Zgjedhor g\u00ebzojn\u00eb imunitet dhe nuk mund t\u00eb jen\u00eb subjekt i procedurave disiplinore gjat\u00eb gjith\u00eb afatit p\u00ebr t\u00eb cilin Kolegji \u00ebsht\u00eb i konstituuar, ata ishin subjekte t\u00eb procesit t\u00eb vettingut, i cili mund t\u00eb prek sigurin\u00eb e mandatit t\u00eb tyre dhe n\u00eb k\u00ebt\u00eb m\u00ebnyr\u00eb t\u00eb ndikoj\u00eb n\u00eb pavar\u00ebsin\u00eb e tyre\u201d.<\/p>\n<p>Pra cdo gje e kerkuar parimisht nga Komisioni i Venecias eshte hedhur poshte nga Rilindja.<\/p>\n<p>Komisioni i Venecias u shpreh qe Presidenti i Republikes nuk kishte kryer asnje shkelje te Kushtetutes kur vendosi shtyrjen e votimeve rilindase te 30 qershorit.<\/p>\n<p>Rilindja e hodhi poshte serish Komisionin e Venecias dhe vazhdon te mbaje nje Komision Hetimor rilindas per shkarkimin e presidentit.<\/p>\n<p>Ndaj eshte e qarte qe Rilindja e hedh poshte dhe e refuzon Venecian sepse babezia per te kapur drejtesine dhe dhunimi i Kushtetutes dhe ligjit ja imponon kete.<\/p>\n<p>Shkurt Rilindja dhe Komisioni i Venecias perjashtojne kategorikisht njera tjetren.<\/p>\n<p>Gazeta Panorama<\/p>\n","protected":false},"excerpt":{"rendered":"<p>\u201cKapja e vetingut u paralajm\u00ebrua q\u00eb n\u00eb 2015-n\u201d, Vasili nxjerr raportin: Venecia e parashikoi si rrezik madhor 20 nentor 2019 \u201cRilindja dhe Komisioni i Venecias perjashtojne kategorikisht njera tjetren\u201d. Keshtu thote nenkryetari i LSI Petrit Vasili, ne nje postim ne Facebook, teksa rendit disa fakte dhe situata qe sipas tij vertetojne pikerisht kete gje. \u201cRilindja [&hellip;]<\/p>\n","protected":false},"author":9,"featured_media":28334,"comment_status":"open","ping_status":"open","sticky":false,"template":"","format":"standard","meta":{"jetpack_post_was_ever_published":false,"_jetpack_newsletter_access":"","_jetpack_dont_email_post_to_subs":false,"_jetpack_newsletter_tier_id":0,"_jetpack_memberships_contains_paywalled_content":false,"_jetpack_memberships_contains_paid_content":false,"footnotes":"","jetpack_publicize_message":"","jetpack_publicize_feature_enabled":true,"jetpack_social_post_already_shared":true,"jetpack_social_options":{"image_generator_settings":{"template":"highway","default_image_id":0,"font":"","enabled":false},"version":2}},"categories":[27,1,35],"tags":[],"class_list":["post-28333","post","type-post","status-publish","format-standard","has-post-thumbnail","hentry","category-blogu-i-udhetarit","category-njoftime-shtypi","category-shoqerore"],"jetpack_publicize_connections":[],"jetpack_featured_media_url":"https:\/\/i0.wp.com\/www.shqiperia.com\/blog\/wp-content\/uploads\/2019\/11\/vasili.jpg?fit=821%2C450&ssl=1","jetpack_sharing_enabled":true,"jetpack_shortlink":"https:\/\/wp.me\/p5Z6wp-7mZ","jetpack-related-posts":[{"id":32153,"url":"https:\/\/www.shqiperia.com\/blog\/venecia-jep-grusht-grushtit-te-shtetit\/","url_meta":{"origin":28333,"position":0},"title":"Venecia jep grusht \u201cGrushtit t\u00eb Shtetit\u201d","author":"Kurt Farka","date":"March 8, 2020","format":false,"excerpt":"Venecia jep grusht \u201cGrushtit t\u00eb Shtetit\u201d 07\/03\/2020 Nga: M. Xhani Komisioni i Venecias i ka dh\u00ebn\u00eb nj\u00eb goditje asgj\u00ebsuese nism\u00ebs s\u00eb qeveris\u00eb \u201cRama\u201d p\u00ebr t\u00eb kapur Gjykat\u00ebn Kushtetuese. Raporti paraprak i k\u00ebtij komisioni, i cili u thirr nga PS-ja p\u00ebr t\u00eb dh\u00ebn\u00eb mendim juridik p\u00ebr p\u00ebrplasjen me Presidentin, arrin n\u00eb\u2026","rel":"","context":"In &quot;Blogu i Udh\u00ebtarit&quot;","block_context":{"text":"Blogu i Udh\u00ebtarit","link":"https:\/\/www.shqiperia.com\/blog\/category\/blogu-i-udhetarit\/"},"img":{"alt_text":"","src":"https:\/\/i0.wp.com\/www.shqiperia.com\/blog\/wp-content\/uploads\/2020\/03\/Meta-komisioni-venecias.jpg?fit=600%2C291&ssl=1&resize=350%2C200","width":350,"height":200,"srcset":"https:\/\/i0.wp.com\/www.shqiperia.com\/blog\/wp-content\/uploads\/2020\/03\/Meta-komisioni-venecias.jpg?fit=600%2C291&ssl=1&resize=350%2C200 1x, https:\/\/i0.wp.com\/www.shqiperia.com\/blog\/wp-content\/uploads\/2020\/03\/Meta-komisioni-venecias.jpg?fit=600%2C291&ssl=1&resize=525%2C300 1.5x"},"classes":[]},{"id":56614,"url":"https:\/\/www.shqiperia.com\/blog\/vasili-ballkani-i-hapur-i-rames-mori-shuplake-nga-kancelari-scholz\/","url_meta":{"origin":28333,"position":1},"title":"Vasili: &#8211; Ballkani i Hapur i Ram\u00ebs mori shuplak\u00eb nga Kancelari Scholz","author":"Kurt Farka","date":"April 12, 2022","format":false,"excerpt":"Vasili: - Ballkani i Hapur i Ram\u00ebs mori shuplak\u00eb nga Kancelari Scholz 12 Prill 2022 \u201c\u00cbsht\u00eb momenti q\u00eb Rilindja t\u00eb mbyll\u00eb goj\u00ebn\u201d. N\u00ebnkryetari i LSI-s\u00eb, Petrit Vasili e ka konsideruar \u201cshuplak\u00eb\u201d q\u00ebndrimin e kancelarit gjerman Olaf Scholz p\u00ebr nism\u00ebn Ballkani i Hapur. Me an\u00eb t\u00eb nj\u00eb postimi n\u00eb Facebook, Vasili\u2026","rel":"","context":"In &quot;Blogu i Udh\u00ebtarit&quot;","block_context":{"text":"Blogu i Udh\u00ebtarit","link":"https:\/\/www.shqiperia.com\/blog\/category\/blogu-i-udhetarit\/"},"img":{"alt_text":"","src":"https:\/\/i0.wp.com\/www.shqiperia.com\/blog\/wp-content\/uploads\/2022\/04\/petrit-vasili-Edi-Rama.jpg?fit=600%2C334&ssl=1&resize=350%2C200","width":350,"height":200,"srcset":"https:\/\/i0.wp.com\/www.shqiperia.com\/blog\/wp-content\/uploads\/2022\/04\/petrit-vasili-Edi-Rama.jpg?fit=600%2C334&ssl=1&resize=350%2C200 1x, https:\/\/i0.wp.com\/www.shqiperia.com\/blog\/wp-content\/uploads\/2022\/04\/petrit-vasili-Edi-Rama.jpg?fit=600%2C334&ssl=1&resize=525%2C300 1.5x"},"classes":[]},{"id":26897,"url":"https:\/\/www.shqiperia.com\/blog\/presidenca-del-ne-deklarate-per-mediat-raporti-i-venecias-nuk-eshte-ai-qe-eshte-shperndare-nga-rilindja-mashtrime\/","url_meta":{"origin":28333,"position":2},"title":"Presidenca del n\u00eb deklarat\u00eb p\u00ebr mediat: Raporti i Venecias nuk \u00ebsht\u00eb ai q\u00eb \u00ebsht\u00eb shp\u00ebrndar\u00eb nga Rilindja, mashtrime","author":"Kurt Farka","date":"October 11, 2019","format":false,"excerpt":". Presidenca del n\u00eb deklarat\u00eb p\u00ebr mediat: Raporti i Venecias nuk \u00ebsht\u00eb ai q\u00eb \u00ebsht\u00eb shp\u00ebrndar\u00eb nga Rilindja, mashtrime 11 tetor 2019 Z\u00ebdh\u00ebn\u00ebsi p\u00ebr shtyp i presidenc\u00ebs Tedi Blushi ka dal\u00eb n\u00eb nj\u00eb deklarat\u00eb p\u00ebr mediat k\u00ebt\u00eb pasdite duke u shprehur se vendimin final dhe dokumenti origjinal mbi vendimin e\u2026","rel":"","context":"In &quot;Blogu i Udh\u00ebtarit&quot;","block_context":{"text":"Blogu i Udh\u00ebtarit","link":"https:\/\/www.shqiperia.com\/blog\/category\/blogu-i-udhetarit\/"},"img":{"alt_text":"","src":"https:\/\/i0.wp.com\/www.shqiperia.com\/blog\/wp-content\/uploads\/2019\/10\/bfc6b2d1-1491-40e4-81e3-24db7f476d97.jpg?fit=1200%2C679&ssl=1&resize=350%2C200","width":350,"height":200,"srcset":"https:\/\/i0.wp.com\/www.shqiperia.com\/blog\/wp-content\/uploads\/2019\/10\/bfc6b2d1-1491-40e4-81e3-24db7f476d97.jpg?fit=1200%2C679&ssl=1&resize=350%2C200 1x, https:\/\/i0.wp.com\/www.shqiperia.com\/blog\/wp-content\/uploads\/2019\/10\/bfc6b2d1-1491-40e4-81e3-24db7f476d97.jpg?fit=1200%2C679&ssl=1&resize=525%2C300 1.5x, https:\/\/i0.wp.com\/www.shqiperia.com\/blog\/wp-content\/uploads\/2019\/10\/bfc6b2d1-1491-40e4-81e3-24db7f476d97.jpg?fit=1200%2C679&ssl=1&resize=700%2C400 2x, https:\/\/i0.wp.com\/www.shqiperia.com\/blog\/wp-content\/uploads\/2019\/10\/bfc6b2d1-1491-40e4-81e3-24db7f476d97.jpg?fit=1200%2C679&ssl=1&resize=1050%2C600 3x"},"classes":[]},{"id":25520,"url":"https:\/\/www.shqiperia.com\/blog\/raporti-i-osbe-odhir-nxjerr-bllof-komisionin-anti-meta\/","url_meta":{"origin":28333,"position":3},"title":"Raporti i OSBE ODHIR, nxjerr bllof komisionin anti Meta.","author":"Kurt Farka","date":"September 5, 2019","format":false,"excerpt":"Raporti i OSBE ODHIR, nxjerr bllof komisionin anti Meta. Raport i OSBE ODHIR theksoi edhe nj\u00ebher\u00eb se Gjykata Kushtetuese \u00ebsht\u00eb i vetmi institucion q\u00eb mund t\u00eb shprehet p\u00ebr kushtetueshm\u00ebrin\u00eb e dekreteve presidenciale p\u00ebr zgjedhjet duke hedhur posht\u00eb gjith\u00eb pretendimet e socialist\u00ebve q\u00eb kan\u00eb ngritur komisionin parlamentar p\u00ebr shkarkimin e Met\u00ebs.\u2026","rel":"","context":"In &quot;Blogu i Udh\u00ebtarit&quot;","block_context":{"text":"Blogu i Udh\u00ebtarit","link":"https:\/\/www.shqiperia.com\/blog\/category\/blogu-i-udhetarit\/"},"img":{"alt_text":"","src":"https:\/\/i0.wp.com\/www.shqiperia.com\/blog\/wp-content\/uploads\/2019\/09\/70593063_2416111465170914_7749516733211213824_n.jpg?fit=850%2C492&ssl=1&resize=350%2C200","width":350,"height":200,"srcset":"https:\/\/i0.wp.com\/www.shqiperia.com\/blog\/wp-content\/uploads\/2019\/09\/70593063_2416111465170914_7749516733211213824_n.jpg?fit=850%2C492&ssl=1&resize=350%2C200 1x, https:\/\/i0.wp.com\/www.shqiperia.com\/blog\/wp-content\/uploads\/2019\/09\/70593063_2416111465170914_7749516733211213824_n.jpg?fit=850%2C492&ssl=1&resize=525%2C300 1.5x, https:\/\/i0.wp.com\/www.shqiperia.com\/blog\/wp-content\/uploads\/2019\/09\/70593063_2416111465170914_7749516733211213824_n.jpg?fit=850%2C492&ssl=1&resize=700%2C400 2x"},"classes":[]},{"id":28524,"url":"https:\/\/www.shqiperia.com\/blog\/prova-si-u-manipulua-ne-tirane-reforma-ne-drejtesi\/","url_meta":{"origin":28333,"position":4},"title":"Prova\/ Si u manipulua n\u00eb Tiran\u00eb reforma n\u00eb drejt\u00ebsi","author":"Kurt Farka","date":"November 23, 2019","format":false,"excerpt":"Prova\/ Si u manipulua n\u00eb Tiran\u00eb reforma n\u00eb drejt\u00ebsi 23 nentor 2013. Prej dit\u00ebsh vendi \u00ebsht\u00eb futur n\u00eb nj\u00eb kriz\u00eb t\u00eb madhe politike si pasoj\u00eb e nj\u00eb ng\u00ebr\u00e7i t\u00eb madh q\u00eb po krijon mosfunksionimi i reform\u00ebs n\u00eb drejt\u00ebsi. Gjykata Kushtetuese dhe ajo e lart\u00eb jan\u00eb prej dy vjet\u00ebsh jo funksionale,\u2026","rel":"","context":"In &quot;Blogu i Udh\u00ebtarit&quot;","block_context":{"text":"Blogu i Udh\u00ebtarit","link":"https:\/\/www.shqiperia.com\/blog\/category\/blogu-i-udhetarit\/"},"img":{"alt_text":"","src":"https:\/\/i0.wp.com\/www.shqiperia.com\/blog\/wp-content\/uploads\/2019\/11\/karikatura.jpg?fit=938%2C566&ssl=1&resize=350%2C200","width":350,"height":200,"srcset":"https:\/\/i0.wp.com\/www.shqiperia.com\/blog\/wp-content\/uploads\/2019\/11\/karikatura.jpg?fit=938%2C566&ssl=1&resize=350%2C200 1x, https:\/\/i0.wp.com\/www.shqiperia.com\/blog\/wp-content\/uploads\/2019\/11\/karikatura.jpg?fit=938%2C566&ssl=1&resize=525%2C300 1.5x, https:\/\/i0.wp.com\/www.shqiperia.com\/blog\/wp-content\/uploads\/2019\/11\/karikatura.jpg?fit=938%2C566&ssl=1&resize=700%2C400 2x"},"classes":[]},{"id":40390,"url":"https:\/\/www.shqiperia.com\/blog\/drite-ne-rilindjen-e-venecias-skulptori-helidon-xhixha-cel-ekspoziten-ne-itali-arti-ia-del-mbane-gjithmone\/","url_meta":{"origin":28333,"position":5},"title":"\u201cDrit\u00eb n\u00eb rilindjen e Venecias\u201d, skulptori Helidon Xhixha \u00e7el ekspozit\u00ebn n\u00eb Itali: Arti ia del mban\u00eb gjithmon\u00eb","author":"Kurt Farka","date":"November 1, 2020","format":false,"excerpt":"\u201cDrit\u00eb n\u00eb rilindjen e Venecias\u201d, skulptori Helidon Xhixha \u00e7el ekspozit\u00ebn n\u00eb Itali: Arti ia del mban\u00eb gjithmon\u00eb Tetor, 2020 Quhet \u201cDrit\u00eb ne rilindjen e Venecias\u201d, ekspozita personale me 7 vepra e Helidon Xhixh\u00ebs, skulptor, i lindur n\u00eb Durr\u00ebs n\u00eb nj\u00eb familje artist\u00ebsh, me nj\u00eb karrier\u00eb nd\u00ebrkomb\u00ebtare. Skulptura n\u00eb \u00e7elik, metal\u2026","rel":"","context":"In &quot;Arte&quot;","block_context":{"text":"Arte","link":"https:\/\/www.shqiperia.com\/blog\/category\/arte\/"},"img":{"alt_text":"","src":"https:\/\/i0.wp.com\/www.shqiperia.com\/blog\/wp-content\/uploads\/2020\/11\/xhixha-770x429-1.jpg?fit=770%2C429&ssl=1&resize=350%2C200","width":350,"height":200,"srcset":"https:\/\/i0.wp.com\/www.shqiperia.com\/blog\/wp-content\/uploads\/2020\/11\/xhixha-770x429-1.jpg?fit=770%2C429&ssl=1&resize=350%2C200 1x, https:\/\/i0.wp.com\/www.shqiperia.com\/blog\/wp-content\/uploads\/2020\/11\/xhixha-770x429-1.jpg?fit=770%2C429&ssl=1&resize=525%2C300 1.5x, https:\/\/i0.wp.com\/www.shqiperia.com\/blog\/wp-content\/uploads\/2020\/11\/xhixha-770x429-1.jpg?fit=770%2C429&ssl=1&resize=700%2C400 2x"},"classes":[]}],"_links":{"self":[{"href":"https:\/\/www.shqiperia.com\/blog\/wp-json\/wp\/v2\/posts\/28333","targetHints":{"allow":["GET"]}}],"collection":[{"href":"https:\/\/www.shqiperia.com\/blog\/wp-json\/wp\/v2\/posts"}],"about":[{"href":"https:\/\/www.shqiperia.com\/blog\/wp-json\/wp\/v2\/types\/post"}],"author":[{"embeddable":true,"href":"https:\/\/www.shqiperia.com\/blog\/wp-json\/wp\/v2\/users\/9"}],"replies":[{"embeddable":true,"href":"https:\/\/www.shqiperia.com\/blog\/wp-json\/wp\/v2\/comments?post=28333"}],"version-history":[{"count":1,"href":"https:\/\/www.shqiperia.com\/blog\/wp-json\/wp\/v2\/posts\/28333\/revisions"}],"predecessor-version":[{"id":28335,"href":"https:\/\/www.shqiperia.com\/blog\/wp-json\/wp\/v2\/posts\/28333\/revisions\/28335"}],"wp:featuredmedia":[{"embeddable":true,"href":"https:\/\/www.shqiperia.com\/blog\/wp-json\/wp\/v2\/media\/28334"}],"wp:attachment":[{"href":"https:\/\/www.shqiperia.com\/blog\/wp-json\/wp\/v2\/media?parent=28333"}],"wp:term":[{"taxonomy":"category","embeddable":true,"href":"https:\/\/www.shqiperia.com\/blog\/wp-json\/wp\/v2\/categories?post=28333"},{"taxonomy":"post_tag","embeddable":true,"href":"https:\/\/www.shqiperia.com\/blog\/wp-json\/wp\/v2\/tags?post=28333"}],"curies":[{"name":"wp","href":"https:\/\/api.w.org\/{rel}","templated":true}]}}