{"id":28323,"date":"2019-11-20T12:22:33","date_gmt":"2019-11-20T12:22:33","guid":{"rendered":"https:\/\/www.shqiperia.com\/blog\/?p=28323"},"modified":"2019-11-20T12:26:30","modified_gmt":"2019-11-20T12:26:30","slug":"presidenti-meta-gjeste-te-vecante-ne-takimin-me-berishen-dhe-cfare-tha-berisha-pas-takimit","status":"publish","type":"post","link":"https:\/\/www.shqiperia.com\/blog\/presidenti-meta-gjeste-te-vecante-ne-takimin-me-berishen-dhe-cfare-tha-berisha-pas-takimit\/","title":{"rendered":"Presidenti Meta Gjeste te ve\u00e7ant\u00eb n\u00eb takimin me Berish\u00ebn dhe &#8211; Cfare tha Berisha pas takimit. &#8211;"},"content":{"rendered":"<p><img data-recalc-dims=\"1\" loading=\"lazy\" decoding=\"async\" data-attachment-id=\"28325\" data-permalink=\"https:\/\/www.shqiperia.com\/blog\/presidenti-meta-gjeste-te-vecante-ne-takimin-me-berishen-dhe-cfare-tha-berisha-pas-takimit\/meta-berisha-2\/\" data-orig-file=\"https:\/\/i0.wp.com\/www.shqiperia.com\/blog\/wp-content\/uploads\/2019\/11\/meta-berisha-1.jpg?fit=1280%2C708&amp;ssl=1\" data-orig-size=\"1280,708\" data-comments-opened=\"1\" data-image-meta=\"{&quot;aperture&quot;:&quot;0&quot;,&quot;credit&quot;:&quot;&quot;,&quot;camera&quot;:&quot;&quot;,&quot;caption&quot;:&quot;&quot;,&quot;created_timestamp&quot;:&quot;0&quot;,&quot;copyright&quot;:&quot;&quot;,&quot;focal_length&quot;:&quot;0&quot;,&quot;iso&quot;:&quot;0&quot;,&quot;shutter_speed&quot;:&quot;0&quot;,&quot;title&quot;:&quot;&quot;,&quot;orientation&quot;:&quot;0&quot;}\" data-image-title=\"meta-berisha\" data-image-description=\"\" data-image-caption=\"\" data-medium-file=\"https:\/\/i0.wp.com\/www.shqiperia.com\/blog\/wp-content\/uploads\/2019\/11\/meta-berisha-1.jpg?fit=300%2C166&amp;ssl=1\" data-large-file=\"https:\/\/i0.wp.com\/www.shqiperia.com\/blog\/wp-content\/uploads\/2019\/11\/meta-berisha-1.jpg?fit=1024%2C566&amp;ssl=1\" class=\"alignnone wp-image-28325\" alt=\"\" src=\"https:\/\/i0.wp.com\/www.shqiperia.com\/blog\/wp-content\/uploads\/2019\/11\/meta-berisha-1.jpg?resize=658%2C364&#038;ssl=1\" width=\"658\" height=\"364\" srcset=\"https:\/\/i0.wp.com\/www.shqiperia.com\/blog\/wp-content\/uploads\/2019\/11\/meta-berisha-1.jpg?resize=300%2C166&amp;ssl=1 300w, https:\/\/i0.wp.com\/www.shqiperia.com\/blog\/wp-content\/uploads\/2019\/11\/meta-berisha-1.jpg?resize=768%2C425&amp;ssl=1 768w, https:\/\/i0.wp.com\/www.shqiperia.com\/blog\/wp-content\/uploads\/2019\/11\/meta-berisha-1.jpg?resize=1024%2C566&amp;ssl=1 1024w, https:\/\/i0.wp.com\/www.shqiperia.com\/blog\/wp-content\/uploads\/2019\/11\/meta-berisha-1.jpg?resize=450%2C249&amp;ssl=1 450w, https:\/\/i0.wp.com\/www.shqiperia.com\/blog\/wp-content\/uploads\/2019\/11\/meta-berisha-1.jpg?resize=600%2C332&amp;ssl=1 600w, https:\/\/i0.wp.com\/www.shqiperia.com\/blog\/wp-content\/uploads\/2019\/11\/meta-berisha-1.jpg?resize=400%2C221&amp;ssl=1 400w, https:\/\/i0.wp.com\/www.shqiperia.com\/blog\/wp-content\/uploads\/2019\/11\/meta-berisha-1.jpg?w=1280&amp;ssl=1 1280w\" sizes=\"auto, (max-width: 658px) 100vw, 658px\" \/><\/p>\n<p>Presidenti Meta Gjeste te ve\u00e7ant\u00eb n\u00eb takimin me Berish\u00ebn dhe &#8211; Cfare tha Berisha pas takimit. &#8211;<\/p>\n<p><em>20 nentor 2019<\/em><\/p>\n<p>Presidenti Ilir Meta u takua k\u00ebt\u00eb t\u00eb m\u00ebrkure n\u00eb or\u00ebn 12:00 me ish kryeministrin Sali Berisha, n\u00eb cil\u00ebsin\u00eb e ish Presidentit, n\u00eb vijim t\u00eb turit t\u00eb konsultave q\u00eb kreu i shtetit ka nisur p\u00ebr t\u00eb diskutuar p\u00ebr kriz\u00ebn ku ndodhet vendi, situat\u00eb q\u00eb ai e ka quajtur dramatike.<\/p>\n<p>Ajo q\u00eb ra n\u00eb sy ndryshe nga takimet e m\u00ebparshme, ishte fakti q\u00eb Presidenti e ka pritur vet\u00eb Berish\u00ebn n\u00eb hyrje dhe e ka p\u00ebrcjell\u00eb deri tek dera e jashtme ku edhe jan\u00eb fotografuar nga mediat.<\/p>\n<p>Batuta e Metes per gazetaret pasi p\u00ebrcolli Berish\u00ebn ishte: Sipas tradit\u00ebs se mal\u00ebsor\u00ebve, e prita vet\u00eb mikun dhe e p\u00ebrcolla deri tek dera.<\/p>\n<h4 class=\"entry-title\">Cfare tha Berisha pas takimit.<\/h4>\n<p>Berisha flet pas takimit 30 minuta me Presidentin Meta: &#8211; Tani \u00ebsht\u00eb moment ky\u00e7 dhe vendimtar.<\/p>\n<p><strong>Ka zgjatur 30 minuta takimi n\u00eb Presidenc\u00eb mes ish kryeministrit Sali Berisha dhe Presidentit Ilir Meta, i ftuar n\u00eb vijim t\u00eb turit t\u00eb konsultimeve q\u00eb kreu i shtetit ka nisur p\u00ebr t\u00eb diskutuar p\u00ebr situat\u00ebn q\u00eb ndodhet vendi.<\/strong><\/p>\n<p>Berisha tha se \u201ctani \u00ebsht\u00eb nj\u00eb moment kyc dhe vendimtar, p\u00ebr cdo qytetar shqiptar\u201d.<\/p>\n<p><img data-recalc-dims=\"1\" loading=\"lazy\" decoding=\"async\" data-attachment-id=\"28326\" data-permalink=\"https:\/\/www.shqiperia.com\/blog\/presidenti-meta-gjeste-te-vecante-ne-takimin-me-berishen-dhe-cfare-tha-berisha-pas-takimit\/meta-berisha-takimi3\/\" data-orig-file=\"https:\/\/i0.wp.com\/www.shqiperia.com\/blog\/wp-content\/uploads\/2019\/11\/meta-berisha-takimi3.jpg?fit=1280%2C853&amp;ssl=1\" data-orig-size=\"1280,853\" data-comments-opened=\"1\" data-image-meta=\"{&quot;aperture&quot;:&quot;0&quot;,&quot;credit&quot;:&quot;&quot;,&quot;camera&quot;:&quot;&quot;,&quot;caption&quot;:&quot;&quot;,&quot;created_timestamp&quot;:&quot;0&quot;,&quot;copyright&quot;:&quot;&quot;,&quot;focal_length&quot;:&quot;0&quot;,&quot;iso&quot;:&quot;0&quot;,&quot;shutter_speed&quot;:&quot;0&quot;,&quot;title&quot;:&quot;&quot;,&quot;orientation&quot;:&quot;0&quot;}\" data-image-title=\"meta-berisha-takimi3\" data-image-description=\"\" data-image-caption=\"\" data-medium-file=\"https:\/\/i0.wp.com\/www.shqiperia.com\/blog\/wp-content\/uploads\/2019\/11\/meta-berisha-takimi3.jpg?fit=300%2C200&amp;ssl=1\" data-large-file=\"https:\/\/i0.wp.com\/www.shqiperia.com\/blog\/wp-content\/uploads\/2019\/11\/meta-berisha-takimi3.jpg?fit=1024%2C682&amp;ssl=1\" class=\"alignnone wp-image-28326\" alt=\"\" src=\"https:\/\/i0.wp.com\/www.shqiperia.com\/blog\/wp-content\/uploads\/2019\/11\/meta-berisha-takimi3.jpg?resize=855%2C570&#038;ssl=1\" width=\"855\" height=\"570\" srcset=\"https:\/\/i0.wp.com\/www.shqiperia.com\/blog\/wp-content\/uploads\/2019\/11\/meta-berisha-takimi3.jpg?resize=300%2C200&amp;ssl=1 300w, https:\/\/i0.wp.com\/www.shqiperia.com\/blog\/wp-content\/uploads\/2019\/11\/meta-berisha-takimi3.jpg?resize=768%2C512&amp;ssl=1 768w, https:\/\/i0.wp.com\/www.shqiperia.com\/blog\/wp-content\/uploads\/2019\/11\/meta-berisha-takimi3.jpg?resize=1024%2C682&amp;ssl=1 1024w, https:\/\/i0.wp.com\/www.shqiperia.com\/blog\/wp-content\/uploads\/2019\/11\/meta-berisha-takimi3.jpg?resize=600%2C400&amp;ssl=1 600w, https:\/\/i0.wp.com\/www.shqiperia.com\/blog\/wp-content\/uploads\/2019\/11\/meta-berisha-takimi3.jpg?resize=450%2C300&amp;ssl=1 450w, https:\/\/i0.wp.com\/www.shqiperia.com\/blog\/wp-content\/uploads\/2019\/11\/meta-berisha-takimi3.jpg?resize=400%2C267&amp;ssl=1 400w, https:\/\/i0.wp.com\/www.shqiperia.com\/blog\/wp-content\/uploads\/2019\/11\/meta-berisha-takimi3.jpg?w=1280&amp;ssl=1 1280w\" sizes=\"auto, (max-width: 855px) 100vw, 855px\" \/><\/p>\n<p><strong>Pjese nga fjala e Berish\u00ebs:<\/strong><\/p>\n<p>N\u00eb k\u00ebt\u00eb takim me presidentin e Republik\u00ebs u diskutua gjer\u00ebsisht p\u00ebr kriz\u00ebn madhore q\u00eb mafia e Edi Ram\u00ebs n\u00eb p\u00ebrpjekjet e shp\u00ebrfytyruara p\u00ebr t\u00eb kapur t\u00eb gjith\u00eb sistemin e drejt\u00ebsis\u00eb krijoi edhe n\u00eb organin q\u00eb me ligj \u00ebsht\u00eb garant i Kushtetut\u00ebs s\u00eb vendit.<\/p>\n<p>Tani \u00ebsht\u00eb nj\u00eb moment kyc dhe vendimtar, p\u00ebr cdo qytetar shqiptar, por duhet t\u00eb theksoj k\u00ebtu se ju mediat keni nj\u00eb rol jasht\u00ebzakonisht t\u00eb r\u00ebnd\u00ebsish\u00ebm sepse me t\u00eb drejt\u00eb ju keni lakuar m\u00eb shum\u00eb se cdo gj\u00eb tjet\u00ebr gjat\u00eb k\u00ebtyre 4 viteve t\u00eb pakt\u00ebn 20 her\u00eb m\u00eb shum\u00eb reform\u00ebn n\u00eb drejt\u00ebsi se sa integrimin n\u00eb BE.<\/p>\n<p>\u00cbsht\u00eb n\u00eb detyrimin tuaj tu thoni t\u00eb v\u00ebrtet\u00ebn shqiptar\u00ebve se si kjo reform\u00eb po sjell n\u00eb m\u00ebnyr\u00eb t\u00eb neveritshme kapien e saj nga mafia e narkoshtetit shqiptar.<\/p>\n<p>Kush ka dyshimin m\u00eb t\u00eb vog\u00ebl i rikujtoj se KLP e sotme kryesohet nga nj\u00eb individ, kunati i radar ndrikull\u00ebs q\u00eb \u00ebsht\u00eb aty n\u00eb kund\u00ebrshtim me kushtetut\u00ebn se ajo k\u00ebrkon q\u00eb t\u00eb jet\u00eb magjistrat dhe \u00ebsht\u00eb aty vet\u00ebm p\u00ebr ti sh\u00ebrbyer si skllav Edi Ram\u00ebs.<\/p>\n<p>Kush dyshon n\u00eb k\u00ebt\u00eb q\u00eb them i b\u00ebj vet\u00ebm, nj\u00eb pyetje shqiptar\u00eb dhe t\u00eb huaj a mund t\u00eb na thoni n\u00eb 320 gjykat\u00ebs cili gjykat\u00ebs n\u00eb historin\u00eb 30 vjecare t\u00eb k\u00ebtij vendi ka shkelur n\u00eb mbledhjet partiake, t\u00eb PS apo PD, ai \u00ebsht\u00eb vet\u00ebm nj\u00eb, mafiozi Ardian Dvorani n\u00eb mbledhjet e PS.<\/p>\n<p>Ky gjykat\u00ebs militant, \u00ebsht\u00eb bllokuar reforma dy vite me radh\u00eb, integrimi se kush nuk voton nj\u00eb vend q\u00eb s\u2019ka gjykat\u00eb t\u00eb lart\u00eb e GJK, kjo \u00ebsht\u00eb baraz me zero shtet ligjior, ata q\u00eb i vran\u00eb k\u00ebtij vend e shkat\u00ebrruan GJK e lan\u00eb vendin pa shtet ligjor dhe ky \u00ebsht\u00eb Rama.<\/p>\n<p>E mbajt\u00ebn peng deri sa nxor\u00ebn Dvoranin n\u00eb krye.<\/p>\n<p><strong>K\u00ebtij parlamenti i duhej v\u00ebn\u00eb dryni q\u00eb shtatorin e kaluar. Ish kryeministri Sali Berisha dha k\u00ebt\u00eb p\u00ebrgjigje kur u pyet nga gazetar\u00ebt pas takimit me Presidentin Ilir Meta n\u00ebse do vepronte nj\u00ebsol pasi ky i fundit ka l\u00ebn\u00eb t\u00eb kuptohet n\u00eb nj\u00eb deklarat\u00eb disa dit\u00eb m\u00eb par\u00eb se \u201cParlamenti me nj\u00eb dekret shp\u00ebrndahet\u201d.<\/strong><\/p>\n<p>\u201cTi servir\u00ebsh shqiptar\u00ebve si parlament nd\u00ebrkoh\u00eb q\u00eb kushtetuta e ka p\u00ebrcaktuar 140 deputet\u00eb, un\u00eb s\u2019mund t\u00eb them sikur t\u00eb kisha qen\u00eb se s\u2019m\u00eb lejohet por ai parlament p\u00ebr mua e meritonte mbylljen, gozhdimin e dyerve q\u00eb n\u00eb shtatorin e vitit q\u00eb shkoi\u201d, tha Berisha.<\/p>\n<p>Deklarata e tij erdhi pas 30 minutash takim n\u00eb Presidenc\u00eb me Presidentin Meta, i ftuar n\u00eb vijim t\u00eb turit t\u00eb konsultimeve q\u00eb kreu i shtetit ka nisur p\u00ebr t\u00eb diskutuar p\u00ebr situat\u00ebn q\u00eb ndodhet vendi.<\/p>\n<p>Gazeta Panorama<\/p>\n","protected":false},"excerpt":{"rendered":"<p>Presidenti Meta Gjeste te ve\u00e7ant\u00eb n\u00eb takimin me Berish\u00ebn dhe &#8211; Cfare tha Berisha pas takimit. &#8211; 20 nentor 2019 Presidenti Ilir Meta u takua k\u00ebt\u00eb t\u00eb m\u00ebrkure n\u00eb or\u00ebn 12:00 me ish kryeministrin Sali Berisha, n\u00eb cil\u00ebsin\u00eb e ish Presidentit, n\u00eb vijim t\u00eb turit t\u00eb konsultave q\u00eb kreu i shtetit ka nisur p\u00ebr t\u00eb [&hellip;]<\/p>\n","protected":false},"author":9,"featured_media":28324,"comment_status":"open","ping_status":"open","sticky":false,"template":"","format":"standard","meta":{"jetpack_post_was_ever_published":false,"_jetpack_newsletter_access":"","_jetpack_dont_email_post_to_subs":false,"_jetpack_newsletter_tier_id":0,"_jetpack_memberships_contains_paywalled_content":false,"_jetpack_memberships_contains_paid_content":false,"footnotes":"","jetpack_publicize_message":"","jetpack_publicize_feature_enabled":true,"jetpack_social_post_already_shared":true,"jetpack_social_options":{"image_generator_settings":{"template":"highway","default_image_id":0,"font":"","enabled":false},"version":2}},"categories":[10],"tags":[],"class_list":["post-28323","post","type-post","status-publish","format-standard","has-post-thumbnail","hentry","category-kultura"],"jetpack_publicize_connections":[],"jetpack_featured_media_url":"https:\/\/i0.wp.com\/www.shqiperia.com\/blog\/wp-content\/uploads\/2019\/11\/meta-berisha.jpg?fit=1280%2C853&ssl=1","jetpack_sharing_enabled":true,"jetpack_shortlink":"https:\/\/wp.me\/p5Z6wp-7mP","jetpack-related-posts":[{"id":51233,"url":"https:\/\/www.shqiperia.com\/blog\/evi-kokalari-nuk-eshte-fan-noli-sher-mes-analistit-te-njohur-dhe-clirim-gjates-rama-e-ka-frike-debatin-me-berishen\/","url_meta":{"origin":28323,"position":0},"title":"\u201cEvi Kokalari nuk \u00ebsht\u00eb Fan Noli\u201d. \u2013 Sher mes analistit t\u00eb njohur dhe \u00c7lirim Gjat\u00ebs: Rama e ka frik\u00eb debatin me Berish\u00ebn!","author":"Kurt Farka","date":"November 10, 2021","format":false,"excerpt":"\u201cEvi Kokalari nuk \u00ebsht\u00eb Fan Noli\u201d. \u2013 Sher mes analistit t\u00eb njohur dhe \u00c7lirim Gjat\u00ebs: Rama e ka frik\u00eb debatin me Berish\u00ebn! 10 N\u00cbNTOR 2021 Ish-sekretari ligjor demokrat \u00c7lirim Gjata dhe analisti t\u00eb njohur Roland Qafoku diskutuan sot n\u00eb emisionin \u2018Breaking\u2019 p\u00ebr p\u00ebrplasjet mes Bash\u00ebs dhe Berish\u00ebs. P\u00ebr Qafoku fakti\u2026","rel":"","context":"In &quot;Blogu i Udh\u00ebtarit&quot;","block_context":{"text":"Blogu i Udh\u00ebtarit","link":"https:\/\/www.shqiperia.com\/blog\/category\/blogu-i-udhetarit\/"},"img":{"alt_text":"","src":"https:\/\/i0.wp.com\/www.shqiperia.com\/blog\/wp-content\/uploads\/2021\/11\/800-0-618ba0522224b.jpg?fit=607%2C328&ssl=1&resize=350%2C200","width":350,"height":200,"srcset":"https:\/\/i0.wp.com\/www.shqiperia.com\/blog\/wp-content\/uploads\/2021\/11\/800-0-618ba0522224b.jpg?fit=607%2C328&ssl=1&resize=350%2C200 1x, https:\/\/i0.wp.com\/www.shqiperia.com\/blog\/wp-content\/uploads\/2021\/11\/800-0-618ba0522224b.jpg?fit=607%2C328&ssl=1&resize=525%2C300 1.5x"},"classes":[]},{"id":51516,"url":"https:\/\/www.shqiperia.com\/blog\/perplasjet-ne-pd-presidenti-meta-e-kam-keshilluar-bashen-qe-ta-respektoje-gjithmone-berishen-porja-kur-ka-qene-hera-e-fundit-qe-jam-takuar-me-ish-kryeministrin\/","url_meta":{"origin":28323,"position":1},"title":"P\u00ebrplasjet n\u00eb PD. Presidenti Meta: &#8211; E kam k\u00ebshilluar Bash\u00ebn q\u00eb ta respektoj\u00eb gjithmon\u00eb Berish\u00ebn, por\u2026Ja kur ka qen\u00eb hera e fundit q\u00eb jam takuar me ish-kryeministrin","author":"Kurt Farka","date":"November 19, 2021","format":false,"excerpt":"P\u00ebrplasjet n\u00eb PD. Presidenti Meta: - E kam k\u00ebshilluar Bash\u00ebn q\u00eb ta respektoj\u00eb gjithmon\u00eb Berish\u00ebn, por\u2026Ja kur ka qen\u00eb hera e fundit q\u00eb jam takuar me ish-kryeministrin 16 Nentor 2021 Presidenti Ilir Meta gjat\u00eb nj\u00eb interviste n\u00eb RTV \u201cOra News\u201d foli mbi p\u00ebrplasjet n\u00eb PD, ku kreu i PD Lulzim\u2026","rel":"","context":"In &quot;Blogu i Udh\u00ebtarit&quot;","block_context":{"text":"Blogu i Udh\u00ebtarit","link":"https:\/\/www.shqiperia.com\/blog\/category\/blogu-i-udhetarit\/"},"img":{"alt_text":"","src":"https:\/\/i0.wp.com\/www.shqiperia.com\/blog\/wp-content\/uploads\/2021\/11\/deklarata-1-1.jpg?fit=600%2C400&ssl=1&resize=350%2C200","width":350,"height":200,"srcset":"https:\/\/i0.wp.com\/www.shqiperia.com\/blog\/wp-content\/uploads\/2021\/11\/deklarata-1-1.jpg?fit=600%2C400&ssl=1&resize=350%2C200 1x, https:\/\/i0.wp.com\/www.shqiperia.com\/blog\/wp-content\/uploads\/2021\/11\/deklarata-1-1.jpg?fit=600%2C400&ssl=1&resize=525%2C300 1.5x"},"classes":[]},{"id":51504,"url":"https:\/\/www.shqiperia.com\/blog\/pd-smund-ta-perjashtoje-berishen-nazarko-pas-pezullimit-nga-grupi-veprimet-e-bashes-te-gabuara-taktikisht\/","url_meta":{"origin":28323,"position":2},"title":"\u201cPD s\u2019mund ta p\u00ebrjashtoj\u00eb Berish\u00ebn\u201d. Nazarko: &#8211; Pas pezullimit nga grupi, veprimet e Bash\u00ebs t\u00eb gabuara taktikisht","author":"Kurt Farka","date":"November 19, 2021","format":false,"excerpt":"\u201cPD s\u2019mund ta p\u00ebrjashtoj\u00eb Berish\u00ebn\u201d. Nazarko: - Pas pezullimit nga grupi, veprimet e Bash\u00ebs t\u00eb gabuara taktikisht - 18.11.21 \"...N\u00eb qoft\u00eb se Berisha vjen me 4200 firma n\u00eb tavolin\u00eb, t\u00eb gjitha b\u00ebhen pluhur e hi...\". Analisti Shp\u00ebtim Nazarko thot\u00eb se veprimet e kryedemokratit Lulzim Basha pas vendimit t\u00eb par\u00eb p\u00ebr\u2026","rel":"","context":"In &quot;Blogu i Udh\u00ebtarit&quot;","block_context":{"text":"Blogu i Udh\u00ebtarit","link":"https:\/\/www.shqiperia.com\/blog\/category\/blogu-i-udhetarit\/"},"img":{"alt_text":"","src":"https:\/\/i0.wp.com\/www.shqiperia.com\/blog\/wp-content\/uploads\/2021\/11\/Shpetim-Nazarko.jpg?fit=770%2C433&ssl=1&resize=350%2C200","width":350,"height":200,"srcset":"https:\/\/i0.wp.com\/www.shqiperia.com\/blog\/wp-content\/uploads\/2021\/11\/Shpetim-Nazarko.jpg?fit=770%2C433&ssl=1&resize=350%2C200 1x, https:\/\/i0.wp.com\/www.shqiperia.com\/blog\/wp-content\/uploads\/2021\/11\/Shpetim-Nazarko.jpg?fit=770%2C433&ssl=1&resize=525%2C300 1.5x, https:\/\/i0.wp.com\/www.shqiperia.com\/blog\/wp-content\/uploads\/2021\/11\/Shpetim-Nazarko.jpg?fit=770%2C433&ssl=1&resize=700%2C400 2x"},"classes":[]},{"id":49735,"url":"https:\/\/www.shqiperia.com\/blog\/lulzim-basha-merr-vendimin-e-bujshem-largon-sali-berishen-nga-grupi-parlamentar-i-pd\/","url_meta":{"origin":28323,"position":3},"title":"Lulzim Basha merr vendimin e bujsh\u00ebm, largon Sali Berish\u00ebn nga grupi parlamentar i PD","author":"Kurt Farka","date":"September 9, 2021","format":false,"excerpt":"Lulzim Basha merr vendimin e bujsh\u00ebm, largon Sali Berish\u00ebn nga grupi parlamentar i PD 9 SHTATOR 2021 Sot kryedemokrati Lulzim Basha ka mbledhur Kryesin\u00eb e Grupit Parlamentar, n\u00eb p\u00ebrb\u00ebrje t\u00eb s\u00eb cilit jan\u00eb kreu i grupit parlamentar, Alfred Rushaj, n\u00ebnkryetar\u00ebt Ervin Salianji dhe Lu\u00e7iano Bo\u00e7i, z\u00ebdh\u00ebn\u00ebsja Oriola Pampuri dhe Sekretari\u2026","rel":"","context":"In &quot;Politika&quot;","block_context":{"text":"Politika","link":"https:\/\/www.shqiperia.com\/blog\/category\/politika\/"},"img":{"alt_text":"","src":"https:\/\/i0.wp.com\/www.shqiperia.com\/blog\/wp-content\/uploads\/2021\/09\/800-0-613a4dbfd23b2.jpg?fit=800%2C500&ssl=1&resize=350%2C200","width":350,"height":200,"srcset":"https:\/\/i0.wp.com\/www.shqiperia.com\/blog\/wp-content\/uploads\/2021\/09\/800-0-613a4dbfd23b2.jpg?fit=800%2C500&ssl=1&resize=350%2C200 1x, https:\/\/i0.wp.com\/www.shqiperia.com\/blog\/wp-content\/uploads\/2021\/09\/800-0-613a4dbfd23b2.jpg?fit=800%2C500&ssl=1&resize=525%2C300 1.5x, https:\/\/i0.wp.com\/www.shqiperia.com\/blog\/wp-content\/uploads\/2021\/09\/800-0-613a4dbfd23b2.jpg?fit=800%2C500&ssl=1&resize=700%2C400 2x"},"classes":[]},{"id":52189,"url":"https:\/\/www.shqiperia.com\/blog\/kuvend-i-hajnise-basha-akuzon-berisha-po-mbeshtetet-nga-rama-meta-oligarket-dhe-krimi-i-organizuar\/","url_meta":{"origin":28323,"position":4},"title":"\u201cKuvend i Hajnis\u00eb\u201d . Basha akuzon: &#8211; Berisha po mb\u00ebshtetet nga Rama-Meta, oligark\u00ebt dhe krimi i organizuar","author":"Kurt Farka","date":"December 10, 2021","format":false,"excerpt":"\u201cKuvend i Hajnis\u00eb\u201d . Basha akuzon: - Berisha po mb\u00ebshtetet nga Rama-Meta, oligark\u00ebt dhe krimi i organizuar 9 DHJETOR 2021 Lulzim Basha e quajti \u201cKuvendi i Hajnis\u00eb\u201d Kuvendin e thirrur nga Sali Berisha m\u00eb 11 dhjetor dhe akuzoi Edi Ram\u00ebn se po e mb\u00ebshtet ish-Kryeministrin s\u00eb bashku me Ilir Met\u00ebn.\u2026","rel":"","context":"In &quot;Blogu i Udh\u00ebtarit&quot;","block_context":{"text":"Blogu i Udh\u00ebtarit","link":"https:\/\/www.shqiperia.com\/blog\/category\/blogu-i-udhetarit\/"},"img":{"alt_text":"","src":"https:\/\/i0.wp.com\/www.shqiperia.com\/blog\/wp-content\/uploads\/2021\/12\/640-0-373802825f33fa05d9228cb207f42a3e.jpg?fit=640%2C389&ssl=1&resize=350%2C200","width":350,"height":200,"srcset":"https:\/\/i0.wp.com\/www.shqiperia.com\/blog\/wp-content\/uploads\/2021\/12\/640-0-373802825f33fa05d9228cb207f42a3e.jpg?fit=640%2C389&ssl=1&resize=350%2C200 1x, https:\/\/i0.wp.com\/www.shqiperia.com\/blog\/wp-content\/uploads\/2021\/12\/640-0-373802825f33fa05d9228cb207f42a3e.jpg?fit=640%2C389&ssl=1&resize=525%2C300 1.5x"},"classes":[]},{"id":50518,"url":"https:\/\/www.shqiperia.com\/blog\/do-vijne-dy-telefonata-nga-burgu-kreshnik-spahiu-paralajmeron-levizje-te-bujshme-cfare-do-te-ndodhe-me-lulzim-bashen-nese-arrestohet-sali-berisha-fundi-i-ketij-politikani-do-t\/","url_meta":{"origin":28323,"position":5},"title":"&#8220;Do vijn\u00eb dy \u2018telefonata\u2019 nga burgu&#8221;, Kreshnik Spahiu paralajm\u00ebron l\u00ebvizje t\u00eb bujshme: \u00c7far\u00eb do t\u00eb ndodh\u00eb me Lulzim Bash\u00ebn n\u00ebse arrestohet Sali Berisha! Fundi i k\u00ebtij politikani do t\u00eb jet\u00eb m\u00eb i turpshmi i 100 viteve histori&#8230;","author":"Kurt Farka","date":"October 13, 2021","format":false,"excerpt":"\"Do vijn\u00eb dy \u2018telefonata\u2019 nga burgu\", Kreshnik Spahiu paralajm\u00ebron l\u00ebvizje t\u00eb bujshme: \u00c7far\u00eb do t\u00eb ndodh\u00eb me Lulzim Bash\u00ebn n\u00ebse arrestohet Sali Berisha! Fundi i k\u00ebtij politikani do t\u00eb jet\u00eb m\u00eb i turpshmi i 100 viteve histori... 13 TETOR 2021 Ish-kreu i Aleanc\u00ebs Kuq e Zi, Kreshnik Spahiu ka komentuar\u2026","rel":"","context":"In &quot;Blogu i Udh\u00ebtarit&quot;","block_context":{"text":"Blogu i Udh\u00ebtarit","link":"https:\/\/www.shqiperia.com\/blog\/category\/blogu-i-udhetarit\/"},"img":{"alt_text":"","src":"https:\/\/i0.wp.com\/www.shqiperia.com\/blog\/wp-content\/uploads\/2021\/10\/Lulzim-Basha.jpg?fit=640%2C360&ssl=1&resize=350%2C200","width":350,"height":200,"srcset":"https:\/\/i0.wp.com\/www.shqiperia.com\/blog\/wp-content\/uploads\/2021\/10\/Lulzim-Basha.jpg?fit=640%2C360&ssl=1&resize=350%2C200 1x, https:\/\/i0.wp.com\/www.shqiperia.com\/blog\/wp-content\/uploads\/2021\/10\/Lulzim-Basha.jpg?fit=640%2C360&ssl=1&resize=525%2C300 1.5x"},"classes":[]}],"_links":{"self":[{"href":"https:\/\/www.shqiperia.com\/blog\/wp-json\/wp\/v2\/posts\/28323","targetHints":{"allow":["GET"]}}],"collection":[{"href":"https:\/\/www.shqiperia.com\/blog\/wp-json\/wp\/v2\/posts"}],"about":[{"href":"https:\/\/www.shqiperia.com\/blog\/wp-json\/wp\/v2\/types\/post"}],"author":[{"embeddable":true,"href":"https:\/\/www.shqiperia.com\/blog\/wp-json\/wp\/v2\/users\/9"}],"replies":[{"embeddable":true,"href":"https:\/\/www.shqiperia.com\/blog\/wp-json\/wp\/v2\/comments?post=28323"}],"version-history":[{"count":3,"href":"https:\/\/www.shqiperia.com\/blog\/wp-json\/wp\/v2\/posts\/28323\/revisions"}],"predecessor-version":[{"id":28329,"href":"https:\/\/www.shqiperia.com\/blog\/wp-json\/wp\/v2\/posts\/28323\/revisions\/28329"}],"wp:featuredmedia":[{"embeddable":true,"href":"https:\/\/www.shqiperia.com\/blog\/wp-json\/wp\/v2\/media\/28324"}],"wp:attachment":[{"href":"https:\/\/www.shqiperia.com\/blog\/wp-json\/wp\/v2\/media?parent=28323"}],"wp:term":[{"taxonomy":"category","embeddable":true,"href":"https:\/\/www.shqiperia.com\/blog\/wp-json\/wp\/v2\/categories?post=28323"},{"taxonomy":"post_tag","embeddable":true,"href":"https:\/\/www.shqiperia.com\/blog\/wp-json\/wp\/v2\/tags?post=28323"}],"curies":[{"name":"wp","href":"https:\/\/api.w.org\/{rel}","templated":true}]}}