{"id":28319,"date":"2019-11-20T11:45:32","date_gmt":"2019-11-20T11:45:32","guid":{"rendered":"https:\/\/www.shqiperia.com\/blog\/?p=28319"},"modified":"2019-11-20T11:45:45","modified_gmt":"2019-11-20T11:45:45","slug":"tryeza-e-osbe-zbardhen-propozimet-e-pd-se-per-reformen-zgjedhore","status":"publish","type":"post","link":"https:\/\/www.shqiperia.com\/blog\/tryeza-e-osbe-zbardhen-propozimet-e-pd-se-per-reformen-zgjedhore\/","title":{"rendered":"Tryeza e OSBE, zbardhen propozimet e PD-s\u00eb p\u00ebr reform\u00ebn zgjedhore. &#8211;"},"content":{"rendered":"<p><img data-recalc-dims=\"1\" loading=\"lazy\" decoding=\"async\" data-attachment-id=\"28320\" data-permalink=\"https:\/\/www.shqiperia.com\/blog\/tryeza-e-osbe-zbardhen-propozimet-e-pd-se-per-reformen-zgjedhore\/osbe-905x450\/\" data-orig-file=\"https:\/\/i0.wp.com\/www.shqiperia.com\/blog\/wp-content\/uploads\/2019\/11\/osbe-905x450.jpeg?fit=905%2C450&amp;ssl=1\" data-orig-size=\"905,450\" data-comments-opened=\"1\" data-image-meta=\"{&quot;aperture&quot;:&quot;0&quot;,&quot;credit&quot;:&quot;&quot;,&quot;camera&quot;:&quot;&quot;,&quot;caption&quot;:&quot;&quot;,&quot;created_timestamp&quot;:&quot;0&quot;,&quot;copyright&quot;:&quot;&quot;,&quot;focal_length&quot;:&quot;0&quot;,&quot;iso&quot;:&quot;0&quot;,&quot;shutter_speed&quot;:&quot;0&quot;,&quot;title&quot;:&quot;&quot;,&quot;orientation&quot;:&quot;0&quot;}\" data-image-title=\"osbe-905&#215;450\" data-image-description=\"\" data-image-caption=\"\" data-medium-file=\"https:\/\/i0.wp.com\/www.shqiperia.com\/blog\/wp-content\/uploads\/2019\/11\/osbe-905x450.jpeg?fit=300%2C149&amp;ssl=1\" data-large-file=\"https:\/\/i0.wp.com\/www.shqiperia.com\/blog\/wp-content\/uploads\/2019\/11\/osbe-905x450.jpeg?fit=905%2C450&amp;ssl=1\" class=\"alignnone wp-image-28320\" alt=\"\" src=\"https:\/\/i0.wp.com\/www.shqiperia.com\/blog\/wp-content\/uploads\/2019\/11\/osbe-905x450.jpeg?resize=528%2C262&#038;ssl=1\" width=\"528\" height=\"262\" srcset=\"https:\/\/i0.wp.com\/www.shqiperia.com\/blog\/wp-content\/uploads\/2019\/11\/osbe-905x450.jpeg?resize=300%2C149&amp;ssl=1 300w, https:\/\/i0.wp.com\/www.shqiperia.com\/blog\/wp-content\/uploads\/2019\/11\/osbe-905x450.jpeg?resize=768%2C382&amp;ssl=1 768w, https:\/\/i0.wp.com\/www.shqiperia.com\/blog\/wp-content\/uploads\/2019\/11\/osbe-905x450.jpeg?resize=450%2C224&amp;ssl=1 450w, https:\/\/i0.wp.com\/www.shqiperia.com\/blog\/wp-content\/uploads\/2019\/11\/osbe-905x450.jpeg?resize=600%2C298&amp;ssl=1 600w, https:\/\/i0.wp.com\/www.shqiperia.com\/blog\/wp-content\/uploads\/2019\/11\/osbe-905x450.jpeg?resize=400%2C199&amp;ssl=1 400w, https:\/\/i0.wp.com\/www.shqiperia.com\/blog\/wp-content\/uploads\/2019\/11\/osbe-905x450.jpeg?resize=905%2C450&amp;ssl=1 905w\" sizes=\"auto, (max-width: 528px) 100vw, 528px\" \/><\/p>\n<p><strong>Tryeza e OSBE, zbardhen propozimet e PD-s\u00eb p\u00ebr reform\u00ebn zgjedhore<\/strong><\/p>\n<p>19 nentor \u00a02019<\/p>\n<p>Sot po zhvillohet tryeza e dyt\u00eb e OSBE p\u00ebr reform\u00ebn zgjedhore n\u00eb nivel teknik. PD-ja, ashtu si n\u00eb 25 shtator ka vendosur t\u00eb marr\u00eb pjes\u00eb edhe n\u00eb k\u00ebt\u00eb tryez\u00eb duke u p\u00ebrfaq\u00ebsuar s\u00ebrish Ivi Kason.<\/p>\n<p>Jane zbardhur propozimet e p\u00ebrfaq\u00ebsuesit t\u00eb opozit\u00ebs se bashkuar Ivi Kaso me tryz\u00ebn e OSBE p\u00ebr financimin e partive politike gjat\u00eb fushatave zgjedhore.<\/p>\n<p>Nd\u00ebr t\u00eb tjera PD k\u00ebrkon: P\u00ebrcaktimin e rregullave p\u00ebr raportimin e shpenzimeve dhe burimeve t\u00eb financimit, n\u00eb fushata zgjedhore, jo vet\u00ebm nga partit\u00eb politike por edhe nga kandidat\u00ebt.<\/p>\n<p>Ashp\u00ebrsimin e korniz\u00ebs ligjore q\u00eb pengon financimin nga subjekte q\u00eb kan\u00eb p\u00ebrfituar nga fonde publike n\u00ebp\u00ebrmjet tenderash dhe koncensionesh si dhe ndalime nga p\u00ebrfitimi i tenderave apo koncensioneve, p\u00ebr nj\u00eb koh\u00eb t\u00eb p\u00ebrcaktuar, nga kompani q\u00eb kan\u00eb financuar partit\u00eb politike dhe kandidat\u00ebt.<\/p>\n<p>Financimi i partive dhe fushat\u00ebs dhe ulja e kostove t\u00eb politik\u00ebb\u00ebrjes<\/p>\n<p>Opozita e bashkuar \u00ebsht\u00eb e p\u00ebrkushtuar p\u00ebr:<\/p>\n<p>\u2013 Integrimin, p\u00ebrmir\u00ebsimin dhe thjeshtimin e korniz\u00ebs ligjore p\u00ebr financimin e partive dhe fushat\u00ebs zgjedhore me q\u00ebllim garantimin e financimit t\u00eb ligjsh\u00ebm, t\u00eb mjaftuesh\u00ebm dhe transparent.<\/p>\n<p>\u2013 Rishikimin e kuadrit ligjor ekzistues p\u00ebr t\u00eb siguruar barazi sipas standarteve nd\u00ebrkomb\u00ebtare, mekanizma rigoroz dhe efikas\u00eb kontrolli t\u00eb burimeve t\u00eb financimit dhe shpenzimeve.<\/p>\n<p>P\u00ebr k\u00ebt\u00eb qellim jemi t\u00eb gatsh\u00ebm t\u00eb b\u00ebjm\u00eb:<\/p>\n<p>\u2013 Nd\u00ebrhyrje ligjore q\u00eb sigurojn\u00eb q\u00eb financimi i partive politike dhe ai p\u00ebr zgjedhjet t\u00eb jet\u00eb 100% nga buxheti i shtetit me q\u00ebllim shmangien e financimeve private nga burime t\u00eb dyshimta. Paralelisht me k\u00ebt\u00eb, propozohet kriminalizimi i financimeve private.<\/p>\n<p>\u2013 Reduktim\/ integrim t\u00eb korniz\u00ebs ligjore aktuale, n\u00eb nj\u00eb ligj t\u00eb vet\u00ebm, t\u00eb posa\u00e7\u00ebm me q\u00ebllim sigurimin e uniformitetit t\u00eb trajtimit n\u00eb periudh\u00eb zgjedhore dhe jozgjedhore , dhe efikasitetit t\u00eb mbik\u00ebqyrjs dhe verifikimit.<\/p>\n<p>\u2013 P\u00ebrcaktimin e rregullave p\u00ebr raportimin e shpenzimeve dhe burimeve t\u00eb financimit, n\u00eb fushata zgjedhore, jo vet\u00ebm nga partit\u00eb politike por edhe nga kandidat\u00ebt.<\/p>\n<p>\u2013 Ashp\u00ebrsimin e korniz\u00ebs ligjore q\u00eb pengon financimin nga subjekte q\u00eb kan\u00eb p\u00ebrfituar nga fonde publike n\u00ebp\u00ebrmjet tenderash dhe koncensionesh si dhe ndalime nga p\u00ebrfitimi i tenderave apo koncensioneve, p\u00ebr nj\u00eb koh\u00eb t\u00eb p\u00ebrcaktuar, nga kompani q\u00eb kan\u00eb financuar partit\u00eb politike dhe kandidat\u00ebt.<\/p>\n<p>\u2013 P\u00ebrcaktimin e rregullave dhe kritereve detyruese p\u00ebr p\u00ebrllogaritjen e vler\u00ebs s\u00eb financimit p\u00ebr nj\u00ebsi (vler\u00eb p\u00ebr nj\u00eb zgjedh\u00ebs dhe\/ose vler\u00eb p\u00ebr mandat dispozicion buxheti i shtetit. Shuma e p\u00ebrllogaritur sipas kritereve duhet t\u00eb jet\u00eb detyruese p\u00ebr tu v\u00ebn\u00eb n\u00eb dispozicion sipas ligjit p\u00ebr buxhetin e vitit p\u00ebrkat\u00ebs.<\/p>\n<p>\u2013 Rregullimin n\u00eb m\u00ebnyr\u00eb strikte t\u00eb m\u00ebnyr\u00ebs dhe mas\u00ebs s\u00eb p\u00ebrfitimit t\u00eb donacioneve n\u00eb natyr\u00eb dhe sh\u00ebrbime apo favore nga partit\u00eb politike, kandidat\u00ebt apo edhe institucionet shtet\u00ebrore. B\u00ebrja e tyre publike n\u00eb \u00e7do rast.<\/p>\n<p>\u2013 Miratimin e rregullave p\u00ebr hartimin nga KQZ t\u00eb nj\u00eb liste kostosh reference t\u00eb detyrueshme, p\u00ebr materiale, infrastruktur\u00eb apo aktivitete zgjedhore me q\u00ebllim matjen e shpenzimeve. Lista e kostove-tip duhet b\u00ebr\u00eb publike nga KQZ dhe t\u00eb jet\u00eb e detyrueshme nga ekspet\u00ebt n\u00eb verifikimin e shpenzimeve.<\/p>\n<p>\u2013 Miratimin e rregullave p\u00ebr t\u00eb kufizuar n\u00eb m\u00ebnyr\u00eb t\u00eb detajuar tipologjit\u00eb e aktiviteteve dhe infrastruktur\u00ebs s\u00eb p\u00ebrdorur apo mjeteve t\u00eb propagand\u00ebs t\u00eb subjekteve politike. Kjo me q\u00ebllim uljen e kostove t\u00eb fushatave dhe t\u00eb politik\u00ebb\u00ebrjes e p\u00ebr rrjedhoj\u00eb uljen e mas\u00ebs s\u00eb financimit.<\/p>\n<p>\u2013 Implementimin e rregullave p\u00ebr vendosjen e kufizime strikte p\u00ebr koh\u00ebn totale dhe numrin e reklamave zgjedhore p\u00ebr \u00e7do subjekt zgjedhor ( parti ose kandidat\u00eb). Marrja e masave q\u00eb kostoja e koh\u00ebs televizive dhe e reklamave t\u00eb jet\u00eb ligj\u00ebrisht e p\u00ebrcaktuar dhe e unifikuar. Nj\u00ebkoh\u00ebsisht p\u00ebrcakimi I mekanizmave p\u00ebr t\u00eb garantuar q\u00eb kostoja e reklamave\/ koh\u00ebs televizive t\u00eb mos jet\u00eb e pagueshme drejtp\u00ebrdrejt\u00eb por t\u00eb jet\u00eb e zbrit\u00ebshme nga transmetuesit televiziv\u00eb dhe radiofonik\u00eb nga detyrimet q\u00eb i kan\u00eb shtetit.<\/p>\n<p>\u2013 Kufizim drastik i numrit t\u00eb aktiviteteve q\u00eb transmetohen live apo n\u00eb \u00e7do form\u00eb tjet\u00ebr dhe q\u00eb p\u00ebrfshin kosto p\u00ebr transmetim mediatik. Kufizim materialeve televiziv\u00eb t\u00eb gatsh\u00ebm p\u00ebr transmetim t\u00eb subjekteve politike.<\/p>\n<p>\u2013 Rishikim t\u00eb thell\u00eb t\u00eb afateve dhe procedurave te deklarimit dhe verifikimit t\u00eb burimeve financiare.<\/p>\n<p>\u2013 P\u00ebrzgjedhja e ekspert\u00ebve kontab\u00ebl duhet t\u00eb jet\u00eb e detyrueshme p\u00ebr ekspert\u00ebt q\u00eb p\u00ebrcaktohen p\u00ebr t\u00eb kryer ekspertimin. Refuzimi p\u00ebr t\u00eb kryer ekspertimin duhet t\u00eb p\u00ebrfshij\u00eb penalitete t\u00eb forta.<\/p>\n<p>\u2013 Identifikimi dhe miratimi i rregullave p\u00ebr funksionumin e nj\u00eb forumi I cili duhet t\u00eb trajtoj\u00eb me seriozitet denoncimet e b\u00ebra nga subjektet politike apo OJF.<\/p>\n<p>o.j\/dita<\/p>\n","protected":false},"excerpt":{"rendered":"<p>Tryeza e OSBE, zbardhen propozimet e PD-s\u00eb p\u00ebr reform\u00ebn zgjedhore 19 nentor \u00a02019 Sot po zhvillohet tryeza e dyt\u00eb e OSBE p\u00ebr reform\u00ebn zgjedhore n\u00eb nivel teknik. PD-ja, ashtu si n\u00eb 25 shtator ka vendosur t\u00eb marr\u00eb pjes\u00eb edhe n\u00eb k\u00ebt\u00eb tryez\u00eb duke u p\u00ebrfaq\u00ebsuar s\u00ebrish Ivi Kason. Jane zbardhur propozimet e p\u00ebrfaq\u00ebsuesit t\u00eb opozit\u00ebs [&hellip;]<\/p>\n","protected":false},"author":9,"featured_media":28320,"comment_status":"open","ping_status":"open","sticky":false,"template":"","format":"standard","meta":{"jetpack_post_was_ever_published":false,"_jetpack_newsletter_access":"","_jetpack_dont_email_post_to_subs":false,"_jetpack_newsletter_tier_id":0,"_jetpack_memberships_contains_paywalled_content":false,"_jetpack_memberships_contains_paid_content":false,"footnotes":"","jetpack_publicize_message":"","jetpack_publicize_feature_enabled":true,"jetpack_social_post_already_shared":true,"jetpack_social_options":{"image_generator_settings":{"template":"highway","default_image_id":0,"font":"","enabled":false},"version":2}},"categories":[27,2],"tags":[],"class_list":["post-28319","post","type-post","status-publish","format-standard","has-post-thumbnail","hentry","category-blogu-i-udhetarit","category-politika"],"jetpack_publicize_connections":[],"jetpack_featured_media_url":"https:\/\/i0.wp.com\/www.shqiperia.com\/blog\/wp-content\/uploads\/2019\/11\/osbe-905x450.jpeg?fit=905%2C450&ssl=1","jetpack_sharing_enabled":true,"jetpack_shortlink":"https:\/\/wp.me\/p5Z6wp-7mL","jetpack-related-posts":[{"id":50743,"url":"https:\/\/www.shqiperia.com\/blog\/ndryshimet-kushtetuese-ku-ndahen-ps-e-pd-me-propozimet-rezerva-per-territorialen-dhe-vetingun-e-politikaneve-dakordesi-per-reformen-zgjedhore-dhe\/","url_meta":{"origin":28319,"position":0},"title":"Ndryshimet kushtetuese, ku ndahen PS e PD me propozimet! Rezerva p\u00ebr \u2018Territorialen\u2019 dhe vetingun e politikan\u00ebve, dakord\u00ebsi p\u00ebr Reform\u00ebn Zgjedhore dhe\u2026","author":"Kurt Farka","date":"October 21, 2021","format":false,"excerpt":"Ndryshimet kushtetuese, ku ndahen PS e PD me propozimet! Rezerva p\u00ebr \u2018Territorialen\u2019 dhe vetingun e politikan\u00ebve, dakord\u00ebsi p\u00ebr Reform\u00ebn Zgjedhore dhe\u2026 20 tetor 2021 Maxhoranca dhe opozita kan\u00eb b\u00ebr\u00eb publike tashm\u00eb propozimet e tyre p\u00ebr ndryshimet kushtetuese q\u00eb do t\u2019i ul\u00eb ata n\u00eb nj\u00eb tryez\u00eb dialogu si\u00e7 e k\u00ebrkon edhe\u2026","rel":"","context":"In &quot;Blogu i Udh\u00ebtarit&quot;","block_context":{"text":"Blogu i Udh\u00ebtarit","link":"https:\/\/www.shqiperia.com\/blog\/category\/blogu-i-udhetarit\/"},"img":{"alt_text":"","src":"https:\/\/i0.wp.com\/www.shqiperia.com\/blog\/wp-content\/uploads\/2021\/10\/basha-rama.jpg?fit=595%2C316&ssl=1&resize=350%2C200","width":350,"height":200,"srcset":"https:\/\/i0.wp.com\/www.shqiperia.com\/blog\/wp-content\/uploads\/2021\/10\/basha-rama.jpg?fit=595%2C316&ssl=1&resize=350%2C200 1x, https:\/\/i0.wp.com\/www.shqiperia.com\/blog\/wp-content\/uploads\/2021\/10\/basha-rama.jpg?fit=595%2C316&ssl=1&resize=525%2C300 1.5x"},"classes":[]},{"id":32031,"url":"https:\/\/www.shqiperia.com\/blog\/pak-dite-nga-15-marsi-shtetet-e-bashkuara-te-amerikes-dhe-be-ja-takim-me-dyer-te-mbyllura-me-qeverine-dhe-pd\/","url_meta":{"origin":28319,"position":1},"title":"Pak dit\u00eb nga 15 Marsi, Shtetet e Bashkuara t\u00eb Amerik\u00ebs dhe BE-ja takim me dyer t\u00eb mbyllura me qeverin\u00eb dhe PD","author":"Kurt Farka","date":"March 4, 2020","format":false,"excerpt":"Pak dit\u00eb nga 15 Marsi, Shtetet e Bashkuara t\u00eb Amerik\u00ebs dhe BE-ja takim me dyer t\u00eb mbyllura me qeverin\u00eb dhe PD 4 MARS 2020 Teksa na ndajn\u00eb edhe pak dit\u00eb nga afatin zyrtar t\u00eb miratimit t\u00eb reform\u00ebs zgjedhore n\u00eb Parlament q\u00eb \u00ebsht\u00eb 15 Marsi, drejtuesit e ambasadave t\u00eb r\u00ebnd\u00ebsishme n\u00eb\u2026","rel":"","context":"In &quot;Blogu i Udh\u00ebtarit&quot;","block_context":{"text":"Blogu i Udh\u00ebtarit","link":"https:\/\/www.shqiperia.com\/blog\/category\/blogu-i-udhetarit\/"},"img":{"alt_text":"","src":"https:\/\/i0.wp.com\/www.shqiperia.com\/blog\/wp-content\/uploads\/2020\/03\/640-0-5e5f7ba522bb8.jpg?fit=640%2C405&ssl=1&resize=350%2C200","width":350,"height":200,"srcset":"https:\/\/i0.wp.com\/www.shqiperia.com\/blog\/wp-content\/uploads\/2020\/03\/640-0-5e5f7ba522bb8.jpg?fit=640%2C405&ssl=1&resize=350%2C200 1x, https:\/\/i0.wp.com\/www.shqiperia.com\/blog\/wp-content\/uploads\/2020\/03\/640-0-5e5f7ba522bb8.jpg?fit=640%2C405&ssl=1&resize=525%2C300 1.5x"},"classes":[]},{"id":34946,"url":"https:\/\/www.shqiperia.com\/blog\/u-emerua-keshilltari-i-rucit-vjen-reagimi-i-forte-i-numrit-2-te-pd-se-nxjerr-prapaskenat-e-postit-te-rendesishem-te-knut-fleckenstein-justifikim-banal-zvarritu-edvin\/","url_meta":{"origin":28319,"position":2},"title":"U em\u00ebrua k\u00ebshilltari i Ru\u00e7it, vjen reagimi i fort\u00eb i numrit 2 t\u00eb PD-s\u00eb, nxjerr prapaskenat e postit t\u00eb r\u00ebnd\u00ebsish\u00ebm t\u00eb Knut Fleckenstein: Justifikim banal. Zvarritu Edvin","author":"Kurt Farka","date":"May 23, 2020","format":false,"excerpt":"U em\u00ebrua k\u00ebshilltari i Ru\u00e7it, vjen reagimi i fort\u00eb i numrit 2 t\u00eb PD-s\u00eb, nxjerr prapaskenat e postit t\u00eb r\u00ebnd\u00ebsish\u00ebm t\u00eb Knut Fleckenstein: Justifikim banal. Zvarritu Edvin 23 MAJ 2020 N\u00ebnkryetari i PD, Edi Paloka ka reaguar pas p\u00ebrgjigjes s\u00eb PS n\u00eb komitetin politik p\u00ebr reform\u00ebn zgjedhore se tryeza nuk\u2026","rel":"","context":"In &quot;Blogu i Udh\u00ebtarit&quot;","block_context":{"text":"Blogu i Udh\u00ebtarit","link":"https:\/\/www.shqiperia.com\/blog\/category\/blogu-i-udhetarit\/"},"img":{"alt_text":"","src":"https:\/\/i0.wp.com\/www.shqiperia.com\/blog\/wp-content\/uploads\/2020\/05\/640-0-5ec90e483669e.jpg?fit=640%2C351&ssl=1&resize=350%2C200","width":350,"height":200,"srcset":"https:\/\/i0.wp.com\/www.shqiperia.com\/blog\/wp-content\/uploads\/2020\/05\/640-0-5ec90e483669e.jpg?fit=640%2C351&ssl=1&resize=350%2C200 1x, https:\/\/i0.wp.com\/www.shqiperia.com\/blog\/wp-content\/uploads\/2020\/05\/640-0-5ec90e483669e.jpg?fit=640%2C351&ssl=1&resize=525%2C300 1.5x"},"classes":[]},{"id":34916,"url":"https:\/\/www.shqiperia.com\/blog\/reforma-zgjedhore-reagon-kryemadhi-lsi-te-njejtin-qendrim-me-bashen-shembja-e-teatrit-provokim-i-rames-per-ta-sabotuar\/","url_meta":{"origin":28319,"position":3},"title":"Reforma Zgjedhore\/ Reagon Kryemadhi: LSI t\u00eb nj\u00ebjtin q\u00ebndrim me Bash\u00ebn. Shembja e Teatrit provokim i Ram\u00ebs p\u00ebr ta sabotuar","author":"Kurt Farka","date":"May 22, 2020","format":false,"excerpt":"Reforma Zgjedhore\/ Reagon Kryemadhi: LSI t\u00eb nj\u00ebjtin q\u00ebndrim me Bash\u00ebn. Shembja e Teatrit provokim i Ram\u00ebs p\u00ebr ta sabotuar 22 maji \u00a02020 Kryetarja e LSI-s\u00eb, Monika Kryemadhi, tha se mb\u00ebshtet q\u00ebndrimin e kreut t\u00eb PD-s\u00eb,\u00a0 Lulzim Bash\u00ebs, p\u00ebr Reform\u00ebn Zgjedhore p\u00ebr t\u2019u kthyer n\u00eb tryez\u00eb\u00a0. Kryemadhi thekson se realizimi i\u2026","rel":"","context":"In &quot;Blogu i Udh\u00ebtarit&quot;","block_context":{"text":"Blogu i Udh\u00ebtarit","link":"https:\/\/www.shqiperia.com\/blog\/category\/blogu-i-udhetarit\/"},"img":{"alt_text":"","src":"https:\/\/i0.wp.com\/www.shqiperia.com\/blog\/wp-content\/uploads\/2020\/05\/Kryemadhi-600x300-1.png?fit=600%2C300&ssl=1&resize=350%2C200","width":350,"height":200,"srcset":"https:\/\/i0.wp.com\/www.shqiperia.com\/blog\/wp-content\/uploads\/2020\/05\/Kryemadhi-600x300-1.png?fit=600%2C300&ssl=1&resize=350%2C200 1x, https:\/\/i0.wp.com\/www.shqiperia.com\/blog\/wp-content\/uploads\/2020\/05\/Kryemadhi-600x300-1.png?fit=600%2C300&ssl=1&resize=525%2C300 1.5x"},"classes":[]},{"id":51229,"url":"https:\/\/www.shqiperia.com\/blog\/kam-marre-konfirmimin-se-qeveria-do-terhiqet-nga-raportuesja-per-shqiperine-ne-pe-dialogu-ne-kuvend-mes-ps-e-pd-me-rendesi-per-vetingun-dhe-reformen-ne-drejtesi\/","url_meta":{"origin":28319,"position":4},"title":"\u201cKam marr\u00eb konfirmimin se qeveria do t\u00ebrhiqet nga\u2026\u201d. &#8211; Raportuesja p\u00ebr Shqip\u00ebrin\u00eb n\u00eb PE: Dialogu n\u00eb Kuvend mes PS e PD, me r\u00ebnd\u00ebsi p\u00ebr Vetingun dhe Reform\u00ebn n\u00eb Drejt\u00ebsi","author":"Kurt Farka","date":"November 9, 2021","format":false,"excerpt":"\u201cKam marr\u00eb konfirmimin se qeveria do t\u00ebrhiqet nga\u2026\u201d. - Raportuesja p\u00ebr Shqip\u00ebrin\u00eb n\u00eb PE: Dialogu n\u00eb Kuvend mes PS e PD, me r\u00ebnd\u00ebsi p\u00ebr Vetingun dhe Reform\u00ebn n\u00eb Drejt\u00ebsi 9 Nentor 2021 Raportuesja p\u00ebr Shqip\u00ebrin\u00eb n\u00eb Parlamentin Evropian Isabel Santos p\u00ebrmes nj\u00eb konference p\u00ebr media tha se dialogu mes mazhoranc\u00ebs\u2026","rel":"","context":"In &quot;Blogu i Udh\u00ebtarit&quot;","block_context":{"text":"Blogu i Udh\u00ebtarit","link":"https:\/\/www.shqiperia.com\/blog\/category\/blogu-i-udhetarit\/"},"img":{"alt_text":"","src":"https:\/\/i0.wp.com\/www.shqiperia.com\/blog\/wp-content\/uploads\/2021\/11\/Isabel-Santos.jpg?fit=512%2C304&ssl=1&resize=350%2C200","width":350,"height":200},"classes":[]},{"id":97388,"url":"https:\/\/www.shqiperia.com\/blog\/odihr-kerkon-reforme-zgjedhore-kreu-i-prezences-se-osbe-ka-probleme-me-ligjin-nuk-eshte-aty-ku-duhet-te-jete\/","url_meta":{"origin":28319,"position":5},"title":"ODIHR k\u00ebrkon reform\u00eb zgjedhore, kreu i Prezenc\u00ebs s\u00eb OSBE: Ka probleme me ligjin, nuk \u00ebsht\u00eb aty ku duhet t\u00eb jet\u00eb","author":"Kurt Farka","date":"February 5, 2026","format":false,"excerpt":"5 Shkurt 2026 Reforma zgjedhore ka mbetur ne vend num\u00ebro p\u00ebr shkak te konflikti politik. Pezullimi i pun\u00ebs p\u00ebr kodin e ri elektoral nuk ka l\u00ebn\u00eb indiferent kreun e Prezenc\u00ebs s\u00eb OSBE n\u00eb Tiran\u00eb Michel Tarran q\u00eb n\u00eb dit\u00ebn bot\u00ebrore te zgjedhjeve k\u00ebrkoi q\u00eb politika ti rikthehet dialogu ne komisionin\u2026","rel":"","context":"In &quot;Njoftime Shtypi&quot;","block_context":{"text":"Njoftime Shtypi","link":"https:\/\/www.shqiperia.com\/blog\/category\/njoftime-shtypi\/"},"img":{"alt_text":"","src":"https:\/\/i0.wp.com\/www.shqiperia.com\/blog\/wp-content\/uploads\/2026\/02\/vlcsnap-2026-02-05-11h57m02s447_sd-800x450-1.webp?fit=800%2C450&ssl=1&resize=350%2C200","width":350,"height":200,"srcset":"https:\/\/i0.wp.com\/www.shqiperia.com\/blog\/wp-content\/uploads\/2026\/02\/vlcsnap-2026-02-05-11h57m02s447_sd-800x450-1.webp?fit=800%2C450&ssl=1&resize=350%2C200 1x, https:\/\/i0.wp.com\/www.shqiperia.com\/blog\/wp-content\/uploads\/2026\/02\/vlcsnap-2026-02-05-11h57m02s447_sd-800x450-1.webp?fit=800%2C450&ssl=1&resize=525%2C300 1.5x, https:\/\/i0.wp.com\/www.shqiperia.com\/blog\/wp-content\/uploads\/2026\/02\/vlcsnap-2026-02-05-11h57m02s447_sd-800x450-1.webp?fit=800%2C450&ssl=1&resize=700%2C400 2x"},"classes":[]}],"_links":{"self":[{"href":"https:\/\/www.shqiperia.com\/blog\/wp-json\/wp\/v2\/posts\/28319","targetHints":{"allow":["GET"]}}],"collection":[{"href":"https:\/\/www.shqiperia.com\/blog\/wp-json\/wp\/v2\/posts"}],"about":[{"href":"https:\/\/www.shqiperia.com\/blog\/wp-json\/wp\/v2\/types\/post"}],"author":[{"embeddable":true,"href":"https:\/\/www.shqiperia.com\/blog\/wp-json\/wp\/v2\/users\/9"}],"replies":[{"embeddable":true,"href":"https:\/\/www.shqiperia.com\/blog\/wp-json\/wp\/v2\/comments?post=28319"}],"version-history":[{"count":1,"href":"https:\/\/www.shqiperia.com\/blog\/wp-json\/wp\/v2\/posts\/28319\/revisions"}],"predecessor-version":[{"id":28321,"href":"https:\/\/www.shqiperia.com\/blog\/wp-json\/wp\/v2\/posts\/28319\/revisions\/28321"}],"wp:featuredmedia":[{"embeddable":true,"href":"https:\/\/www.shqiperia.com\/blog\/wp-json\/wp\/v2\/media\/28320"}],"wp:attachment":[{"href":"https:\/\/www.shqiperia.com\/blog\/wp-json\/wp\/v2\/media?parent=28319"}],"wp:term":[{"taxonomy":"category","embeddable":true,"href":"https:\/\/www.shqiperia.com\/blog\/wp-json\/wp\/v2\/categories?post=28319"},{"taxonomy":"post_tag","embeddable":true,"href":"https:\/\/www.shqiperia.com\/blog\/wp-json\/wp\/v2\/tags?post=28319"}],"curies":[{"name":"wp","href":"https:\/\/api.w.org\/{rel}","templated":true}]}}