{"id":28315,"date":"2019-11-20T01:19:33","date_gmt":"2019-11-20T01:19:33","guid":{"rendered":"https:\/\/www.shqiperia.com\/blog\/?p=28315"},"modified":"2019-11-20T01:19:33","modified_gmt":"2019-11-20T01:19:33","slug":"vetem-fevziun-shikon-shiko-ekranin-shih-gazeten-edhe-tek-panairi-i-librit-edhe-ne-arenen-kometare-interviste-prape-fevziu","status":"publish","type":"post","link":"https:\/\/www.shqiperia.com\/blog\/vetem-fevziun-shikon-shiko-ekranin-shih-gazeten-edhe-tek-panairi-i-librit-edhe-ne-arenen-kometare-interviste-prape-fevziu\/","title":{"rendered":"Vetem Fevziun shikon: shiko ekranin, shih gazeten, edhe tek Panairi i Librit. Edhe ne Arenen Kometare interviste, prape Fevziu."},"content":{"rendered":"<p><img data-recalc-dims=\"1\" loading=\"lazy\" decoding=\"async\" data-attachment-id=\"28316\" data-permalink=\"https:\/\/www.shqiperia.com\/blog\/vetem-fevziun-shikon-shiko-ekranin-shih-gazeten-edhe-tek-panairi-i-librit-edhe-ne-arenen-kometare-interviste-prape-fevziu\/befunky-collage-4-1024x512\/\" data-orig-file=\"https:\/\/i0.wp.com\/www.shqiperia.com\/blog\/wp-content\/uploads\/2019\/11\/BeFunky-collage-4-1024x512.jpg?fit=1024%2C512&amp;ssl=1\" data-orig-size=\"1024,512\" data-comments-opened=\"1\" data-image-meta=\"{&quot;aperture&quot;:&quot;0&quot;,&quot;credit&quot;:&quot;&quot;,&quot;camera&quot;:&quot;&quot;,&quot;caption&quot;:&quot;&quot;,&quot;created_timestamp&quot;:&quot;0&quot;,&quot;copyright&quot;:&quot;&quot;,&quot;focal_length&quot;:&quot;0&quot;,&quot;iso&quot;:&quot;0&quot;,&quot;shutter_speed&quot;:&quot;0&quot;,&quot;title&quot;:&quot;&quot;,&quot;orientation&quot;:&quot;0&quot;}\" data-image-title=\"BeFunky-collage-4-1024&#215;512\" data-image-description=\"\" data-image-caption=\"\" data-medium-file=\"https:\/\/i0.wp.com\/www.shqiperia.com\/blog\/wp-content\/uploads\/2019\/11\/BeFunky-collage-4-1024x512.jpg?fit=300%2C150&amp;ssl=1\" data-large-file=\"https:\/\/i0.wp.com\/www.shqiperia.com\/blog\/wp-content\/uploads\/2019\/11\/BeFunky-collage-4-1024x512.jpg?fit=1024%2C512&amp;ssl=1\" class=\"alignnone  wp-image-28316\" alt=\"\" src=\"https:\/\/i0.wp.com\/www.shqiperia.com\/blog\/wp-content\/uploads\/2019\/11\/BeFunky-collage-4-1024x512.jpg?resize=660%2C330&#038;ssl=1\" width=\"660\" height=\"330\" srcset=\"https:\/\/i0.wp.com\/www.shqiperia.com\/blog\/wp-content\/uploads\/2019\/11\/BeFunky-collage-4-1024x512.jpg?resize=300%2C150&amp;ssl=1 300w, https:\/\/i0.wp.com\/www.shqiperia.com\/blog\/wp-content\/uploads\/2019\/11\/BeFunky-collage-4-1024x512.jpg?resize=768%2C384&amp;ssl=1 768w, https:\/\/i0.wp.com\/www.shqiperia.com\/blog\/wp-content\/uploads\/2019\/11\/BeFunky-collage-4-1024x512.jpg?resize=1024%2C512&amp;ssl=1 1024w, https:\/\/i0.wp.com\/www.shqiperia.com\/blog\/wp-content\/uploads\/2019\/11\/BeFunky-collage-4-1024x512.jpg?resize=450%2C225&amp;ssl=1 450w, https:\/\/i0.wp.com\/www.shqiperia.com\/blog\/wp-content\/uploads\/2019\/11\/BeFunky-collage-4-1024x512.jpg?resize=600%2C300&amp;ssl=1 600w, https:\/\/i0.wp.com\/www.shqiperia.com\/blog\/wp-content\/uploads\/2019\/11\/BeFunky-collage-4-1024x512.jpg?resize=400%2C200&amp;ssl=1 400w\" sizes=\"auto, (max-width: 660px) 100vw, 660px\" \/><\/p>\n<p>Vetem Fevziun shikon: shiko ekranin, shih gazeten, edhe tek Panairi i Librit. Edhe ne Arenen Kometare interviste, prape Fevziu.<\/p>\n<p>19 nentor 2019<\/p>\n<p><strong>Nga Bledi Mane<\/strong><\/p>\n<ol>\n<li>Ai e mban mend, e mban mend at\u00eb beharin e djersitur t\u00eb vitit 2002. Rexhep Meidanit po i mbaronte mandata dhe politika shqiptare k\u00ebrkonte nj\u00eb President Republike konsensual. I ndjeri shkrimtar Teodor La\u00e7o nga rradh\u00ebt e opozit\u00ebs propozoi Ismail Kadaren\u00eb, por ky burri gjirokastrit nga Parisi ktheu p\u00ebrgjigje t\u00eb prer\u00eb:<br \/>\n-Jo! Un\u00eb jam dhe mbetem nj\u00eb shkrimtar q\u00eb i sh\u00ebrbej iluminizmit t\u00eb atdheut tim n\u00ebp\u00ebrmjet let\u00ebrsis\u00eb.<br \/>\nNdryshe nga \u00e7eku disident Vaclav Havel, Kadare fisnik\u00ebroi edhe nj\u00eb her\u00eb tjet\u00ebr profesionin dhe nacionalitetin e rr\u00ebnj\u00ebve t\u00eb tija.<br \/>\n2.\/<br \/>\n17 vite m\u00eb pas, 11-17 n\u00ebntor 2019.<br \/>\nFillimjava u ngrys me programin Opinion te TV Klan, Blendi Fevziu si gjithmon\u00eb n\u00eb ekranin komb\u00ebtar. Pastaj e marta me Fevziun, e m\u00ebrkura me Fevziun, e enjtja me Fevziun, si p\u00ebr \u00e7udi edhe e premtja e Zon\u00ebs s\u00eb Lir\u00eb t\u00eb Arjan \u00c7anit me mysafir Blendi Fevziun.<br \/>\nT\u00eb shtun\u00eb robi shkonte n\u00eb Panairin e Librit por p\u00ebrs\u00ebri aty ishte Blendi Fevziu me botimin p\u00ebr gjyshet nd\u00ebrkoh\u00eb e djela te stadiumi i ri n\u00eb ndeshjen kund\u00ebr Franc\u00ebs na gjeti me Blendi Fevziun veshur kuqezi n\u00eb shkall\u00ebt e Aren\u00ebs Komb\u00ebtare.<br \/>\nFacebook me Fevziun, instagram me Fevziun, ekranet televizive me Fefziun, portalet me Fevziun, udh\u00ebtimet n\u00ebp\u00ebr bot\u00eb me Fevziun, botime librash me Fevziun. Ndoshta ju nuk e dini por edhe protestat e student\u00ebve t\u00eb dhjetorit 1990 me Fevziun jan\u00eb. Protestat moderne t\u00eb student\u00ebve dhjetor 2018 me Fevziun, gjyqet p\u00ebr prona te Pedonalja e Tiran\u00ebs dhe Gjirit t\u00eb Lal\u00ebzit n\u00eb Durr\u00ebs prap\u00eb Fevziun protagonist kan\u00eb. Mos p\u00ebrtoni, m\u00ebsoni edhe disa fakte t\u00eb reja:<br \/>\nKur filloi botimin gazeta e par\u00eb opozitare Rilindja Demokratike n\u00eb janar 1991, Fevziu botonte shkrime. Edhe n\u00eb zgjedhjet e majit 1996 kur partia e Neritan Cek\u00ebs, Aleanca Demokratike doli kund\u00ebr Berish\u00ebs, Blendi Fevziu ishte kandidat p\u00ebr deputetet.<br \/>\n3.\/<br \/>\n\u00c7do nat\u00eb n\u00ebp\u00ebr ekranet e televizioneve jan\u00eb ata, tashm\u00eb edhe me botime librash nuk ngurojn\u00eb t\u00eb shfaqen ata, ata rutin\u00ebzuesit e s\u00eb p\u00ebrditshmes ton\u00eb:<br \/>\nGrida Duma, Iva Ti\u00e7o, Anxhela Martini, Mustafa Nano, Andi Bejtja, Edmond Tupe, Pre\u00e7 Zogaj, Besnik Mustafaj, Blendi Fevziu, shef Renato Mekolli, Arbana Osmani.<br \/>\nHarrova tu them q\u00eb k\u00ebt\u00eb vit ka botuar lib\u00ebr edhe vajza e Niko Peleshit!<br \/>\n4.\/<br \/>\nIsmail Kadare \u00ebsht\u00eb p\u00ebrkthyer anemban\u00eb planetit n\u00eb m\u00eb shum\u00eb se 46 gjuh\u00eb t\u00eb ndryshme. Ka fituar dhjet\u00ebra \u00e7mime prestigjioze, dhe mos harroni p\u00ebr rreth 25 vite kandidohet p\u00ebr \u00c7mimin Nobel n\u00eb Let\u00ebrsi.<br \/>\nNd\u00ebrthurur stilistik\u00ebn e tij unike me tregimtarin\u00eb e historis\u00eb dhe dramat e Shqip\u00ebris\u00eb. Ka ngritur n\u00eb art orientimin ton\u00eb kolektiv oksidental e p\u00ebrs\u00ebri mbetet modest dhe racional.<br \/>\nIsmail Kadare \u00ebsht\u00eb dashuri e patjet\u00ebrsueshme, e nevojshme, eterne e megjithat\u00eb nuk shfaqet kaq dendur e kaq besdissh\u00ebm edhe si shkrimtar, edhe si gazetar, si prezantues, si kuzhinier, si bloger, si fashionist, si opinionist, si politikan, si sharlatan.<\/p>\n<p><div id=\"attachment_28317\" style=\"width: 854px\" class=\"wp-caption alignnone\"><img data-recalc-dims=\"1\" loading=\"lazy\" decoding=\"async\" aria-describedby=\"caption-attachment-28317\" data-attachment-id=\"28317\" data-permalink=\"https:\/\/www.shqiperia.com\/blog\/vetem-fevziun-shikon-shiko-ekranin-shih-gazeten-edhe-tek-panairi-i-librit-edhe-ne-arenen-kometare-interviste-prape-fevziu\/blendi-mne-blendifevziu\/\" data-orig-file=\"https:\/\/i0.wp.com\/www.shqiperia.com\/blog\/wp-content\/uploads\/2019\/11\/Blendi-Mne-BlendiFevziu.jpg?fit=1024%2C512&amp;ssl=1\" data-orig-size=\"1024,512\" data-comments-opened=\"1\" data-image-meta=\"{&quot;aperture&quot;:&quot;0&quot;,&quot;credit&quot;:&quot;&quot;,&quot;camera&quot;:&quot;&quot;,&quot;caption&quot;:&quot;&quot;,&quot;created_timestamp&quot;:&quot;0&quot;,&quot;copyright&quot;:&quot;&quot;,&quot;focal_length&quot;:&quot;0&quot;,&quot;iso&quot;:&quot;0&quot;,&quot;shutter_speed&quot;:&quot;0&quot;,&quot;title&quot;:&quot;&quot;,&quot;orientation&quot;:&quot;0&quot;}\" data-image-title=\"Blendi Mne Blendi Fevziu\" data-image-description=\"\" data-image-caption=\"&lt;p&gt;Blendi Mne Blendi Fevziu&lt;\/p&gt;\n\" data-medium-file=\"https:\/\/i0.wp.com\/www.shqiperia.com\/blog\/wp-content\/uploads\/2019\/11\/Blendi-Mne-BlendiFevziu.jpg?fit=300%2C150&amp;ssl=1\" data-large-file=\"https:\/\/i0.wp.com\/www.shqiperia.com\/blog\/wp-content\/uploads\/2019\/11\/Blendi-Mne-BlendiFevziu.jpg?fit=1024%2C512&amp;ssl=1\" class=\" wp-image-28317\" alt=\"\" src=\"https:\/\/i0.wp.com\/www.shqiperia.com\/blog\/wp-content\/uploads\/2019\/11\/Blendi-Mne-BlendiFevziu.jpg?resize=844%2C422&#038;ssl=1\" width=\"844\" height=\"422\" srcset=\"https:\/\/i0.wp.com\/www.shqiperia.com\/blog\/wp-content\/uploads\/2019\/11\/Blendi-Mne-BlendiFevziu.jpg?resize=300%2C150&amp;ssl=1 300w, https:\/\/i0.wp.com\/www.shqiperia.com\/blog\/wp-content\/uploads\/2019\/11\/Blendi-Mne-BlendiFevziu.jpg?resize=768%2C384&amp;ssl=1 768w, https:\/\/i0.wp.com\/www.shqiperia.com\/blog\/wp-content\/uploads\/2019\/11\/Blendi-Mne-BlendiFevziu.jpg?w=1024&amp;ssl=1 1024w, https:\/\/i0.wp.com\/www.shqiperia.com\/blog\/wp-content\/uploads\/2019\/11\/Blendi-Mne-BlendiFevziu.jpg?resize=450%2C225&amp;ssl=1 450w, https:\/\/i0.wp.com\/www.shqiperia.com\/blog\/wp-content\/uploads\/2019\/11\/Blendi-Mne-BlendiFevziu.jpg?resize=600%2C300&amp;ssl=1 600w, https:\/\/i0.wp.com\/www.shqiperia.com\/blog\/wp-content\/uploads\/2019\/11\/Blendi-Mne-BlendiFevziu.jpg?resize=400%2C200&amp;ssl=1 400w\" sizes=\"auto, (max-width: 844px) 100vw, 844px\" \/><p id=\"caption-attachment-28317\" class=\"wp-caption-text\">Blendi Mne Blendi Fevziu<\/p><\/div><\/li>\n<\/ol>\n","protected":false},"excerpt":{"rendered":"<p>Vetem Fevziun shikon: shiko ekranin, shih gazeten, edhe tek Panairi i Librit. Edhe ne Arenen Kometare interviste, prape Fevziu. 19 nentor 2019 Nga Bledi Mane Ai e mban mend, e mban mend at\u00eb beharin e djersitur t\u00eb vitit 2002. Rexhep Meidanit po i mbaronte mandata dhe politika shqiptare k\u00ebrkonte nj\u00eb President Republike konsensual. I ndjeri [&hellip;]<\/p>\n","protected":false},"author":9,"featured_media":28316,"comment_status":"open","ping_status":"open","sticky":false,"template":"","format":"standard","meta":{"jetpack_post_was_ever_published":false,"_jetpack_newsletter_access":"","_jetpack_dont_email_post_to_subs":false,"_jetpack_newsletter_tier_id":0,"_jetpack_memberships_contains_paywalled_content":false,"_jetpack_memberships_contains_paid_content":false,"footnotes":"","jetpack_publicize_message":"","jetpack_publicize_feature_enabled":true,"jetpack_social_post_already_shared":true,"jetpack_social_options":{"image_generator_settings":{"template":"highway","default_image_id":0,"font":"","enabled":false},"version":2}},"categories":[27,14,35],"tags":[],"class_list":["post-28315","post","type-post","status-publish","format-standard","has-post-thumbnail","hentry","category-blogu-i-udhetarit","category-press-releases","category-shoqerore"],"jetpack_publicize_connections":[],"jetpack_featured_media_url":"https:\/\/i0.wp.com\/www.shqiperia.com\/blog\/wp-content\/uploads\/2019\/11\/BeFunky-collage-4-1024x512.jpg?fit=1024%2C512&ssl=1","jetpack_sharing_enabled":true,"jetpack_shortlink":"https:\/\/wp.me\/p5Z6wp-7mH","jetpack-related-posts":[{"id":44084,"url":"https:\/\/www.shqiperia.com\/blog\/artan-hoxha-shtang-blendi-fevziun-me-deklaraten\/","url_meta":{"origin":28315,"position":0},"title":"Artan Hoxha \u2018shtang\u2019 Blendi Fevziun me deklarat\u00ebn","author":"Kurt Farka","date":"February 11, 2021","format":false,"excerpt":"11 SHKURT 2021 Gazetari i njohur Artan Hoxha duke komentuar arrestimin e gjyqtares Enkelejda Hoxha, tha se shumat q\u00eb t\u00eb d\u00ebnuarit me burgim t\u00eb p\u00ebrjetsh\u00ebm paguajn\u00eb p\u00ebr t\u2019u liruar shkojn\u00eb nga 500- 1 milion\u00eb euro. Pjes\u00eb nga biseda n\u00eb \u201cOpinion\u201d Hoxha: T\u00eb lirosh nj\u00eb t\u00eb d\u00ebnuar p\u00ebr vrasje, ne e\u2026","rel":"","context":"In &quot;Blogu i Udh\u00ebtarit&quot;","block_context":{"text":"Blogu i Udh\u00ebtarit","link":"https:\/\/www.shqiperia.com\/blog\/category\/blogu-i-udhetarit\/"},"img":{"alt_text":"","src":"https:\/\/i0.wp.com\/www.shqiperia.com\/blog\/wp-content\/uploads\/2021\/02\/800-0-602594db39ff5-Copy.jpg?fit=516%2C304&ssl=1&resize=350%2C200","width":350,"height":200},"classes":[]},{"id":94807,"url":"https:\/\/www.shqiperia.com\/blog\/panairi-i-librit-ne-krize-ymeri-cmimet-e-librave-jane-te-paperballueshme\/","url_meta":{"origin":28315,"position":1},"title":"Panairi i Librit n\u00eb kriz\u00eb, Ymeri: &#8211; \u00c7mimet e librave jan\u00eb t\u00eb pap\u00ebrballueshme","author":"Kurt Farka","date":"November 11, 2025","format":false,"excerpt":"11 Nentor 2025 Panairi i 28-t\u00eb i Librit, q\u00eb do t\u00eb hapet m\u00eb 12 N\u00ebntor, sh\u00ebnohet nga nj\u00eb r\u00ebnie e numrit t\u00eb botimeve p\u00ebr shkak t\u00eb kriz\u00ebs ekonomike dhe emigracionit. Kryetari i Shoqat\u00ebs s\u00eb Botuesve, Petrit Ymeri, paralajm\u00ebron se \u00e7mimet e larta t\u00eb librave dhe mosfurnizimi i bibliotekave po varf\u00ebrojn\u00eb\u2026","rel":"","context":"In &quot;Kultura&quot;","block_context":{"text":"Kultura","link":"https:\/\/www.shqiperia.com\/blog\/category\/kultura\/"},"img":{"alt_text":"","src":"https:\/\/i0.wp.com\/www.shqiperia.com\/blog\/wp-content\/uploads\/2025\/11\/640-0-pan-1762849090.jpg?fit=640%2C360&ssl=1&resize=350%2C200","width":350,"height":200,"srcset":"https:\/\/i0.wp.com\/www.shqiperia.com\/blog\/wp-content\/uploads\/2025\/11\/640-0-pan-1762849090.jpg?fit=640%2C360&ssl=1&resize=350%2C200 1x, https:\/\/i0.wp.com\/www.shqiperia.com\/blog\/wp-content\/uploads\/2025\/11\/640-0-pan-1762849090.jpg?fit=640%2C360&ssl=1&resize=525%2C300 1.5x"},"classes":[]},{"id":80394,"url":"https:\/\/www.shqiperia.com\/blog\/panairi-mbarekombetar-i-librit-akademik-e-shkencor-pergjate-3-diteve-ne-tirane\/","url_meta":{"origin":28315,"position":2},"title":"Panairi Mbar\u00ebkomb\u00ebtar i Librit Akademik e Shkencor, p\u00ebrgjat\u00eb 3 dit\u00ebve n\u00eb Tiran\u00eb","author":"Kurt Farka","date":"April 23, 2024","format":false,"excerpt":"23 Prill 2024 Sot n\u00eb Dit\u00ebn Nd\u00ebrkomb\u00ebtare t\u00eb Librit, n\u00eb ambientet e jashtme t\u00eb Akademis\u00eb s\u00eb Shkencave u hap Panairi i 3-t\u00eb mbar\u00ebkomb\u00ebtar i librit akademik dhe shkencor, i cili do t\u00eb vijoj\u00eb deri m\u00eb 25 prill. Ky panair zhvillohet si nism\u00eb e p\u00ebrbashk\u00ebt e Akademis\u00eb s\u00eb Shkencave t\u00eb Shqip\u00ebris\u00eb\u2026","rel":"","context":"In &quot;Blogu i Udh\u00ebtarit&quot;","block_context":{"text":"Blogu i Udh\u00ebtarit","link":"https:\/\/www.shqiperia.com\/blog\/category\/blogu-i-udhetarit\/"},"img":{"alt_text":"","src":"https:\/\/i0.wp.com\/www.shqiperia.com\/blog\/wp-content\/uploads\/2024\/04\/640-0-panairi-1713875086.jpg?fit=640%2C407&ssl=1&resize=350%2C200","width":350,"height":200,"srcset":"https:\/\/i0.wp.com\/www.shqiperia.com\/blog\/wp-content\/uploads\/2024\/04\/640-0-panairi-1713875086.jpg?fit=640%2C407&ssl=1&resize=350%2C200 1x, https:\/\/i0.wp.com\/www.shqiperia.com\/blog\/wp-content\/uploads\/2024\/04\/640-0-panairi-1713875086.jpg?fit=640%2C407&ssl=1&resize=525%2C300 1.5x"},"classes":[]},{"id":64322,"url":"https:\/\/www.shqiperia.com\/blog\/panairi-i-librit-78-e-shqiptareve-nuk-e-kane-lexuar-dhe-nuk-e-kane-blere-asnje-liber-vitin-e-fundit\/","url_meta":{"origin":28315,"position":3},"title":"Panairi i Librit: &#8211;\u00a0 78% e shqiptar\u00ebve nuk e kan\u00eb lexuar dhe nuk e kan\u00eb bler\u00eb asnj\u00eb lib\u00ebr vitin e fundit.","author":"Kurt Farka","date":"November 14, 2022","format":false,"excerpt":"14 Nentor 2022 \"\u00c7mimi i letr\u00ebs \u00ebsht\u00eb rritur 80% k\u00ebt\u00eb vit...\". Edicioni i 25-\u00eb i Panairit t\u00eb Librit nis me sfid\u00ebn p\u00ebr t\u00eb rifituar lexuesin. \"E njohim k\u00ebt\u00eb gjendje por \u00ebsht\u00eb mir\u00eb q\u00eb doli p\u00ebrpara Panairit t\u00eb Librit q\u00eb ta kuptojn\u00eb t\u00eb gjith\u00eb, edhe ne, edhe ju dhe n\u00eb radh\u00eb\u2026","rel":"","context":"In &quot;Histori&quot;","block_context":{"text":"Histori","link":"https:\/\/www.shqiperia.com\/blog\/category\/histori\/"},"img":{"alt_text":"","src":"https:\/\/i0.wp.com\/www.shqiperia.com\/blog\/wp-content\/uploads\/2022\/11\/640-0-619519b5638f0.jpg?fit=640%2C360&ssl=1&resize=350%2C200","width":350,"height":200,"srcset":"https:\/\/i0.wp.com\/www.shqiperia.com\/blog\/wp-content\/uploads\/2022\/11\/640-0-619519b5638f0.jpg?fit=640%2C360&ssl=1&resize=350%2C200 1x, https:\/\/i0.wp.com\/www.shqiperia.com\/blog\/wp-content\/uploads\/2022\/11\/640-0-619519b5638f0.jpg?fit=640%2C360&ssl=1&resize=525%2C300 1.5x"},"classes":[]},{"id":29596,"url":"https:\/\/www.shqiperia.com\/blog\/kliton-nesturi-ne-qarqet-letrare-qarkullojne-tezat-antishqiptare\/","url_meta":{"origin":28315,"position":4},"title":"Kliton Nesturi: &#8211; N\u00eb qarqet letrare qarkullojn\u00eb tezat antishqiptare","author":"Kurt Farka","date":"December 23, 2019","format":false,"excerpt":"Kliton Nesturi: - N\u00eb qarqet letrare qarkullojn\u00eb tezat antishqiptare 20\/12\/2019 nga Leonard Veizi Me nj\u00eb temperament sanguin dhe sens revolte t\u00eb lart\u00eb, mund t\u2019i p\u00ebrplas\u00ebsh leht\u00ebsisht mendimet me t\u00eb. Dhe asgj\u00eb m\u00eb shum\u00eb se kaq, edhe pse n\u00eb fakt b\u00ebrja e nj\u00eb kompromisi nuk \u00ebsht\u00eb fort e leht\u00eb. Por n\u00eb\u2026","rel":"","context":"In &quot;Blogu i Udh\u00ebtarit&quot;","block_context":{"text":"Blogu i Udh\u00ebtarit","link":"https:\/\/www.shqiperia.com\/blog\/category\/blogu-i-udhetarit\/"},"img":{"alt_text":"","src":"https:\/\/i0.wp.com\/www.shqiperia.com\/blog\/wp-content\/uploads\/2019\/12\/kliton-Nesturi.gif?resize=350%2C200&ssl=1","width":350,"height":200,"srcset":"https:\/\/i0.wp.com\/www.shqiperia.com\/blog\/wp-content\/uploads\/2019\/12\/kliton-Nesturi.gif?resize=350%2C200&ssl=1 1x, https:\/\/i0.wp.com\/www.shqiperia.com\/blog\/wp-content\/uploads\/2019\/12\/kliton-Nesturi.gif?resize=525%2C300&ssl=1 1.5x"},"classes":[]},{"id":37864,"url":"https:\/\/www.shqiperia.com\/blog\/jaho-brahaj-emblema-shqiptare-botuar-ne-vitin-e-mbrapshte-1997\/","url_meta":{"origin":28315,"position":5},"title":"Jaho Brahaj: \u201cEMBLEMA SHQIPTARE\u201d, botuar ne vitin e mbrapshte 1997.","author":"Kurt Farka","date":"August 31, 2020","format":false,"excerpt":"Jaho Brahaj: \u201cEMBLEMA SHQIPTARE\u201d, botuar ne vitin e mbrapshte 1997. Gazeta Nacional. 28 gusht 2020 Ne nje takim ne fillim veren e \u201997 me Prof Dhimiter Shuteriqin, i thashe se jam ne perfundim te studimit monografik per Emblemat Shqiptare. Ai menjehere me tha \u2013 Ma sill ta shikoj, dhe mos\u2026","rel":"","context":"In &quot;Blogu i Udh\u00ebtarit&quot;","block_context":{"text":"Blogu i Udh\u00ebtarit","link":"https:\/\/www.shqiperia.com\/blog\/category\/blogu-i-udhetarit\/"},"img":{"alt_text":"","src":"https:\/\/i0.wp.com\/www.shqiperia.com\/blog\/wp-content\/uploads\/2020\/08\/118645841_2821110821445536_6834605103759801455_o-Copy.jpg?fit=937%2C893&ssl=1&resize=350%2C200","width":350,"height":200,"srcset":"https:\/\/i0.wp.com\/www.shqiperia.com\/blog\/wp-content\/uploads\/2020\/08\/118645841_2821110821445536_6834605103759801455_o-Copy.jpg?fit=937%2C893&ssl=1&resize=350%2C200 1x, https:\/\/i0.wp.com\/www.shqiperia.com\/blog\/wp-content\/uploads\/2020\/08\/118645841_2821110821445536_6834605103759801455_o-Copy.jpg?fit=937%2C893&ssl=1&resize=525%2C300 1.5x, https:\/\/i0.wp.com\/www.shqiperia.com\/blog\/wp-content\/uploads\/2020\/08\/118645841_2821110821445536_6834605103759801455_o-Copy.jpg?fit=937%2C893&ssl=1&resize=700%2C400 2x"},"classes":[]}],"_links":{"self":[{"href":"https:\/\/www.shqiperia.com\/blog\/wp-json\/wp\/v2\/posts\/28315","targetHints":{"allow":["GET"]}}],"collection":[{"href":"https:\/\/www.shqiperia.com\/blog\/wp-json\/wp\/v2\/posts"}],"about":[{"href":"https:\/\/www.shqiperia.com\/blog\/wp-json\/wp\/v2\/types\/post"}],"author":[{"embeddable":true,"href":"https:\/\/www.shqiperia.com\/blog\/wp-json\/wp\/v2\/users\/9"}],"replies":[{"embeddable":true,"href":"https:\/\/www.shqiperia.com\/blog\/wp-json\/wp\/v2\/comments?post=28315"}],"version-history":[{"count":1,"href":"https:\/\/www.shqiperia.com\/blog\/wp-json\/wp\/v2\/posts\/28315\/revisions"}],"predecessor-version":[{"id":28318,"href":"https:\/\/www.shqiperia.com\/blog\/wp-json\/wp\/v2\/posts\/28315\/revisions\/28318"}],"wp:featuredmedia":[{"embeddable":true,"href":"https:\/\/www.shqiperia.com\/blog\/wp-json\/wp\/v2\/media\/28316"}],"wp:attachment":[{"href":"https:\/\/www.shqiperia.com\/blog\/wp-json\/wp\/v2\/media?parent=28315"}],"wp:term":[{"taxonomy":"category","embeddable":true,"href":"https:\/\/www.shqiperia.com\/blog\/wp-json\/wp\/v2\/categories?post=28315"},{"taxonomy":"post_tag","embeddable":true,"href":"https:\/\/www.shqiperia.com\/blog\/wp-json\/wp\/v2\/tags?post=28315"}],"curies":[{"name":"wp","href":"https:\/\/api.w.org\/{rel}","templated":true}]}}