{"id":28311,"date":"2019-11-20T00:31:16","date_gmt":"2019-11-20T00:31:16","guid":{"rendered":"https:\/\/www.shqiperia.com\/blog\/?p=28311"},"modified":"2019-11-20T00:31:29","modified_gmt":"2019-11-20T00:31:29","slug":"patericat-nderkombetare-ne-betejen-politike","status":"publish","type":"post","link":"https:\/\/www.shqiperia.com\/blog\/patericat-nderkombetare-ne-betejen-politike\/","title":{"rendered":"Patericat-nderkombetare-ne-betejen-politike."},"content":{"rendered":"<div id=\"attachment_28312\" style=\"width: 673px\" class=\"wp-caption alignnone\"><img data-recalc-dims=\"1\" loading=\"lazy\" decoding=\"async\" aria-describedby=\"caption-attachment-28312\" data-attachment-id=\"28312\" data-permalink=\"https:\/\/www.shqiperia.com\/blog\/patericat-nderkombetare-ne-betejen-politike\/76607499_2570818303141457_8441792769004929024_o\/\" data-orig-file=\"https:\/\/i0.wp.com\/www.shqiperia.com\/blog\/wp-content\/uploads\/2019\/11\/76607499_2570818303141457_8441792769004929024_o.jpg?fit=831%2C476&amp;ssl=1\" data-orig-size=\"831,476\" data-comments-opened=\"1\" data-image-meta=\"{&quot;aperture&quot;:&quot;0&quot;,&quot;credit&quot;:&quot;&quot;,&quot;camera&quot;:&quot;&quot;,&quot;caption&quot;:&quot;&quot;,&quot;created_timestamp&quot;:&quot;0&quot;,&quot;copyright&quot;:&quot;&quot;,&quot;focal_length&quot;:&quot;0&quot;,&quot;iso&quot;:&quot;0&quot;,&quot;shutter_speed&quot;:&quot;0&quot;,&quot;title&quot;:&quot;&quot;,&quot;orientation&quot;:&quot;0&quot;}\" data-image-title=\"Patericat-nderkombetare-ne-betejen-politike.\" data-image-description=\"\" data-image-caption=\"&lt;p&gt;Patericat-nderkombetare-ne-betejen-politike.&lt;\/p&gt;\n\" data-medium-file=\"https:\/\/i0.wp.com\/www.shqiperia.com\/blog\/wp-content\/uploads\/2019\/11\/76607499_2570818303141457_8441792769004929024_o.jpg?fit=300%2C172&amp;ssl=1\" data-large-file=\"https:\/\/i0.wp.com\/www.shqiperia.com\/blog\/wp-content\/uploads\/2019\/11\/76607499_2570818303141457_8441792769004929024_o.jpg?fit=831%2C476&amp;ssl=1\" class=\" wp-image-28312\" alt=\"\" src=\"https:\/\/i0.wp.com\/www.shqiperia.com\/blog\/wp-content\/uploads\/2019\/11\/76607499_2570818303141457_8441792769004929024_o.jpg?resize=663%2C380&#038;ssl=1\" width=\"663\" height=\"380\" srcset=\"https:\/\/i0.wp.com\/www.shqiperia.com\/blog\/wp-content\/uploads\/2019\/11\/76607499_2570818303141457_8441792769004929024_o.jpg?resize=300%2C172&amp;ssl=1 300w, https:\/\/i0.wp.com\/www.shqiperia.com\/blog\/wp-content\/uploads\/2019\/11\/76607499_2570818303141457_8441792769004929024_o.jpg?resize=768%2C440&amp;ssl=1 768w, https:\/\/i0.wp.com\/www.shqiperia.com\/blog\/wp-content\/uploads\/2019\/11\/76607499_2570818303141457_8441792769004929024_o.jpg?resize=450%2C258&amp;ssl=1 450w, https:\/\/i0.wp.com\/www.shqiperia.com\/blog\/wp-content\/uploads\/2019\/11\/76607499_2570818303141457_8441792769004929024_o.jpg?resize=600%2C344&amp;ssl=1 600w, https:\/\/i0.wp.com\/www.shqiperia.com\/blog\/wp-content\/uploads\/2019\/11\/76607499_2570818303141457_8441792769004929024_o.jpg?resize=400%2C229&amp;ssl=1 400w, https:\/\/i0.wp.com\/www.shqiperia.com\/blog\/wp-content\/uploads\/2019\/11\/76607499_2570818303141457_8441792769004929024_o.jpg?w=831&amp;ssl=1 831w\" sizes=\"auto, (max-width: 663px) 100vw, 663px\" \/><p id=\"caption-attachment-28312\" class=\"wp-caption-text\">Patericat-nderkombetare-ne-betejen-politike.<\/p><\/div>\n<p>Patericat-nderkombetare-ne-betejen-politike.<\/p>\n<p>Karikature ga Bujar Kapexhiu<\/p>\n<div id=\"attachment_28313\" style=\"width: 671px\" class=\"wp-caption alignnone\"><img data-recalc-dims=\"1\" loading=\"lazy\" decoding=\"async\" aria-describedby=\"caption-attachment-28313\" data-attachment-id=\"28313\" data-permalink=\"https:\/\/www.shqiperia.com\/blog\/patericat-nderkombetare-ne-betejen-politike\/patericat-nderkombetare-ne-betejen-politike\/\" data-orig-file=\"https:\/\/i0.wp.com\/www.shqiperia.com\/blog\/wp-content\/uploads\/2019\/11\/Patericat-nderkombetare-ne-betejen-politike.jpg?fit=1299%2C1500&amp;ssl=1\" data-orig-size=\"1299,1500\" data-comments-opened=\"1\" data-image-meta=\"{&quot;aperture&quot;:&quot;0&quot;,&quot;credit&quot;:&quot;&quot;,&quot;camera&quot;:&quot;&quot;,&quot;caption&quot;:&quot;&quot;,&quot;created_timestamp&quot;:&quot;0&quot;,&quot;copyright&quot;:&quot;&quot;,&quot;focal_length&quot;:&quot;0&quot;,&quot;iso&quot;:&quot;0&quot;,&quot;shutter_speed&quot;:&quot;0&quot;,&quot;title&quot;:&quot;&quot;,&quot;orientation&quot;:&quot;1&quot;}\" data-image-title=\"Patericat-nderkombetare-ne-betejen-politike\" data-image-description=\"\" data-image-caption=\"&lt;p&gt;Patericat-nderkombetare-ne-betejen-politike.&lt;\/p&gt;\n\" data-medium-file=\"https:\/\/i0.wp.com\/www.shqiperia.com\/blog\/wp-content\/uploads\/2019\/11\/Patericat-nderkombetare-ne-betejen-politike.jpg?fit=260%2C300&amp;ssl=1\" data-large-file=\"https:\/\/i0.wp.com\/www.shqiperia.com\/blog\/wp-content\/uploads\/2019\/11\/Patericat-nderkombetare-ne-betejen-politike.jpg?fit=887%2C1024&amp;ssl=1\" class=\" wp-image-28313\" alt=\"\" src=\"https:\/\/i0.wp.com\/www.shqiperia.com\/blog\/wp-content\/uploads\/2019\/11\/Patericat-nderkombetare-ne-betejen-politike.jpg?resize=661%2C763&#038;ssl=1\" width=\"661\" height=\"763\" srcset=\"https:\/\/i0.wp.com\/www.shqiperia.com\/blog\/wp-content\/uploads\/2019\/11\/Patericat-nderkombetare-ne-betejen-politike.jpg?resize=260%2C300&amp;ssl=1 260w, https:\/\/i0.wp.com\/www.shqiperia.com\/blog\/wp-content\/uploads\/2019\/11\/Patericat-nderkombetare-ne-betejen-politike.jpg?resize=768%2C887&amp;ssl=1 768w, https:\/\/i0.wp.com\/www.shqiperia.com\/blog\/wp-content\/uploads\/2019\/11\/Patericat-nderkombetare-ne-betejen-politike.jpg?resize=887%2C1024&amp;ssl=1 887w, https:\/\/i0.wp.com\/www.shqiperia.com\/blog\/wp-content\/uploads\/2019\/11\/Patericat-nderkombetare-ne-betejen-politike.jpg?resize=450%2C520&amp;ssl=1 450w, https:\/\/i0.wp.com\/www.shqiperia.com\/blog\/wp-content\/uploads\/2019\/11\/Patericat-nderkombetare-ne-betejen-politike.jpg?resize=600%2C693&amp;ssl=1 600w, https:\/\/i0.wp.com\/www.shqiperia.com\/blog\/wp-content\/uploads\/2019\/11\/Patericat-nderkombetare-ne-betejen-politike.jpg?resize=400%2C462&amp;ssl=1 400w, https:\/\/i0.wp.com\/www.shqiperia.com\/blog\/wp-content\/uploads\/2019\/11\/Patericat-nderkombetare-ne-betejen-politike.jpg?w=1299&amp;ssl=1 1299w\" sizes=\"auto, (max-width: 661px) 100vw, 661px\" \/><p id=\"caption-attachment-28313\" class=\"wp-caption-text\">Patericat-nderkombetare-ne-betejen-politike.<\/p><\/div>\n","protected":false},"excerpt":{"rendered":"<p>Patericat-nderkombetare-ne-betejen-politike. Karikature ga Bujar Kapexhiu<\/p>\n","protected":false},"author":9,"featured_media":28312,"comment_status":"open","ping_status":"open","sticky":false,"template":"","format":"standard","meta":{"jetpack_post_was_ever_published":false,"_jetpack_newsletter_access":"","_jetpack_dont_email_post_to_subs":false,"_jetpack_newsletter_tier_id":0,"_jetpack_memberships_contains_paywalled_content":false,"_jetpack_memberships_contains_paid_content":false,"footnotes":"","jetpack_publicize_message":"","jetpack_publicize_feature_enabled":true,"jetpack_social_post_already_shared":true,"jetpack_social_options":{"image_generator_settings":{"template":"highway","default_image_id":0,"font":"","enabled":false},"version":2}},"categories":[87,14,35],"tags":[],"class_list":["post-28311","post","type-post","status-publish","format-standard","has-post-thumbnail","hentry","category-arte","category-press-releases","category-shoqerore"],"jetpack_publicize_connections":[],"jetpack_featured_media_url":"https:\/\/i0.wp.com\/www.shqiperia.com\/blog\/wp-content\/uploads\/2019\/11\/76607499_2570818303141457_8441792769004929024_o.jpg?fit=831%2C476&ssl=1","jetpack_sharing_enabled":true,"jetpack_shortlink":"https:\/\/wp.me\/p5Z6wp-7mD","jetpack-related-posts":[{"id":24066,"url":"https:\/\/www.shqiperia.com\/blog\/media-italiane-si-fitoi-becchetti-betejen-ligjore-kunder-rames\/","url_meta":{"origin":28311,"position":0},"title":"Media italiane: Si fitoi Becchetti betej\u00ebn ligjore kund\u00ebr Ram\u00ebs.-","author":"Kurt Farka","date":"July 31, 2019","format":false,"excerpt":"Media italiane: Si fitoi Becchetti betej\u00ebn ligjore kund\u00ebr Ram\u00ebs.- 31\/07\/19 | Nj\u00eb gjykat\u00eb nd\u00ebrkomb\u00ebtare vendosi nj\u00ebz\u00ebri se qeveria shqiptare \u00ebsht\u00eb fajtore p\u00ebr p\u00ebrndjekjen politike dhe p\u00ebr sjelljen korruptive e t\u00eb padrejt\u00eb ndaj sip\u00ebrmarr\u00ebsit italian Francesco Becchetti. K\u00ebshtu shkruan media italiane \u201caffaritaliani.it\u201d. Becchetti, q\u00eb aktualisht banon n\u00eb Lond\u00ebr, \u00ebsht\u00eb pronar i\u2026","rel":"","context":"In &quot;Blogu i Udh\u00ebtarit&quot;","block_context":{"text":"Blogu i Udh\u00ebtarit","link":"https:\/\/www.shqiperia.com\/blog\/category\/blogu-i-udhetarit\/"},"img":{"alt_text":"","src":"https:\/\/i0.wp.com\/www.shqiperia.com\/blog\/wp-content\/uploads\/2019\/07\/francesco-becchetti-agon-tv-0210.jpg?fit=428%2C244&ssl=1&resize=350%2C200","width":350,"height":200},"classes":[]},{"id":88667,"url":"https:\/\/www.shqiperia.com\/blog\/baton-haxhiu-socialistet-kane-kontribuar-per-izolimin-e-berishes\/","url_meta":{"origin":28311,"position":1},"title":"Baton Haxhiu &#8211; Socialist\u00ebt kan\u00eb kontribuar p\u00ebr izolimin e Berish\u00ebs","author":"Kurt Farka","date":"January 24, 2025","format":false,"excerpt":"24 Janar 2025 Analisti Baton Haxhiu ka b\u00ebr\u00eb nj\u00eb deklarat\u00eb t\u00eb bujshme gjat\u00eb nj\u00eb debati televiziv, ku ka pohuar se Partia Socialiste (PS) ka kontribuar p\u00ebr shpalljen non grata t\u00eb ish-kryeministrit Sali Berisha. Haxhiu u shpreh se ky veprim ka qen\u00eb nj\u00eb strategji e PS-s\u00eb p\u00ebr ta b\u00ebr\u00eb m\u00eb t\u00eb\u2026","rel":"","context":"In &quot;Blogu i Udh\u00ebtarit&quot;","block_context":{"text":"Blogu i Udh\u00ebtarit","link":"https:\/\/www.shqiperia.com\/blog\/category\/blogu-i-udhetarit\/"},"img":{"alt_text":"","src":"https:\/\/i0.wp.com\/www.shqiperia.com\/blog\/wp-content\/uploads\/2025\/01\/baton-haxhiu-sali-berisha.jpg?fit=802%2C478&ssl=1&resize=350%2C200","width":350,"height":200,"srcset":"https:\/\/i0.wp.com\/www.shqiperia.com\/blog\/wp-content\/uploads\/2025\/01\/baton-haxhiu-sali-berisha.jpg?fit=802%2C478&ssl=1&resize=350%2C200 1x, https:\/\/i0.wp.com\/www.shqiperia.com\/blog\/wp-content\/uploads\/2025\/01\/baton-haxhiu-sali-berisha.jpg?fit=802%2C478&ssl=1&resize=525%2C300 1.5x, https:\/\/i0.wp.com\/www.shqiperia.com\/blog\/wp-content\/uploads\/2025\/01\/baton-haxhiu-sali-berisha.jpg?fit=802%2C478&ssl=1&resize=700%2C400 2x"},"classes":[]},{"id":47579,"url":"https:\/\/www.shqiperia.com\/blog\/zgjedhjet-e-25-prillit-pd-nis-betejen-ne-kolegjin-zgjedhor-kas-mbylli-syte-para-provave-dhe-fakteve-cfare-pritet-te-ndodhe-neser\/","url_meta":{"origin":28311,"position":2},"title":"Zgjedhjet e 25 prillit\/ PD nis betej\u00ebn n\u00eb Kolegjin Zgjedhor: KAS mbylli syt\u00eb para provave dhe fakteve. \u00c7far\u00eb pritet t\u00eb ndodh\u00eb nes\u00ebr","author":"Kurt Farka","date":"May 30, 2021","format":false,"excerpt":"Zgjedhjet e 25 prillit\/ PD nis betej\u00ebn n\u00eb Kolegjin Zgjedhor: KAS mbylli syt\u00eb para provave dhe fakteve. \u00c7far\u00eb pritet t\u00eb ndodh\u00eb nes\u00ebr 30 maji 2021 Partia Demokratike ka paralajm\u00ebruar se duke filluar nga dita e nes\u00ebrme do t\u00eb nis\u00eb betej\u00ebn ligjore p\u00ebr zgjedhjet e 25 prillit n\u00eb Kolegjin Zgjedhor. P\u00ebrfaq\u00ebsuesi\u2026","rel":"","context":"In &quot;Blogu i Udh\u00ebtarit&quot;","block_context":{"text":"Blogu i Udh\u00ebtarit","link":"https:\/\/www.shqiperia.com\/blog\/category\/blogu-i-udhetarit\/"},"img":{"alt_text":"","src":"https:\/\/i0.wp.com\/www.shqiperia.com\/blog\/wp-content\/uploads\/2021\/05\/dosjet.jpg?fit=493%2C279&ssl=1&resize=350%2C200","width":350,"height":200},"classes":[]},{"id":88452,"url":"https:\/\/www.shqiperia.com\/blog\/jozefina-topalli-diaspora-faktor-kyc-per-rotacionin-ne-10-vitet-e-fundit-jane-larguar-1-milion-shqiptare\/","url_meta":{"origin":28311,"position":3},"title":"Jozefina Topalli: &#8211; Diaspora, faktor ky\u00e7 p\u00ebr rotacionin. &#8211; \u201cN\u00eb 10 vitet e fundit jan\u00eb larguar 1 milion shqiptar\u00eb\u201d","author":"Kurt Farka","date":"January 15, 2025","format":false,"excerpt":"15 Janar 2025 Largimi i mbi 1 milion\u00eb shqiptar\u00ebve n\u00eb 10 vitet e fundit nga Shqip\u00ebria, p\u00ebr drejtuesen politike t\u00eb PD-s\u00eb, Jozefina Topalli, \u00ebsht\u00eb nj\u00eb alarm. Sipas saj, Diaspora e k\u00ebsaj dekade, duhet t\u2019i jap\u00eb nj\u00eb p\u00ebrgjigje t\u00eb fort\u00eb me vot\u00eb qeverisjes socialiste, p\u00ebr t\u00eb garantuar rotacionin politik. \u201cEmigrant\u00ebt duhet\u2026","rel":"","context":"In &quot;Blogu i Udh\u00ebtarit&quot;","block_context":{"text":"Blogu i Udh\u00ebtarit","link":"https:\/\/www.shqiperia.com\/blog\/category\/blogu-i-udhetarit\/"},"img":{"alt_text":"","src":"https:\/\/i0.wp.com\/www.shqiperia.com\/blog\/wp-content\/uploads\/2025\/01\/jozefina.jpg?fit=1200%2C720&ssl=1&resize=350%2C200","width":350,"height":200,"srcset":"https:\/\/i0.wp.com\/www.shqiperia.com\/blog\/wp-content\/uploads\/2025\/01\/jozefina.jpg?fit=1200%2C720&ssl=1&resize=350%2C200 1x, https:\/\/i0.wp.com\/www.shqiperia.com\/blog\/wp-content\/uploads\/2025\/01\/jozefina.jpg?fit=1200%2C720&ssl=1&resize=525%2C300 1.5x, https:\/\/i0.wp.com\/www.shqiperia.com\/blog\/wp-content\/uploads\/2025\/01\/jozefina.jpg?fit=1200%2C720&ssl=1&resize=700%2C400 2x, https:\/\/i0.wp.com\/www.shqiperia.com\/blog\/wp-content\/uploads\/2025\/01\/jozefina.jpg?fit=1200%2C720&ssl=1&resize=1050%2C600 3x"},"classes":[]},{"id":31106,"url":"https:\/\/www.shqiperia.com\/blog\/partite-si-grup-miliarderesh-nuk-bejne-dot-pa-krimin-e-organizuar-reagimi-i-ashper-i-deputetes\/","url_meta":{"origin":28311,"position":4},"title":"\u201cPartit\u00eb si grup miliarder\u00ebsh, nuk b\u00ebjn\u00eb dot pa krimin e organizuar\u201d, reagimi i ashp\u00ebr i deputetes","author":"Kurt Farka","date":"February 5, 2020","format":false,"excerpt":"\u201cPartit\u00eb si grup miliarder\u00ebsh, nuk b\u00ebjn\u00eb dot pa krimin e organizuar\u201d, reagimi i ashp\u00ebr i deputetes 4 Shkurt 2020 Gjat\u00eb mbledhjes s\u00eb K\u00ebshillit Komb\u00ebtar Europian dit\u00ebn e sotme, kryetarja e tij Rudina Hajdari akuzoi partit\u00eb politike n\u00eb vend se jan\u00eb kthyer n\u00eb grupe miliarder\u00ebsh q\u00eb nuk b\u00ebjn\u00eb dot pa krimin\u2026","rel":"","context":"In &quot;Blogu i Udh\u00ebtarit&quot;","block_context":{"text":"Blogu i Udh\u00ebtarit","link":"https:\/\/www.shqiperia.com\/blog\/category\/blogu-i-udhetarit\/"},"img":{"alt_text":"","src":"https:\/\/i0.wp.com\/www.shqiperia.com\/blog\/wp-content\/uploads\/2020\/02\/20190613223330sot-kuvendi.jpg?fit=781%2C385&ssl=1&resize=350%2C200","width":350,"height":200,"srcset":"https:\/\/i0.wp.com\/www.shqiperia.com\/blog\/wp-content\/uploads\/2020\/02\/20190613223330sot-kuvendi.jpg?fit=781%2C385&ssl=1&resize=350%2C200 1x, https:\/\/i0.wp.com\/www.shqiperia.com\/blog\/wp-content\/uploads\/2020\/02\/20190613223330sot-kuvendi.jpg?fit=781%2C385&ssl=1&resize=525%2C300 1.5x, https:\/\/i0.wp.com\/www.shqiperia.com\/blog\/wp-content\/uploads\/2020\/02\/20190613223330sot-kuvendi.jpg?fit=781%2C385&ssl=1&resize=700%2C400 2x"},"classes":[]},{"id":92070,"url":"https:\/\/www.shqiperia.com\/blog\/kontrata-e-re-ne-shba-nje-moment-historik-per-partine-demokratike-dhe-demokracine-shqiptare\/","url_meta":{"origin":28311,"position":5},"title":"Kontrata e re n\u00eb SHBA: &#8211; Nj\u00eb moment historik p\u00ebr Partin\u00eb Demokratike dhe demokracin\u00eb shqiptare","author":"Kurt Farka","date":"April 30, 2025","format":false,"excerpt":"30 Prill 2025 Nga Bujar Leskaj M\u00eb 30 mars 2025, nj\u00eb zhvillim i r\u00ebnd\u00ebsish\u00ebm ndodhi n\u00eb marr\u00ebdh\u00ebniet nd\u00ebrkomb\u00ebtare t\u00eb Partis\u00eb Demokratike t\u00eb Shqip\u00ebris\u00eb. Fondacioni shqiptaro-amerikan \u201cTa B\u00ebjm\u00eb Shqip\u00ebrin\u00eb Madh\u00ebshtore S\u00ebrisht\u201d, drejtuar nga patrioti demokrat z.Nuredin Seci ,me baz\u00eb n\u00eb Nju Jork, firmosi nj\u00eb kontrat\u00eb sh\u00ebrbimi me kompanin\u00eb lobuese amerikane Continental\u2026","rel":"","context":"In &quot;Blogu i Udh\u00ebtarit&quot;","block_context":{"text":"Blogu i Udh\u00ebtarit","link":"https:\/\/www.shqiperia.com\/blog\/category\/blogu-i-udhetarit\/"},"img":{"alt_text":"","src":"https:\/\/i0.wp.com\/www.shqiperia.com\/blog\/wp-content\/uploads\/2025\/04\/bujar.jpg?fit=600%2C400&ssl=1&resize=350%2C200","width":350,"height":200,"srcset":"https:\/\/i0.wp.com\/www.shqiperia.com\/blog\/wp-content\/uploads\/2025\/04\/bujar.jpg?fit=600%2C400&ssl=1&resize=350%2C200 1x, https:\/\/i0.wp.com\/www.shqiperia.com\/blog\/wp-content\/uploads\/2025\/04\/bujar.jpg?fit=600%2C400&ssl=1&resize=525%2C300 1.5x"},"classes":[]}],"_links":{"self":[{"href":"https:\/\/www.shqiperia.com\/blog\/wp-json\/wp\/v2\/posts\/28311","targetHints":{"allow":["GET"]}}],"collection":[{"href":"https:\/\/www.shqiperia.com\/blog\/wp-json\/wp\/v2\/posts"}],"about":[{"href":"https:\/\/www.shqiperia.com\/blog\/wp-json\/wp\/v2\/types\/post"}],"author":[{"embeddable":true,"href":"https:\/\/www.shqiperia.com\/blog\/wp-json\/wp\/v2\/users\/9"}],"replies":[{"embeddable":true,"href":"https:\/\/www.shqiperia.com\/blog\/wp-json\/wp\/v2\/comments?post=28311"}],"version-history":[{"count":1,"href":"https:\/\/www.shqiperia.com\/blog\/wp-json\/wp\/v2\/posts\/28311\/revisions"}],"predecessor-version":[{"id":28314,"href":"https:\/\/www.shqiperia.com\/blog\/wp-json\/wp\/v2\/posts\/28311\/revisions\/28314"}],"wp:featuredmedia":[{"embeddable":true,"href":"https:\/\/www.shqiperia.com\/blog\/wp-json\/wp\/v2\/media\/28312"}],"wp:attachment":[{"href":"https:\/\/www.shqiperia.com\/blog\/wp-json\/wp\/v2\/media?parent=28311"}],"wp:term":[{"taxonomy":"category","embeddable":true,"href":"https:\/\/www.shqiperia.com\/blog\/wp-json\/wp\/v2\/categories?post=28311"},{"taxonomy":"post_tag","embeddable":true,"href":"https:\/\/www.shqiperia.com\/blog\/wp-json\/wp\/v2\/tags?post=28311"}],"curies":[{"name":"wp","href":"https:\/\/api.w.org\/{rel}","templated":true}]}}