{"id":28308,"date":"2019-11-19T22:45:49","date_gmt":"2019-11-19T22:45:49","guid":{"rendered":"https:\/\/www.shqiperia.com\/blog\/?p=28308"},"modified":"2019-11-19T22:45:49","modified_gmt":"2019-11-19T22:45:49","slug":"gjykata-kushtetuese-publikon-listen-e-anetareve-te-saj-vuloset-perfundimisht-anetarja-e-dekretuar-nga-presidenti-meta","status":"publish","type":"post","link":"https:\/\/www.shqiperia.com\/blog\/gjykata-kushtetuese-publikon-listen-e-anetareve-te-saj-vuloset-perfundimisht-anetarja-e-dekretuar-nga-presidenti-meta\/","title":{"rendered":"Gjykata Kushtetuese publikon list\u00ebn e an\u00ebtar\u00ebve t\u00eb saj. \u201cVuloset\u201d p\u00ebrfundimisht an\u00ebtarja e dekretuar nga Presidenti Meta. &#8211;"},"content":{"rendered":"<p><img data-recalc-dims=\"1\" loading=\"lazy\" decoding=\"async\" data-attachment-id=\"28309\" data-permalink=\"https:\/\/www.shqiperia.com\/blog\/gjykata-kushtetuese-publikon-listen-e-anetareve-te-saj-vuloset-perfundimisht-anetarja-e-dekretuar-nga-presidenti-meta\/gjykata-kushtetuese-3\/\" data-orig-file=\"https:\/\/i0.wp.com\/www.shqiperia.com\/blog\/wp-content\/uploads\/2019\/11\/gjykata-kushtetuese.png?fit=569%2C351&amp;ssl=1\" data-orig-size=\"569,351\" data-comments-opened=\"1\" data-image-meta=\"{&quot;aperture&quot;:&quot;0&quot;,&quot;credit&quot;:&quot;&quot;,&quot;camera&quot;:&quot;&quot;,&quot;caption&quot;:&quot;&quot;,&quot;created_timestamp&quot;:&quot;0&quot;,&quot;copyright&quot;:&quot;&quot;,&quot;focal_length&quot;:&quot;0&quot;,&quot;iso&quot;:&quot;0&quot;,&quot;shutter_speed&quot;:&quot;0&quot;,&quot;title&quot;:&quot;&quot;,&quot;orientation&quot;:&quot;0&quot;}\" data-image-title=\"gjykata-kushtetuese\" data-image-description=\"\" data-image-caption=\"\" data-medium-file=\"https:\/\/i0.wp.com\/www.shqiperia.com\/blog\/wp-content\/uploads\/2019\/11\/gjykata-kushtetuese.png?fit=300%2C185&amp;ssl=1\" data-large-file=\"https:\/\/i0.wp.com\/www.shqiperia.com\/blog\/wp-content\/uploads\/2019\/11\/gjykata-kushtetuese.png?fit=569%2C351&amp;ssl=1\" class=\"alignnone  wp-image-28309\" alt=\"\" src=\"https:\/\/i0.wp.com\/www.shqiperia.com\/blog\/wp-content\/uploads\/2019\/11\/gjykata-kushtetuese.png?resize=576%2C355&#038;ssl=1\" width=\"576\" height=\"355\" srcset=\"https:\/\/i0.wp.com\/www.shqiperia.com\/blog\/wp-content\/uploads\/2019\/11\/gjykata-kushtetuese.png?resize=300%2C185&amp;ssl=1 300w, https:\/\/i0.wp.com\/www.shqiperia.com\/blog\/wp-content\/uploads\/2019\/11\/gjykata-kushtetuese.png?resize=450%2C278&amp;ssl=1 450w, https:\/\/i0.wp.com\/www.shqiperia.com\/blog\/wp-content\/uploads\/2019\/11\/gjykata-kushtetuese.png?resize=400%2C247&amp;ssl=1 400w, https:\/\/i0.wp.com\/www.shqiperia.com\/blog\/wp-content\/uploads\/2019\/11\/gjykata-kushtetuese.png?w=569&amp;ssl=1 569w\" sizes=\"auto, (max-width: 576px) 100vw, 576px\" \/><\/p>\n<p>Gjykata Kushtetuese publikon list\u00ebn e an\u00ebtar\u00ebve t\u00eb saj. \u201cVuloset\u201d p\u00ebrfundimisht an\u00ebtarja e dekretuar nga Presidenti Meta<\/p>\n<p><em>Nov 19 nentor 2019<\/em><\/p>\n<p><strong>Gjykata Kushtetuese ka publikuar list\u00ebn e pes\u00eb an\u00ebtar\u00ebve t\u00eb saj nga n\u00ebnt\u00eb an\u00ebtar\u00eb q\u00eb ka gjithsej kjo gjykat\u00eb.<\/strong><\/p>\n<p><strong>Ja Antaret: <\/strong><\/p>\n<ol>\n<li>Vitore Tusha, an\u00ebtare<\/li>\n<li>Besnik Mu\u00e7i, an\u00ebtar<\/li>\n<li>Elsa Toska, an\u00ebtare<\/li>\n<li>Marsida Xhaferllari, an\u00ebtare<\/li>\n<li>Fiona Papajorgji, an\u00ebtare<\/li>\n<\/ol>\n<p>N\u00eb\u00a0<a href=\"http:\/\/www.gjk.gov.al\/web\/Perberja_90_1.php\">list\u00ebn\u00a0<\/a>e publikuar n\u00eb faqen zyrtare mungon emri i Arta Vorpsit e konsideruar si e em\u00ebruar nga Parlamentit, nd\u00ebrsa n\u00ebnshkroi nj\u00eb akt betimi pran\u00eb nj\u00eb zyre noterie n\u00eb Tiran\u00eb.<\/p>\n<p>N\u00eb list\u00ebn e Gjykat\u00ebs Kushtetuese, krahas an\u00ebtar\u00ebve t\u00eb tjer\u00eb, rezulton edhe emrin i Marsida Xhaferllarit, e dekretuar nga Presidenti Ilir Meta dhe e kontestuar nga socialist\u00ebt n\u00eb pushtet.<\/p>\n<p>Xhaferllari do t\u00eb jet\u00eb n\u00eb k\u00ebt\u00eb post bashk\u00eb me koleg\u00ebt e saj t\u00eb zgjedhur k\u00ebt\u00eb muaj p\u00ebr 9 vite pa t\u00eb drejt\u00eb rizgjedhjeje.<\/p>\n<p><strong>P\u00ebrb\u00ebrja:\u00a0<\/strong><\/p>\n<ol>\n<li>Vitore Tusha, an\u00ebtare.<\/li>\n<\/ol>\n<p>Lindur m\u00eb 26.11.1960 n\u00eb Tiran\u00eb. Diplomuar n\u00eb vitin 1983 n\u00eb Fakultetin e Shkencave Politike-Juridike, dega Drejt\u00ebsi. Nga viti 1983 deri n\u00eb vitin 1990 ka ushtruar detyr\u00ebn e p\u00ebrmbarueses gjyq\u00ebsore n\u00eb Gjykat\u00ebn e Rrethit Tiran\u00eb dhe m\u00eb pas deri n\u00eb vitin 1992 profesionin e avokatit. N\u00eb periudh\u00ebn 1992-1994 ka ushtruar detyr\u00ebn e gjyqtares n\u00eb Gjykat\u00ebn e Rrethit Tiran\u00eb dhe n\u00eb vitet 1994-2001 at\u00eb t\u00eb gjyqtares n\u00eb Gjykat\u00ebn e Kasacionit. N\u00eb vitet 1999-2001 ka qen\u00eb kryetare e Kolegjit Civil t\u00eb k\u00ebsaj gjykate. N\u00eb vitin 1997 ka marr\u00eb grad\u00ebn shkencore \u201cDoktor i Shkencave Juridike\u201d. N\u00eb vitin 2004 zgjidhet n\u00ebnkryetare e Dhom\u00ebs Komb\u00ebtare t\u00eb Avokatis\u00eb. Nga viti 1986 e n\u00eb vazhdim ka ushtruar m\u00ebsimdh\u00ebnien si lektore e s\u00eb Drejt\u00ebs Civile dhe Procedur\u00ebs Civile pran\u00eb Fakultetit t\u00eb Drejt\u00ebsis\u00eb dhe Shkoll\u00ebs s\u00eb Magjistratur\u00ebs. \u00cbsht\u00eb bashkautore n\u00eb hartimin e tekstit \u201cProcedura Civile\u201d. Ka marr\u00eb pjes\u00eb me cil\u00ebsin\u00eb e ekspertes ligjore n\u00eb hartimin e disa projektligjeve. N\u00eb mars t\u00eb vitit 2008 \u00ebsht\u00eb em\u00ebruar an\u00ebtare e Gjykat\u00ebs Kushtetuese. Prej vitit 2019 ushtron funksionin e z\u00ebvend\u00ebskryetares s\u00eb K\u00ebshillit t\u00eb Em\u00ebrimeve n\u00eb Drejt\u00ebsi, si dhe kompetencat e Kryetarit t\u00eb Gjykat\u00ebs Kushtetuese.<\/p>\n<ol start=\"2\">\n<li>Besnik Mu\u00e7i, an\u00ebtar<\/li>\n<\/ol>\n<p>Lindur m\u00eb 18.01.1973 n\u00eb Pogradec. Diplomuar n\u00eb Fakultetin e Drejt\u00ebsis\u00eb t\u00eb Universitetit t\u00eb Tiran\u00ebs n\u00eb vitin 1995. N\u00eb vitet 1999-2002 ka kryer studimet n\u00eb Shkoll\u00ebn e Magjistratur\u00ebs dhe ka marr\u00eb titullin \u201cMagjistrat\u201d. Nga viti 1995 deri n\u00eb vitin 1998 ka ushtruar funksionin e oficerit t\u00eb Policis\u00eb Gjyq\u00ebsore dhe m\u00eb pas deri n\u00eb vitin 1999 profesionin e avokatit. N\u00eb periudh\u00ebn 2002-2007 ka ushtruar funksionin e prokurorit n\u00eb Prokurorin\u00eb pran\u00eb Gjykat\u00ebs s\u00eb Rrethit Gjyq\u00ebsor Tiran\u00eb. Nga viti 2008 deri n\u00eb vitin 2019 ka qen\u00eb prokuror n\u00eb Prokurorin\u00eb pran\u00eb Gjykat\u00ebs s\u00eb Shkall\u00ebs s\u00eb Par\u00eb p\u00ebr Krime t\u00eb R\u00ebnda Tiran\u00eb ( n\u00eb vitin 2013 drejtues i komanduar i Prokuroris\u00eb pran\u00eb Gjykat\u00ebs s\u00eb Rrethit Gjyq\u00ebsor Kavaj\u00eb, n\u00eb periudh\u00ebn 2013-2014 z\u00ebvend\u00ebsdrejtues i Prokuroris\u00eb p\u00ebr Krimet e R\u00ebnda Tiran\u00eb dhe 2017-2019 drejtues seksioni). N\u00eb periudh\u00ebn 2007-2014 ka qen\u00eb pedagog i jasht\u00ebm i s\u00eb Drejt\u00ebs Penale t\u00eb Posa\u00e7me dhe i Procedur\u00ebs Penale. Gjat\u00eb periudh\u00ebs 2009-2018 ka qen\u00eb ekspert i trajnimit vazhdues pran\u00eb Shkoll\u00ebs s\u00eb Magjistratur\u00ebs. N\u00eb vitin 2011 ka marr\u00eb grad\u00ebn \u201cMaster\u201d n\u00eb shkencat penale. Prej vitit 2014 \u00ebsht\u00eb doktorant pran\u00eb Fakultetit t\u00eb Drejt\u00ebsis\u00eb t\u00eb Universitetit t\u00eb Tiran\u00ebs. Me dekretin nr.11313, dat\u00eb 15.10.2019 t\u00eb Presidentit t\u00eb Republik\u00ebs \u00ebsht\u00eb em\u00ebruar an\u00ebtar i Gjykat\u00ebs Kushtetuese.<\/p>\n<ol start=\"3\">\n<li>Dr. Elsa Toska, an\u00ebtare<\/li>\n<\/ol>\n<p>Lindur m\u00eb 05.06.1976 n\u00eb Kavaj\u00eb. Diplomuar n\u00eb vitin 2000 pran\u00eb\u00a0 Fakultetit t\u00eb Drejt\u00ebsis\u00eb, Universiteti i Tiran\u00ebs. N\u00eb vitin 2005 ka marr\u00eb titullin \u201cMaster\u201d n\u00eb Studime Europiane n\u00eb Rektoratin e Tiran\u00ebs, nd\u00ebrsa n\u00eb vitin 2012 grad\u00ebn shkencore \u201cDoktore e shkencave juridike\u201d n\u00eb Fakultetin e Drejt\u00ebsis\u00eb t\u00eb Universitetit t\u00eb Tiran\u00ebs. N\u00eb vitet 2000-2006 ka punuar si ndihm\u00ebskomisionere\/eksperte ligjore pran\u00eb institucionit t\u00eb Avokatit t\u00eb Popullit dhe n\u00eb vitet 2006-2007 ka ushtruar profesionin e avokatit. Gjat\u00eb periudh\u00ebs 2007-2019 ka ushtruar detyr\u00ebn e k\u00ebshilltares ligjore n\u00eb Gjykat\u00ebn Kushtetuese. Prej vitit 2005 e n\u00eb vazhdim \u00ebsht\u00eb lektore e s\u00eb Drejt\u00ebs Administrative dhe Kushtetuese n\u00eb universitete t\u00eb ndryshme, si dhe trajnere e t\u00eb drejtave t\u00eb njeriut brenda dhe jasht\u00eb vendit. Prej vitit 2017 \u00ebsht\u00eb eksperte e trajnimit vazhdues pran\u00eb Shkoll\u00ebs s\u00eb Magjistratur\u00ebs. \u00cbsht\u00eb autore e disa artikujve shkencor\u00eb dhe pjes\u00ebmarr\u00ebse n\u00eb disa konferenca shkencore brenda dhe jasht\u00eb vendit p\u00ebr \u00e7\u00ebshtje t\u00eb drejt\u00ebsis\u00eb kushtetuese. N\u00eb muajin n\u00ebntor t\u00eb vitit 2019 \u00ebsht\u00eb em\u00ebruar an\u00ebtare e Gjykat\u00ebs Kushtetuese.<\/p>\n<ol start=\"4\">\n<li>Marsida Xhaferllari, an\u00ebtare<\/li>\n<\/ol>\n<p>Lindur m\u00eb 06.03.1975 n\u00eb Tiran\u00eb. Diplomuar n\u00eb Fakultetin e Drejt\u00ebsis\u00eb t\u00eb Universitetit t\u00eb Tiran\u00ebs n\u00eb vitin 1997. N\u00eb vitet 1997-2000 ka kryer studimet n\u00eb Shkoll\u00ebn e Magjistratur\u00ebs, n\u00eb brezin e par\u00eb t\u00eb t\u00eb diplomuarve t\u00eb k\u00ebsaj shkolle, dhe \u00ebsht\u00eb em\u00ebruar n\u00eb detyr\u00ebn e gjyqtares. Ka ushtruar detyr\u00ebn e gjyqtares n\u00eb Gjykat\u00ebn e Rrethit Gjyq\u00ebsor Fier gjat\u00eb viteve 1999-2007. N\u00eb dhjetor t\u00eb vitit 2007 ka ushtruar n\u00eb strukturat juridiko-profesionale t\u00eb Ministris\u00eb s\u00eb Drejt\u00ebsis\u00eb detyr\u00ebn e k\u00ebshilltares s\u00eb ministrit, detyr\u00ebn e drejtoresh\u00ebs s\u00eb p\u00ebrgjithshme t\u00eb Drejtoris\u00eb s\u00eb Kodifikimit dhe at\u00eb t\u00eb drejtoresh\u00ebs s\u00eb p\u00ebrgjithshme t\u00eb \u00c7\u00ebshtjeve t\u00eb Drejt\u00ebsis\u00eb. P\u00ebr shkak k\u00ebtyre detyrave ka qen\u00eb pjes\u00eb e disa komisioneve apo k\u00ebshillave drejtues, si Komisioni i Etik\u00ebs s\u00eb Konferenc\u00ebs Gjyq\u00ebsore Komb\u00ebtare, K\u00ebshilli Drejtues i Shkoll\u00ebs s\u00eb Magjistratur\u00ebs, K\u00ebshilli Administrativ i Institutit t\u00eb Sigurimeve Shoq\u00ebrore apo Komisioni i Mbrojtjes s\u00eb Konsumatorit. N\u00eb janar t\u00eb vitit 2013 \u00ebsht\u00eb em\u00ebruar n\u00eb detyr\u00ebn e Kryeinspektores s\u00eb Inspektoratit t\u00eb K\u00ebshillit t\u00eb Lart\u00eb t\u00eb Drejt\u00ebsis\u00eb. Q\u00eb prej vitit 2005 \u00ebsht\u00eb angazhuar n\u00eb vijim\u00ebsi n\u00eb aktivitete m\u00ebsimdh\u00ebnieje, duke p\u00ebrfshir\u00eb edhe Programin Fillestar dhe Vazhdues t\u00eb Shkoll\u00ebs s\u00eb Magjistratur\u00ebs, si dhe ka qen\u00eb eksperte ligjore n\u00eb projekte t\u00eb lidhura me sistemin e drejt\u00ebsis\u00eb. N\u00eb vitet 2015-2016 ka qen\u00eb pjes\u00eb e Grupit t\u00eb Ekspert\u00ebve t\u00eb Nivelit t\u00eb Lart\u00eb t\u00eb Reform\u00ebs n\u00eb Drejt\u00ebsi, duke punuar p\u00ebr ligjet p\u00ebr gjyq\u00ebsorin dhe financimin e gjyq\u00ebsorit. \u00cbsht\u00eb autore e disa manualeve t\u00eb pun\u00ebs p\u00ebr \u00e7\u00ebshtje t\u00eb hartimit t\u00eb legjislacionit, si dhe p\u00ebr ato t\u00eb inspektimit. N\u00eb muajin n\u00ebntor t\u00eb vitit 2019 \u00ebsht\u00eb em\u00ebruar an\u00ebtare e Gjykat\u00ebs Kushtetuese.<\/p>\n<ol start=\"5\">\n<li>Dr. Fiona Papajorgji, an\u00ebtare<\/li>\n<\/ol>\n<p>Lindur m\u00eb 12.03.1976 n\u00eb Vlor\u00eb. Diplomuar n\u00eb vitin 2000 n\u00eb Fakultetin e Drejt\u00ebsis\u00eb t\u00eb Universitetit t\u00eb Barit, Itali. N\u00eb vitin 2012 ka marr\u00eb grad\u00ebn shkencore \u201cDoktore e shkencave juridike\u201d n\u00eb Fakultetin e Drejt\u00ebsis\u00eb t\u00eb Universitetit t\u00eb Barit. N\u00eb vitet 2000-2008 ka ushtruar profesionin e asistent avokatit dhe me pas t\u00eb avokatit pran\u00eb firmave ligjore n\u00eb Bari. Gjat\u00eb periudh\u00ebs 2009-2011 ka punuar si juriste pran\u00eb Drejtoris\u00eb s\u00eb K\u00ebrkimeve, Studimeve dhe Botimeve n\u00eb Gjykat\u00ebn Kushtetuese. N\u00eb vitet 2011-2019 ka ushtruar detyr\u00ebn e k\u00ebshilltares ligjore n\u00eb Gjykat\u00ebn Kushtetuese. Nga viti 2007 e n\u00eb vazhdim ushtron m\u00ebsimdh\u00ebnien si lektore e s\u00eb Drejt\u00ebs Publike n\u00eb disa universitete. Prej vitit 2018 ka qen\u00eb eksperte n\u00eb disa projekte n\u00eb Agjencin\u00eb p\u00ebr Sigurimin e Cil\u00ebsis\u00eb n\u00eb Arsimin e Lart\u00eb, n\u00eb procesin e p\u00ebrafrimit t\u00eb legjislacionit etj., si dhe autore e disa artikujve n\u00eb fush\u00ebn e s\u00eb drejt\u00ebs kushtetuese. N\u00eb vitin 2019 \u00ebsht\u00eb angazhuar n\u00eb Shkoll\u00ebn e Magjistratur\u00ebs. N\u00eb muajin n\u00ebntor t\u00eb vitit 2019 \u00ebsht\u00eb em\u00ebruar an\u00ebtare e Gjykat\u00ebs Kushtetuese.<\/p>\n<p>Gazeta Panorama<\/p>\n","protected":false},"excerpt":{"rendered":"<p>Gjykata Kushtetuese publikon list\u00ebn e an\u00ebtar\u00ebve t\u00eb saj. \u201cVuloset\u201d p\u00ebrfundimisht an\u00ebtarja e dekretuar nga Presidenti Meta Nov 19 nentor 2019 Gjykata Kushtetuese ka publikuar list\u00ebn e pes\u00eb an\u00ebtar\u00ebve t\u00eb saj nga n\u00ebnt\u00eb an\u00ebtar\u00eb q\u00eb ka gjithsej kjo gjykat\u00eb. Ja Antaret: Vitore Tusha, an\u00ebtare Besnik Mu\u00e7i, an\u00ebtar Elsa Toska, an\u00ebtare Marsida Xhaferllari, an\u00ebtare Fiona Papajorgji, an\u00ebtare [&hellip;]<\/p>\n","protected":false},"author":9,"featured_media":28309,"comment_status":"open","ping_status":"open","sticky":false,"template":"","format":"standard","meta":{"jetpack_post_was_ever_published":false,"_jetpack_newsletter_access":"","_jetpack_dont_email_post_to_subs":false,"_jetpack_newsletter_tier_id":0,"_jetpack_memberships_contains_paywalled_content":false,"_jetpack_memberships_contains_paid_content":false,"footnotes":"","jetpack_publicize_message":"","jetpack_publicize_feature_enabled":true,"jetpack_social_post_already_shared":true,"jetpack_social_options":{"image_generator_settings":{"template":"highway","default_image_id":0,"font":"","enabled":false},"version":2}},"categories":[27,1,35],"tags":[],"class_list":["post-28308","post","type-post","status-publish","format-standard","has-post-thumbnail","hentry","category-blogu-i-udhetarit","category-njoftime-shtypi","category-shoqerore"],"jetpack_publicize_connections":[],"jetpack_featured_media_url":"https:\/\/i0.wp.com\/www.shqiperia.com\/blog\/wp-content\/uploads\/2019\/11\/gjykata-kushtetuese.png?fit=569%2C351&ssl=1","jetpack_sharing_enabled":true,"jetpack_shortlink":"https:\/\/wp.me\/p5Z6wp-7mA","jetpack-related-posts":[{"id":28252,"url":"https:\/\/www.shqiperia.com\/blog\/arta-vorpsi-nuk-njihet-si-anetare-e-re-e-gjykates-kushtetuese\/","url_meta":{"origin":28308,"position":0},"title":"Arta Vorpsi nuk njihet si an\u00ebtare e re e Gjykat\u00ebs Kushtetuese","author":"Kurt Farka","date":"November 18, 2019","format":false,"excerpt":"Zyrtare\/ Gjykata Kushtetuese nuk e njeh Arta Vorpsin. - \u00a0- 15\/11\/19\u00a0 Nga: mapo.al Gjykata Kushtetuese nuk e ka njohur Arta Vorpsin si an\u00ebtare t\u00eb re t\u00eb k\u00ebtij institucioni. N\u00eb reagimin e publikuar mesdit\u00ebn e sotme n\u00eb faqen zyrtare, vihet theksi te fillimi i detyr\u00ebs p\u00ebr tre an\u00ebtar\u00ebt e betuar para\u2026","rel":"","context":"In &quot;Blogu i Udh\u00ebtarit&quot;","block_context":{"text":"Blogu i Udh\u00ebtarit","link":"https:\/\/www.shqiperia.com\/blog\/category\/blogu-i-udhetarit\/"},"img":{"alt_text":"","src":"https:\/\/i0.wp.com\/www.shqiperia.com\/blog\/wp-content\/uploads\/2019\/11\/arta-1170x650.png?fit=1170%2C650&ssl=1&resize=350%2C200","width":350,"height":200,"srcset":"https:\/\/i0.wp.com\/www.shqiperia.com\/blog\/wp-content\/uploads\/2019\/11\/arta-1170x650.png?fit=1170%2C650&ssl=1&resize=350%2C200 1x, https:\/\/i0.wp.com\/www.shqiperia.com\/blog\/wp-content\/uploads\/2019\/11\/arta-1170x650.png?fit=1170%2C650&ssl=1&resize=525%2C300 1.5x, https:\/\/i0.wp.com\/www.shqiperia.com\/blog\/wp-content\/uploads\/2019\/11\/arta-1170x650.png?fit=1170%2C650&ssl=1&resize=700%2C400 2x, https:\/\/i0.wp.com\/www.shqiperia.com\/blog\/wp-content\/uploads\/2019\/11\/arta-1170x650.png?fit=1170%2C650&ssl=1&resize=1050%2C600 3x"},"classes":[]},{"id":28249,"url":"https:\/\/www.shqiperia.com\/blog\/shqiperia-hyn-ne-nje-kaos-te-ri-kushtetues\/","url_meta":{"origin":28308,"position":1},"title":"Shqip\u00ebria hyn n\u00eb nj\u00eb kaos t\u00eb ri kushtetues. &#8211;","author":"Kurt Farka","date":"November 18, 2019","format":false,"excerpt":"Shqip\u00ebria hyn n\u00eb nj\u00eb kaos t\u00eb ri kushtetues. 16 nentor 2019 Nga Gjergj Erebara Shqip\u00ebria hyri n\u00eb nj\u00eb kaos t\u00eb ri kushtetues pasi parlamenti akuzoi p\u00ebrmes nj\u00eb rezolute presidentin se ka shkelur kushtetut\u00ebn nd\u00ebrsa ky i fundit akuzoi qeverin\u00eb e kryeministrit Edi Rama se po p\u00ebrpiqet t\u00eb kap\u00eb Gjykat\u00ebn Kushtetuese\u2026","rel":"","context":"In &quot;Blogu i Udh\u00ebtarit&quot;","block_context":{"text":"Blogu i Udh\u00ebtarit","link":"https:\/\/www.shqiperia.com\/blog\/category\/blogu-i-udhetarit\/"},"img":{"alt_text":"","src":"https:\/\/i0.wp.com\/www.shqiperia.com\/blog\/wp-content\/uploads\/2019\/11\/Rama-Meta1-960x600-1-905x450.jpg?fit=905%2C450&ssl=1&resize=350%2C200","width":350,"height":200,"srcset":"https:\/\/i0.wp.com\/www.shqiperia.com\/blog\/wp-content\/uploads\/2019\/11\/Rama-Meta1-960x600-1-905x450.jpg?fit=905%2C450&ssl=1&resize=350%2C200 1x, https:\/\/i0.wp.com\/www.shqiperia.com\/blog\/wp-content\/uploads\/2019\/11\/Rama-Meta1-960x600-1-905x450.jpg?fit=905%2C450&ssl=1&resize=525%2C300 1.5x, https:\/\/i0.wp.com\/www.shqiperia.com\/blog\/wp-content\/uploads\/2019\/11\/Rama-Meta1-960x600-1-905x450.jpg?fit=905%2C450&ssl=1&resize=700%2C400 2x"},"classes":[]},{"id":35071,"url":"https:\/\/www.shqiperia.com\/blog\/zgjedhja-e-xhaferllarit-ne-gjykaten-kushtetuese-presidenti-meta-publikon-sms-te-e-diplomatit-te-huaj-per-ramen\/","url_meta":{"origin":28308,"position":2},"title":"Zgjedhja e Xhaferllarit n\u00eb Gjykat\u00ebn Kushtetuese\/ Presidenti Meta publikon SMS-t\u00eb e diplomatit t\u00eb huaj p\u00ebr Ram\u00ebn","author":"Kurt Farka","date":"May 26, 2020","format":false,"excerpt":"Zgjedhja e Xhaferllarit n\u00eb Gjykat\u00ebn Kushtetuese\/ Presidenti Meta publikon SMS-t\u00eb e diplomatit t\u00eb huaj p\u00ebr Ram\u00ebn 25 maji 2020 Presidenti i Republik\u00ebs, Ilir Meta ka publikuar mesazhin e nj\u00eb diplomati n\u00eb Tiran\u00eb n\u00eb periudh\u00ebn kur zgjidheshin an\u00ebtar\u00ebt e rinj t\u00eb Gjykat\u00ebs Kushtetuese. Sipas mesazhit t\u00eb publikuar nga Presidenti n\u00eb \u201cOpinion\u201d\u2026","rel":"","context":"In &quot;Blogu i Udh\u00ebtarit&quot;","block_context":{"text":"Blogu i Udh\u00ebtarit","link":"https:\/\/www.shqiperia.com\/blog\/category\/blogu-i-udhetarit\/"},"img":{"alt_text":"","src":"https:\/\/i0.wp.com\/www.shqiperia.com\/blog\/wp-content\/uploads\/2020\/05\/meta.jpg?fit=591%2C265&ssl=1&resize=350%2C200","width":350,"height":200,"srcset":"https:\/\/i0.wp.com\/www.shqiperia.com\/blog\/wp-content\/uploads\/2020\/05\/meta.jpg?fit=591%2C265&ssl=1&resize=350%2C200 1x, https:\/\/i0.wp.com\/www.shqiperia.com\/blog\/wp-content\/uploads\/2020\/05\/meta.jpg?fit=591%2C265&ssl=1&resize=525%2C300 1.5x"},"classes":[]},{"id":42471,"url":"https:\/\/www.shqiperia.com\/blog\/gjykata-kushtetuese-jep-njoftimin-e-pare-ne-janar-nis-shqyrtimi-i-padive-ne-liste-zgjedhjet-e-30-qershorit-2019-dhe-shembja-e-teatrit-kombetar\/","url_meta":{"origin":28308,"position":3},"title":"Gjykata Kushtetuese jep njoftimin e par\u00eb: N\u00eb janar nis shqyrtimi i padive, n\u00eb list\u00eb zgjedhjet e 30 qershorit 2019 dhe shembja e Teatrit Komb\u00ebtar.","author":"Kurt Farka","date":"December 30, 2020","format":false,"excerpt":"Gjykata Kushtetuese jep njoftimin e par\u00eb: N\u00eb janar nis shqyrtimi i padive, n\u00eb list\u00eb zgjedhjet e 30 qershorit 2019 dhe shembja e Teatrit Komb\u00ebtar. 29 dhjetor 2020 Gjykata Kushtetuese ka njoftuar sot se duke filluar nga muaji i ardhsh\u00ebm do t\u00eb nis\u00eb shqyrtimi i k\u00ebrkesave, disa prej t\u00eb cilave presin\u2026","rel":"","context":"In &quot;Blogu i Udh\u00ebtarit&quot;","block_context":{"text":"Blogu i Udh\u00ebtarit","link":"https:\/\/www.shqiperia.com\/blog\/category\/blogu-i-udhetarit\/"},"img":{"alt_text":"","src":"https:\/\/i0.wp.com\/www.shqiperia.com\/blog\/wp-content\/uploads\/2020\/12\/1609253735_Screenshot1-905x450-1.jpg?fit=780%2C403&ssl=1&resize=350%2C200","width":350,"height":200,"srcset":"https:\/\/i0.wp.com\/www.shqiperia.com\/blog\/wp-content\/uploads\/2020\/12\/1609253735_Screenshot1-905x450-1.jpg?fit=780%2C403&ssl=1&resize=350%2C200 1x, https:\/\/i0.wp.com\/www.shqiperia.com\/blog\/wp-content\/uploads\/2020\/12\/1609253735_Screenshot1-905x450-1.jpg?fit=780%2C403&ssl=1&resize=525%2C300 1.5x, https:\/\/i0.wp.com\/www.shqiperia.com\/blog\/wp-content\/uploads\/2020\/12\/1609253735_Screenshot1-905x450-1.jpg?fit=780%2C403&ssl=1&resize=700%2C400 2x"},"classes":[]},{"id":97445,"url":"https:\/\/www.shqiperia.com\/blog\/anetare-te-kushtetueses-jane-blere-nga-politika-4-jane-ne-lupen-e-nderkombetareve-llabanispak-ka-leshuar-urdher\/","url_meta":{"origin":28308,"position":4},"title":"\u201cAn\u00ebtar\u00eb t\u00eb Kushtetueses jan\u00eb bler\u00eb nga politika, 4 jan\u00eb n\u00eb \u2018lup\u00ebn e nd\u00ebrkomb\u00ebtareve\u201d\/ Llabani:SPAK ka l\u00ebshuar urdh\u00ebr..","author":"Kurt Farka","date":"February 6, 2026","format":false,"excerpt":"6 Shkurt 2026 Gazetarja Anduena Llabani n\u00eb nj\u00eb intervist\u00eb televizive, deklaroi se kat\u00ebr an\u00ebtar\u00eb t\u00eb Gjykat\u00ebs Kushtetuese jan\u00eb n\u00eb lup\u00ebn e nd\u00ebrkomb\u00ebtar\u00ebve por edhe t\u00eb SPAK. Gjithashtu ajo theksoi se kryeprokurori Klodian Braho ka l\u00ebshuar nj\u00eb urdh\u00ebr p\u00ebr survejimin e nj\u00eb prej an\u00ebtar\u00ebve t\u00eb Gjykat\u00ebs Kushtetuese. \u201cAn\u00ebtar\u00eb t\u00eb Kushtetueses jan\u00eb\u2026","rel":"","context":"In &quot;Blogu i Udh\u00ebtarit&quot;","block_context":{"text":"Blogu i Udh\u00ebtarit","link":"https:\/\/www.shqiperia.com\/blog\/category\/blogu-i-udhetarit\/"},"img":{"alt_text":"","src":"https:\/\/i0.wp.com\/www.shqiperia.com\/blog\/wp-content\/uploads\/2026\/02\/Gjykata-Kushtetuese-1.jpg?fit=700%2C467&ssl=1&resize=350%2C200","width":350,"height":200,"srcset":"https:\/\/i0.wp.com\/www.shqiperia.com\/blog\/wp-content\/uploads\/2026\/02\/Gjykata-Kushtetuese-1.jpg?fit=700%2C467&ssl=1&resize=350%2C200 1x, https:\/\/i0.wp.com\/www.shqiperia.com\/blog\/wp-content\/uploads\/2026\/02\/Gjykata-Kushtetuese-1.jpg?fit=700%2C467&ssl=1&resize=525%2C300 1.5x, https:\/\/i0.wp.com\/www.shqiperia.com\/blog\/wp-content\/uploads\/2026\/02\/Gjykata-Kushtetuese-1.jpg?fit=700%2C467&ssl=1&resize=700%2C400 2x"},"classes":[]},{"id":95128,"url":"https:\/\/www.shqiperia.com\/blog\/neser-betohet-anetari-i-ri-kushtetueses-i-hapet-rruga-zgjedhjes-se-kryetarit-te-ri\/","url_meta":{"origin":28308,"position":5},"title":"Nes\u00ebr betohet an\u00ebtari i ri Kushtetueses, i hapet rruga zgjedhjes s\u00eb kryetarit t\u00eb ri","author":"Kurt Farka","date":"November 24, 2025","format":false,"excerpt":"24 Nentor 2025 Presidenti i Republik\u00ebs ka thirrur nes\u00ebr n\u00eb or\u00ebn 10 gjyqtarin Asim Vokshi, t\u00eb betohet si an\u00ebtar i Gjykat\u00ebs Kushtetuese. N\u00eb k\u00ebt\u00eb m\u00ebnyr\u00eb, merr fund \u2018odiseja\u2019 p\u00ebr gjyqtarin q\u00eb do t\u00eb z\u00ebvend\u00ebsoj\u00eb Holta Zacajn, mandati i s\u00eb cil\u00ebs ka mbaruar q\u00eb n\u00eb muajin prill. Gjykata e Lart\u00eb shpalli\u2026","rel":"","context":"In &quot;Blogu i Udh\u00ebtarit&quot;","block_context":{"text":"Blogu i Udh\u00ebtarit","link":"https:\/\/www.shqiperia.com\/blog\/category\/blogu-i-udhetarit\/"},"img":{"alt_text":"","src":"https:\/\/i0.wp.com\/www.shqiperia.com\/blog\/wp-content\/uploads\/2025\/11\/zacaj-vokshi.jpg?fit=780%2C440&ssl=1&resize=350%2C200","width":350,"height":200,"srcset":"https:\/\/i0.wp.com\/www.shqiperia.com\/blog\/wp-content\/uploads\/2025\/11\/zacaj-vokshi.jpg?fit=780%2C440&ssl=1&resize=350%2C200 1x, https:\/\/i0.wp.com\/www.shqiperia.com\/blog\/wp-content\/uploads\/2025\/11\/zacaj-vokshi.jpg?fit=780%2C440&ssl=1&resize=525%2C300 1.5x, https:\/\/i0.wp.com\/www.shqiperia.com\/blog\/wp-content\/uploads\/2025\/11\/zacaj-vokshi.jpg?fit=780%2C440&ssl=1&resize=700%2C400 2x"},"classes":[]}],"_links":{"self":[{"href":"https:\/\/www.shqiperia.com\/blog\/wp-json\/wp\/v2\/posts\/28308","targetHints":{"allow":["GET"]}}],"collection":[{"href":"https:\/\/www.shqiperia.com\/blog\/wp-json\/wp\/v2\/posts"}],"about":[{"href":"https:\/\/www.shqiperia.com\/blog\/wp-json\/wp\/v2\/types\/post"}],"author":[{"embeddable":true,"href":"https:\/\/www.shqiperia.com\/blog\/wp-json\/wp\/v2\/users\/9"}],"replies":[{"embeddable":true,"href":"https:\/\/www.shqiperia.com\/blog\/wp-json\/wp\/v2\/comments?post=28308"}],"version-history":[{"count":1,"href":"https:\/\/www.shqiperia.com\/blog\/wp-json\/wp\/v2\/posts\/28308\/revisions"}],"predecessor-version":[{"id":28310,"href":"https:\/\/www.shqiperia.com\/blog\/wp-json\/wp\/v2\/posts\/28308\/revisions\/28310"}],"wp:featuredmedia":[{"embeddable":true,"href":"https:\/\/www.shqiperia.com\/blog\/wp-json\/wp\/v2\/media\/28309"}],"wp:attachment":[{"href":"https:\/\/www.shqiperia.com\/blog\/wp-json\/wp\/v2\/media?parent=28308"}],"wp:term":[{"taxonomy":"category","embeddable":true,"href":"https:\/\/www.shqiperia.com\/blog\/wp-json\/wp\/v2\/categories?post=28308"},{"taxonomy":"post_tag","embeddable":true,"href":"https:\/\/www.shqiperia.com\/blog\/wp-json\/wp\/v2\/tags?post=28308"}],"curies":[{"name":"wp","href":"https:\/\/api.w.org\/{rel}","templated":true}]}}