{"id":28301,"date":"2019-11-19T16:50:09","date_gmt":"2019-11-19T16:50:09","guid":{"rendered":"https:\/\/www.shqiperia.com\/blog\/?p=28301"},"modified":"2019-11-19T16:50:09","modified_gmt":"2019-11-19T16:50:09","slug":"prishtina-ne-shok-mediat-serbe-raportojne-per-skandalin-e-edi-rames-me-harta","status":"publish","type":"post","link":"https:\/\/www.shqiperia.com\/blog\/prishtina-ne-shok-mediat-serbe-raportojne-per-skandalin-e-edi-rames-me-harta\/","title":{"rendered":"\u201cPrishtina n\u00eb shok\u201d, mediat serbe raportojn\u00eb p\u00ebr skandalin e Edi Ram\u00ebs me harta. &#8211;"},"content":{"rendered":"<p><img data-recalc-dims=\"1\" loading=\"lazy\" decoding=\"async\" data-attachment-id=\"28302\" data-permalink=\"https:\/\/www.shqiperia.com\/blog\/prishtina-ne-shok-mediat-serbe-raportojne-per-skandalin-e-edi-rames-me-harta\/293169_edi-rama_f-1200x630\/\" data-orig-file=\"https:\/\/i0.wp.com\/www.shqiperia.com\/blog\/wp-content\/uploads\/2019\/11\/293169_edi-rama_f-1200x630.jpg?fit=1200%2C630&amp;ssl=1\" data-orig-size=\"1200,630\" data-comments-opened=\"1\" data-image-meta=\"{&quot;aperture&quot;:&quot;0&quot;,&quot;credit&quot;:&quot;&quot;,&quot;camera&quot;:&quot;&quot;,&quot;caption&quot;:&quot;&quot;,&quot;created_timestamp&quot;:&quot;0&quot;,&quot;copyright&quot;:&quot;&quot;,&quot;focal_length&quot;:&quot;0&quot;,&quot;iso&quot;:&quot;0&quot;,&quot;shutter_speed&quot;:&quot;0&quot;,&quot;title&quot;:&quot;&quot;,&quot;orientation&quot;:&quot;0&quot;}\" data-image-title=\"293169_edi-rama_f-1200&#215;630\" data-image-description=\"\" data-image-caption=\"\" data-medium-file=\"https:\/\/i0.wp.com\/www.shqiperia.com\/blog\/wp-content\/uploads\/2019\/11\/293169_edi-rama_f-1200x630.jpg?fit=300%2C158&amp;ssl=1\" data-large-file=\"https:\/\/i0.wp.com\/www.shqiperia.com\/blog\/wp-content\/uploads\/2019\/11\/293169_edi-rama_f-1200x630.jpg?fit=1024%2C538&amp;ssl=1\" class=\"alignnone  wp-image-28302\" alt=\"\" src=\"https:\/\/i0.wp.com\/www.shqiperia.com\/blog\/wp-content\/uploads\/2019\/11\/293169_edi-rama_f-1200x630.jpg?resize=558%2C294&#038;ssl=1\" width=\"558\" height=\"294\" srcset=\"https:\/\/i0.wp.com\/www.shqiperia.com\/blog\/wp-content\/uploads\/2019\/11\/293169_edi-rama_f-1200x630.jpg?resize=300%2C158&amp;ssl=1 300w, https:\/\/i0.wp.com\/www.shqiperia.com\/blog\/wp-content\/uploads\/2019\/11\/293169_edi-rama_f-1200x630.jpg?resize=768%2C403&amp;ssl=1 768w, https:\/\/i0.wp.com\/www.shqiperia.com\/blog\/wp-content\/uploads\/2019\/11\/293169_edi-rama_f-1200x630.jpg?resize=1024%2C538&amp;ssl=1 1024w, https:\/\/i0.wp.com\/www.shqiperia.com\/blog\/wp-content\/uploads\/2019\/11\/293169_edi-rama_f-1200x630.jpg?resize=450%2C236&amp;ssl=1 450w, https:\/\/i0.wp.com\/www.shqiperia.com\/blog\/wp-content\/uploads\/2019\/11\/293169_edi-rama_f-1200x630.jpg?resize=600%2C315&amp;ssl=1 600w, https:\/\/i0.wp.com\/www.shqiperia.com\/blog\/wp-content\/uploads\/2019\/11\/293169_edi-rama_f-1200x630.jpg?resize=400%2C210&amp;ssl=1 400w, https:\/\/i0.wp.com\/www.shqiperia.com\/blog\/wp-content\/uploads\/2019\/11\/293169_edi-rama_f-1200x630.jpg?resize=1200%2C630&amp;ssl=1 1200w\" sizes=\"auto, (max-width: 558px) 100vw, 558px\" \/><\/p>\n<p><strong>\u201cPrishtina n\u00eb shok\u201d, mediat serbe raportojn\u00eb p\u00ebr skandalin e Edi Ram\u00ebs me harta. &#8211;<\/strong><\/p>\n<p>19.11.2019<\/p>\n<p><strong>Skandali i kryeministrit t\u00eb Shqip\u00ebris\u00eb, Edi Rama, me hart\u00ebn e publikuar n\u00eb faqen e tij n\u00eb t\u00eb cil\u00ebn Kosova paraqitet si pjes\u00eb e Serbis\u00eb, nuk ka kaluar pa u raportuar edhe ne mediat e shteteve fqinje.<\/strong><\/p>\n<p>Si\u00e7 shkruan B92, \u201cKosova \u00ebsht\u00eb n\u00eb shok\u201d, pas nj\u00eb skandali t\u00eb till\u00eb t\u00eb kryeministrit shqiptar\u00eb.<\/p>\n<p><img data-recalc-dims=\"1\" loading=\"lazy\" decoding=\"async\" data-attachment-id=\"28303\" data-permalink=\"https:\/\/www.shqiperia.com\/blog\/prishtina-ne-shok-mediat-serbe-raportojne-per-skandalin-e-edi-rames-me-harta\/b92\/\" data-orig-file=\"https:\/\/i0.wp.com\/www.shqiperia.com\/blog\/wp-content\/uploads\/2019\/11\/B92.png?fit=663%2C630&amp;ssl=1\" data-orig-size=\"663,630\" data-comments-opened=\"1\" data-image-meta=\"{&quot;aperture&quot;:&quot;0&quot;,&quot;credit&quot;:&quot;&quot;,&quot;camera&quot;:&quot;&quot;,&quot;caption&quot;:&quot;&quot;,&quot;created_timestamp&quot;:&quot;0&quot;,&quot;copyright&quot;:&quot;&quot;,&quot;focal_length&quot;:&quot;0&quot;,&quot;iso&quot;:&quot;0&quot;,&quot;shutter_speed&quot;:&quot;0&quot;,&quot;title&quot;:&quot;&quot;,&quot;orientation&quot;:&quot;0&quot;}\" data-image-title=\"B92\" data-image-description=\"\" data-image-caption=\"\" data-medium-file=\"https:\/\/i0.wp.com\/www.shqiperia.com\/blog\/wp-content\/uploads\/2019\/11\/B92.png?fit=300%2C285&amp;ssl=1\" data-large-file=\"https:\/\/i0.wp.com\/www.shqiperia.com\/blog\/wp-content\/uploads\/2019\/11\/B92.png?fit=663%2C630&amp;ssl=1\" class=\"alignnone  wp-image-28303\" alt=\"\" src=\"https:\/\/i0.wp.com\/www.shqiperia.com\/blog\/wp-content\/uploads\/2019\/11\/B92.png?resize=781%2C742&#038;ssl=1\" width=\"781\" height=\"742\" srcset=\"https:\/\/i0.wp.com\/www.shqiperia.com\/blog\/wp-content\/uploads\/2019\/11\/B92.png?resize=300%2C285&amp;ssl=1 300w, https:\/\/i0.wp.com\/www.shqiperia.com\/blog\/wp-content\/uploads\/2019\/11\/B92.png?resize=450%2C428&amp;ssl=1 450w, https:\/\/i0.wp.com\/www.shqiperia.com\/blog\/wp-content\/uploads\/2019\/11\/B92.png?resize=600%2C570&amp;ssl=1 600w, https:\/\/i0.wp.com\/www.shqiperia.com\/blog\/wp-content\/uploads\/2019\/11\/B92.png?resize=400%2C380&amp;ssl=1 400w, https:\/\/i0.wp.com\/www.shqiperia.com\/blog\/wp-content\/uploads\/2019\/11\/B92.png?w=663&amp;ssl=1 663w\" sizes=\"auto, (max-width: 781px) 100vw, 781px\" \/><\/p>\n<p>Lidhur me k\u00ebt\u00eb skandal kan\u00eb ardhur reagime t\u00eb shumta. I pari q\u00eb ka reaguar ka qen\u00eb zyrtari i LDK\u2019s\u00eb, Arben Gashi, i cili ka pyetur Ram\u00ebn se ku \u00ebsht\u00eb Kosova.<\/p>\n<p>\u201cI pa dashtun kryeminist\u00ebr, ku \u00ebsht\u00eb Kosova??\u201d, ka shkruar Gashi n\u00eb faqen e tij zyrtare n\u00eb facebook.<\/p>\n<p>Ka reaguar gjithashtu edhe ish-kryeministri i Shqip\u00ebris\u00eb, Sali Berisha, i cili e ka quajtur nj\u00eb akt flagrant t\u00eb tradhtis\u00eb komb\u00ebtare.<\/p>\n<p>Pas publikimit t\u00eb videos n\u00eb t\u00eb cil\u00ebn fillimisht Kosova shfaqej n\u00eb nj\u00eb hart\u00eb si pjes\u00eb e Serbis\u00eb, n\u00eb faqen e kryeministrit t\u00eb Shqip\u00ebris\u00eb \u00ebsht\u00eb nd\u00ebrdyr\u00eb, duke u p\u00ebrdit\u00ebsuara publikimi me nj\u00eb video t\u00eb re, n\u00eb t\u00eb cil\u00ebn \u00ebsht\u00eb prer\u00eb pjesa ku Kosova shfaqej n\u00eb hart\u00eb brenda Serbis\u00eb.<\/p>\n<p>Nga: Gazeta Ekspres.<\/p>\n","protected":false},"excerpt":{"rendered":"<p>\u201cPrishtina n\u00eb shok\u201d, mediat serbe raportojn\u00eb p\u00ebr skandalin e Edi Ram\u00ebs me harta. &#8211; 19.11.2019 Skandali i kryeministrit t\u00eb Shqip\u00ebris\u00eb, Edi Rama, me hart\u00ebn e publikuar n\u00eb faqen e tij n\u00eb t\u00eb cil\u00ebn Kosova paraqitet si pjes\u00eb e Serbis\u00eb, nuk ka kaluar pa u raportuar edhe ne mediat e shteteve fqinje. Si\u00e7 shkruan B92, \u201cKosova [&hellip;]<\/p>\n","protected":false},"author":9,"featured_media":28302,"comment_status":"open","ping_status":"open","sticky":false,"template":"","format":"standard","meta":{"jetpack_post_was_ever_published":false,"_jetpack_newsletter_access":"","_jetpack_dont_email_post_to_subs":false,"_jetpack_newsletter_tier_id":0,"_jetpack_memberships_contains_paywalled_content":false,"_jetpack_memberships_contains_paid_content":false,"footnotes":"","jetpack_publicize_message":"","jetpack_publicize_feature_enabled":true,"jetpack_social_post_already_shared":true,"jetpack_social_options":{"image_generator_settings":{"template":"highway","default_image_id":0,"font":"","enabled":false},"version":2}},"categories":[27,1,35],"tags":[],"class_list":["post-28301","post","type-post","status-publish","format-standard","has-post-thumbnail","hentry","category-blogu-i-udhetarit","category-njoftime-shtypi","category-shoqerore"],"jetpack_publicize_connections":[],"jetpack_featured_media_url":"https:\/\/i0.wp.com\/www.shqiperia.com\/blog\/wp-content\/uploads\/2019\/11\/293169_edi-rama_f-1200x630.jpg?fit=1200%2C630&ssl=1","jetpack_sharing_enabled":true,"jetpack_shortlink":"https:\/\/wp.me\/p5Z6wp-7mt","jetpack-related-posts":[{"id":102777,"url":"https:\/\/www.shqiperia.com\/blog\/rama-si-enver-hoxha-nuk-flet-per-kosoven\/","url_meta":{"origin":28301,"position":0},"title":"\u201cRama si Enver Hoxha, nuk flet p\u00ebr Kosov\u00ebn\u201d","author":"Kurt Farka","date":"July 16, 2026","format":false,"excerpt":"16 Korrik 2026 Deputeti i \u201cMund\u00ebsia\u201d, Erald Kapri akuzoi kryeministrin Edi Rama p\u00ebr faktin se nuk ka b\u00ebr\u00eb asnj\u00eb reagim n\u00eb lidhje me deklarat\u00ebn skandaloze t\u00eb ministres serbe \u00a0Snezhana Paunovi\u00e7 se do t\u00eb b\u00ebnte spastrim etnik n\u00eb Kosov\u00eb. N\u00eb Kuvend, ai tha se kryeministri po sillet nj\u00ebsoj sikurse Enver Hoxha,\u2026","rel":"","context":"In &quot;Blogu i Udh\u00ebtarit&quot;","block_context":{"text":"Blogu i Udh\u00ebtarit","link":"https:\/\/www.shqiperia.com\/blog\/category\/blogu-i-udhetarit\/"},"img":{"alt_text":"","src":"https:\/\/i0.wp.com\/www.shqiperia.com\/blog\/wp-content\/uploads\/2026\/07\/490749578_4163715850518353_8749168321955968330_n.jpg?fit=640%2C487&ssl=1&resize=350%2C200","width":350,"height":200,"srcset":"https:\/\/i0.wp.com\/www.shqiperia.com\/blog\/wp-content\/uploads\/2026\/07\/490749578_4163715850518353_8749168321955968330_n.jpg?fit=640%2C487&ssl=1&resize=350%2C200 1x, https:\/\/i0.wp.com\/www.shqiperia.com\/blog\/wp-content\/uploads\/2026\/07\/490749578_4163715850518353_8749168321955968330_n.jpg?fit=640%2C487&ssl=1&resize=525%2C300 1.5x"},"classes":[]},{"id":105035,"url":"https:\/\/www.shqiperia.com\/blog\/kosova-e-gatshme-ta-ndihmoje-shqiperine-dhe-malin-e-zi-per-zjarret\/","url_meta":{"origin":28301,"position":1},"title":"Kosova e gatshme ta ndihmoj\u00eb Shqip\u00ebrin\u00eb dhe Malin e Zi p\u00ebr zjarret","author":"Kurt Farka","date":"August 23, 2026","format":false,"excerpt":"23 Gusht 2026 Me dat\u00eb 14 Gusht Ministri i Mbrojtjes i Kosoves ka b\u00ebr\u00eb k\u00ebt\u00eb Deklarat\u00eb: Jemi t\u00eb gatshem te ndihmojme Shqiperin\u00eb dhe Malin e Zi ne shuarjen e flak\u00ebve. Qeveria Shqiptare e Ram\u00ebs nuk pranon, se ka frik\u00eb kritikat per gjendjen katastrofike te pergatitjes per ngjarje t\u00eb tilla do\u00a0\u2026","rel":"","context":"In &quot;Blogu i Udh\u00ebtarit&quot;","block_context":{"text":"Blogu i Udh\u00ebtarit","link":"https:\/\/www.shqiperia.com\/blog\/category\/blogu-i-udhetarit\/"},"img":{"alt_text":"","src":"https:\/\/i0.wp.com\/www.shqiperia.com\/blog\/wp-content\/uploads\/2026\/08\/1471653211751.JPG.832x569_q80_box-071900604_upscale.jpg?fit=832%2C493&ssl=1&resize=350%2C200","width":350,"height":200,"srcset":"https:\/\/i0.wp.com\/www.shqiperia.com\/blog\/wp-content\/uploads\/2026\/08\/1471653211751.JPG.832x569_q80_box-071900604_upscale.jpg?fit=832%2C493&ssl=1&resize=350%2C200 1x, https:\/\/i0.wp.com\/www.shqiperia.com\/blog\/wp-content\/uploads\/2026\/08\/1471653211751.JPG.832x569_q80_box-071900604_upscale.jpg?fit=832%2C493&ssl=1&resize=525%2C300 1.5x, https:\/\/i0.wp.com\/www.shqiperia.com\/blog\/wp-content\/uploads\/2026\/08\/1471653211751.JPG.832x569_q80_box-071900604_upscale.jpg?fit=832%2C493&ssl=1&resize=700%2C400 2x"},"classes":[]},{"id":102279,"url":"https:\/\/www.shqiperia.com\/blog\/protesta-e-te-shtunes-me-arkivolin-e-edi-rames-mesazh-kercenues-me-simbolin-e-rrezimit-te\/","url_meta":{"origin":28301,"position":2},"title":"Protesta e t\u00eb shtun\u00ebs me arkivolin e Edi Ram\u00ebs, mesazh k\u00ebrc\u00ebnues me simbolin e rr\u00ebzimit t\u00eb","author":"Kurt Farka","date":"July 6, 2026","format":false,"excerpt":"6 Korrik 2026 Pasi protestuesit nxor\u00ebn k\u00ebt\u00eb fundjav\u00eb (t\u00eb shtun\u00ebn e 4 korrikut) n\u00eb bulevard arkivolin me mbishkrimin \u201cArkivoli politik i Edi Ram\u00ebs\u201d, kryeministri duket se \u00ebsht\u00eb n\u00eb panik dhe i d\u00ebshp\u00ebruar n\u00eb reagimin e tij t\u00eb par\u00eb mbi ngjarjen.\u00a0 Z. Rama, i cili deri dje i p\u00ebrshkruante protestat si\u2026","rel":"","context":"In &quot;Blogu i Udh\u00ebtarit&quot;","block_context":{"text":"Blogu i Udh\u00ebtarit","link":"https:\/\/www.shqiperia.com\/blog\/category\/blogu-i-udhetarit\/"},"img":{"alt_text":"","src":"https:\/\/i0.wp.com\/www.shqiperia.com\/blog\/wp-content\/uploads\/2026\/07\/foto-4-1-1140x570-1.jpg?fit=1140%2C570&ssl=1&resize=350%2C200","width":350,"height":200,"srcset":"https:\/\/i0.wp.com\/www.shqiperia.com\/blog\/wp-content\/uploads\/2026\/07\/foto-4-1-1140x570-1.jpg?fit=1140%2C570&ssl=1&resize=350%2C200 1x, https:\/\/i0.wp.com\/www.shqiperia.com\/blog\/wp-content\/uploads\/2026\/07\/foto-4-1-1140x570-1.jpg?fit=1140%2C570&ssl=1&resize=525%2C300 1.5x, https:\/\/i0.wp.com\/www.shqiperia.com\/blog\/wp-content\/uploads\/2026\/07\/foto-4-1-1140x570-1.jpg?fit=1140%2C570&ssl=1&resize=700%2C400 2x, https:\/\/i0.wp.com\/www.shqiperia.com\/blog\/wp-content\/uploads\/2026\/07\/foto-4-1-1140x570-1.jpg?fit=1140%2C570&ssl=1&resize=1050%2C600 3x"},"classes":[]},{"id":101766,"url":"https:\/\/www.shqiperia.com\/blog\/kryeministri-edi-rama-i-quan-shqiptaret-e-kosoves-dhe-maqedonise-se-veriut-qe-moren-pjese-ne-protestehordhi-pushtuese\/","url_meta":{"origin":28301,"position":3},"title":"Kryeministri Edi Rama i quan shqiptar\u00ebt e Kosov\u00ebs dhe Maqedonis\u00eb s\u00eb Veriut q\u00eb mor\u00ebn pjes\u00eb n\u00eb protest\u00eb,\u2018Hordhi pushtuese\u2019","author":"Kurt Farka","date":"June 24, 2026","format":false,"excerpt":"Ai shkoi m\u00eb tej duke e cil\u00ebsuar p\u00ebrdorimin e flamurit t\u00eb U\u00c7K-s\u00eb n\u00eb protest\u00eb si \u201cp\u00ebrdhosje\u201d, duke e paraqitur at\u00eb jo si simbol komb\u00ebtar apo politik, por si instrument urrejtjeje kund\u00ebr qeveris\u00eb s\u00eb Tiran\u00ebs. Ai p\u00ebrdori vazhdimisht terma p\u00ebr\u00e7mues p\u00ebr aktivist\u00ebt e lidhur me Vet\u00ebvendosjen, edhe pse n\u00eb fund ai\u2026","rel":"","context":"In &quot;Blogu i Udh\u00ebtarit&quot;","block_context":{"text":"Blogu i Udh\u00ebtarit","link":"https:\/\/www.shqiperia.com\/blog\/category\/blogu-i-udhetarit\/"},"img":{"alt_text":"","src":"https:\/\/i0.wp.com\/www.shqiperia.com\/blog\/wp-content\/uploads\/2026\/06\/Edi-Rama2-1440x960-1.jpg?fit=1200%2C800&ssl=1&resize=350%2C200","width":350,"height":200,"srcset":"https:\/\/i0.wp.com\/www.shqiperia.com\/blog\/wp-content\/uploads\/2026\/06\/Edi-Rama2-1440x960-1.jpg?fit=1200%2C800&ssl=1&resize=350%2C200 1x, https:\/\/i0.wp.com\/www.shqiperia.com\/blog\/wp-content\/uploads\/2026\/06\/Edi-Rama2-1440x960-1.jpg?fit=1200%2C800&ssl=1&resize=525%2C300 1.5x, https:\/\/i0.wp.com\/www.shqiperia.com\/blog\/wp-content\/uploads\/2026\/06\/Edi-Rama2-1440x960-1.jpg?fit=1200%2C800&ssl=1&resize=700%2C400 2x, https:\/\/i0.wp.com\/www.shqiperia.com\/blog\/wp-content\/uploads\/2026\/06\/Edi-Rama2-1440x960-1.jpg?fit=1200%2C800&ssl=1&resize=1050%2C600 3x"},"classes":[]},{"id":102331,"url":"https:\/\/www.shqiperia.com\/blog\/media-belge-pas-imazhit-reformator-te-rames-fshihet-politikani-i-akuzuar-per-korrupsion\/","url_meta":{"origin":28301,"position":4},"title":"Media belge: &#8211; Pas imazhit reformator t\u00eb Ram\u00ebs fshihet politikani i akuzuar p\u00ebr korrupsion.","author":"Kurt Farka","date":"July 7, 2026","format":false,"excerpt":"7 Korrik 2026 Transmetuesi publik belg \u201cVRT\u201d i ka kushtuar nj\u00eb artikull t\u00eb gjat\u00eb kryeministrit Edi Rama, q\u00eb nga nisja e karrier\u00ebs s\u00eb tij politike. Kjo media i ka p\u00ebrgatitur nj\u00eb profil t\u00eb plot\u00eb ku p\u00ebrfshihet edhe periudha kur Rama drejtonte Bashkin\u00eb e Tiran\u00ebs dhe po ashtu profesionit t\u00eb kryeministrit\u2026","rel":"","context":"In &quot;Blogu i Udh\u00ebtarit&quot;","block_context":{"text":"Blogu i Udh\u00ebtarit","link":"https:\/\/www.shqiperia.com\/blog\/category\/blogu-i-udhetarit\/"},"img":{"alt_text":"","src":"https:\/\/i0.wp.com\/www.shqiperia.com\/blog\/wp-content\/uploads\/2026\/07\/Edi-Rama-protesta1-1140x570-1.jpg?fit=1045%2C570&ssl=1&resize=350%2C200","width":350,"height":200,"srcset":"https:\/\/i0.wp.com\/www.shqiperia.com\/blog\/wp-content\/uploads\/2026\/07\/Edi-Rama-protesta1-1140x570-1.jpg?fit=1045%2C570&ssl=1&resize=350%2C200 1x, https:\/\/i0.wp.com\/www.shqiperia.com\/blog\/wp-content\/uploads\/2026\/07\/Edi-Rama-protesta1-1140x570-1.jpg?fit=1045%2C570&ssl=1&resize=525%2C300 1.5x, https:\/\/i0.wp.com\/www.shqiperia.com\/blog\/wp-content\/uploads\/2026\/07\/Edi-Rama-protesta1-1140x570-1.jpg?fit=1045%2C570&ssl=1&resize=700%2C400 2x"},"classes":[]},{"id":102355,"url":"https:\/\/www.shqiperia.com\/blog\/parate-e-shqiptareve-per-koncertin-e-kanye-west-nbc-vendimi-i-rames-ndez-revolten-dhe-kerkesat-per-doreheqje\/","url_meta":{"origin":28301,"position":5},"title":"Parat\u00eb e shqiptar\u00ebve p\u00ebr koncertin e Kanye West\/ NBC: Vendimi i Ram\u00ebs ndez revolt\u00ebn dhe k\u00ebrkesat p\u00ebr dor\u00ebheqje","author":"Kurt Farka","date":"July 8, 2026","format":false,"excerpt":"8 Korrik 2026 Mediat amerikane i kan\u00eb kushtuar v\u00ebmendje vendimit t\u00eb qeveris\u00eb shqiptare p\u00ebr financimin me 4 milion\u00eb euro t\u00eb koncertit t\u00eb reperit amerikan Kanye West n\u00eb Tiran\u00eb. N\u00eb artikullin e saj, NBC News raporton se artisti, i njohur edhe si Ye, \u00ebsht\u00eb ndaluar t\u00eb performoj\u00eb n\u00eb disa vende evropiane\u2026","rel":"","context":"In &quot;Blogu i Udh\u00ebtarit&quot;","block_context":{"text":"Blogu i Udh\u00ebtarit","link":"https:\/\/www.shqiperia.com\/blog\/category\/blogu-i-udhetarit\/"},"img":{"alt_text":"","src":"https:\/\/i0.wp.com\/www.shqiperia.com\/blog\/wp-content\/uploads\/2026\/07\/wmremove-transformed-57-900x570-1.jpeg?fit=900%2C570&ssl=1&resize=350%2C200","width":350,"height":200,"srcset":"https:\/\/i0.wp.com\/www.shqiperia.com\/blog\/wp-content\/uploads\/2026\/07\/wmremove-transformed-57-900x570-1.jpeg?fit=900%2C570&ssl=1&resize=350%2C200 1x, https:\/\/i0.wp.com\/www.shqiperia.com\/blog\/wp-content\/uploads\/2026\/07\/wmremove-transformed-57-900x570-1.jpeg?fit=900%2C570&ssl=1&resize=525%2C300 1.5x, https:\/\/i0.wp.com\/www.shqiperia.com\/blog\/wp-content\/uploads\/2026\/07\/wmremove-transformed-57-900x570-1.jpeg?fit=900%2C570&ssl=1&resize=700%2C400 2x"},"classes":[]}],"_links":{"self":[{"href":"https:\/\/www.shqiperia.com\/blog\/wp-json\/wp\/v2\/posts\/28301","targetHints":{"allow":["GET"]}}],"collection":[{"href":"https:\/\/www.shqiperia.com\/blog\/wp-json\/wp\/v2\/posts"}],"about":[{"href":"https:\/\/www.shqiperia.com\/blog\/wp-json\/wp\/v2\/types\/post"}],"author":[{"embeddable":true,"href":"https:\/\/www.shqiperia.com\/blog\/wp-json\/wp\/v2\/users\/9"}],"replies":[{"embeddable":true,"href":"https:\/\/www.shqiperia.com\/blog\/wp-json\/wp\/v2\/comments?post=28301"}],"version-history":[{"count":1,"href":"https:\/\/www.shqiperia.com\/blog\/wp-json\/wp\/v2\/posts\/28301\/revisions"}],"predecessor-version":[{"id":28304,"href":"https:\/\/www.shqiperia.com\/blog\/wp-json\/wp\/v2\/posts\/28301\/revisions\/28304"}],"wp:featuredmedia":[{"embeddable":true,"href":"https:\/\/www.shqiperia.com\/blog\/wp-json\/wp\/v2\/media\/28302"}],"wp:attachment":[{"href":"https:\/\/www.shqiperia.com\/blog\/wp-json\/wp\/v2\/media?parent=28301"}],"wp:term":[{"taxonomy":"category","embeddable":true,"href":"https:\/\/www.shqiperia.com\/blog\/wp-json\/wp\/v2\/categories?post=28301"},{"taxonomy":"post_tag","embeddable":true,"href":"https:\/\/www.shqiperia.com\/blog\/wp-json\/wp\/v2\/tags?post=28301"}],"curies":[{"name":"wp","href":"https:\/\/api.w.org\/{rel}","templated":true}]}}