{"id":28294,"date":"2019-11-19T15:16:32","date_gmt":"2019-11-19T15:16:32","guid":{"rendered":"https:\/\/www.shqiperia.com\/blog\/?p=28294"},"modified":"2019-11-19T15:33:07","modified_gmt":"2019-11-19T15:33:07","slug":"rama-shokon-publikon-harten-ku-kosova-eshte-e-serbise-foto","status":"publish","type":"post","link":"https:\/\/www.shqiperia.com\/blog\/rama-shokon-publikon-harten-ku-kosova-eshte-e-serbise-foto\/","title":{"rendered":"Rama shokon: Publikon hart\u00ebn ku Kosova \u00ebsht\u00eb e Serbis\u00eb (foto)"},"content":{"rendered":"<p><img data-recalc-dims=\"1\" loading=\"lazy\" decoding=\"async\" data-attachment-id=\"28295\" data-permalink=\"https:\/\/www.shqiperia.com\/blog\/rama-shokon-publikon-harten-ku-kosova-eshte-e-serbise-foto\/harta1-304x335\/\" data-orig-file=\"https:\/\/i0.wp.com\/www.shqiperia.com\/blog\/wp-content\/uploads\/2019\/11\/harta1-304x335.jpg?fit=304%2C161&amp;ssl=1\" data-orig-size=\"304,161\" data-comments-opened=\"1\" data-image-meta=\"{&quot;aperture&quot;:&quot;0&quot;,&quot;credit&quot;:&quot;&quot;,&quot;camera&quot;:&quot;&quot;,&quot;caption&quot;:&quot;&quot;,&quot;created_timestamp&quot;:&quot;0&quot;,&quot;copyright&quot;:&quot;&quot;,&quot;focal_length&quot;:&quot;0&quot;,&quot;iso&quot;:&quot;0&quot;,&quot;shutter_speed&quot;:&quot;0&quot;,&quot;title&quot;:&quot;&quot;,&quot;orientation&quot;:&quot;0&quot;}\" data-image-title=\"harta1-304&#215;335\" data-image-description=\"\" data-image-caption=\"\" data-medium-file=\"https:\/\/i0.wp.com\/www.shqiperia.com\/blog\/wp-content\/uploads\/2019\/11\/harta1-304x335.jpg?fit=300%2C159&amp;ssl=1\" data-large-file=\"https:\/\/i0.wp.com\/www.shqiperia.com\/blog\/wp-content\/uploads\/2019\/11\/harta1-304x335.jpg?fit=304%2C161&amp;ssl=1\" class=\"alignnone wp-image-28295\" alt=\"\" src=\"https:\/\/i0.wp.com\/www.shqiperia.com\/blog\/wp-content\/uploads\/2019\/11\/harta1-304x335.jpg?resize=590%2C313&#038;ssl=1\" width=\"590\" height=\"313\" srcset=\"https:\/\/i0.wp.com\/www.shqiperia.com\/blog\/wp-content\/uploads\/2019\/11\/harta1-304x335.jpg?resize=300%2C159&amp;ssl=1 300w, https:\/\/i0.wp.com\/www.shqiperia.com\/blog\/wp-content\/uploads\/2019\/11\/harta1-304x335.jpg?resize=304%2C335&amp;ssl=1 304w\" sizes=\"auto, (max-width: 590px) 100vw, 590px\" \/><\/p>\n<p>Rama shokon: Publikon hart\u00ebn ku Kosova \u00ebsht\u00eb e Serbis\u00eb (foto)<\/p>\n<p>19, 11.2019<\/p>\n<p>Nga\u00a0<a href=\"https:\/\/27.al\/author\/27al\/\"><strong>27.al<\/strong><\/a><\/p>\n<p><img data-recalc-dims=\"1\" loading=\"lazy\" decoding=\"async\" data-attachment-id=\"28299\" data-permalink=\"https:\/\/www.shqiperia.com\/blog\/rama-shokon-publikon-harten-ku-kosova-eshte-e-serbise-foto\/77103162_3683532454994106_2637730022827229184_n\/\" data-orig-file=\"https:\/\/i0.wp.com\/www.shqiperia.com\/blog\/wp-content\/uploads\/2019\/11\/77103162_3683532454994106_2637730022827229184_n.jpg?fit=960%2C686&amp;ssl=1\" data-orig-size=\"960,686\" data-comments-opened=\"1\" data-image-meta=\"{&quot;aperture&quot;:&quot;0&quot;,&quot;credit&quot;:&quot;&quot;,&quot;camera&quot;:&quot;&quot;,&quot;caption&quot;:&quot;&quot;,&quot;created_timestamp&quot;:&quot;0&quot;,&quot;copyright&quot;:&quot;&quot;,&quot;focal_length&quot;:&quot;0&quot;,&quot;iso&quot;:&quot;0&quot;,&quot;shutter_speed&quot;:&quot;0&quot;,&quot;title&quot;:&quot;&quot;,&quot;orientation&quot;:&quot;0&quot;}\" data-image-title=\"77103162_3683532454994106_2637730022827229184_n\" data-image-description=\"\" data-image-caption=\"\" data-medium-file=\"https:\/\/i0.wp.com\/www.shqiperia.com\/blog\/wp-content\/uploads\/2019\/11\/77103162_3683532454994106_2637730022827229184_n.jpg?fit=300%2C214&amp;ssl=1\" data-large-file=\"https:\/\/i0.wp.com\/www.shqiperia.com\/blog\/wp-content\/uploads\/2019\/11\/77103162_3683532454994106_2637730022827229184_n.jpg?fit=960%2C686&amp;ssl=1\" class=\"alignnone  wp-image-28299\" alt=\"\" src=\"https:\/\/i0.wp.com\/www.shqiperia.com\/blog\/wp-content\/uploads\/2019\/11\/77103162_3683532454994106_2637730022827229184_n.jpg?resize=820%2C585&#038;ssl=1\" width=\"820\" height=\"585\" srcset=\"https:\/\/i0.wp.com\/www.shqiperia.com\/blog\/wp-content\/uploads\/2019\/11\/77103162_3683532454994106_2637730022827229184_n.jpg?resize=300%2C214&amp;ssl=1 300w, https:\/\/i0.wp.com\/www.shqiperia.com\/blog\/wp-content\/uploads\/2019\/11\/77103162_3683532454994106_2637730022827229184_n.jpg?resize=768%2C549&amp;ssl=1 768w, https:\/\/i0.wp.com\/www.shqiperia.com\/blog\/wp-content\/uploads\/2019\/11\/77103162_3683532454994106_2637730022827229184_n.jpg?resize=450%2C322&amp;ssl=1 450w, https:\/\/i0.wp.com\/www.shqiperia.com\/blog\/wp-content\/uploads\/2019\/11\/77103162_3683532454994106_2637730022827229184_n.jpg?resize=600%2C429&amp;ssl=1 600w, https:\/\/i0.wp.com\/www.shqiperia.com\/blog\/wp-content\/uploads\/2019\/11\/77103162_3683532454994106_2637730022827229184_n.jpg?resize=400%2C286&amp;ssl=1 400w, https:\/\/i0.wp.com\/www.shqiperia.com\/blog\/wp-content\/uploads\/2019\/11\/77103162_3683532454994106_2637730022827229184_n.jpg?w=960&amp;ssl=1 960w\" sizes=\"auto, (max-width: 820px) 100vw, 820px\" \/><\/p>\n<p>Sikur t\u00eb mos mjaftonte Mini-Shengeni, kryeministri Edi Rama ka shkaktuar nj\u00eb tjet\u00ebr \u201ct\u00ebrmet\u201d n\u00eb Kosov\u00eb.<\/p>\n<p>Gazeta m\u00eb e madhe n\u00eb Kosov\u00eb, \u201cExpress\u201d shkruan se Kryeministri i Republik\u00ebs s\u00eb Shqip\u00ebris\u00eb, Edi Rama, sapo ka publikuar nj\u00eb hart\u00eb, n\u00eb t\u00eb cil\u00ebn Republika e Kosov\u00ebs figuron brenda territorit t\u00eb Serbis\u00eb.<\/p>\n<p><img data-recalc-dims=\"1\" loading=\"lazy\" decoding=\"async\" data-attachment-id=\"28297\" data-permalink=\"https:\/\/www.shqiperia.com\/blog\/rama-shokon-publikon-harten-ku-kosova-eshte-e-serbise-foto\/harta1-304x335-copy-2\/\" data-orig-file=\"https:\/\/i0.wp.com\/www.shqiperia.com\/blog\/wp-content\/uploads\/2019\/11\/harta1-304x335-Copy-1.jpg?fit=304%2C335&amp;ssl=1\" data-orig-size=\"304,335\" data-comments-opened=\"1\" data-image-meta=\"{&quot;aperture&quot;:&quot;0&quot;,&quot;credit&quot;:&quot;&quot;,&quot;camera&quot;:&quot;&quot;,&quot;caption&quot;:&quot;&quot;,&quot;created_timestamp&quot;:&quot;0&quot;,&quot;copyright&quot;:&quot;&quot;,&quot;focal_length&quot;:&quot;0&quot;,&quot;iso&quot;:&quot;0&quot;,&quot;shutter_speed&quot;:&quot;0&quot;,&quot;title&quot;:&quot;&quot;,&quot;orientation&quot;:&quot;0&quot;}\" data-image-title=\"harta1-304&#215;335 &#8211; Copy\" data-image-description=\"\" data-image-caption=\"\" data-medium-file=\"https:\/\/i0.wp.com\/www.shqiperia.com\/blog\/wp-content\/uploads\/2019\/11\/harta1-304x335-Copy-1.jpg?fit=272%2C300&amp;ssl=1\" data-large-file=\"https:\/\/i0.wp.com\/www.shqiperia.com\/blog\/wp-content\/uploads\/2019\/11\/harta1-304x335-Copy-1.jpg?fit=304%2C335&amp;ssl=1\" class=\"alignnone wp-image-28297\" alt=\"\" src=\"https:\/\/i0.wp.com\/www.shqiperia.com\/blog\/wp-content\/uploads\/2019\/11\/harta1-304x335-Copy-1.jpg?resize=515%2C568&#038;ssl=1\" width=\"515\" height=\"568\" srcset=\"https:\/\/i0.wp.com\/www.shqiperia.com\/blog\/wp-content\/uploads\/2019\/11\/harta1-304x335-Copy-1.jpg?resize=272%2C300&amp;ssl=1 272w, https:\/\/i0.wp.com\/www.shqiperia.com\/blog\/wp-content\/uploads\/2019\/11\/harta1-304x335-Copy-1.jpg?w=304&amp;ssl=1 304w\" sizes=\"auto, (max-width: 515px) 100vw, 515px\" \/><\/p>\n<p><strong>Shkrimi i gazet\u00ebs\u00a0<\/strong>\u201c<a href=\"http:\/\/gazetaexpress.com\/\"><strong>Express<\/strong><\/a>\u201c:<\/p>\n<p>Duke iu uruar mir\u00ebm\u00ebngjesi ndjek\u00ebsve t\u00eb tij n\u00eb facebook me nj\u00eb fytyr\u00eb t\u00eb zg\u00ebrdhir\u00eb, Rama ka treguar hart\u00ebn e \u201cinvestimeve p\u00ebr sigurimin e furnizimit 24 or\u00eb me uj\u00eb n\u00eb zonat rurale t\u00eb vendit nga veriu n\u00eb jug\u201d t\u00eb Shqip\u00ebris\u00eb n\u00eb kuad\u00ebr t\u00eb nj\u00eb videoje q\u00eb e ka shp\u00ebrndar\u00eb disa or\u00eb m\u00eb par\u00eb. Por, ajo q\u00eb shqet\u00ebson, si\u00e7 mund ta vini re, \u00ebsht\u00eb se territori i Republik\u00ebs s\u00eb Kosov\u00ebs \u00ebsht\u00eb l\u00ebn\u00eb brenda Serbis\u00eb.<\/p>\n","protected":false},"excerpt":{"rendered":"<p>Rama shokon: Publikon hart\u00ebn ku Kosova \u00ebsht\u00eb e Serbis\u00eb (foto) 19, 11.2019 Nga\u00a027.al Sikur t\u00eb mos mjaftonte Mini-Shengeni, kryeministri Edi Rama ka shkaktuar nj\u00eb tjet\u00ebr \u201ct\u00ebrmet\u201d n\u00eb Kosov\u00eb. Gazeta m\u00eb e madhe n\u00eb Kosov\u00eb, \u201cExpress\u201d shkruan se Kryeministri i Republik\u00ebs s\u00eb Shqip\u00ebris\u00eb, Edi Rama, sapo ka publikuar nj\u00eb hart\u00eb, n\u00eb t\u00eb cil\u00ebn Republika e Kosov\u00ebs [&hellip;]<\/p>\n","protected":false},"author":9,"featured_media":28295,"comment_status":"open","ping_status":"open","sticky":false,"template":"","format":"standard","meta":{"jetpack_post_was_ever_published":false,"_jetpack_newsletter_access":"","_jetpack_dont_email_post_to_subs":false,"_jetpack_newsletter_tier_id":0,"_jetpack_memberships_contains_paywalled_content":false,"_jetpack_memberships_contains_paid_content":false,"footnotes":"","jetpack_publicize_message":"","jetpack_publicize_feature_enabled":true,"jetpack_social_post_already_shared":true,"jetpack_social_options":{"image_generator_settings":{"template":"highway","default_image_id":0,"font":"","enabled":false},"version":2}},"categories":[27,1,35],"tags":[],"class_list":["post-28294","post","type-post","status-publish","format-standard","has-post-thumbnail","hentry","category-blogu-i-udhetarit","category-njoftime-shtypi","category-shoqerore"],"jetpack_publicize_connections":[],"jetpack_featured_media_url":"https:\/\/i0.wp.com\/www.shqiperia.com\/blog\/wp-content\/uploads\/2019\/11\/harta1-304x335.jpg?fit=304%2C161&ssl=1","jetpack_sharing_enabled":true,"jetpack_shortlink":"https:\/\/wp.me\/p5Z6wp-7mm","jetpack-related-posts":[{"id":100671,"url":"https:\/\/www.shqiperia.com\/blog\/delegacioni-i-kongresisteve-amerikane-ne-presheve-ka-probleme-reale-mes-shqiptareve-dhe-serbise\/","url_meta":{"origin":28294,"position":0},"title":"Delegacioni i kongresist\u00ebve amerikan\u00eb n\u00eb Preshev\u00eb: Ka probleme reale mes shqiptar\u00ebve dhe Serbis\u00eb","author":"Kurt Farka","date":"May 26, 2026","format":false,"excerpt":"26 Maji 2026 Delegacioni i kongresist\u00ebve amerikan\u00eb, q\u00eb vizitoi Lugin\u00ebn e Preshev\u00ebs t\u00eb mart\u00ebn, theksoi r\u00ebnd\u00ebsin\u00eb e stabilitetit dhe t\u00eb prosperitetit n\u00eb trajtimin e \u00e7\u00ebshtjeve mes shqiptar\u00ebve dhe serb\u00ebve. Keith Self nga radh\u00ebt e republikan\u00ebve dhe Suhas Subramanyam nga radh\u00ebt e demokrat\u00ebve u takuan me zyrtar\u00eb t\u00eb ndrysh\u00ebm, p\u00ebrfshir\u00eb deputetin\u2026","rel":"","context":"In &quot;Njoftime Shtypi&quot;","block_context":{"text":"Njoftime Shtypi","link":"https:\/\/www.shqiperia.com\/blog\/category\/njoftime-shtypi\/"},"img":{"alt_text":"","src":"https:\/\/i0.wp.com\/www.shqiperia.com\/blog\/wp-content\/uploads\/2026\/05\/1779800710_shaipkamberi.jpg?fit=780%2C440&ssl=1&resize=350%2C200","width":350,"height":200,"srcset":"https:\/\/i0.wp.com\/www.shqiperia.com\/blog\/wp-content\/uploads\/2026\/05\/1779800710_shaipkamberi.jpg?fit=780%2C440&ssl=1&resize=350%2C200 1x, https:\/\/i0.wp.com\/www.shqiperia.com\/blog\/wp-content\/uploads\/2026\/05\/1779800710_shaipkamberi.jpg?fit=780%2C440&ssl=1&resize=525%2C300 1.5x, https:\/\/i0.wp.com\/www.shqiperia.com\/blog\/wp-content\/uploads\/2026\/05\/1779800710_shaipkamberi.jpg?fit=780%2C440&ssl=1&resize=700%2C400 2x"},"classes":[]},{"id":105244,"url":"https:\/\/www.shqiperia.com\/blog\/spartak-ngjela-shqiperia-ende-nuk-po-drejtohet-nga-patrotizmi-shqiptar-por-nga-ish-renegatet-shqiptare\/","url_meta":{"origin":28294,"position":1},"title":"Spartak Ngjela: &#8211; Shqip\u00ebria ende nuk po drejtohet nga patrotizmi shqiptar, por nga ish renegatet shqiptar\u00eb","author":"Kurt Farka","date":"August 26, 2026","format":false,"excerpt":"26 Gusht 2026 Spartak Ngjela zb\u00ebrthen prapaskenat e forta dhe nxjerr zbuluar loj\u00ebn e Tiran\u00ebs, ja si frika nga SHBA dhe faktorizimi i shqiptar\u00ebve ka trembur Edi Ram\u00ebn Avokat i njohur, Spartak Ngjela ka zb\u00ebrthyer prapaskenat e forta politike, duke nxjerr\u00eb zbuluar loj\u00ebn e Tiran\u00ebs zyrtare dhe frik\u00ebn e saj\u2026","rel":"","context":"In &quot;Kultura&quot;","block_context":{"text":"Kultura","link":"https:\/\/www.shqiperia.com\/blog\/category\/kultura\/"},"img":{"alt_text":"","src":"https:\/\/i0.wp.com\/www.shqiperia.com\/blog\/wp-content\/uploads\/2026\/08\/ajdss-6a8ea84e2f7cd-1.png?fit=622%2C386&ssl=1&resize=350%2C200","width":350,"height":200,"srcset":"https:\/\/i0.wp.com\/www.shqiperia.com\/blog\/wp-content\/uploads\/2026\/08\/ajdss-6a8ea84e2f7cd-1.png?fit=622%2C386&ssl=1&resize=350%2C200 1x, https:\/\/i0.wp.com\/www.shqiperia.com\/blog\/wp-content\/uploads\/2026\/08\/ajdss-6a8ea84e2f7cd-1.png?fit=622%2C386&ssl=1&resize=525%2C300 1.5x"},"classes":[]},{"id":103192,"url":"https:\/\/www.shqiperia.com\/blog\/vucic-mesazh-ushtareve-te-serbise-kosova-eshte-e-jona-dhe-duhet-mbrojtur\/","url_meta":{"origin":28294,"position":2},"title":"Vu\u00e7i\u00e7 mesazh ushtar\u00ebve t\u00eb Serbis\u00eb: &#8211; Kosova \u00ebsht\u00eb e jona dhe duhet mbrojtur","author":"Kurt Farka","date":"July 25, 2026","format":false,"excerpt":"25 Korrik 2025 Presidenti serb, Aleksand\u00ebr Vu\u00e7i\u00e7, ka p\u00ebrs\u00ebritur edhe nj\u00ebher\u00eb retorik\u00ebn e tij nacionaliste, duke theksuar se Kosova \u00ebsht\u00eb pjes\u00eb e Serbis\u00eb. Nj\u00eb mesazh ky i p\u00ebrcjell\u00eb drejt kadet\u00ebve t\u00eb rinj t\u00eb Forcave t\u00eb Armatosura serbe gjat\u00eb ceremonis\u00eb s\u00eb diplomimit n\u00eb Banjic\u00eb. \u201cKosova \u00ebsht\u00eb pjes\u00eb e atdheut ton\u00eb, pjes\u00eb\u2026","rel":"","context":"In &quot;Blogu i Udh\u00ebtarit&quot;","block_context":{"text":"Blogu i Udh\u00ebtarit","link":"https:\/\/www.shqiperia.com\/blog\/category\/blogu-i-udhetarit\/"},"img":{"alt_text":"","src":"https:\/\/i0.wp.com\/www.shqiperia.com\/blog\/wp-content\/uploads\/2026\/07\/vucic_sd.webp?fit=1200%2C675&ssl=1&resize=350%2C200","width":350,"height":200,"srcset":"https:\/\/i0.wp.com\/www.shqiperia.com\/blog\/wp-content\/uploads\/2026\/07\/vucic_sd.webp?fit=1200%2C675&ssl=1&resize=350%2C200 1x, https:\/\/i0.wp.com\/www.shqiperia.com\/blog\/wp-content\/uploads\/2026\/07\/vucic_sd.webp?fit=1200%2C675&ssl=1&resize=525%2C300 1.5x, https:\/\/i0.wp.com\/www.shqiperia.com\/blog\/wp-content\/uploads\/2026\/07\/vucic_sd.webp?fit=1200%2C675&ssl=1&resize=700%2C400 2x, https:\/\/i0.wp.com\/www.shqiperia.com\/blog\/wp-content\/uploads\/2026\/07\/vucic_sd.webp?fit=1200%2C675&ssl=1&resize=1050%2C600 3x"},"classes":[]},{"id":101125,"url":"https:\/\/www.shqiperia.com\/blog\/3-qershor-rama-publikon-projektin-5-qershor-thote-nuk-ka-projekt-cilin-edi-rama-te-besojme\/","url_meta":{"origin":28294,"position":3},"title":"3 Qershor- Rama Publikon projektin. 5 Qershor, thote nuk ka Projekt. &#8211; Cilin Edi Rama te besojme?","author":"Kurt Farka","date":"June 5, 2026","format":false,"excerpt":"5 Qershor 2026 \u2018Zv\u00ebrneci\u2019- Rama publikon pamjet e 2 projekteve t\u00eb realizuara nga 2 v\u00ebllez\u00ebrit nga Katari: K\u00ebshtu e kuptojn\u00eb zhvillimin n\u00eb harmoni me natyr\u00ebn ata q\u00eb trondit\u00ebn armiqt\u00eb e Shqip\u00ebris\u00eb europiane. (3 Qershor 2026). Kryeministri Edi Rama ka publikuar n\u00eb rrjetet sociale 2 projekte t\u00eb realizuara n\u00eb shtete t\u00eb\u2026","rel":"","context":"In &quot;Arte&quot;","block_context":{"text":"Arte","link":"https:\/\/www.shqiperia.com\/blog\/category\/arte\/"},"img":{"alt_text":"","src":"https:\/\/i0.wp.com\/www.shqiperia.com\/blog\/wp-content\/uploads\/2026\/06\/1780653587_edirama_sd.webp?fit=1200%2C675&ssl=1&resize=350%2C200","width":350,"height":200,"srcset":"https:\/\/i0.wp.com\/www.shqiperia.com\/blog\/wp-content\/uploads\/2026\/06\/1780653587_edirama_sd.webp?fit=1200%2C675&ssl=1&resize=350%2C200 1x, https:\/\/i0.wp.com\/www.shqiperia.com\/blog\/wp-content\/uploads\/2026\/06\/1780653587_edirama_sd.webp?fit=1200%2C675&ssl=1&resize=525%2C300 1.5x, https:\/\/i0.wp.com\/www.shqiperia.com\/blog\/wp-content\/uploads\/2026\/06\/1780653587_edirama_sd.webp?fit=1200%2C675&ssl=1&resize=700%2C400 2x, https:\/\/i0.wp.com\/www.shqiperia.com\/blog\/wp-content\/uploads\/2026\/06\/1780653587_edirama_sd.webp?fit=1200%2C675&ssl=1&resize=1050%2C600 3x"},"classes":[]},{"id":102346,"url":"https:\/\/www.shqiperia.com\/blog\/the-edi-rama-files-organizata-progressive-international-publikon-dosjen-per-kryeministrin-shqiptar-pretendime\/","url_meta":{"origin":28294,"position":4},"title":"\u201cThe Edi Rama Files\u201d\/ Organizata \u201cProgressive International\u201d publikon dosjen p\u00ebr kryeministrin shqiptar: Pretendime\u2026","author":"Kurt Farka","date":"July 7, 2026","format":false,"excerpt":"7 Korrik 2026 Nj\u00eb organizat\u00eb nd\u00ebrkomb\u00ebtare me ndikim n\u00eb qarqet progresiste, Progressive International, ka publikuar dosjen \u201cThe Edi Rama Files\u201c, nj\u00eb material voluminoz q\u00eb p\u00ebrmbledh dokumente, vendime t\u00eb institucioneve shqiptare dhe referenca nga hetimet e SPAK-ut, duke ngritur pretendime se projektet m\u00eb t\u00eb m\u00ebdha t\u00eb zhvillimit n\u00eb Shqip\u00ebri jan\u00eb nd\u00ebrtuar\u2026","rel":"","context":"In &quot;Blogu i Udh\u00ebtarit&quot;","block_context":{"text":"Blogu i Udh\u00ebtarit","link":"https:\/\/www.shqiperia.com\/blog\/category\/blogu-i-udhetarit\/"},"img":{"alt_text":"","src":"https:\/\/i0.wp.com\/www.shqiperia.com\/blog\/wp-content\/uploads\/2026\/07\/Edi-Rama-files-985x570-1.png?fit=985%2C570&ssl=1&resize=350%2C200","width":350,"height":200,"srcset":"https:\/\/i0.wp.com\/www.shqiperia.com\/blog\/wp-content\/uploads\/2026\/07\/Edi-Rama-files-985x570-1.png?fit=985%2C570&ssl=1&resize=350%2C200 1x, https:\/\/i0.wp.com\/www.shqiperia.com\/blog\/wp-content\/uploads\/2026\/07\/Edi-Rama-files-985x570-1.png?fit=985%2C570&ssl=1&resize=525%2C300 1.5x, https:\/\/i0.wp.com\/www.shqiperia.com\/blog\/wp-content\/uploads\/2026\/07\/Edi-Rama-files-985x570-1.png?fit=985%2C570&ssl=1&resize=700%2C400 2x"},"classes":[]},{"id":102851,"url":"https:\/\/www.shqiperia.com\/blog\/protesta-rama-tradhtar-dhe-antishqiptar-gjenocidi-modern-eshte-largimi-i-shqiptareve-nga-vendi\/","url_meta":{"origin":28294,"position":5},"title":"Protesta: &#8211; Rama tradhtar dhe antishqiptar, gjenocidi modern \u00ebsht\u00eb largimi i shqiptar\u00ebve nga vendi","author":"Kurt Farka","date":"July 18, 2026","format":false,"excerpt":"18 Korrik 2026 Nga protesta e p\u00ebrditshme n\u00eb \u2018D\u00ebshmor\u00ebt e Kombit\u2019, nj\u00eb prej fol\u00ebsve ka ngritur akuza t\u00eb forta ndaj Edi Ram\u00ebs dhe ka k\u00ebrkuar reagim t\u00eb fort\u00eb ndaj deklaratave t\u00eb ministres serbe, q\u00eb do t\u00eb spastronte Kosov\u00ebn n\u00ebse do ishte n\u00eb vendin e Milloshevi\u00e7it. Ai u ndal te deklaratat\u2026","rel":"","context":"In &quot;Blogu i Udh\u00ebtarit&quot;","block_context":{"text":"Blogu i Udh\u00ebtarit","link":"https:\/\/www.shqiperia.com\/blog\/category\/blogu-i-udhetarit\/"},"img":{"alt_text":"","src":"https:\/\/i0.wp.com\/www.shqiperia.com\/blog\/wp-content\/uploads\/2026\/07\/727126107_27791819013775577_4523875627734286620_n.jpg?fit=1200%2C867&ssl=1&resize=350%2C200","width":350,"height":200,"srcset":"https:\/\/i0.wp.com\/www.shqiperia.com\/blog\/wp-content\/uploads\/2026\/07\/727126107_27791819013775577_4523875627734286620_n.jpg?fit=1200%2C867&ssl=1&resize=350%2C200 1x, https:\/\/i0.wp.com\/www.shqiperia.com\/blog\/wp-content\/uploads\/2026\/07\/727126107_27791819013775577_4523875627734286620_n.jpg?fit=1200%2C867&ssl=1&resize=525%2C300 1.5x, https:\/\/i0.wp.com\/www.shqiperia.com\/blog\/wp-content\/uploads\/2026\/07\/727126107_27791819013775577_4523875627734286620_n.jpg?fit=1200%2C867&ssl=1&resize=700%2C400 2x, https:\/\/i0.wp.com\/www.shqiperia.com\/blog\/wp-content\/uploads\/2026\/07\/727126107_27791819013775577_4523875627734286620_n.jpg?fit=1200%2C867&ssl=1&resize=1050%2C600 3x"},"classes":[]}],"_links":{"self":[{"href":"https:\/\/www.shqiperia.com\/blog\/wp-json\/wp\/v2\/posts\/28294","targetHints":{"allow":["GET"]}}],"collection":[{"href":"https:\/\/www.shqiperia.com\/blog\/wp-json\/wp\/v2\/posts"}],"about":[{"href":"https:\/\/www.shqiperia.com\/blog\/wp-json\/wp\/v2\/types\/post"}],"author":[{"embeddable":true,"href":"https:\/\/www.shqiperia.com\/blog\/wp-json\/wp\/v2\/users\/9"}],"replies":[{"embeddable":true,"href":"https:\/\/www.shqiperia.com\/blog\/wp-json\/wp\/v2\/comments?post=28294"}],"version-history":[{"count":2,"href":"https:\/\/www.shqiperia.com\/blog\/wp-json\/wp\/v2\/posts\/28294\/revisions"}],"predecessor-version":[{"id":28300,"href":"https:\/\/www.shqiperia.com\/blog\/wp-json\/wp\/v2\/posts\/28294\/revisions\/28300"}],"wp:featuredmedia":[{"embeddable":true,"href":"https:\/\/www.shqiperia.com\/blog\/wp-json\/wp\/v2\/media\/28295"}],"wp:attachment":[{"href":"https:\/\/www.shqiperia.com\/blog\/wp-json\/wp\/v2\/media?parent=28294"}],"wp:term":[{"taxonomy":"category","embeddable":true,"href":"https:\/\/www.shqiperia.com\/blog\/wp-json\/wp\/v2\/categories?post=28294"},{"taxonomy":"post_tag","embeddable":true,"href":"https:\/\/www.shqiperia.com\/blog\/wp-json\/wp\/v2\/tags?post=28294"}],"curies":[{"name":"wp","href":"https:\/\/api.w.org\/{rel}","templated":true}]}}