{"id":28118,"date":"2019-11-15T10:36:06","date_gmt":"2019-11-15T10:36:06","guid":{"rendered":"https:\/\/www.shqiperia.com\/blog\/?p=28118"},"modified":"2019-11-15T10:36:06","modified_gmt":"2019-11-15T10:36:06","slug":"studentet-paralajmerojne-rinisjen-e-protestave-ne-4-dhjetor","status":"publish","type":"post","link":"https:\/\/www.shqiperia.com\/blog\/studentet-paralajmerojne-rinisjen-e-protestave-ne-4-dhjetor\/","title":{"rendered":"Student\u00ebt paralajm\u00ebrojn\u00eb rinisjen e protestave n\u00eb 4 dhjetor"},"content":{"rendered":"<p><img data-recalc-dims=\"1\" loading=\"lazy\" decoding=\"async\" data-attachment-id=\"28119\" data-permalink=\"https:\/\/www.shqiperia.com\/blog\/studentet-paralajmerojne-rinisjen-e-protestave-ne-4-dhjetor\/protestat-e-studenteve-905x450\/\" data-orig-file=\"https:\/\/i0.wp.com\/www.shqiperia.com\/blog\/wp-content\/uploads\/2019\/11\/protestat-e-studenteve-905x450.jpg?fit=905%2C450&amp;ssl=1\" data-orig-size=\"905,450\" data-comments-opened=\"1\" data-image-meta=\"{&quot;aperture&quot;:&quot;0&quot;,&quot;credit&quot;:&quot;&quot;,&quot;camera&quot;:&quot;&quot;,&quot;caption&quot;:&quot;&quot;,&quot;created_timestamp&quot;:&quot;0&quot;,&quot;copyright&quot;:&quot;&quot;,&quot;focal_length&quot;:&quot;0&quot;,&quot;iso&quot;:&quot;0&quot;,&quot;shutter_speed&quot;:&quot;0&quot;,&quot;title&quot;:&quot;&quot;,&quot;orientation&quot;:&quot;0&quot;}\" data-image-title=\"protestat-e-studenteve-905&#215;450\" data-image-description=\"\" data-image-caption=\"\" data-medium-file=\"https:\/\/i0.wp.com\/www.shqiperia.com\/blog\/wp-content\/uploads\/2019\/11\/protestat-e-studenteve-905x450.jpg?fit=300%2C149&amp;ssl=1\" data-large-file=\"https:\/\/i0.wp.com\/www.shqiperia.com\/blog\/wp-content\/uploads\/2019\/11\/protestat-e-studenteve-905x450.jpg?fit=905%2C450&amp;ssl=1\" class=\"alignnone  wp-image-28119\" alt=\"\" src=\"https:\/\/i0.wp.com\/www.shqiperia.com\/blog\/wp-content\/uploads\/2019\/11\/protestat-e-studenteve-905x450.jpg?resize=584%2C290&#038;ssl=1\" width=\"584\" height=\"290\" srcset=\"https:\/\/i0.wp.com\/www.shqiperia.com\/blog\/wp-content\/uploads\/2019\/11\/protestat-e-studenteve-905x450.jpg?resize=300%2C149&amp;ssl=1 300w, https:\/\/i0.wp.com\/www.shqiperia.com\/blog\/wp-content\/uploads\/2019\/11\/protestat-e-studenteve-905x450.jpg?resize=768%2C382&amp;ssl=1 768w, https:\/\/i0.wp.com\/www.shqiperia.com\/blog\/wp-content\/uploads\/2019\/11\/protestat-e-studenteve-905x450.jpg?resize=450%2C224&amp;ssl=1 450w, https:\/\/i0.wp.com\/www.shqiperia.com\/blog\/wp-content\/uploads\/2019\/11\/protestat-e-studenteve-905x450.jpg?resize=600%2C298&amp;ssl=1 600w, https:\/\/i0.wp.com\/www.shqiperia.com\/blog\/wp-content\/uploads\/2019\/11\/protestat-e-studenteve-905x450.jpg?resize=400%2C199&amp;ssl=1 400w, https:\/\/i0.wp.com\/www.shqiperia.com\/blog\/wp-content\/uploads\/2019\/11\/protestat-e-studenteve-905x450.jpg?resize=905%2C450&amp;ssl=1 905w\" sizes=\"auto, (max-width: 584px) 100vw, 584px\" \/><\/p>\n<p><strong>Student\u00ebt paralajm\u00ebrojn\u00eb rinisjen e protestave n\u00eb 4 dhjetor<\/strong><\/p>\n<p>15 nentor 2019<\/p>\n<p>Nj\u00eb vit pas protestave masive para Ministris\u00eb s\u00eb Arsimit, student\u00ebt do t\u2019i rikthehen s\u00ebrish tubimeve kund\u00ebr qeveris\u00eb p\u00ebr plot\u00ebsimin e k\u00ebrkesave, q\u00eb sipas tyre nuk u arrit\u00ebn t\u00eb plot\u00ebsoheshin p\u00ebrmes Paktit p\u00ebr Universitetin.<\/p>\n<p>L\u00ebvizja p\u00ebr Universitetin ka dal\u00eb zyrtarisht me dat\u00ebn e rinisjes s\u00eb protest\u00ebs studentore. \u201c<em>M\u00eb 4 dhjetor, n\u00eb 1-vjetorin e nisjes s\u00eb protestave madh\u00ebshtore t\u00eb student\u00ebve, mblidhemi s\u00ebrish n\u00eb protest\u00eb<\/em>\u201d, thuhet n\u00eb njoftimin e L\u00ebvizjes p\u00ebr Universitetin.<\/p>\n<p>Student\u00ebt do t\u00eb protestojn\u00eb kund\u00ebr: Ligjit t\u00eb arsimit t\u00eb lart\u00eb; Financimit t\u00eb universiteteve private; abuzimit me t\u00eb drejtat e student\u00ebve.<\/p>\n<p><img data-recalc-dims=\"1\" loading=\"lazy\" decoding=\"async\" data-attachment-id=\"28120\" data-permalink=\"https:\/\/www.shqiperia.com\/blog\/studentet-paralajmerojne-rinisjen-e-protestave-ne-4-dhjetor\/protesta-e-studenteve\/\" data-orig-file=\"https:\/\/i0.wp.com\/www.shqiperia.com\/blog\/wp-content\/uploads\/2019\/11\/protesta-e-studenteve.jpg?fit=640%2C360&amp;ssl=1\" data-orig-size=\"640,360\" data-comments-opened=\"1\" data-image-meta=\"{&quot;aperture&quot;:&quot;0&quot;,&quot;credit&quot;:&quot;&quot;,&quot;camera&quot;:&quot;&quot;,&quot;caption&quot;:&quot;&quot;,&quot;created_timestamp&quot;:&quot;0&quot;,&quot;copyright&quot;:&quot;&quot;,&quot;focal_length&quot;:&quot;0&quot;,&quot;iso&quot;:&quot;0&quot;,&quot;shutter_speed&quot;:&quot;0&quot;,&quot;title&quot;:&quot;&quot;,&quot;orientation&quot;:&quot;0&quot;}\" data-image-title=\"protesta-e-studenteve\" data-image-description=\"\" data-image-caption=\"\" data-medium-file=\"https:\/\/i0.wp.com\/www.shqiperia.com\/blog\/wp-content\/uploads\/2019\/11\/protesta-e-studenteve.jpg?fit=300%2C169&amp;ssl=1\" data-large-file=\"https:\/\/i0.wp.com\/www.shqiperia.com\/blog\/wp-content\/uploads\/2019\/11\/protesta-e-studenteve.jpg?fit=640%2C360&amp;ssl=1\" class=\"alignnone  wp-image-28120\" alt=\"\" src=\"https:\/\/i0.wp.com\/www.shqiperia.com\/blog\/wp-content\/uploads\/2019\/11\/protesta-e-studenteve.jpg?resize=735%2C414&#038;ssl=1\" width=\"735\" height=\"414\" srcset=\"https:\/\/i0.wp.com\/www.shqiperia.com\/blog\/wp-content\/uploads\/2019\/11\/protesta-e-studenteve.jpg?resize=300%2C169&amp;ssl=1 300w, https:\/\/i0.wp.com\/www.shqiperia.com\/blog\/wp-content\/uploads\/2019\/11\/protesta-e-studenteve.jpg?resize=450%2C253&amp;ssl=1 450w, https:\/\/i0.wp.com\/www.shqiperia.com\/blog\/wp-content\/uploads\/2019\/11\/protesta-e-studenteve.jpg?resize=600%2C338&amp;ssl=1 600w, https:\/\/i0.wp.com\/www.shqiperia.com\/blog\/wp-content\/uploads\/2019\/11\/protesta-e-studenteve.jpg?resize=400%2C225&amp;ssl=1 400w, https:\/\/i0.wp.com\/www.shqiperia.com\/blog\/wp-content\/uploads\/2019\/11\/protesta-e-studenteve.jpg?w=640&amp;ssl=1 640w\" sizes=\"auto, (max-width: 735px) 100vw, 735px\" \/><\/p>\n<p>Ata k\u00ebrkojn\u00eb: arsim cil\u00ebsor, dyfishimin e buxhetit t\u00eb arsimit t\u00eb lart\u00eb; p\u00ebrgjysmimin e t\u00eb gjitha tarifave; vot\u00eb t\u00eb barabart\u00eb student\u00eb-pedagog\u00eb; kushte dinjitoze studimi dhe jetese dhe perspektiv\u00eb pun\u00ebsimi profesional.<\/p>\n<p><strong>n.s. \/ dita<\/strong><\/p>\n","protected":false},"excerpt":{"rendered":"<p>Student\u00ebt paralajm\u00ebrojn\u00eb rinisjen e protestave n\u00eb 4 dhjetor 15 nentor 2019 Nj\u00eb vit pas protestave masive para Ministris\u00eb s\u00eb Arsimit, student\u00ebt do t\u2019i rikthehen s\u00ebrish tubimeve kund\u00ebr qeveris\u00eb p\u00ebr plot\u00ebsimin e k\u00ebrkesave, q\u00eb sipas tyre nuk u arrit\u00ebn t\u00eb plot\u00ebsoheshin p\u00ebrmes Paktit p\u00ebr Universitetin. L\u00ebvizja p\u00ebr Universitetin ka dal\u00eb zyrtarisht me dat\u00ebn e rinisjes s\u00eb [&hellip;]<\/p>\n","protected":false},"author":9,"featured_media":28119,"comment_status":"open","ping_status":"open","sticky":false,"template":"","format":"standard","meta":{"jetpack_post_was_ever_published":false,"_jetpack_newsletter_access":"","_jetpack_dont_email_post_to_subs":false,"_jetpack_newsletter_tier_id":0,"_jetpack_memberships_contains_paywalled_content":false,"_jetpack_memberships_contains_paid_content":false,"footnotes":"","jetpack_publicize_message":"","jetpack_publicize_feature_enabled":true,"jetpack_social_post_already_shared":true,"jetpack_social_options":{"image_generator_settings":{"template":"highway","default_image_id":0,"font":"","enabled":false},"version":2}},"categories":[27,1,2],"tags":[],"class_list":["post-28118","post","type-post","status-publish","format-standard","has-post-thumbnail","hentry","category-blogu-i-udhetarit","category-njoftime-shtypi","category-politika"],"jetpack_publicize_connections":[],"jetpack_featured_media_url":"https:\/\/i0.wp.com\/www.shqiperia.com\/blog\/wp-content\/uploads\/2019\/11\/protestat-e-studenteve-905x450.jpg?fit=905%2C450&ssl=1","jetpack_sharing_enabled":true,"jetpack_shortlink":"https:\/\/wp.me\/p5Z6wp-7jw","jetpack-related-posts":[{"id":28291,"url":"https:\/\/www.shqiperia.com\/blog\/ringjallet-protesta-studentore-nis-nga-ekonomiku\/","url_meta":{"origin":28118,"position":0},"title":"Ringjallet protesta studentore, nis nga Ekonomiku. &#8211;","author":"Kurt Farka","date":"November 19, 2019","format":false,"excerpt":"Ringjallet protesta studentore, nis nga Ekonomiku 19\/11\/19 Nga: mapo.al Student\u00ebt po riorganizohen p\u00ebr t\u00eb rinisur protestat masive nj\u00eb vit pas protest\u00ebs q\u00eb mbushi rrug\u00ebt e kryeqytetit dhe qyeteve t\u00eb tjera dhe q\u00eb u mbyll me premtimet e qeveris\u00eb n\u00eb \u201cPaktin p\u00ebr Universitetin\u201d. L\u00ebvizja p\u00ebr Universitetin prej disa dit\u00ebsh ka nxjerr\u00eb\u2026","rel":"","context":"In &quot;Blogu i Udh\u00ebtarit&quot;","block_context":{"text":"Blogu i Udh\u00ebtarit","link":"https:\/\/www.shqiperia.com\/blog\/category\/blogu-i-udhetarit\/"},"img":{"alt_text":"","src":"https:\/\/i0.wp.com\/www.shqiperia.com\/blog\/wp-content\/uploads\/2019\/11\/74185995_2521114601259842_3614023153459658752_o.png?fit=960%2C477&ssl=1&resize=350%2C200","width":350,"height":200,"srcset":"https:\/\/i0.wp.com\/www.shqiperia.com\/blog\/wp-content\/uploads\/2019\/11\/74185995_2521114601259842_3614023153459658752_o.png?fit=960%2C477&ssl=1&resize=350%2C200 1x, https:\/\/i0.wp.com\/www.shqiperia.com\/blog\/wp-content\/uploads\/2019\/11\/74185995_2521114601259842_3614023153459658752_o.png?fit=960%2C477&ssl=1&resize=525%2C300 1.5x, https:\/\/i0.wp.com\/www.shqiperia.com\/blog\/wp-content\/uploads\/2019\/11\/74185995_2521114601259842_3614023153459658752_o.png?fit=960%2C477&ssl=1&resize=700%2C400 2x"},"classes":[]},{"id":87592,"url":"https:\/\/www.shqiperia.com\/blog\/pakti-per-universitetin-nje-premtim-i-pambajtur-studentet-proteste-te-ministria-e-arsimit\/","url_meta":{"origin":28118,"position":1},"title":"&#8220;Pakti p\u00ebr universitetin nj\u00eb premtim i pambajtur&#8221;\/ Student\u00ebt protest\u00eb te Ministria e Arsimit","author":"Kurt Farka","date":"December 19, 2024","format":false,"excerpt":"19 Dhjetor 2024 Student\u00ebt zhvilluan nj\u00eb protest\u00eb duke marshuar nga ambientet e universitetit deri pran\u00eb Ministris\u00eb s\u00eb Arsimit. Ata k\u00ebrkuan p\u00ebrmbushjen e premtimeve t\u00eb b\u00ebra n\u00eb kuad\u00ebr t\u00eb \u201cPaktit p\u00ebr Universitetin\u201d, i cili \u00ebsht\u00eb injoruar q\u00eb nga viti 2018. Student\u00ebt k\u00ebrkojn\u00eb rritjen e buxhetit p\u00ebr arsimin n\u00eb 5 p\u00ebrqind, gjithashtu,\u2026","rel":"","context":"In &quot;Blogu i Udh\u00ebtarit&quot;","block_context":{"text":"Blogu i Udh\u00ebtarit","link":"https:\/\/www.shqiperia.com\/blog\/category\/blogu-i-udhetarit\/"},"img":{"alt_text":"","src":"https:\/\/i0.wp.com\/www.shqiperia.com\/blog\/wp-content\/uploads\/2024\/12\/images.jpg?resize=350%2C200&ssl=1","width":350,"height":200,"srcset":"https:\/\/i0.wp.com\/www.shqiperia.com\/blog\/wp-content\/uploads\/2024\/12\/images.jpg?resize=350%2C200&ssl=1 1x, https:\/\/i0.wp.com\/www.shqiperia.com\/blog\/wp-content\/uploads\/2024\/12\/images.jpg?resize=525%2C300&ssl=1 1.5x, https:\/\/i0.wp.com\/www.shqiperia.com\/blog\/wp-content\/uploads\/2024\/12\/images.jpg?resize=700%2C400&ssl=1 2x"},"classes":[]},{"id":50668,"url":"https:\/\/www.shqiperia.com\/blog\/proteste-perballe-ministrise-se-arsimit-studentet-bllokojne-kete-aks-kryesor-te-kryeqytetit\/","url_meta":{"origin":28118,"position":2},"title":"Protest\u00eb p\u00ebrball\u00eb Ministris\u00eb s\u00eb Arsimit, student\u00ebt bllokojn\u00eb k\u00ebt\u00eb aks kryesor t\u00eb kryeqytetit.","author":"Kurt Farka","date":"October 18, 2021","format":false,"excerpt":"Protest\u00eb p\u00ebrball\u00eb Ministris\u00eb s\u00eb Arsimit, student\u00ebt bllokojn\u00eb k\u00ebt\u00eb aks kryesor t\u00eb kryeqytetit 18 TETOR 2021 Studentet dit\u00ebn e sotme duhet t\u00eb riktheheshin n\u00eb auditore por nuk ndodhi k\u00ebshtu. Detyrimi p\u00ebr vaksinim ose PCR \u00e7do dit\u00eb, ka ngritur n\u00eb protest\u00eb t\u00eb rinjt\u00eb t\u00eb cil\u00ebt prej 1 vite studionin online n\u00eb sht\u00ebpi.\u2026","rel":"","context":"In &quot;Blogu i Udh\u00ebtarit&quot;","block_context":{"text":"Blogu i Udh\u00ebtarit","link":"https:\/\/www.shqiperia.com\/blog\/category\/blogu-i-udhetarit\/"},"img":{"alt_text":"","src":"https:\/\/i0.wp.com\/www.shqiperia.com\/blog\/wp-content\/uploads\/2021\/10\/800-0-616d3e82858b9.jpg?fit=800%2C480&ssl=1&resize=350%2C200","width":350,"height":200,"srcset":"https:\/\/i0.wp.com\/www.shqiperia.com\/blog\/wp-content\/uploads\/2021\/10\/800-0-616d3e82858b9.jpg?fit=800%2C480&ssl=1&resize=350%2C200 1x, https:\/\/i0.wp.com\/www.shqiperia.com\/blog\/wp-content\/uploads\/2021\/10\/800-0-616d3e82858b9.jpg?fit=800%2C480&ssl=1&resize=525%2C300 1.5x, https:\/\/i0.wp.com\/www.shqiperia.com\/blog\/wp-content\/uploads\/2021\/10\/800-0-616d3e82858b9.jpg?fit=800%2C480&ssl=1&resize=700%2C400 2x"},"classes":[]},{"id":14635,"url":"https:\/\/www.shqiperia.com\/blog\/bashkimi-europian-i-studenteve-jemi-me-studentet-shqiptare\/","url_meta":{"origin":28118,"position":3},"title":"Bashkimi Europian i Student\u00ebve: Jemi me student\u00ebt shqiptar\u00eb.-","author":"Kurt Farka","date":"December 11, 2018","format":false,"excerpt":"Bashkimi Europian i Student\u00ebve: Jemi me student\u00ebt shqiptar\u00eb.- 11 Dhjetor, 2018 \\ Bashkimi Europian i Student\u00ebve, nj\u00eb organizat\u00eb nd\u00ebrkomb\u00ebtare, mb\u00ebshtet vendimin e student\u00ebve shqiptar\u00eb p\u00ebr t\u00eb protestuar p\u00ebr t\u00eb drejtat e tyre. \u201cESU \u00ebsht\u00eb me student\u00ebt dhe rrjedhimisht mb\u00ebshtet synimet e protestave paq\u00ebsore n\u00eb vazhdim\u2019, tha Marta Nunez, z\u00ebdh\u00ebn\u00ebse e\u2026","rel":"","context":"In &quot;Blogu i Udh\u00ebtarit&quot;","block_context":{"text":"Blogu i Udh\u00ebtarit","link":"https:\/\/www.shqiperia.com\/blog\/category\/blogu-i-udhetarit\/"},"img":{"alt_text":"","src":"https:\/\/i0.wp.com\/www.shqiperia.com\/blog\/wp-content\/uploads\/2018\/12\/unioni-stude-eu.png?fit=730%2C421&ssl=1&resize=350%2C200","width":350,"height":200,"srcset":"https:\/\/i0.wp.com\/www.shqiperia.com\/blog\/wp-content\/uploads\/2018\/12\/unioni-stude-eu.png?fit=730%2C421&ssl=1&resize=350%2C200 1x, https:\/\/i0.wp.com\/www.shqiperia.com\/blog\/wp-content\/uploads\/2018\/12\/unioni-stude-eu.png?fit=730%2C421&ssl=1&resize=525%2C300 1.5x, https:\/\/i0.wp.com\/www.shqiperia.com\/blog\/wp-content\/uploads\/2018\/12\/unioni-stude-eu.png?fit=730%2C421&ssl=1&resize=700%2C400 2x"},"classes":[]},{"id":21476,"url":"https:\/\/www.shqiperia.com\/blog\/studentet-ne-proteste-tymuese-para-ministrise-se-arsimit\/","url_meta":{"origin":28118,"position":4},"title":"Student\u00ebt n\u00eb protest\u00eb, tymuese para Ministris\u00eb s\u00eb Arsimit.","author":"Kurt Farka","date":"May 22, 2019","format":false,"excerpt":"Student\u00ebt n\u00eb protest\u00eb, tymuese para Ministris\u00eb s\u00eb Arsimit.- 22 maji 2019. Student\u00ebt i rikthehen protestave! Dit\u00ebn e sotme student\u00ebt ata kan\u00eb lajm\u00ebruar se do t\u00eb mblidhen para Ministris\u00eb s\u00eb Arsimit n\u00eb or\u00ebn 12:00. Student\u00ebt shprehen se arsyet e protest\u00ebs lidhen me premtimet e pambajtura t\u00eb qeveris\u00eb sa i p\u00ebrket k\u00ebrkesave\u2026","rel":"","context":"In &quot;Blogu i Udh\u00ebtarit&quot;","block_context":{"text":"Blogu i Udh\u00ebtarit","link":"https:\/\/www.shqiperia.com\/blog\/category\/blogu-i-udhetarit\/"},"img":{"alt_text":"","src":"https:\/\/i0.wp.com\/www.shqiperia.com\/blog\/wp-content\/uploads\/2019\/05\/protesta_e_studenteve-905x450.jpg?fit=905%2C450&ssl=1&resize=350%2C200","width":350,"height":200,"srcset":"https:\/\/i0.wp.com\/www.shqiperia.com\/blog\/wp-content\/uploads\/2019\/05\/protesta_e_studenteve-905x450.jpg?fit=905%2C450&ssl=1&resize=350%2C200 1x, https:\/\/i0.wp.com\/www.shqiperia.com\/blog\/wp-content\/uploads\/2019\/05\/protesta_e_studenteve-905x450.jpg?fit=905%2C450&ssl=1&resize=525%2C300 1.5x, https:\/\/i0.wp.com\/www.shqiperia.com\/blog\/wp-content\/uploads\/2019\/05\/protesta_e_studenteve-905x450.jpg?fit=905%2C450&ssl=1&resize=700%2C400 2x"},"classes":[]},{"id":14362,"url":"https:\/\/www.shqiperia.com\/blog\/ja-cfare-paralajmerojne-studentet-per-diten-e-neserme-ministrja-nikolla-rrezoi-kerkesen-e-tyre-2\/","url_meta":{"origin":28118,"position":5},"title":"Ja \u00e7far\u00eb paralajm\u00ebrojn\u00eb student\u00ebt p\u00ebr dit\u00ebn e nes\u00ebrme. -Protest\u00ebs n\u00eb Tiran\u00eb i bashkohen edhe student\u00ebt e Elbasanit.","author":"Kurt Farka","date":"December 5, 2018","format":false,"excerpt":"Ja \u00e7far\u00eb paralajm\u00ebrojn\u00eb student\u00ebt p\u00ebr dit\u00ebn e nes\u00ebrme. -Protest\u00ebs n\u00eb Tiran\u00eb i bashkohen edhe student\u00ebt e Elbasanit. 05\/12\/2018 Ministrja e Arsimit Lindita Nikolla rr\u00ebzoi k\u00ebrkesat e student\u00ebve p\u00ebr uljen e tarif\u00ebs s\u00eb studimit. Menj\u00ebher\u00eb pas k\u00ebsaj student\u00ebt kan\u00eb b daj qwndrimit t\u00eb ministres, duke paralajm\u00ebruar s\u00ebrish protest\u00eb dit\u00ebn e nes\u00ebrme.\u2026","rel":"","context":"In &quot;Blogu i Udh\u00ebtarit&quot;","block_context":{"text":"Blogu i Udh\u00ebtarit","link":"https:\/\/www.shqiperia.com\/blog\/category\/blogu-i-udhetarit\/"},"img":{"alt_text":"","src":"https:\/\/i0.wp.com\/www.shqiperia.com\/blog\/wp-content\/uploads\/2018\/12\/085f7cec-29a5-41d7-a052-964dafb62708-1068x570_2-2-300x169.jpg?resize=350%2C200","width":350,"height":200},"classes":[]}],"_links":{"self":[{"href":"https:\/\/www.shqiperia.com\/blog\/wp-json\/wp\/v2\/posts\/28118","targetHints":{"allow":["GET"]}}],"collection":[{"href":"https:\/\/www.shqiperia.com\/blog\/wp-json\/wp\/v2\/posts"}],"about":[{"href":"https:\/\/www.shqiperia.com\/blog\/wp-json\/wp\/v2\/types\/post"}],"author":[{"embeddable":true,"href":"https:\/\/www.shqiperia.com\/blog\/wp-json\/wp\/v2\/users\/9"}],"replies":[{"embeddable":true,"href":"https:\/\/www.shqiperia.com\/blog\/wp-json\/wp\/v2\/comments?post=28118"}],"version-history":[{"count":1,"href":"https:\/\/www.shqiperia.com\/blog\/wp-json\/wp\/v2\/posts\/28118\/revisions"}],"predecessor-version":[{"id":28121,"href":"https:\/\/www.shqiperia.com\/blog\/wp-json\/wp\/v2\/posts\/28118\/revisions\/28121"}],"wp:featuredmedia":[{"embeddable":true,"href":"https:\/\/www.shqiperia.com\/blog\/wp-json\/wp\/v2\/media\/28119"}],"wp:attachment":[{"href":"https:\/\/www.shqiperia.com\/blog\/wp-json\/wp\/v2\/media?parent=28118"}],"wp:term":[{"taxonomy":"category","embeddable":true,"href":"https:\/\/www.shqiperia.com\/blog\/wp-json\/wp\/v2\/categories?post=28118"},{"taxonomy":"post_tag","embeddable":true,"href":"https:\/\/www.shqiperia.com\/blog\/wp-json\/wp\/v2\/tags?post=28118"}],"curies":[{"name":"wp","href":"https:\/\/api.w.org\/{rel}","templated":true}]}}