{"id":27441,"date":"2019-10-29T10:54:16","date_gmt":"2019-10-29T10:54:16","guid":{"rendered":"https:\/\/www.shqiperia.com\/blog\/?p=27441"},"modified":"2019-10-29T10:56:14","modified_gmt":"2019-10-29T10:56:14","slug":"masha-dhe-ariu-32-miliarde-shikime-ne-youtube","status":"publish","type":"post","link":"https:\/\/www.shqiperia.com\/blog\/masha-dhe-ariu-32-miliarde-shikime-ne-youtube\/","title":{"rendered":"Masha dhe Ariu, 32 miliard\u00eb shikime n\u00eb \u201cYoutube\u201d"},"content":{"rendered":"<p><img data-recalc-dims=\"1\" loading=\"lazy\" decoding=\"async\" data-attachment-id=\"27442\" data-permalink=\"https:\/\/www.shqiperia.com\/blog\/masha-dhe-ariu-32-miliarde-shikime-ne-youtube\/maxresdefault-7-905x450\/\" data-orig-file=\"https:\/\/i0.wp.com\/www.shqiperia.com\/blog\/wp-content\/uploads\/2019\/10\/maxresdefault-7-905x450.jpg?fit=905%2C450&amp;ssl=1\" data-orig-size=\"905,450\" data-comments-opened=\"1\" data-image-meta=\"{&quot;aperture&quot;:&quot;0&quot;,&quot;credit&quot;:&quot;&quot;,&quot;camera&quot;:&quot;&quot;,&quot;caption&quot;:&quot;&quot;,&quot;created_timestamp&quot;:&quot;0&quot;,&quot;copyright&quot;:&quot;&quot;,&quot;focal_length&quot;:&quot;0&quot;,&quot;iso&quot;:&quot;0&quot;,&quot;shutter_speed&quot;:&quot;0&quot;,&quot;title&quot;:&quot;&quot;,&quot;orientation&quot;:&quot;0&quot;}\" data-image-title=\"maxresdefault-7-905&#215;450\" data-image-description=\"\" data-image-caption=\"\" data-medium-file=\"https:\/\/i0.wp.com\/www.shqiperia.com\/blog\/wp-content\/uploads\/2019\/10\/maxresdefault-7-905x450.jpg?fit=300%2C149&amp;ssl=1\" data-large-file=\"https:\/\/i0.wp.com\/www.shqiperia.com\/blog\/wp-content\/uploads\/2019\/10\/maxresdefault-7-905x450.jpg?fit=905%2C450&amp;ssl=1\" class=\"alignnone wp-image-27442\" alt=\"\" src=\"https:\/\/i0.wp.com\/www.shqiperia.com\/blog\/wp-content\/uploads\/2019\/10\/maxresdefault-7-905x450.jpg?resize=556%2C276&#038;ssl=1\" width=\"556\" height=\"276\" srcset=\"https:\/\/i0.wp.com\/www.shqiperia.com\/blog\/wp-content\/uploads\/2019\/10\/maxresdefault-7-905x450.jpg?resize=300%2C149&amp;ssl=1 300w, https:\/\/i0.wp.com\/www.shqiperia.com\/blog\/wp-content\/uploads\/2019\/10\/maxresdefault-7-905x450.jpg?resize=768%2C382&amp;ssl=1 768w, https:\/\/i0.wp.com\/www.shqiperia.com\/blog\/wp-content\/uploads\/2019\/10\/maxresdefault-7-905x450.jpg?resize=450%2C224&amp;ssl=1 450w, https:\/\/i0.wp.com\/www.shqiperia.com\/blog\/wp-content\/uploads\/2019\/10\/maxresdefault-7-905x450.jpg?resize=600%2C298&amp;ssl=1 600w, https:\/\/i0.wp.com\/www.shqiperia.com\/blog\/wp-content\/uploads\/2019\/10\/maxresdefault-7-905x450.jpg?resize=400%2C199&amp;ssl=1 400w, https:\/\/i0.wp.com\/www.shqiperia.com\/blog\/wp-content\/uploads\/2019\/10\/maxresdefault-7-905x450.jpg?resize=905%2C450&amp;ssl=1 905w\" sizes=\"auto, (max-width: 556px) 100vw, 556px\" \/><\/p>\n<p><strong>Masha dhe Ariu, 32 miliard\u00eb shikime n\u00eb \u201cYoutube\u201d<\/strong><\/p>\n<p>Filmi vizatimor q\u00eb ka fiksuar f\u00ebmij\u00ebt nga e gjith\u00eb bota pas nj\u00eb vajze t\u00eb vog\u00ebl trazova\u00e7e dhe ariut t\u00eb saj, mbush plot 10 vje\u00e7, dhe p\u00ebr t\u00eb festuar k\u00ebt\u00eb okazion, ai do t\u00eb dal\u00eb n\u00ebp\u00ebr kinema n\u00eb Britanin\u00eb e Madhe.<\/p>\n<p>Por, ka edhe nj\u00eb tjet\u00ebr arritje p\u00ebr t\u00eb. Masha dhe ariu, filmi vizatimor rus, \u00ebsht\u00eb nd\u00ebr m\u00eb t\u00eb shikuarit n\u00eb YouTube, me mbi 32 miliard\u00eb shikime.<\/p>\n<p>Filmi, bazohet mbi nj\u00eb fabul me t\u00eb nj\u00ebjtin em\u00ebr dhe \u00e7do episod \u00ebsht\u00eb rreth shtat\u00eb minuta i gjat\u00eb. Ai p\u00ebrshkruan aventurat e karaktereve kryesore, Mash\u00ebs, dhe mikut t\u00eb saj ari.<\/p>\n<p>Deri m\u00eb sot, filmi vizatimor \u00ebsht\u00eb p\u00ebrkthyer n\u00eb 36 gjuh\u00eb dhe ka 12 kanale t\u00eb ndryshme n\u00eb \u201cYoutube\u201d, q\u00eb kan\u00eb s\u00eb bashku 62 milion\u00eb njer\u00ebz t\u00eb regjistruar. Filmi madje ka nj\u00eb pjes\u00eb t\u00eb dedikuar n\u00eb nj\u00eb park arg\u00ebtimi n\u00eb Itali, Leolandia, ku f\u00ebmij\u00ebt mund t\u00eb takojn\u00eb karakteret personalisht.<\/p>\n<p><img data-recalc-dims=\"1\" loading=\"lazy\" decoding=\"async\" data-attachment-id=\"27442\" data-permalink=\"https:\/\/www.shqiperia.com\/blog\/masha-dhe-ariu-32-miliarde-shikime-ne-youtube\/maxresdefault-7-905x450\/\" data-orig-file=\"https:\/\/i0.wp.com\/www.shqiperia.com\/blog\/wp-content\/uploads\/2019\/10\/maxresdefault-7-905x450.jpg?fit=905%2C450&amp;ssl=1\" data-orig-size=\"905,450\" data-comments-opened=\"1\" data-image-meta=\"{&quot;aperture&quot;:&quot;0&quot;,&quot;credit&quot;:&quot;&quot;,&quot;camera&quot;:&quot;&quot;,&quot;caption&quot;:&quot;&quot;,&quot;created_timestamp&quot;:&quot;0&quot;,&quot;copyright&quot;:&quot;&quot;,&quot;focal_length&quot;:&quot;0&quot;,&quot;iso&quot;:&quot;0&quot;,&quot;shutter_speed&quot;:&quot;0&quot;,&quot;title&quot;:&quot;&quot;,&quot;orientation&quot;:&quot;0&quot;}\" data-image-title=\"maxresdefault-7-905&#215;450\" data-image-description=\"\" data-image-caption=\"\" data-medium-file=\"https:\/\/i0.wp.com\/www.shqiperia.com\/blog\/wp-content\/uploads\/2019\/10\/maxresdefault-7-905x450.jpg?fit=300%2C149&amp;ssl=1\" data-large-file=\"https:\/\/i0.wp.com\/www.shqiperia.com\/blog\/wp-content\/uploads\/2019\/10\/maxresdefault-7-905x450.jpg?fit=905%2C450&amp;ssl=1\" class=\"alignnone wp-image-27442\" alt=\"\" src=\"https:\/\/i0.wp.com\/www.shqiperia.com\/blog\/wp-content\/uploads\/2019\/10\/maxresdefault-7-905x450.jpg?resize=727%2C361&#038;ssl=1\" width=\"727\" height=\"361\" srcset=\"https:\/\/i0.wp.com\/www.shqiperia.com\/blog\/wp-content\/uploads\/2019\/10\/maxresdefault-7-905x450.jpg?resize=300%2C149&amp;ssl=1 300w, https:\/\/i0.wp.com\/www.shqiperia.com\/blog\/wp-content\/uploads\/2019\/10\/maxresdefault-7-905x450.jpg?resize=768%2C382&amp;ssl=1 768w, https:\/\/i0.wp.com\/www.shqiperia.com\/blog\/wp-content\/uploads\/2019\/10\/maxresdefault-7-905x450.jpg?resize=450%2C224&amp;ssl=1 450w, https:\/\/i0.wp.com\/www.shqiperia.com\/blog\/wp-content\/uploads\/2019\/10\/maxresdefault-7-905x450.jpg?resize=600%2C298&amp;ssl=1 600w, https:\/\/i0.wp.com\/www.shqiperia.com\/blog\/wp-content\/uploads\/2019\/10\/maxresdefault-7-905x450.jpg?resize=400%2C199&amp;ssl=1 400w, https:\/\/i0.wp.com\/www.shqiperia.com\/blog\/wp-content\/uploads\/2019\/10\/maxresdefault-7-905x450.jpg?resize=905%2C450&amp;ssl=1 905w\" sizes=\"auto, (max-width: 727px) 100vw, 727px\" \/><\/p>\n<p>Ai tani po tenton t\u00eb hyj\u00eb edhe n\u00eb tregjet kineze dhe japoneze p\u00ebr t\u00eb pushtuar edhe atje zemrat e f\u00ebmij\u00ebve, si\u00e7 ka b\u00ebr\u00eb n\u00eb pjes\u00ebn tjet\u00ebr t\u00eb bot\u00ebs.<\/p>\n<p><em>o.j\/dita<\/em><\/p>\n","protected":false},"excerpt":{"rendered":"<p>Masha dhe Ariu, 32 miliard\u00eb shikime n\u00eb \u201cYoutube\u201d Filmi vizatimor q\u00eb ka fiksuar f\u00ebmij\u00ebt nga e gjith\u00eb bota pas nj\u00eb vajze t\u00eb vog\u00ebl trazova\u00e7e dhe ariut t\u00eb saj, mbush plot 10 vje\u00e7, dhe p\u00ebr t\u00eb festuar k\u00ebt\u00eb okazion, ai do t\u00eb dal\u00eb n\u00ebp\u00ebr kinema n\u00eb Britanin\u00eb e Madhe. Por, ka edhe nj\u00eb tjet\u00ebr arritje p\u00ebr [&hellip;]<\/p>\n","protected":false},"author":9,"featured_media":27442,"comment_status":"open","ping_status":"open","sticky":false,"template":"","format":"standard","meta":{"jetpack_post_was_ever_published":false,"_jetpack_newsletter_access":"","_jetpack_dont_email_post_to_subs":false,"_jetpack_newsletter_tier_id":0,"_jetpack_memberships_contains_paywalled_content":false,"_jetpack_memberships_contains_paid_content":false,"footnotes":"","jetpack_publicize_message":"","jetpack_publicize_feature_enabled":true,"jetpack_social_post_already_shared":true,"jetpack_social_options":{"image_generator_settings":{"template":"highway","default_image_id":0,"font":"","enabled":false},"version":2}},"categories":[27,1,35],"tags":[],"class_list":["post-27441","post","type-post","status-publish","format-standard","has-post-thumbnail","hentry","category-blogu-i-udhetarit","category-njoftime-shtypi","category-shoqerore"],"jetpack_publicize_connections":[],"jetpack_featured_media_url":"https:\/\/i0.wp.com\/www.shqiperia.com\/blog\/wp-content\/uploads\/2019\/10\/maxresdefault-7-905x450.jpg?fit=905%2C450&ssl=1","jetpack_sharing_enabled":true,"jetpack_shortlink":"https:\/\/wp.me\/p5Z6wp-78B","jetpack-related-posts":[{"id":35776,"url":"https:\/\/www.shqiperia.com\/blog\/restoranti-ne-drilon-shet-mish-ariu-per-klientet-media-britanike-nxjerr-pamjet-e-tmerrshme\/","url_meta":{"origin":27441,"position":0},"title":"Restoranti n\u00eb Drilon shet mish ariu p\u00ebr klient\u00ebt. Media britanike nxjerr pamjet e tmerrshme.","author":"Kurt Farka","date":"June 17, 2020","format":false,"excerpt":"Restoranti n\u00eb Drilon shet mish ariu p\u00ebr klient\u00ebt. Media britanike nxjerr pamjet e tmerrshme. 17 Qershor 2020 Media britanike \u201cThe Independent\u201d pretendon se ka kryer nj\u00eb investigim, i cili zbulon tregtin\u00eb e kafsh\u00ebve t\u00eb egra n\u00eb Shqip\u00ebri. Sipas prestigjiozes britanike, nj\u00eb restorant n\u00eb Shqip\u00ebri ofron darka me mish ariu dhe\u2026","rel":"","context":"In &quot;Blogu i Udh\u00ebtarit&quot;","block_context":{"text":"Blogu i Udh\u00ebtarit","link":"https:\/\/www.shqiperia.com\/blog\/category\/blogu-i-udhetarit\/"},"img":{"alt_text":"","src":"https:\/\/i0.wp.com\/www.shqiperia.com\/blog\/wp-content\/uploads\/2020\/06\/bear-meat-on-menu.jpg?fit=660%2C386&ssl=1&resize=350%2C200","width":350,"height":200,"srcset":"https:\/\/i0.wp.com\/www.shqiperia.com\/blog\/wp-content\/uploads\/2020\/06\/bear-meat-on-menu.jpg?fit=660%2C386&ssl=1&resize=350%2C200 1x, https:\/\/i0.wp.com\/www.shqiperia.com\/blog\/wp-content\/uploads\/2020\/06\/bear-meat-on-menu.jpg?fit=660%2C386&ssl=1&resize=525%2C300 1.5x"},"classes":[]},{"id":11653,"url":"https:\/\/www.shqiperia.com\/blog\/film-i-animuar-per-gjergj-kastriot-skenderbeun-nga-britaniket-e-gjeni-ne-youtube\/","url_meta":{"origin":27441,"position":1},"title":"Film i animuar p\u00ebr Gjergj Kastriot Sk\u00ebnderbeun&#8230;nga britanik\u00ebt. &#8211; E gjeni n\u00eb Youtube!","author":"Kurt Farka","date":"September 17, 2018","format":false,"excerpt":"Film i animuar p\u00ebr Gjergj Kastriot Sk\u00ebnderbeun...nga britanik\u00ebt. - E gjeni n\u00eb Youtube! Kompania britanike e filmave t\u00eb animuar, King And Generals, q\u00eb ka realizuar nj\u00eb dokumentar p\u00ebr heroin e shqiptar\u00ebve Gjergj Kastriot Sk\u00ebnderbeun, dhe rezistenc\u00ebn ndaj sundimit otoman Nj\u00eb dokumentar i ri p\u00ebr Sk\u00ebnderbeun \u00ebsht\u00eb publikuar k\u00ebt\u00eb jav\u00eb n\u00eb\u2026","rel":"","context":"In &quot;Blogu i Udh\u00ebtarit&quot;","block_context":{"text":"Blogu i Udh\u00ebtarit","link":"https:\/\/www.shqiperia.com\/blog\/category\/blogu-i-udhetarit\/"},"img":{"alt_text":"","src":"https:\/\/i0.wp.com\/www.shqiperia.com\/blog\/wp-content\/uploads\/2018\/09\/Film-i-animuar-per-SKENDERBEUN-Anglisht.jpg?fit=850%2C466&ssl=1&resize=350%2C200","width":350,"height":200,"srcset":"https:\/\/i0.wp.com\/www.shqiperia.com\/blog\/wp-content\/uploads\/2018\/09\/Film-i-animuar-per-SKENDERBEUN-Anglisht.jpg?fit=850%2C466&ssl=1&resize=350%2C200 1x, https:\/\/i0.wp.com\/www.shqiperia.com\/blog\/wp-content\/uploads\/2018\/09\/Film-i-animuar-per-SKENDERBEUN-Anglisht.jpg?fit=850%2C466&ssl=1&resize=525%2C300 1.5x, https:\/\/i0.wp.com\/www.shqiperia.com\/blog\/wp-content\/uploads\/2018\/09\/Film-i-animuar-per-SKENDERBEUN-Anglisht.jpg?fit=850%2C466&ssl=1&resize=700%2C400 2x"},"classes":[]},{"id":32305,"url":"https:\/\/www.shqiperia.com\/blog\/filmi-dere-e-hapur-shfaqet-ne-perrenjas-puke-dhe-elbasan\/","url_meta":{"origin":27441,"position":2},"title":"Filmi \u201cDer\u00eb e hapur\u201d shfaqet n\u00eb P\u00ebrrenjas, Puk\u00eb dhe Elbasan. (!)","author":"Kurt Farka","date":"March 12, 2020","format":false,"excerpt":"Filmi \u201cDer\u00eb e hapur\u201d shfaqet n\u00eb P\u00ebrrenjas, Puk\u00eb dhe Elbasan. (!) 12 mars 2020 Filmi \u201cOpen door\u201d u shfaq gjat\u00eb k\u00ebtyre dit\u00ebve (!) n\u00eb disa qytete t\u00eb vendit. Filmi me regji nga Florenc Papas, u shfaq n\u00eb qytetet si P\u00ebrrenjas, Puk\u00eb dhe Elbasan. Shfaqja e filmit u organizua nga organizata\u2026","rel":"","context":"In &quot;Arte&quot;","block_context":{"text":"Arte","link":"https:\/\/www.shqiperia.com\/blog\/category\/arte\/"},"img":{"alt_text":"","src":"https:\/\/i0.wp.com\/www.shqiperia.com\/blog\/wp-content\/uploads\/2020\/03\/800-0-5e69dd4145c06.jpg?fit=800%2C451&ssl=1&resize=350%2C200","width":350,"height":200,"srcset":"https:\/\/i0.wp.com\/www.shqiperia.com\/blog\/wp-content\/uploads\/2020\/03\/800-0-5e69dd4145c06.jpg?fit=800%2C451&ssl=1&resize=350%2C200 1x, https:\/\/i0.wp.com\/www.shqiperia.com\/blog\/wp-content\/uploads\/2020\/03\/800-0-5e69dd4145c06.jpg?fit=800%2C451&ssl=1&resize=525%2C300 1.5x, https:\/\/i0.wp.com\/www.shqiperia.com\/blog\/wp-content\/uploads\/2020\/03\/800-0-5e69dd4145c06.jpg?fit=800%2C451&ssl=1&resize=700%2C400 2x"},"classes":[]},{"id":7528,"url":"https:\/\/www.shqiperia.com\/blog\/karikatura-nga-bujar-kapexhiu\/","url_meta":{"origin":27441,"position":3},"title":"Karikatura nga Bujar Kapexhiu. &#8211;","author":"Kurt Farka","date":"May 16, 2018","format":false,"excerpt":"Karikatura nga Bujar Kapexhiu. Lindur m\u00eb22 mars 1944 n\u00eb Tiran\u00eb) \u00ebsht\u00eb regjisor, skenarist dhe aktor i mir\u00ebnjohur shqiptar. Kapexhiu studioi p\u00ebr aktor n\u00eb shkoll\u00ebn e lart\u00eb pran\u00eb Teatrit Komb\u00ebtar, si edhe kursin e lart\u00eb pasuniversitar p\u00ebr regjisor po aty. M\u00eb 1968 filloi pun\u00eb si regjisor n\u00eb Teatrin e Estrad\u00ebs s\u00eb\u2026","rel":"","context":"In &quot;Arte&quot;","block_context":{"text":"Arte","link":"https:\/\/www.shqiperia.com\/blog\/category\/arte\/"},"img":{"alt_text":"","src":"https:\/\/i0.wp.com\/www.shqiperia.com\/blog\/wp-content\/uploads\/2018\/05\/BZL7IP2CUAAuEe0.jpg?fit=599%2C349&ssl=1&resize=350%2C200","width":350,"height":200,"srcset":"https:\/\/i0.wp.com\/www.shqiperia.com\/blog\/wp-content\/uploads\/2018\/05\/BZL7IP2CUAAuEe0.jpg?fit=599%2C349&ssl=1&resize=350%2C200 1x, https:\/\/i0.wp.com\/www.shqiperia.com\/blog\/wp-content\/uploads\/2018\/05\/BZL7IP2CUAAuEe0.jpg?fit=599%2C349&ssl=1&resize=525%2C300 1.5x"},"classes":[]},{"id":76100,"url":"https:\/\/www.shqiperia.com\/blog\/okarina-e-kosoves-deperton-ne-indi-ne-emer-te-shqiperise\/","url_meta":{"origin":27441,"position":4},"title":"\u201cOkarina\u201d e Kosov\u00ebs dep\u00ebrton n\u00eb Indi n\u00eb em\u00ebr t\u00eb Shqip\u00ebris\u00eb","author":"Kurt Farka","date":"December 6, 2023","format":false,"excerpt":"6 Dhjetor 2023 Kinematografia vendore jo rrall\u00eb \u00ebsht\u00eb sfiduar nga politika. Ve\u00e7mas n\u00eb vendet q\u00eb nuk e njohin Kosov\u00ebn. Filmit \u201cOkarina\u201d me regji t\u00eb Alban Zogjanit dhe skenar t\u00eb Albana Muj\u00ebs i \u00ebsht\u00eb dashur t\u00eb b\u00ebj\u00eb kompromis p\u00ebr origjin\u00ebn duke u prezantuar si film i Shqip\u00ebris\u00eb. N\u00eb Indin\u00eb q\u00eb nuk\u2026","rel":"","context":"In &quot;Arte&quot;","block_context":{"text":"Arte","link":"https:\/\/www.shqiperia.com\/blog\/category\/arte\/"},"img":{"alt_text":"","src":"https:\/\/i0.wp.com\/www.shqiperia.com\/blog\/wp-content\/uploads\/2023\/12\/sddefault.jpg?fit=640%2C480&ssl=1&resize=350%2C200","width":350,"height":200,"srcset":"https:\/\/i0.wp.com\/www.shqiperia.com\/blog\/wp-content\/uploads\/2023\/12\/sddefault.jpg?fit=640%2C480&ssl=1&resize=350%2C200 1x, https:\/\/i0.wp.com\/www.shqiperia.com\/blog\/wp-content\/uploads\/2023\/12\/sddefault.jpg?fit=640%2C480&ssl=1&resize=525%2C300 1.5x"},"classes":[]},{"id":99495,"url":"https:\/\/www.shqiperia.com\/blog\/perballja-me-regjimin-jetike-berisha-akuza-policise-hodhen-spraj-ariu-dhe-dhunuan-zyrtaret-e-pd-se\/","url_meta":{"origin":27441,"position":5},"title":"\u201cP\u00ebrballja me regjimin, jetike\u201d, Berisha akuza Policis\u00eb: &#8211; Hodh\u00ebn spraj ariu dhe dhunuan zyrtar\u00ebt e PD-s\u00eb","author":"Kurt Farka","date":"April 18, 2026","format":false,"excerpt":"18 Prill 2026 Nga: tvklan.al Kryetari i Partis\u00eb Demokratike Sali Berisha ka dal\u00eb n\u00eb nj\u00eb komunikim n\u00eb rrjetet sociale me qytetar\u00ebt, ku po flet p\u00ebr protest\u00ebn e zhvilluar mbr\u00ebmjen e kaluar, m\u00eb 17 prill, para Kryeministris\u00eb. Gjat\u00eb fjal\u00ebs s\u00eb tij, Berisha ngriti akuza nga forcave t\u00eb Policis\u00eb s\u00eb Shtetit, duke\u2026","rel":"","context":"In &quot;Blogu i Udh\u00ebtarit&quot;","block_context":{"text":"Blogu i Udh\u00ebtarit","link":"https:\/\/www.shqiperia.com\/blog\/category\/blogu-i-udhetarit\/"},"img":{"alt_text":"","src":"https:\/\/i0.wp.com\/www.shqiperia.com\/blog\/wp-content\/uploads\/2026\/04\/Kukes-protesta-okok-2-1.jpeg?fit=1068%2C712&ssl=1&resize=350%2C200","width":350,"height":200,"srcset":"https:\/\/i0.wp.com\/www.shqiperia.com\/blog\/wp-content\/uploads\/2026\/04\/Kukes-protesta-okok-2-1.jpeg?fit=1068%2C712&ssl=1&resize=350%2C200 1x, https:\/\/i0.wp.com\/www.shqiperia.com\/blog\/wp-content\/uploads\/2026\/04\/Kukes-protesta-okok-2-1.jpeg?fit=1068%2C712&ssl=1&resize=525%2C300 1.5x, https:\/\/i0.wp.com\/www.shqiperia.com\/blog\/wp-content\/uploads\/2026\/04\/Kukes-protesta-okok-2-1.jpeg?fit=1068%2C712&ssl=1&resize=700%2C400 2x, https:\/\/i0.wp.com\/www.shqiperia.com\/blog\/wp-content\/uploads\/2026\/04\/Kukes-protesta-okok-2-1.jpeg?fit=1068%2C712&ssl=1&resize=1050%2C600 3x"},"classes":[]}],"_links":{"self":[{"href":"https:\/\/www.shqiperia.com\/blog\/wp-json\/wp\/v2\/posts\/27441","targetHints":{"allow":["GET"]}}],"collection":[{"href":"https:\/\/www.shqiperia.com\/blog\/wp-json\/wp\/v2\/posts"}],"about":[{"href":"https:\/\/www.shqiperia.com\/blog\/wp-json\/wp\/v2\/types\/post"}],"author":[{"embeddable":true,"href":"https:\/\/www.shqiperia.com\/blog\/wp-json\/wp\/v2\/users\/9"}],"replies":[{"embeddable":true,"href":"https:\/\/www.shqiperia.com\/blog\/wp-json\/wp\/v2\/comments?post=27441"}],"version-history":[{"count":2,"href":"https:\/\/www.shqiperia.com\/blog\/wp-json\/wp\/v2\/posts\/27441\/revisions"}],"predecessor-version":[{"id":27444,"href":"https:\/\/www.shqiperia.com\/blog\/wp-json\/wp\/v2\/posts\/27441\/revisions\/27444"}],"wp:featuredmedia":[{"embeddable":true,"href":"https:\/\/www.shqiperia.com\/blog\/wp-json\/wp\/v2\/media\/27442"}],"wp:attachment":[{"href":"https:\/\/www.shqiperia.com\/blog\/wp-json\/wp\/v2\/media?parent=27441"}],"wp:term":[{"taxonomy":"category","embeddable":true,"href":"https:\/\/www.shqiperia.com\/blog\/wp-json\/wp\/v2\/categories?post=27441"},{"taxonomy":"post_tag","embeddable":true,"href":"https:\/\/www.shqiperia.com\/blog\/wp-json\/wp\/v2\/tags?post=27441"}],"curies":[{"name":"wp","href":"https:\/\/api.w.org\/{rel}","templated":true}]}}