{"id":27438,"date":"2019-10-29T07:21:50","date_gmt":"2019-10-29T07:21:50","guid":{"rendered":"https:\/\/www.shqiperia.com\/blog\/?p=27438"},"modified":"2019-10-29T07:21:50","modified_gmt":"2019-10-29T07:21:50","slug":"ja-sa-shqiptare-kane-marre-leje-qendrimi-ne-be-dekaden-e-fundit-kryesojne-italia-e-greqia-rritet-ndjeshem-gjermania","status":"publish","type":"post","link":"https:\/\/www.shqiperia.com\/blog\/ja-sa-shqiptare-kane-marre-leje-qendrimi-ne-be-dekaden-e-fundit-kryesojne-italia-e-greqia-rritet-ndjeshem-gjermania\/","title":{"rendered":"Ja sa shqiptar\u00eb kan\u00eb marr\u00eb leje q\u00ebndrimi n\u00eb BE dekad\u00ebn e fundit, kryesojn\u00eb Italia e Greqia, rritet ndjesh\u00ebm Gjermania. &#8211;"},"content":{"rendered":"<p><img data-recalc-dims=\"1\" loading=\"lazy\" decoding=\"async\" data-attachment-id=\"27439\" data-permalink=\"https:\/\/www.shqiperia.com\/blog\/ja-sa-shqiptare-kane-marre-leje-qendrimi-ne-be-dekaden-e-fundit-kryesojne-italia-e-greqia-rritet-ndjeshem-gjermania\/db95db39-e848-477f-be71-9ecc02e7dead-768x427\/\" data-orig-file=\"https:\/\/i0.wp.com\/www.shqiperia.com\/blog\/wp-content\/uploads\/2019\/10\/DB95DB39-E848-477F-BE71-9ECC02E7DEAD-768x427.png?fit=768%2C427&amp;ssl=1\" data-orig-size=\"768,427\" data-comments-opened=\"1\" data-image-meta=\"{&quot;aperture&quot;:&quot;0&quot;,&quot;credit&quot;:&quot;&quot;,&quot;camera&quot;:&quot;&quot;,&quot;caption&quot;:&quot;&quot;,&quot;created_timestamp&quot;:&quot;0&quot;,&quot;copyright&quot;:&quot;&quot;,&quot;focal_length&quot;:&quot;0&quot;,&quot;iso&quot;:&quot;0&quot;,&quot;shutter_speed&quot;:&quot;0&quot;,&quot;title&quot;:&quot;&quot;,&quot;orientation&quot;:&quot;0&quot;}\" data-image-title=\"DB95DB39-E848-477F-BE71-9ECC02E7DEAD-768&#215;427\" data-image-description=\"\" data-image-caption=\"\" data-medium-file=\"https:\/\/i0.wp.com\/www.shqiperia.com\/blog\/wp-content\/uploads\/2019\/10\/DB95DB39-E848-477F-BE71-9ECC02E7DEAD-768x427.png?fit=300%2C167&amp;ssl=1\" data-large-file=\"https:\/\/i0.wp.com\/www.shqiperia.com\/blog\/wp-content\/uploads\/2019\/10\/DB95DB39-E848-477F-BE71-9ECC02E7DEAD-768x427.png?fit=768%2C427&amp;ssl=1\" class=\"alignnone  wp-image-27439\" alt=\"\" src=\"https:\/\/i0.wp.com\/www.shqiperia.com\/blog\/wp-content\/uploads\/2019\/10\/DB95DB39-E848-477F-BE71-9ECC02E7DEAD-768x427.png?resize=492%2C274&#038;ssl=1\" width=\"492\" height=\"274\" srcset=\"https:\/\/i0.wp.com\/www.shqiperia.com\/blog\/wp-content\/uploads\/2019\/10\/DB95DB39-E848-477F-BE71-9ECC02E7DEAD-768x427.png?resize=300%2C167&amp;ssl=1 300w, https:\/\/i0.wp.com\/www.shqiperia.com\/blog\/wp-content\/uploads\/2019\/10\/DB95DB39-E848-477F-BE71-9ECC02E7DEAD-768x427.png?resize=768%2C427&amp;ssl=1 768w, https:\/\/i0.wp.com\/www.shqiperia.com\/blog\/wp-content\/uploads\/2019\/10\/DB95DB39-E848-477F-BE71-9ECC02E7DEAD-768x427.png?resize=450%2C250&amp;ssl=1 450w, https:\/\/i0.wp.com\/www.shqiperia.com\/blog\/wp-content\/uploads\/2019\/10\/DB95DB39-E848-477F-BE71-9ECC02E7DEAD-768x427.png?resize=600%2C334&amp;ssl=1 600w, https:\/\/i0.wp.com\/www.shqiperia.com\/blog\/wp-content\/uploads\/2019\/10\/DB95DB39-E848-477F-BE71-9ECC02E7DEAD-768x427.png?resize=400%2C222&amp;ssl=1 400w\" sizes=\"auto, (max-width: 492px) 100vw, 492px\" \/><\/p>\n<p>Ja sa shqiptar\u00eb kan\u00eb marr\u00eb leje q\u00ebndrimi n\u00eb BE dekad\u00ebn e fundit, kryesojn\u00eb Italia e Greqia, rritet ndjesh\u00ebm Gjermania<\/p>\n<p><em>29 tetor 2019<\/em><\/p>\n<p><strong>Jan\u00eb 622 mij\u00eb shqiptar\u00eb q\u00eb n\u00eb dekad\u00ebn e fundit (2008-2018) kan\u00eb marr\u00eb leje q\u00ebndrimit n\u00eb nj\u00eb nga vendet e Bashkimit Europian, sipas t\u00eb dh\u00ebnave t\u00eb publikuara nga Eurostat dhe t\u00eb p\u00ebrpunuara nga Monitor.<\/strong><\/p>\n<p>Numri m\u00eb i lart\u00eb i lejeve t\u00eb dh\u00ebna ka qen\u00eb n\u00eb periudh\u00ebn 2008-2010, ku rekordi \u00ebsht\u00eb n\u00eb vitin 2008 me gati 100 mij\u00eb lek\u00eb, p\u00ebr t\u00eb zbritur n\u00eb 75 mij\u00eb n\u00eb 2010-n, q\u00eb p\u00ebrkon dhe me emigracionin e lart\u00eb t\u00eb asaj kohe.<\/p>\n<p>M\u00eb pas \u00ebsht\u00eb sh\u00ebnuar nj\u00eb r\u00ebnie e ndjeshme e lejeve, ku minimumi u arrit n\u00eb 2013-n, me rreth 31.2 mij\u00eb leje.<\/p>\n<p>Rigjall\u00ebrimi i ciklit t\u00eb emigracionit sh\u00ebnoi dhe rritjen e lejeve n\u00eb viet e m\u00ebpasshme, duke arritur n\u00eb 2018-n, me rreth 62.5 mij\u00eb t\u00eb tilla, niveli m\u00eb i lart\u00eb q\u00eb nga viti 2010.<\/p>\n<p>Sipas shteteve, rekordin e mban Italia, me 308 mij\u00eb leje t\u00eb dh\u00ebna n\u00eb dekad\u00ebn e fundit, ose rreth 50% t\u00eb totalit. N\u00eb vend t\u00eb dyt\u00eb \u00ebsht\u00eb Greqia, me 224 mij\u00eb lek\u00eb (36%).<\/p>\n<p>Nga t\u00eb dy k\u00ebto shtete ka nj\u00eb r\u00ebnie t\u00eb ndjeshme t\u00eb ndjeshme t\u00eb lejeve t\u00eb q\u00ebndrimit vitet e fundit n\u00eb raport me periudh\u00ebn 2008-2010. (shiko grafik\u00ebt e lejeve nga Greqia e Italia).<\/p>\n<p>N\u00eb t\u00eb kund\u00ebrt, rritje t\u00eb ndjeshme vitet e fundit ka sh\u00ebnuar dhe Gjermania, q\u00eb ka dh\u00ebn\u00eb gjithsej 28 mij\u00eb leje, nga t\u00eb cilat 10 mij\u00eb i ka dh\u00ebn\u00eb vet\u00ebm n\u00eb 2018-n. Gjermania s\u00eb fundmi \u00ebsht\u00eb kthyer n\u00eb destinacion t\u00eb preferuar t\u00eb profesionist\u00ebve shqiptar\u00eb, pasi p\u00ebr shkak t\u00eb munges\u00ebs s\u00eb fuqis\u00eb s\u00eb kualifikuar pun\u00ebtore, ekonomia m\u00eb e madhe e Europ\u00ebs po josh infermier\u00eb, IT, inxhinier\u00eb (shiko grafikun m\u00eb posht\u00eb, lejet e q\u00ebndrimit dh\u00ebn\u00eb nga Gjermania).<\/p>\n<p>Mbret\u00ebria e bashkuar \u00ebsht\u00eb n\u00eb vend t\u00eb kat\u00ebrt me mbi 3 mij\u00eb lej\u00eb n\u00eb vit gjat\u00eb 2017-2018 (total gati 20 mij\u00eb).<\/p>\n<p>M\u00eb pas renditet Franca, me 10.7 mij\u00eb leje, ku dy vitet e fundit jan\u00eb dh\u00ebn\u00eb rreth 2 mij\u00eb leje n\u00eb vit.<\/p>\n<p><strong>Lejet e dh\u00ebna t\u00eb vitin 2018 rriten me 20%<\/strong><\/p>\n<p>N\u00eb Bashkimin Europian vet\u00ebm p\u00ebr vitin 2018 jan\u00eb dh\u00ebn\u00eb 62,525 leje q\u00ebndrimi p\u00ebr her\u00eb t\u00eb par\u00eb p\u00ebr shqiptar\u00ebt, duke sh\u00ebnuar k\u00ebshtu nj\u00eb rritje me 20% n\u00eb krahasim me nj\u00eb vit m\u00eb par\u00eb. N\u00eb 2017-n, sipas t\u00eb dh\u00ebnave t\u00eb publikuara nga Eurostat jan\u00eb dh\u00ebn\u00eb rreth 51 mij\u00eb leje q\u00ebndrimi.<\/p>\n<p>N\u00eb Itali dhe Greqi, shqiptar\u00ebt jan\u00eb popullsia e par\u00eb p\u00ebr nga numri i lejeve t\u00eb dh\u00ebna. K\u00ebshtu, Greqia n\u00eb total ka dh\u00ebn\u00eb p\u00ebr t\u00eb huajt 35,571 leje q\u00ebndrimi, prej t\u00eb cilave 16,900 jan\u00eb dh\u00ebn\u00eb p\u00ebr shqiptar\u00ebt, apo rreth 47%. Nd\u00ebrsa n\u00eb vend t\u00eb dyt\u00eb renditen Kina me 12.7% dhe Gjeorgjia me 6.9%.<\/p>\n<p>N\u00eb vendin tjet\u00ebr fqinj, Itali, jan\u00eb dh\u00ebn\u00eb n\u00eb total mbi 238 mij\u00eb leje q\u00ebndrimi, ku edhe k\u00ebtu shqiptar\u00ebt zinin vendin e pare me 23,147 leje q\u00ebndrimi, apo 9.7% e totalit, duke u pasuar nga maroken\u00ebt me 20 mij\u00eb leje q\u00ebndrimi dhe nigerian\u00ebt me gati 15 mij\u00eb leje.<\/p>\n<p>N\u00eb t\u00eb gjith\u00eb bashkimin Europian jan\u00eb dh\u00ebn\u00eb n\u00eb total 3,2 milion\u00eb leje q\u00ebndrimi. Pjesa m\u00eb e madhe e tyre jan\u00eb dh\u00ebn\u00eb p\u00ebr arsye familjare me rreth 28.4% t\u00eb totalit, nd\u00ebrsa n\u00eb vend t\u00eb dyt\u00eb renditen arsyet e pun\u00ebsimit me rreth 27.5% t\u00eb totalit, t\u00eb ndjekur nga arsyet e shkollimit apo rreth 20%, nd\u00ebrsa arsyet e tjera zinin rreth 24%.<\/p>\n<p>P\u00ebr sa i p\u00ebrket lejeve t\u00eb dh\u00ebna p\u00ebr shqiptar\u00ebt, n\u00eb vitin 2018 rreth 34 mij\u00eb leje q\u00ebndrimi jan\u00eb dh\u00ebn\u00eb p\u00ebr arsye familjare, ku njer\u00ebz q\u00eb punojn\u00eb dhe jetojn\u00eb n\u00eb BE, marrin dhe familjar\u00ebt e tyre. N\u00eb vend t\u00eb dyt\u00eb renditet lejet e q\u00ebndrimi p\u00ebr arsye pun\u00ebsimi, ku Be-ja dha 9900 leje, rreth 76% m\u00eb shum\u00eb se nj\u00eb vit m\u00eb par\u00eb.<\/p>\n<p>Lejet e dh\u00ebna p\u00ebr arsye t\u00eb tjera ishin n\u00eb total 15597 leje q\u00ebndrimi, apo 245 e totalit. Nd\u00ebrsa p\u00ebr arsye shkollimi n\u00eb 2018-n u dhan\u00eb 2587 leje.<\/p>\n<p>Rreth 65% e lejeve n\u00eb total ishin n\u00eb Itali dhe n\u00eb Greqi, nd\u00ebrsa nj\u00eb pesh\u00eb t\u00eb konsiderueshme zinin dhe lejet e dh\u00ebna nga Gjermania, p\u00ebrb\u00ebnin rreth 17% t\u00eb totalit t\u00eb lejeve.\u00a0<strong>Monitor<\/strong><\/p>\n","protected":false},"excerpt":{"rendered":"<p>Ja sa shqiptar\u00eb kan\u00eb marr\u00eb leje q\u00ebndrimi n\u00eb BE dekad\u00ebn e fundit, kryesojn\u00eb Italia e Greqia, rritet ndjesh\u00ebm Gjermania 29 tetor 2019 Jan\u00eb 622 mij\u00eb shqiptar\u00eb q\u00eb n\u00eb dekad\u00ebn e fundit (2008-2018) kan\u00eb marr\u00eb leje q\u00ebndrimit n\u00eb nj\u00eb nga vendet e Bashkimit Europian, sipas t\u00eb dh\u00ebnave t\u00eb publikuara nga Eurostat dhe t\u00eb p\u00ebrpunuara nga Monitor. [&hellip;]<\/p>\n","protected":false},"author":9,"featured_media":27439,"comment_status":"open","ping_status":"open","sticky":false,"template":"","format":"standard","meta":{"jetpack_post_was_ever_published":false,"_jetpack_newsletter_access":"","_jetpack_dont_email_post_to_subs":false,"_jetpack_newsletter_tier_id":0,"_jetpack_memberships_contains_paywalled_content":false,"_jetpack_memberships_contains_paid_content":false,"footnotes":"","jetpack_publicize_message":"","jetpack_publicize_feature_enabled":true,"jetpack_social_post_already_shared":true,"jetpack_social_options":{"image_generator_settings":{"template":"highway","default_image_id":0,"font":"","enabled":false},"version":2}},"categories":[27,2,35],"tags":[],"class_list":["post-27438","post","type-post","status-publish","format-standard","has-post-thumbnail","hentry","category-blogu-i-udhetarit","category-politika","category-shoqerore"],"jetpack_publicize_connections":[],"jetpack_featured_media_url":"https:\/\/i0.wp.com\/www.shqiperia.com\/blog\/wp-content\/uploads\/2019\/10\/DB95DB39-E848-477F-BE71-9ECC02E7DEAD-768x427.png?fit=768%2C427&ssl=1","jetpack_sharing_enabled":true,"jetpack_shortlink":"https:\/\/wp.me\/p5Z6wp-78y","jetpack-related-posts":[{"id":51892,"url":"https:\/\/www.shqiperia.com\/blog\/ikja-e-te-rinjve-52-e-lejeve-te-qendrimit-ne-be-ne-2020-u-dhane-per-shqiptaret-nen-19-vjec\/","url_meta":{"origin":27438,"position":0},"title":"Ikja e t\u00eb rinjve. &#8211; 52% e lejeve t\u00eb q\u00ebndrimit n\u00eb BE n\u00eb 2020 u dhan\u00eb p\u00ebr shqiptar\u00ebt n\u00ebn 19 vje\u00e7.","author":"Kurt Farka","date":"December 1, 2021","format":false,"excerpt":"Ikja e t\u00eb rinjve. - 52% e lejeve t\u00eb q\u00ebndrimit n\u00eb BE n\u00eb 2020 u dhan\u00eb p\u00ebr shqiptar\u00ebt n\u00ebn 19 vje\u00e7. 1 DHJETOR 2021 T\u00eb rinjt\u00eb shqiptar\u00eb t\u00eb mosh\u00ebs n\u00ebn 19 vje\u00e7 po marrin pjes\u00ebn m\u00eb t\u00eb madhe t\u00eb lejeve t\u00eb q\u00ebndrimit q\u00eb po jepen nga vendet an\u00ebtare t\u00eb Bashkimit\u2026","rel":"","context":"In &quot;Blogu i Udh\u00ebtarit&quot;","block_context":{"text":"Blogu i Udh\u00ebtarit","link":"https:\/\/www.shqiperia.com\/blog\/category\/blogu-i-udhetarit\/"},"img":{"alt_text":"","src":"https:\/\/i0.wp.com\/www.shqiperia.com\/blog\/wp-content\/uploads\/2021\/12\/640-0-61a71d0d6065e.jpg?fit=640%2C361&ssl=1&resize=350%2C200","width":350,"height":200,"srcset":"https:\/\/i0.wp.com\/www.shqiperia.com\/blog\/wp-content\/uploads\/2021\/12\/640-0-61a71d0d6065e.jpg?fit=640%2C361&ssl=1&resize=350%2C200 1x, https:\/\/i0.wp.com\/www.shqiperia.com\/blog\/wp-content\/uploads\/2021\/12\/640-0-61a71d0d6065e.jpg?fit=640%2C361&ssl=1&resize=525%2C300 1.5x"},"classes":[]},{"id":93764,"url":"https:\/\/www.shqiperia.com\/blog\/emigracioni-behet-shqetesues-eurostat-1-milion-shqiptare-kane-ikur-ne-16-vitet-e-fundit\/","url_meta":{"origin":27438,"position":1},"title":"Emigracioni b\u00ebhet shqet\u00ebsues\/ Eurostat: 1 milion shqiptar\u00eb kan\u00eb ikur n\u00eb 16 vitet e fundit","author":"Kurt Farka","date":"September 16, 2025","format":false,"excerpt":"16 Shtator 2025 Nga viti 2008 deri n\u00eb 2024 rreth 1 milion\u00eb shqiptare kan\u00eb marr\u00eb leje q\u00ebndrimi p\u00ebr her\u00eb t\u00eb par\u00eb n\u00eb nj\u00eb nga vendet e Bashkimit Europian, sipas t\u00eb dh\u00ebnave t\u00eb Eurostat. Shqiptar\u00ebt me leje q\u00ebndrimi t\u00eb rregullt p\u00ebrb\u00ebjn\u00eb rreth 41% t\u00eb popullsie q\u00eb jeton ende k\u00ebtu. Por totali\u2026","rel":"","context":"In &quot;Blogu i Udh\u00ebtarit&quot;","block_context":{"text":"Blogu i Udh\u00ebtarit","link":"https:\/\/www.shqiperia.com\/blog\/category\/blogu-i-udhetarit\/"},"img":{"alt_text":"","src":"https:\/\/i0.wp.com\/www.shqiperia.com\/blog\/wp-content\/uploads\/2025\/09\/640-0-auto-emigracioni1757999896-1758000275.jpg?fit=640%2C442&ssl=1&resize=350%2C200","width":350,"height":200,"srcset":"https:\/\/i0.wp.com\/www.shqiperia.com\/blog\/wp-content\/uploads\/2025\/09\/640-0-auto-emigracioni1757999896-1758000275.jpg?fit=640%2C442&ssl=1&resize=350%2C200 1x, https:\/\/i0.wp.com\/www.shqiperia.com\/blog\/wp-content\/uploads\/2025\/09\/640-0-auto-emigracioni1757999896-1758000275.jpg?fit=640%2C442&ssl=1&resize=525%2C300 1.5x"},"classes":[]},{"id":98828,"url":"https:\/\/www.shqiperia.com\/blog\/emigrantet-shqiptare-po-behen-qytetare-te-be-vetem-ne-dekaden-e-fundit-kane-marre-shtetesi-evropiane-rreth-522-mije-persona\/","url_meta":{"origin":27438,"position":2},"title":"Emigrant\u00ebt shqiptar\u00eb po b\u00ebhen qytetar\u00eb t\u00eb BE, vet\u00ebm n\u00eb dekad\u00ebn e fundit kan\u00eb marr\u00eb shtet\u00ebsi evropiane rreth 522 mij\u00eb persona","author":"Kurt Farka","date":"March 30, 2026","format":false,"excerpt":"30 Mars 2026 Emigrant\u00ebt q\u00eb kan\u00eb ikur nga Shqip\u00ebria, tashm\u00eb po b\u00ebhen qytetar\u00ebt t\u00eb vendeve t\u00eb BE-s\u00eb me t\u00eb drejta t\u00eb plota. N\u00eb vitin 2024, rreth 48.2 mij\u00eb shtetas shqiptar\u00eb mor\u00ebn shtet\u00ebsi n\u00eb nj\u00eb nga vendet e Bashkimit Europian, sipas t\u00eb dh\u00ebnave t\u00eb Eurostat. Marrja e shtet\u00ebsis\u00eb \u00ebsht\u00eb procesi p\u00ebrmes\u2026","rel":"","context":"In &quot;Blogu i Udh\u00ebtarit&quot;","block_context":{"text":"Blogu i Udh\u00ebtarit","link":"https:\/\/www.shqiperia.com\/blog\/category\/blogu-i-udhetarit\/"},"img":{"alt_text":"","src":"https:\/\/i0.wp.com\/www.shqiperia.com\/blog\/wp-content\/uploads\/2026\/03\/auto_europa1514821168-770x433-1.jpg?fit=770%2C433&ssl=1&resize=350%2C200","width":350,"height":200,"srcset":"https:\/\/i0.wp.com\/www.shqiperia.com\/blog\/wp-content\/uploads\/2026\/03\/auto_europa1514821168-770x433-1.jpg?fit=770%2C433&ssl=1&resize=350%2C200 1x, https:\/\/i0.wp.com\/www.shqiperia.com\/blog\/wp-content\/uploads\/2026\/03\/auto_europa1514821168-770x433-1.jpg?fit=770%2C433&ssl=1&resize=525%2C300 1.5x, https:\/\/i0.wp.com\/www.shqiperia.com\/blog\/wp-content\/uploads\/2026\/03\/auto_europa1514821168-770x433-1.jpg?fit=770%2C433&ssl=1&resize=700%2C400 2x"},"classes":[]},{"id":49849,"url":"https:\/\/www.shqiperia.com\/blog\/aktualitet-po-plakemi-12-mije-e-200-femije-iken-nga-shqiperia-vetem-ne-nje-vit\/","url_meta":{"origin":27438,"position":3},"title":"Aktualitet:\u00a0 Po plakemi \u00a0&#8211; 12 mij\u00eb e 200 f\u00ebmij\u00eb ik\u00ebn nga Shqip\u00ebria vet\u00ebm n\u00eb nj\u00eb vit","author":"Kurt Farka","date":"September 14, 2021","format":false,"excerpt":"Aktualitet:\u00a0 Po plakemi \u00a0- 12 mij\u00eb e 200 f\u00ebmij\u00eb ik\u00ebn nga Shqip\u00ebria vet\u00ebm n\u00eb nj\u00eb vit Gusht 2021 Shifrat e frikshme t\u00eb shtegtimit t\u00eb shqiptar\u00ebve n\u00eb vendet e BE flasin p\u00ebr largim masiv sidomos t\u00eb f\u00ebmij\u00ebve, q\u00eb marrin leje qendrimi p\u00ebr arsye familjare. Sipas eurostat, vet\u00ebm vitin e kaluar, 12\u2026","rel":"","context":"In &quot;Blogu i Udh\u00ebtarit&quot;","block_context":{"text":"Blogu i Udh\u00ebtarit","link":"https:\/\/www.shqiperia.com\/blog\/category\/blogu-i-udhetarit\/"},"img":{"alt_text":"","src":"https:\/\/i0.wp.com\/www.shqiperia.com\/blog\/wp-content\/uploads\/2021\/09\/C19C7B61-F5E7-4593-9030-4AFE89D1AA3B.jpeg?fit=1200%2C674&ssl=1&resize=350%2C200","width":350,"height":200,"srcset":"https:\/\/i0.wp.com\/www.shqiperia.com\/blog\/wp-content\/uploads\/2021\/09\/C19C7B61-F5E7-4593-9030-4AFE89D1AA3B.jpeg?fit=1200%2C674&ssl=1&resize=350%2C200 1x, https:\/\/i0.wp.com\/www.shqiperia.com\/blog\/wp-content\/uploads\/2021\/09\/C19C7B61-F5E7-4593-9030-4AFE89D1AA3B.jpeg?fit=1200%2C674&ssl=1&resize=525%2C300 1.5x, https:\/\/i0.wp.com\/www.shqiperia.com\/blog\/wp-content\/uploads\/2021\/09\/C19C7B61-F5E7-4593-9030-4AFE89D1AA3B.jpeg?fit=1200%2C674&ssl=1&resize=700%2C400 2x, https:\/\/i0.wp.com\/www.shqiperia.com\/blog\/wp-content\/uploads\/2021\/09\/C19C7B61-F5E7-4593-9030-4AFE89D1AA3B.jpeg?fit=1200%2C674&ssl=1&resize=1050%2C600 3x"},"classes":[]},{"id":68897,"url":"https:\/\/www.shqiperia.com\/blog\/mbi-gjysem-milioni-shqiptare-kane-marre-pasaporta-te-be-se-qe-nga-2002-ketu-nuk-perfshihen-te-punesuarit-me-kontrata-provizore\/","url_meta":{"origin":27438,"position":4},"title":"Mbi gjys\u00ebm milioni shqiptar\u00eb kan\u00eb marr\u00eb pasaporta t\u00eb BE-s\u00eb q\u00eb nga 2002. &#8211; Ketu nuk perfshihen te punesuarit me kontrata provizore","author":"Kurt Farka","date":"March 2, 2023","format":false,"excerpt":"2 Mars 2023 Jan\u00eb rreth 554 mij\u00eb shtetas shqiptar\u00eb t\u00eb cil\u00ebt jan\u00eb larguar n\u00eb vite nga vendi dhe kan\u00eb arritur q\u00eb t\u00eb marrin nj\u00eb pasaport\u00eb n\u00eb nj\u00eb nga vendet e Bashkimit Evropian q\u00eb nga viti 2002, sipas t\u00eb dh\u00ebnave q\u00eb jan\u00eb b\u00ebr\u00eb publike n\u00eb databaz\u00ebn e Eurostat. Numri m\u00eb i\u2026","rel":"","context":"In &quot;Blogu i Udh\u00ebtarit&quot;","block_context":{"text":"Blogu i Udh\u00ebtarit","link":"https:\/\/www.shqiperia.com\/blog\/category\/blogu-i-udhetarit\/"},"img":{"alt_text":"","src":"https:\/\/i0.wp.com\/www.shqiperia.com\/blog\/wp-content\/uploads\/2023\/03\/marrja-e-pasaportes.jpg?fit=1000%2C563&ssl=1&resize=350%2C200","width":350,"height":200,"srcset":"https:\/\/i0.wp.com\/www.shqiperia.com\/blog\/wp-content\/uploads\/2023\/03\/marrja-e-pasaportes.jpg?fit=1000%2C563&ssl=1&resize=350%2C200 1x, https:\/\/i0.wp.com\/www.shqiperia.com\/blog\/wp-content\/uploads\/2023\/03\/marrja-e-pasaportes.jpg?fit=1000%2C563&ssl=1&resize=525%2C300 1.5x, https:\/\/i0.wp.com\/www.shqiperia.com\/blog\/wp-content\/uploads\/2023\/03\/marrja-e-pasaportes.jpg?fit=1000%2C563&ssl=1&resize=700%2C400 2x"},"classes":[]},{"id":64619,"url":"https:\/\/www.shqiperia.com\/blog\/2022-jepen-5233-leje-pune-per-te-huajt-ne-9-mujor-me-shume-se-i-gjithi-viti-2021\/","url_meta":{"origin":27438,"position":5},"title":"2022: &#8211; Jepen 5233 leje pune p\u00ebr t\u00eb huajt n\u00eb 9-mujor, m\u00eb shum\u00eb se i gjithi viti 2021","author":"Kurt Farka","date":"November 22, 2022","format":false,"excerpt":"22 Nentor 2022 Emergjenca p\u00ebr t\u00eb plot\u00ebsuar nevojat e tregut t\u00eb pun\u00ebs me punonj\u00ebs t\u00eb huaj po rritet me shpejt\u00ebsi muaj pas muaji, p\u00ebr shkak t\u00eb emigracionit t\u00eb lart\u00eb t\u00eb fuqis\u00eb pun\u00ebtore vendase dhe nga ana tjet\u00ebr nga rritja e k\u00ebrkes\u00ebs p\u00ebr t\u00eb prodhuar n\u00eb Shqip\u00ebri pas pandemis\u00eb Covid-19 dhe\u2026","rel":"","context":"In &quot;Blogu i Udh\u00ebtarit&quot;","block_context":{"text":"Blogu i Udh\u00ebtarit","link":"https:\/\/www.shqiperia.com\/blog\/category\/blogu-i-udhetarit\/"},"img":{"alt_text":"","src":"https:\/\/i0.wp.com\/www.shqiperia.com\/blog\/wp-content\/uploads\/2022\/11\/Schermata-2022-11-21-alle-23.15.22.png?fit=887%2C576&ssl=1&resize=350%2C200","width":350,"height":200,"srcset":"https:\/\/i0.wp.com\/www.shqiperia.com\/blog\/wp-content\/uploads\/2022\/11\/Schermata-2022-11-21-alle-23.15.22.png?fit=887%2C576&ssl=1&resize=350%2C200 1x, https:\/\/i0.wp.com\/www.shqiperia.com\/blog\/wp-content\/uploads\/2022\/11\/Schermata-2022-11-21-alle-23.15.22.png?fit=887%2C576&ssl=1&resize=525%2C300 1.5x, https:\/\/i0.wp.com\/www.shqiperia.com\/blog\/wp-content\/uploads\/2022\/11\/Schermata-2022-11-21-alle-23.15.22.png?fit=887%2C576&ssl=1&resize=700%2C400 2x"},"classes":[]}],"_links":{"self":[{"href":"https:\/\/www.shqiperia.com\/blog\/wp-json\/wp\/v2\/posts\/27438","targetHints":{"allow":["GET"]}}],"collection":[{"href":"https:\/\/www.shqiperia.com\/blog\/wp-json\/wp\/v2\/posts"}],"about":[{"href":"https:\/\/www.shqiperia.com\/blog\/wp-json\/wp\/v2\/types\/post"}],"author":[{"embeddable":true,"href":"https:\/\/www.shqiperia.com\/blog\/wp-json\/wp\/v2\/users\/9"}],"replies":[{"embeddable":true,"href":"https:\/\/www.shqiperia.com\/blog\/wp-json\/wp\/v2\/comments?post=27438"}],"version-history":[{"count":1,"href":"https:\/\/www.shqiperia.com\/blog\/wp-json\/wp\/v2\/posts\/27438\/revisions"}],"predecessor-version":[{"id":27440,"href":"https:\/\/www.shqiperia.com\/blog\/wp-json\/wp\/v2\/posts\/27438\/revisions\/27440"}],"wp:featuredmedia":[{"embeddable":true,"href":"https:\/\/www.shqiperia.com\/blog\/wp-json\/wp\/v2\/media\/27439"}],"wp:attachment":[{"href":"https:\/\/www.shqiperia.com\/blog\/wp-json\/wp\/v2\/media?parent=27438"}],"wp:term":[{"taxonomy":"category","embeddable":true,"href":"https:\/\/www.shqiperia.com\/blog\/wp-json\/wp\/v2\/categories?post=27438"},{"taxonomy":"post_tag","embeddable":true,"href":"https:\/\/www.shqiperia.com\/blog\/wp-json\/wp\/v2\/tags?post=27438"}],"curies":[{"name":"wp","href":"https:\/\/api.w.org\/{rel}","templated":true}]}}