{"id":27429,"date":"2019-10-28T20:58:21","date_gmt":"2019-10-28T20:58:21","guid":{"rendered":"https:\/\/www.shqiperia.com\/blog\/?p=27429"},"modified":"2019-10-28T20:58:21","modified_gmt":"2019-10-28T20:58:21","slug":"qokat-e-gentit-pa-status-e-pa-mandat-ja-diplomatet-qe-perfaqesojne-shqiperine-lidhjet-me-politiken","status":"publish","type":"post","link":"https:\/\/www.shqiperia.com\/blog\/qokat-e-gentit-pa-status-e-pa-mandat-ja-diplomatet-qe-perfaqesojne-shqiperine-lidhjet-me-politiken\/","title":{"rendered":"Qokat e Gentit\/ Pa status e pa mandat, ja diplomat\u00ebt q\u00eb p\u00ebrfaq\u00ebsojn\u00eb Shqip\u00ebrin\u00eb, lidhjet me politik\u00ebn"},"content":{"rendered":"<p><img data-recalc-dims=\"1\" loading=\"lazy\" decoding=\"async\" data-attachment-id=\"27430\" data-permalink=\"https:\/\/www.shqiperia.com\/blog\/qokat-e-gentit-pa-status-e-pa-mandat-ja-diplomatet-qe-perfaqesojne-shqiperine-lidhjet-me-politiken\/cakaj\/\" data-orig-file=\"https:\/\/i0.wp.com\/www.shqiperia.com\/blog\/wp-content\/uploads\/2019\/10\/cakaj.jpg?fit=628%2C328&amp;ssl=1\" data-orig-size=\"628,328\" data-comments-opened=\"1\" data-image-meta=\"{&quot;aperture&quot;:&quot;0&quot;,&quot;credit&quot;:&quot;&quot;,&quot;camera&quot;:&quot;&quot;,&quot;caption&quot;:&quot;&quot;,&quot;created_timestamp&quot;:&quot;0&quot;,&quot;copyright&quot;:&quot;&quot;,&quot;focal_length&quot;:&quot;0&quot;,&quot;iso&quot;:&quot;0&quot;,&quot;shutter_speed&quot;:&quot;0&quot;,&quot;title&quot;:&quot;&quot;,&quot;orientation&quot;:&quot;0&quot;}\" data-image-title=\"cakaj\" data-image-description=\"\" data-image-caption=\"\" data-medium-file=\"https:\/\/i0.wp.com\/www.shqiperia.com\/blog\/wp-content\/uploads\/2019\/10\/cakaj.jpg?fit=300%2C157&amp;ssl=1\" data-large-file=\"https:\/\/i0.wp.com\/www.shqiperia.com\/blog\/wp-content\/uploads\/2019\/10\/cakaj.jpg?fit=628%2C328&amp;ssl=1\" class=\"alignnone  wp-image-27430\" alt=\"\" src=\"https:\/\/i0.wp.com\/www.shqiperia.com\/blog\/wp-content\/uploads\/2019\/10\/cakaj.jpg?resize=571%2C299&#038;ssl=1\" width=\"571\" height=\"299\" srcset=\"https:\/\/i0.wp.com\/www.shqiperia.com\/blog\/wp-content\/uploads\/2019\/10\/cakaj.jpg?resize=300%2C157&amp;ssl=1 300w, https:\/\/i0.wp.com\/www.shqiperia.com\/blog\/wp-content\/uploads\/2019\/10\/cakaj.jpg?resize=450%2C235&amp;ssl=1 450w, https:\/\/i0.wp.com\/www.shqiperia.com\/blog\/wp-content\/uploads\/2019\/10\/cakaj.jpg?resize=600%2C313&amp;ssl=1 600w, https:\/\/i0.wp.com\/www.shqiperia.com\/blog\/wp-content\/uploads\/2019\/10\/cakaj.jpg?resize=400%2C209&amp;ssl=1 400w, https:\/\/i0.wp.com\/www.shqiperia.com\/blog\/wp-content\/uploads\/2019\/10\/cakaj.jpg?w=628&amp;ssl=1 628w\" sizes=\"auto, (max-width: 571px) 100vw, 571px\" \/><\/p>\n<p>Qokat e Gentit\/ Pa status e pa mandat, ja diplomat\u00ebt q\u00eb p\u00ebrfaq\u00ebsojn\u00eb Shqip\u00ebrin\u00eb, lidhjet me politik\u00ebn<\/p>\n<p>Tetor 28, 2019<\/p>\n<p><strong>Nga Boldnews.al<\/strong><\/p>\n<p>Shteti shqiptar p\u00ebrfaq\u00ebsohet n\u00eb aren\u00ebn nd\u00ebrkomb\u00ebtare, sidomos n\u00eb vendet kryesore, me t\u00eb cilat jan\u00eb edhe raportet m\u00eb t\u00eb r\u00ebnd\u00ebsishme, me nj\u00eb konglomerat ambasador\u00ebsh me mandat t\u00eb p\u00ebrfunduar, me persona pa status diplomatik, me ish-misse, ish-sekretare n\u00eb zyrat e ministris\u00eb s\u00eb Jashtme, si edhe n\u00eb shumic\u00eb me familjar\u00eb e t\u00eb af\u00ebrt t\u00eb zyrtar\u00ebve t\u00eb lart\u00eb shtet\u00ebror\u00eb.<\/p>\n<p>Nj\u00eb denoncim i mb\u00ebrritur n\u00eb adres\u00ebn e \u201c<strong>Boldnews.al<\/strong>\u201d, i shoq\u00ebruar me emra dhe fakte konkrete, d\u00ebshmon gjendjen shum\u00eb t\u00eb v\u00ebshtir\u00eb n\u00eb t\u00eb cil\u00ebn gjendet p\u00ebrfaq\u00ebsimi shqiptar n\u00eb bot\u00eb, e shoq\u00ebruar kjo edhe me d\u00ebshtimet spektakolare n\u00eb rrug\u00ebn drejt integrimit t\u00eb Bashkimit Europian, si edhe n\u00eb munges\u00ebn e investimeve t\u00eb huaja.<\/p>\n<p>Ministri i Jasht\u00ebm, n\u00eb detyr\u00eb, Gent Cakaj, pun\u00ebn e par\u00eb (dhe t\u00eb vetme) ka b\u00ebr\u00eb deri m\u00eb tani konferencat p\u00ebr media, ku njofton largimin nga puna t\u00eb njer\u00ebzve, t\u00eb cil\u00ebt, sipas tij, nuk plot\u00ebsojn\u00eb kushtet p\u00ebr t\u00eb qen\u00eb n\u00eb sh\u00ebrbimin diplomatik.<\/p>\n<p>Konferencat mediatike duket se kan\u00eb qen\u00eb thjesht dhe vet\u00ebm \u201cflluska sapuni\u201d. Arsyet gjenden n\u00eb vijim, tek emrat dhe situatat q\u00eb shoq\u00ebrojn\u00eb denoncimin publik t\u00eb mb\u00ebrritur n\u00eb \u201cBoldnews.al\u201d.<\/p>\n<div id=\"attachment_27431\" style=\"width: 748px\" class=\"wp-caption alignnone\"><img data-recalc-dims=\"1\" loading=\"lazy\" decoding=\"async\" aria-describedby=\"caption-attachment-27431\" data-attachment-id=\"27431\" data-permalink=\"https:\/\/www.shqiperia.com\/blog\/qokat-e-gentit-pa-status-e-pa-mandat-ja-diplomatet-qe-perfaqesojne-shqiperine-lidhjet-me-politiken\/14-vjec-dhenderr-gent-cakaj\/\" data-orig-file=\"https:\/\/i0.wp.com\/www.shqiperia.com\/blog\/wp-content\/uploads\/2019\/10\/14-vjec-dhenderr.-Gent-Cakaj.jpg?fit=696%2C494&amp;ssl=1\" data-orig-size=\"696,494\" data-comments-opened=\"1\" data-image-meta=\"{&quot;aperture&quot;:&quot;0&quot;,&quot;credit&quot;:&quot;&quot;,&quot;camera&quot;:&quot;&quot;,&quot;caption&quot;:&quot;&quot;,&quot;created_timestamp&quot;:&quot;0&quot;,&quot;copyright&quot;:&quot;&quot;,&quot;focal_length&quot;:&quot;0&quot;,&quot;iso&quot;:&quot;0&quot;,&quot;shutter_speed&quot;:&quot;0&quot;,&quot;title&quot;:&quot;&quot;,&quot;orientation&quot;:&quot;0&quot;}\" data-image-title=\"14 vjec dhenderr. Gent Cakaj\" data-image-description=\"\" data-image-caption=\"&lt;p&gt;14 vjec dhenderr. Gent Cakaj&lt;\/p&gt;\n\" data-medium-file=\"https:\/\/i0.wp.com\/www.shqiperia.com\/blog\/wp-content\/uploads\/2019\/10\/14-vjec-dhenderr.-Gent-Cakaj.jpg?fit=300%2C213&amp;ssl=1\" data-large-file=\"https:\/\/i0.wp.com\/www.shqiperia.com\/blog\/wp-content\/uploads\/2019\/10\/14-vjec-dhenderr.-Gent-Cakaj.jpg?fit=696%2C494&amp;ssl=1\" class=\" wp-image-27431\" alt=\"\" src=\"https:\/\/i0.wp.com\/www.shqiperia.com\/blog\/wp-content\/uploads\/2019\/10\/14-vjec-dhenderr.-Gent-Cakaj.jpg?resize=738%2C524&#038;ssl=1\" width=\"738\" height=\"524\" srcset=\"https:\/\/i0.wp.com\/www.shqiperia.com\/blog\/wp-content\/uploads\/2019\/10\/14-vjec-dhenderr.-Gent-Cakaj.jpg?resize=300%2C213&amp;ssl=1 300w, https:\/\/i0.wp.com\/www.shqiperia.com\/blog\/wp-content\/uploads\/2019\/10\/14-vjec-dhenderr.-Gent-Cakaj.jpg?resize=450%2C319&amp;ssl=1 450w, https:\/\/i0.wp.com\/www.shqiperia.com\/blog\/wp-content\/uploads\/2019\/10\/14-vjec-dhenderr.-Gent-Cakaj.jpg?resize=600%2C426&amp;ssl=1 600w, https:\/\/i0.wp.com\/www.shqiperia.com\/blog\/wp-content\/uploads\/2019\/10\/14-vjec-dhenderr.-Gent-Cakaj.jpg?resize=400%2C284&amp;ssl=1 400w, https:\/\/i0.wp.com\/www.shqiperia.com\/blog\/wp-content\/uploads\/2019\/10\/14-vjec-dhenderr.-Gent-Cakaj.jpg?w=696&amp;ssl=1 696w\" sizes=\"auto, (max-width: 738px) 100vw, 738px\" \/><p id=\"caption-attachment-27431\" class=\"wp-caption-text\">14 vjec dhenderr. Gent Cakaj<\/p><\/div>\n<p><strong>Ambasador\u00eb me mandat t\u00eb p\u00ebrfunduar<\/strong><br \/>\nLigji p\u00ebr \u201cSh\u00ebrbimin e Jasht\u00ebm\u201d parashikon q\u00eb mandati i ambasador\u00ebve dhe p\u00ebrfaq\u00ebsuesve diplomatik\u00eb \u00ebsht\u00eb 3 vjet. M\u00eb posht\u00eb \u00ebsht\u00eb lista e ambasador\u00ebve shqiptar\u00eb n\u00eb vende t\u00eb ndryshme, kryesisht t\u00eb Europ\u00ebs, me mandat t\u00eb p\u00ebrfunduar. (lista \u00ebsht\u00eb hartuar sipas rendit alfabetik t\u00eb shteteve, ku gjenden k\u00ebta ambasador\u00eb);<\/p>\n<p>\u2013\u00a0<strong>N\u00eb Arabin\u00eb Saudite<\/strong>, ambasadori Sami Shiba \u00ebsht\u00eb me mandat t\u00eb p\u00ebrfunduar<br \/>\n\u2013\u00a0<strong>N\u00eb Austri<\/strong>, ambasadori Roland Bimo \u00ebsht\u00eb me mandat t\u00eb p\u00ebrfunduar dhe ka mbushur mosh\u00ebn e pensionit;<br \/>\n\u2013\u00a0<strong>N\u00eb misionin e Brukselit (BE)<\/strong>, ambasadorja Suela Janina \u00ebsht\u00eb me mandat t\u00eb p\u00ebrfunduar<br \/>\n\u2013\u00a0<strong>N\u00eb Egjipt<\/strong>, ambasadori Eduard Sulo \u00ebsht\u00eb me mandat t\u00eb p\u00ebrfunduar;<br \/>\n\u2013\u00a0<strong>N\u00eb Franc\u00eb<\/strong>, ambasadori Dritan Tola \u00ebsht\u00eb me mandat t\u00eb p\u00ebrfunduar<br \/>\n\u2013\u00a0<strong>N\u00eb Gjermani<\/strong>, ambasadori Artur Kuko me mandat t\u00eb p\u00ebrfunduar;<br \/>\n\u2013\u00a0<strong>N\u00eb Holand\u00eb<\/strong>, ambasadore \u00ebsht\u00eb Ada Sakiqi, e cila e ka p\u00ebrfunduar mandatin<br \/>\n\u2013\u00a0<strong>N\u00eb Hungari<\/strong>, ambasadori Arian Spasse \u00ebsht\u00eb me mandat t\u00eb p\u00ebrfunduar<br \/>\n\u2013\u00a0<strong>N\u00eb Itali<\/strong>, ambasadorja Anila Bitri Lani (bashk\u00ebshortja e publicistit Remzi Lani), me mandat t\u00eb p\u00ebrfunduar<br \/>\n\u2013\u00a0<strong>N\u00eb Poloni<\/strong>, ambasadorja Shpresa Kureta e ka p\u00ebrfunduar mandatin<br \/>\n\u2013\u00a0<strong>N\u00eb Rumani<\/strong>, ambasadori Ilir Tepelena, gjithashtu me mandat t\u00eb p\u00ebrfunduar<br \/>\n\u2013\u00a0<strong>N\u00eb Rusi<\/strong>, ambasadori Arben Gazioni q\u00ebndron n\u00eb detyr\u00eb jasht\u00eb mandatit<br \/>\n\u2013\u00a0<strong>N\u00eb Serbi<\/strong>, Ilir Bo\u00e7ka \u00ebsht\u00eb ambasadori me mandat t\u00eb p\u00ebrfunduar<br \/>\n\u2013\u00a0<strong>N\u00eb Slloveni<\/strong>, ish-ushtaraku P\u00ebllumb Qazimi vijon detyr\u00ebn e ambasadorit jasht\u00eb mandatit<br \/>\n\u2013\u00a0<strong>N\u00eb Sllovaki<\/strong>, ambasadorja Enkeleda Baduni M\u00ebrkuri \u00ebsht\u00eb me mandat t\u00eb p\u00ebrfunduar.<br \/>\n\u2013\u00a0<strong>N\u00eb Zvic\u00ebr<\/strong>, ambasadori Ilir Gjoni ka p\u00ebrfunduar mandatin<br \/>\n\u2013<strong>\u00a0N\u00eb Kuvajt<\/strong>, ambasador \u00ebsht\u00eb Saimir Bala, gjithashtu me mandat t\u00eb p\u00ebrfunduar<br \/>\n\u2013\u00a0<strong>N\u00eb Kosov\u00eb<\/strong>, ambasadori Qemal Minxhozi q\u00ebndron n\u00eb detyr\u00eb, megjith\u00ebse i ka p\u00ebrfunduar mandati<br \/>\n\u2013\u00a0<strong>N\u00eb Izrael<\/strong>, ambasador Bardhyl Canaj ka p\u00ebrfunduar mandatin<br \/>\n\u2013\u00a0<strong>N\u00eb Japoni<\/strong>, ambasadori Gjergj Teneqexhiu ka p\u00ebrfunduar mandatin<\/p>\n<p><strong>Ambasador\u00eb pa status<\/strong><br \/>\nLigji p\u00ebr \u201cSh\u00ebrbimin e Jasht\u00ebm\u201d, n\u00eb nenin 31 t\u00eb tij parashikon q\u00eb, n\u00eb misionet diplomatike dhe konsullore, n\u00eb raste t\u00eb ve\u00e7anta, t\u00eb em\u00ebrohen ekspert\u00eb t\u00eb jasht\u00ebm. Por, ky rregull p\u00ebrjashtimor, n\u00eb diplomacin\u00eb e drejtuar nga Gent Cakaj, \u00ebsht\u00eb kthyer n\u00eb nj\u00eb normalitet, gjithnj\u00eb sipas denoncimit t\u00eb mb\u00ebrritur n\u00eb adres\u00ebn e \u201cBoldnews.al\u201d. Vijon lista:<\/p>\n<p>\u2013\u00a0<strong>N\u00eb misionin n\u00eb OSBE<\/strong>\u00a0(Vjen\u00eb), ambasadori Igli Hasani \u00ebsht\u00eb pa status diplomati<br \/>\n\u2013\u00a0<strong>N\u00eb Suedi<\/strong>, ambasadori Virgjil Kule \u00ebsht\u00eb pa status diplomati<br \/>\n\u2013\u00a0<strong>N\u00eb Turqi<\/strong>, ambasadori i shum\u00ebp\u00ebrfolur s\u00eb fundmi, Genti Gazheli, \u00ebsht\u00eb pa status diplomati dhe gjithashtu me mandat t\u00eb p\u00ebrfunduar. Publikisht \u00ebsht\u00eb shp\u00ebrndar\u00eb informacioni se dha dor\u00ebheqjen, pas skandalit t\u00eb publikuar n\u00eb emisionin \u201cLe Iene\u201d, p\u00ebr rastin e f\u00ebmij\u00ebs Alvin Berisha n\u00eb nj\u00eb nga kampet e Siris\u00eb.<br \/>\n\u2013\u00a0<strong>N\u00eb \u00c7eki<\/strong>, ambasador Ilirian Kuka nuk ka status<br \/>\n\u2013\u00a0<strong>N\u00eb Kin\u00eb<\/strong>, ambasador Selim Belortaja \u00ebsht\u00eb pa status<br \/>\n\u2013\u00a0<strong>N\u00eb Misionin Shqiptar n\u00eb NATO<\/strong>\u00a0(Bruksel), ambasador \u00ebsht\u00eb ish-shefi i Sh\u00ebrbimit Informativ, Visho Ajazi Lika, pa status<\/p>\n<p><strong>Em\u00ebrime \u201ctarafi\u201d<\/strong><br \/>\nNj\u00eb num\u00ebr i madh zyrtar\u00ebsh drejtues dhe administrativ\u00eb n\u00eb misionet shqiptare n\u00eb bot\u00eb jan\u00eb kryesisht persona q\u00eb kan\u00eb lidhje me pushtetin, familjar\u00eb apo lidhje miq\u00ebsore t\u00eb zyrtar\u00ebve t\u00eb lart\u00eb qeveritar\u00eb.<\/p>\n<p>\u2013\u00a0<strong>N\u00eb Danimark\u00eb<\/strong>, ambasadore Elida Petoshati \u00ebsht\u00eb familjare me Sekretarin e P\u00ebrgjithsh\u00ebm t\u00eb Ministris\u00eb s\u00eb Jashtme, Armand Skapi, si edhe me nj\u00eb nd\u00ebr koordinatoret n\u00eb Kryeministri, Valbona Petoshati.<br \/>\n\u2013\u00a0<strong>N\u00eb Franc\u00eb<\/strong>, diplomati Alket \u00c7ani \u00ebsht\u00eb v\u00ebllai i gazetarit Arian \u00c7ani, drejtues i emisionit \u201cZon\u00eb e Lir\u00eb\u201d n\u00eb Tv Klan;<br \/>\n\u2013\u00a0<strong>N\u00eb Greqi<\/strong>, ambasadorja Ardiana Hobdari njihet si nj\u00eb prej bashk\u00ebpun\u00ebtor\u00ebve m\u00eb t\u00eb af\u00ebrt t\u00eb ish-ministrit t\u00eb Jasht\u00ebm, Ditmir Bushati. N\u00eb k\u00ebt\u00eb seli \u00ebsht\u00eb diplomat edhe Eno \u00c7ollaku, i njohur si aktivist i Forumit Euro Socialist (FRESH)<br \/>\n\u2013<strong>\u00a0N\u00eb Austri<\/strong>, k\u00ebshilltare diplomate \u00ebsht\u00eb Aida Sakja, motra e ish-kryetarit t\u00eb Bashkis\u00eb s\u00eb Kavaj\u00ebs, Isa Sakja<br \/>\n\u2013\u00a0<strong>N\u00eb selin\u00eb e Brukselit<\/strong>\u00a0\u00ebsht\u00eb diplomate Blerina Bo\u00e7i, ish-sekretarja e shefit t\u00eb kabinetit t\u00eb Ministris\u00eb s\u00eb Jashtme;<br \/>\n\u2013\u00a0<strong>N\u00eb Gjermani<\/strong>\u00a0\u00ebsht\u00eb Konsull Elinda Guri, e njohur si aktiviste e FRESSH, si edhe sekretar i Par\u00eb, Kastriot Noli, i cili deri disa vite m\u00eb par\u00eb shprehte publikisht q\u00ebndrimet e tij t\u00eb djathta.<br \/>\n\u2013\u00a0<strong>N\u00eb Holand\u00eb<\/strong>\u00a0\u00ebsht\u00eb em\u00ebruar diplomate pa status Kejsi Ziu, nd\u00ebrkoh\u00eb q\u00eb deri pak koh\u00eb m\u00eb par\u00eb ka qen\u00eb edhe Daniela Matmuja Taf\u00e7iu, e af\u00ebrm e Mimi Kodhelit.<br \/>\n\u2013\u00a0<strong>N\u00eb Hungari<\/strong>\u00a0\u00ebsht\u00eb em\u00ebruar diplomat pa status Viliem Kurtulaj, i cili i \u00ebsht\u00eb bashkuar qeveris\u00eb pas kritikave publike q\u00eb ka l\u00ebshuar kund\u00ebr saj.<br \/>\n\u2013\u00a0<strong>N\u00eb Kanada<\/strong>\u00a0\u00ebsht\u00eb Sekretare e par\u00eb, pa status diplomat, Arlinda Dega, vajza e Ilda Dega, Drejtore e Buxhetit dhe Financ\u00ebs MEPJ.<br \/>\n\u2013<strong>\u00a0N\u00eb Itali,<\/strong>\u00a0diplomat\u00ebt Gentiana Mburimi, Ledia Mirakaj, Irida Xheneti dhe Artur Bardhi jan\u00eb me mandat t\u00eb p\u00ebrfunduar. S\u00eb fundmi, ministri Gent Cakaj ka em\u00ebruar diplomat Anton Koliqin, familjar i Paskal Milos. Gjithashtu, n\u00eb Itali \u00ebsht\u00eb em\u00ebruar pa status edhe Armando Memushi.<br \/>\n\u2013\u00a0<strong>N\u00eb Konsullat\u00ebn e Mynih<\/strong>\u00a0\u00ebsht\u00eb em\u00ebruar diplomat konsull Dashnor Ibra, i cili \u00ebsht\u00eb shkarkuar m\u00eb par\u00eb nga Ambasada n\u00eb Rom\u00eb.<br \/>\n\u2013\u00a0<strong>N\u00eb Vatikan<\/strong>, ambasadore \u00ebsht\u00eb Majlinda Dodaj, motra Aleksand\u00ebr Frangajt, pronar i TV Klan.<br \/>\n\u2013\u00a0<strong>N\u00eb Misionin shqiptar n\u00eb K\u00ebshillin e Evrop\u00ebs<\/strong>\u00a0(Strasburg) \u00ebsht\u00eb diplomate Sidita Gjipali motra e Gledis Gjipalit, ish-bashk\u00ebpun\u00ebtor i Ditmir Bushatit n\u00eb \u201cEuropean Movement Albania\u201d (EMA).<br \/>\n\u2013\u00a0<strong>N\u00eb Bullgari<\/strong>\u00a0\u00ebsht\u00eb em\u00ebruar diplomate pa status Arxhilda Rringaj<br \/>\n\u2013\u00a0<strong>N\u00eb Kosov\u00eb<\/strong>, \u00ebsht\u00eb diplomate Klodiana Karaj, ish-sekretare e ish-Ministrit t\u00eb Jasht\u00ebm, Besnik Mustafaj<br \/>\n\u2013\u00a0<strong>N\u00eb Kroaci<\/strong>, ambasador \u00ebsht\u00eb Riza Poda, i af\u00ebrm i Presidentit Ilir Meta<br \/>\n\u2013\u00a0<strong>N\u00eb Maqedonin\u00eb e Veriut<\/strong>, ambasador \u00ebsht\u00eb Fatos Reka, i af\u00ebrm i Endri Fug\u00ebs, Drejtor i Komunikimit i Kryeministrit Edi Rama<br \/>\n\u2013\u00a0<strong>N\u00eb Spanj\u00eb<\/strong>\u00a0jan\u00eb dy diplomate pa status, em\u00ebruar nga jasht\u00eb; Plator Nesturi, ish-z\u00ebdh\u00ebn\u00ebs i ish-Kryeprokurores Ina Rama dhe Evi Sadushi, vajza e Sokol Sadushit, drejtor i Shkoll\u00ebs s\u00eb Magjistratur\u00ebs.<br \/>\n\u2013\u00a0<strong>N\u00eb selin\u00eb e Uashingtonit<\/strong>\u00a0(SHBA) \u00ebsht\u00eb diplomate me mandat t\u00eb p\u00ebrfunduar Mamica Toska, motra e ish-ministrit t\u00eb Rendit, Igli Toska<br \/>\n\u2013\u00a0<strong>N\u00eb selin\u00eb e Nju Jorkut<\/strong>\u00a0\u00ebsht\u00eb ambasadore Besiana Kadare, vajza e shkrimtarit Ismail Kadare<br \/>\n\u2013\u00a0<strong>N\u00eb Selanik,<\/strong>\u00a0Gent Cakaj em\u00ebroi Konsull t\u00eb P\u00ebrgjithsh\u00ebm Arqile Sota, i shkarkuar p\u00ebr nxjerre dokumentacioni sekret nga Ministria e Jashtme.<br \/>\n\u2013\u00a0<strong>N\u00eb Emiratet e Bashkuara Arabe<\/strong>\u00a0\u00ebsht\u00eb ambasador Ermal Dredha, djali i ish-kryetarit t\u00eb PS s\u00eb Vlor\u00ebs, Neki Dredha.<br \/>\n\u2013\u00a0<strong>N\u00eb Stamboll<\/strong>\u00a0\u00ebsht\u00eb Konsulle e P\u00ebrgjithshme Blerta Kadazadej, ish-drejtoresh\u00eb Ekonomike n\u00eb 6 vitet e fundit n\u00eb Ministrin\u00eb e Jashtme, nj\u00eb nga bashk\u00ebpun\u00ebtor\u00ebt e af\u00ebrta t\u00eb Ditmir Bushatit<br \/>\n\u2013<strong>\u00a0N\u00eb Angli,<\/strong>\u00a0ministri Gent Cakaj ka em\u00ebruar diplomate pa status Balciana Rakipi, vajz\u00ebn e deputetit Aqif Rakipi.<br \/>\n\u2013\u00a0<strong>N\u00eb Konsullat\u00ebn e Milanos<\/strong>, Konsullja Anila Pojani \u00ebsht\u00eb pa status diplomati<br \/>\n\u2013\u00a0<strong>N\u00eb Misionin e Gjenev\u00ebs<\/strong>, ambasadorja Ravesa Lleshi \u00ebsht\u00eb vajza e ish-zyrtarit t\u00eb lart\u00eb socialist, Ismail Lleshi.<br \/>\n\u2013\u00a0<strong>N\u00eb Katar<\/strong>, ambasador \u00ebsht\u00eb Kujtim Xhani, ish-shefi i Protokollit t\u00eb ish-kryeministrit Sali Berisha.<br \/>\n\u2013\u00a0<strong>N\u00eb Misionin e OSBE-s\u00eb n\u00eb Vjen\u00eb<\/strong>, diplomati Ksandro Disho, shtetas me pasaport\u00eb greke, \u00ebsht\u00eb em\u00ebruar diplomat pa status.<br \/>\n\u2013\u00a0<strong>N\u00eb Misioni Shqiptar n\u00eb NATO Bruksel<\/strong>, \u00ebsht\u00eb diplomate Amanda Vrana, ish-sekretarja shefit kabinetit t\u00eb Ministris s\u00eb Jashtme.<\/p>\n<p><strong>Miss-et, qershia mbi tort\u00eb<\/strong><br \/>\nSh\u00ebrbimi diplomatik shqiptar ka pasur t\u00eb nevojshme t\u00eb p\u00ebrfaq\u00ebsohet denj\u00ebsisht edhe nga bukuria fem\u00ebrore. Kush m\u00eb mir\u00eb se dy miss-e mund ta b\u00ebnin k\u00ebt\u00eb gj\u00eb?<\/p>\n<p>\u2013\u00a0<strong>N\u00eb Kroaci<\/strong>\u00a0\u00ebsht\u00eb em\u00ebruar diplomate Mariela Berliku<br \/>\n\u2013\u00a0<strong>N\u00eb Konsullat\u00ebn e Barit<\/strong>, n\u00eb Itali, \u00ebsht\u00eb em\u00ebruar diplomate ish-miss Albania, Monika Zguro<\/p>\n<p>Nga Bold.news<\/p>\n","protected":false},"excerpt":{"rendered":"<p>Qokat e Gentit\/ Pa status e pa mandat, ja diplomat\u00ebt q\u00eb p\u00ebrfaq\u00ebsojn\u00eb Shqip\u00ebrin\u00eb, lidhjet me politik\u00ebn Tetor 28, 2019 Nga Boldnews.al Shteti shqiptar p\u00ebrfaq\u00ebsohet n\u00eb aren\u00ebn nd\u00ebrkomb\u00ebtare, sidomos n\u00eb vendet kryesore, me t\u00eb cilat jan\u00eb edhe raportet m\u00eb t\u00eb r\u00ebnd\u00ebsishme, me nj\u00eb konglomerat ambasador\u00ebsh me mandat t\u00eb p\u00ebrfunduar, me persona pa status diplomatik, me ish-misse, [&hellip;]<\/p>\n","protected":false},"author":9,"featured_media":27430,"comment_status":"open","ping_status":"open","sticky":false,"template":"","format":"standard","meta":{"jetpack_post_was_ever_published":false,"_jetpack_newsletter_access":"","_jetpack_dont_email_post_to_subs":false,"_jetpack_newsletter_tier_id":0,"_jetpack_memberships_contains_paywalled_content":false,"_jetpack_memberships_contains_paid_content":false,"footnotes":"","jetpack_publicize_message":"","jetpack_publicize_feature_enabled":true,"jetpack_social_post_already_shared":true,"jetpack_social_options":{"image_generator_settings":{"template":"highway","default_image_id":0,"font":"","enabled":false},"version":2}},"categories":[27,2,35],"tags":[],"class_list":["post-27429","post","type-post","status-publish","format-standard","has-post-thumbnail","hentry","category-blogu-i-udhetarit","category-politika","category-shoqerore"],"jetpack_publicize_connections":[],"jetpack_featured_media_url":"https:\/\/i0.wp.com\/www.shqiperia.com\/blog\/wp-content\/uploads\/2019\/10\/cakaj.jpg?fit=628%2C328&ssl=1","jetpack_sharing_enabled":true,"jetpack_shortlink":"https:\/\/wp.me\/p5Z6wp-78p","jetpack-related-posts":[{"id":39115,"url":"https:\/\/www.shqiperia.com\/blog\/a-do-kete-nje-mandat-te-trete-per-edi-ramen-kreshnik-spahiu-del-me-deklarate-te-forte-zbulon-cfare-ka-humbur-kryeministri-ja-ku-gaboi\/","url_meta":{"origin":27429,"position":0},"title":"A do ket\u00eb nj\u00eb mandat t\u00eb tret\u00eb p\u00ebr Edi Ram\u00ebn? Kreshnik Spahiu del me deklarat\u00eb t\u00eb fort\u00eb, zbulon \u00e7far\u00eb ka humbur kryeministri: Ja ku gaboi","author":"Kurt Farka","date":"September 30, 2020","format":false,"excerpt":"A do ket\u00eb nj\u00eb mandat t\u00eb tret\u00eb p\u00ebr Edi Ram\u00ebn? Kreshnik Spahiu del me deklarat\u00eb t\u00eb fort\u00eb, zbulon \u00e7far\u00eb ka humbur kryeministri: Ja ku gaboi. SHTATOR 2020. Kreshnik Spahiu ka b\u00ebr\u00eb nj\u00eb analiz\u00eb lidhur me strategjin\u00eb q\u00eb Kryeministri Edi Rama p\u00ebrdori p\u00ebr t\u00eb ardhur n\u00eb pushtet dhe p\u00ebr t\u00eb qeverisur.\u2026","rel":"","context":"In &quot;Blogu i Udh\u00ebtarit&quot;","block_context":{"text":"Blogu i Udh\u00ebtarit","link":"https:\/\/www.shqiperia.com\/blog\/category\/blogu-i-udhetarit\/"},"img":{"alt_text":"","src":"https:\/\/i0.wp.com\/www.shqiperia.com\/blog\/wp-content\/uploads\/2020\/09\/100883170_10158394133541952_940235381238923264_o.jpg?fit=960%2C728&ssl=1&resize=350%2C200","width":350,"height":200,"srcset":"https:\/\/i0.wp.com\/www.shqiperia.com\/blog\/wp-content\/uploads\/2020\/09\/100883170_10158394133541952_940235381238923264_o.jpg?fit=960%2C728&ssl=1&resize=350%2C200 1x, https:\/\/i0.wp.com\/www.shqiperia.com\/blog\/wp-content\/uploads\/2020\/09\/100883170_10158394133541952_940235381238923264_o.jpg?fit=960%2C728&ssl=1&resize=525%2C300 1.5x, https:\/\/i0.wp.com\/www.shqiperia.com\/blog\/wp-content\/uploads\/2020\/09\/100883170_10158394133541952_940235381238923264_o.jpg?fit=960%2C728&ssl=1&resize=700%2C400 2x"},"classes":[]},{"id":72124,"url":"https:\/\/www.shqiperia.com\/blog\/rama-eshte-ne-projektin-serbo-rus-te-ndarjes-se-ballkanit-ish-ambasadori-plas-deklaraten-e-forte-dhe-zbardh-biseden-me-sergei-lavrov-ja-cfare-me-ka-thene-vucic-po-tenton-te-kthe\/","url_meta":{"origin":27429,"position":1},"title":"\u201cRama \u00ebsht\u00eb n\u00eb projektin serbo-rus t\u00eb ndarjes s\u00eb Ballkanit\u201d\/ Ish-ambasadori plas deklarat\u00ebn e fort\u00eb dhe zbardh bised\u00ebn me Sergei Lavrov: &#8211; Ja \u00e7far\u00eb m\u00eb ka th\u00ebn\u00eb! Vu\u00e7i\u00e7 po tenton t\u00eb kthej\u00eb&#8230;","author":"Kurt Farka","date":"June 14, 2023","format":false,"excerpt":"14 Qershor 2023 Ish-ambasadori Agim Nesho i ftuar n\u00eb studion e emisionit \u201cLog.\u201d tha se Rama \u00ebsht\u00eb n\u00eb projektin serbo-rus t\u00eb ndarjes s\u00eb Ballkanit. Nesho tregoi edhe nj\u00eb bised\u00eb t\u00eb vitit 2003 me Sergei Lavrov, i cili ka th\u00ebn\u00eb se interesat e Rusis\u00eb n\u00eb Ballkan jan\u00eb rikthimi n\u00eb politik\u00ebn e\u2026","rel":"","context":"In &quot;Blogu i Udh\u00ebtarit&quot;","block_context":{"text":"Blogu i Udh\u00ebtarit","link":"https:\/\/www.shqiperia.com\/blog\/category\/blogu-i-udhetarit\/"},"img":{"alt_text":"","src":"https:\/\/i0.wp.com\/www.shqiperia.com\/blog\/wp-content\/uploads\/2023\/06\/800-0-30f4ed3dc06c41fb5a2d4e8f10671ab4.jpeg?fit=800%2C515&ssl=1&resize=350%2C200","width":350,"height":200,"srcset":"https:\/\/i0.wp.com\/www.shqiperia.com\/blog\/wp-content\/uploads\/2023\/06\/800-0-30f4ed3dc06c41fb5a2d4e8f10671ab4.jpeg?fit=800%2C515&ssl=1&resize=350%2C200 1x, https:\/\/i0.wp.com\/www.shqiperia.com\/blog\/wp-content\/uploads\/2023\/06\/800-0-30f4ed3dc06c41fb5a2d4e8f10671ab4.jpeg?fit=800%2C515&ssl=1&resize=525%2C300 1.5x, https:\/\/i0.wp.com\/www.shqiperia.com\/blog\/wp-content\/uploads\/2023\/06\/800-0-30f4ed3dc06c41fb5a2d4e8f10671ab4.jpeg?fit=800%2C515&ssl=1&resize=700%2C400 2x"},"classes":[]},{"id":74451,"url":"https:\/\/www.shqiperia.com\/blog\/shtypi-gjerman-vucic-i-sheh-diplomatet-e-europes-si-idiote-te-vlefshem-deri-sa\/","url_meta":{"origin":27429,"position":2},"title":"SHTYPI GJERMAN: &#8211; Vu\u00e7i\u00e7, i sheh diplomat\u00ebt e Europ\u00ebs si idiot\u00eb t\u00eb vlefsh\u00ebm, deri sa\u2026","author":"Kurt Farka","date":"September 26, 2023","format":false,"excerpt":"26 Shtator 2023 Gazeta \u201cFrankfurter Allgemeine Zeitung\u201d\u00a0analizon gjakderdhjen n\u00eb veri t\u00eb Kosov\u00ebs n\u00eb nj\u00eb analiz\u00eb t\u00eb Michael Martens me titull \u201cVu\u00e7i\u00e7 hedh posht\u00eb pjes\u00ebmarrjen e Serbis\u00eb n\u00eb trazira\u201d. \u201cVersioni i Vu\u00e7i\u00e7it, q\u00eb shteti serb nuk ka t\u00eb b\u00ebj\u00eb asgj\u00eb me trazirat bie ndesh me faktin q\u00eb autor\u00ebt ishin t\u00eb armatosur\u2026","rel":"","context":"In &quot;Blogu i Udh\u00ebtarit&quot;","block_context":{"text":"Blogu i Udh\u00ebtarit","link":"https:\/\/www.shqiperia.com\/blog\/category\/blogu-i-udhetarit\/"},"img":{"alt_text":"","src":"https:\/\/i0.wp.com\/www.shqiperia.com\/blog\/wp-content\/uploads\/2023\/09\/shtypi.jpg?fit=1110%2C479&ssl=1&resize=350%2C200","width":350,"height":200,"srcset":"https:\/\/i0.wp.com\/www.shqiperia.com\/blog\/wp-content\/uploads\/2023\/09\/shtypi.jpg?fit=1110%2C479&ssl=1&resize=350%2C200 1x, https:\/\/i0.wp.com\/www.shqiperia.com\/blog\/wp-content\/uploads\/2023\/09\/shtypi.jpg?fit=1110%2C479&ssl=1&resize=525%2C300 1.5x, https:\/\/i0.wp.com\/www.shqiperia.com\/blog\/wp-content\/uploads\/2023\/09\/shtypi.jpg?fit=1110%2C479&ssl=1&resize=700%2C400 2x, https:\/\/i0.wp.com\/www.shqiperia.com\/blog\/wp-content\/uploads\/2023\/09\/shtypi.jpg?fit=1110%2C479&ssl=1&resize=1050%2C600 3x"},"classes":[]},{"id":73236,"url":"https:\/\/www.shqiperia.com\/blog\/pas-albcontrol-becchetti-bllokon-edhe-fondet-e-ministrise-se-jashtme-diplomatet-mbeten-pa-paga\/","url_meta":{"origin":27429,"position":3},"title":"Pas \u201cAlbcontrol\u201d, Becchetti bllokon edhe fondet e Ministris\u00eb s\u00eb Jashtme, diplomat\u00ebt mbeten pa paga","author":"Kurt Farka","date":"August 3, 2023","format":false,"excerpt":"3 Gusht 2023 Punonj\u00ebsit e Sh\u00ebrbimit diplomatik shqiptar nuk kan\u00eb marr\u00eb ende pagat e muajit t\u00eb shkuar. Denoncimi \u00ebsht\u00eb b\u00ebr\u00eb p\u00ebr TPZ.al nga nj\u00eb punonj\u00ebs n\u00eb selin\u00eb diplomatike t\u00eb Shqip\u00ebris\u00eb n\u00eb Itali. Sipas diplomatit shqiptar, arsyeja e vones\u00ebs s\u00eb marrjes s\u00eb pagave \u00ebsht\u00eb bllokimi i llogarive bankare t\u00eb ambasad\u00ebs n\u00eb\u2026","rel":"","context":"In &quot;Blogu i Udh\u00ebtarit&quot;","block_context":{"text":"Blogu i Udh\u00ebtarit","link":"https:\/\/www.shqiperia.com\/blog\/category\/blogu-i-udhetarit\/"},"img":{"alt_text":"","src":"https:\/\/i0.wp.com\/www.shqiperia.com\/blog\/wp-content\/uploads\/2023\/08\/img_1778.jpg?fit=968%2C645&ssl=1&resize=350%2C200","width":350,"height":200,"srcset":"https:\/\/i0.wp.com\/www.shqiperia.com\/blog\/wp-content\/uploads\/2023\/08\/img_1778.jpg?fit=968%2C645&ssl=1&resize=350%2C200 1x, https:\/\/i0.wp.com\/www.shqiperia.com\/blog\/wp-content\/uploads\/2023\/08\/img_1778.jpg?fit=968%2C645&ssl=1&resize=525%2C300 1.5x, https:\/\/i0.wp.com\/www.shqiperia.com\/blog\/wp-content\/uploads\/2023\/08\/img_1778.jpg?fit=968%2C645&ssl=1&resize=700%2C400 2x"},"classes":[]},{"id":89152,"url":"https:\/\/www.shqiperia.com\/blog\/te-bashkohemi-kunder-te-keqes-berisha-takim-me-aleatet-e-federates-se-bashkuar-diaspora-duhet-te-regjistrohet\/","url_meta":{"origin":27429,"position":4},"title":"\u201cT\u00eb bashkohemi kund\u00ebr t\u00eb keqes!\u201d\/ Berisha takim me aleat\u00ebt e Federat\u00ebs s\u00eb Bashkuar: &#8211; Diaspora duhet t\u00eb regjistrohet!","author":"Kurt Farka","date":"February 7, 2025","format":false,"excerpt":"7 Shkurt 2025 Kryetari i Partis\u00eb Demokratik\u00eb Sali Berisha zhvilloi nj\u00eb takim me aleat\u00ebt e Federat\u00ebs s\u00eb Bashkuar. Ai ka b\u00ebr\u00eb thirrje p\u00ebr nj\u00eb front t\u00eb p\u00ebrbashk\u00ebt kund\u00ebr mazhoranc\u00ebs n\u00eb pushtet q\u00eb sipas tij i ka b\u00ebr\u00eb t\u00eb k\u00ebqija shqiptar\u00ebve, nd\u00ebrsa u ndal edhe tek vota e diaspor\u00ebs. Berisha u\u2026","rel":"","context":"In &quot;Blogu i Udh\u00ebtarit&quot;","block_context":{"text":"Blogu i Udh\u00ebtarit","link":"https:\/\/www.shqiperia.com\/blog\/category\/blogu-i-udhetarit\/"},"img":{"alt_text":"","src":"https:\/\/i0.wp.com\/www.shqiperia.com\/blog\/wp-content\/uploads\/2025\/02\/sali-berisha-2-1536x1024-1.jpg?fit=1200%2C800&ssl=1&resize=350%2C200","width":350,"height":200,"srcset":"https:\/\/i0.wp.com\/www.shqiperia.com\/blog\/wp-content\/uploads\/2025\/02\/sali-berisha-2-1536x1024-1.jpg?fit=1200%2C800&ssl=1&resize=350%2C200 1x, https:\/\/i0.wp.com\/www.shqiperia.com\/blog\/wp-content\/uploads\/2025\/02\/sali-berisha-2-1536x1024-1.jpg?fit=1200%2C800&ssl=1&resize=525%2C300 1.5x, https:\/\/i0.wp.com\/www.shqiperia.com\/blog\/wp-content\/uploads\/2025\/02\/sali-berisha-2-1536x1024-1.jpg?fit=1200%2C800&ssl=1&resize=700%2C400 2x, https:\/\/i0.wp.com\/www.shqiperia.com\/blog\/wp-content\/uploads\/2025\/02\/sali-berisha-2-1536x1024-1.jpg?fit=1200%2C800&ssl=1&resize=1050%2C600 3x"},"classes":[]},{"id":35005,"url":"https:\/\/www.shqiperia.com\/blog\/1938-prapaskenat-e-ndertimit-te-teatrit-kombetar-fundi-i-nje-epoke-historike\/","url_meta":{"origin":27429,"position":5},"title":"1938: Prapaskenat e nd\u00ebrtimit t\u00eb Teatrit Komb\u00ebtar, fundi i nj\u00eb epoke historike","author":"Kurt Farka","date":"May 25, 2020","format":false,"excerpt":"1938: Prapaskenat e nd\u00ebrtimit t\u00eb Teatrit Komb\u00ebtar, fundi i nj\u00eb epoke historike Nga\u00a0Erald Kapri Kompleksi i rrethit shqiptaro-italian Sk\u00ebnderbeg, m\u00eb pas i njohur si Teatri Komb\u00ebtar, \u00ebsht\u00eb i lidhur simbolikisht dhe thelb\u00ebsisht me historin\u00eb e shtetforimit t\u00eb shqiptar\u00ebve. Nd\u00ebrtimi i k\u00ebtij kompleksi futurist sh\u00ebnoi institucionalizimin e kultur\u00ebs n\u00eb Shqip\u00ebri. Me\u2026","rel":"","context":"In &quot;Histori&quot;","block_context":{"text":"Histori","link":"https:\/\/www.shqiperia.com\/blog\/category\/histori\/"},"img":{"alt_text":"","src":"https:\/\/i0.wp.com\/www.shqiperia.com\/blog\/wp-content\/uploads\/2020\/05\/Projekti-i-Teatrit-1938.jpg?fit=879%2C488&ssl=1&resize=350%2C200","width":350,"height":200,"srcset":"https:\/\/i0.wp.com\/www.shqiperia.com\/blog\/wp-content\/uploads\/2020\/05\/Projekti-i-Teatrit-1938.jpg?fit=879%2C488&ssl=1&resize=350%2C200 1x, https:\/\/i0.wp.com\/www.shqiperia.com\/blog\/wp-content\/uploads\/2020\/05\/Projekti-i-Teatrit-1938.jpg?fit=879%2C488&ssl=1&resize=525%2C300 1.5x, https:\/\/i0.wp.com\/www.shqiperia.com\/blog\/wp-content\/uploads\/2020\/05\/Projekti-i-Teatrit-1938.jpg?fit=879%2C488&ssl=1&resize=700%2C400 2x"},"classes":[]}],"_links":{"self":[{"href":"https:\/\/www.shqiperia.com\/blog\/wp-json\/wp\/v2\/posts\/27429","targetHints":{"allow":["GET"]}}],"collection":[{"href":"https:\/\/www.shqiperia.com\/blog\/wp-json\/wp\/v2\/posts"}],"about":[{"href":"https:\/\/www.shqiperia.com\/blog\/wp-json\/wp\/v2\/types\/post"}],"author":[{"embeddable":true,"href":"https:\/\/www.shqiperia.com\/blog\/wp-json\/wp\/v2\/users\/9"}],"replies":[{"embeddable":true,"href":"https:\/\/www.shqiperia.com\/blog\/wp-json\/wp\/v2\/comments?post=27429"}],"version-history":[{"count":1,"href":"https:\/\/www.shqiperia.com\/blog\/wp-json\/wp\/v2\/posts\/27429\/revisions"}],"predecessor-version":[{"id":27432,"href":"https:\/\/www.shqiperia.com\/blog\/wp-json\/wp\/v2\/posts\/27429\/revisions\/27432"}],"wp:featuredmedia":[{"embeddable":true,"href":"https:\/\/www.shqiperia.com\/blog\/wp-json\/wp\/v2\/media\/27430"}],"wp:attachment":[{"href":"https:\/\/www.shqiperia.com\/blog\/wp-json\/wp\/v2\/media?parent=27429"}],"wp:term":[{"taxonomy":"category","embeddable":true,"href":"https:\/\/www.shqiperia.com\/blog\/wp-json\/wp\/v2\/categories?post=27429"},{"taxonomy":"post_tag","embeddable":true,"href":"https:\/\/www.shqiperia.com\/blog\/wp-json\/wp\/v2\/tags?post=27429"}],"curies":[{"name":"wp","href":"https:\/\/api.w.org\/{rel}","templated":true}]}}